{"id":4150,"date":"2013-06-28T00:00:00","date_gmt":"2013-06-27T22:00:00","guid":{"rendered":"https:\/\/lightweb.dev\/l\/svm-temp\/hans-g-svensk-midsommarafton-ingenting-for-veklingar\/"},"modified":"2013-06-28T00:00:00","modified_gmt":"2013-06-27T22:00:00","slug":"hans-g-svensk-midsommarafton-ingenting-for-veklingar","status":"publish","type":"post","link":"https:\/\/lightweb.dev\/l\/svm-temp\/artiklar\/hans-g-svensk-midsommarafton-ingenting-for-veklingar\/","title":{"rendered":"Hans G: Svensk midsommarafton ingenting f\u00f6r veklingar"},"content":{"rendered":"<p> Och s\u00e5 har det varit midsommar igen i Landet Lagom. Vilka minnen det v\u00e4cker, i varje fall av det lilla man kommer ih\u00e5g. Av Hans G<\/p>\n<p>D\u00e5 menar jag inte de koreograferade tillst\u00e4llningar som brukar avh\u00e5llas p\u00e5 diverse jippo-platser som Leksand och R\u00e4ttvik. Nej, jag menar rej\u00e4la, riktiga midsomrar d\u00e4r sommarg\u00e4sterna g\u00e5r man ur huse, l\u00e5nar fotbollsklubbens plan och ers\u00e4tter dem med lotterist\u00e5nd och chokladhjul. P\u00e5 k\u00f6pet f\u00e5r man tillg\u00e5ng till omr\u00e5dets egna spelmanslag, tre, fyra gubbar p\u00e5 fiol och en k\u00e4ring p\u00e5 nyckelharpa.<\/p>\n<p>Alla traditionellt kl\u00e4dda med kn\u00e4tofsar och hela programmet.<\/p>\n<p>Firandet b\u00f6rjar egentligen redan dagen innan d\u00e5 man tar ledigt fr\u00e5n jobbet och kvistar och barkar en rej\u00e4l fura som man k\u00f6pt dyrt av traktens bonde. Till detta arbete g\u00e5r det \u00e5t en back pilsner och en sjuttiofemma O.P.<\/p>\n<p>Sedan \u00e4r det dags. Spelmanslaget drar ig\u00e5ng den d\u00e4r gamla, tyska folkvisan som \u00e4r till f\u00f6r att j\u00e4vlas med fransm\u00e4nnen. Inte en g\u00e5ng utan m\u00e5nga.<\/p>\n<p>S\u00e5 d\u00e4r hoppar man omkring i gummist\u00f6vlar i \u00f6sregnet och l\u00e5tsas att man \u00e4r sm\u00e5 grodorna som \u00e4r lustiga att se. Och lustig att se \u00e4r man ju d\u00e4r man kanar runt med ungarna p\u00e5 axlarna s\u00e5 att dom inte skall ramla och f\u00f6rsvinna f\u00f6r evigt i gyttjan.<\/p>\n<p>Och handikappsv\u00e4nligt \u00e4r det inte heller. Han med rullstolen st\u00e5r bara d\u00e4r och slirar med hjulen som en gammal Novolett med s\u00e5pad drivrem.<\/p>\n<p>De tre afrikanska utbytesstudenterna, det skall alltid finnas minst tre afrikanska utbytesstudenter p\u00e5 en riktig midsommarfest, dom st\u00e5r d\u00e4r med \u00f6ppen mun och bara stirrar. Kallt \u00e4r det, gyttjigt \u00e4r det och regnar g\u00f6r det men inte fan ger man upp inte.<\/p>\n<p>Visserligen \u00e4r dom vana vid sitt hemlands regn-och krigsdanser men det h\u00e4r \u00e4r en annan dimension. Det h\u00e4r \u00e4r sj\u00e4lvpl\u00e5geri p\u00e5 h\u00f6g niv\u00e5.<br \/>\nOch inte \u00e4r det slut inte.<br \/>\nNej, nu bryter det totala vansinnet ut.<\/p>\n<p>N\u00e4r k\u00e4ringen med nyckelharpan packar ihop, tar lektanten \u00f6ver. Det \u00e4r hon i folkdr\u00e4kt som har s\u00e5 bra hand med barnen. S\u00e5 nu skall h\u00e4r hoppas s\u00e4ck, springas potatis i sked och dansas limbo. Inte f\u00f6rr\u00e4n barnen \u00e4r bl\u00e5frusna och skitiga fr\u00e5n topp till t\u00e5 b\u00f6rjar morsorna ge upp med urs\u00e4kten att dom m\u00e5ste hem och f\u00f6rbereda maten.<\/p>\n<p>S\u00e5 n\u00e4r solen inte g\u00e5r ner bakom Sj\u00f6bloms dass \u00e4r det dags f\u00f6r fas tv\u00e5.<br \/>\nH\u00e5ll armen i vinkel, h\u00e4r vankas det finkel.<br \/>\nDet \u00e4r nu och ett antal timmar fram\u00e5t som svenskheten skall bevisas.<\/p>\n<p>SOS och sju sorters br\u00e4nnvin och fan ta den som biter av. F\u00f6r s\u00e4kerhets skull har far i huset gr\u00e4vt ner en tio-liters dunk med hemk\u00f6rt i potatislandet. H\u00e4r tas inga risker, det \u00e4r fredag och Systemet \u00e4r st\u00e4ngt b\u00e5de l\u00f6rdag och s\u00f6ndag.<br \/>\nN\u00e4r solen dyker upp bakom talltopparna igen efter en halvtimmas paus \u00e4r det ursupet och \u00f6de. Det \u00e4r bara far i huset som inte ger sig utan st\u00e5r och gr\u00e4ver i fel potatisland efter dunken.<br \/>\nDet \u00e4r nu Sveriges beredskap inte \u00e4r god. Den lede fi skulle kunna marschera in och ta \u00f6ver rubbet utan att beh\u00f6va \u00f6dsla ett skott. Svensken \u00e4r utslagen, d\u00e4ckad.<\/p>\n<p>Midsommarafton \u00e4r festernas fest med sin blandning av barnslighet, fylleri, upplopp p\u00e5 allm\u00e4n plats och k\u00e4rlek i buskar och sn\u00e5r. Men det \u00e4r som det skall vara och vikingablodet svallar. Och \u00f6ver alltihopa vajar den gula och den bl\u00e5.<\/p>\n<p>Har ni f\u00f6rresten t\u00e4nkt p\u00e5 hur lyckliga vi svenskar kan vara som har en s\u00e5 fantastisk flagga. Inte nog med att den \u00e4r n\u00e4st \u00e4ldst i v\u00e4rlden, bara Danmarks \u00e4r \u00e4ldre, den \u00e4r dessutom vackrast. Man kunde ju ha varit kroat och d\u00e5 hade man haft en flagga som ser ut som en av de d\u00e4r r\u00f6drutiga dukarna man hittar p\u00e5 en italiensk sylta. Eller fr\u00e5n Mosambique som f\u00f6r att skr\u00e4mma sina grannar har puttat dit en Kalashnikov i sin.<\/p>\n<p>Inte vet jag. En sak vet jag dock med best\u00e4mdhet. En svensk midsommarafton \u00e4r ingenting f\u00f6r veklingar.<\/p>\n<p>Eftersom det \u00e4r sommarlov struntar jag i b\u00e5de IMF och V\u00e4rldsbanken.<\/p>\n<p>Saludos amigas\/amigos.<br \/>\nM\u00e5 v\u00e4l och ta hand om er.<\/p>\n","protected":false},"excerpt":{"rendered":"<p>Och s\u00e5 har det varit midsommar igen i Landet Lagom. Vilka minnen det v\u00e4cker, i varje fall av det lilla man kommer ih\u00e5g. Av Hans G D\u00e5 menar jag inte de koreograferade tillst\u00e4llningar som brukar avh\u00e5llas p\u00e5 diverse jippo-platser som Leksand och R\u00e4ttvik. Nej, jag menar rej\u00e4la, riktiga midsomrar d\u00e4r sommarg\u00e4sterna g\u00e5r man ur huse, [&hellip;]<\/p>\n","protected":false},"author":8,"featured_media":4151,"comment_status":"open","ping_status":"open","sticky":false,"template":"","format":"standard","meta":{"_et_pb_use_builder":"","_et_pb_old_content":"","_et_gb_content_width":"","footnotes":""},"categories":[396,4],"tags":[],"class_list":["post-4150","post","type-post","status-publish","format-standard","has-post-thumbnail","hentry","category-arkiv-artiklar","category-artiklar"],"yoast_head":"<!-- This site is optimized with the Yoast SEO Premium plugin v26.2 (Yoast SEO v27.5) - https:\/\/yoast.com\/product\/yoast-seo-premium-wordpress\/ -->\n<title>Hans G: Svensk midsommarafton ingenting f\u00f6r veklingar - Svenska Magasinet<\/title>\n<meta name=\"robots\" content=\"noindex, follow, max-snippet:-1, max-image-preview:large, max-video-preview:-1\" \/>\n<meta property=\"og:locale\" content=\"sv_SE\" \/>\n<meta property=\"og:type\" content=\"article\" \/>\n<meta property=\"og:title\" content=\"Hans G: Svensk midsommarafton ingenting f\u00f6r veklingar\" \/>\n<meta property=\"og:description\" content=\"Och s\u00e5 har det varit midsommar igen i Landet Lagom. Vilka minnen det v\u00e4cker, i varje fall av det lilla man kommer ih\u00e5g. Av Hans G D\u00e5 menar jag inte de koreograferade tillst\u00e4llningar som brukar avh\u00e5llas p\u00e5 diverse jippo-platser som Leksand och R\u00e4ttvik. Nej, jag menar rej\u00e4la, riktiga midsomrar d\u00e4r sommarg\u00e4sterna g\u00e5r man ur huse, [&hellip;]\" \/>\n<meta property=\"og:url\" content=\"https:\/\/lightweb.dev\/l\/svm-temp\/artiklar\/hans-g-svensk-midsommarafton-ingenting-for-veklingar\/\" \/>\n<meta property=\"og:site_name\" content=\"Svenska Magasinet\" \/>\n<meta property=\"article:publisher\" content=\"https:\/\/www.facebook.com\/svenskamagasinet\" \/>\n<meta property=\"article:published_time\" content=\"2013-06-27T22:00:00+00:00\" \/>\n<meta property=\"og:image\" content=\"https:\/\/lightweb.dev\/l\/svm-temp\/wp-content\/uploads\/2022\/04\/hans-g-svensk-midsommarafton-ingenting-fr-veklingar.png\" \/>\n\t<meta property=\"og:image:width\" content=\"280\" \/>\n\t<meta property=\"og:image:height\" content=\"291\" \/>\n\t<meta property=\"og:image:type\" content=\"image\/png\" \/>\n<meta name=\"author\" content=\"Redaktionen SvM\" \/>\n<meta name=\"twitter:card\" content=\"summary_large_image\" \/>\n<meta name=\"twitter:creator\" content=\"@SvenskaMagasine\" \/>\n<meta name=\"twitter:site\" content=\"@SvenskaMagasine\" \/>\n<script type=\"application\/ld+json\" class=\"yoast-schema-graph\">{\"@context\":\"https:\\\/\\\/schema.org\",\"@graph\":[{\"@type\":\"Article\",\"@id\":\"https:\\\/\\\/lightweb.dev\\\/l\\\/svm-temp\\\/artiklar\\\/hans-g-svensk-midsommarafton-ingenting-for-veklingar\\\/#article\",\"isPartOf\":{\"@id\":\"https:\\\/\\\/lightweb.dev\\\/l\\\/svm-temp\\\/artiklar\\\/hans-g-svensk-midsommarafton-ingenting-for-veklingar\\\/\"},\"author\":{\"name\":\"Redaktionen SvM\",\"@id\":\"https:\\\/\\\/lightweb.dev\\\/l\\\/svm-temp\\\/#\\\/schema\\\/person\\\/206a3bda5b607b0c25e1749191e4d837\"},\"headline\":\"Hans G: Svensk midsommarafton ingenting f\u00f6r veklingar\",\"datePublished\":\"2013-06-27T22:00:00+00:00\",\"mainEntityOfPage\":{\"@id\":\"https:\\\/\\\/lightweb.dev\\\/l\\\/svm-temp\\\/artiklar\\\/hans-g-svensk-midsommarafton-ingenting-for-veklingar\\\/\"},\"wordCount\":772,\"commentCount\":0,\"publisher\":{\"@id\":\"https:\\\/\\\/lightweb.dev\\\/l\\\/svm-temp\\\/#organization\"},\"image\":{\"@id\":\"https:\\\/\\\/lightweb.dev\\\/l\\\/svm-temp\\\/artiklar\\\/hans-g-svensk-midsommarafton-ingenting-for-veklingar\\\/#primaryimage\"},\"thumbnailUrl\":\"https:\\\/\\\/lightweb.dev\\\/l\\\/svm-temp\\\/wp-content\\\/uploads\\\/2022\\\/04\\\/hans-g-svensk-midsommarafton-ingenting-fr-veklingar.png\",\"articleSection\":[\"Arkiv\",\"Artiklar\"],\"inLanguage\":\"sv-SE\"},{\"@type\":\"WebPage\",\"@id\":\"https:\\\/\\\/lightweb.dev\\\/l\\\/svm-temp\\\/artiklar\\\/hans-g-svensk-midsommarafton-ingenting-for-veklingar\\\/\",\"url\":\"https:\\\/\\\/lightweb.dev\\\/l\\\/svm-temp\\\/artiklar\\\/hans-g-svensk-midsommarafton-ingenting-for-veklingar\\\/\",\"name\":\"Hans G: Svensk midsommarafton ingenting f\u00f6r veklingar - Svenska Magasinet\",\"isPartOf\":{\"@id\":\"https:\\\/\\\/lightweb.dev\\\/l\\\/svm-temp\\\/#website\"},\"primaryImageOfPage\":{\"@id\":\"https:\\\/\\\/lightweb.dev\\\/l\\\/svm-temp\\\/artiklar\\\/hans-g-svensk-midsommarafton-ingenting-for-veklingar\\\/#primaryimage\"},\"image\":{\"@id\":\"https:\\\/\\\/lightweb.dev\\\/l\\\/svm-temp\\\/artiklar\\\/hans-g-svensk-midsommarafton-ingenting-for-veklingar\\\/#primaryimage\"},\"thumbnailUrl\":\"https:\\\/\\\/lightweb.dev\\\/l\\\/svm-temp\\\/wp-content\\\/uploads\\\/2022\\\/04\\\/hans-g-svensk-midsommarafton-ingenting-fr-veklingar.png\",\"datePublished\":\"2013-06-27T22:00:00+00:00\",\"breadcrumb\":{\"@id\":\"https:\\\/\\\/lightweb.dev\\\/l\\\/svm-temp\\\/artiklar\\\/hans-g-svensk-midsommarafton-ingenting-for-veklingar\\\/#breadcrumb\"},\"inLanguage\":\"sv-SE\",\"potentialAction\":[{\"@type\":\"ReadAction\",\"target\":[\"https:\\\/\\\/lightweb.dev\\\/l\\\/svm-temp\\\/artiklar\\\/hans-g-svensk-midsommarafton-ingenting-for-veklingar\\\/\"]}]},{\"@type\":\"ImageObject\",\"inLanguage\":\"sv-SE\",\"@id\":\"https:\\\/\\\/lightweb.dev\\\/l\\\/svm-temp\\\/artiklar\\\/hans-g-svensk-midsommarafton-ingenting-for-veklingar\\\/#primaryimage\",\"url\":\"https:\\\/\\\/lightweb.dev\\\/l\\\/svm-temp\\\/wp-content\\\/uploads\\\/2022\\\/04\\\/hans-g-svensk-midsommarafton-ingenting-fr-veklingar.png\",\"contentUrl\":\"https:\\\/\\\/lightweb.dev\\\/l\\\/svm-temp\\\/wp-content\\\/uploads\\\/2022\\\/04\\\/hans-g-svensk-midsommarafton-ingenting-fr-veklingar.png\",\"width\":280,\"height\":291},{\"@type\":\"BreadcrumbList\",\"@id\":\"https:\\\/\\\/lightweb.dev\\\/l\\\/svm-temp\\\/artiklar\\\/hans-g-svensk-midsommarafton-ingenting-for-veklingar\\\/#breadcrumb\",\"itemListElement\":[{\"@type\":\"ListItem\",\"position\":1,\"name\":\"Hem\",\"item\":\"https:\\\/\\\/lightweb.dev\\\/l\\\/svm-temp\\\/\"},{\"@type\":\"ListItem\",\"position\":2,\"name\":\"Hans G: Svensk midsommarafton ingenting f\u00f6r veklingar\"}]},{\"@type\":\"WebSite\",\"@id\":\"https:\\\/\\\/lightweb.dev\\\/l\\\/svm-temp\\\/#website\",\"url\":\"https:\\\/\\\/lightweb.dev\\\/l\\\/svm-temp\\\/\",\"name\":\"Svenska Magasinet\",\"description\":\"Dina Spanska nyheter p&aring; Svenska\",\"publisher\":{\"@id\":\"https:\\\/\\\/lightweb.dev\\\/l\\\/svm-temp\\\/#organization\"},\"potentialAction\":[{\"@type\":\"SearchAction\",\"target\":{\"@type\":\"EntryPoint\",\"urlTemplate\":\"https:\\\/\\\/lightweb.dev\\\/l\\\/svm-temp\\\/?s={search_term_string}\"},\"query-input\":{\"@type\":\"PropertyValueSpecification\",\"valueRequired\":true,\"valueName\":\"search_term_string\"}}],\"inLanguage\":\"sv-SE\"},{\"@type\":\"Organization\",\"@id\":\"https:\\\/\\\/lightweb.dev\\\/l\\\/svm-temp\\\/#organization\",\"name\":\"Melkerson y Nott SL\",\"alternateName\":\"Svenska Magasinet\",\"url\":\"https:\\\/\\\/lightweb.dev\\\/l\\\/svm-temp\\\/\",\"logo\":{\"@type\":\"ImageObject\",\"inLanguage\":\"sv-SE\",\"@id\":\"https:\\\/\\\/lightweb.dev\\\/l\\\/svm-temp\\\/#\\\/schema\\\/logo\\\/image\\\/\",\"url\":\"https:\\\/\\\/lightweb.dev\\\/l\\\/svm-temp\\\/wp-content\\\/uploads\\\/2025\\\/02\\\/SvM-logo-Xtra-Centrerad-SVART.png\",\"contentUrl\":\"https:\\\/\\\/lightweb.dev\\\/l\\\/svm-temp\\\/wp-content\\\/uploads\\\/2025\\\/02\\\/SvM-logo-Xtra-Centrerad-SVART.png\",\"width\":300,\"height\":99,\"caption\":\"Melkerson y Nott SL\"},\"image\":{\"@id\":\"https:\\\/\\\/lightweb.dev\\\/l\\\/svm-temp\\\/#\\\/schema\\\/logo\\\/image\\\/\"},\"sameAs\":[\"https:\\\/\\\/www.facebook.com\\\/svenskamagasinet\",\"https:\\\/\\\/x.com\\\/SvenskaMagasine\"]},{\"@type\":\"Person\",\"@id\":\"https:\\\/\\\/lightweb.dev\\\/l\\\/svm-temp\\\/#\\\/schema\\\/person\\\/206a3bda5b607b0c25e1749191e4d837\",\"name\":\"Redaktionen SvM\",\"description\":\"Redaktionen\",\"sameAs\":[\"https:\\\/\\\/lightweb.dev\\\/l\\\/svm-temp\"],\"url\":\"https:\\\/\\\/lightweb.dev\\\/l\\\/svm-temp\\\/reporter\\\/redaktionen\\\/\"}]}<\/script>\n<!-- \/ Yoast SEO Premium plugin. -->","yoast_head_json":{"title":"Hans G: Svensk midsommarafton ingenting f\u00f6r veklingar - Svenska Magasinet","robots":{"index":"noindex","follow":"follow","max-snippet":"max-snippet:-1","max-image-preview":"max-image-preview:large","max-video-preview":"max-video-preview:-1"},"og_locale":"sv_SE","og_type":"article","og_title":"Hans G: Svensk midsommarafton ingenting f\u00f6r veklingar","og_description":"Och s\u00e5 har det varit midsommar igen i Landet Lagom. Vilka minnen det v\u00e4cker, i varje fall av det lilla man kommer ih\u00e5g. Av Hans G D\u00e5 menar jag inte de koreograferade tillst\u00e4llningar som brukar avh\u00e5llas p\u00e5 diverse jippo-platser som Leksand och R\u00e4ttvik. Nej, jag menar rej\u00e4la, riktiga midsomrar d\u00e4r sommarg\u00e4sterna g\u00e5r man ur huse, [&hellip;]","og_url":"https:\/\/lightweb.dev\/l\/svm-temp\/artiklar\/hans-g-svensk-midsommarafton-ingenting-for-veklingar\/","og_site_name":"Svenska Magasinet","article_publisher":"https:\/\/www.facebook.com\/svenskamagasinet","article_published_time":"2013-06-27T22:00:00+00:00","og_image":[{"width":280,"height":291,"url":"https:\/\/lightweb.dev\/l\/svm-temp\/wp-content\/uploads\/2022\/04\/hans-g-svensk-midsommarafton-ingenting-fr-veklingar.png","type":"image\/png"}],"author":"Redaktionen SvM","twitter_card":"summary_large_image","twitter_creator":"@SvenskaMagasine","twitter_site":"@SvenskaMagasine","schema":{"@context":"https:\/\/schema.org","@graph":[{"@type":"Article","@id":"https:\/\/lightweb.dev\/l\/svm-temp\/artiklar\/hans-g-svensk-midsommarafton-ingenting-for-veklingar\/#article","isPartOf":{"@id":"https:\/\/lightweb.dev\/l\/svm-temp\/artiklar\/hans-g-svensk-midsommarafton-ingenting-for-veklingar\/"},"author":{"name":"Redaktionen SvM","@id":"https:\/\/lightweb.dev\/l\/svm-temp\/#\/schema\/person\/206a3bda5b607b0c25e1749191e4d837"},"headline":"Hans G: Svensk midsommarafton ingenting f\u00f6r veklingar","datePublished":"2013-06-27T22:00:00+00:00","mainEntityOfPage":{"@id":"https:\/\/lightweb.dev\/l\/svm-temp\/artiklar\/hans-g-svensk-midsommarafton-ingenting-for-veklingar\/"},"wordCount":772,"commentCount":0,"publisher":{"@id":"https:\/\/lightweb.dev\/l\/svm-temp\/#organization"},"image":{"@id":"https:\/\/lightweb.dev\/l\/svm-temp\/artiklar\/hans-g-svensk-midsommarafton-ingenting-for-veklingar\/#primaryimage"},"thumbnailUrl":"https:\/\/lightweb.dev\/l\/svm-temp\/wp-content\/uploads\/2022\/04\/hans-g-svensk-midsommarafton-ingenting-fr-veklingar.png","articleSection":["Arkiv","Artiklar"],"inLanguage":"sv-SE"},{"@type":"WebPage","@id":"https:\/\/lightweb.dev\/l\/svm-temp\/artiklar\/hans-g-svensk-midsommarafton-ingenting-for-veklingar\/","url":"https:\/\/lightweb.dev\/l\/svm-temp\/artiklar\/hans-g-svensk-midsommarafton-ingenting-for-veklingar\/","name":"Hans G: Svensk midsommarafton ingenting f\u00f6r veklingar - Svenska Magasinet","isPartOf":{"@id":"https:\/\/lightweb.dev\/l\/svm-temp\/#website"},"primaryImageOfPage":{"@id":"https:\/\/lightweb.dev\/l\/svm-temp\/artiklar\/hans-g-svensk-midsommarafton-ingenting-for-veklingar\/#primaryimage"},"image":{"@id":"https:\/\/lightweb.dev\/l\/svm-temp\/artiklar\/hans-g-svensk-midsommarafton-ingenting-for-veklingar\/#primaryimage"},"thumbnailUrl":"https:\/\/lightweb.dev\/l\/svm-temp\/wp-content\/uploads\/2022\/04\/hans-g-svensk-midsommarafton-ingenting-fr-veklingar.png","datePublished":"2013-06-27T22:00:00+00:00","breadcrumb":{"@id":"https:\/\/lightweb.dev\/l\/svm-temp\/artiklar\/hans-g-svensk-midsommarafton-ingenting-for-veklingar\/#breadcrumb"},"inLanguage":"sv-SE","potentialAction":[{"@type":"ReadAction","target":["https:\/\/lightweb.dev\/l\/svm-temp\/artiklar\/hans-g-svensk-midsommarafton-ingenting-for-veklingar\/"]}]},{"@type":"ImageObject","inLanguage":"sv-SE","@id":"https:\/\/lightweb.dev\/l\/svm-temp\/artiklar\/hans-g-svensk-midsommarafton-ingenting-for-veklingar\/#primaryimage","url":"https:\/\/lightweb.dev\/l\/svm-temp\/wp-content\/uploads\/2022\/04\/hans-g-svensk-midsommarafton-ingenting-fr-veklingar.png","contentUrl":"https:\/\/lightweb.dev\/l\/svm-temp\/wp-content\/uploads\/2022\/04\/hans-g-svensk-midsommarafton-ingenting-fr-veklingar.png","width":280,"height":291},{"@type":"BreadcrumbList","@id":"https:\/\/lightweb.dev\/l\/svm-temp\/artiklar\/hans-g-svensk-midsommarafton-ingenting-for-veklingar\/#breadcrumb","itemListElement":[{"@type":"ListItem","position":1,"name":"Hem","item":"https:\/\/lightweb.dev\/l\/svm-temp\/"},{"@type":"ListItem","position":2,"name":"Hans G: Svensk midsommarafton ingenting f\u00f6r veklingar"}]},{"@type":"WebSite","@id":"https:\/\/lightweb.dev\/l\/svm-temp\/#website","url":"https:\/\/lightweb.dev\/l\/svm-temp\/","name":"Svenska Magasinet","description":"Dina Spanska nyheter p&aring; Svenska","publisher":{"@id":"https:\/\/lightweb.dev\/l\/svm-temp\/#organization"},"potentialAction":[{"@type":"SearchAction","target":{"@type":"EntryPoint","urlTemplate":"https:\/\/lightweb.dev\/l\/svm-temp\/?s={search_term_string}"},"query-input":{"@type":"PropertyValueSpecification","valueRequired":true,"valueName":"search_term_string"}}],"inLanguage":"sv-SE"},{"@type":"Organization","@id":"https:\/\/lightweb.dev\/l\/svm-temp\/#organization","name":"Melkerson y Nott SL","alternateName":"Svenska Magasinet","url":"https:\/\/lightweb.dev\/l\/svm-temp\/","logo":{"@type":"ImageObject","inLanguage":"sv-SE","@id":"https:\/\/lightweb.dev\/l\/svm-temp\/#\/schema\/logo\/image\/","url":"https:\/\/lightweb.dev\/l\/svm-temp\/wp-content\/uploads\/2025\/02\/SvM-logo-Xtra-Centrerad-SVART.png","contentUrl":"https:\/\/lightweb.dev\/l\/svm-temp\/wp-content\/uploads\/2025\/02\/SvM-logo-Xtra-Centrerad-SVART.png","width":300,"height":99,"caption":"Melkerson y Nott SL"},"image":{"@id":"https:\/\/lightweb.dev\/l\/svm-temp\/#\/schema\/logo\/image\/"},"sameAs":["https:\/\/www.facebook.com\/svenskamagasinet","https:\/\/x.com\/SvenskaMagasine"]},{"@type":"Person","@id":"https:\/\/lightweb.dev\/l\/svm-temp\/#\/schema\/person\/206a3bda5b607b0c25e1749191e4d837","name":"Redaktionen SvM","description":"Redaktionen","sameAs":["https:\/\/lightweb.dev\/l\/svm-temp"],"url":"https:\/\/lightweb.dev\/l\/svm-temp\/reporter\/redaktionen\/"}]}},"_links":{"self":[{"href":"https:\/\/lightweb.dev\/l\/svm-temp\/wp-json\/wp\/v2\/posts\/4150","targetHints":{"allow":["GET"]}}],"collection":[{"href":"https:\/\/lightweb.dev\/l\/svm-temp\/wp-json\/wp\/v2\/posts"}],"about":[{"href":"https:\/\/lightweb.dev\/l\/svm-temp\/wp-json\/wp\/v2\/types\/post"}],"author":[{"embeddable":true,"href":"https:\/\/lightweb.dev\/l\/svm-temp\/wp-json\/wp\/v2\/users\/8"}],"replies":[{"embeddable":true,"href":"https:\/\/lightweb.dev\/l\/svm-temp\/wp-json\/wp\/v2\/comments?post=4150"}],"version-history":[{"count":0,"href":"https:\/\/lightweb.dev\/l\/svm-temp\/wp-json\/wp\/v2\/posts\/4150\/revisions"}],"wp:featuredmedia":[{"embeddable":true,"href":"https:\/\/lightweb.dev\/l\/svm-temp\/wp-json\/wp\/v2\/media\/4151"}],"wp:attachment":[{"href":"https:\/\/lightweb.dev\/l\/svm-temp\/wp-json\/wp\/v2\/media?parent=4150"}],"wp:term":[{"taxonomy":"category","embeddable":true,"href":"https:\/\/lightweb.dev\/l\/svm-temp\/wp-json\/wp\/v2\/categories?post=4150"},{"taxonomy":"post_tag","embeddable":true,"href":"https:\/\/lightweb.dev\/l\/svm-temp\/wp-json\/wp\/v2\/tags?post=4150"}],"curies":[{"name":"wp","href":"https:\/\/api.w.org\/{rel}","templated":true}]}}