{"id":4154,"date":"2013-06-26T00:00:00","date_gmt":"2013-06-25T22:00:00","guid":{"rendered":"https:\/\/lightweb.dev\/l\/svm-temp\/costa-de-la-luz-dar-vindarna-far-fart\/"},"modified":"2013-06-26T00:00:00","modified_gmt":"2013-06-25T22:00:00","slug":"costa-de-la-luz-dar-vindarna-far-fart","status":"publish","type":"post","link":"https:\/\/lightweb.dev\/l\/svm-temp\/artiklar\/costa-de-la-luz-dar-vindarna-far-fart\/","title":{"rendered":"Costa de la Luz &#8211; d\u00e4r vindarna f\u00e5r fart"},"content":{"rendered":"<p> Vi hyrde bil en helg och k\u00f6rde l\u00e4ngre ned\u00e5t kusten. K\u00f6rde utan m\u00e5l, allt vi visste var att vi ville uppleva n\u00e5gonting nytt. N\u00e5gon ville \u00e4ta skaldjur, n\u00e5gon ville bada i Atlanten, n\u00e5gon ville l\u00e4ra sig surfa och alla var vi \u00f6verens om att vi ville g\u00f6ra n\u00e5gra stopp vid havet. Av Anton Andersson<\/p>\n<p>Fr\u00e5n Marbella k\u00f6rde vi v\u00e4g E-15 och N-340, f\u00f6rbi Gibraltarhalv\u00f6n och vidare tills vi n\u00e5dde Tarifa. Vi m\u00f6ttes av barer, surfshoppar och backpackers som gick omkring p\u00e5 gatorna i jakt p\u00e5 ett billigt boende. M\u00e5nga av surfshopparna erbj\u00f6d surflektioner b\u00e5de f\u00f6r nyb\u00f6rjare och \u00e4ven f\u00f6r mer rutinerade surfare. Vi valde bort surflektionerna och bes\u00f6kte ist\u00e4llet den sydligaste punkten f\u00f6r Europas fastland. D\u00e4rifr\u00e5n kunde man tydligt se \u00f6ver till Afrika. M\u00e4ngder med b\u00e5tar, i olika storlekar, pendlade fram och tillbaka \u00f6ver Gibraltarsundet.<\/p>\n<p>Vi l\u00e4mnade Costa del Sol och fortsatte l\u00e4ngs v\u00e4g N-340 \u00f6ver till Costa de la Luz, Ljuskusten. Vi hann inte vidare l\u00e5ngt innan vi var tvungna att stanna till igen. Denna g\u00e5ng f\u00f6r en promenad l\u00e4ngs en av str\u00e4nderna som ligger bara n\u00e5gra kilometer utanf\u00f6r Tarifa. Ingenting vi egentligen var tvungna till, men den vackra stranden och skymten av Afrika l\u00e4ngs promenaden gick inte att motst\u00e5.<\/p>\n<p>Vi fortsatte sedan l\u00e4ngs v\u00e4gen som tog oss l\u00e4ngre in\u00e5t landet igen.<\/p>\n<p>Vi sv\u00e4ngde av vid skylten mot Barbate och La Zarzuela, f\u00f6r att komma ned mot vattnet igen. P\u00e5 de \u00f6ppna f\u00e4lten, som bredde ut sig framf\u00f6r oss, stod m\u00e4ngder med vindkraftverk som gav en hint om att det f\u00f6rmodligen kunde bl\u00e5sa v\u00e4ldigt mycket p\u00e5 den h\u00e4r kusten. Just denna dag stod de stilla. Efter vi sv\u00e4ngt av och l\u00e4mnat de \u00f6ppna f\u00e4lten bakom oss, fortsatte v\u00e4gen nu l\u00e4ngs med vattnet genom mindre samh\u00e4llen i bohemisk stil. \u00c4ven i dessa samh\u00e4llen finns m\u00e4ngder med surfshoppar och erbjudanden om surflektioner, b\u00e5de vindsurfing och kitesurfing. <\/p>\n<p>L\u00e4ngs med v\u00e4gen ligger m\u00e5nga vackra str\u00e4nder, enkla att stanna till vid. Vi valde att k\u00f6ra igenom Barbate f\u00f6r att sedan stanna till vid stranden Playa de Los Canos de Meca.<br \/>\nL\u00e4ngs den breda stranden stod n\u00e5gra fiskare. L\u00e4ngre bort badade n\u00e5gra ungdomar i det l\u00e5nggrunda vattnet f\u00f6r att strax d\u00e4refter bes\u00f6ka n\u00e5gon av de hippie-inspirerade barerna, som ligger precis ovanf\u00f6r stranden. Stranden \u00e4r \u00e4ven denna perfekt f\u00f6r surfing, men idag till\u00e4t inte vinden. Ist\u00e4llet fick det bli ett dopp i Atlantens uppfriskande vatten, innan vi fortsatte till den lilla fiskebyn Conil de la Frontera d\u00e4r \u00f6nskan om skaldjur infriades p\u00e5 en restaurang vid havet.<\/p>\n<p>Vi hade n\u00e4stan lyckats att uppfylla allas \u00f6nskem\u00e5l innan dagen var slut, f\u00f6rutom \u00f6nskem\u00e5let om att l\u00e4ra sig surfa.<\/p>\n<p>Str\u00e4nderna \u00e4r relativt or\u00f6rda p\u00e5 Costa de la Luz j\u00e4mf\u00f6rt med grannkusten Costa del Sol och \u00e4r absolut v\u00e4rda ett bes\u00f6k. Enklast \u00e4r att n\u00e5 dessa str\u00e4nder med bil.<\/p>\n<p>Ska man \u00e5ka till Tarifa och str\u00e4nderna l\u00e4ngs Costa de la Luz b\u00f6r man kolla upp v\u00e4dret innan man ger sig av. N\u00e4r det bl\u00e5ser som mest \u00e4r str\u00e4nderna l\u00e4ngs kusten varken badv\u00e4nliga eller surfv\u00e4nliga f\u00f6r nyb\u00f6rjare.<\/p>\n","protected":false},"excerpt":{"rendered":"<p>Vi hyrde bil en helg och k\u00f6rde l\u00e4ngre ned\u00e5t kusten. K\u00f6rde utan m\u00e5l, allt vi visste var att vi ville uppleva n\u00e5gonting nytt. N\u00e5gon ville \u00e4ta skaldjur, n\u00e5gon ville bada i Atlanten, n\u00e5gon ville l\u00e4ra sig surfa och alla var vi \u00f6verens om att vi ville g\u00f6ra n\u00e5gra stopp vid havet. Av Anton Andersson Fr\u00e5n [&hellip;]<\/p>\n","protected":false},"author":8,"featured_media":4155,"comment_status":"open","ping_status":"open","sticky":false,"template":"","format":"standard","meta":{"_et_pb_use_builder":"","_et_pb_old_content":"","_et_gb_content_width":"","footnotes":""},"categories":[396,4],"tags":[],"class_list":["post-4154","post","type-post","status-publish","format-standard","has-post-thumbnail","hentry","category-arkiv-artiklar","category-artiklar"],"yoast_head":"<!-- This site is optimized with the Yoast SEO Premium plugin v26.2 (Yoast SEO v27.5) - https:\/\/yoast.com\/product\/yoast-seo-premium-wordpress\/ -->\n<title>Costa de la Luz - d\u00e4r vindarna f\u00e5r fart - Svenska Magasinet<\/title>\n<meta name=\"robots\" content=\"noindex, follow, max-snippet:-1, max-image-preview:large, max-video-preview:-1\" \/>\n<meta property=\"og:locale\" content=\"sv_SE\" \/>\n<meta property=\"og:type\" content=\"article\" \/>\n<meta property=\"og:title\" content=\"Costa de la Luz - d\u00e4r vindarna f\u00e5r fart\" \/>\n<meta property=\"og:description\" content=\"Vi hyrde bil en helg och k\u00f6rde l\u00e4ngre ned\u00e5t kusten. K\u00f6rde utan m\u00e5l, allt vi visste var att vi ville uppleva n\u00e5gonting nytt. N\u00e5gon ville \u00e4ta skaldjur, n\u00e5gon ville bada i Atlanten, n\u00e5gon ville l\u00e4ra sig surfa och alla var vi \u00f6verens om att vi ville g\u00f6ra n\u00e5gra stopp vid havet. Av Anton Andersson Fr\u00e5n [&hellip;]\" \/>\n<meta property=\"og:url\" content=\"https:\/\/lightweb.dev\/l\/svm-temp\/artiklar\/costa-de-la-luz-dar-vindarna-far-fart\/\" \/>\n<meta property=\"og:site_name\" content=\"Svenska Magasinet\" \/>\n<meta property=\"article:publisher\" content=\"https:\/\/www.facebook.com\/svenskamagasinet\" \/>\n<meta property=\"article:published_time\" content=\"2013-06-25T22:00:00+00:00\" \/>\n<meta property=\"og:image\" content=\"https:\/\/lightweb.dev\/l\/svm-temp\/wp-content\/uploads\/2022\/04\/costa-de-la-luz-dr-vindarna-fr-fart.png\" \/>\n\t<meta property=\"og:image:width\" content=\"299\" \/>\n\t<meta property=\"og:image:height\" content=\"200\" \/>\n\t<meta property=\"og:image:type\" content=\"image\/png\" \/>\n<meta name=\"author\" content=\"Redaktionen SvM\" \/>\n<meta name=\"twitter:card\" content=\"summary_large_image\" \/>\n<meta name=\"twitter:creator\" content=\"@SvenskaMagasine\" \/>\n<meta name=\"twitter:site\" content=\"@SvenskaMagasine\" \/>\n<script type=\"application\/ld+json\" class=\"yoast-schema-graph\">{\"@context\":\"https:\\\/\\\/schema.org\",\"@graph\":[{\"@type\":\"Article\",\"@id\":\"https:\\\/\\\/lightweb.dev\\\/l\\\/svm-temp\\\/artiklar\\\/costa-de-la-luz-dar-vindarna-far-fart\\\/#article\",\"isPartOf\":{\"@id\":\"https:\\\/\\\/lightweb.dev\\\/l\\\/svm-temp\\\/artiklar\\\/costa-de-la-luz-dar-vindarna-far-fart\\\/\"},\"author\":{\"name\":\"Redaktionen SvM\",\"@id\":\"https:\\\/\\\/lightweb.dev\\\/l\\\/svm-temp\\\/#\\\/schema\\\/person\\\/206a3bda5b607b0c25e1749191e4d837\"},\"headline\":\"Costa de la Luz &#8211; d\u00e4r vindarna f\u00e5r fart\",\"datePublished\":\"2013-06-25T22:00:00+00:00\",\"mainEntityOfPage\":{\"@id\":\"https:\\\/\\\/lightweb.dev\\\/l\\\/svm-temp\\\/artiklar\\\/costa-de-la-luz-dar-vindarna-far-fart\\\/\"},\"wordCount\":615,\"commentCount\":0,\"publisher\":{\"@id\":\"https:\\\/\\\/lightweb.dev\\\/l\\\/svm-temp\\\/#organization\"},\"image\":{\"@id\":\"https:\\\/\\\/lightweb.dev\\\/l\\\/svm-temp\\\/artiklar\\\/costa-de-la-luz-dar-vindarna-far-fart\\\/#primaryimage\"},\"thumbnailUrl\":\"https:\\\/\\\/lightweb.dev\\\/l\\\/svm-temp\\\/wp-content\\\/uploads\\\/2022\\\/04\\\/costa-de-la-luz-dr-vindarna-fr-fart.png\",\"articleSection\":[\"Arkiv\",\"Artiklar\"],\"inLanguage\":\"sv-SE\"},{\"@type\":\"WebPage\",\"@id\":\"https:\\\/\\\/lightweb.dev\\\/l\\\/svm-temp\\\/artiklar\\\/costa-de-la-luz-dar-vindarna-far-fart\\\/\",\"url\":\"https:\\\/\\\/lightweb.dev\\\/l\\\/svm-temp\\\/artiklar\\\/costa-de-la-luz-dar-vindarna-far-fart\\\/\",\"name\":\"Costa de la Luz - d\u00e4r vindarna f\u00e5r fart - Svenska Magasinet\",\"isPartOf\":{\"@id\":\"https:\\\/\\\/lightweb.dev\\\/l\\\/svm-temp\\\/#website\"},\"primaryImageOfPage\":{\"@id\":\"https:\\\/\\\/lightweb.dev\\\/l\\\/svm-temp\\\/artiklar\\\/costa-de-la-luz-dar-vindarna-far-fart\\\/#primaryimage\"},\"image\":{\"@id\":\"https:\\\/\\\/lightweb.dev\\\/l\\\/svm-temp\\\/artiklar\\\/costa-de-la-luz-dar-vindarna-far-fart\\\/#primaryimage\"},\"thumbnailUrl\":\"https:\\\/\\\/lightweb.dev\\\/l\\\/svm-temp\\\/wp-content\\\/uploads\\\/2022\\\/04\\\/costa-de-la-luz-dr-vindarna-fr-fart.png\",\"datePublished\":\"2013-06-25T22:00:00+00:00\",\"breadcrumb\":{\"@id\":\"https:\\\/\\\/lightweb.dev\\\/l\\\/svm-temp\\\/artiklar\\\/costa-de-la-luz-dar-vindarna-far-fart\\\/#breadcrumb\"},\"inLanguage\":\"sv-SE\",\"potentialAction\":[{\"@type\":\"ReadAction\",\"target\":[\"https:\\\/\\\/lightweb.dev\\\/l\\\/svm-temp\\\/artiklar\\\/costa-de-la-luz-dar-vindarna-far-fart\\\/\"]}]},{\"@type\":\"ImageObject\",\"inLanguage\":\"sv-SE\",\"@id\":\"https:\\\/\\\/lightweb.dev\\\/l\\\/svm-temp\\\/artiklar\\\/costa-de-la-luz-dar-vindarna-far-fart\\\/#primaryimage\",\"url\":\"https:\\\/\\\/lightweb.dev\\\/l\\\/svm-temp\\\/wp-content\\\/uploads\\\/2022\\\/04\\\/costa-de-la-luz-dr-vindarna-fr-fart.png\",\"contentUrl\":\"https:\\\/\\\/lightweb.dev\\\/l\\\/svm-temp\\\/wp-content\\\/uploads\\\/2022\\\/04\\\/costa-de-la-luz-dr-vindarna-fr-fart.png\",\"width\":299,\"height\":200},{\"@type\":\"BreadcrumbList\",\"@id\":\"https:\\\/\\\/lightweb.dev\\\/l\\\/svm-temp\\\/artiklar\\\/costa-de-la-luz-dar-vindarna-far-fart\\\/#breadcrumb\",\"itemListElement\":[{\"@type\":\"ListItem\",\"position\":1,\"name\":\"Hem\",\"item\":\"https:\\\/\\\/lightweb.dev\\\/l\\\/svm-temp\\\/\"},{\"@type\":\"ListItem\",\"position\":2,\"name\":\"Costa de la Luz &#8211; d\u00e4r vindarna f\u00e5r fart\"}]},{\"@type\":\"WebSite\",\"@id\":\"https:\\\/\\\/lightweb.dev\\\/l\\\/svm-temp\\\/#website\",\"url\":\"https:\\\/\\\/lightweb.dev\\\/l\\\/svm-temp\\\/\",\"name\":\"Svenska Magasinet\",\"description\":\"Dina Spanska nyheter p&aring; Svenska\",\"publisher\":{\"@id\":\"https:\\\/\\\/lightweb.dev\\\/l\\\/svm-temp\\\/#organization\"},\"potentialAction\":[{\"@type\":\"SearchAction\",\"target\":{\"@type\":\"EntryPoint\",\"urlTemplate\":\"https:\\\/\\\/lightweb.dev\\\/l\\\/svm-temp\\\/?s={search_term_string}\"},\"query-input\":{\"@type\":\"PropertyValueSpecification\",\"valueRequired\":true,\"valueName\":\"search_term_string\"}}],\"inLanguage\":\"sv-SE\"},{\"@type\":\"Organization\",\"@id\":\"https:\\\/\\\/lightweb.dev\\\/l\\\/svm-temp\\\/#organization\",\"name\":\"Melkerson y Nott SL\",\"alternateName\":\"Svenska Magasinet\",\"url\":\"https:\\\/\\\/lightweb.dev\\\/l\\\/svm-temp\\\/\",\"logo\":{\"@type\":\"ImageObject\",\"inLanguage\":\"sv-SE\",\"@id\":\"https:\\\/\\\/lightweb.dev\\\/l\\\/svm-temp\\\/#\\\/schema\\\/logo\\\/image\\\/\",\"url\":\"https:\\\/\\\/lightweb.dev\\\/l\\\/svm-temp\\\/wp-content\\\/uploads\\\/2025\\\/02\\\/SvM-logo-Xtra-Centrerad-SVART.png\",\"contentUrl\":\"https:\\\/\\\/lightweb.dev\\\/l\\\/svm-temp\\\/wp-content\\\/uploads\\\/2025\\\/02\\\/SvM-logo-Xtra-Centrerad-SVART.png\",\"width\":300,\"height\":99,\"caption\":\"Melkerson y Nott SL\"},\"image\":{\"@id\":\"https:\\\/\\\/lightweb.dev\\\/l\\\/svm-temp\\\/#\\\/schema\\\/logo\\\/image\\\/\"},\"sameAs\":[\"https:\\\/\\\/www.facebook.com\\\/svenskamagasinet\",\"https:\\\/\\\/x.com\\\/SvenskaMagasine\"]},{\"@type\":\"Person\",\"@id\":\"https:\\\/\\\/lightweb.dev\\\/l\\\/svm-temp\\\/#\\\/schema\\\/person\\\/206a3bda5b607b0c25e1749191e4d837\",\"name\":\"Redaktionen SvM\",\"description\":\"Redaktionen\",\"sameAs\":[\"https:\\\/\\\/lightweb.dev\\\/l\\\/svm-temp\"],\"url\":\"https:\\\/\\\/lightweb.dev\\\/l\\\/svm-temp\\\/reporter\\\/redaktionen\\\/\"}]}<\/script>\n<!-- \/ Yoast SEO Premium plugin. -->","yoast_head_json":{"title":"Costa de la Luz - d\u00e4r vindarna f\u00e5r fart - Svenska Magasinet","robots":{"index":"noindex","follow":"follow","max-snippet":"max-snippet:-1","max-image-preview":"max-image-preview:large","max-video-preview":"max-video-preview:-1"},"og_locale":"sv_SE","og_type":"article","og_title":"Costa de la Luz - d\u00e4r vindarna f\u00e5r fart","og_description":"Vi hyrde bil en helg och k\u00f6rde l\u00e4ngre ned\u00e5t kusten. K\u00f6rde utan m\u00e5l, allt vi visste var att vi ville uppleva n\u00e5gonting nytt. N\u00e5gon ville \u00e4ta skaldjur, n\u00e5gon ville bada i Atlanten, n\u00e5gon ville l\u00e4ra sig surfa och alla var vi \u00f6verens om att vi ville g\u00f6ra n\u00e5gra stopp vid havet. Av Anton Andersson Fr\u00e5n [&hellip;]","og_url":"https:\/\/lightweb.dev\/l\/svm-temp\/artiklar\/costa-de-la-luz-dar-vindarna-far-fart\/","og_site_name":"Svenska Magasinet","article_publisher":"https:\/\/www.facebook.com\/svenskamagasinet","article_published_time":"2013-06-25T22:00:00+00:00","og_image":[{"width":299,"height":200,"url":"https:\/\/lightweb.dev\/l\/svm-temp\/wp-content\/uploads\/2022\/04\/costa-de-la-luz-dr-vindarna-fr-fart.png","type":"image\/png"}],"author":"Redaktionen SvM","twitter_card":"summary_large_image","twitter_creator":"@SvenskaMagasine","twitter_site":"@SvenskaMagasine","schema":{"@context":"https:\/\/schema.org","@graph":[{"@type":"Article","@id":"https:\/\/lightweb.dev\/l\/svm-temp\/artiklar\/costa-de-la-luz-dar-vindarna-far-fart\/#article","isPartOf":{"@id":"https:\/\/lightweb.dev\/l\/svm-temp\/artiklar\/costa-de-la-luz-dar-vindarna-far-fart\/"},"author":{"name":"Redaktionen SvM","@id":"https:\/\/lightweb.dev\/l\/svm-temp\/#\/schema\/person\/206a3bda5b607b0c25e1749191e4d837"},"headline":"Costa de la Luz &#8211; d\u00e4r vindarna f\u00e5r fart","datePublished":"2013-06-25T22:00:00+00:00","mainEntityOfPage":{"@id":"https:\/\/lightweb.dev\/l\/svm-temp\/artiklar\/costa-de-la-luz-dar-vindarna-far-fart\/"},"wordCount":615,"commentCount":0,"publisher":{"@id":"https:\/\/lightweb.dev\/l\/svm-temp\/#organization"},"image":{"@id":"https:\/\/lightweb.dev\/l\/svm-temp\/artiklar\/costa-de-la-luz-dar-vindarna-far-fart\/#primaryimage"},"thumbnailUrl":"https:\/\/lightweb.dev\/l\/svm-temp\/wp-content\/uploads\/2022\/04\/costa-de-la-luz-dr-vindarna-fr-fart.png","articleSection":["Arkiv","Artiklar"],"inLanguage":"sv-SE"},{"@type":"WebPage","@id":"https:\/\/lightweb.dev\/l\/svm-temp\/artiklar\/costa-de-la-luz-dar-vindarna-far-fart\/","url":"https:\/\/lightweb.dev\/l\/svm-temp\/artiklar\/costa-de-la-luz-dar-vindarna-far-fart\/","name":"Costa de la Luz - d\u00e4r vindarna f\u00e5r fart - Svenska Magasinet","isPartOf":{"@id":"https:\/\/lightweb.dev\/l\/svm-temp\/#website"},"primaryImageOfPage":{"@id":"https:\/\/lightweb.dev\/l\/svm-temp\/artiklar\/costa-de-la-luz-dar-vindarna-far-fart\/#primaryimage"},"image":{"@id":"https:\/\/lightweb.dev\/l\/svm-temp\/artiklar\/costa-de-la-luz-dar-vindarna-far-fart\/#primaryimage"},"thumbnailUrl":"https:\/\/lightweb.dev\/l\/svm-temp\/wp-content\/uploads\/2022\/04\/costa-de-la-luz-dr-vindarna-fr-fart.png","datePublished":"2013-06-25T22:00:00+00:00","breadcrumb":{"@id":"https:\/\/lightweb.dev\/l\/svm-temp\/artiklar\/costa-de-la-luz-dar-vindarna-far-fart\/#breadcrumb"},"inLanguage":"sv-SE","potentialAction":[{"@type":"ReadAction","target":["https:\/\/lightweb.dev\/l\/svm-temp\/artiklar\/costa-de-la-luz-dar-vindarna-far-fart\/"]}]},{"@type":"ImageObject","inLanguage":"sv-SE","@id":"https:\/\/lightweb.dev\/l\/svm-temp\/artiklar\/costa-de-la-luz-dar-vindarna-far-fart\/#primaryimage","url":"https:\/\/lightweb.dev\/l\/svm-temp\/wp-content\/uploads\/2022\/04\/costa-de-la-luz-dr-vindarna-fr-fart.png","contentUrl":"https:\/\/lightweb.dev\/l\/svm-temp\/wp-content\/uploads\/2022\/04\/costa-de-la-luz-dr-vindarna-fr-fart.png","width":299,"height":200},{"@type":"BreadcrumbList","@id":"https:\/\/lightweb.dev\/l\/svm-temp\/artiklar\/costa-de-la-luz-dar-vindarna-far-fart\/#breadcrumb","itemListElement":[{"@type":"ListItem","position":1,"name":"Hem","item":"https:\/\/lightweb.dev\/l\/svm-temp\/"},{"@type":"ListItem","position":2,"name":"Costa de la Luz &#8211; d\u00e4r vindarna f\u00e5r fart"}]},{"@type":"WebSite","@id":"https:\/\/lightweb.dev\/l\/svm-temp\/#website","url":"https:\/\/lightweb.dev\/l\/svm-temp\/","name":"Svenska Magasinet","description":"Dina Spanska nyheter p&aring; Svenska","publisher":{"@id":"https:\/\/lightweb.dev\/l\/svm-temp\/#organization"},"potentialAction":[{"@type":"SearchAction","target":{"@type":"EntryPoint","urlTemplate":"https:\/\/lightweb.dev\/l\/svm-temp\/?s={search_term_string}"},"query-input":{"@type":"PropertyValueSpecification","valueRequired":true,"valueName":"search_term_string"}}],"inLanguage":"sv-SE"},{"@type":"Organization","@id":"https:\/\/lightweb.dev\/l\/svm-temp\/#organization","name":"Melkerson y Nott SL","alternateName":"Svenska Magasinet","url":"https:\/\/lightweb.dev\/l\/svm-temp\/","logo":{"@type":"ImageObject","inLanguage":"sv-SE","@id":"https:\/\/lightweb.dev\/l\/svm-temp\/#\/schema\/logo\/image\/","url":"https:\/\/lightweb.dev\/l\/svm-temp\/wp-content\/uploads\/2025\/02\/SvM-logo-Xtra-Centrerad-SVART.png","contentUrl":"https:\/\/lightweb.dev\/l\/svm-temp\/wp-content\/uploads\/2025\/02\/SvM-logo-Xtra-Centrerad-SVART.png","width":300,"height":99,"caption":"Melkerson y Nott SL"},"image":{"@id":"https:\/\/lightweb.dev\/l\/svm-temp\/#\/schema\/logo\/image\/"},"sameAs":["https:\/\/www.facebook.com\/svenskamagasinet","https:\/\/x.com\/SvenskaMagasine"]},{"@type":"Person","@id":"https:\/\/lightweb.dev\/l\/svm-temp\/#\/schema\/person\/206a3bda5b607b0c25e1749191e4d837","name":"Redaktionen SvM","description":"Redaktionen","sameAs":["https:\/\/lightweb.dev\/l\/svm-temp"],"url":"https:\/\/lightweb.dev\/l\/svm-temp\/reporter\/redaktionen\/"}]}},"_links":{"self":[{"href":"https:\/\/lightweb.dev\/l\/svm-temp\/wp-json\/wp\/v2\/posts\/4154","targetHints":{"allow":["GET"]}}],"collection":[{"href":"https:\/\/lightweb.dev\/l\/svm-temp\/wp-json\/wp\/v2\/posts"}],"about":[{"href":"https:\/\/lightweb.dev\/l\/svm-temp\/wp-json\/wp\/v2\/types\/post"}],"author":[{"embeddable":true,"href":"https:\/\/lightweb.dev\/l\/svm-temp\/wp-json\/wp\/v2\/users\/8"}],"replies":[{"embeddable":true,"href":"https:\/\/lightweb.dev\/l\/svm-temp\/wp-json\/wp\/v2\/comments?post=4154"}],"version-history":[{"count":0,"href":"https:\/\/lightweb.dev\/l\/svm-temp\/wp-json\/wp\/v2\/posts\/4154\/revisions"}],"wp:featuredmedia":[{"embeddable":true,"href":"https:\/\/lightweb.dev\/l\/svm-temp\/wp-json\/wp\/v2\/media\/4155"}],"wp:attachment":[{"href":"https:\/\/lightweb.dev\/l\/svm-temp\/wp-json\/wp\/v2\/media?parent=4154"}],"wp:term":[{"taxonomy":"category","embeddable":true,"href":"https:\/\/lightweb.dev\/l\/svm-temp\/wp-json\/wp\/v2\/categories?post=4154"},{"taxonomy":"post_tag","embeddable":true,"href":"https:\/\/lightweb.dev\/l\/svm-temp\/wp-json\/wp\/v2\/tags?post=4154"}],"curies":[{"name":"wp","href":"https:\/\/api.w.org\/{rel}","templated":true}]}}