{"id":4156,"date":"2013-06-26T00:00:00","date_gmt":"2013-06-25T22:00:00","guid":{"rendered":"https:\/\/lightweb.dev\/l\/svm-temp\/spanien-just-nu-vitskallar\/"},"modified":"2013-06-26T00:00:00","modified_gmt":"2013-06-25T22:00:00","slug":"spanien-just-nu-vitskallar","status":"publish","type":"post","link":"https:\/\/lightweb.dev\/l\/svm-temp\/artiklar\/spanien-just-nu-vitskallar\/","title":{"rendered":"Spanien just nu &#8211; vitskallar"},"content":{"rendered":"<p> Sedan de f\u00f6rsta svenskarna kom till Solkusten p\u00e5 1950-talet har de varit mycket uppskattade hos den spanska befolkningen. Den gamla turistmetropolen Torremolinos l\u00e4t g\u00f6ra en staty av en blond bystig svenska. Statyn \u201dla sueca\u201d som dessutom \u00e4r den h\u00f6gsta i kommunen hittar du vid Avenida Rafael Gomez Sanchez norr om stan. Av Ola Josefsson<\/p>\n<p>Spanien \u00e4r sommaren 2013 den mest popul\u00e4ra destinationen bland svenska resen\u00e4rer, enligt resemagasinet Vagabonds resebarometer. F\u00f6rra \u00e5ret gjorde svenskarna 1,9 miljoner Spanienresor och i \u00e5r v\u00e4ntas den siffran stiga. Svenskar och norrm\u00e4n \u00f6kar mest i procent p\u00e5 Solkusten, bara ryssar \u00f6kar mer.<\/p>\n<p>Provinsr\u00e5det i M\u00e1laga plus flera kommuner som Estepona, Marbella och Almu\u00f1\u00e9car har varit i Sverige p\u00e5 PR-turn\u00e9. Fr\u00e5n andra h\u00e5ll i Spanien kommer det notiser om hur den svenska n\u00e4rvaron \u00f6kar p\u00e5 Gran Canaria, Lanzarote, Furteventura och Mallorca. I skrivande stund ber\u00e4ttar Diario de Menorca om hur antalet svenskar i sommar \u00f6kar p\u00e5 den lilla \u00f6n till gl\u00e4dje f\u00f6r befolkningen.<\/p>\n<p>Dr\u00f6mmen om Spanien som hemland lever och m\u00e5nga g\u00f6r slag i saken. Uppskattningsvis 90.000 svenskar \u00e4r bosatta i Spanien. 35.000 av dessa \u00e4r permanent bosatta i provinsen M\u00e1laga. Och antalet stiger. Under fjol\u00e5ret gjordes 2.790 bostadsk\u00f6p i Spanien av svenskar enligt den spanska myndigheten Consejo General del Notariado. Vid m\u00e4ssorna K\u00f6pa-hus-utomlands som arrangeras sex g\u00e5nger om \u00e5ret i Sverige \u00e4r Spanien klar etta n\u00e4r bes\u00f6kare s\u00f6ker ett andra hem i solen.<\/p>\n<p>Om spanjorerna tar emot svenskarna med \u00f6ppna armar har svenska medier en annorlunda syn p\u00e5 svenskar som utvandrar till Spanien. Ibland tar det sig m\u00e4rkliga uttryck. <\/p>\n<p>Under v\u00e5ren rapporterades det om \u201dSkattjakt p\u00e5 svenskar i Spanien\u201d. I svensk media kunde man f\u00e5 intrycket att det bara g\u00e4llde svenskar i Spanien och att svenskarna flydde fr\u00e5n landet. En ny lag g\u00e4llde alla skattskyldiga i Spanien, bolag och individer, som \u00e4r skatteresidenta. P\u00e5 kommentatorsf\u00e4lten frodas f\u00f6rdomar: \u201dStackars svenskar som flytt Sverige f\u00f6r att slippa betala skatt h\u00e4r och s\u00e5 m\u00e5ste ni redovisa era f\u00f6rm\u00f6genheter i Spanien. Oj vad synd det \u00e4r om er. Ska vi starta en insamling?\u201d<\/p>\n<p>Under \u00e5ren har media i Sverige gjorts en hel del reportage och dokument\u00e4rer om svenskkolonin p\u00e5 Solkusten. TV 4:s Kalla Fakta kom p\u00e5 bes\u00f6k och gjorde \u201dFucking Suecos\u201d d\u00e4r det framkom att spanjorerna undrar om svenskarna tror att de bor kvar i Sverige. Detta med anledning av det omfattande svenska n\u00e4ringslivet p\u00e5 Solkusten. I programmet antyddes det att Svenska Magasinet tj\u00e4nar pengar p\u00e5 att svenskarna inte integreras i det spanska samh\u00e4llet.<\/p>\n<p>P 1-dokument\u00e4ren \u201dJ\u00e4vla vitskallar\u201d som gjordes f\u00f6r en del \u00e5r sedan bj\u00f6d p\u00e5 fantastiska vinklingar. En uppf\u00f6ljning gjordes 2010 med \u201d\u00c5terresan\u201d. Dokument\u00e4rerna finns p\u00e5 n\u00e4tet f\u00f6r den som vill frossa i f\u00f6rdomar. H\u00e4r f\u00e5r vi tr\u00e4ffa n\u00e5gra svenska invandrarungdomar som h\u00e4nger vid en korvkiosk i Sveriges sydligaste stad Fuengirola eller \u201dflyktingf\u00f6rl\u00e4ggningen\u201d. N\u00e4r \u201d\u00c5terresan\u201d gjordes hade de flesta \u00e5terv\u00e4nt till Sverige.<br \/>\n\u201dAlldeles intill ligger El Colegio Sueco, den Svenska Skolan. D\u00e4r g\u00e5r 250 elever varav m\u00e5nga f\u00e5r underk\u00e4nda betyg i b\u00e5de spanska och svenska. N\u00e4stan ingen kan tillr\u00e4cklig spanska f\u00f6r att komma in p\u00e5 spansk h\u00f6gskola\u201d skriver SR p\u00e5 webben.<\/p>\n<p>Sveriges Radio sl\u00e4ppte igenom en h\u00e5rd vinklad dokum\u00e4nt\u00e4r av Daniel Velasco som bel\u00f6nades med flera priser 2003 som \u201dStora Journalist priset &#8211; \u00c5rets ber\u00e4ttare\u201d, \u201dIkaros priset\u201d och \u201dStora radio priset\u201d. Juryns motivering: F\u00f6r sitt enkla och geniala s\u00e4tt att ge perspektiv p\u00e5 begrepp som minoritet och integration genom att skildra utvandrade svenska \u201dvitskallar\u201d i Spanien.<\/p>\n<p>Med n\u00e5gra intervjuer skapades bilden av hur svenskkolonin ser ut. Hur Fuengirola eller \u201dFunkan\u201d \u00e4r indelad i den svenska, engelska och spanska delen liksom att svenskar \u00e4r en av de st\u00f6rsta invandringsgrupperna i Spanien. <\/p>\n<p>En stor mur och st\u00e4ngsel omg\u00e4rdar den svenska skolan i Fuengirola f\u00e5r vi veta. Det n\u00e4mns inte med ett ord om att spanska eller andra utl\u00e4ndska skolor p\u00e5 kusten har mur eller st\u00e4ngsel. I programmet framst\u00e4lls den svenska skolan som extra utsatt och Daniel Velasco ber\u00e4ttar att den \u201dhelspanska vaktm\u00e4staren\u201d ibland f\u00e5r m\u00e5la \u00f6ver spanska kraftuttryck som m\u00e5lats p\u00e5 muren till skolan.<\/p>\n<p>Den som lyssnar p\u00e5 programmet f\u00e5r l\u00e4tt k\u00e4nslan att svenskar \u201dst\u00e4nger in sig, vill inte veta av spanjorerna, r\u00e5nar spanjorer p\u00e5 stranden, bygger upp mots\u00e4ttningar, har alkoholproblem och \u00e4r invandringskritiska samt att svenska ungdomar p\u00e5 Solkusten f\u00f6rknippas med hip hop och graffiti.<\/p>\n<p>N\u00e5gra intevjuer med svenskar som g\u00e5tt p\u00e5 skolan, blivit kvar p\u00e5 Solkusten och startat f\u00f6retag bjuds vi inte p\u00e5. Inte heller om hur pension\u00e4rer eller handikappade v\u00e4ljer att flytta hit under vinterhalv\u00e5ret f\u00f6r att slippa sn\u00f6, kyla, halka och l\u00e5rbensbrott. I st\u00e4llet f\u00e5r vi veta att en br\u00e5kdel av eleverna vid Svenska skolan kommer in p\u00e5 spansk eller svensk h\u00f6gskola. Eleverna j\u00e4mf\u00f6rs med invandrarbarn i Sverige i resultat.<\/p>\n<p>Vad tror du sj\u00e4lv? Skicka g\u00e4rna en e-post till mig och ber\u00e4tta.<\/p>\n","protected":false},"excerpt":{"rendered":"<p>Sedan de f\u00f6rsta svenskarna kom till Solkusten p\u00e5 1950-talet har de varit mycket uppskattade hos den spanska befolkningen. Den gamla turistmetropolen Torremolinos l\u00e4t g\u00f6ra en staty av en blond bystig svenska. Statyn \u201dla sueca\u201d som dessutom \u00e4r den h\u00f6gsta i kommunen hittar du vid Avenida Rafael Gomez Sanchez norr om stan. Av Ola Josefsson Spanien [&hellip;]<\/p>\n","protected":false},"author":8,"featured_media":4157,"comment_status":"open","ping_status":"open","sticky":false,"template":"","format":"standard","meta":{"_et_pb_use_builder":"","_et_pb_old_content":"","_et_gb_content_width":"","footnotes":""},"categories":[4,36],"tags":[],"class_list":["post-4156","post","type-post","status-publish","format-standard","has-post-thumbnail","hentry","category-artiklar","category-spanien-just-nu"],"yoast_head":"<!-- This site is optimized with the Yoast SEO Premium plugin v26.2 (Yoast SEO v28.2) - https:\/\/yoast.com\/product\/yoast-seo-premium-wordpress\/ -->\n<title>Spanien just nu - vitskallar - Svenska Magasinet<\/title>\n<meta name=\"robots\" content=\"noindex, follow, max-snippet:-1, max-image-preview:large, max-video-preview:-1\" \/>\n<meta property=\"og:locale\" content=\"sv_SE\" \/>\n<meta property=\"og:type\" content=\"article\" \/>\n<meta property=\"og:title\" content=\"Spanien just nu - vitskallar\" \/>\n<meta property=\"og:description\" content=\"Sedan de f\u00f6rsta svenskarna kom till Solkusten p\u00e5 1950-talet har de varit mycket uppskattade hos den spanska befolkningen. Den gamla turistmetropolen Torremolinos l\u00e4t g\u00f6ra en staty av en blond bystig svenska. Statyn \u201dla sueca\u201d som dessutom \u00e4r den h\u00f6gsta i kommunen hittar du vid Avenida Rafael Gomez Sanchez norr om stan. Av Ola Josefsson Spanien [&hellip;]\" \/>\n<meta property=\"og:url\" content=\"https:\/\/lightweb.dev\/l\/svm-temp\/artiklar\/spanien-just-nu-vitskallar\/\" \/>\n<meta property=\"og:site_name\" content=\"Svenska Magasinet\" \/>\n<meta property=\"article:publisher\" content=\"https:\/\/www.facebook.com\/svenskamagasinet\" \/>\n<meta property=\"article:published_time\" content=\"2013-06-25T22:00:00+00:00\" \/>\n<meta property=\"og:image\" content=\"https:\/\/lightweb.dev\/l\/svm-temp\/wp-content\/uploads\/2022\/04\/spanien-just-nu-vitskallar.png\" \/>\n\t<meta property=\"og:image:width\" content=\"280\" \/>\n\t<meta property=\"og:image:height\" content=\"419\" \/>\n\t<meta property=\"og:image:type\" content=\"image\/png\" \/>\n<meta name=\"author\" content=\"Redaktionen SvM\" \/>\n<meta name=\"twitter:card\" content=\"summary_large_image\" \/>\n<meta name=\"twitter:creator\" content=\"@SvenskaMagasine\" \/>\n<meta name=\"twitter:site\" content=\"@SvenskaMagasine\" \/>\n<script type=\"application\/ld+json\" class=\"yoast-schema-graph\">{\"@context\":\"https:\\\/\\\/schema.org\",\"@graph\":[{\"@type\":\"Article\",\"@id\":\"https:\\\/\\\/lightweb.dev\\\/l\\\/svm-temp\\\/artiklar\\\/spanien-just-nu-vitskallar\\\/#article\",\"isPartOf\":{\"@id\":\"https:\\\/\\\/lightweb.dev\\\/l\\\/svm-temp\\\/artiklar\\\/spanien-just-nu-vitskallar\\\/\"},\"author\":{\"name\":\"Redaktionen SvM\",\"@id\":\"https:\\\/\\\/lightweb.dev\\\/l\\\/svm-temp\\\/#\\\/schema\\\/person\\\/206a3bda5b607b0c25e1749191e4d837\"},\"headline\":\"Spanien just nu &#8211; vitskallar\",\"datePublished\":\"2013-06-25T22:00:00+00:00\",\"mainEntityOfPage\":{\"@id\":\"https:\\\/\\\/lightweb.dev\\\/l\\\/svm-temp\\\/artiklar\\\/spanien-just-nu-vitskallar\\\/\"},\"wordCount\":895,\"commentCount\":0,\"publisher\":{\"@id\":\"https:\\\/\\\/lightweb.dev\\\/l\\\/svm-temp\\\/#organization\"},\"image\":{\"@id\":\"https:\\\/\\\/lightweb.dev\\\/l\\\/svm-temp\\\/artiklar\\\/spanien-just-nu-vitskallar\\\/#primaryimage\"},\"thumbnailUrl\":\"https:\\\/\\\/lightweb.dev\\\/l\\\/svm-temp\\\/wp-content\\\/uploads\\\/2022\\\/04\\\/spanien-just-nu-vitskallar.png\",\"articleSection\":[\"Artiklar\",\"Spanien just nu\"],\"inLanguage\":\"sv-SE\"},{\"@type\":\"WebPage\",\"@id\":\"https:\\\/\\\/lightweb.dev\\\/l\\\/svm-temp\\\/artiklar\\\/spanien-just-nu-vitskallar\\\/\",\"url\":\"https:\\\/\\\/lightweb.dev\\\/l\\\/svm-temp\\\/artiklar\\\/spanien-just-nu-vitskallar\\\/\",\"name\":\"Spanien just nu - vitskallar - Svenska Magasinet\",\"isPartOf\":{\"@id\":\"https:\\\/\\\/lightweb.dev\\\/l\\\/svm-temp\\\/#website\"},\"primaryImageOfPage\":{\"@id\":\"https:\\\/\\\/lightweb.dev\\\/l\\\/svm-temp\\\/artiklar\\\/spanien-just-nu-vitskallar\\\/#primaryimage\"},\"image\":{\"@id\":\"https:\\\/\\\/lightweb.dev\\\/l\\\/svm-temp\\\/artiklar\\\/spanien-just-nu-vitskallar\\\/#primaryimage\"},\"thumbnailUrl\":\"https:\\\/\\\/lightweb.dev\\\/l\\\/svm-temp\\\/wp-content\\\/uploads\\\/2022\\\/04\\\/spanien-just-nu-vitskallar.png\",\"datePublished\":\"2013-06-25T22:00:00+00:00\",\"breadcrumb\":{\"@id\":\"https:\\\/\\\/lightweb.dev\\\/l\\\/svm-temp\\\/artiklar\\\/spanien-just-nu-vitskallar\\\/#breadcrumb\"},\"inLanguage\":\"sv-SE\",\"potentialAction\":[{\"@type\":\"ReadAction\",\"target\":[\"https:\\\/\\\/lightweb.dev\\\/l\\\/svm-temp\\\/artiklar\\\/spanien-just-nu-vitskallar\\\/\"]}]},{\"@type\":\"ImageObject\",\"inLanguage\":\"sv-SE\",\"@id\":\"https:\\\/\\\/lightweb.dev\\\/l\\\/svm-temp\\\/artiklar\\\/spanien-just-nu-vitskallar\\\/#primaryimage\",\"url\":\"https:\\\/\\\/lightweb.dev\\\/l\\\/svm-temp\\\/wp-content\\\/uploads\\\/2022\\\/04\\\/spanien-just-nu-vitskallar.png\",\"contentUrl\":\"https:\\\/\\\/lightweb.dev\\\/l\\\/svm-temp\\\/wp-content\\\/uploads\\\/2022\\\/04\\\/spanien-just-nu-vitskallar.png\",\"width\":280,\"height\":419},{\"@type\":\"BreadcrumbList\",\"@id\":\"https:\\\/\\\/lightweb.dev\\\/l\\\/svm-temp\\\/artiklar\\\/spanien-just-nu-vitskallar\\\/#breadcrumb\",\"itemListElement\":[{\"@type\":\"ListItem\",\"position\":1,\"name\":\"Hem\",\"item\":\"https:\\\/\\\/lightweb.dev\\\/l\\\/svm-temp\\\/\"},{\"@type\":\"ListItem\",\"position\":2,\"name\":\"Spanien just nu &#8211; vitskallar\"}]},{\"@type\":\"WebSite\",\"@id\":\"https:\\\/\\\/lightweb.dev\\\/l\\\/svm-temp\\\/#website\",\"url\":\"https:\\\/\\\/lightweb.dev\\\/l\\\/svm-temp\\\/\",\"name\":\"Svenska Magasinet\",\"description\":\"Dina Spanska nyheter p&aring; Svenska\",\"publisher\":{\"@id\":\"https:\\\/\\\/lightweb.dev\\\/l\\\/svm-temp\\\/#organization\"},\"potentialAction\":[{\"@type\":\"SearchAction\",\"target\":{\"@type\":\"EntryPoint\",\"urlTemplate\":\"https:\\\/\\\/lightweb.dev\\\/l\\\/svm-temp\\\/?s={search_term_string}\"},\"query-input\":{\"@type\":\"PropertyValueSpecification\",\"valueRequired\":true,\"valueName\":\"search_term_string\"}}],\"inLanguage\":\"sv-SE\"},{\"@type\":\"Organization\",\"@id\":\"https:\\\/\\\/lightweb.dev\\\/l\\\/svm-temp\\\/#organization\",\"name\":\"Melkerson y Nott SL\",\"alternateName\":\"Svenska Magasinet\",\"url\":\"https:\\\/\\\/lightweb.dev\\\/l\\\/svm-temp\\\/\",\"logo\":{\"@type\":\"ImageObject\",\"inLanguage\":\"sv-SE\",\"@id\":\"https:\\\/\\\/lightweb.dev\\\/l\\\/svm-temp\\\/#\\\/schema\\\/logo\\\/image\\\/\",\"url\":\"https:\\\/\\\/lightweb.dev\\\/l\\\/svm-temp\\\/wp-content\\\/uploads\\\/2025\\\/02\\\/SvM-logo-Xtra-Centrerad-SVART.png\",\"contentUrl\":\"https:\\\/\\\/lightweb.dev\\\/l\\\/svm-temp\\\/wp-content\\\/uploads\\\/2025\\\/02\\\/SvM-logo-Xtra-Centrerad-SVART.png\",\"width\":300,\"height\":99,\"caption\":\"Melkerson y Nott SL\"},\"image\":{\"@id\":\"https:\\\/\\\/lightweb.dev\\\/l\\\/svm-temp\\\/#\\\/schema\\\/logo\\\/image\\\/\"},\"sameAs\":[\"https:\\\/\\\/www.facebook.com\\\/svenskamagasinet\",\"https:\\\/\\\/x.com\\\/SvenskaMagasine\"]},{\"@type\":\"Person\",\"@id\":\"https:\\\/\\\/lightweb.dev\\\/l\\\/svm-temp\\\/#\\\/schema\\\/person\\\/206a3bda5b607b0c25e1749191e4d837\",\"name\":\"Redaktionen SvM\",\"description\":\"Redaktionen\",\"sameAs\":[\"https:\\\/\\\/lightweb.dev\\\/l\\\/svm-temp\"],\"url\":\"https:\\\/\\\/lightweb.dev\\\/l\\\/svm-temp\\\/reporter\\\/redaktionen\\\/\"}]}<\/script>\n<!-- \/ Yoast SEO Premium plugin. -->","yoast_head_json":{"title":"Spanien just nu - vitskallar - Svenska Magasinet","robots":{"index":"noindex","follow":"follow","max-snippet":"max-snippet:-1","max-image-preview":"max-image-preview:large","max-video-preview":"max-video-preview:-1"},"og_locale":"sv_SE","og_type":"article","og_title":"Spanien just nu - vitskallar","og_description":"Sedan de f\u00f6rsta svenskarna kom till Solkusten p\u00e5 1950-talet har de varit mycket uppskattade hos den spanska befolkningen. Den gamla turistmetropolen Torremolinos l\u00e4t g\u00f6ra en staty av en blond bystig svenska. Statyn \u201dla sueca\u201d som dessutom \u00e4r den h\u00f6gsta i kommunen hittar du vid Avenida Rafael Gomez Sanchez norr om stan. Av Ola Josefsson Spanien [&hellip;]","og_url":"https:\/\/lightweb.dev\/l\/svm-temp\/artiklar\/spanien-just-nu-vitskallar\/","og_site_name":"Svenska Magasinet","article_publisher":"https:\/\/www.facebook.com\/svenskamagasinet","article_published_time":"2013-06-25T22:00:00+00:00","og_image":[{"width":280,"height":419,"url":"https:\/\/lightweb.dev\/l\/svm-temp\/wp-content\/uploads\/2022\/04\/spanien-just-nu-vitskallar.png","type":"image\/png"}],"author":"Redaktionen SvM","twitter_card":"summary_large_image","twitter_creator":"@SvenskaMagasine","twitter_site":"@SvenskaMagasine","schema":{"@context":"https:\/\/schema.org","@graph":[{"@type":"Article","@id":"https:\/\/lightweb.dev\/l\/svm-temp\/artiklar\/spanien-just-nu-vitskallar\/#article","isPartOf":{"@id":"https:\/\/lightweb.dev\/l\/svm-temp\/artiklar\/spanien-just-nu-vitskallar\/"},"author":{"name":"Redaktionen SvM","@id":"https:\/\/lightweb.dev\/l\/svm-temp\/#\/schema\/person\/206a3bda5b607b0c25e1749191e4d837"},"headline":"Spanien just nu &#8211; vitskallar","datePublished":"2013-06-25T22:00:00+00:00","mainEntityOfPage":{"@id":"https:\/\/lightweb.dev\/l\/svm-temp\/artiklar\/spanien-just-nu-vitskallar\/"},"wordCount":895,"commentCount":0,"publisher":{"@id":"https:\/\/lightweb.dev\/l\/svm-temp\/#organization"},"image":{"@id":"https:\/\/lightweb.dev\/l\/svm-temp\/artiklar\/spanien-just-nu-vitskallar\/#primaryimage"},"thumbnailUrl":"https:\/\/lightweb.dev\/l\/svm-temp\/wp-content\/uploads\/2022\/04\/spanien-just-nu-vitskallar.png","articleSection":["Artiklar","Spanien just nu"],"inLanguage":"sv-SE"},{"@type":"WebPage","@id":"https:\/\/lightweb.dev\/l\/svm-temp\/artiklar\/spanien-just-nu-vitskallar\/","url":"https:\/\/lightweb.dev\/l\/svm-temp\/artiklar\/spanien-just-nu-vitskallar\/","name":"Spanien just nu - vitskallar - Svenska Magasinet","isPartOf":{"@id":"https:\/\/lightweb.dev\/l\/svm-temp\/#website"},"primaryImageOfPage":{"@id":"https:\/\/lightweb.dev\/l\/svm-temp\/artiklar\/spanien-just-nu-vitskallar\/#primaryimage"},"image":{"@id":"https:\/\/lightweb.dev\/l\/svm-temp\/artiklar\/spanien-just-nu-vitskallar\/#primaryimage"},"thumbnailUrl":"https:\/\/lightweb.dev\/l\/svm-temp\/wp-content\/uploads\/2022\/04\/spanien-just-nu-vitskallar.png","datePublished":"2013-06-25T22:00:00+00:00","breadcrumb":{"@id":"https:\/\/lightweb.dev\/l\/svm-temp\/artiklar\/spanien-just-nu-vitskallar\/#breadcrumb"},"inLanguage":"sv-SE","potentialAction":[{"@type":"ReadAction","target":["https:\/\/lightweb.dev\/l\/svm-temp\/artiklar\/spanien-just-nu-vitskallar\/"]}]},{"@type":"ImageObject","inLanguage":"sv-SE","@id":"https:\/\/lightweb.dev\/l\/svm-temp\/artiklar\/spanien-just-nu-vitskallar\/#primaryimage","url":"https:\/\/lightweb.dev\/l\/svm-temp\/wp-content\/uploads\/2022\/04\/spanien-just-nu-vitskallar.png","contentUrl":"https:\/\/lightweb.dev\/l\/svm-temp\/wp-content\/uploads\/2022\/04\/spanien-just-nu-vitskallar.png","width":280,"height":419},{"@type":"BreadcrumbList","@id":"https:\/\/lightweb.dev\/l\/svm-temp\/artiklar\/spanien-just-nu-vitskallar\/#breadcrumb","itemListElement":[{"@type":"ListItem","position":1,"name":"Hem","item":"https:\/\/lightweb.dev\/l\/svm-temp\/"},{"@type":"ListItem","position":2,"name":"Spanien just nu &#8211; vitskallar"}]},{"@type":"WebSite","@id":"https:\/\/lightweb.dev\/l\/svm-temp\/#website","url":"https:\/\/lightweb.dev\/l\/svm-temp\/","name":"Svenska Magasinet","description":"Dina Spanska nyheter p&aring; Svenska","publisher":{"@id":"https:\/\/lightweb.dev\/l\/svm-temp\/#organization"},"potentialAction":[{"@type":"SearchAction","target":{"@type":"EntryPoint","urlTemplate":"https:\/\/lightweb.dev\/l\/svm-temp\/?s={search_term_string}"},"query-input":{"@type":"PropertyValueSpecification","valueRequired":true,"valueName":"search_term_string"}}],"inLanguage":"sv-SE"},{"@type":"Organization","@id":"https:\/\/lightweb.dev\/l\/svm-temp\/#organization","name":"Melkerson y Nott SL","alternateName":"Svenska Magasinet","url":"https:\/\/lightweb.dev\/l\/svm-temp\/","logo":{"@type":"ImageObject","inLanguage":"sv-SE","@id":"https:\/\/lightweb.dev\/l\/svm-temp\/#\/schema\/logo\/image\/","url":"https:\/\/lightweb.dev\/l\/svm-temp\/wp-content\/uploads\/2025\/02\/SvM-logo-Xtra-Centrerad-SVART.png","contentUrl":"https:\/\/lightweb.dev\/l\/svm-temp\/wp-content\/uploads\/2025\/02\/SvM-logo-Xtra-Centrerad-SVART.png","width":300,"height":99,"caption":"Melkerson y Nott SL"},"image":{"@id":"https:\/\/lightweb.dev\/l\/svm-temp\/#\/schema\/logo\/image\/"},"sameAs":["https:\/\/www.facebook.com\/svenskamagasinet","https:\/\/x.com\/SvenskaMagasine"]},{"@type":"Person","@id":"https:\/\/lightweb.dev\/l\/svm-temp\/#\/schema\/person\/206a3bda5b607b0c25e1749191e4d837","name":"Redaktionen SvM","description":"Redaktionen","sameAs":["https:\/\/lightweb.dev\/l\/svm-temp"],"url":"https:\/\/lightweb.dev\/l\/svm-temp\/reporter\/redaktionen\/"}]}},"_links":{"self":[{"href":"https:\/\/lightweb.dev\/l\/svm-temp\/wp-json\/wp\/v2\/posts\/4156","targetHints":{"allow":["GET"]}}],"collection":[{"href":"https:\/\/lightweb.dev\/l\/svm-temp\/wp-json\/wp\/v2\/posts"}],"about":[{"href":"https:\/\/lightweb.dev\/l\/svm-temp\/wp-json\/wp\/v2\/types\/post"}],"author":[{"embeddable":true,"href":"https:\/\/lightweb.dev\/l\/svm-temp\/wp-json\/wp\/v2\/users\/8"}],"replies":[{"embeddable":true,"href":"https:\/\/lightweb.dev\/l\/svm-temp\/wp-json\/wp\/v2\/comments?post=4156"}],"version-history":[{"count":0,"href":"https:\/\/lightweb.dev\/l\/svm-temp\/wp-json\/wp\/v2\/posts\/4156\/revisions"}],"wp:featuredmedia":[{"embeddable":true,"href":"https:\/\/lightweb.dev\/l\/svm-temp\/wp-json\/wp\/v2\/media\/4157"}],"wp:attachment":[{"href":"https:\/\/lightweb.dev\/l\/svm-temp\/wp-json\/wp\/v2\/media?parent=4156"}],"wp:term":[{"taxonomy":"category","embeddable":true,"href":"https:\/\/lightweb.dev\/l\/svm-temp\/wp-json\/wp\/v2\/categories?post=4156"},{"taxonomy":"post_tag","embeddable":true,"href":"https:\/\/lightweb.dev\/l\/svm-temp\/wp-json\/wp\/v2\/tags?post=4156"}],"curies":[{"name":"wp","href":"https:\/\/api.w.org\/{rel}","templated":true}]}}