{"id":4160,"date":"2013-06-26T00:00:00","date_gmt":"2013-06-25T22:00:00","guid":{"rendered":"https:\/\/lightweb.dev\/l\/svm-temp\/mijas-pueblo-en-parla-pa-solkusten\/"},"modified":"2013-06-26T00:00:00","modified_gmt":"2013-06-25T22:00:00","slug":"mijas-pueblo-en-parla-pa-solkusten","status":"publish","type":"post","link":"https:\/\/lightweb.dev\/l\/svm-temp\/artiklar\/mijas-pueblo-en-parla-pa-solkusten\/","title":{"rendered":"Mijas Pueblo &#8211; en p\u00e4rla p\u00e5 Solkusten"},"content":{"rendered":"<p> Varje halvtimme stiger f\u00f6rv\u00e4ntansfulla turister av bussen i Mijas Pueblo, en av Andalusiens vita byar som blivit omtalade som pittoreska i turistbroschyrer. Jag tror inte bes\u00f6karna blir besvikna. Mijas Pueblo \u00e4r en p\u00e4rla med sina smala kuperade gator, d\u00e4r varuutbudet \u00e4r av h\u00f6gre kvalitet \u00e4n motsvarande turistbutiker l\u00e4ngs kusten. Text: Britt-Marie Ekman Foto: Lennart Ekman<\/p>\n<p>Man s\u00e4ljer keramik, skinn- och l\u00e4dervaror, smycken, porslin och prydnader som \u00e4r riktigt snygga. Fotografen Jaime Motas galleri \u201cFotoart\u201d finns p\u00e5 den lilla tv\u00e4rgatan Los Canos 3. Hans foton h\u00e5ller v\u00e4rldsklass.<\/p>\n<p>F\u00f6r den egna kameran vimlar det av motiv, smala gator med blomstersmyckade hus, \u00e5snorna \u201cburrotaxi\u201d som blev till en turistattraktion p\u00e5 60-talet n\u00e4r arbetarna kom hem fr\u00e5n f\u00e4lten p\u00e5 sina \u00e5snor. N\u00e5gra bes\u00f6kare bad att f\u00e5 prova p\u00e5 en ritt och s\u00e5 f\u00f6ddes en ny verksamhet, \u00e5snetaxi, som nu kostar 10 \u20ac f\u00f6r en tur genolm byn. \u201cByn\u201d f\u00f6rresten, redan p\u00e5 Carl I:s tid fick Mijas titeln \u201cVilla\u201d, vilket betyder officiellt registrerad stad. Numera bor i Mijas Pueblo mer \u00e4n 4.000 inv\u00e5nare. I hela kommunen, som h\u00f6r till de st\u00f6rre i Malagaprovinsen, bor 86.000 personer.<\/p>\n<p>Kyrkan<br \/>\nEn del av den stora kommunen kan man se fr\u00e5n den magnifika utsikten vid kyrkan, som \u00e4r byggd p\u00e5 grunden av en mosk\u00e8. Kyrkans fyrkantiga torn var troligtvis f\u00f6rsvarstorn. Mijas topografi gav ett naturligt f\u00f6rsvar och man byggde ocks\u00e5 en borg som skydd h\u00e4r uppe. I kyrkan, Immaculada Concepcion fr\u00e5n slutet av 1500-talet har man under adventstiden en j\u00e4ttestor julkrubba, ett helt landskap med hus, m\u00e4nniskor och djur. V\u00e4l v\u00e4rt att se den.<br \/>\nH\u00e4r uppe ligger ocks\u00e5 den lilla tjurf\u00e4ktningsarenan, unik med sin rektangul\u00e4ra form. En stor utomhusscen, Auditorium, utnyttjar bergssluttningen till graderade \u00e5sk\u00e5darplatser.<\/p>\n<p>Historia<br \/>\nMijas historia g\u00e5r l\u00e5ngt tillbaka i tiden. Alla invandrare, fenicier, romare, v\u00e4stgoter, morer och kristna h\u00e4rar har bidragit till stadens historia, f\u00f6r att inte tala om folk av 124 nationaliteter som nu finns inom kommunens gr\u00e4nser. Fenicierna slog sig ner vid Fuengirolaflodens utlopp p\u00e5 800-talet f Kr. Romare och v\u00e4stgoter byggde vidare p\u00e5 den b\u00f6rdiga kustsl\u00e4tten. D\u00e4r blev ett handelscentrum med ett bra l\u00e4ge vid den viktiga romerska v\u00e4gen mellan Cadiz och Malaga. Byn uppe p\u00e5 berget kallade romarna Tamisa, och hit flydde man i orostider och under de hetaste sommarm\u00e5naderna. Temperaturen i Mijas Pueblo p\u00e5 460 m:s h\u00f6jd \u00e4r alltid l\u00e4gre \u00e4n vid kusten.<\/p>\n<p>Under morernas tid hade gerillaledaren Omar ben Hafsun ett av sina vapenf\u00f6rr\u00e5d i en grotta i Mijas. I en annan grotta n\u00e4ra \u201c\u00e5snetaxistationen\u201d finns Mijas speciella madonna, en liten staty omgiven av altare med blommor. Den madonnastatyn g\u00f6mdes i f\u00f6rsvarsmuren d\u00e5 morerna anf\u00f6ll och gl\u00f6mdes sedan. !586 hittades den av tv\u00e5 syskon som var ute och vallade f\u00e5r. Barnen ber\u00e4ttade att de hade upplevt \u00f6vernaturliga saker p\u00e5 platsen. Nu har madonnan f\u00e5tt sitt eget lilla kapell i grottan och den 8 september firas det till hennes \u00e4ra.<\/p>\n<p>Fuengirola<br \/>\nM\u00e4nniskorna i den lilla fiskebyn vid kusten blev p\u00e5 1800-talet tr\u00f6tta p\u00e5 att betala skatt till Mijas och de beg\u00e4rde uttr\u00e4de ur kommunen. Efter 20 \u00e5rs f\u00f6rhandlande blev Fuengirola en egen kommun 1841. D\u00e5 avstod Mijas 10,2 km2  till sin granne vid kusten.<\/p>\n<p>  Fattigtider<br \/>\nMijas kommun omfattar nu 148 km2, en riktig storebror till Fuengirola. Den har en kustlinje p\u00e5 14 km och ett vidstr\u00e4ckt inland d\u00e4r jordbruket var huvudn\u00e4ringen och beroende av konstbevattning. Man hade speciella \u00f6vervakare av vattentillf\u00f6rseln. Marken tillh\u00f6rde till st\u00f6rsta delen av stora jord\u00e4gare, som kanske inte ens bodde i kommunen, utan hade dagl\u00f6nare som sk\u00f6tte arbetet.<\/p>\n<p>Dessa dagl\u00f6nare hade det mycket fattigt. I b\u00f6rjan av 1900-talet kunde de tj\u00e4na 1,5 pesetas om dagen och det r\u00e4ckte till 1kg br\u00f6d eller en liter olja, t ex. Ett par skor kostade \u00e5r 1900 \u00e5tta pesetas. Halva \u00e5ret fanns knappast n\u00e5got jordbruksarbete i Mijas. D\u00e5 f\u00f6rs\u00f6kte man skaffa inkomster p\u00e5 att samla espartogr\u00e4s, vars fibrer anv\u00e4ndes till fl\u00e4tning av korgar, rep, skosulor mm. Kvinnorna s\u00e5lde \u00e4gg i Malaga dit de antingen gick eller \u00e5kte med n\u00e5gon skjuts. Statyn vid infarten till Mijas, bredvid bensinstationen f\u00f6rest\u00e4ller en man med ett knippe esparto p\u00e5 axlarna.<\/p>\n<p>P\u00e5 Strandpromenaden i Fuengirola har man rest en tempelliknande byggnad. Materialet till den, marmor fr\u00e5n Mijas, \u00e4r b\u00e4rgat fr\u00e5n ett f\u00f6rlist skepp. Marmorbrott och gruvor \u00e4r st\u00e4ngda. Nu ligger flotta villor och golfbanor p\u00e5 den forna jordbruksmarken.<\/p>\n<p>Museet<br \/>\nI det lilla etnografiska museet p\u00e5 Plaza de la Libertad presenteras livet p\u00e5 landsbygden. D\u00e4r finns redskap, bikupor av kork, f\u00f6rem\u00e5l av fl\u00e4tad esparto, en kalkugn och i sm\u00e5 skyltl\u00e5dor visas hur arbetet gick till. Oljepressar och andra f\u00f6rem\u00e5l \u00e4r ocks\u00e5 utst\u00e4llda. En sal \u00e4r till\u00e4gnad konstn\u00e4rinnan Carmen Escalona som i keramiktavlor skildrat livet i sin barndoms Mijas. P\u00e5 andra sidan den lilla pation visas en bostad p\u00e5 landsbygden. \u00d6verv\u00e5ningen p\u00e5 museet har ofta konstutst\u00e4llningar. Det blygsamma intr\u00e4despriset \u00e4r 1 \u20ac. Byggnaden var tidigare kommunhus, ayuntamiento.<\/p>\n<p>Det nya kommunhuset ligger granne med turistbyr\u00e5n alldeles bredvid \u201c\u00e5snestationen\u201d och i berget under finns en stor parkering. Onsdagar klockan 12 \u00e4r det vanligtvis uppvisning av flamencodans i n\u00e4rheten.<\/p>\n<p>Kustsamh\u00e4llen<br \/>\nMijas l\u00e5nga kuststr\u00e4cka m\u00e5ste f\u00f6rsvaras, bl a fr\u00e5n sj\u00f6r\u00f6vare och under 1500-talet byggdes p\u00e5 kunglig befallning vakttorn l\u00e4ngs kusten. Stadsdelen La Cala har vuxit upp kring ett s\u00e5dant torn. Det st\u00e5r \u00e4nnu kvar, nu som museum. D\u00e4r finns modeller av de fiskeb\u00e5tar som anv\u00e4nts, och ett rum \u00e4r \u00e4gnat \u00e5t general Torrijos som slogs mot Napoleons trupper. La Cala omfattar in\u00e5t landet ett j\u00e4ttestort omr\u00e5de med slingrande v\u00e4gar upp och nerf\u00f6r kullarna. Flera golfbanor har anlagts h\u00e4r. I La Cala h\u00e5lls marknad p\u00e5 onsdagarna.<br \/>\nL\u00e4ngs kusten med sina fina str\u00e4nder har en m\u00e4ngd samh\u00e4llen, urbanisationer, vuxit upp \u00e4nda bort till gr\u00e4nsen mot Marbella kommun. Calahonda och Riviera del Sol h\u00f6r till de st\u00f6rsta.<\/p>\n<p>Las Lagunas<br \/>\nDen stora kommersiella delen av Mijas heter Las Lagunas. Den har vuxit samman med Fuengirola s\u00e5 t\u00e4tt, att t ex p\u00e5 gatan Union bor det fuengirolafolk p\u00e5 ena sidan och mitt \u00f6ver bor mijasbor. Aff\u00e4rskomplex, verkst\u00e4der, skolor, teater, sm\u00e5industrier bl a i byggsektorn, skolor, vattenpark, v\u00e5rdcentral finns h\u00e4r bl a, och lite l\u00e4ngre ut p\u00e5 landet Mijas golfbana.<\/p>\n<p>N\u00e4r nu \u00e4ntligen Mijas och Fuengirola styrs av samma parti, Partido Popular, kanske man kan hoppas p\u00e5 \u00f6kat samarbete. Sl\u00e4pper sedan Junta Andalucia till pengar s\u00e5 kanske det v\u00e4lbeh\u00f6vliga och efterl\u00e4ngtade sjukhuset kan byggas.<\/p>\n","protected":false},"excerpt":{"rendered":"<p>Varje halvtimme stiger f\u00f6rv\u00e4ntansfulla turister av bussen i Mijas Pueblo, en av Andalusiens vita byar som blivit omtalade som pittoreska i turistbroschyrer. Jag tror inte bes\u00f6karna blir besvikna. Mijas Pueblo \u00e4r en p\u00e4rla med sina smala kuperade gator, d\u00e4r varuutbudet \u00e4r av h\u00f6gre kvalitet \u00e4n motsvarande turistbutiker l\u00e4ngs kusten. Text: Britt-Marie Ekman Foto: Lennart Ekman [&hellip;]<\/p>\n","protected":false},"author":8,"featured_media":4161,"comment_status":"open","ping_status":"open","sticky":false,"template":"","format":"standard","meta":{"_et_pb_use_builder":"","_et_pb_old_content":"","_et_gb_content_width":"","footnotes":""},"categories":[396,4],"tags":[],"class_list":["post-4160","post","type-post","status-publish","format-standard","has-post-thumbnail","hentry","category-arkiv-artiklar","category-artiklar"],"yoast_head":"<!-- This site is optimized with the Yoast SEO Premium plugin v26.2 (Yoast SEO v27.5) - https:\/\/yoast.com\/product\/yoast-seo-premium-wordpress\/ -->\n<title>Mijas Pueblo - en p\u00e4rla p\u00e5 Solkusten - Svenska Magasinet<\/title>\n<meta name=\"robots\" content=\"noindex, follow, max-snippet:-1, max-image-preview:large, max-video-preview:-1\" \/>\n<meta property=\"og:locale\" content=\"sv_SE\" \/>\n<meta property=\"og:type\" content=\"article\" \/>\n<meta property=\"og:title\" content=\"Mijas Pueblo - en p\u00e4rla p\u00e5 Solkusten\" \/>\n<meta property=\"og:description\" content=\"Varje halvtimme stiger f\u00f6rv\u00e4ntansfulla turister av bussen i Mijas Pueblo, en av Andalusiens vita byar som blivit omtalade som pittoreska i turistbroschyrer. Jag tror inte bes\u00f6karna blir besvikna. Mijas Pueblo \u00e4r en p\u00e4rla med sina smala kuperade gator, d\u00e4r varuutbudet \u00e4r av h\u00f6gre kvalitet \u00e4n motsvarande turistbutiker l\u00e4ngs kusten. Text: Britt-Marie Ekman Foto: Lennart Ekman [&hellip;]\" \/>\n<meta property=\"og:url\" content=\"https:\/\/lightweb.dev\/l\/svm-temp\/artiklar\/mijas-pueblo-en-parla-pa-solkusten\/\" \/>\n<meta property=\"og:site_name\" content=\"Svenska Magasinet\" \/>\n<meta property=\"article:publisher\" content=\"https:\/\/www.facebook.com\/svenskamagasinet\" \/>\n<meta property=\"article:published_time\" content=\"2013-06-25T22:00:00+00:00\" \/>\n<meta property=\"og:image\" content=\"https:\/\/lightweb.dev\/l\/svm-temp\/wp-content\/uploads\/2022\/04\/mijas-pueblo-en-prla-p-solkusten.png\" \/>\n\t<meta property=\"og:image:width\" content=\"301\" \/>\n\t<meta property=\"og:image:height\" content=\"200\" \/>\n\t<meta property=\"og:image:type\" content=\"image\/png\" \/>\n<meta name=\"author\" content=\"Redaktionen SvM\" \/>\n<meta name=\"twitter:card\" content=\"summary_large_image\" \/>\n<meta name=\"twitter:creator\" content=\"@SvenskaMagasine\" \/>\n<meta name=\"twitter:site\" content=\"@SvenskaMagasine\" \/>\n<script type=\"application\/ld+json\" class=\"yoast-schema-graph\">{\"@context\":\"https:\\\/\\\/schema.org\",\"@graph\":[{\"@type\":\"Article\",\"@id\":\"https:\\\/\\\/lightweb.dev\\\/l\\\/svm-temp\\\/artiklar\\\/mijas-pueblo-en-parla-pa-solkusten\\\/#article\",\"isPartOf\":{\"@id\":\"https:\\\/\\\/lightweb.dev\\\/l\\\/svm-temp\\\/artiklar\\\/mijas-pueblo-en-parla-pa-solkusten\\\/\"},\"author\":{\"name\":\"Redaktionen SvM\",\"@id\":\"https:\\\/\\\/lightweb.dev\\\/l\\\/svm-temp\\\/#\\\/schema\\\/person\\\/206a3bda5b607b0c25e1749191e4d837\"},\"headline\":\"Mijas Pueblo &#8211; en p\u00e4rla p\u00e5 Solkusten\",\"datePublished\":\"2013-06-25T22:00:00+00:00\",\"mainEntityOfPage\":{\"@id\":\"https:\\\/\\\/lightweb.dev\\\/l\\\/svm-temp\\\/artiklar\\\/mijas-pueblo-en-parla-pa-solkusten\\\/\"},\"wordCount\":1168,\"commentCount\":0,\"publisher\":{\"@id\":\"https:\\\/\\\/lightweb.dev\\\/l\\\/svm-temp\\\/#organization\"},\"image\":{\"@id\":\"https:\\\/\\\/lightweb.dev\\\/l\\\/svm-temp\\\/artiklar\\\/mijas-pueblo-en-parla-pa-solkusten\\\/#primaryimage\"},\"thumbnailUrl\":\"https:\\\/\\\/lightweb.dev\\\/l\\\/svm-temp\\\/wp-content\\\/uploads\\\/2022\\\/04\\\/mijas-pueblo-en-prla-p-solkusten.png\",\"articleSection\":[\"Arkiv\",\"Artiklar\"],\"inLanguage\":\"sv-SE\"},{\"@type\":\"WebPage\",\"@id\":\"https:\\\/\\\/lightweb.dev\\\/l\\\/svm-temp\\\/artiklar\\\/mijas-pueblo-en-parla-pa-solkusten\\\/\",\"url\":\"https:\\\/\\\/lightweb.dev\\\/l\\\/svm-temp\\\/artiklar\\\/mijas-pueblo-en-parla-pa-solkusten\\\/\",\"name\":\"Mijas Pueblo - en p\u00e4rla p\u00e5 Solkusten - Svenska Magasinet\",\"isPartOf\":{\"@id\":\"https:\\\/\\\/lightweb.dev\\\/l\\\/svm-temp\\\/#website\"},\"primaryImageOfPage\":{\"@id\":\"https:\\\/\\\/lightweb.dev\\\/l\\\/svm-temp\\\/artiklar\\\/mijas-pueblo-en-parla-pa-solkusten\\\/#primaryimage\"},\"image\":{\"@id\":\"https:\\\/\\\/lightweb.dev\\\/l\\\/svm-temp\\\/artiklar\\\/mijas-pueblo-en-parla-pa-solkusten\\\/#primaryimage\"},\"thumbnailUrl\":\"https:\\\/\\\/lightweb.dev\\\/l\\\/svm-temp\\\/wp-content\\\/uploads\\\/2022\\\/04\\\/mijas-pueblo-en-prla-p-solkusten.png\",\"datePublished\":\"2013-06-25T22:00:00+00:00\",\"breadcrumb\":{\"@id\":\"https:\\\/\\\/lightweb.dev\\\/l\\\/svm-temp\\\/artiklar\\\/mijas-pueblo-en-parla-pa-solkusten\\\/#breadcrumb\"},\"inLanguage\":\"sv-SE\",\"potentialAction\":[{\"@type\":\"ReadAction\",\"target\":[\"https:\\\/\\\/lightweb.dev\\\/l\\\/svm-temp\\\/artiklar\\\/mijas-pueblo-en-parla-pa-solkusten\\\/\"]}]},{\"@type\":\"ImageObject\",\"inLanguage\":\"sv-SE\",\"@id\":\"https:\\\/\\\/lightweb.dev\\\/l\\\/svm-temp\\\/artiklar\\\/mijas-pueblo-en-parla-pa-solkusten\\\/#primaryimage\",\"url\":\"https:\\\/\\\/lightweb.dev\\\/l\\\/svm-temp\\\/wp-content\\\/uploads\\\/2022\\\/04\\\/mijas-pueblo-en-prla-p-solkusten.png\",\"contentUrl\":\"https:\\\/\\\/lightweb.dev\\\/l\\\/svm-temp\\\/wp-content\\\/uploads\\\/2022\\\/04\\\/mijas-pueblo-en-prla-p-solkusten.png\",\"width\":301,\"height\":200},{\"@type\":\"BreadcrumbList\",\"@id\":\"https:\\\/\\\/lightweb.dev\\\/l\\\/svm-temp\\\/artiklar\\\/mijas-pueblo-en-parla-pa-solkusten\\\/#breadcrumb\",\"itemListElement\":[{\"@type\":\"ListItem\",\"position\":1,\"name\":\"Hem\",\"item\":\"https:\\\/\\\/lightweb.dev\\\/l\\\/svm-temp\\\/\"},{\"@type\":\"ListItem\",\"position\":2,\"name\":\"Mijas Pueblo &#8211; en p\u00e4rla p\u00e5 Solkusten\"}]},{\"@type\":\"WebSite\",\"@id\":\"https:\\\/\\\/lightweb.dev\\\/l\\\/svm-temp\\\/#website\",\"url\":\"https:\\\/\\\/lightweb.dev\\\/l\\\/svm-temp\\\/\",\"name\":\"Svenska Magasinet\",\"description\":\"Dina Spanska nyheter p&aring; Svenska\",\"publisher\":{\"@id\":\"https:\\\/\\\/lightweb.dev\\\/l\\\/svm-temp\\\/#organization\"},\"potentialAction\":[{\"@type\":\"SearchAction\",\"target\":{\"@type\":\"EntryPoint\",\"urlTemplate\":\"https:\\\/\\\/lightweb.dev\\\/l\\\/svm-temp\\\/?s={search_term_string}\"},\"query-input\":{\"@type\":\"PropertyValueSpecification\",\"valueRequired\":true,\"valueName\":\"search_term_string\"}}],\"inLanguage\":\"sv-SE\"},{\"@type\":\"Organization\",\"@id\":\"https:\\\/\\\/lightweb.dev\\\/l\\\/svm-temp\\\/#organization\",\"name\":\"Melkerson y Nott SL\",\"alternateName\":\"Svenska Magasinet\",\"url\":\"https:\\\/\\\/lightweb.dev\\\/l\\\/svm-temp\\\/\",\"logo\":{\"@type\":\"ImageObject\",\"inLanguage\":\"sv-SE\",\"@id\":\"https:\\\/\\\/lightweb.dev\\\/l\\\/svm-temp\\\/#\\\/schema\\\/logo\\\/image\\\/\",\"url\":\"https:\\\/\\\/lightweb.dev\\\/l\\\/svm-temp\\\/wp-content\\\/uploads\\\/2025\\\/02\\\/SvM-logo-Xtra-Centrerad-SVART.png\",\"contentUrl\":\"https:\\\/\\\/lightweb.dev\\\/l\\\/svm-temp\\\/wp-content\\\/uploads\\\/2025\\\/02\\\/SvM-logo-Xtra-Centrerad-SVART.png\",\"width\":300,\"height\":99,\"caption\":\"Melkerson y Nott SL\"},\"image\":{\"@id\":\"https:\\\/\\\/lightweb.dev\\\/l\\\/svm-temp\\\/#\\\/schema\\\/logo\\\/image\\\/\"},\"sameAs\":[\"https:\\\/\\\/www.facebook.com\\\/svenskamagasinet\",\"https:\\\/\\\/x.com\\\/SvenskaMagasine\"]},{\"@type\":\"Person\",\"@id\":\"https:\\\/\\\/lightweb.dev\\\/l\\\/svm-temp\\\/#\\\/schema\\\/person\\\/206a3bda5b607b0c25e1749191e4d837\",\"name\":\"Redaktionen SvM\",\"description\":\"Redaktionen\",\"sameAs\":[\"https:\\\/\\\/lightweb.dev\\\/l\\\/svm-temp\"],\"url\":\"https:\\\/\\\/lightweb.dev\\\/l\\\/svm-temp\\\/reporter\\\/redaktionen\\\/\"}]}<\/script>\n<!-- \/ Yoast SEO Premium plugin. -->","yoast_head_json":{"title":"Mijas Pueblo - en p\u00e4rla p\u00e5 Solkusten - Svenska Magasinet","robots":{"index":"noindex","follow":"follow","max-snippet":"max-snippet:-1","max-image-preview":"max-image-preview:large","max-video-preview":"max-video-preview:-1"},"og_locale":"sv_SE","og_type":"article","og_title":"Mijas Pueblo - en p\u00e4rla p\u00e5 Solkusten","og_description":"Varje halvtimme stiger f\u00f6rv\u00e4ntansfulla turister av bussen i Mijas Pueblo, en av Andalusiens vita byar som blivit omtalade som pittoreska i turistbroschyrer. Jag tror inte bes\u00f6karna blir besvikna. Mijas Pueblo \u00e4r en p\u00e4rla med sina smala kuperade gator, d\u00e4r varuutbudet \u00e4r av h\u00f6gre kvalitet \u00e4n motsvarande turistbutiker l\u00e4ngs kusten. Text: Britt-Marie Ekman Foto: Lennart Ekman [&hellip;]","og_url":"https:\/\/lightweb.dev\/l\/svm-temp\/artiklar\/mijas-pueblo-en-parla-pa-solkusten\/","og_site_name":"Svenska Magasinet","article_publisher":"https:\/\/www.facebook.com\/svenskamagasinet","article_published_time":"2013-06-25T22:00:00+00:00","og_image":[{"width":301,"height":200,"url":"https:\/\/lightweb.dev\/l\/svm-temp\/wp-content\/uploads\/2022\/04\/mijas-pueblo-en-prla-p-solkusten.png","type":"image\/png"}],"author":"Redaktionen SvM","twitter_card":"summary_large_image","twitter_creator":"@SvenskaMagasine","twitter_site":"@SvenskaMagasine","schema":{"@context":"https:\/\/schema.org","@graph":[{"@type":"Article","@id":"https:\/\/lightweb.dev\/l\/svm-temp\/artiklar\/mijas-pueblo-en-parla-pa-solkusten\/#article","isPartOf":{"@id":"https:\/\/lightweb.dev\/l\/svm-temp\/artiklar\/mijas-pueblo-en-parla-pa-solkusten\/"},"author":{"name":"Redaktionen SvM","@id":"https:\/\/lightweb.dev\/l\/svm-temp\/#\/schema\/person\/206a3bda5b607b0c25e1749191e4d837"},"headline":"Mijas Pueblo &#8211; en p\u00e4rla p\u00e5 Solkusten","datePublished":"2013-06-25T22:00:00+00:00","mainEntityOfPage":{"@id":"https:\/\/lightweb.dev\/l\/svm-temp\/artiklar\/mijas-pueblo-en-parla-pa-solkusten\/"},"wordCount":1168,"commentCount":0,"publisher":{"@id":"https:\/\/lightweb.dev\/l\/svm-temp\/#organization"},"image":{"@id":"https:\/\/lightweb.dev\/l\/svm-temp\/artiklar\/mijas-pueblo-en-parla-pa-solkusten\/#primaryimage"},"thumbnailUrl":"https:\/\/lightweb.dev\/l\/svm-temp\/wp-content\/uploads\/2022\/04\/mijas-pueblo-en-prla-p-solkusten.png","articleSection":["Arkiv","Artiklar"],"inLanguage":"sv-SE"},{"@type":"WebPage","@id":"https:\/\/lightweb.dev\/l\/svm-temp\/artiklar\/mijas-pueblo-en-parla-pa-solkusten\/","url":"https:\/\/lightweb.dev\/l\/svm-temp\/artiklar\/mijas-pueblo-en-parla-pa-solkusten\/","name":"Mijas Pueblo - en p\u00e4rla p\u00e5 Solkusten - Svenska Magasinet","isPartOf":{"@id":"https:\/\/lightweb.dev\/l\/svm-temp\/#website"},"primaryImageOfPage":{"@id":"https:\/\/lightweb.dev\/l\/svm-temp\/artiklar\/mijas-pueblo-en-parla-pa-solkusten\/#primaryimage"},"image":{"@id":"https:\/\/lightweb.dev\/l\/svm-temp\/artiklar\/mijas-pueblo-en-parla-pa-solkusten\/#primaryimage"},"thumbnailUrl":"https:\/\/lightweb.dev\/l\/svm-temp\/wp-content\/uploads\/2022\/04\/mijas-pueblo-en-prla-p-solkusten.png","datePublished":"2013-06-25T22:00:00+00:00","breadcrumb":{"@id":"https:\/\/lightweb.dev\/l\/svm-temp\/artiklar\/mijas-pueblo-en-parla-pa-solkusten\/#breadcrumb"},"inLanguage":"sv-SE","potentialAction":[{"@type":"ReadAction","target":["https:\/\/lightweb.dev\/l\/svm-temp\/artiklar\/mijas-pueblo-en-parla-pa-solkusten\/"]}]},{"@type":"ImageObject","inLanguage":"sv-SE","@id":"https:\/\/lightweb.dev\/l\/svm-temp\/artiklar\/mijas-pueblo-en-parla-pa-solkusten\/#primaryimage","url":"https:\/\/lightweb.dev\/l\/svm-temp\/wp-content\/uploads\/2022\/04\/mijas-pueblo-en-prla-p-solkusten.png","contentUrl":"https:\/\/lightweb.dev\/l\/svm-temp\/wp-content\/uploads\/2022\/04\/mijas-pueblo-en-prla-p-solkusten.png","width":301,"height":200},{"@type":"BreadcrumbList","@id":"https:\/\/lightweb.dev\/l\/svm-temp\/artiklar\/mijas-pueblo-en-parla-pa-solkusten\/#breadcrumb","itemListElement":[{"@type":"ListItem","position":1,"name":"Hem","item":"https:\/\/lightweb.dev\/l\/svm-temp\/"},{"@type":"ListItem","position":2,"name":"Mijas Pueblo &#8211; en p\u00e4rla p\u00e5 Solkusten"}]},{"@type":"WebSite","@id":"https:\/\/lightweb.dev\/l\/svm-temp\/#website","url":"https:\/\/lightweb.dev\/l\/svm-temp\/","name":"Svenska Magasinet","description":"Dina Spanska nyheter p&aring; Svenska","publisher":{"@id":"https:\/\/lightweb.dev\/l\/svm-temp\/#organization"},"potentialAction":[{"@type":"SearchAction","target":{"@type":"EntryPoint","urlTemplate":"https:\/\/lightweb.dev\/l\/svm-temp\/?s={search_term_string}"},"query-input":{"@type":"PropertyValueSpecification","valueRequired":true,"valueName":"search_term_string"}}],"inLanguage":"sv-SE"},{"@type":"Organization","@id":"https:\/\/lightweb.dev\/l\/svm-temp\/#organization","name":"Melkerson y Nott SL","alternateName":"Svenska Magasinet","url":"https:\/\/lightweb.dev\/l\/svm-temp\/","logo":{"@type":"ImageObject","inLanguage":"sv-SE","@id":"https:\/\/lightweb.dev\/l\/svm-temp\/#\/schema\/logo\/image\/","url":"https:\/\/lightweb.dev\/l\/svm-temp\/wp-content\/uploads\/2025\/02\/SvM-logo-Xtra-Centrerad-SVART.png","contentUrl":"https:\/\/lightweb.dev\/l\/svm-temp\/wp-content\/uploads\/2025\/02\/SvM-logo-Xtra-Centrerad-SVART.png","width":300,"height":99,"caption":"Melkerson y Nott SL"},"image":{"@id":"https:\/\/lightweb.dev\/l\/svm-temp\/#\/schema\/logo\/image\/"},"sameAs":["https:\/\/www.facebook.com\/svenskamagasinet","https:\/\/x.com\/SvenskaMagasine"]},{"@type":"Person","@id":"https:\/\/lightweb.dev\/l\/svm-temp\/#\/schema\/person\/206a3bda5b607b0c25e1749191e4d837","name":"Redaktionen SvM","description":"Redaktionen","sameAs":["https:\/\/lightweb.dev\/l\/svm-temp"],"url":"https:\/\/lightweb.dev\/l\/svm-temp\/reporter\/redaktionen\/"}]}},"_links":{"self":[{"href":"https:\/\/lightweb.dev\/l\/svm-temp\/wp-json\/wp\/v2\/posts\/4160","targetHints":{"allow":["GET"]}}],"collection":[{"href":"https:\/\/lightweb.dev\/l\/svm-temp\/wp-json\/wp\/v2\/posts"}],"about":[{"href":"https:\/\/lightweb.dev\/l\/svm-temp\/wp-json\/wp\/v2\/types\/post"}],"author":[{"embeddable":true,"href":"https:\/\/lightweb.dev\/l\/svm-temp\/wp-json\/wp\/v2\/users\/8"}],"replies":[{"embeddable":true,"href":"https:\/\/lightweb.dev\/l\/svm-temp\/wp-json\/wp\/v2\/comments?post=4160"}],"version-history":[{"count":0,"href":"https:\/\/lightweb.dev\/l\/svm-temp\/wp-json\/wp\/v2\/posts\/4160\/revisions"}],"wp:featuredmedia":[{"embeddable":true,"href":"https:\/\/lightweb.dev\/l\/svm-temp\/wp-json\/wp\/v2\/media\/4161"}],"wp:attachment":[{"href":"https:\/\/lightweb.dev\/l\/svm-temp\/wp-json\/wp\/v2\/media?parent=4160"}],"wp:term":[{"taxonomy":"category","embeddable":true,"href":"https:\/\/lightweb.dev\/l\/svm-temp\/wp-json\/wp\/v2\/categories?post=4160"},{"taxonomy":"post_tag","embeddable":true,"href":"https:\/\/lightweb.dev\/l\/svm-temp\/wp-json\/wp\/v2\/tags?post=4160"}],"curies":[{"name":"wp","href":"https:\/\/api.w.org\/{rel}","templated":true}]}}