{"id":4174,"date":"2013-06-12T00:00:00","date_gmt":"2013-06-11T22:00:00","guid":{"rendered":"https:\/\/lightweb.dev\/l\/svm-temp\/bilkorningstips-till-semesterfirare\/"},"modified":"2013-06-12T00:00:00","modified_gmt":"2013-06-11T22:00:00","slug":"bilkorningstips-till-semesterfirare","status":"publish","type":"post","link":"https:\/\/lightweb.dev\/l\/svm-temp\/artiklar\/bilkorningstips-till-semesterfirare\/","title":{"rendered":"Bilk\u00f6rningstips till semesterfirare"},"content":{"rendered":"<p> H\u00e4r kommer n\u00e5gra tips f\u00f6r alla semesterbilister p\u00e5 Costa del Sol. &#8211; Var f\u00f6rsiktig i rondeller. I Spanien ser man ofta bilar som ligger i h\u00f6ger fil, fast de skall till v\u00e4nster, och man anv\u00e4nder inte blinkers i rondell k\u00f6rning som vi \u00e4r vana vid i Norden.<\/p>\n<p>&#8211; Det \u00e4r str\u00e4ngeligen f\u00f6rbjudet att prata i mobiltelefon n\u00e4r man k\u00f6r bil. Polisen \u00e4r mycket<br \/>\nuppm\u00e4rksam p\u00e5 detta.<\/p>\n<p>&#8211; I de nya tunnlarna p\u00e5 kusten, San Pedro och Torremolinos, \u00e4r det viktigt att ni sl\u00e5r p\u00e5 lyset och<br \/>\ntar av er solglas\u00f6gonen. M\u00e5nga solglas\u00f6gon kan anv\u00e4ndas inomhus och d\u00e4rf\u00f6r t\u00e4nker man<br \/>\nkanske inte p\u00e5 detta. <\/p>\n<p>&#8211; H\u00e5ll hastigheten. L\u00e4ngs kustv\u00e4gen och i tunnlar finns fasta kameror s\u00e5 var vaksam p\u00e5 detta.<\/p>\n<p>&#8211; Det \u00e4r inte till\u00e5tet att k\u00f6ra bil i flip flops, t\u00e4nk p\u00e5 det n\u00e4r ni k\u00f6r fr\u00e5n stranden. Varf\u00f6r inte k\u00f6pa<br \/>\nett par klassiska espandrillos och ha i bilen just f\u00f6r detta \u00e4ndam\u00e5l.<br \/>\n  &#8211; Kom ih\u00e5g att \u201ch\u00e4lften\u201d av alla bilar p\u00e5 v\u00e4gen \u00e4r hyrbilar. M\u00e5nga f\u00f6rare vet inte vart de ska eller<br \/>\n\u00e4r ute p\u00e5 sightseeing och kan pl\u00f6tsligt sv\u00e4nga eller bromsa utan f\u00f6rvarning.<\/p>\n<p>&#8211; D\u00e4remot \u00e4r det till\u00e5tet att parkera i fel f\u00e4rdriktning vilket \u00e4r nog s\u00e5 viktigt att veta n\u00e4r man skall<br \/>\nparkera i staden.<\/p>\n<p>F\u00e5r ni parkeringsb\u00f6ter s\u00e5 g\u00e5r det tex i Marbella att annullera boten inom 30 min f\u00f6r en kostnad av tre euro. Hinns inte detta med har du chansen att betala halva priset av boten om du betalar inom tv\u00e5 veckor. Betalningen g\u00f6rs p\u00e5 Recargacion Provincial.<\/p>\n<p>I Fuengirola kan du annulera din b\u00f6ter direkt i betalmaskinen upp till tv\u00e5 dagar f\u00f6r en l\u00e5g kosntad.<br \/>\n\u00c4r ni os\u00e4kra s\u00e5 s\u00f6k upp en p-vakt s\u00e5 hj\u00e4lper de till.<\/p>\n","protected":false},"excerpt":{"rendered":"<p>H\u00e4r kommer n\u00e5gra tips f\u00f6r alla semesterbilister p\u00e5 Costa del Sol. &#8211; Var f\u00f6rsiktig i rondeller. I Spanien ser man ofta bilar som ligger i h\u00f6ger fil, fast de skall till v\u00e4nster, och man anv\u00e4nder inte blinkers i rondell k\u00f6rning som vi \u00e4r vana vid i Norden. &#8211; Det \u00e4r str\u00e4ngeligen f\u00f6rbjudet att prata i [&hellip;]<\/p>\n","protected":false},"author":8,"featured_media":4175,"comment_status":"open","ping_status":"open","sticky":false,"template":"","format":"standard","meta":{"_et_pb_use_builder":"","_et_pb_old_content":"","_et_gb_content_width":"","footnotes":""},"categories":[396,4],"tags":[],"class_list":["post-4174","post","type-post","status-publish","format-standard","has-post-thumbnail","hentry","category-arkiv-artiklar","category-artiklar"],"yoast_head":"<!-- This site is optimized with the Yoast SEO Premium plugin v26.2 (Yoast SEO v27.5) - https:\/\/yoast.com\/product\/yoast-seo-premium-wordpress\/ -->\n<title>Bilk\u00f6rningstips till semesterfirare - Svenska Magasinet<\/title>\n<meta name=\"robots\" content=\"noindex, follow, max-snippet:-1, max-image-preview:large, max-video-preview:-1\" \/>\n<meta property=\"og:locale\" content=\"sv_SE\" \/>\n<meta property=\"og:type\" content=\"article\" \/>\n<meta property=\"og:title\" content=\"Bilk\u00f6rningstips till semesterfirare\" \/>\n<meta property=\"og:description\" content=\"H\u00e4r kommer n\u00e5gra tips f\u00f6r alla semesterbilister p\u00e5 Costa del Sol. &#8211; Var f\u00f6rsiktig i rondeller. I Spanien ser man ofta bilar som ligger i h\u00f6ger fil, fast de skall till v\u00e4nster, och man anv\u00e4nder inte blinkers i rondell k\u00f6rning som vi \u00e4r vana vid i Norden. &#8211; Det \u00e4r str\u00e4ngeligen f\u00f6rbjudet att prata i [&hellip;]\" \/>\n<meta property=\"og:url\" content=\"https:\/\/lightweb.dev\/l\/svm-temp\/artiklar\/bilkorningstips-till-semesterfirare\/\" \/>\n<meta property=\"og:site_name\" content=\"Svenska Magasinet\" \/>\n<meta property=\"article:publisher\" content=\"https:\/\/www.facebook.com\/svenskamagasinet\" \/>\n<meta property=\"article:published_time\" content=\"2013-06-11T22:00:00+00:00\" \/>\n<meta property=\"og:image\" content=\"https:\/\/lightweb.dev\/l\/svm-temp\/wp-content\/uploads\/2022\/04\/bilkrningstips-till-semesterfirare.png\" \/>\n\t<meta property=\"og:image:width\" content=\"299\" \/>\n\t<meta property=\"og:image:height\" content=\"200\" \/>\n\t<meta property=\"og:image:type\" content=\"image\/png\" \/>\n<meta name=\"author\" content=\"Redaktionen SvM\" \/>\n<meta name=\"twitter:card\" content=\"summary_large_image\" \/>\n<meta name=\"twitter:creator\" content=\"@SvenskaMagasine\" \/>\n<meta name=\"twitter:site\" content=\"@SvenskaMagasine\" \/>\n<script type=\"application\/ld+json\" class=\"yoast-schema-graph\">{\"@context\":\"https:\\\/\\\/schema.org\",\"@graph\":[{\"@type\":\"Article\",\"@id\":\"https:\\\/\\\/lightweb.dev\\\/l\\\/svm-temp\\\/artiklar\\\/bilkorningstips-till-semesterfirare\\\/#article\",\"isPartOf\":{\"@id\":\"https:\\\/\\\/lightweb.dev\\\/l\\\/svm-temp\\\/artiklar\\\/bilkorningstips-till-semesterfirare\\\/\"},\"author\":{\"name\":\"Redaktionen SvM\",\"@id\":\"https:\\\/\\\/lightweb.dev\\\/l\\\/svm-temp\\\/#\\\/schema\\\/person\\\/206a3bda5b607b0c25e1749191e4d837\"},\"headline\":\"Bilk\u00f6rningstips till semesterfirare\",\"datePublished\":\"2013-06-11T22:00:00+00:00\",\"mainEntityOfPage\":{\"@id\":\"https:\\\/\\\/lightweb.dev\\\/l\\\/svm-temp\\\/artiklar\\\/bilkorningstips-till-semesterfirare\\\/\"},\"wordCount\":343,\"commentCount\":0,\"publisher\":{\"@id\":\"https:\\\/\\\/lightweb.dev\\\/l\\\/svm-temp\\\/#organization\"},\"image\":{\"@id\":\"https:\\\/\\\/lightweb.dev\\\/l\\\/svm-temp\\\/artiklar\\\/bilkorningstips-till-semesterfirare\\\/#primaryimage\"},\"thumbnailUrl\":\"https:\\\/\\\/lightweb.dev\\\/l\\\/svm-temp\\\/wp-content\\\/uploads\\\/2022\\\/04\\\/bilkrningstips-till-semesterfirare.png\",\"articleSection\":[\"Arkiv\",\"Artiklar\"],\"inLanguage\":\"sv-SE\"},{\"@type\":\"WebPage\",\"@id\":\"https:\\\/\\\/lightweb.dev\\\/l\\\/svm-temp\\\/artiklar\\\/bilkorningstips-till-semesterfirare\\\/\",\"url\":\"https:\\\/\\\/lightweb.dev\\\/l\\\/svm-temp\\\/artiklar\\\/bilkorningstips-till-semesterfirare\\\/\",\"name\":\"Bilk\u00f6rningstips till semesterfirare - Svenska Magasinet\",\"isPartOf\":{\"@id\":\"https:\\\/\\\/lightweb.dev\\\/l\\\/svm-temp\\\/#website\"},\"primaryImageOfPage\":{\"@id\":\"https:\\\/\\\/lightweb.dev\\\/l\\\/svm-temp\\\/artiklar\\\/bilkorningstips-till-semesterfirare\\\/#primaryimage\"},\"image\":{\"@id\":\"https:\\\/\\\/lightweb.dev\\\/l\\\/svm-temp\\\/artiklar\\\/bilkorningstips-till-semesterfirare\\\/#primaryimage\"},\"thumbnailUrl\":\"https:\\\/\\\/lightweb.dev\\\/l\\\/svm-temp\\\/wp-content\\\/uploads\\\/2022\\\/04\\\/bilkrningstips-till-semesterfirare.png\",\"datePublished\":\"2013-06-11T22:00:00+00:00\",\"breadcrumb\":{\"@id\":\"https:\\\/\\\/lightweb.dev\\\/l\\\/svm-temp\\\/artiklar\\\/bilkorningstips-till-semesterfirare\\\/#breadcrumb\"},\"inLanguage\":\"sv-SE\",\"potentialAction\":[{\"@type\":\"ReadAction\",\"target\":[\"https:\\\/\\\/lightweb.dev\\\/l\\\/svm-temp\\\/artiklar\\\/bilkorningstips-till-semesterfirare\\\/\"]}]},{\"@type\":\"ImageObject\",\"inLanguage\":\"sv-SE\",\"@id\":\"https:\\\/\\\/lightweb.dev\\\/l\\\/svm-temp\\\/artiklar\\\/bilkorningstips-till-semesterfirare\\\/#primaryimage\",\"url\":\"https:\\\/\\\/lightweb.dev\\\/l\\\/svm-temp\\\/wp-content\\\/uploads\\\/2022\\\/04\\\/bilkrningstips-till-semesterfirare.png\",\"contentUrl\":\"https:\\\/\\\/lightweb.dev\\\/l\\\/svm-temp\\\/wp-content\\\/uploads\\\/2022\\\/04\\\/bilkrningstips-till-semesterfirare.png\",\"width\":299,\"height\":200},{\"@type\":\"BreadcrumbList\",\"@id\":\"https:\\\/\\\/lightweb.dev\\\/l\\\/svm-temp\\\/artiklar\\\/bilkorningstips-till-semesterfirare\\\/#breadcrumb\",\"itemListElement\":[{\"@type\":\"ListItem\",\"position\":1,\"name\":\"Hem\",\"item\":\"https:\\\/\\\/lightweb.dev\\\/l\\\/svm-temp\\\/\"},{\"@type\":\"ListItem\",\"position\":2,\"name\":\"Bilk\u00f6rningstips till semesterfirare\"}]},{\"@type\":\"WebSite\",\"@id\":\"https:\\\/\\\/lightweb.dev\\\/l\\\/svm-temp\\\/#website\",\"url\":\"https:\\\/\\\/lightweb.dev\\\/l\\\/svm-temp\\\/\",\"name\":\"Svenska Magasinet\",\"description\":\"Dina Spanska nyheter p&aring; Svenska\",\"publisher\":{\"@id\":\"https:\\\/\\\/lightweb.dev\\\/l\\\/svm-temp\\\/#organization\"},\"potentialAction\":[{\"@type\":\"SearchAction\",\"target\":{\"@type\":\"EntryPoint\",\"urlTemplate\":\"https:\\\/\\\/lightweb.dev\\\/l\\\/svm-temp\\\/?s={search_term_string}\"},\"query-input\":{\"@type\":\"PropertyValueSpecification\",\"valueRequired\":true,\"valueName\":\"search_term_string\"}}],\"inLanguage\":\"sv-SE\"},{\"@type\":\"Organization\",\"@id\":\"https:\\\/\\\/lightweb.dev\\\/l\\\/svm-temp\\\/#organization\",\"name\":\"Melkerson y Nott SL\",\"alternateName\":\"Svenska Magasinet\",\"url\":\"https:\\\/\\\/lightweb.dev\\\/l\\\/svm-temp\\\/\",\"logo\":{\"@type\":\"ImageObject\",\"inLanguage\":\"sv-SE\",\"@id\":\"https:\\\/\\\/lightweb.dev\\\/l\\\/svm-temp\\\/#\\\/schema\\\/logo\\\/image\\\/\",\"url\":\"https:\\\/\\\/lightweb.dev\\\/l\\\/svm-temp\\\/wp-content\\\/uploads\\\/2025\\\/02\\\/SvM-logo-Xtra-Centrerad-SVART.png\",\"contentUrl\":\"https:\\\/\\\/lightweb.dev\\\/l\\\/svm-temp\\\/wp-content\\\/uploads\\\/2025\\\/02\\\/SvM-logo-Xtra-Centrerad-SVART.png\",\"width\":300,\"height\":99,\"caption\":\"Melkerson y Nott SL\"},\"image\":{\"@id\":\"https:\\\/\\\/lightweb.dev\\\/l\\\/svm-temp\\\/#\\\/schema\\\/logo\\\/image\\\/\"},\"sameAs\":[\"https:\\\/\\\/www.facebook.com\\\/svenskamagasinet\",\"https:\\\/\\\/x.com\\\/SvenskaMagasine\"]},{\"@type\":\"Person\",\"@id\":\"https:\\\/\\\/lightweb.dev\\\/l\\\/svm-temp\\\/#\\\/schema\\\/person\\\/206a3bda5b607b0c25e1749191e4d837\",\"name\":\"Redaktionen SvM\",\"description\":\"Redaktionen\",\"sameAs\":[\"https:\\\/\\\/lightweb.dev\\\/l\\\/svm-temp\"],\"url\":\"https:\\\/\\\/lightweb.dev\\\/l\\\/svm-temp\\\/reporter\\\/redaktionen\\\/\"}]}<\/script>\n<!-- \/ Yoast SEO Premium plugin. -->","yoast_head_json":{"title":"Bilk\u00f6rningstips till semesterfirare - Svenska Magasinet","robots":{"index":"noindex","follow":"follow","max-snippet":"max-snippet:-1","max-image-preview":"max-image-preview:large","max-video-preview":"max-video-preview:-1"},"og_locale":"sv_SE","og_type":"article","og_title":"Bilk\u00f6rningstips till semesterfirare","og_description":"H\u00e4r kommer n\u00e5gra tips f\u00f6r alla semesterbilister p\u00e5 Costa del Sol. &#8211; Var f\u00f6rsiktig i rondeller. I Spanien ser man ofta bilar som ligger i h\u00f6ger fil, fast de skall till v\u00e4nster, och man anv\u00e4nder inte blinkers i rondell k\u00f6rning som vi \u00e4r vana vid i Norden. &#8211; Det \u00e4r str\u00e4ngeligen f\u00f6rbjudet att prata i [&hellip;]","og_url":"https:\/\/lightweb.dev\/l\/svm-temp\/artiklar\/bilkorningstips-till-semesterfirare\/","og_site_name":"Svenska Magasinet","article_publisher":"https:\/\/www.facebook.com\/svenskamagasinet","article_published_time":"2013-06-11T22:00:00+00:00","og_image":[{"width":299,"height":200,"url":"https:\/\/lightweb.dev\/l\/svm-temp\/wp-content\/uploads\/2022\/04\/bilkrningstips-till-semesterfirare.png","type":"image\/png"}],"author":"Redaktionen SvM","twitter_card":"summary_large_image","twitter_creator":"@SvenskaMagasine","twitter_site":"@SvenskaMagasine","schema":{"@context":"https:\/\/schema.org","@graph":[{"@type":"Article","@id":"https:\/\/lightweb.dev\/l\/svm-temp\/artiklar\/bilkorningstips-till-semesterfirare\/#article","isPartOf":{"@id":"https:\/\/lightweb.dev\/l\/svm-temp\/artiklar\/bilkorningstips-till-semesterfirare\/"},"author":{"name":"Redaktionen SvM","@id":"https:\/\/lightweb.dev\/l\/svm-temp\/#\/schema\/person\/206a3bda5b607b0c25e1749191e4d837"},"headline":"Bilk\u00f6rningstips till semesterfirare","datePublished":"2013-06-11T22:00:00+00:00","mainEntityOfPage":{"@id":"https:\/\/lightweb.dev\/l\/svm-temp\/artiklar\/bilkorningstips-till-semesterfirare\/"},"wordCount":343,"commentCount":0,"publisher":{"@id":"https:\/\/lightweb.dev\/l\/svm-temp\/#organization"},"image":{"@id":"https:\/\/lightweb.dev\/l\/svm-temp\/artiklar\/bilkorningstips-till-semesterfirare\/#primaryimage"},"thumbnailUrl":"https:\/\/lightweb.dev\/l\/svm-temp\/wp-content\/uploads\/2022\/04\/bilkrningstips-till-semesterfirare.png","articleSection":["Arkiv","Artiklar"],"inLanguage":"sv-SE"},{"@type":"WebPage","@id":"https:\/\/lightweb.dev\/l\/svm-temp\/artiklar\/bilkorningstips-till-semesterfirare\/","url":"https:\/\/lightweb.dev\/l\/svm-temp\/artiklar\/bilkorningstips-till-semesterfirare\/","name":"Bilk\u00f6rningstips till semesterfirare - Svenska Magasinet","isPartOf":{"@id":"https:\/\/lightweb.dev\/l\/svm-temp\/#website"},"primaryImageOfPage":{"@id":"https:\/\/lightweb.dev\/l\/svm-temp\/artiklar\/bilkorningstips-till-semesterfirare\/#primaryimage"},"image":{"@id":"https:\/\/lightweb.dev\/l\/svm-temp\/artiklar\/bilkorningstips-till-semesterfirare\/#primaryimage"},"thumbnailUrl":"https:\/\/lightweb.dev\/l\/svm-temp\/wp-content\/uploads\/2022\/04\/bilkrningstips-till-semesterfirare.png","datePublished":"2013-06-11T22:00:00+00:00","breadcrumb":{"@id":"https:\/\/lightweb.dev\/l\/svm-temp\/artiklar\/bilkorningstips-till-semesterfirare\/#breadcrumb"},"inLanguage":"sv-SE","potentialAction":[{"@type":"ReadAction","target":["https:\/\/lightweb.dev\/l\/svm-temp\/artiklar\/bilkorningstips-till-semesterfirare\/"]}]},{"@type":"ImageObject","inLanguage":"sv-SE","@id":"https:\/\/lightweb.dev\/l\/svm-temp\/artiklar\/bilkorningstips-till-semesterfirare\/#primaryimage","url":"https:\/\/lightweb.dev\/l\/svm-temp\/wp-content\/uploads\/2022\/04\/bilkrningstips-till-semesterfirare.png","contentUrl":"https:\/\/lightweb.dev\/l\/svm-temp\/wp-content\/uploads\/2022\/04\/bilkrningstips-till-semesterfirare.png","width":299,"height":200},{"@type":"BreadcrumbList","@id":"https:\/\/lightweb.dev\/l\/svm-temp\/artiklar\/bilkorningstips-till-semesterfirare\/#breadcrumb","itemListElement":[{"@type":"ListItem","position":1,"name":"Hem","item":"https:\/\/lightweb.dev\/l\/svm-temp\/"},{"@type":"ListItem","position":2,"name":"Bilk\u00f6rningstips till semesterfirare"}]},{"@type":"WebSite","@id":"https:\/\/lightweb.dev\/l\/svm-temp\/#website","url":"https:\/\/lightweb.dev\/l\/svm-temp\/","name":"Svenska Magasinet","description":"Dina Spanska nyheter p&aring; Svenska","publisher":{"@id":"https:\/\/lightweb.dev\/l\/svm-temp\/#organization"},"potentialAction":[{"@type":"SearchAction","target":{"@type":"EntryPoint","urlTemplate":"https:\/\/lightweb.dev\/l\/svm-temp\/?s={search_term_string}"},"query-input":{"@type":"PropertyValueSpecification","valueRequired":true,"valueName":"search_term_string"}}],"inLanguage":"sv-SE"},{"@type":"Organization","@id":"https:\/\/lightweb.dev\/l\/svm-temp\/#organization","name":"Melkerson y Nott SL","alternateName":"Svenska Magasinet","url":"https:\/\/lightweb.dev\/l\/svm-temp\/","logo":{"@type":"ImageObject","inLanguage":"sv-SE","@id":"https:\/\/lightweb.dev\/l\/svm-temp\/#\/schema\/logo\/image\/","url":"https:\/\/lightweb.dev\/l\/svm-temp\/wp-content\/uploads\/2025\/02\/SvM-logo-Xtra-Centrerad-SVART.png","contentUrl":"https:\/\/lightweb.dev\/l\/svm-temp\/wp-content\/uploads\/2025\/02\/SvM-logo-Xtra-Centrerad-SVART.png","width":300,"height":99,"caption":"Melkerson y Nott SL"},"image":{"@id":"https:\/\/lightweb.dev\/l\/svm-temp\/#\/schema\/logo\/image\/"},"sameAs":["https:\/\/www.facebook.com\/svenskamagasinet","https:\/\/x.com\/SvenskaMagasine"]},{"@type":"Person","@id":"https:\/\/lightweb.dev\/l\/svm-temp\/#\/schema\/person\/206a3bda5b607b0c25e1749191e4d837","name":"Redaktionen SvM","description":"Redaktionen","sameAs":["https:\/\/lightweb.dev\/l\/svm-temp"],"url":"https:\/\/lightweb.dev\/l\/svm-temp\/reporter\/redaktionen\/"}]}},"_links":{"self":[{"href":"https:\/\/lightweb.dev\/l\/svm-temp\/wp-json\/wp\/v2\/posts\/4174","targetHints":{"allow":["GET"]}}],"collection":[{"href":"https:\/\/lightweb.dev\/l\/svm-temp\/wp-json\/wp\/v2\/posts"}],"about":[{"href":"https:\/\/lightweb.dev\/l\/svm-temp\/wp-json\/wp\/v2\/types\/post"}],"author":[{"embeddable":true,"href":"https:\/\/lightweb.dev\/l\/svm-temp\/wp-json\/wp\/v2\/users\/8"}],"replies":[{"embeddable":true,"href":"https:\/\/lightweb.dev\/l\/svm-temp\/wp-json\/wp\/v2\/comments?post=4174"}],"version-history":[{"count":0,"href":"https:\/\/lightweb.dev\/l\/svm-temp\/wp-json\/wp\/v2\/posts\/4174\/revisions"}],"wp:featuredmedia":[{"embeddable":true,"href":"https:\/\/lightweb.dev\/l\/svm-temp\/wp-json\/wp\/v2\/media\/4175"}],"wp:attachment":[{"href":"https:\/\/lightweb.dev\/l\/svm-temp\/wp-json\/wp\/v2\/media?parent=4174"}],"wp:term":[{"taxonomy":"category","embeddable":true,"href":"https:\/\/lightweb.dev\/l\/svm-temp\/wp-json\/wp\/v2\/categories?post=4174"},{"taxonomy":"post_tag","embeddable":true,"href":"https:\/\/lightweb.dev\/l\/svm-temp\/wp-json\/wp\/v2\/tags?post=4174"}],"curies":[{"name":"wp","href":"https:\/\/api.w.org\/{rel}","templated":true}]}}