{"id":4182,"date":"2013-06-12T00:00:00","date_gmt":"2013-06-11T22:00:00","guid":{"rendered":"https:\/\/lightweb.dev\/l\/svm-temp\/darfor-ar-malaga-vart-att-alska\/"},"modified":"2013-06-12T00:00:00","modified_gmt":"2013-06-11T22:00:00","slug":"darfor-ar-malaga-vart-att-alska","status":"publish","type":"post","link":"https:\/\/lightweb.dev\/l\/svm-temp\/artiklar\/darfor-ar-malaga-vart-att-alska\/","title":{"rendered":"D\u00e4rf\u00f6r \u00e4r M\u00e1laga v\u00e4rt att \u00e4lska"},"content":{"rendered":"<p> Senare avg\u00e5ngar med pendelt\u00e5get har \u00f6ppnat upp nya m\u00f6jligheter att stanna lite l\u00e4ngre i den vackra provinshuvudstaden M\u00e1laga som har genomg\u00e5tt en rej\u00e4l ansiktslyftning de senaste \u00e5ren med kustens b\u00e4sta hamnpromenad, kulturutbud, rostr\u00e4dg\u00e5rd och utm\u00e4rkt shopping. Av Ola Josefsson<\/p>\n<p>Med den utbyggda hamnen har kryssningsturisterna hittat till provinshuvudstaden M\u00e1laga. Det har gett ett uppsving i kroglivet och numera \u00e5ker vi till M\u00e1laga f\u00f6r att \u00e4ta gott p\u00e5 kustens b\u00e4sta restauranger och tapasbarer.<\/p>\n<p>M\u00e1laga \u00e4r v\u00e4nligt och tillm\u00f6tesg\u00e5ende och h\u00e4r finns n\u00e5gra av Solkustens b\u00e4sta shoppinggator som Calle Larios och Calle Nueva. Calle Larios som \u00e4r en av Spaniens exklusivaste gator med landets tredje h\u00f6gsta butikshyror. Bara Madrids och Barcelonas shoppingstr\u00f6g \u00e4r dyrare enligt TecniTasa.<br \/>\nP\u00e5 Teatro Cervantes \u00e4r det h\u00f6gklassig underh\u00e5llning i stort sett varje kv\u00e4ll. I h\u00f6stas bj\u00f6d v\u00e4rldstenoren Placido Domingo in till sin egen festival som h\u00f6lls i M\u00e1laga och Sevilla. M\u00e1lagas symfoniorkester drar fulla hus, filmfestival, bokfestival och kulturnatt, Feria de Agosto \u00e4r andra evenemang i den gamla staden som grundades av fenicierna p\u00e5 800-talet f\u00f6re Kristus.<\/p>\n<p>Det \u00e4r snarare regel \u00e4n undantag att byggnadsarbeten stannar upp d\u00e5 gamla l\u00e4mningar uppt\u00e4cks och arkeologer kallas in f\u00f6r att kartl\u00e4gga M\u00e1lagas historia. Fenicierna grundade staden som d\u00e5 hette Malaca. D\u00e4refter har romare, morer, judar och andra folkslag satt sin pr\u00e4gel p\u00e5 M\u00e1laga.<\/p>\n<p>Det \u00e4r l\u00e4tt att promenera i denna vackra stad. G\u00e5gator, parker, tr\u00e4dg\u00e5rdsanl\u00e4ggningar inbjuder till sk\u00f6na promenader. Eller bara att strosa runt nere i hamnen vid nybyggda Muelle Uno \u00e4r avkopplande.<\/p>\n<p>Turistbyr\u00e5n, Oficina de Turismo, vid Plaza de la Marina ovanf\u00f6r hamnen \u00e4r en bra plats att b\u00f6rja vid. Den har \u00f6ppen mellan klockan 9 och 20 och h\u00e4r finns gratis kartor, broschyrer, tidningar samt v\u00e4nlig och hj\u00e4lpsam personal.<\/p>\n<p>Nedanf\u00f6r turistbyr\u00e5n st\u00e5r M\u00e1lagas mest k\u00e4nda staty. HC Andersen-statyn p\u00e5 andra sidan Alameda Principal f\u00e5r urs\u00e4kta. S\u00f6der om turistbyr\u00e5n hittar vi n\u00e4mligen \u201dEl Cenachero de M\u00e1laga\u201d. Den f\u00f6rest\u00e4ller en fiskare som med ett ok \u00f6ver axlarna och tv\u00e5 fiskl\u00e5dor g\u00e5r fr\u00e5n stranden med sin f\u00e5ngst. \u201dEl Cenachero\u201d \u00e4r sinnebilden f\u00f6r det gamla M\u00e1laga och stadens mest k\u00e4nda ikon sedan snart 50 \u00e5r tillbaka. Tillsammans med \u201dbiznaga\u201d och \u201dboquer\u00f3n\u201d \u00e4r \u201dcenachero\u201d ett uttryck f\u00f6r en inf\u00f6dd M\u00e1lagabo eller malague\u00f1o.<\/p>\n<p>Statyn \u00e4r gjord av skulpt\u00f6ren Jaime Fern\u00e1ndez Pimentel som utbildades i Oslo. M\u00e1lagas d\u00e5varande borgm\u00e4stare Francisco Garc\u00eda Grana best\u00e4llde en skulptur av Pimentel som skulle f\u00f6rest\u00e4lla ett typiskt M\u00e1lagamotiv. Det blev fiskaren fr\u00e5n stranden eller \u201dEl Cenachero\u201d som invigdes p\u00e5 D\u00eda de Reyes, den 6 januari 1964. 1989 flyttades statyn till Paseo de la Farola men \u00e5terkom till Plaza de la Marina 2004.<\/p>\n<p>Ett stycke fr\u00e5n Plaza de La Marina ligger den vackra stadsparken som \u00e4r motsvarigheten till huvudstadens Retiropark eller Maria Luisa-parken i Sevilla. Det \u00e4r en traditionell park som kom till redan 1896 och h\u00e4r finns subtropiska v\u00e4xter och inte mindre \u00e4n 13 k\u00e4nda statyer. H\u00e4r st\u00e5r den k\u00e4nde poeten och novellisten Arturo Reyes Aguilar som staty sedan 1964.<\/p>\n<p>Under varma sommardagar s\u00f6ker bes\u00f6kare sig hit f\u00f6r att f\u00e5 skugga, gr\u00f6nska och svalka. Det \u00e4r en fin park att strosa i och h\u00e4r finns skyltar som ber\u00e4ttar om de olika v\u00e4xterna. Norr om stadsparken ligger kommunhuset och den mycket vackra rostr\u00e4dg\u00e5rden Jardines de Pedro Luis Alonso.<\/p>\n<p>Den har nyligen restaurerats och h\u00e4r finns inte mindre \u00e4n 75 olika rosor. Keramiska v\u00e4ggm\u00e5lningar, font\u00e4ner och rinnande vatten bidrar till en sk\u00f6n upplevelse. H\u00e4r finns b\u00e4nkar i skuggan under tr\u00e4den och tr\u00e4dg\u00e5rdsdammar med vattenv\u00e4xter. En avkopplande plats som \u00e4r synonymt med det nya M\u00e1laga som tidigare ans\u00e5gs bullrigt och b\u00f6kigt.<\/p>\n<p>N\u00e4r Svenska Magasinet bes\u00f6ker M\u00e1laga talar alla om tunnelbanan d\u00e4r de tv\u00e5 f\u00f6rsta linjerna \u00f6ppnar i oktober. M\u00e1laga innerstad som har 240.000 inv\u00e5nare och ca 600.000 inv\u00e5nare i kommunen blir landets sjunde med tunnelbana efter Madrid, Barcelona, Bilbao, Sevilla, Valencia och Palma de Mallorca. De senaste sju \u00e5ren har 560 miljoner euro gr\u00e4vts ned i Metron. Under 2013 v\u00e4ntas ytterligare 90,3 miljoner euro. En sj\u00e4ttedel st\u00e5r kommunen f\u00f6r, resten kommer fr\u00e5n regionalregeringen Junta de Andalucia.<\/p>\n<p>Linje 1 och 2 som \u00f6ppnar f\u00f6r trafik i oktober \u00e4r p\u00e5 totalt 11,9 kilometer och har 17 tunnelbanestationer. En resa fr\u00e5n den v\u00e4stra stadsdelen Carretera de C\u00e1diz till universitet kommer att ta 14 minuter. Linje 1 och 2 fram till stadsdelen El Perchel, som ligger sydv\u00e4st om centrum, blir allts\u00e5 f\u00f6rst med trafik. Sedan \u00e5terst\u00e5r linje 3 som g\u00e5r \u00f6sterut mot El Palo som v\u00e4ntas st\u00e5 klar 2016. I b\u00f6rjan av maj var den stora fr\u00e5gan om tunnelbanetrafiken vid Alameda Principal ska g\u00e5 \u00f6ver eller under mark. Alameda Principal \u00e4r den stora huvudgatan med fikustr\u00e4den som sk\u00e4r genom centrum. Gatan som tidigare har hetat Avenida de Alfonso XIII och Avenida del General\u00edsimo. Efter Francos d\u00f6d blev det Alameda Principal.<\/p>\n<p>I skrivande stund lutade det \u00e5t att sp\u00e5ren l\u00e4ggs ovan mark f\u00f6r 40 miljoner euro, ett projekt som skulle st\u00e5 klart 2015. Bygga tunnlar under Alameda Principal skulle kosta 220 miljoner och bli klart f\u00f6rst 2016. H\u00e4r finns b\u00e5de pengar och tid att tj\u00e4na in. Samtidigt st\u00e4ngs omr\u00e5det f\u00f6r biltrafik och blir ett promenadstr\u00e5k.<\/p>\n<p>Os\u00e4kerheten hos allm\u00e4nheten var i skrivande stund s\u00e5 omfattande att regionalregeringen i b\u00f6rjan p\u00e5 maj l\u00e4t \u00f6ppna en webbportal (www.aopandalucia.es\/proyectometromalagaensuperficie) f\u00f6r att \u00f6ka medvetenheten hos befolkningen hur tunnelbaneprojektet i centrum mellan Guadalmedina och Malagueta ska bli. M\u00e1laga kommun vill ha tunnelbanan under jord vid Alameda Principal medan det skuldtyngda Junta de Andalucia ser en m\u00f6jlighet att spara pengar och l\u00e5ta tunnelbanan bli sp\u00e5rvagn vid Alameda Principal genom att installera tv\u00e5 ramper.<\/p>\n<p>Ett omr\u00e5de i M\u00e1laga som genomg\u00e5tt de st\u00f6rsta f\u00f6r\u00e4ndringarna \u00e4r hamnen som numera tar emot v\u00e4rldens st\u00f6rsta kryssningsfartyg det i Finland byggda M\/S Oasis of the Seas. Enligt planerna anl\u00f6per fartygsj\u00e4tten M\u00e1laga hamn tv\u00e5 g\u00e5nger under 2014.<\/p>\n<p>Hamnpromenaden Muelle Uno byggdes f\u00f6r att g\u00f6ra hamnomr\u00e5det snyggare och mer anpassat till kryssningsturisterna med restauranger och butiker. L\u00e4get \u00e4r fantastiskt. H\u00e4r sitter du p\u00e5 f\u00f6rsta parkett. Till v\u00e4nster har du kryssningsfartygen och de v\u00e4ldiga kranarna vid containerfartygen. Framf\u00f6r dig har du segelb\u00e5tar som ligger vid kaj med M\u00e1laga stad, katedralen, borgen Alcazaba, castillo de Gibralfaro och stadsparken som bakgrund. Solen v\u00e4rmer sk\u00f6nt p\u00e5 eftermiddagen och solnedg\u00e5ngen bakom Rondabergen \u00e4r sagolik.<\/p>\n<p>H\u00e4r ligger ett havsmuseum och det planeras f\u00f6r en gourm\u00e9galleria och ett k\u00f6pcentrum. F\u00f6retaget Semon som har gourm\u00e9gallerier och butiker i Madrid och Barcelona ligger b\u00e4st till f\u00f6r att \u00e4ven f\u00e5 projektet i M\u00e1laga.<br \/>\nGourm\u00e9gallerian kommer i s\u00e5 fall att placeras i h\u00f6rnet av Muelle Uno och f\u00e5 ett liknande utseende som de k\u00e4nda galleriorna San Miguel och San Ant\u00f3n i Madrid. Samtidigt kommer antalet b\u00e5tplatser utmed kajen att \u00f6ka till det dubbla. Lyxyachter och segelb\u00e5tar med l\u00e4ngder \u00f6ver 25 meter prioriteras. <\/p>\n<p>Kryssningsturister och andra g\u00e4ster s\u00f6ker g\u00e4rna upp Picasso-museet och Thyssen-museet som \u00e4r tv\u00e5 sockerbitar i stadens kulturutbud. Sk\u00f6n avkoppling f\u00f6r den som s\u00f6ker skugga och svalka i sommarhettan.<br \/>\nMuseerna hittar du i den \u00f6vre delen av centrum. Museo Carmen Thyssen ligger ett stenkast fr\u00e5n Plaza de la Constitucion i slutet av shoppinggatan Calle Larios. Picasso-musset ligger inte l\u00e5ngt fr\u00e5n katedralen i de judiska kvarteren mitt emot romerska teatern.<\/p>\n<p>Vid den gamla romerska teatern tr\u00e4ffar jag gatumusikanten Pedro \u201dQueque\u201d Romero som spelar p\u00e5 harpa. Det finns en hel del gatumusikanter p\u00e5 stadens gator. De flesta \u00e4r rum\u00e4ner som spelar dragspel. Till skillnad mot de flesta skapar Pedro en sk\u00f6n st\u00e4mning vid den romerska teatern med sin harpa. <\/p>\n<p>Hungrig? Restaurang El Chinitas ligger trettio meter in p\u00e5 tv\u00e4rgatan Calle Moreno Monroy till h\u00f6ger fr\u00e5n Calle Larios. Det \u00e4r en av M\u00e1lagas klassiska restauranger med fin konst p\u00e5 v\u00e4ggarna. H\u00e4r finns b\u00e5de tapasbar och restaurangdel och bord utomhus. Pr\u00f6va g\u00e4rna deras skaldjurspaella som enligt min mening \u00e4r en av kustens b\u00e4sta.<\/p>\n<p>Svensk\u00e4gda restaurangen Citron som ligger n\u00e5gra stenkast fr\u00e5n Picassos f\u00f6delsehem vid Plaza de la Merced \u00f6ppnade 2002 och kan ocks\u00e5 rekommenderas. Citron var en av pionj\u00e4rerna n\u00e4r det g\u00e4ller \u201dcross kitchen\u201d i M\u00e1laga och har \u00f6ppet k\u00f6k alla dagar i veckan fr\u00e5n klockan 13.30.<br \/>\nBakom framg\u00e5ngen ligger ett antal klassiker men \u00e4ven f\u00f6rm\u00e5gan att utvecklas och f\u00f6rnya sig. Citron erbjuder exempelvis ett flertal glutenfria alternativ och tar in allt fler ekologiska produkter i sin matlagning. P\u00e5 torsdagar och s\u00f6ndagar \u00e4r det jazz klockan 20 och 22.<\/p>\n<p>Visste du att&#8230;<br \/>\nM\u00e1laga har alltid dragit till sig m\u00e5nga svenska spr\u00e5kstudenter. Mysiga stadsdelen Pedregalejo p\u00e5 \u00f6stra sidan lockar flest. H\u00e4r ligger n\u00e5gra av de fr\u00e4msta spr\u00e5kskolorna.<br \/>\nSveriges honor\u00e4rkonsulat ligger p\u00e5 Calle C\u00f3rdoba 6, lokal nummer 501, och har \u00f6ppet mellan klockan 10 till 13. Provinsen M\u00e1laga har haft ett svenskt konsulat sedan 1737.<br \/>\nSaluhallen med anor fr\u00e5n 1879 har \u00f6ppet mellan klockan 9 och 15. Missa inte den!<br \/>\nPendelt\u00e5get fr\u00e5n Fuengirola till M\u00e1laga kostar sju euro t\/r f\u00f6r vuxen.<\/p>\n","protected":false},"excerpt":{"rendered":"<p>Senare avg\u00e5ngar med pendelt\u00e5get har \u00f6ppnat upp nya m\u00f6jligheter att stanna lite l\u00e4ngre i den vackra provinshuvudstaden M\u00e1laga som har genomg\u00e5tt en rej\u00e4l ansiktslyftning de senaste \u00e5ren med kustens b\u00e4sta hamnpromenad, kulturutbud, rostr\u00e4dg\u00e5rd och utm\u00e4rkt shopping. Av Ola Josefsson Med den utbyggda hamnen har kryssningsturisterna hittat till provinshuvudstaden M\u00e1laga. Det har gett ett uppsving i [&hellip;]<\/p>\n","protected":false},"author":8,"featured_media":4183,"comment_status":"open","ping_status":"open","sticky":false,"template":"","format":"standard","meta":{"_et_pb_use_builder":"","_et_pb_old_content":"","_et_gb_content_width":"","footnotes":""},"categories":[396,4],"tags":[],"class_list":["post-4182","post","type-post","status-publish","format-standard","has-post-thumbnail","hentry","category-arkiv-artiklar","category-artiklar"],"yoast_head":"<!-- This site is optimized with the Yoast SEO Premium plugin v26.2 (Yoast SEO v27.5) - https:\/\/yoast.com\/product\/yoast-seo-premium-wordpress\/ -->\n<title>D\u00e4rf\u00f6r \u00e4r M\u00e1laga v\u00e4rt att \u00e4lska - Svenska Magasinet<\/title>\n<meta name=\"robots\" content=\"noindex, follow, max-snippet:-1, max-image-preview:large, max-video-preview:-1\" \/>\n<meta property=\"og:locale\" content=\"sv_SE\" \/>\n<meta property=\"og:type\" content=\"article\" \/>\n<meta property=\"og:title\" content=\"D\u00e4rf\u00f6r \u00e4r M\u00e1laga v\u00e4rt att \u00e4lska\" \/>\n<meta property=\"og:description\" content=\"Senare avg\u00e5ngar med pendelt\u00e5get har \u00f6ppnat upp nya m\u00f6jligheter att stanna lite l\u00e4ngre i den vackra provinshuvudstaden M\u00e1laga som har genomg\u00e5tt en rej\u00e4l ansiktslyftning de senaste \u00e5ren med kustens b\u00e4sta hamnpromenad, kulturutbud, rostr\u00e4dg\u00e5rd och utm\u00e4rkt shopping. Av Ola Josefsson Med den utbyggda hamnen har kryssningsturisterna hittat till provinshuvudstaden M\u00e1laga. Det har gett ett uppsving i [&hellip;]\" \/>\n<meta property=\"og:url\" content=\"https:\/\/lightweb.dev\/l\/svm-temp\/artiklar\/darfor-ar-malaga-vart-att-alska\/\" \/>\n<meta property=\"og:site_name\" content=\"Svenska Magasinet\" \/>\n<meta property=\"article:publisher\" content=\"https:\/\/www.facebook.com\/svenskamagasinet\" \/>\n<meta property=\"article:published_time\" content=\"2013-06-11T22:00:00+00:00\" \/>\n<meta property=\"og:image\" content=\"https:\/\/lightweb.dev\/l\/svm-temp\/wp-content\/uploads\/2022\/04\/drfr-r-mlaga-vrt-att-lska.png\" \/>\n\t<meta property=\"og:image:width\" content=\"299\" \/>\n\t<meta property=\"og:image:height\" content=\"200\" \/>\n\t<meta property=\"og:image:type\" content=\"image\/png\" \/>\n<meta name=\"author\" content=\"Redaktionen SvM\" \/>\n<meta name=\"twitter:card\" content=\"summary_large_image\" \/>\n<meta name=\"twitter:creator\" content=\"@SvenskaMagasine\" \/>\n<meta name=\"twitter:site\" content=\"@SvenskaMagasine\" \/>\n<script type=\"application\/ld+json\" class=\"yoast-schema-graph\">{\"@context\":\"https:\\\/\\\/schema.org\",\"@graph\":[{\"@type\":\"Article\",\"@id\":\"https:\\\/\\\/lightweb.dev\\\/l\\\/svm-temp\\\/artiklar\\\/darfor-ar-malaga-vart-att-alska\\\/#article\",\"isPartOf\":{\"@id\":\"https:\\\/\\\/lightweb.dev\\\/l\\\/svm-temp\\\/artiklar\\\/darfor-ar-malaga-vart-att-alska\\\/\"},\"author\":{\"name\":\"Redaktionen SvM\",\"@id\":\"https:\\\/\\\/lightweb.dev\\\/l\\\/svm-temp\\\/#\\\/schema\\\/person\\\/206a3bda5b607b0c25e1749191e4d837\"},\"headline\":\"D\u00e4rf\u00f6r \u00e4r M\u00e1laga v\u00e4rt att \u00e4lska\",\"datePublished\":\"2013-06-11T22:00:00+00:00\",\"mainEntityOfPage\":{\"@id\":\"https:\\\/\\\/lightweb.dev\\\/l\\\/svm-temp\\\/artiklar\\\/darfor-ar-malaga-vart-att-alska\\\/\"},\"wordCount\":1659,\"commentCount\":0,\"publisher\":{\"@id\":\"https:\\\/\\\/lightweb.dev\\\/l\\\/svm-temp\\\/#organization\"},\"image\":{\"@id\":\"https:\\\/\\\/lightweb.dev\\\/l\\\/svm-temp\\\/artiklar\\\/darfor-ar-malaga-vart-att-alska\\\/#primaryimage\"},\"thumbnailUrl\":\"https:\\\/\\\/lightweb.dev\\\/l\\\/svm-temp\\\/wp-content\\\/uploads\\\/2022\\\/04\\\/drfr-r-mlaga-vrt-att-lska.png\",\"articleSection\":[\"Arkiv\",\"Artiklar\"],\"inLanguage\":\"sv-SE\"},{\"@type\":\"WebPage\",\"@id\":\"https:\\\/\\\/lightweb.dev\\\/l\\\/svm-temp\\\/artiklar\\\/darfor-ar-malaga-vart-att-alska\\\/\",\"url\":\"https:\\\/\\\/lightweb.dev\\\/l\\\/svm-temp\\\/artiklar\\\/darfor-ar-malaga-vart-att-alska\\\/\",\"name\":\"D\u00e4rf\u00f6r \u00e4r M\u00e1laga v\u00e4rt att \u00e4lska - Svenska Magasinet\",\"isPartOf\":{\"@id\":\"https:\\\/\\\/lightweb.dev\\\/l\\\/svm-temp\\\/#website\"},\"primaryImageOfPage\":{\"@id\":\"https:\\\/\\\/lightweb.dev\\\/l\\\/svm-temp\\\/artiklar\\\/darfor-ar-malaga-vart-att-alska\\\/#primaryimage\"},\"image\":{\"@id\":\"https:\\\/\\\/lightweb.dev\\\/l\\\/svm-temp\\\/artiklar\\\/darfor-ar-malaga-vart-att-alska\\\/#primaryimage\"},\"thumbnailUrl\":\"https:\\\/\\\/lightweb.dev\\\/l\\\/svm-temp\\\/wp-content\\\/uploads\\\/2022\\\/04\\\/drfr-r-mlaga-vrt-att-lska.png\",\"datePublished\":\"2013-06-11T22:00:00+00:00\",\"breadcrumb\":{\"@id\":\"https:\\\/\\\/lightweb.dev\\\/l\\\/svm-temp\\\/artiklar\\\/darfor-ar-malaga-vart-att-alska\\\/#breadcrumb\"},\"inLanguage\":\"sv-SE\",\"potentialAction\":[{\"@type\":\"ReadAction\",\"target\":[\"https:\\\/\\\/lightweb.dev\\\/l\\\/svm-temp\\\/artiklar\\\/darfor-ar-malaga-vart-att-alska\\\/\"]}]},{\"@type\":\"ImageObject\",\"inLanguage\":\"sv-SE\",\"@id\":\"https:\\\/\\\/lightweb.dev\\\/l\\\/svm-temp\\\/artiklar\\\/darfor-ar-malaga-vart-att-alska\\\/#primaryimage\",\"url\":\"https:\\\/\\\/lightweb.dev\\\/l\\\/svm-temp\\\/wp-content\\\/uploads\\\/2022\\\/04\\\/drfr-r-mlaga-vrt-att-lska.png\",\"contentUrl\":\"https:\\\/\\\/lightweb.dev\\\/l\\\/svm-temp\\\/wp-content\\\/uploads\\\/2022\\\/04\\\/drfr-r-mlaga-vrt-att-lska.png\",\"width\":299,\"height\":200},{\"@type\":\"BreadcrumbList\",\"@id\":\"https:\\\/\\\/lightweb.dev\\\/l\\\/svm-temp\\\/artiklar\\\/darfor-ar-malaga-vart-att-alska\\\/#breadcrumb\",\"itemListElement\":[{\"@type\":\"ListItem\",\"position\":1,\"name\":\"Hem\",\"item\":\"https:\\\/\\\/lightweb.dev\\\/l\\\/svm-temp\\\/\"},{\"@type\":\"ListItem\",\"position\":2,\"name\":\"D\u00e4rf\u00f6r \u00e4r M\u00e1laga v\u00e4rt att \u00e4lska\"}]},{\"@type\":\"WebSite\",\"@id\":\"https:\\\/\\\/lightweb.dev\\\/l\\\/svm-temp\\\/#website\",\"url\":\"https:\\\/\\\/lightweb.dev\\\/l\\\/svm-temp\\\/\",\"name\":\"Svenska Magasinet\",\"description\":\"Dina Spanska nyheter p&aring; Svenska\",\"publisher\":{\"@id\":\"https:\\\/\\\/lightweb.dev\\\/l\\\/svm-temp\\\/#organization\"},\"potentialAction\":[{\"@type\":\"SearchAction\",\"target\":{\"@type\":\"EntryPoint\",\"urlTemplate\":\"https:\\\/\\\/lightweb.dev\\\/l\\\/svm-temp\\\/?s={search_term_string}\"},\"query-input\":{\"@type\":\"PropertyValueSpecification\",\"valueRequired\":true,\"valueName\":\"search_term_string\"}}],\"inLanguage\":\"sv-SE\"},{\"@type\":\"Organization\",\"@id\":\"https:\\\/\\\/lightweb.dev\\\/l\\\/svm-temp\\\/#organization\",\"name\":\"Melkerson y Nott SL\",\"alternateName\":\"Svenska Magasinet\",\"url\":\"https:\\\/\\\/lightweb.dev\\\/l\\\/svm-temp\\\/\",\"logo\":{\"@type\":\"ImageObject\",\"inLanguage\":\"sv-SE\",\"@id\":\"https:\\\/\\\/lightweb.dev\\\/l\\\/svm-temp\\\/#\\\/schema\\\/logo\\\/image\\\/\",\"url\":\"https:\\\/\\\/lightweb.dev\\\/l\\\/svm-temp\\\/wp-content\\\/uploads\\\/2025\\\/02\\\/SvM-logo-Xtra-Centrerad-SVART.png\",\"contentUrl\":\"https:\\\/\\\/lightweb.dev\\\/l\\\/svm-temp\\\/wp-content\\\/uploads\\\/2025\\\/02\\\/SvM-logo-Xtra-Centrerad-SVART.png\",\"width\":300,\"height\":99,\"caption\":\"Melkerson y Nott SL\"},\"image\":{\"@id\":\"https:\\\/\\\/lightweb.dev\\\/l\\\/svm-temp\\\/#\\\/schema\\\/logo\\\/image\\\/\"},\"sameAs\":[\"https:\\\/\\\/www.facebook.com\\\/svenskamagasinet\",\"https:\\\/\\\/x.com\\\/SvenskaMagasine\"]},{\"@type\":\"Person\",\"@id\":\"https:\\\/\\\/lightweb.dev\\\/l\\\/svm-temp\\\/#\\\/schema\\\/person\\\/206a3bda5b607b0c25e1749191e4d837\",\"name\":\"Redaktionen SvM\",\"description\":\"Redaktionen\",\"sameAs\":[\"https:\\\/\\\/lightweb.dev\\\/l\\\/svm-temp\"],\"url\":\"https:\\\/\\\/lightweb.dev\\\/l\\\/svm-temp\\\/reporter\\\/redaktionen\\\/\"}]}<\/script>\n<!-- \/ Yoast SEO Premium plugin. -->","yoast_head_json":{"title":"D\u00e4rf\u00f6r \u00e4r M\u00e1laga v\u00e4rt att \u00e4lska - Svenska Magasinet","robots":{"index":"noindex","follow":"follow","max-snippet":"max-snippet:-1","max-image-preview":"max-image-preview:large","max-video-preview":"max-video-preview:-1"},"og_locale":"sv_SE","og_type":"article","og_title":"D\u00e4rf\u00f6r \u00e4r M\u00e1laga v\u00e4rt att \u00e4lska","og_description":"Senare avg\u00e5ngar med pendelt\u00e5get har \u00f6ppnat upp nya m\u00f6jligheter att stanna lite l\u00e4ngre i den vackra provinshuvudstaden M\u00e1laga som har genomg\u00e5tt en rej\u00e4l ansiktslyftning de senaste \u00e5ren med kustens b\u00e4sta hamnpromenad, kulturutbud, rostr\u00e4dg\u00e5rd och utm\u00e4rkt shopping. Av Ola Josefsson Med den utbyggda hamnen har kryssningsturisterna hittat till provinshuvudstaden M\u00e1laga. Det har gett ett uppsving i [&hellip;]","og_url":"https:\/\/lightweb.dev\/l\/svm-temp\/artiklar\/darfor-ar-malaga-vart-att-alska\/","og_site_name":"Svenska Magasinet","article_publisher":"https:\/\/www.facebook.com\/svenskamagasinet","article_published_time":"2013-06-11T22:00:00+00:00","og_image":[{"width":299,"height":200,"url":"https:\/\/lightweb.dev\/l\/svm-temp\/wp-content\/uploads\/2022\/04\/drfr-r-mlaga-vrt-att-lska.png","type":"image\/png"}],"author":"Redaktionen SvM","twitter_card":"summary_large_image","twitter_creator":"@SvenskaMagasine","twitter_site":"@SvenskaMagasine","schema":{"@context":"https:\/\/schema.org","@graph":[{"@type":"Article","@id":"https:\/\/lightweb.dev\/l\/svm-temp\/artiklar\/darfor-ar-malaga-vart-att-alska\/#article","isPartOf":{"@id":"https:\/\/lightweb.dev\/l\/svm-temp\/artiklar\/darfor-ar-malaga-vart-att-alska\/"},"author":{"name":"Redaktionen SvM","@id":"https:\/\/lightweb.dev\/l\/svm-temp\/#\/schema\/person\/206a3bda5b607b0c25e1749191e4d837"},"headline":"D\u00e4rf\u00f6r \u00e4r M\u00e1laga v\u00e4rt att \u00e4lska","datePublished":"2013-06-11T22:00:00+00:00","mainEntityOfPage":{"@id":"https:\/\/lightweb.dev\/l\/svm-temp\/artiklar\/darfor-ar-malaga-vart-att-alska\/"},"wordCount":1659,"commentCount":0,"publisher":{"@id":"https:\/\/lightweb.dev\/l\/svm-temp\/#organization"},"image":{"@id":"https:\/\/lightweb.dev\/l\/svm-temp\/artiklar\/darfor-ar-malaga-vart-att-alska\/#primaryimage"},"thumbnailUrl":"https:\/\/lightweb.dev\/l\/svm-temp\/wp-content\/uploads\/2022\/04\/drfr-r-mlaga-vrt-att-lska.png","articleSection":["Arkiv","Artiklar"],"inLanguage":"sv-SE"},{"@type":"WebPage","@id":"https:\/\/lightweb.dev\/l\/svm-temp\/artiklar\/darfor-ar-malaga-vart-att-alska\/","url":"https:\/\/lightweb.dev\/l\/svm-temp\/artiklar\/darfor-ar-malaga-vart-att-alska\/","name":"D\u00e4rf\u00f6r \u00e4r M\u00e1laga v\u00e4rt att \u00e4lska - Svenska Magasinet","isPartOf":{"@id":"https:\/\/lightweb.dev\/l\/svm-temp\/#website"},"primaryImageOfPage":{"@id":"https:\/\/lightweb.dev\/l\/svm-temp\/artiklar\/darfor-ar-malaga-vart-att-alska\/#primaryimage"},"image":{"@id":"https:\/\/lightweb.dev\/l\/svm-temp\/artiklar\/darfor-ar-malaga-vart-att-alska\/#primaryimage"},"thumbnailUrl":"https:\/\/lightweb.dev\/l\/svm-temp\/wp-content\/uploads\/2022\/04\/drfr-r-mlaga-vrt-att-lska.png","datePublished":"2013-06-11T22:00:00+00:00","breadcrumb":{"@id":"https:\/\/lightweb.dev\/l\/svm-temp\/artiklar\/darfor-ar-malaga-vart-att-alska\/#breadcrumb"},"inLanguage":"sv-SE","potentialAction":[{"@type":"ReadAction","target":["https:\/\/lightweb.dev\/l\/svm-temp\/artiklar\/darfor-ar-malaga-vart-att-alska\/"]}]},{"@type":"ImageObject","inLanguage":"sv-SE","@id":"https:\/\/lightweb.dev\/l\/svm-temp\/artiklar\/darfor-ar-malaga-vart-att-alska\/#primaryimage","url":"https:\/\/lightweb.dev\/l\/svm-temp\/wp-content\/uploads\/2022\/04\/drfr-r-mlaga-vrt-att-lska.png","contentUrl":"https:\/\/lightweb.dev\/l\/svm-temp\/wp-content\/uploads\/2022\/04\/drfr-r-mlaga-vrt-att-lska.png","width":299,"height":200},{"@type":"BreadcrumbList","@id":"https:\/\/lightweb.dev\/l\/svm-temp\/artiklar\/darfor-ar-malaga-vart-att-alska\/#breadcrumb","itemListElement":[{"@type":"ListItem","position":1,"name":"Hem","item":"https:\/\/lightweb.dev\/l\/svm-temp\/"},{"@type":"ListItem","position":2,"name":"D\u00e4rf\u00f6r \u00e4r M\u00e1laga v\u00e4rt att \u00e4lska"}]},{"@type":"WebSite","@id":"https:\/\/lightweb.dev\/l\/svm-temp\/#website","url":"https:\/\/lightweb.dev\/l\/svm-temp\/","name":"Svenska Magasinet","description":"Dina Spanska nyheter p&aring; Svenska","publisher":{"@id":"https:\/\/lightweb.dev\/l\/svm-temp\/#organization"},"potentialAction":[{"@type":"SearchAction","target":{"@type":"EntryPoint","urlTemplate":"https:\/\/lightweb.dev\/l\/svm-temp\/?s={search_term_string}"},"query-input":{"@type":"PropertyValueSpecification","valueRequired":true,"valueName":"search_term_string"}}],"inLanguage":"sv-SE"},{"@type":"Organization","@id":"https:\/\/lightweb.dev\/l\/svm-temp\/#organization","name":"Melkerson y Nott SL","alternateName":"Svenska Magasinet","url":"https:\/\/lightweb.dev\/l\/svm-temp\/","logo":{"@type":"ImageObject","inLanguage":"sv-SE","@id":"https:\/\/lightweb.dev\/l\/svm-temp\/#\/schema\/logo\/image\/","url":"https:\/\/lightweb.dev\/l\/svm-temp\/wp-content\/uploads\/2025\/02\/SvM-logo-Xtra-Centrerad-SVART.png","contentUrl":"https:\/\/lightweb.dev\/l\/svm-temp\/wp-content\/uploads\/2025\/02\/SvM-logo-Xtra-Centrerad-SVART.png","width":300,"height":99,"caption":"Melkerson y Nott SL"},"image":{"@id":"https:\/\/lightweb.dev\/l\/svm-temp\/#\/schema\/logo\/image\/"},"sameAs":["https:\/\/www.facebook.com\/svenskamagasinet","https:\/\/x.com\/SvenskaMagasine"]},{"@type":"Person","@id":"https:\/\/lightweb.dev\/l\/svm-temp\/#\/schema\/person\/206a3bda5b607b0c25e1749191e4d837","name":"Redaktionen SvM","description":"Redaktionen","sameAs":["https:\/\/lightweb.dev\/l\/svm-temp"],"url":"https:\/\/lightweb.dev\/l\/svm-temp\/reporter\/redaktionen\/"}]}},"_links":{"self":[{"href":"https:\/\/lightweb.dev\/l\/svm-temp\/wp-json\/wp\/v2\/posts\/4182","targetHints":{"allow":["GET"]}}],"collection":[{"href":"https:\/\/lightweb.dev\/l\/svm-temp\/wp-json\/wp\/v2\/posts"}],"about":[{"href":"https:\/\/lightweb.dev\/l\/svm-temp\/wp-json\/wp\/v2\/types\/post"}],"author":[{"embeddable":true,"href":"https:\/\/lightweb.dev\/l\/svm-temp\/wp-json\/wp\/v2\/users\/8"}],"replies":[{"embeddable":true,"href":"https:\/\/lightweb.dev\/l\/svm-temp\/wp-json\/wp\/v2\/comments?post=4182"}],"version-history":[{"count":0,"href":"https:\/\/lightweb.dev\/l\/svm-temp\/wp-json\/wp\/v2\/posts\/4182\/revisions"}],"wp:featuredmedia":[{"embeddable":true,"href":"https:\/\/lightweb.dev\/l\/svm-temp\/wp-json\/wp\/v2\/media\/4183"}],"wp:attachment":[{"href":"https:\/\/lightweb.dev\/l\/svm-temp\/wp-json\/wp\/v2\/media?parent=4182"}],"wp:term":[{"taxonomy":"category","embeddable":true,"href":"https:\/\/lightweb.dev\/l\/svm-temp\/wp-json\/wp\/v2\/categories?post=4182"},{"taxonomy":"post_tag","embeddable":true,"href":"https:\/\/lightweb.dev\/l\/svm-temp\/wp-json\/wp\/v2\/tags?post=4182"}],"curies":[{"name":"wp","href":"https:\/\/api.w.org\/{rel}","templated":true}]}}