{"id":4186,"date":"2013-06-12T00:00:00","date_gmt":"2013-06-11T22:00:00","guid":{"rendered":"https:\/\/lightweb.dev\/l\/svm-temp\/spanien-just-nu-marbella-ar-loket\/"},"modified":"2013-06-12T00:00:00","modified_gmt":"2013-06-11T22:00:00","slug":"spanien-just-nu-marbella-ar-loket","status":"publish","type":"post","link":"https:\/\/lightweb.dev\/l\/svm-temp\/artiklar\/spanien-just-nu-marbella-ar-loket\/","title":{"rendered":"Spanien just nu \u2013 Marbella \u00e4r loket"},"content":{"rendered":"<p> Bilden av flashiga Marbella h\u00e5ller p\u00e5 att \u00e5terst\u00e4llas. Det har varit n\u00e5gra tuffa \u00e5r sedan den 29 mars 2006 d\u00e5 spansk nationalpolis stormade kommunhus och grep ett antal kommunpampar. \u00c1ngeles Mu\u00f1oz tog \u00f6ver som borgm\u00e4stare i maj 2007 och har sedan dess f\u00f6rs\u00f6kt \u00e5terst\u00e4lla Marbella skamfilade ryckte med korruption, urusel ekonomi och illegala fastigheter. Av Ola Josefsson<\/p>\n<p>Efter polistillslaget 2006 var Marbella d\u00f6ende, som en mycket sjuk patient med svag puls. Marbella som under \u00e5rtionden hade varit en besjungen turistmetropol.<\/p>\n<p>\u201dJag har varit p\u00e5 semester i Marbella och bara t\u00e4nker och dr\u00f6mmer espa\u00f1ol. Mitt hem g\u00e5r mest i r\u00f6dgult kan man s\u00e4ja sj\u00e4lv har jag solbr\u00e4nnan lyckligt i beh\u00e5ll. Eviva Espa\u00f1a, det h\u00e4r, ni, det \u00e4r romantik.<br \/>\nS\u00e5 sitter man apatiskt h\u00e4r och deppar n\u00e4r regnet \u00f6ser och livet g\u00e5r i moll. Kommer p\u00e5 mej att forma mina l\u00e4ppar till ord som \u201dplaya\u201d och \u201dcosta\u201d och \u201ddel sol\u201d.<\/p>\n<p>Det var Leif Nilsson som skrev den svenska texten till 1973 \u00e5rs schlager som f\u00f6rst hade spelats in i Belgien tv\u00e5 \u00e5r tidigare. Den v\u00e4ckte skandal i det svenska folkhemmet och artisten Sylvia Vrethammar fick motta telefonhot och blev kallad fascist. S\u00e5ngen som var en hyllning till sommaren saknade politisk betydelse enligt henne sj\u00e4lv. Men inte i Palmes Sverige.<\/p>\n<p>Nu \u00e4r Marbella \u00e5terigen p\u00e5 allas l\u00e4ppar. Platsen som l\u00e4r ha f\u00e5tt sitt namn d\u00e5 drottning Isabel utropade \u201dMar tan bella\u201d, vilket vackert hav, har haft sina upp -och nedg\u00e5ngar. N\u00e4r president Fran\u00e7ois Mitterrand vann valet i Frankrike 1981 drevs de rika p\u00e5 flykt fr\u00e5n Rivieran med sina lustjakter. De valde att i st\u00e4llet ankra i Puerto Ban\u00fas som hade byggts av Jos\u00e9 Ban\u00fas Masdeu.<\/p>\n<p>Samma byggare och aff\u00e4rsman som l\u00e4t uppf\u00f6ra \u201dValle de los Ca\u00eddos\u201d eller De stupades dal utanf\u00f6r Madrid d\u00e4r m\u00e4ngder av offer fr\u00e5n spanska inb\u00f6rdeskriget ligger begravda. Jos\u00e9 Ban\u00fas Masdeu kom till Solkusten 1962 och b\u00f6rjade bygga stadsdelen Nueva Andaluc\u00eda och Puerto Ban\u00fas.<\/p>\n<p>Marbella v\u00e4xte fram som ett nytt Cannes, Monte Carlo, Palm Springs, St Moritz eller Acapulco. Hit drogs namn som Saudis kung Fahd och vapenhandlaren Adnan Khashoggi som d\u00e5 var \u00e4gare till Marbellas st\u00f6rsta bostad Al Baraka. Om Rysslands president Vladimir Putin nu \u00e4r spekulant p\u00e5 Al Baraka \u00e4r inte helt klarlagt, men ryktena g\u00e5r.<\/p>\n<p>Khashoggi \u00e4gde ocks\u00e5 lyxjakten Nabila, vars toalettkranar var av guld, och som anv\u00e4ndes i en James Bond-film. Khashoggis n\u00e4rmaste v\u00e4nner var sk\u00e5despelare, miljard\u00e4rer, shejker och presidenter. En av g\u00e4sterna som kom p\u00e5 bes\u00f6k till Al Baraka i Marbella var Usame Bin Laden&#8230;<\/p>\n<p>K\u00e4ndisar som Gunilla von Bismarck, dotter till Anne Marie Tengbom och Otto von Bismarck, drogs till Marbella liksom Baron Heinrich Thyssen-Bornemisza med sin Titi, sk\u00f6nhetsdrottning 1961 under namnet Carmen. Baronessan som fick \u00e4rva den vackra konst som vi kan se i museum i Madrid och M\u00e1laga och som b\u00e4r namnet Thyssen.<\/p>\n<p>Om Marbella var en d\u00f6dssjuk patient med svag puls har tillst\u00e5ndet f\u00f6rb\u00e4ttrats de senaste \u00e5ren. Det s\u00e4gs i inre kretsar att n\u00e4r USA:s f\u00f6rsta dam Michelle Obama med dottern Sasha valde att semestra n\u00e5gra dagar p\u00e5 Marbellas \u201dMilla de Oro\u201d f\u00f6r tre \u00e5r sedan s\u00e5 var det v\u00e4ndpunkten.<\/p>\n<p>F\u00f6r politiker, sport och -filmstj\u00e4rnor har Marbella blivit en tummelplats synonymt med lyx och fl\u00e4rd. I omr\u00e5dena La Zagaleta och Santa Margarita k\u00f6per du en bostad f\u00f6r mellan fyra till 30 miljoner euro. H\u00e4r existerar ingen ekonomisk kris vilket m\u00e4rks i f\u00f6rs\u00e4ljningen av lyxartiklar som Rolex-klockor som har \u00f6kat med 33 procent. F\u00f6rs\u00e4ljningen av Jaguar och andra lyxbilar med priser p\u00e5 \u00f6ver 100.000 euro har stigit med 50 procent \u2013 i Marbella som innehar tredjeplatsen i Spanien efter Madrid och Barcelona d\u00e4r det s\u00e4ljs flest lyxartiklar.<\/p>\n<p>Som ett resultat av en framg\u00e5ngsrik marknadsf\u00f6ring i rika arabl\u00e4nder och Ryssland. Och p\u00e5 6.000 l\u00e5ngflygningar med flygbolaget British Airlines som visar en film om att k\u00f6pa bostad i Marbella.<br \/>\nL\u00e4ser i provinsens st\u00f6rsta dagstidning, Diario SUR, att det utf\u00f6rdes 3.600 fastighetsoperationer under fjol\u00e5ret mellan Nerja och Manilva. 60 procent av dessa gjordes i \u201dTri\u00e1ngulo de Oro\u201d, guldtriangeln d\u00e4r Marbella, Banahav\u00eds och Estepona ing\u00e5r.<\/p>\n<p>Brittiska medborgare, tyskar, ryssar f\u00f6ljt av skandinaver \u00e4r de som i f\u00f6rsta hand lockas till den sydspanska metropolen. I sommar arrangeras den andra upplagan av musikfestivalen Starlite med n\u00e5gra av Spaniens st\u00f6rsta internationella artister plus UB 40 som i skrivande stund har tackat ja till en inbjudan att upptr\u00e4da i det gamla stenbrottet La Cantera de Nag\u00fceles.<\/p>\n<p>I m\u00e5nadsskiftet maj\/juni arrangerades Marbella Luxury Weekend. Bakom evenemanget som blir \u00e5terkommande st\u00e5r kommunen och lokala f\u00f6retag f\u00f6r att skapa global PR. Marbella Luxury Weekend \u00e4r ett skyltf\u00f6nster f\u00f6r v\u00e4rlden d\u00e4r Marbella visare upp vad de har att erbjuda. Puerto Ban\u00fas hade huvudrollen n\u00e4r mode, lyxbilar, konst, design och mat visades upp under fyra dagar.<\/p>\n<p>Det k\u00e4nns att Marbella \u00e4r p\u00e5 G igen. Marbella \u00e4r loket som drar resen\u00e4rer och k\u00e4ndisar till den spanska Solkusten. <\/p>\n","protected":false},"excerpt":{"rendered":"<p>Bilden av flashiga Marbella h\u00e5ller p\u00e5 att \u00e5terst\u00e4llas. Det har varit n\u00e5gra tuffa \u00e5r sedan den 29 mars 2006 d\u00e5 spansk nationalpolis stormade kommunhus och grep ett antal kommunpampar. \u00c1ngeles Mu\u00f1oz tog \u00f6ver som borgm\u00e4stare i maj 2007 och har sedan dess f\u00f6rs\u00f6kt \u00e5terst\u00e4lla Marbella skamfilade ryckte med korruption, urusel ekonomi och illegala fastigheter. Av [&hellip;]<\/p>\n","protected":false},"author":8,"featured_media":4187,"comment_status":"open","ping_status":"open","sticky":false,"template":"","format":"standard","meta":{"_et_pb_use_builder":"","_et_pb_old_content":"","_et_gb_content_width":"","footnotes":""},"categories":[4,36],"tags":[],"class_list":["post-4186","post","type-post","status-publish","format-standard","has-post-thumbnail","hentry","category-artiklar","category-spanien-just-nu"],"yoast_head":"<!-- This site is optimized with the Yoast SEO Premium plugin v26.2 (Yoast SEO v27.5) - https:\/\/yoast.com\/product\/yoast-seo-premium-wordpress\/ -->\n<title>Spanien just nu \u2013 Marbella \u00e4r loket - Svenska Magasinet<\/title>\n<meta name=\"robots\" content=\"noindex, follow, max-snippet:-1, max-image-preview:large, max-video-preview:-1\" \/>\n<meta property=\"og:locale\" content=\"sv_SE\" \/>\n<meta property=\"og:type\" content=\"article\" \/>\n<meta property=\"og:title\" content=\"Spanien just nu \u2013 Marbella \u00e4r loket\" \/>\n<meta property=\"og:description\" content=\"Bilden av flashiga Marbella h\u00e5ller p\u00e5 att \u00e5terst\u00e4llas. Det har varit n\u00e5gra tuffa \u00e5r sedan den 29 mars 2006 d\u00e5 spansk nationalpolis stormade kommunhus och grep ett antal kommunpampar. \u00c1ngeles Mu\u00f1oz tog \u00f6ver som borgm\u00e4stare i maj 2007 och har sedan dess f\u00f6rs\u00f6kt \u00e5terst\u00e4lla Marbella skamfilade ryckte med korruption, urusel ekonomi och illegala fastigheter. Av [&hellip;]\" \/>\n<meta property=\"og:url\" content=\"https:\/\/lightweb.dev\/l\/svm-temp\/artiklar\/spanien-just-nu-marbella-ar-loket\/\" \/>\n<meta property=\"og:site_name\" content=\"Svenska Magasinet\" \/>\n<meta property=\"article:publisher\" content=\"https:\/\/www.facebook.com\/svenskamagasinet\" \/>\n<meta property=\"article:published_time\" content=\"2013-06-11T22:00:00+00:00\" \/>\n<meta property=\"og:image\" content=\"https:\/\/lightweb.dev\/l\/svm-temp\/wp-content\/uploads\/2022\/04\/spanien-just-nu-marbella-r-loket.png\" \/>\n\t<meta property=\"og:image:width\" content=\"280\" \/>\n\t<meta property=\"og:image:height\" content=\"419\" \/>\n\t<meta property=\"og:image:type\" content=\"image\/png\" \/>\n<meta name=\"author\" content=\"Redaktionen SvM\" \/>\n<meta name=\"twitter:card\" content=\"summary_large_image\" \/>\n<meta name=\"twitter:creator\" content=\"@SvenskaMagasine\" \/>\n<meta name=\"twitter:site\" content=\"@SvenskaMagasine\" \/>\n<script type=\"application\/ld+json\" class=\"yoast-schema-graph\">{\"@context\":\"https:\\\/\\\/schema.org\",\"@graph\":[{\"@type\":\"Article\",\"@id\":\"https:\\\/\\\/lightweb.dev\\\/l\\\/svm-temp\\\/artiklar\\\/spanien-just-nu-marbella-ar-loket\\\/#article\",\"isPartOf\":{\"@id\":\"https:\\\/\\\/lightweb.dev\\\/l\\\/svm-temp\\\/artiklar\\\/spanien-just-nu-marbella-ar-loket\\\/\"},\"author\":{\"name\":\"Redaktionen SvM\",\"@id\":\"https:\\\/\\\/lightweb.dev\\\/l\\\/svm-temp\\\/#\\\/schema\\\/person\\\/206a3bda5b607b0c25e1749191e4d837\"},\"headline\":\"Spanien just nu \u2013 Marbella \u00e4r loket\",\"datePublished\":\"2013-06-11T22:00:00+00:00\",\"mainEntityOfPage\":{\"@id\":\"https:\\\/\\\/lightweb.dev\\\/l\\\/svm-temp\\\/artiklar\\\/spanien-just-nu-marbella-ar-loket\\\/\"},\"wordCount\":903,\"commentCount\":0,\"publisher\":{\"@id\":\"https:\\\/\\\/lightweb.dev\\\/l\\\/svm-temp\\\/#organization\"},\"image\":{\"@id\":\"https:\\\/\\\/lightweb.dev\\\/l\\\/svm-temp\\\/artiklar\\\/spanien-just-nu-marbella-ar-loket\\\/#primaryimage\"},\"thumbnailUrl\":\"https:\\\/\\\/lightweb.dev\\\/l\\\/svm-temp\\\/wp-content\\\/uploads\\\/2022\\\/04\\\/spanien-just-nu-marbella-r-loket.png\",\"articleSection\":[\"Artiklar\",\"Spanien just nu\"],\"inLanguage\":\"sv-SE\"},{\"@type\":\"WebPage\",\"@id\":\"https:\\\/\\\/lightweb.dev\\\/l\\\/svm-temp\\\/artiklar\\\/spanien-just-nu-marbella-ar-loket\\\/\",\"url\":\"https:\\\/\\\/lightweb.dev\\\/l\\\/svm-temp\\\/artiklar\\\/spanien-just-nu-marbella-ar-loket\\\/\",\"name\":\"Spanien just nu \u2013 Marbella \u00e4r loket - Svenska Magasinet\",\"isPartOf\":{\"@id\":\"https:\\\/\\\/lightweb.dev\\\/l\\\/svm-temp\\\/#website\"},\"primaryImageOfPage\":{\"@id\":\"https:\\\/\\\/lightweb.dev\\\/l\\\/svm-temp\\\/artiklar\\\/spanien-just-nu-marbella-ar-loket\\\/#primaryimage\"},\"image\":{\"@id\":\"https:\\\/\\\/lightweb.dev\\\/l\\\/svm-temp\\\/artiklar\\\/spanien-just-nu-marbella-ar-loket\\\/#primaryimage\"},\"thumbnailUrl\":\"https:\\\/\\\/lightweb.dev\\\/l\\\/svm-temp\\\/wp-content\\\/uploads\\\/2022\\\/04\\\/spanien-just-nu-marbella-r-loket.png\",\"datePublished\":\"2013-06-11T22:00:00+00:00\",\"breadcrumb\":{\"@id\":\"https:\\\/\\\/lightweb.dev\\\/l\\\/svm-temp\\\/artiklar\\\/spanien-just-nu-marbella-ar-loket\\\/#breadcrumb\"},\"inLanguage\":\"sv-SE\",\"potentialAction\":[{\"@type\":\"ReadAction\",\"target\":[\"https:\\\/\\\/lightweb.dev\\\/l\\\/svm-temp\\\/artiklar\\\/spanien-just-nu-marbella-ar-loket\\\/\"]}]},{\"@type\":\"ImageObject\",\"inLanguage\":\"sv-SE\",\"@id\":\"https:\\\/\\\/lightweb.dev\\\/l\\\/svm-temp\\\/artiklar\\\/spanien-just-nu-marbella-ar-loket\\\/#primaryimage\",\"url\":\"https:\\\/\\\/lightweb.dev\\\/l\\\/svm-temp\\\/wp-content\\\/uploads\\\/2022\\\/04\\\/spanien-just-nu-marbella-r-loket.png\",\"contentUrl\":\"https:\\\/\\\/lightweb.dev\\\/l\\\/svm-temp\\\/wp-content\\\/uploads\\\/2022\\\/04\\\/spanien-just-nu-marbella-r-loket.png\",\"width\":280,\"height\":419},{\"@type\":\"BreadcrumbList\",\"@id\":\"https:\\\/\\\/lightweb.dev\\\/l\\\/svm-temp\\\/artiklar\\\/spanien-just-nu-marbella-ar-loket\\\/#breadcrumb\",\"itemListElement\":[{\"@type\":\"ListItem\",\"position\":1,\"name\":\"Hem\",\"item\":\"https:\\\/\\\/lightweb.dev\\\/l\\\/svm-temp\\\/\"},{\"@type\":\"ListItem\",\"position\":2,\"name\":\"Spanien just nu \u2013 Marbella \u00e4r loket\"}]},{\"@type\":\"WebSite\",\"@id\":\"https:\\\/\\\/lightweb.dev\\\/l\\\/svm-temp\\\/#website\",\"url\":\"https:\\\/\\\/lightweb.dev\\\/l\\\/svm-temp\\\/\",\"name\":\"Svenska Magasinet\",\"description\":\"Dina Spanska nyheter p&aring; Svenska\",\"publisher\":{\"@id\":\"https:\\\/\\\/lightweb.dev\\\/l\\\/svm-temp\\\/#organization\"},\"potentialAction\":[{\"@type\":\"SearchAction\",\"target\":{\"@type\":\"EntryPoint\",\"urlTemplate\":\"https:\\\/\\\/lightweb.dev\\\/l\\\/svm-temp\\\/?s={search_term_string}\"},\"query-input\":{\"@type\":\"PropertyValueSpecification\",\"valueRequired\":true,\"valueName\":\"search_term_string\"}}],\"inLanguage\":\"sv-SE\"},{\"@type\":\"Organization\",\"@id\":\"https:\\\/\\\/lightweb.dev\\\/l\\\/svm-temp\\\/#organization\",\"name\":\"Melkerson y Nott SL\",\"alternateName\":\"Svenska Magasinet\",\"url\":\"https:\\\/\\\/lightweb.dev\\\/l\\\/svm-temp\\\/\",\"logo\":{\"@type\":\"ImageObject\",\"inLanguage\":\"sv-SE\",\"@id\":\"https:\\\/\\\/lightweb.dev\\\/l\\\/svm-temp\\\/#\\\/schema\\\/logo\\\/image\\\/\",\"url\":\"https:\\\/\\\/lightweb.dev\\\/l\\\/svm-temp\\\/wp-content\\\/uploads\\\/2025\\\/02\\\/SvM-logo-Xtra-Centrerad-SVART.png\",\"contentUrl\":\"https:\\\/\\\/lightweb.dev\\\/l\\\/svm-temp\\\/wp-content\\\/uploads\\\/2025\\\/02\\\/SvM-logo-Xtra-Centrerad-SVART.png\",\"width\":300,\"height\":99,\"caption\":\"Melkerson y Nott SL\"},\"image\":{\"@id\":\"https:\\\/\\\/lightweb.dev\\\/l\\\/svm-temp\\\/#\\\/schema\\\/logo\\\/image\\\/\"},\"sameAs\":[\"https:\\\/\\\/www.facebook.com\\\/svenskamagasinet\",\"https:\\\/\\\/x.com\\\/SvenskaMagasine\"]},{\"@type\":\"Person\",\"@id\":\"https:\\\/\\\/lightweb.dev\\\/l\\\/svm-temp\\\/#\\\/schema\\\/person\\\/206a3bda5b607b0c25e1749191e4d837\",\"name\":\"Redaktionen SvM\",\"description\":\"Redaktionen\",\"sameAs\":[\"https:\\\/\\\/lightweb.dev\\\/l\\\/svm-temp\"],\"url\":\"https:\\\/\\\/lightweb.dev\\\/l\\\/svm-temp\\\/reporter\\\/redaktionen\\\/\"}]}<\/script>\n<!-- \/ Yoast SEO Premium plugin. -->","yoast_head_json":{"title":"Spanien just nu \u2013 Marbella \u00e4r loket - Svenska Magasinet","robots":{"index":"noindex","follow":"follow","max-snippet":"max-snippet:-1","max-image-preview":"max-image-preview:large","max-video-preview":"max-video-preview:-1"},"og_locale":"sv_SE","og_type":"article","og_title":"Spanien just nu \u2013 Marbella \u00e4r loket","og_description":"Bilden av flashiga Marbella h\u00e5ller p\u00e5 att \u00e5terst\u00e4llas. Det har varit n\u00e5gra tuffa \u00e5r sedan den 29 mars 2006 d\u00e5 spansk nationalpolis stormade kommunhus och grep ett antal kommunpampar. \u00c1ngeles Mu\u00f1oz tog \u00f6ver som borgm\u00e4stare i maj 2007 och har sedan dess f\u00f6rs\u00f6kt \u00e5terst\u00e4lla Marbella skamfilade ryckte med korruption, urusel ekonomi och illegala fastigheter. Av [&hellip;]","og_url":"https:\/\/lightweb.dev\/l\/svm-temp\/artiklar\/spanien-just-nu-marbella-ar-loket\/","og_site_name":"Svenska Magasinet","article_publisher":"https:\/\/www.facebook.com\/svenskamagasinet","article_published_time":"2013-06-11T22:00:00+00:00","og_image":[{"width":280,"height":419,"url":"https:\/\/lightweb.dev\/l\/svm-temp\/wp-content\/uploads\/2022\/04\/spanien-just-nu-marbella-r-loket.png","type":"image\/png"}],"author":"Redaktionen SvM","twitter_card":"summary_large_image","twitter_creator":"@SvenskaMagasine","twitter_site":"@SvenskaMagasine","schema":{"@context":"https:\/\/schema.org","@graph":[{"@type":"Article","@id":"https:\/\/lightweb.dev\/l\/svm-temp\/artiklar\/spanien-just-nu-marbella-ar-loket\/#article","isPartOf":{"@id":"https:\/\/lightweb.dev\/l\/svm-temp\/artiklar\/spanien-just-nu-marbella-ar-loket\/"},"author":{"name":"Redaktionen SvM","@id":"https:\/\/lightweb.dev\/l\/svm-temp\/#\/schema\/person\/206a3bda5b607b0c25e1749191e4d837"},"headline":"Spanien just nu \u2013 Marbella \u00e4r loket","datePublished":"2013-06-11T22:00:00+00:00","mainEntityOfPage":{"@id":"https:\/\/lightweb.dev\/l\/svm-temp\/artiklar\/spanien-just-nu-marbella-ar-loket\/"},"wordCount":903,"commentCount":0,"publisher":{"@id":"https:\/\/lightweb.dev\/l\/svm-temp\/#organization"},"image":{"@id":"https:\/\/lightweb.dev\/l\/svm-temp\/artiklar\/spanien-just-nu-marbella-ar-loket\/#primaryimage"},"thumbnailUrl":"https:\/\/lightweb.dev\/l\/svm-temp\/wp-content\/uploads\/2022\/04\/spanien-just-nu-marbella-r-loket.png","articleSection":["Artiklar","Spanien just nu"],"inLanguage":"sv-SE"},{"@type":"WebPage","@id":"https:\/\/lightweb.dev\/l\/svm-temp\/artiklar\/spanien-just-nu-marbella-ar-loket\/","url":"https:\/\/lightweb.dev\/l\/svm-temp\/artiklar\/spanien-just-nu-marbella-ar-loket\/","name":"Spanien just nu \u2013 Marbella \u00e4r loket - Svenska Magasinet","isPartOf":{"@id":"https:\/\/lightweb.dev\/l\/svm-temp\/#website"},"primaryImageOfPage":{"@id":"https:\/\/lightweb.dev\/l\/svm-temp\/artiklar\/spanien-just-nu-marbella-ar-loket\/#primaryimage"},"image":{"@id":"https:\/\/lightweb.dev\/l\/svm-temp\/artiklar\/spanien-just-nu-marbella-ar-loket\/#primaryimage"},"thumbnailUrl":"https:\/\/lightweb.dev\/l\/svm-temp\/wp-content\/uploads\/2022\/04\/spanien-just-nu-marbella-r-loket.png","datePublished":"2013-06-11T22:00:00+00:00","breadcrumb":{"@id":"https:\/\/lightweb.dev\/l\/svm-temp\/artiklar\/spanien-just-nu-marbella-ar-loket\/#breadcrumb"},"inLanguage":"sv-SE","potentialAction":[{"@type":"ReadAction","target":["https:\/\/lightweb.dev\/l\/svm-temp\/artiklar\/spanien-just-nu-marbella-ar-loket\/"]}]},{"@type":"ImageObject","inLanguage":"sv-SE","@id":"https:\/\/lightweb.dev\/l\/svm-temp\/artiklar\/spanien-just-nu-marbella-ar-loket\/#primaryimage","url":"https:\/\/lightweb.dev\/l\/svm-temp\/wp-content\/uploads\/2022\/04\/spanien-just-nu-marbella-r-loket.png","contentUrl":"https:\/\/lightweb.dev\/l\/svm-temp\/wp-content\/uploads\/2022\/04\/spanien-just-nu-marbella-r-loket.png","width":280,"height":419},{"@type":"BreadcrumbList","@id":"https:\/\/lightweb.dev\/l\/svm-temp\/artiklar\/spanien-just-nu-marbella-ar-loket\/#breadcrumb","itemListElement":[{"@type":"ListItem","position":1,"name":"Hem","item":"https:\/\/lightweb.dev\/l\/svm-temp\/"},{"@type":"ListItem","position":2,"name":"Spanien just nu \u2013 Marbella \u00e4r loket"}]},{"@type":"WebSite","@id":"https:\/\/lightweb.dev\/l\/svm-temp\/#website","url":"https:\/\/lightweb.dev\/l\/svm-temp\/","name":"Svenska Magasinet","description":"Dina Spanska nyheter p&aring; Svenska","publisher":{"@id":"https:\/\/lightweb.dev\/l\/svm-temp\/#organization"},"potentialAction":[{"@type":"SearchAction","target":{"@type":"EntryPoint","urlTemplate":"https:\/\/lightweb.dev\/l\/svm-temp\/?s={search_term_string}"},"query-input":{"@type":"PropertyValueSpecification","valueRequired":true,"valueName":"search_term_string"}}],"inLanguage":"sv-SE"},{"@type":"Organization","@id":"https:\/\/lightweb.dev\/l\/svm-temp\/#organization","name":"Melkerson y Nott SL","alternateName":"Svenska Magasinet","url":"https:\/\/lightweb.dev\/l\/svm-temp\/","logo":{"@type":"ImageObject","inLanguage":"sv-SE","@id":"https:\/\/lightweb.dev\/l\/svm-temp\/#\/schema\/logo\/image\/","url":"https:\/\/lightweb.dev\/l\/svm-temp\/wp-content\/uploads\/2025\/02\/SvM-logo-Xtra-Centrerad-SVART.png","contentUrl":"https:\/\/lightweb.dev\/l\/svm-temp\/wp-content\/uploads\/2025\/02\/SvM-logo-Xtra-Centrerad-SVART.png","width":300,"height":99,"caption":"Melkerson y Nott SL"},"image":{"@id":"https:\/\/lightweb.dev\/l\/svm-temp\/#\/schema\/logo\/image\/"},"sameAs":["https:\/\/www.facebook.com\/svenskamagasinet","https:\/\/x.com\/SvenskaMagasine"]},{"@type":"Person","@id":"https:\/\/lightweb.dev\/l\/svm-temp\/#\/schema\/person\/206a3bda5b607b0c25e1749191e4d837","name":"Redaktionen SvM","description":"Redaktionen","sameAs":["https:\/\/lightweb.dev\/l\/svm-temp"],"url":"https:\/\/lightweb.dev\/l\/svm-temp\/reporter\/redaktionen\/"}]}},"_links":{"self":[{"href":"https:\/\/lightweb.dev\/l\/svm-temp\/wp-json\/wp\/v2\/posts\/4186","targetHints":{"allow":["GET"]}}],"collection":[{"href":"https:\/\/lightweb.dev\/l\/svm-temp\/wp-json\/wp\/v2\/posts"}],"about":[{"href":"https:\/\/lightweb.dev\/l\/svm-temp\/wp-json\/wp\/v2\/types\/post"}],"author":[{"embeddable":true,"href":"https:\/\/lightweb.dev\/l\/svm-temp\/wp-json\/wp\/v2\/users\/8"}],"replies":[{"embeddable":true,"href":"https:\/\/lightweb.dev\/l\/svm-temp\/wp-json\/wp\/v2\/comments?post=4186"}],"version-history":[{"count":0,"href":"https:\/\/lightweb.dev\/l\/svm-temp\/wp-json\/wp\/v2\/posts\/4186\/revisions"}],"wp:featuredmedia":[{"embeddable":true,"href":"https:\/\/lightweb.dev\/l\/svm-temp\/wp-json\/wp\/v2\/media\/4187"}],"wp:attachment":[{"href":"https:\/\/lightweb.dev\/l\/svm-temp\/wp-json\/wp\/v2\/media?parent=4186"}],"wp:term":[{"taxonomy":"category","embeddable":true,"href":"https:\/\/lightweb.dev\/l\/svm-temp\/wp-json\/wp\/v2\/categories?post=4186"},{"taxonomy":"post_tag","embeddable":true,"href":"https:\/\/lightweb.dev\/l\/svm-temp\/wp-json\/wp\/v2\/tags?post=4186"}],"curies":[{"name":"wp","href":"https:\/\/api.w.org\/{rel}","templated":true}]}}