{"id":4190,"date":"2013-06-12T00:00:00","date_gmt":"2013-06-11T22:00:00","guid":{"rendered":"https:\/\/lightweb.dev\/l\/svm-temp\/spaniensvenskar-fick-e-postkonton-kapade-falsk-vadjan-om-hjalp\/"},"modified":"2013-06-12T00:00:00","modified_gmt":"2013-06-11T22:00:00","slug":"spaniensvenskar-fick-e-postkonton-kapade-falsk-vadjan-om-hjalp","status":"publish","type":"post","link":"https:\/\/lightweb.dev\/l\/svm-temp\/artiklar\/spaniensvenskar-fick-e-postkonton-kapade-falsk-vadjan-om-hjalp\/","title":{"rendered":"Spaniensvenskar fick e-postkonton kapade \u2013 falsk v\u00e4djan om hj\u00e4lp"},"content":{"rendered":"<p> I dagsl\u00e4get r\u00f6r det sig om minst ett tiotal svenskar p\u00e5 solkusten som har f\u00e5tt sina konton kapade vilket har lett till en falsk v\u00e4djan om hj\u00e4lp. De drabbade \u00e4r nu fullt upptagna med att f\u00f6rklara vad som har h\u00e4nt f\u00f6r hundratals v\u00e4nner och mottagare. Flera polisanm\u00e4lningar har gjorts. Av Ola Josefsson<\/p>\n<p>Svenska Magasinets redaktion har mottagit e-post fr\u00e5n flera svenskar p\u00e5 Solkusten som har f\u00e5tt sina e-postkonton vid Gmail och Yahoo kapade. Fr\u00e5n de kapade kontona har det skickats ut hundratals tiggarmejl till kontakter och v\u00e4nner att personen blivit r\u00e5nad p\u00e5 pass, pengar, kreditkort och returbiljett vid bes\u00f6k i Storbritannien och p\u00e5 Cypern.<\/p>\n<p>\u201dJag \u00e4r inte p\u00e5 Cypern, mitt konto har blivit kapat. Maila eller skicka inga pengar, tack\u201d skriver en svensk dam p\u00e5 Solkusten vars e-postkonto blev kapat i slutet p\u00e5 maj. D\u00e4refter var hon fullt upptagen med att meddela sina v\u00e4nner genom en ny e-postadress att hon inte hade r\u00e5kat illa ut.<\/p>\n<p>Flera drabbade har f\u00e5tt oroliga telefonsamtal fr\u00e5n v\u00e4nner och bekanta. En svensk man p\u00e5 Solkusten ber\u00e4ttar f\u00f6r Svenska Magasinet att han var p\u00e5 v\u00e4g till banken f\u00f6r att skicka \u00f6ver pengar till sin v\u00e4n&#8230;.<br \/>\n&#8211; Jag gick p\u00e5 det och h\u00f6ll p\u00e5 att fylla i en Western Union-blankett p\u00e5 postkontoret n\u00e4r en v\u00e4n som avsl\u00f6jat bedr\u00e4geriet stoppade mej.<\/p>\n<p>En annan av de drabbade \u00e4r Svante Fogelberg i Mijas Costa.<br \/>\n&#8211; Jag tog hustruns dator och gick in p\u00e5 hennes e-post och besvarade de som hade kapat \u201dmitt\u201d e-postkonto. Efter en l\u00e4ngre konversation kom vi \u00f6verens om att jag skulle s\u00e4tta in 1.300 euro som kaparna bad om p\u00e5 ett konto i Birmingham. N\u00e4r jag hade f\u00e5tt alla detaljer s\u00e5 ringde jag polisen i Birmingham, s\u00e4ger Svante Fogelberg.<\/p>\n<p>Svenska Magasinet har tagit del av den e-postkorrespondens som Svante har haft med kaparna. De \u00f6nskar att pengarna ska skickas via Western Union och de uppger adressen 101 Newhall Street Birmingham, B3 1LH, United Kingdom.<br \/>\n&#8211; Jag har vidarebefordrat min e-postkorrespondens till polisen i West Midlands distriktet som skulle ta tag i det. \u00c4nnu har jag inte h\u00f6rt n\u00e5gonting ifr\u00e5n dem.<br \/>\n&#8211; Jag avtalade med kaparna att pengarna skulle vara framme klockan 14 en viss dag. Jag ber\u00e4ttade f\u00f6r polisen som sa att de skulle vara p\u00e5 plats vid bankkontoret f\u00f6r att se om n\u00e5gon kom f\u00f6r att h\u00e4mta pengarna. Men jag har inte h\u00f6rt n\u00e5got mer.<\/p>\n<p>Polisen ber\u00e4ttade f\u00f6r Svante att det \u00e4r vanligt med kapade e-postkonton, n\u00e5got som inte har h\u00f6g prioritet f\u00f6r polisen. I regel sitter kaparna i Pakistan eller i n\u00e5got \u00f6steuropeiskt land och skriver. De har kurir p\u00e5 plats som springer och h\u00e4mtar pengarna p\u00e5 det angivna bankkontoret.<\/p>\n<p>Enligt uppgifter till Svenska Magasinet har e-postadministrat\u00f6ren Yahoo drabbats av en omfattande hackerattack.<\/p>\n<p>Fick du som e-postanv\u00e4ndare n\u00e5got automatiskt varningsmeddelande om att obeh\u00f6riga anv\u00e4nt ditt e-postkonto?<br \/>\n&#8211; Nej, det har jag inte. Yahoo har bara gett r\u00e5det att jag ska byta l\u00f6senord och avsluta kontot. N\u00e5got mer kan jag inte g\u00f6ra, s\u00e4ger Svante Fogelberg.<\/p>\n<p>Att n\u00e5gon kapar en anv\u00e4ndares e-postkonto h\u00e4nder titt som t\u00e4tt n\u00e5got som upplevs mycket obehagligt. En person hackar sig in p\u00e5 ett e-postkonto och s\u00e4nder ut spam till alla p\u00e5 adresslistan d\u00e4r \u201djag\u201d ber om pengar i en n\u00f6dsituation. Hackaren har \u00e4ven \u00e4ndrat l\u00f6senord och den e-postadress dit man kan best\u00e4lla nytt passord vilket g\u00f6r att den drabbade inte kan komma \u00e5t sitt konto.<\/p>\n<p>Trots polisanm\u00e4lningar och klagom\u00e5l till de som administrerar e-postkonto h\u00e4nder i regel ingenting.<br \/>\n&#8211; Allt bidrar till en massa besv\u00e4r. Jag har haft e-postkontot sedan 1998 och hade runt 400 kontakter plus all e-post jag skickat och mottagit som nu \u00e4r borta. Nu h\u00e5ller jag p\u00e5 med att s\u00f6ka r\u00e4tt p\u00e5 mina kontakter f\u00f6r att e-posta dem fr\u00e5n ett nytt konto och ber\u00e4tta vad som har h\u00e4nt, ber\u00e4ttar Svante Fogelberg.<\/p>\n<p>\u00c4ven i Sverige har flera drabbats. Sydsvenska Dagbladet uppger att brittiska Channel 4 news har unders\u00f6kt hackerattacken mot Yahoo och h\u00e4vdar att FBI redan har sp\u00e5rat k\u00e4llan, en tidigare k\u00e4nd rysk hackare som har agerat via nu blockerade servrar i Kalifornien.<\/p>\n<p>Tidigare har det rapporterats om att Google har uppt\u00e4ckt hundratals kapade Gmail-konton. Bland m\u00e5ltavlorna fanns h\u00f6gre amerikanska tj\u00e4nstem\u00e4n, kinesiska politiska aktivister, milit\u00e4rer, journalister och tj\u00e4nstem\u00e4n. Tekniska sp\u00e5r den g\u00e5ngen pekade mot att attackerna skulle komma fr\u00e5n Jinan, Kina. Det f\u00f6rnekades den g\u00e5ngen av kinesiska staten.<\/p>\n<p>Svante Fogelberg vill g\u00e4rna komma i kontakt med andra personer som har r\u00e5kat ut f\u00f6r samma sak. Svante har telefonnummer 667 435 738. <\/p>\n","protected":false},"excerpt":{"rendered":"<p>I dagsl\u00e4get r\u00f6r det sig om minst ett tiotal svenskar p\u00e5 solkusten som har f\u00e5tt sina konton kapade vilket har lett till en falsk v\u00e4djan om hj\u00e4lp. De drabbade \u00e4r nu fullt upptagna med att f\u00f6rklara vad som har h\u00e4nt f\u00f6r hundratals v\u00e4nner och mottagare. Flera polisanm\u00e4lningar har gjorts. Av Ola Josefsson Svenska Magasinets redaktion [&hellip;]<\/p>\n","protected":false},"author":8,"featured_media":4191,"comment_status":"open","ping_status":"open","sticky":false,"template":"","format":"standard","meta":{"_et_pb_use_builder":"","_et_pb_old_content":"","_et_gb_content_width":"","footnotes":""},"categories":[396,4],"tags":[],"class_list":["post-4190","post","type-post","status-publish","format-standard","has-post-thumbnail","hentry","category-arkiv-artiklar","category-artiklar"],"yoast_head":"<!-- This site is optimized with the Yoast SEO Premium plugin v26.2 (Yoast SEO v27.5) - https:\/\/yoast.com\/product\/yoast-seo-premium-wordpress\/ -->\n<title>Spaniensvenskar fick e-postkonton kapade \u2013 falsk v\u00e4djan om hj\u00e4lp - Svenska Magasinet<\/title>\n<meta name=\"robots\" content=\"noindex, follow, max-snippet:-1, max-image-preview:large, max-video-preview:-1\" \/>\n<meta property=\"og:locale\" content=\"sv_SE\" \/>\n<meta property=\"og:type\" content=\"article\" \/>\n<meta property=\"og:title\" content=\"Spaniensvenskar fick e-postkonton kapade \u2013 falsk v\u00e4djan om hj\u00e4lp\" \/>\n<meta property=\"og:description\" content=\"I dagsl\u00e4get r\u00f6r det sig om minst ett tiotal svenskar p\u00e5 solkusten som har f\u00e5tt sina konton kapade vilket har lett till en falsk v\u00e4djan om hj\u00e4lp. De drabbade \u00e4r nu fullt upptagna med att f\u00f6rklara vad som har h\u00e4nt f\u00f6r hundratals v\u00e4nner och mottagare. Flera polisanm\u00e4lningar har gjorts. Av Ola Josefsson Svenska Magasinets redaktion [&hellip;]\" \/>\n<meta property=\"og:url\" content=\"https:\/\/lightweb.dev\/l\/svm-temp\/artiklar\/spaniensvenskar-fick-e-postkonton-kapade-falsk-vadjan-om-hjalp\/\" \/>\n<meta property=\"og:site_name\" content=\"Svenska Magasinet\" \/>\n<meta property=\"article:publisher\" content=\"https:\/\/www.facebook.com\/svenskamagasinet\" \/>\n<meta property=\"article:published_time\" content=\"2013-06-11T22:00:00+00:00\" \/>\n<meta property=\"og:image\" content=\"https:\/\/lightweb.dev\/l\/svm-temp\/wp-content\/uploads\/2022\/04\/spaniensvenskar-fick-e-postkonton-kapade-falsk-vdjan-om-hjlp.png\" \/>\n\t<meta property=\"og:image:width\" content=\"301\" \/>\n\t<meta property=\"og:image:height\" content=\"200\" \/>\n\t<meta property=\"og:image:type\" content=\"image\/png\" \/>\n<meta name=\"author\" content=\"Redaktionen SvM\" \/>\n<meta name=\"twitter:card\" content=\"summary_large_image\" \/>\n<meta name=\"twitter:creator\" content=\"@SvenskaMagasine\" \/>\n<meta name=\"twitter:site\" content=\"@SvenskaMagasine\" \/>\n<script type=\"application\/ld+json\" class=\"yoast-schema-graph\">{\"@context\":\"https:\\\/\\\/schema.org\",\"@graph\":[{\"@type\":\"Article\",\"@id\":\"https:\\\/\\\/lightweb.dev\\\/l\\\/svm-temp\\\/artiklar\\\/spaniensvenskar-fick-e-postkonton-kapade-falsk-vadjan-om-hjalp\\\/#article\",\"isPartOf\":{\"@id\":\"https:\\\/\\\/lightweb.dev\\\/l\\\/svm-temp\\\/artiklar\\\/spaniensvenskar-fick-e-postkonton-kapade-falsk-vadjan-om-hjalp\\\/\"},\"author\":{\"name\":\"Redaktionen SvM\",\"@id\":\"https:\\\/\\\/lightweb.dev\\\/l\\\/svm-temp\\\/#\\\/schema\\\/person\\\/206a3bda5b607b0c25e1749191e4d837\"},\"headline\":\"Spaniensvenskar fick e-postkonton kapade \u2013 falsk v\u00e4djan om hj\u00e4lp\",\"datePublished\":\"2013-06-11T22:00:00+00:00\",\"mainEntityOfPage\":{\"@id\":\"https:\\\/\\\/lightweb.dev\\\/l\\\/svm-temp\\\/artiklar\\\/spaniensvenskar-fick-e-postkonton-kapade-falsk-vadjan-om-hjalp\\\/\"},\"wordCount\":842,\"commentCount\":0,\"publisher\":{\"@id\":\"https:\\\/\\\/lightweb.dev\\\/l\\\/svm-temp\\\/#organization\"},\"image\":{\"@id\":\"https:\\\/\\\/lightweb.dev\\\/l\\\/svm-temp\\\/artiklar\\\/spaniensvenskar-fick-e-postkonton-kapade-falsk-vadjan-om-hjalp\\\/#primaryimage\"},\"thumbnailUrl\":\"https:\\\/\\\/lightweb.dev\\\/l\\\/svm-temp\\\/wp-content\\\/uploads\\\/2022\\\/04\\\/spaniensvenskar-fick-e-postkonton-kapade-falsk-vdjan-om-hjlp.png\",\"articleSection\":[\"Arkiv\",\"Artiklar\"],\"inLanguage\":\"sv-SE\"},{\"@type\":\"WebPage\",\"@id\":\"https:\\\/\\\/lightweb.dev\\\/l\\\/svm-temp\\\/artiklar\\\/spaniensvenskar-fick-e-postkonton-kapade-falsk-vadjan-om-hjalp\\\/\",\"url\":\"https:\\\/\\\/lightweb.dev\\\/l\\\/svm-temp\\\/artiklar\\\/spaniensvenskar-fick-e-postkonton-kapade-falsk-vadjan-om-hjalp\\\/\",\"name\":\"Spaniensvenskar fick e-postkonton kapade \u2013 falsk v\u00e4djan om hj\u00e4lp - Svenska Magasinet\",\"isPartOf\":{\"@id\":\"https:\\\/\\\/lightweb.dev\\\/l\\\/svm-temp\\\/#website\"},\"primaryImageOfPage\":{\"@id\":\"https:\\\/\\\/lightweb.dev\\\/l\\\/svm-temp\\\/artiklar\\\/spaniensvenskar-fick-e-postkonton-kapade-falsk-vadjan-om-hjalp\\\/#primaryimage\"},\"image\":{\"@id\":\"https:\\\/\\\/lightweb.dev\\\/l\\\/svm-temp\\\/artiklar\\\/spaniensvenskar-fick-e-postkonton-kapade-falsk-vadjan-om-hjalp\\\/#primaryimage\"},\"thumbnailUrl\":\"https:\\\/\\\/lightweb.dev\\\/l\\\/svm-temp\\\/wp-content\\\/uploads\\\/2022\\\/04\\\/spaniensvenskar-fick-e-postkonton-kapade-falsk-vdjan-om-hjlp.png\",\"datePublished\":\"2013-06-11T22:00:00+00:00\",\"breadcrumb\":{\"@id\":\"https:\\\/\\\/lightweb.dev\\\/l\\\/svm-temp\\\/artiklar\\\/spaniensvenskar-fick-e-postkonton-kapade-falsk-vadjan-om-hjalp\\\/#breadcrumb\"},\"inLanguage\":\"sv-SE\",\"potentialAction\":[{\"@type\":\"ReadAction\",\"target\":[\"https:\\\/\\\/lightweb.dev\\\/l\\\/svm-temp\\\/artiklar\\\/spaniensvenskar-fick-e-postkonton-kapade-falsk-vadjan-om-hjalp\\\/\"]}]},{\"@type\":\"ImageObject\",\"inLanguage\":\"sv-SE\",\"@id\":\"https:\\\/\\\/lightweb.dev\\\/l\\\/svm-temp\\\/artiklar\\\/spaniensvenskar-fick-e-postkonton-kapade-falsk-vadjan-om-hjalp\\\/#primaryimage\",\"url\":\"https:\\\/\\\/lightweb.dev\\\/l\\\/svm-temp\\\/wp-content\\\/uploads\\\/2022\\\/04\\\/spaniensvenskar-fick-e-postkonton-kapade-falsk-vdjan-om-hjlp.png\",\"contentUrl\":\"https:\\\/\\\/lightweb.dev\\\/l\\\/svm-temp\\\/wp-content\\\/uploads\\\/2022\\\/04\\\/spaniensvenskar-fick-e-postkonton-kapade-falsk-vdjan-om-hjlp.png\",\"width\":301,\"height\":200},{\"@type\":\"BreadcrumbList\",\"@id\":\"https:\\\/\\\/lightweb.dev\\\/l\\\/svm-temp\\\/artiklar\\\/spaniensvenskar-fick-e-postkonton-kapade-falsk-vadjan-om-hjalp\\\/#breadcrumb\",\"itemListElement\":[{\"@type\":\"ListItem\",\"position\":1,\"name\":\"Hem\",\"item\":\"https:\\\/\\\/lightweb.dev\\\/l\\\/svm-temp\\\/\"},{\"@type\":\"ListItem\",\"position\":2,\"name\":\"Spaniensvenskar fick e-postkonton kapade \u2013 falsk v\u00e4djan om hj\u00e4lp\"}]},{\"@type\":\"WebSite\",\"@id\":\"https:\\\/\\\/lightweb.dev\\\/l\\\/svm-temp\\\/#website\",\"url\":\"https:\\\/\\\/lightweb.dev\\\/l\\\/svm-temp\\\/\",\"name\":\"Svenska Magasinet\",\"description\":\"Dina Spanska nyheter p&aring; Svenska\",\"publisher\":{\"@id\":\"https:\\\/\\\/lightweb.dev\\\/l\\\/svm-temp\\\/#organization\"},\"potentialAction\":[{\"@type\":\"SearchAction\",\"target\":{\"@type\":\"EntryPoint\",\"urlTemplate\":\"https:\\\/\\\/lightweb.dev\\\/l\\\/svm-temp\\\/?s={search_term_string}\"},\"query-input\":{\"@type\":\"PropertyValueSpecification\",\"valueRequired\":true,\"valueName\":\"search_term_string\"}}],\"inLanguage\":\"sv-SE\"},{\"@type\":\"Organization\",\"@id\":\"https:\\\/\\\/lightweb.dev\\\/l\\\/svm-temp\\\/#organization\",\"name\":\"Melkerson y Nott SL\",\"alternateName\":\"Svenska Magasinet\",\"url\":\"https:\\\/\\\/lightweb.dev\\\/l\\\/svm-temp\\\/\",\"logo\":{\"@type\":\"ImageObject\",\"inLanguage\":\"sv-SE\",\"@id\":\"https:\\\/\\\/lightweb.dev\\\/l\\\/svm-temp\\\/#\\\/schema\\\/logo\\\/image\\\/\",\"url\":\"https:\\\/\\\/lightweb.dev\\\/l\\\/svm-temp\\\/wp-content\\\/uploads\\\/2025\\\/02\\\/SvM-logo-Xtra-Centrerad-SVART.png\",\"contentUrl\":\"https:\\\/\\\/lightweb.dev\\\/l\\\/svm-temp\\\/wp-content\\\/uploads\\\/2025\\\/02\\\/SvM-logo-Xtra-Centrerad-SVART.png\",\"width\":300,\"height\":99,\"caption\":\"Melkerson y Nott SL\"},\"image\":{\"@id\":\"https:\\\/\\\/lightweb.dev\\\/l\\\/svm-temp\\\/#\\\/schema\\\/logo\\\/image\\\/\"},\"sameAs\":[\"https:\\\/\\\/www.facebook.com\\\/svenskamagasinet\",\"https:\\\/\\\/x.com\\\/SvenskaMagasine\"]},{\"@type\":\"Person\",\"@id\":\"https:\\\/\\\/lightweb.dev\\\/l\\\/svm-temp\\\/#\\\/schema\\\/person\\\/206a3bda5b607b0c25e1749191e4d837\",\"name\":\"Redaktionen SvM\",\"description\":\"Redaktionen\",\"sameAs\":[\"https:\\\/\\\/lightweb.dev\\\/l\\\/svm-temp\"],\"url\":\"https:\\\/\\\/lightweb.dev\\\/l\\\/svm-temp\\\/reporter\\\/redaktionen\\\/\"}]}<\/script>\n<!-- \/ Yoast SEO Premium plugin. -->","yoast_head_json":{"title":"Spaniensvenskar fick e-postkonton kapade \u2013 falsk v\u00e4djan om hj\u00e4lp - Svenska Magasinet","robots":{"index":"noindex","follow":"follow","max-snippet":"max-snippet:-1","max-image-preview":"max-image-preview:large","max-video-preview":"max-video-preview:-1"},"og_locale":"sv_SE","og_type":"article","og_title":"Spaniensvenskar fick e-postkonton kapade \u2013 falsk v\u00e4djan om hj\u00e4lp","og_description":"I dagsl\u00e4get r\u00f6r det sig om minst ett tiotal svenskar p\u00e5 solkusten som har f\u00e5tt sina konton kapade vilket har lett till en falsk v\u00e4djan om hj\u00e4lp. De drabbade \u00e4r nu fullt upptagna med att f\u00f6rklara vad som har h\u00e4nt f\u00f6r hundratals v\u00e4nner och mottagare. Flera polisanm\u00e4lningar har gjorts. Av Ola Josefsson Svenska Magasinets redaktion [&hellip;]","og_url":"https:\/\/lightweb.dev\/l\/svm-temp\/artiklar\/spaniensvenskar-fick-e-postkonton-kapade-falsk-vadjan-om-hjalp\/","og_site_name":"Svenska Magasinet","article_publisher":"https:\/\/www.facebook.com\/svenskamagasinet","article_published_time":"2013-06-11T22:00:00+00:00","og_image":[{"width":301,"height":200,"url":"https:\/\/lightweb.dev\/l\/svm-temp\/wp-content\/uploads\/2022\/04\/spaniensvenskar-fick-e-postkonton-kapade-falsk-vdjan-om-hjlp.png","type":"image\/png"}],"author":"Redaktionen SvM","twitter_card":"summary_large_image","twitter_creator":"@SvenskaMagasine","twitter_site":"@SvenskaMagasine","schema":{"@context":"https:\/\/schema.org","@graph":[{"@type":"Article","@id":"https:\/\/lightweb.dev\/l\/svm-temp\/artiklar\/spaniensvenskar-fick-e-postkonton-kapade-falsk-vadjan-om-hjalp\/#article","isPartOf":{"@id":"https:\/\/lightweb.dev\/l\/svm-temp\/artiklar\/spaniensvenskar-fick-e-postkonton-kapade-falsk-vadjan-om-hjalp\/"},"author":{"name":"Redaktionen SvM","@id":"https:\/\/lightweb.dev\/l\/svm-temp\/#\/schema\/person\/206a3bda5b607b0c25e1749191e4d837"},"headline":"Spaniensvenskar fick e-postkonton kapade \u2013 falsk v\u00e4djan om hj\u00e4lp","datePublished":"2013-06-11T22:00:00+00:00","mainEntityOfPage":{"@id":"https:\/\/lightweb.dev\/l\/svm-temp\/artiklar\/spaniensvenskar-fick-e-postkonton-kapade-falsk-vadjan-om-hjalp\/"},"wordCount":842,"commentCount":0,"publisher":{"@id":"https:\/\/lightweb.dev\/l\/svm-temp\/#organization"},"image":{"@id":"https:\/\/lightweb.dev\/l\/svm-temp\/artiklar\/spaniensvenskar-fick-e-postkonton-kapade-falsk-vadjan-om-hjalp\/#primaryimage"},"thumbnailUrl":"https:\/\/lightweb.dev\/l\/svm-temp\/wp-content\/uploads\/2022\/04\/spaniensvenskar-fick-e-postkonton-kapade-falsk-vdjan-om-hjlp.png","articleSection":["Arkiv","Artiklar"],"inLanguage":"sv-SE"},{"@type":"WebPage","@id":"https:\/\/lightweb.dev\/l\/svm-temp\/artiklar\/spaniensvenskar-fick-e-postkonton-kapade-falsk-vadjan-om-hjalp\/","url":"https:\/\/lightweb.dev\/l\/svm-temp\/artiklar\/spaniensvenskar-fick-e-postkonton-kapade-falsk-vadjan-om-hjalp\/","name":"Spaniensvenskar fick e-postkonton kapade \u2013 falsk v\u00e4djan om hj\u00e4lp - Svenska Magasinet","isPartOf":{"@id":"https:\/\/lightweb.dev\/l\/svm-temp\/#website"},"primaryImageOfPage":{"@id":"https:\/\/lightweb.dev\/l\/svm-temp\/artiklar\/spaniensvenskar-fick-e-postkonton-kapade-falsk-vadjan-om-hjalp\/#primaryimage"},"image":{"@id":"https:\/\/lightweb.dev\/l\/svm-temp\/artiklar\/spaniensvenskar-fick-e-postkonton-kapade-falsk-vadjan-om-hjalp\/#primaryimage"},"thumbnailUrl":"https:\/\/lightweb.dev\/l\/svm-temp\/wp-content\/uploads\/2022\/04\/spaniensvenskar-fick-e-postkonton-kapade-falsk-vdjan-om-hjlp.png","datePublished":"2013-06-11T22:00:00+00:00","breadcrumb":{"@id":"https:\/\/lightweb.dev\/l\/svm-temp\/artiklar\/spaniensvenskar-fick-e-postkonton-kapade-falsk-vadjan-om-hjalp\/#breadcrumb"},"inLanguage":"sv-SE","potentialAction":[{"@type":"ReadAction","target":["https:\/\/lightweb.dev\/l\/svm-temp\/artiklar\/spaniensvenskar-fick-e-postkonton-kapade-falsk-vadjan-om-hjalp\/"]}]},{"@type":"ImageObject","inLanguage":"sv-SE","@id":"https:\/\/lightweb.dev\/l\/svm-temp\/artiklar\/spaniensvenskar-fick-e-postkonton-kapade-falsk-vadjan-om-hjalp\/#primaryimage","url":"https:\/\/lightweb.dev\/l\/svm-temp\/wp-content\/uploads\/2022\/04\/spaniensvenskar-fick-e-postkonton-kapade-falsk-vdjan-om-hjlp.png","contentUrl":"https:\/\/lightweb.dev\/l\/svm-temp\/wp-content\/uploads\/2022\/04\/spaniensvenskar-fick-e-postkonton-kapade-falsk-vdjan-om-hjlp.png","width":301,"height":200},{"@type":"BreadcrumbList","@id":"https:\/\/lightweb.dev\/l\/svm-temp\/artiklar\/spaniensvenskar-fick-e-postkonton-kapade-falsk-vadjan-om-hjalp\/#breadcrumb","itemListElement":[{"@type":"ListItem","position":1,"name":"Hem","item":"https:\/\/lightweb.dev\/l\/svm-temp\/"},{"@type":"ListItem","position":2,"name":"Spaniensvenskar fick e-postkonton kapade \u2013 falsk v\u00e4djan om hj\u00e4lp"}]},{"@type":"WebSite","@id":"https:\/\/lightweb.dev\/l\/svm-temp\/#website","url":"https:\/\/lightweb.dev\/l\/svm-temp\/","name":"Svenska Magasinet","description":"Dina Spanska nyheter p&aring; Svenska","publisher":{"@id":"https:\/\/lightweb.dev\/l\/svm-temp\/#organization"},"potentialAction":[{"@type":"SearchAction","target":{"@type":"EntryPoint","urlTemplate":"https:\/\/lightweb.dev\/l\/svm-temp\/?s={search_term_string}"},"query-input":{"@type":"PropertyValueSpecification","valueRequired":true,"valueName":"search_term_string"}}],"inLanguage":"sv-SE"},{"@type":"Organization","@id":"https:\/\/lightweb.dev\/l\/svm-temp\/#organization","name":"Melkerson y Nott SL","alternateName":"Svenska Magasinet","url":"https:\/\/lightweb.dev\/l\/svm-temp\/","logo":{"@type":"ImageObject","inLanguage":"sv-SE","@id":"https:\/\/lightweb.dev\/l\/svm-temp\/#\/schema\/logo\/image\/","url":"https:\/\/lightweb.dev\/l\/svm-temp\/wp-content\/uploads\/2025\/02\/SvM-logo-Xtra-Centrerad-SVART.png","contentUrl":"https:\/\/lightweb.dev\/l\/svm-temp\/wp-content\/uploads\/2025\/02\/SvM-logo-Xtra-Centrerad-SVART.png","width":300,"height":99,"caption":"Melkerson y Nott SL"},"image":{"@id":"https:\/\/lightweb.dev\/l\/svm-temp\/#\/schema\/logo\/image\/"},"sameAs":["https:\/\/www.facebook.com\/svenskamagasinet","https:\/\/x.com\/SvenskaMagasine"]},{"@type":"Person","@id":"https:\/\/lightweb.dev\/l\/svm-temp\/#\/schema\/person\/206a3bda5b607b0c25e1749191e4d837","name":"Redaktionen SvM","description":"Redaktionen","sameAs":["https:\/\/lightweb.dev\/l\/svm-temp"],"url":"https:\/\/lightweb.dev\/l\/svm-temp\/reporter\/redaktionen\/"}]}},"_links":{"self":[{"href":"https:\/\/lightweb.dev\/l\/svm-temp\/wp-json\/wp\/v2\/posts\/4190","targetHints":{"allow":["GET"]}}],"collection":[{"href":"https:\/\/lightweb.dev\/l\/svm-temp\/wp-json\/wp\/v2\/posts"}],"about":[{"href":"https:\/\/lightweb.dev\/l\/svm-temp\/wp-json\/wp\/v2\/types\/post"}],"author":[{"embeddable":true,"href":"https:\/\/lightweb.dev\/l\/svm-temp\/wp-json\/wp\/v2\/users\/8"}],"replies":[{"embeddable":true,"href":"https:\/\/lightweb.dev\/l\/svm-temp\/wp-json\/wp\/v2\/comments?post=4190"}],"version-history":[{"count":0,"href":"https:\/\/lightweb.dev\/l\/svm-temp\/wp-json\/wp\/v2\/posts\/4190\/revisions"}],"wp:featuredmedia":[{"embeddable":true,"href":"https:\/\/lightweb.dev\/l\/svm-temp\/wp-json\/wp\/v2\/media\/4191"}],"wp:attachment":[{"href":"https:\/\/lightweb.dev\/l\/svm-temp\/wp-json\/wp\/v2\/media?parent=4190"}],"wp:term":[{"taxonomy":"category","embeddable":true,"href":"https:\/\/lightweb.dev\/l\/svm-temp\/wp-json\/wp\/v2\/categories?post=4190"},{"taxonomy":"post_tag","embeddable":true,"href":"https:\/\/lightweb.dev\/l\/svm-temp\/wp-json\/wp\/v2\/tags?post=4190"}],"curies":[{"name":"wp","href":"https:\/\/api.w.org\/{rel}","templated":true}]}}