{"id":4207,"date":"2013-06-12T00:00:00","date_gmt":"2013-06-11T22:00:00","guid":{"rendered":"https:\/\/lightweb.dev\/l\/svm-temp\/naturliga-viner-finns-i-ronda-ma-natural-wines-and-events\/"},"modified":"2013-06-12T00:00:00","modified_gmt":"2013-06-11T22:00:00","slug":"naturliga-viner-finns-i-ronda-ma-natural-wines-and-events","status":"publish","type":"post","link":"https:\/\/lightweb.dev\/l\/svm-temp\/artiklar\/naturliga-viner-finns-i-ronda-ma-natural-wines-and-events\/","title":{"rendered":"Naturliga viner finns i Ronda &#8211; MA Natural wines and events"},"content":{"rendered":"<p> Vi vill alla \u00e4ta naturlig mat men hur \u00e4r det med vinet? N\u00e4r jag kom till Spanien f\u00f6r 10 \u00e5r sedan, b\u00f6rjade jag dricka betydligt mer vin \u00e4n vad jag var van med. Det b\u00f6rjade med att jag fick huvudv\u00e4rk och v\u00e4rk i nacken. Min slutsats var att jag arbetade f\u00f6r h\u00e5rt och var stressad. Efter en tid n\u00e4r det inte blev b\u00e4ttre, gjorde jag tester och fick veta att jag m\u00e5ste sluta dricka vin omedelbart. Endast naturvin eller ekologiskt vin var ok om jag ville forts\u00e4tta dricka vin. L\u00e4karen talade om att jag var allergisk mot sulfiter och bek\u00e4mpningsmedel. N\u00e5gra riktlinjer f\u00f6r tillverkning av naturvin \u00e4r minimal p\u00e5verkan i tillverkningsprocessen, druvor som sk\u00f6rdas f\u00f6r hand och minimalt med bek\u00e4mpningsmedel i ving\u00e5rden.<\/p>\n<p>I Ronda hittade jag flera ving\u00e5rdar som odlade naturvin och n\u00e4r jag provade detta, f\u00f6rsvann huvudv\u00e4rken och v\u00e4rk i nacken.<\/p>\n<p>Fr\u00e5n denna stund b\u00f6rjade jag \u00e4ven \u00e4ta mer h\u00e4lsosam mat och blev mer och mer intresserad av processen runt naturligt vin. Jag arbetade ocks\u00e5 en del i vinodlingarna, plockade druvor och var med vid sj\u00e4lva tillverkning av naturligt vin. Ronda har verkligen en underbar historia med vin d\u00e4r tillverkning startades av romarna i Ronda La Vieja.<\/p>\n<p>Det \u00e4r en intressant upplevelse och man f\u00e5r verklig respekt f\u00f6r m\u00e4nniskorna som valt att tillverka vin utan kemikalier och bek\u00e4mpningsmedel. Jag har \u00e4ven plockat oliver och f\u00f6ljt processen med att tillverka olivolja. Det g\u00e5r att bes\u00f6ka kooperativet i Ronda och se hur det hela g\u00e5r till.<\/p>\n<p>Saken \u00e4r den att de som lever i norra Europa m\u00e5ste importera m\u00e5nga produkter fr\u00e5n s\u00f6dra Europa och de betalar mycket pengar f\u00f6r bra kvalit\u00e9. Det \u00e4r ett privilegium f\u00f6r oss som bor i Andalusien d\u00e4r vi har tillg\u00e5ng till och kan k\u00f6pa naturlig mat och dryck och d\u00e4rmed leva mer h\u00e4lsosamt \u00e4n i norra Europa.<\/p>\n<p>Det \u00e4r verkligen v\u00e4rt att bes\u00f6ka n\u00e5gon av bodegorna i Ronda. H\u00e4r finns det 21 vin bodegor och deras vin blir bara b\u00e4ttre och b\u00e4ttre. Och varf\u00f6r inte bes\u00f6ka en av de som producerar naturligt eller ekologiskt vin. Enligt svenska Systembolaget \u00e4r naturvin det allra senaste inom vinv\u00e4rlden.<br \/>\nGl\u00f6m inte att k\u00f6pa med olivolja fr\u00e5n Ronda, och den ljuvligt goda getosten fr\u00e5n landsbygden.<\/p>\n<p>Trevlig resa h\u00e4lsar Mandy, som \u00e4r expert p\u00e5 naturviner och anordnar fester och utflykter. Tel 693 262 786 <\/p>\n","protected":false},"excerpt":{"rendered":"<p>Vi vill alla \u00e4ta naturlig mat men hur \u00e4r det med vinet? N\u00e4r jag kom till Spanien f\u00f6r 10 \u00e5r sedan, b\u00f6rjade jag dricka betydligt mer vin \u00e4n vad jag var van med. Det b\u00f6rjade med att jag fick huvudv\u00e4rk och v\u00e4rk i nacken. Min slutsats var att jag arbetade f\u00f6r h\u00e5rt och var stressad. [&hellip;]<\/p>\n","protected":false},"author":8,"featured_media":4208,"comment_status":"open","ping_status":"open","sticky":false,"template":"","format":"standard","meta":{"_et_pb_use_builder":"","_et_pb_old_content":"","_et_gb_content_width":"","footnotes":""},"categories":[396,4],"tags":[],"class_list":["post-4207","post","type-post","status-publish","format-standard","has-post-thumbnail","hentry","category-arkiv-artiklar","category-artiklar"],"yoast_head":"<!-- This site is optimized with the Yoast SEO Premium plugin v26.2 (Yoast SEO v27.5) - https:\/\/yoast.com\/product\/yoast-seo-premium-wordpress\/ -->\n<title>Naturliga viner finns i Ronda - MA Natural wines and events - Svenska Magasinet<\/title>\n<meta name=\"robots\" content=\"noindex, follow, max-snippet:-1, max-image-preview:large, max-video-preview:-1\" \/>\n<meta property=\"og:locale\" content=\"sv_SE\" \/>\n<meta property=\"og:type\" content=\"article\" \/>\n<meta property=\"og:title\" content=\"Naturliga viner finns i Ronda - MA Natural wines and events\" \/>\n<meta property=\"og:description\" content=\"Vi vill alla \u00e4ta naturlig mat men hur \u00e4r det med vinet? N\u00e4r jag kom till Spanien f\u00f6r 10 \u00e5r sedan, b\u00f6rjade jag dricka betydligt mer vin \u00e4n vad jag var van med. Det b\u00f6rjade med att jag fick huvudv\u00e4rk och v\u00e4rk i nacken. Min slutsats var att jag arbetade f\u00f6r h\u00e5rt och var stressad. [&hellip;]\" \/>\n<meta property=\"og:url\" content=\"https:\/\/lightweb.dev\/l\/svm-temp\/artiklar\/naturliga-viner-finns-i-ronda-ma-natural-wines-and-events\/\" \/>\n<meta property=\"og:site_name\" content=\"Svenska Magasinet\" \/>\n<meta property=\"article:publisher\" content=\"https:\/\/www.facebook.com\/svenskamagasinet\" \/>\n<meta property=\"article:published_time\" content=\"2013-06-11T22:00:00+00:00\" \/>\n<meta property=\"og:image\" content=\"https:\/\/lightweb.dev\/l\/svm-temp\/wp-content\/uploads\/2022\/04\/naturliga-viner-finns-i-ronda-ma-natural-wines-and-events.png\" \/>\n\t<meta property=\"og:image:width\" content=\"303\" \/>\n\t<meta property=\"og:image:height\" content=\"200\" \/>\n\t<meta property=\"og:image:type\" content=\"image\/png\" \/>\n<meta name=\"author\" content=\"Redaktionen SvM\" \/>\n<meta name=\"twitter:card\" content=\"summary_large_image\" \/>\n<meta name=\"twitter:creator\" content=\"@SvenskaMagasine\" \/>\n<meta name=\"twitter:site\" content=\"@SvenskaMagasine\" \/>\n<script type=\"application\/ld+json\" class=\"yoast-schema-graph\">{\"@context\":\"https:\\\/\\\/schema.org\",\"@graph\":[{\"@type\":\"Article\",\"@id\":\"https:\\\/\\\/lightweb.dev\\\/l\\\/svm-temp\\\/artiklar\\\/naturliga-viner-finns-i-ronda-ma-natural-wines-and-events\\\/#article\",\"isPartOf\":{\"@id\":\"https:\\\/\\\/lightweb.dev\\\/l\\\/svm-temp\\\/artiklar\\\/naturliga-viner-finns-i-ronda-ma-natural-wines-and-events\\\/\"},\"author\":{\"name\":\"Redaktionen SvM\",\"@id\":\"https:\\\/\\\/lightweb.dev\\\/l\\\/svm-temp\\\/#\\\/schema\\\/person\\\/206a3bda5b607b0c25e1749191e4d837\"},\"headline\":\"Naturliga viner finns i Ronda &#8211; MA Natural wines and events\",\"datePublished\":\"2013-06-11T22:00:00+00:00\",\"mainEntityOfPage\":{\"@id\":\"https:\\\/\\\/lightweb.dev\\\/l\\\/svm-temp\\\/artiklar\\\/naturliga-viner-finns-i-ronda-ma-natural-wines-and-events\\\/\"},\"wordCount\":452,\"commentCount\":0,\"publisher\":{\"@id\":\"https:\\\/\\\/lightweb.dev\\\/l\\\/svm-temp\\\/#organization\"},\"image\":{\"@id\":\"https:\\\/\\\/lightweb.dev\\\/l\\\/svm-temp\\\/artiklar\\\/naturliga-viner-finns-i-ronda-ma-natural-wines-and-events\\\/#primaryimage\"},\"thumbnailUrl\":\"https:\\\/\\\/lightweb.dev\\\/l\\\/svm-temp\\\/wp-content\\\/uploads\\\/2022\\\/04\\\/naturliga-viner-finns-i-ronda-ma-natural-wines-and-events.png\",\"articleSection\":[\"Arkiv\",\"Artiklar\"],\"inLanguage\":\"sv-SE\"},{\"@type\":\"WebPage\",\"@id\":\"https:\\\/\\\/lightweb.dev\\\/l\\\/svm-temp\\\/artiklar\\\/naturliga-viner-finns-i-ronda-ma-natural-wines-and-events\\\/\",\"url\":\"https:\\\/\\\/lightweb.dev\\\/l\\\/svm-temp\\\/artiklar\\\/naturliga-viner-finns-i-ronda-ma-natural-wines-and-events\\\/\",\"name\":\"Naturliga viner finns i Ronda - MA Natural wines and events - Svenska Magasinet\",\"isPartOf\":{\"@id\":\"https:\\\/\\\/lightweb.dev\\\/l\\\/svm-temp\\\/#website\"},\"primaryImageOfPage\":{\"@id\":\"https:\\\/\\\/lightweb.dev\\\/l\\\/svm-temp\\\/artiklar\\\/naturliga-viner-finns-i-ronda-ma-natural-wines-and-events\\\/#primaryimage\"},\"image\":{\"@id\":\"https:\\\/\\\/lightweb.dev\\\/l\\\/svm-temp\\\/artiklar\\\/naturliga-viner-finns-i-ronda-ma-natural-wines-and-events\\\/#primaryimage\"},\"thumbnailUrl\":\"https:\\\/\\\/lightweb.dev\\\/l\\\/svm-temp\\\/wp-content\\\/uploads\\\/2022\\\/04\\\/naturliga-viner-finns-i-ronda-ma-natural-wines-and-events.png\",\"datePublished\":\"2013-06-11T22:00:00+00:00\",\"breadcrumb\":{\"@id\":\"https:\\\/\\\/lightweb.dev\\\/l\\\/svm-temp\\\/artiklar\\\/naturliga-viner-finns-i-ronda-ma-natural-wines-and-events\\\/#breadcrumb\"},\"inLanguage\":\"sv-SE\",\"potentialAction\":[{\"@type\":\"ReadAction\",\"target\":[\"https:\\\/\\\/lightweb.dev\\\/l\\\/svm-temp\\\/artiklar\\\/naturliga-viner-finns-i-ronda-ma-natural-wines-and-events\\\/\"]}]},{\"@type\":\"ImageObject\",\"inLanguage\":\"sv-SE\",\"@id\":\"https:\\\/\\\/lightweb.dev\\\/l\\\/svm-temp\\\/artiklar\\\/naturliga-viner-finns-i-ronda-ma-natural-wines-and-events\\\/#primaryimage\",\"url\":\"https:\\\/\\\/lightweb.dev\\\/l\\\/svm-temp\\\/wp-content\\\/uploads\\\/2022\\\/04\\\/naturliga-viner-finns-i-ronda-ma-natural-wines-and-events.png\",\"contentUrl\":\"https:\\\/\\\/lightweb.dev\\\/l\\\/svm-temp\\\/wp-content\\\/uploads\\\/2022\\\/04\\\/naturliga-viner-finns-i-ronda-ma-natural-wines-and-events.png\",\"width\":303,\"height\":200},{\"@type\":\"BreadcrumbList\",\"@id\":\"https:\\\/\\\/lightweb.dev\\\/l\\\/svm-temp\\\/artiklar\\\/naturliga-viner-finns-i-ronda-ma-natural-wines-and-events\\\/#breadcrumb\",\"itemListElement\":[{\"@type\":\"ListItem\",\"position\":1,\"name\":\"Hem\",\"item\":\"https:\\\/\\\/lightweb.dev\\\/l\\\/svm-temp\\\/\"},{\"@type\":\"ListItem\",\"position\":2,\"name\":\"Naturliga viner finns i Ronda &#8211; MA Natural wines and events\"}]},{\"@type\":\"WebSite\",\"@id\":\"https:\\\/\\\/lightweb.dev\\\/l\\\/svm-temp\\\/#website\",\"url\":\"https:\\\/\\\/lightweb.dev\\\/l\\\/svm-temp\\\/\",\"name\":\"Svenska Magasinet\",\"description\":\"Dina Spanska nyheter p&aring; Svenska\",\"publisher\":{\"@id\":\"https:\\\/\\\/lightweb.dev\\\/l\\\/svm-temp\\\/#organization\"},\"potentialAction\":[{\"@type\":\"SearchAction\",\"target\":{\"@type\":\"EntryPoint\",\"urlTemplate\":\"https:\\\/\\\/lightweb.dev\\\/l\\\/svm-temp\\\/?s={search_term_string}\"},\"query-input\":{\"@type\":\"PropertyValueSpecification\",\"valueRequired\":true,\"valueName\":\"search_term_string\"}}],\"inLanguage\":\"sv-SE\"},{\"@type\":\"Organization\",\"@id\":\"https:\\\/\\\/lightweb.dev\\\/l\\\/svm-temp\\\/#organization\",\"name\":\"Melkerson y Nott SL\",\"alternateName\":\"Svenska Magasinet\",\"url\":\"https:\\\/\\\/lightweb.dev\\\/l\\\/svm-temp\\\/\",\"logo\":{\"@type\":\"ImageObject\",\"inLanguage\":\"sv-SE\",\"@id\":\"https:\\\/\\\/lightweb.dev\\\/l\\\/svm-temp\\\/#\\\/schema\\\/logo\\\/image\\\/\",\"url\":\"https:\\\/\\\/lightweb.dev\\\/l\\\/svm-temp\\\/wp-content\\\/uploads\\\/2025\\\/02\\\/SvM-logo-Xtra-Centrerad-SVART.png\",\"contentUrl\":\"https:\\\/\\\/lightweb.dev\\\/l\\\/svm-temp\\\/wp-content\\\/uploads\\\/2025\\\/02\\\/SvM-logo-Xtra-Centrerad-SVART.png\",\"width\":300,\"height\":99,\"caption\":\"Melkerson y Nott SL\"},\"image\":{\"@id\":\"https:\\\/\\\/lightweb.dev\\\/l\\\/svm-temp\\\/#\\\/schema\\\/logo\\\/image\\\/\"},\"sameAs\":[\"https:\\\/\\\/www.facebook.com\\\/svenskamagasinet\",\"https:\\\/\\\/x.com\\\/SvenskaMagasine\"]},{\"@type\":\"Person\",\"@id\":\"https:\\\/\\\/lightweb.dev\\\/l\\\/svm-temp\\\/#\\\/schema\\\/person\\\/206a3bda5b607b0c25e1749191e4d837\",\"name\":\"Redaktionen SvM\",\"description\":\"Redaktionen\",\"sameAs\":[\"https:\\\/\\\/lightweb.dev\\\/l\\\/svm-temp\"],\"url\":\"https:\\\/\\\/lightweb.dev\\\/l\\\/svm-temp\\\/reporter\\\/redaktionen\\\/\"}]}<\/script>\n<!-- \/ Yoast SEO Premium plugin. -->","yoast_head_json":{"title":"Naturliga viner finns i Ronda - MA Natural wines and events - Svenska Magasinet","robots":{"index":"noindex","follow":"follow","max-snippet":"max-snippet:-1","max-image-preview":"max-image-preview:large","max-video-preview":"max-video-preview:-1"},"og_locale":"sv_SE","og_type":"article","og_title":"Naturliga viner finns i Ronda - MA Natural wines and events","og_description":"Vi vill alla \u00e4ta naturlig mat men hur \u00e4r det med vinet? N\u00e4r jag kom till Spanien f\u00f6r 10 \u00e5r sedan, b\u00f6rjade jag dricka betydligt mer vin \u00e4n vad jag var van med. Det b\u00f6rjade med att jag fick huvudv\u00e4rk och v\u00e4rk i nacken. Min slutsats var att jag arbetade f\u00f6r h\u00e5rt och var stressad. [&hellip;]","og_url":"https:\/\/lightweb.dev\/l\/svm-temp\/artiklar\/naturliga-viner-finns-i-ronda-ma-natural-wines-and-events\/","og_site_name":"Svenska Magasinet","article_publisher":"https:\/\/www.facebook.com\/svenskamagasinet","article_published_time":"2013-06-11T22:00:00+00:00","og_image":[{"width":303,"height":200,"url":"https:\/\/lightweb.dev\/l\/svm-temp\/wp-content\/uploads\/2022\/04\/naturliga-viner-finns-i-ronda-ma-natural-wines-and-events.png","type":"image\/png"}],"author":"Redaktionen SvM","twitter_card":"summary_large_image","twitter_creator":"@SvenskaMagasine","twitter_site":"@SvenskaMagasine","schema":{"@context":"https:\/\/schema.org","@graph":[{"@type":"Article","@id":"https:\/\/lightweb.dev\/l\/svm-temp\/artiklar\/naturliga-viner-finns-i-ronda-ma-natural-wines-and-events\/#article","isPartOf":{"@id":"https:\/\/lightweb.dev\/l\/svm-temp\/artiklar\/naturliga-viner-finns-i-ronda-ma-natural-wines-and-events\/"},"author":{"name":"Redaktionen SvM","@id":"https:\/\/lightweb.dev\/l\/svm-temp\/#\/schema\/person\/206a3bda5b607b0c25e1749191e4d837"},"headline":"Naturliga viner finns i Ronda &#8211; MA Natural wines and events","datePublished":"2013-06-11T22:00:00+00:00","mainEntityOfPage":{"@id":"https:\/\/lightweb.dev\/l\/svm-temp\/artiklar\/naturliga-viner-finns-i-ronda-ma-natural-wines-and-events\/"},"wordCount":452,"commentCount":0,"publisher":{"@id":"https:\/\/lightweb.dev\/l\/svm-temp\/#organization"},"image":{"@id":"https:\/\/lightweb.dev\/l\/svm-temp\/artiklar\/naturliga-viner-finns-i-ronda-ma-natural-wines-and-events\/#primaryimage"},"thumbnailUrl":"https:\/\/lightweb.dev\/l\/svm-temp\/wp-content\/uploads\/2022\/04\/naturliga-viner-finns-i-ronda-ma-natural-wines-and-events.png","articleSection":["Arkiv","Artiklar"],"inLanguage":"sv-SE"},{"@type":"WebPage","@id":"https:\/\/lightweb.dev\/l\/svm-temp\/artiklar\/naturliga-viner-finns-i-ronda-ma-natural-wines-and-events\/","url":"https:\/\/lightweb.dev\/l\/svm-temp\/artiklar\/naturliga-viner-finns-i-ronda-ma-natural-wines-and-events\/","name":"Naturliga viner finns i Ronda - MA Natural wines and events - Svenska Magasinet","isPartOf":{"@id":"https:\/\/lightweb.dev\/l\/svm-temp\/#website"},"primaryImageOfPage":{"@id":"https:\/\/lightweb.dev\/l\/svm-temp\/artiklar\/naturliga-viner-finns-i-ronda-ma-natural-wines-and-events\/#primaryimage"},"image":{"@id":"https:\/\/lightweb.dev\/l\/svm-temp\/artiklar\/naturliga-viner-finns-i-ronda-ma-natural-wines-and-events\/#primaryimage"},"thumbnailUrl":"https:\/\/lightweb.dev\/l\/svm-temp\/wp-content\/uploads\/2022\/04\/naturliga-viner-finns-i-ronda-ma-natural-wines-and-events.png","datePublished":"2013-06-11T22:00:00+00:00","breadcrumb":{"@id":"https:\/\/lightweb.dev\/l\/svm-temp\/artiklar\/naturliga-viner-finns-i-ronda-ma-natural-wines-and-events\/#breadcrumb"},"inLanguage":"sv-SE","potentialAction":[{"@type":"ReadAction","target":["https:\/\/lightweb.dev\/l\/svm-temp\/artiklar\/naturliga-viner-finns-i-ronda-ma-natural-wines-and-events\/"]}]},{"@type":"ImageObject","inLanguage":"sv-SE","@id":"https:\/\/lightweb.dev\/l\/svm-temp\/artiklar\/naturliga-viner-finns-i-ronda-ma-natural-wines-and-events\/#primaryimage","url":"https:\/\/lightweb.dev\/l\/svm-temp\/wp-content\/uploads\/2022\/04\/naturliga-viner-finns-i-ronda-ma-natural-wines-and-events.png","contentUrl":"https:\/\/lightweb.dev\/l\/svm-temp\/wp-content\/uploads\/2022\/04\/naturliga-viner-finns-i-ronda-ma-natural-wines-and-events.png","width":303,"height":200},{"@type":"BreadcrumbList","@id":"https:\/\/lightweb.dev\/l\/svm-temp\/artiklar\/naturliga-viner-finns-i-ronda-ma-natural-wines-and-events\/#breadcrumb","itemListElement":[{"@type":"ListItem","position":1,"name":"Hem","item":"https:\/\/lightweb.dev\/l\/svm-temp\/"},{"@type":"ListItem","position":2,"name":"Naturliga viner finns i Ronda &#8211; MA Natural wines and events"}]},{"@type":"WebSite","@id":"https:\/\/lightweb.dev\/l\/svm-temp\/#website","url":"https:\/\/lightweb.dev\/l\/svm-temp\/","name":"Svenska Magasinet","description":"Dina Spanska nyheter p&aring; Svenska","publisher":{"@id":"https:\/\/lightweb.dev\/l\/svm-temp\/#organization"},"potentialAction":[{"@type":"SearchAction","target":{"@type":"EntryPoint","urlTemplate":"https:\/\/lightweb.dev\/l\/svm-temp\/?s={search_term_string}"},"query-input":{"@type":"PropertyValueSpecification","valueRequired":true,"valueName":"search_term_string"}}],"inLanguage":"sv-SE"},{"@type":"Organization","@id":"https:\/\/lightweb.dev\/l\/svm-temp\/#organization","name":"Melkerson y Nott SL","alternateName":"Svenska Magasinet","url":"https:\/\/lightweb.dev\/l\/svm-temp\/","logo":{"@type":"ImageObject","inLanguage":"sv-SE","@id":"https:\/\/lightweb.dev\/l\/svm-temp\/#\/schema\/logo\/image\/","url":"https:\/\/lightweb.dev\/l\/svm-temp\/wp-content\/uploads\/2025\/02\/SvM-logo-Xtra-Centrerad-SVART.png","contentUrl":"https:\/\/lightweb.dev\/l\/svm-temp\/wp-content\/uploads\/2025\/02\/SvM-logo-Xtra-Centrerad-SVART.png","width":300,"height":99,"caption":"Melkerson y Nott SL"},"image":{"@id":"https:\/\/lightweb.dev\/l\/svm-temp\/#\/schema\/logo\/image\/"},"sameAs":["https:\/\/www.facebook.com\/svenskamagasinet","https:\/\/x.com\/SvenskaMagasine"]},{"@type":"Person","@id":"https:\/\/lightweb.dev\/l\/svm-temp\/#\/schema\/person\/206a3bda5b607b0c25e1749191e4d837","name":"Redaktionen SvM","description":"Redaktionen","sameAs":["https:\/\/lightweb.dev\/l\/svm-temp"],"url":"https:\/\/lightweb.dev\/l\/svm-temp\/reporter\/redaktionen\/"}]}},"_links":{"self":[{"href":"https:\/\/lightweb.dev\/l\/svm-temp\/wp-json\/wp\/v2\/posts\/4207","targetHints":{"allow":["GET"]}}],"collection":[{"href":"https:\/\/lightweb.dev\/l\/svm-temp\/wp-json\/wp\/v2\/posts"}],"about":[{"href":"https:\/\/lightweb.dev\/l\/svm-temp\/wp-json\/wp\/v2\/types\/post"}],"author":[{"embeddable":true,"href":"https:\/\/lightweb.dev\/l\/svm-temp\/wp-json\/wp\/v2\/users\/8"}],"replies":[{"embeddable":true,"href":"https:\/\/lightweb.dev\/l\/svm-temp\/wp-json\/wp\/v2\/comments?post=4207"}],"version-history":[{"count":0,"href":"https:\/\/lightweb.dev\/l\/svm-temp\/wp-json\/wp\/v2\/posts\/4207\/revisions"}],"wp:featuredmedia":[{"embeddable":true,"href":"https:\/\/lightweb.dev\/l\/svm-temp\/wp-json\/wp\/v2\/media\/4208"}],"wp:attachment":[{"href":"https:\/\/lightweb.dev\/l\/svm-temp\/wp-json\/wp\/v2\/media?parent=4207"}],"wp:term":[{"taxonomy":"category","embeddable":true,"href":"https:\/\/lightweb.dev\/l\/svm-temp\/wp-json\/wp\/v2\/categories?post=4207"},{"taxonomy":"post_tag","embeddable":true,"href":"https:\/\/lightweb.dev\/l\/svm-temp\/wp-json\/wp\/v2\/tags?post=4207"}],"curies":[{"name":"wp","href":"https:\/\/api.w.org\/{rel}","templated":true}]}}