{"id":4247,"date":"2013-05-14T00:00:00","date_gmt":"2013-05-13T22:00:00","guid":{"rendered":"https:\/\/lightweb.dev\/l\/svm-temp\/wood-factory-tillverkare-av-mobler-och-inredning\/"},"modified":"2013-05-14T00:00:00","modified_gmt":"2013-05-13T22:00:00","slug":"wood-factory-tillverkare-av-mobler-och-inredning","status":"publish","type":"post","link":"https:\/\/lightweb.dev\/l\/svm-temp\/artiklar\/wood-factory-tillverkare-av-mobler-och-inredning\/","title":{"rendered":"Wood Factory tillverkare av m\u00f6bler och inredning"},"content":{"rendered":"<p> Unik design och \u00e5tervunnet virke ger WoodFactory framg\u00e5ng \u2013  showroom och tillverkning i SanPedro \u00e4r v\u00e4l v\u00e4rt ett bes\u00f6k. \u00c4ntligen har kusten f\u00e5tt sin egen tillverkare av designade m\u00f6bler och inredning gjort av \u00e5tervunnet tr\u00e4.  I nya Pol\u00edgono San Pedro de Alcant\u00e1ra har holl\u00e4ndska Kristel Schoeman-D\u200banee startat ett showroom och egen tillverkning av m\u00f6bler och inredning till b\u00e5de privata hem och restauranger, allt gjort av \u00e5tervunnet, naturligt och vackert tr\u00e4.<\/p>\n<p>Tr\u00e4et importeras till Spanien fr\u00e5n Holland och kommer i l\u00e5nga l\u00e4ngder vilket till\u00e5ter tillverkning av l\u00e5nga bord, b\u00e4nkar och inte minst vackra massiva tr\u00e4golv. Tr\u00e4et har \u00e5ldrats naturligt tack vare sol, vind och regn och har d\u00e4rmed f\u00e5tt en vacker ljus eller gr\u00e5aktig lyster med en patinering som g\u00f6r att man verkligen ser det naturliga tr\u00e4et och dess \u00e5dringar.<\/p>\n<p>WoodFactory tillhandah\u00e5ller ett stort antal olika designer p\u00e5 bord, stolar, loungem\u00f6bler, hyllor, garderober, s\u00e4ngar, skrivbord, bloml\u00e5dor med mera och f\u00f6r att se och k\u00e4nna p\u00e5 dessa beger man sig enklast till WoodFactorys showroom bel\u00e4get p\u00e5 Calle Budapest 16, Pol\u00edgono San Pedro de Alcant\u00e1ra.<\/p>\n<p>Tack vare WoodFactorys egna tillverkning av alla m\u00f6bler, gjorda av egna finsnickare i egen verkstad, bel\u00e4gen i samma byggnad som deras showroom, kan du som kund f\u00e5 m\u00f6blerna och inredningen specialanpassad efter just de m\u00e5tt eller den design du \u00f6nskar.<\/p>\n<p>Har du egna id\u00e9er eller kanske till och med ritningar f\u00f6r n\u00e5gon m\u00f6bel, pergola, k\u00f6k eller liknande, kom till WoodFactory s\u00e5 hj\u00e4lper Kristel och hennes finsnickare dig med att f\u00f6rverkliga dina tankar.<\/p>\n<p>Skr\u00e4ddarsydda m\u00f6bler och inredningar enligt kundens egna \u00f6nskem\u00e5l till ett bra pris, \u00e4r en sj\u00e4lvklarhet hos WoodFactory.<\/p>\n<p>WoodFactory har byggt och tillverkat inredning hos ett stort antal restauranger och barer runt om p\u00e5 kusten.  Allt fr\u00e5n hela inredningar s\u00e5som golv, bardiskar, stolar och bord, till mindre arbeten, till exempel speglar, ramar, menyst\u00e4ll med mera har levererats, allt med samma h\u00f6ga kvalitet och goda service.<\/p>\n<p>M\u00f6bler f\u00f6r utomhusbruk behandlas med en skyddande olja som finns att f\u00e5 i ett flertal olika kul\u00f6rer. Sj\u00e4lvklart kan \u00e4ven m\u00f6bler f\u00f6r inomhusbruk behandlas och urvalet av olika kul\u00f6rer till din m\u00f6bel, \u00e4r stort till exempel \u201dWhite-wash\u201d, svart, turkos med mera.<\/p>\n<p>\u00c4garinnan Kristel som bott i Spanien i 13 \u00e5r, har tidigare arbetat inom fastighets- och servicebranschen och har i och med sina tidigare yrken ofta blivit tillfr\u00e5gad om var man kunnat k\u00f6pa denna typ av m\u00f6bler.  Det vill s\u00e4ga m\u00f6bler, handgjorda av ljust och naturligt tr\u00e4 med en modern och skandinavisk design, och inte minst, till ett bra pris.<\/p>\n<p>Kristel gjorde slag i saken och startade WoodFactory under augusti 2012 och tillf\u00f6rde d\u00e4rmed den saknade pusselbiten inom m\u00f6bler, design och inredning av \u00e5tervunnet, naturligt tr\u00e4, h\u00e4r i Spanien p\u00e5 Costa del Sol.<\/p>\n<p>WoodFactory<br \/>\nPoligono San Pedro de Alcant\u00e1ra<br \/>\nCalle Budapest 16<br \/>\nES &#8211; 29670 San Pedro de Alcant\u00e1ra<br \/>\nMarbella, M\u00e1laga<\/p>\n<p> +34 620 230 376<br \/>\n kristel@woodfactory.es<br \/>\n www.woodfactory.es <\/p>\n","protected":false},"excerpt":{"rendered":"<p>Unik design och \u00e5tervunnet virke ger WoodFactory framg\u00e5ng \u2013 showroom och tillverkning i SanPedro \u00e4r v\u00e4l v\u00e4rt ett bes\u00f6k. \u00c4ntligen har kusten f\u00e5tt sin egen tillverkare av designade m\u00f6bler och inredning gjort av \u00e5tervunnet tr\u00e4. I nya Pol\u00edgono San Pedro de Alcant\u00e1ra har holl\u00e4ndska Kristel Schoeman-D\u200banee startat ett showroom och egen tillverkning av m\u00f6bler och [&hellip;]<\/p>\n","protected":false},"author":8,"featured_media":4248,"comment_status":"open","ping_status":"open","sticky":false,"template":"","format":"standard","meta":{"_et_pb_use_builder":"","_et_pb_old_content":"","_et_gb_content_width":"","footnotes":""},"categories":[396,4],"tags":[],"class_list":["post-4247","post","type-post","status-publish","format-standard","has-post-thumbnail","hentry","category-arkiv-artiklar","category-artiklar"],"yoast_head":"<!-- This site is optimized with the Yoast SEO Premium plugin v26.2 (Yoast SEO v27.5) - https:\/\/yoast.com\/product\/yoast-seo-premium-wordpress\/ -->\n<title>Wood Factory tillverkare av m\u00f6bler och inredning - Svenska Magasinet<\/title>\n<meta name=\"robots\" content=\"noindex, follow, max-snippet:-1, max-image-preview:large, max-video-preview:-1\" \/>\n<meta property=\"og:locale\" content=\"sv_SE\" \/>\n<meta property=\"og:type\" content=\"article\" \/>\n<meta property=\"og:title\" content=\"Wood Factory tillverkare av m\u00f6bler och inredning\" \/>\n<meta property=\"og:description\" content=\"Unik design och \u00e5tervunnet virke ger WoodFactory framg\u00e5ng \u2013 showroom och tillverkning i SanPedro \u00e4r v\u00e4l v\u00e4rt ett bes\u00f6k. \u00c4ntligen har kusten f\u00e5tt sin egen tillverkare av designade m\u00f6bler och inredning gjort av \u00e5tervunnet tr\u00e4. I nya Pol\u00edgono San Pedro de Alcant\u00e1ra har holl\u00e4ndska Kristel Schoeman-D\u200banee startat ett showroom och egen tillverkning av m\u00f6bler och [&hellip;]\" \/>\n<meta property=\"og:url\" content=\"https:\/\/lightweb.dev\/l\/svm-temp\/artiklar\/wood-factory-tillverkare-av-mobler-och-inredning\/\" \/>\n<meta property=\"og:site_name\" content=\"Svenska Magasinet\" \/>\n<meta property=\"article:publisher\" content=\"https:\/\/www.facebook.com\/svenskamagasinet\" \/>\n<meta property=\"article:published_time\" content=\"2013-05-13T22:00:00+00:00\" \/>\n<meta property=\"og:image\" content=\"https:\/\/lightweb.dev\/l\/svm-temp\/wp-content\/uploads\/2022\/04\/wood-factory-tillverkare-av-mbler-och-inredning.png\" \/>\n\t<meta property=\"og:image:width\" content=\"280\" \/>\n\t<meta property=\"og:image:height\" content=\"210\" \/>\n\t<meta property=\"og:image:type\" content=\"image\/png\" \/>\n<meta name=\"author\" content=\"Redaktionen SvM\" \/>\n<meta name=\"twitter:card\" content=\"summary_large_image\" \/>\n<meta name=\"twitter:creator\" content=\"@SvenskaMagasine\" \/>\n<meta name=\"twitter:site\" content=\"@SvenskaMagasine\" \/>\n<script type=\"application\/ld+json\" class=\"yoast-schema-graph\">{\"@context\":\"https:\\\/\\\/schema.org\",\"@graph\":[{\"@type\":\"Article\",\"@id\":\"https:\\\/\\\/lightweb.dev\\\/l\\\/svm-temp\\\/artiklar\\\/wood-factory-tillverkare-av-mobler-och-inredning\\\/#article\",\"isPartOf\":{\"@id\":\"https:\\\/\\\/lightweb.dev\\\/l\\\/svm-temp\\\/artiklar\\\/wood-factory-tillverkare-av-mobler-och-inredning\\\/\"},\"author\":{\"name\":\"Redaktionen SvM\",\"@id\":\"https:\\\/\\\/lightweb.dev\\\/l\\\/svm-temp\\\/#\\\/schema\\\/person\\\/206a3bda5b607b0c25e1749191e4d837\"},\"headline\":\"Wood Factory tillverkare av m\u00f6bler och inredning\",\"datePublished\":\"2013-05-13T22:00:00+00:00\",\"mainEntityOfPage\":{\"@id\":\"https:\\\/\\\/lightweb.dev\\\/l\\\/svm-temp\\\/artiklar\\\/wood-factory-tillverkare-av-mobler-och-inredning\\\/\"},\"wordCount\":541,\"commentCount\":0,\"publisher\":{\"@id\":\"https:\\\/\\\/lightweb.dev\\\/l\\\/svm-temp\\\/#organization\"},\"image\":{\"@id\":\"https:\\\/\\\/lightweb.dev\\\/l\\\/svm-temp\\\/artiklar\\\/wood-factory-tillverkare-av-mobler-och-inredning\\\/#primaryimage\"},\"thumbnailUrl\":\"https:\\\/\\\/lightweb.dev\\\/l\\\/svm-temp\\\/wp-content\\\/uploads\\\/2022\\\/04\\\/wood-factory-tillverkare-av-mbler-och-inredning.png\",\"articleSection\":[\"Arkiv\",\"Artiklar\"],\"inLanguage\":\"sv-SE\"},{\"@type\":\"WebPage\",\"@id\":\"https:\\\/\\\/lightweb.dev\\\/l\\\/svm-temp\\\/artiklar\\\/wood-factory-tillverkare-av-mobler-och-inredning\\\/\",\"url\":\"https:\\\/\\\/lightweb.dev\\\/l\\\/svm-temp\\\/artiklar\\\/wood-factory-tillverkare-av-mobler-och-inredning\\\/\",\"name\":\"Wood Factory tillverkare av m\u00f6bler och inredning - Svenska Magasinet\",\"isPartOf\":{\"@id\":\"https:\\\/\\\/lightweb.dev\\\/l\\\/svm-temp\\\/#website\"},\"primaryImageOfPage\":{\"@id\":\"https:\\\/\\\/lightweb.dev\\\/l\\\/svm-temp\\\/artiklar\\\/wood-factory-tillverkare-av-mobler-och-inredning\\\/#primaryimage\"},\"image\":{\"@id\":\"https:\\\/\\\/lightweb.dev\\\/l\\\/svm-temp\\\/artiklar\\\/wood-factory-tillverkare-av-mobler-och-inredning\\\/#primaryimage\"},\"thumbnailUrl\":\"https:\\\/\\\/lightweb.dev\\\/l\\\/svm-temp\\\/wp-content\\\/uploads\\\/2022\\\/04\\\/wood-factory-tillverkare-av-mbler-och-inredning.png\",\"datePublished\":\"2013-05-13T22:00:00+00:00\",\"breadcrumb\":{\"@id\":\"https:\\\/\\\/lightweb.dev\\\/l\\\/svm-temp\\\/artiklar\\\/wood-factory-tillverkare-av-mobler-och-inredning\\\/#breadcrumb\"},\"inLanguage\":\"sv-SE\",\"potentialAction\":[{\"@type\":\"ReadAction\",\"target\":[\"https:\\\/\\\/lightweb.dev\\\/l\\\/svm-temp\\\/artiklar\\\/wood-factory-tillverkare-av-mobler-och-inredning\\\/\"]}]},{\"@type\":\"ImageObject\",\"inLanguage\":\"sv-SE\",\"@id\":\"https:\\\/\\\/lightweb.dev\\\/l\\\/svm-temp\\\/artiklar\\\/wood-factory-tillverkare-av-mobler-och-inredning\\\/#primaryimage\",\"url\":\"https:\\\/\\\/lightweb.dev\\\/l\\\/svm-temp\\\/wp-content\\\/uploads\\\/2022\\\/04\\\/wood-factory-tillverkare-av-mbler-och-inredning.png\",\"contentUrl\":\"https:\\\/\\\/lightweb.dev\\\/l\\\/svm-temp\\\/wp-content\\\/uploads\\\/2022\\\/04\\\/wood-factory-tillverkare-av-mbler-och-inredning.png\",\"width\":280,\"height\":210},{\"@type\":\"BreadcrumbList\",\"@id\":\"https:\\\/\\\/lightweb.dev\\\/l\\\/svm-temp\\\/artiklar\\\/wood-factory-tillverkare-av-mobler-och-inredning\\\/#breadcrumb\",\"itemListElement\":[{\"@type\":\"ListItem\",\"position\":1,\"name\":\"Hem\",\"item\":\"https:\\\/\\\/lightweb.dev\\\/l\\\/svm-temp\\\/\"},{\"@type\":\"ListItem\",\"position\":2,\"name\":\"Wood Factory tillverkare av m\u00f6bler och inredning\"}]},{\"@type\":\"WebSite\",\"@id\":\"https:\\\/\\\/lightweb.dev\\\/l\\\/svm-temp\\\/#website\",\"url\":\"https:\\\/\\\/lightweb.dev\\\/l\\\/svm-temp\\\/\",\"name\":\"Svenska Magasinet\",\"description\":\"Dina Spanska nyheter p&aring; Svenska\",\"publisher\":{\"@id\":\"https:\\\/\\\/lightweb.dev\\\/l\\\/svm-temp\\\/#organization\"},\"potentialAction\":[{\"@type\":\"SearchAction\",\"target\":{\"@type\":\"EntryPoint\",\"urlTemplate\":\"https:\\\/\\\/lightweb.dev\\\/l\\\/svm-temp\\\/?s={search_term_string}\"},\"query-input\":{\"@type\":\"PropertyValueSpecification\",\"valueRequired\":true,\"valueName\":\"search_term_string\"}}],\"inLanguage\":\"sv-SE\"},{\"@type\":\"Organization\",\"@id\":\"https:\\\/\\\/lightweb.dev\\\/l\\\/svm-temp\\\/#organization\",\"name\":\"Melkerson y Nott SL\",\"alternateName\":\"Svenska Magasinet\",\"url\":\"https:\\\/\\\/lightweb.dev\\\/l\\\/svm-temp\\\/\",\"logo\":{\"@type\":\"ImageObject\",\"inLanguage\":\"sv-SE\",\"@id\":\"https:\\\/\\\/lightweb.dev\\\/l\\\/svm-temp\\\/#\\\/schema\\\/logo\\\/image\\\/\",\"url\":\"https:\\\/\\\/lightweb.dev\\\/l\\\/svm-temp\\\/wp-content\\\/uploads\\\/2025\\\/02\\\/SvM-logo-Xtra-Centrerad-SVART.png\",\"contentUrl\":\"https:\\\/\\\/lightweb.dev\\\/l\\\/svm-temp\\\/wp-content\\\/uploads\\\/2025\\\/02\\\/SvM-logo-Xtra-Centrerad-SVART.png\",\"width\":300,\"height\":99,\"caption\":\"Melkerson y Nott SL\"},\"image\":{\"@id\":\"https:\\\/\\\/lightweb.dev\\\/l\\\/svm-temp\\\/#\\\/schema\\\/logo\\\/image\\\/\"},\"sameAs\":[\"https:\\\/\\\/www.facebook.com\\\/svenskamagasinet\",\"https:\\\/\\\/x.com\\\/SvenskaMagasine\"]},{\"@type\":\"Person\",\"@id\":\"https:\\\/\\\/lightweb.dev\\\/l\\\/svm-temp\\\/#\\\/schema\\\/person\\\/206a3bda5b607b0c25e1749191e4d837\",\"name\":\"Redaktionen SvM\",\"description\":\"Redaktionen\",\"sameAs\":[\"https:\\\/\\\/lightweb.dev\\\/l\\\/svm-temp\"],\"url\":\"https:\\\/\\\/lightweb.dev\\\/l\\\/svm-temp\\\/reporter\\\/redaktionen\\\/\"}]}<\/script>\n<!-- \/ Yoast SEO Premium plugin. -->","yoast_head_json":{"title":"Wood Factory tillverkare av m\u00f6bler och inredning - Svenska Magasinet","robots":{"index":"noindex","follow":"follow","max-snippet":"max-snippet:-1","max-image-preview":"max-image-preview:large","max-video-preview":"max-video-preview:-1"},"og_locale":"sv_SE","og_type":"article","og_title":"Wood Factory tillverkare av m\u00f6bler och inredning","og_description":"Unik design och \u00e5tervunnet virke ger WoodFactory framg\u00e5ng \u2013 showroom och tillverkning i SanPedro \u00e4r v\u00e4l v\u00e4rt ett bes\u00f6k. \u00c4ntligen har kusten f\u00e5tt sin egen tillverkare av designade m\u00f6bler och inredning gjort av \u00e5tervunnet tr\u00e4. I nya Pol\u00edgono San Pedro de Alcant\u00e1ra har holl\u00e4ndska Kristel Schoeman-D\u200banee startat ett showroom och egen tillverkning av m\u00f6bler och [&hellip;]","og_url":"https:\/\/lightweb.dev\/l\/svm-temp\/artiklar\/wood-factory-tillverkare-av-mobler-och-inredning\/","og_site_name":"Svenska Magasinet","article_publisher":"https:\/\/www.facebook.com\/svenskamagasinet","article_published_time":"2013-05-13T22:00:00+00:00","og_image":[{"width":280,"height":210,"url":"https:\/\/lightweb.dev\/l\/svm-temp\/wp-content\/uploads\/2022\/04\/wood-factory-tillverkare-av-mbler-och-inredning.png","type":"image\/png"}],"author":"Redaktionen SvM","twitter_card":"summary_large_image","twitter_creator":"@SvenskaMagasine","twitter_site":"@SvenskaMagasine","schema":{"@context":"https:\/\/schema.org","@graph":[{"@type":"Article","@id":"https:\/\/lightweb.dev\/l\/svm-temp\/artiklar\/wood-factory-tillverkare-av-mobler-och-inredning\/#article","isPartOf":{"@id":"https:\/\/lightweb.dev\/l\/svm-temp\/artiklar\/wood-factory-tillverkare-av-mobler-och-inredning\/"},"author":{"name":"Redaktionen SvM","@id":"https:\/\/lightweb.dev\/l\/svm-temp\/#\/schema\/person\/206a3bda5b607b0c25e1749191e4d837"},"headline":"Wood Factory tillverkare av m\u00f6bler och inredning","datePublished":"2013-05-13T22:00:00+00:00","mainEntityOfPage":{"@id":"https:\/\/lightweb.dev\/l\/svm-temp\/artiklar\/wood-factory-tillverkare-av-mobler-och-inredning\/"},"wordCount":541,"commentCount":0,"publisher":{"@id":"https:\/\/lightweb.dev\/l\/svm-temp\/#organization"},"image":{"@id":"https:\/\/lightweb.dev\/l\/svm-temp\/artiklar\/wood-factory-tillverkare-av-mobler-och-inredning\/#primaryimage"},"thumbnailUrl":"https:\/\/lightweb.dev\/l\/svm-temp\/wp-content\/uploads\/2022\/04\/wood-factory-tillverkare-av-mbler-och-inredning.png","articleSection":["Arkiv","Artiklar"],"inLanguage":"sv-SE"},{"@type":"WebPage","@id":"https:\/\/lightweb.dev\/l\/svm-temp\/artiklar\/wood-factory-tillverkare-av-mobler-och-inredning\/","url":"https:\/\/lightweb.dev\/l\/svm-temp\/artiklar\/wood-factory-tillverkare-av-mobler-och-inredning\/","name":"Wood Factory tillverkare av m\u00f6bler och inredning - Svenska Magasinet","isPartOf":{"@id":"https:\/\/lightweb.dev\/l\/svm-temp\/#website"},"primaryImageOfPage":{"@id":"https:\/\/lightweb.dev\/l\/svm-temp\/artiklar\/wood-factory-tillverkare-av-mobler-och-inredning\/#primaryimage"},"image":{"@id":"https:\/\/lightweb.dev\/l\/svm-temp\/artiklar\/wood-factory-tillverkare-av-mobler-och-inredning\/#primaryimage"},"thumbnailUrl":"https:\/\/lightweb.dev\/l\/svm-temp\/wp-content\/uploads\/2022\/04\/wood-factory-tillverkare-av-mbler-och-inredning.png","datePublished":"2013-05-13T22:00:00+00:00","breadcrumb":{"@id":"https:\/\/lightweb.dev\/l\/svm-temp\/artiklar\/wood-factory-tillverkare-av-mobler-och-inredning\/#breadcrumb"},"inLanguage":"sv-SE","potentialAction":[{"@type":"ReadAction","target":["https:\/\/lightweb.dev\/l\/svm-temp\/artiklar\/wood-factory-tillverkare-av-mobler-och-inredning\/"]}]},{"@type":"ImageObject","inLanguage":"sv-SE","@id":"https:\/\/lightweb.dev\/l\/svm-temp\/artiklar\/wood-factory-tillverkare-av-mobler-och-inredning\/#primaryimage","url":"https:\/\/lightweb.dev\/l\/svm-temp\/wp-content\/uploads\/2022\/04\/wood-factory-tillverkare-av-mbler-och-inredning.png","contentUrl":"https:\/\/lightweb.dev\/l\/svm-temp\/wp-content\/uploads\/2022\/04\/wood-factory-tillverkare-av-mbler-och-inredning.png","width":280,"height":210},{"@type":"BreadcrumbList","@id":"https:\/\/lightweb.dev\/l\/svm-temp\/artiklar\/wood-factory-tillverkare-av-mobler-och-inredning\/#breadcrumb","itemListElement":[{"@type":"ListItem","position":1,"name":"Hem","item":"https:\/\/lightweb.dev\/l\/svm-temp\/"},{"@type":"ListItem","position":2,"name":"Wood Factory tillverkare av m\u00f6bler och inredning"}]},{"@type":"WebSite","@id":"https:\/\/lightweb.dev\/l\/svm-temp\/#website","url":"https:\/\/lightweb.dev\/l\/svm-temp\/","name":"Svenska Magasinet","description":"Dina Spanska nyheter p&aring; Svenska","publisher":{"@id":"https:\/\/lightweb.dev\/l\/svm-temp\/#organization"},"potentialAction":[{"@type":"SearchAction","target":{"@type":"EntryPoint","urlTemplate":"https:\/\/lightweb.dev\/l\/svm-temp\/?s={search_term_string}"},"query-input":{"@type":"PropertyValueSpecification","valueRequired":true,"valueName":"search_term_string"}}],"inLanguage":"sv-SE"},{"@type":"Organization","@id":"https:\/\/lightweb.dev\/l\/svm-temp\/#organization","name":"Melkerson y Nott SL","alternateName":"Svenska Magasinet","url":"https:\/\/lightweb.dev\/l\/svm-temp\/","logo":{"@type":"ImageObject","inLanguage":"sv-SE","@id":"https:\/\/lightweb.dev\/l\/svm-temp\/#\/schema\/logo\/image\/","url":"https:\/\/lightweb.dev\/l\/svm-temp\/wp-content\/uploads\/2025\/02\/SvM-logo-Xtra-Centrerad-SVART.png","contentUrl":"https:\/\/lightweb.dev\/l\/svm-temp\/wp-content\/uploads\/2025\/02\/SvM-logo-Xtra-Centrerad-SVART.png","width":300,"height":99,"caption":"Melkerson y Nott SL"},"image":{"@id":"https:\/\/lightweb.dev\/l\/svm-temp\/#\/schema\/logo\/image\/"},"sameAs":["https:\/\/www.facebook.com\/svenskamagasinet","https:\/\/x.com\/SvenskaMagasine"]},{"@type":"Person","@id":"https:\/\/lightweb.dev\/l\/svm-temp\/#\/schema\/person\/206a3bda5b607b0c25e1749191e4d837","name":"Redaktionen SvM","description":"Redaktionen","sameAs":["https:\/\/lightweb.dev\/l\/svm-temp"],"url":"https:\/\/lightweb.dev\/l\/svm-temp\/reporter\/redaktionen\/"}]}},"_links":{"self":[{"href":"https:\/\/lightweb.dev\/l\/svm-temp\/wp-json\/wp\/v2\/posts\/4247","targetHints":{"allow":["GET"]}}],"collection":[{"href":"https:\/\/lightweb.dev\/l\/svm-temp\/wp-json\/wp\/v2\/posts"}],"about":[{"href":"https:\/\/lightweb.dev\/l\/svm-temp\/wp-json\/wp\/v2\/types\/post"}],"author":[{"embeddable":true,"href":"https:\/\/lightweb.dev\/l\/svm-temp\/wp-json\/wp\/v2\/users\/8"}],"replies":[{"embeddable":true,"href":"https:\/\/lightweb.dev\/l\/svm-temp\/wp-json\/wp\/v2\/comments?post=4247"}],"version-history":[{"count":0,"href":"https:\/\/lightweb.dev\/l\/svm-temp\/wp-json\/wp\/v2\/posts\/4247\/revisions"}],"wp:featuredmedia":[{"embeddable":true,"href":"https:\/\/lightweb.dev\/l\/svm-temp\/wp-json\/wp\/v2\/media\/4248"}],"wp:attachment":[{"href":"https:\/\/lightweb.dev\/l\/svm-temp\/wp-json\/wp\/v2\/media?parent=4247"}],"wp:term":[{"taxonomy":"category","embeddable":true,"href":"https:\/\/lightweb.dev\/l\/svm-temp\/wp-json\/wp\/v2\/categories?post=4247"},{"taxonomy":"post_tag","embeddable":true,"href":"https:\/\/lightweb.dev\/l\/svm-temp\/wp-json\/wp\/v2\/tags?post=4247"}],"curies":[{"name":"wp","href":"https:\/\/api.w.org\/{rel}","templated":true}]}}