{"id":4249,"date":"2013-05-14T00:00:00","date_gmt":"2013-05-13T22:00:00","guid":{"rendered":"https:\/\/lightweb.dev\/l\/svm-temp\/world-of-sofas-mycket-mer-an-soffor\/"},"modified":"2013-05-14T00:00:00","modified_gmt":"2013-05-13T22:00:00","slug":"world-of-sofas-mycket-mer-an-soffor","status":"publish","type":"post","link":"https:\/\/lightweb.dev\/l\/svm-temp\/artiklar\/world-of-sofas-mycket-mer-an-soffor\/","title":{"rendered":"World of Sofas &#8211; mycket mer \u00e4n soffor"},"content":{"rendered":"<p> Allt b\u00f6rjade med att de tv\u00e5 grundarna hade sina semesterbost\u00e4der h\u00e4r p\u00e5 Costa del Sol. De uppt\u00e4ckte ganska snart att m\u00f6bler och \u00e4ven tr\u00e4dg\u00e5rdsm\u00f6bler var relativt dyra h\u00e4r i j\u00e4mf\u00f6relse med Storbritannien, d\u00e4r de hade 12 butiker spridda \u00f6ver hela landet.  Av Anja Erixon<\/p>\n<p>Deras aff\u00e4rsid\u00e9 d\u00e4r var att resa v\u00e4rlden runt , k\u00f6pa m\u00f6bler i bulk, transportera i containrar och p\u00e5 det s\u00e4ttet kunna s\u00e4lja billigare \u00e4n andra. Denna id\u00e9 fungerar alldeles utm\u00e4rkt \u00e4ven h\u00e4r. Att k\u00f6pa m\u00f6bler p\u00e5 detta s\u00e4ttet inneb\u00e4r inte att de g\u00f6r avkall p\u00e5 kvalit\u00e9, snarare tv\u00e4rtom, de har drygt trettio \u00e5rs erfarenhet och den kunskap som beh\u00f6vs f\u00f6r att v\u00e4lja ut kvalitetsm\u00f6bler som passar in p\u00e5 den marknad d\u00e4r de ska s\u00e4ljas. De ska dessutom uppfylla de h\u00e5rda brands\u00e4kerhetskraven som g\u00e4ller i Storbritannien.<\/p>\n<p>Den f\u00f6rsta butiken p\u00e5 Costa del Sol \u00f6ppnades 2009. Och intentionen var att inom n\u00e5gra \u00e5r skulle det finnas 6 butiker. Nu kom ju den ekonomiska krisen i v\u00e4gen till b\u00e5de nytta och f\u00f6rtret. Nyttan var att folk i gemen m\u00e5ste vara f\u00f6rsiktiga med hur mycket de spenderar och d\u00e5 \u00e4r m\u00f6bler till r\u00e4tt pris v\u00e4ldigt intressant. F\u00f6rtreten \u00e4r att man inte har kunnat expandera i den takt man ville.<\/p>\n<p>Som alla k\u00e4nner till \u00e4r l\u00e4get av en aff\u00e4rsverksamhet en av de viktigaste faktorerna om man vill lyckas. Att den f\u00f6rsta butiken hamnade p\u00e5 v\u00e4gen mellan Fuengirola och Mijas \u00e4r allts\u00e5 ingen lycklig slump. L\u00e4get \u00e4r noggrant utvalt, med n\u00e4rheten till b\u00e5de A7 och AP7, att det \u00e4r l\u00e4tt att parkera och att det finns konkurrans av andra m\u00f6belaff\u00e4rer!<\/p>\n<p>F\u00f6retagsnamnet World of Sofas antyder att det enbart handlar om soffor och det gjorde det nog ocks\u00e5 fr\u00e5n b\u00f6rjan. H\u00e4r finns soffor, b\u00e4ddsoffor och f\u00e5t\u00f6ljer i alla former och f\u00e4rger, tyg eller l\u00e4der. Det finns garanterat just det man vill ha. Men inte bara soffor, h\u00e4r finns allt annat ocks\u00e5, bord, s\u00e4ngar, tr\u00e4dg\u00e5rdsm\u00f6bler, tavlor, speglar, mattor och prydnadsf\u00f6rem\u00e5l.  Just tr\u00e4dg\u00e5rdsm\u00f6bler har blivit en stor sektion, de finns av rotting, b\u00e5de \u00e4kta och det konstgjorda, och \u00e4ven av det alltid s\u00e5 popul\u00e4ra tr\u00e4slaget teak!<\/p>\n<p>Personalen \u00e4r just s\u00e5 hj\u00e4lpsam som man vill. Vill man g\u00e5 omkring och titta utan att bli st\u00f6rd \u00e4r det ok,  vill man ha hj\u00e4lp s\u00e5 f\u00e5r man det. All personal talar engelska och spanska, n\u00e5gra har \u00e4ven andra spr\u00e5kkunskaper som t.ex. finska, ryska och estniska.<\/p>\n<p>Mer info finns i annonsen p\u00e5 baksidan av Svenska Magasinet och p\u00e5 www.worldofsofas.es <\/p>\n","protected":false},"excerpt":{"rendered":"<p>Allt b\u00f6rjade med att de tv\u00e5 grundarna hade sina semesterbost\u00e4der h\u00e4r p\u00e5 Costa del Sol. De uppt\u00e4ckte ganska snart att m\u00f6bler och \u00e4ven tr\u00e4dg\u00e5rdsm\u00f6bler var relativt dyra h\u00e4r i j\u00e4mf\u00f6relse med Storbritannien, d\u00e4r de hade 12 butiker spridda \u00f6ver hela landet. Av Anja Erixon Deras aff\u00e4rsid\u00e9 d\u00e4r var att resa v\u00e4rlden runt , k\u00f6pa m\u00f6bler [&hellip;]<\/p>\n","protected":false},"author":8,"featured_media":4250,"comment_status":"open","ping_status":"open","sticky":false,"template":"","format":"standard","meta":{"_et_pb_use_builder":"","_et_pb_old_content":"","_et_gb_content_width":"","footnotes":""},"categories":[396,4],"tags":[],"class_list":["post-4249","post","type-post","status-publish","format-standard","has-post-thumbnail","hentry","category-arkiv-artiklar","category-artiklar"],"yoast_head":"<!-- This site is optimized with the Yoast SEO Premium plugin v26.2 (Yoast SEO v27.5) - https:\/\/yoast.com\/product\/yoast-seo-premium-wordpress\/ -->\n<title>World of Sofas - mycket mer \u00e4n soffor - Svenska Magasinet<\/title>\n<meta name=\"robots\" content=\"noindex, follow, max-snippet:-1, max-image-preview:large, max-video-preview:-1\" \/>\n<meta property=\"og:locale\" content=\"sv_SE\" \/>\n<meta property=\"og:type\" content=\"article\" \/>\n<meta property=\"og:title\" content=\"World of Sofas - mycket mer \u00e4n soffor\" \/>\n<meta property=\"og:description\" content=\"Allt b\u00f6rjade med att de tv\u00e5 grundarna hade sina semesterbost\u00e4der h\u00e4r p\u00e5 Costa del Sol. De uppt\u00e4ckte ganska snart att m\u00f6bler och \u00e4ven tr\u00e4dg\u00e5rdsm\u00f6bler var relativt dyra h\u00e4r i j\u00e4mf\u00f6relse med Storbritannien, d\u00e4r de hade 12 butiker spridda \u00f6ver hela landet. Av Anja Erixon Deras aff\u00e4rsid\u00e9 d\u00e4r var att resa v\u00e4rlden runt , k\u00f6pa m\u00f6bler [&hellip;]\" \/>\n<meta property=\"og:url\" content=\"https:\/\/lightweb.dev\/l\/svm-temp\/artiklar\/world-of-sofas-mycket-mer-an-soffor\/\" \/>\n<meta property=\"og:site_name\" content=\"Svenska Magasinet\" \/>\n<meta property=\"article:publisher\" content=\"https:\/\/www.facebook.com\/svenskamagasinet\" \/>\n<meta property=\"article:published_time\" content=\"2013-05-13T22:00:00+00:00\" \/>\n<meta property=\"og:image\" content=\"https:\/\/lightweb.dev\/l\/svm-temp\/wp-content\/uploads\/2022\/04\/world-of-sofas-mycket-mer-n-soffor.png\" \/>\n\t<meta property=\"og:image:width\" content=\"299\" \/>\n\t<meta property=\"og:image:height\" content=\"200\" \/>\n\t<meta property=\"og:image:type\" content=\"image\/png\" \/>\n<meta name=\"author\" content=\"Redaktionen SvM\" \/>\n<meta name=\"twitter:card\" content=\"summary_large_image\" \/>\n<meta name=\"twitter:creator\" content=\"@SvenskaMagasine\" \/>\n<meta name=\"twitter:site\" content=\"@SvenskaMagasine\" \/>\n<script type=\"application\/ld+json\" class=\"yoast-schema-graph\">{\"@context\":\"https:\\\/\\\/schema.org\",\"@graph\":[{\"@type\":\"Article\",\"@id\":\"https:\\\/\\\/lightweb.dev\\\/l\\\/svm-temp\\\/artiklar\\\/world-of-sofas-mycket-mer-an-soffor\\\/#article\",\"isPartOf\":{\"@id\":\"https:\\\/\\\/lightweb.dev\\\/l\\\/svm-temp\\\/artiklar\\\/world-of-sofas-mycket-mer-an-soffor\\\/\"},\"author\":{\"name\":\"Redaktionen SvM\",\"@id\":\"https:\\\/\\\/lightweb.dev\\\/l\\\/svm-temp\\\/#\\\/schema\\\/person\\\/206a3bda5b607b0c25e1749191e4d837\"},\"headline\":\"World of Sofas &#8211; mycket mer \u00e4n soffor\",\"datePublished\":\"2013-05-13T22:00:00+00:00\",\"mainEntityOfPage\":{\"@id\":\"https:\\\/\\\/lightweb.dev\\\/l\\\/svm-temp\\\/artiklar\\\/world-of-sofas-mycket-mer-an-soffor\\\/\"},\"wordCount\":493,\"commentCount\":0,\"publisher\":{\"@id\":\"https:\\\/\\\/lightweb.dev\\\/l\\\/svm-temp\\\/#organization\"},\"image\":{\"@id\":\"https:\\\/\\\/lightweb.dev\\\/l\\\/svm-temp\\\/artiklar\\\/world-of-sofas-mycket-mer-an-soffor\\\/#primaryimage\"},\"thumbnailUrl\":\"https:\\\/\\\/lightweb.dev\\\/l\\\/svm-temp\\\/wp-content\\\/uploads\\\/2022\\\/04\\\/world-of-sofas-mycket-mer-n-soffor.png\",\"articleSection\":[\"Arkiv\",\"Artiklar\"],\"inLanguage\":\"sv-SE\"},{\"@type\":\"WebPage\",\"@id\":\"https:\\\/\\\/lightweb.dev\\\/l\\\/svm-temp\\\/artiklar\\\/world-of-sofas-mycket-mer-an-soffor\\\/\",\"url\":\"https:\\\/\\\/lightweb.dev\\\/l\\\/svm-temp\\\/artiklar\\\/world-of-sofas-mycket-mer-an-soffor\\\/\",\"name\":\"World of Sofas - mycket mer \u00e4n soffor - Svenska Magasinet\",\"isPartOf\":{\"@id\":\"https:\\\/\\\/lightweb.dev\\\/l\\\/svm-temp\\\/#website\"},\"primaryImageOfPage\":{\"@id\":\"https:\\\/\\\/lightweb.dev\\\/l\\\/svm-temp\\\/artiklar\\\/world-of-sofas-mycket-mer-an-soffor\\\/#primaryimage\"},\"image\":{\"@id\":\"https:\\\/\\\/lightweb.dev\\\/l\\\/svm-temp\\\/artiklar\\\/world-of-sofas-mycket-mer-an-soffor\\\/#primaryimage\"},\"thumbnailUrl\":\"https:\\\/\\\/lightweb.dev\\\/l\\\/svm-temp\\\/wp-content\\\/uploads\\\/2022\\\/04\\\/world-of-sofas-mycket-mer-n-soffor.png\",\"datePublished\":\"2013-05-13T22:00:00+00:00\",\"breadcrumb\":{\"@id\":\"https:\\\/\\\/lightweb.dev\\\/l\\\/svm-temp\\\/artiklar\\\/world-of-sofas-mycket-mer-an-soffor\\\/#breadcrumb\"},\"inLanguage\":\"sv-SE\",\"potentialAction\":[{\"@type\":\"ReadAction\",\"target\":[\"https:\\\/\\\/lightweb.dev\\\/l\\\/svm-temp\\\/artiklar\\\/world-of-sofas-mycket-mer-an-soffor\\\/\"]}]},{\"@type\":\"ImageObject\",\"inLanguage\":\"sv-SE\",\"@id\":\"https:\\\/\\\/lightweb.dev\\\/l\\\/svm-temp\\\/artiklar\\\/world-of-sofas-mycket-mer-an-soffor\\\/#primaryimage\",\"url\":\"https:\\\/\\\/lightweb.dev\\\/l\\\/svm-temp\\\/wp-content\\\/uploads\\\/2022\\\/04\\\/world-of-sofas-mycket-mer-n-soffor.png\",\"contentUrl\":\"https:\\\/\\\/lightweb.dev\\\/l\\\/svm-temp\\\/wp-content\\\/uploads\\\/2022\\\/04\\\/world-of-sofas-mycket-mer-n-soffor.png\",\"width\":299,\"height\":200},{\"@type\":\"BreadcrumbList\",\"@id\":\"https:\\\/\\\/lightweb.dev\\\/l\\\/svm-temp\\\/artiklar\\\/world-of-sofas-mycket-mer-an-soffor\\\/#breadcrumb\",\"itemListElement\":[{\"@type\":\"ListItem\",\"position\":1,\"name\":\"Hem\",\"item\":\"https:\\\/\\\/lightweb.dev\\\/l\\\/svm-temp\\\/\"},{\"@type\":\"ListItem\",\"position\":2,\"name\":\"World of Sofas &#8211; mycket mer \u00e4n soffor\"}]},{\"@type\":\"WebSite\",\"@id\":\"https:\\\/\\\/lightweb.dev\\\/l\\\/svm-temp\\\/#website\",\"url\":\"https:\\\/\\\/lightweb.dev\\\/l\\\/svm-temp\\\/\",\"name\":\"Svenska Magasinet\",\"description\":\"Dina Spanska nyheter p&aring; Svenska\",\"publisher\":{\"@id\":\"https:\\\/\\\/lightweb.dev\\\/l\\\/svm-temp\\\/#organization\"},\"potentialAction\":[{\"@type\":\"SearchAction\",\"target\":{\"@type\":\"EntryPoint\",\"urlTemplate\":\"https:\\\/\\\/lightweb.dev\\\/l\\\/svm-temp\\\/?s={search_term_string}\"},\"query-input\":{\"@type\":\"PropertyValueSpecification\",\"valueRequired\":true,\"valueName\":\"search_term_string\"}}],\"inLanguage\":\"sv-SE\"},{\"@type\":\"Organization\",\"@id\":\"https:\\\/\\\/lightweb.dev\\\/l\\\/svm-temp\\\/#organization\",\"name\":\"Melkerson y Nott SL\",\"alternateName\":\"Svenska Magasinet\",\"url\":\"https:\\\/\\\/lightweb.dev\\\/l\\\/svm-temp\\\/\",\"logo\":{\"@type\":\"ImageObject\",\"inLanguage\":\"sv-SE\",\"@id\":\"https:\\\/\\\/lightweb.dev\\\/l\\\/svm-temp\\\/#\\\/schema\\\/logo\\\/image\\\/\",\"url\":\"https:\\\/\\\/lightweb.dev\\\/l\\\/svm-temp\\\/wp-content\\\/uploads\\\/2025\\\/02\\\/SvM-logo-Xtra-Centrerad-SVART.png\",\"contentUrl\":\"https:\\\/\\\/lightweb.dev\\\/l\\\/svm-temp\\\/wp-content\\\/uploads\\\/2025\\\/02\\\/SvM-logo-Xtra-Centrerad-SVART.png\",\"width\":300,\"height\":99,\"caption\":\"Melkerson y Nott SL\"},\"image\":{\"@id\":\"https:\\\/\\\/lightweb.dev\\\/l\\\/svm-temp\\\/#\\\/schema\\\/logo\\\/image\\\/\"},\"sameAs\":[\"https:\\\/\\\/www.facebook.com\\\/svenskamagasinet\",\"https:\\\/\\\/x.com\\\/SvenskaMagasine\"]},{\"@type\":\"Person\",\"@id\":\"https:\\\/\\\/lightweb.dev\\\/l\\\/svm-temp\\\/#\\\/schema\\\/person\\\/206a3bda5b607b0c25e1749191e4d837\",\"name\":\"Redaktionen SvM\",\"description\":\"Redaktionen\",\"sameAs\":[\"https:\\\/\\\/lightweb.dev\\\/l\\\/svm-temp\"],\"url\":\"https:\\\/\\\/lightweb.dev\\\/l\\\/svm-temp\\\/reporter\\\/redaktionen\\\/\"}]}<\/script>\n<!-- \/ Yoast SEO Premium plugin. -->","yoast_head_json":{"title":"World of Sofas - mycket mer \u00e4n soffor - Svenska Magasinet","robots":{"index":"noindex","follow":"follow","max-snippet":"max-snippet:-1","max-image-preview":"max-image-preview:large","max-video-preview":"max-video-preview:-1"},"og_locale":"sv_SE","og_type":"article","og_title":"World of Sofas - mycket mer \u00e4n soffor","og_description":"Allt b\u00f6rjade med att de tv\u00e5 grundarna hade sina semesterbost\u00e4der h\u00e4r p\u00e5 Costa del Sol. De uppt\u00e4ckte ganska snart att m\u00f6bler och \u00e4ven tr\u00e4dg\u00e5rdsm\u00f6bler var relativt dyra h\u00e4r i j\u00e4mf\u00f6relse med Storbritannien, d\u00e4r de hade 12 butiker spridda \u00f6ver hela landet. Av Anja Erixon Deras aff\u00e4rsid\u00e9 d\u00e4r var att resa v\u00e4rlden runt , k\u00f6pa m\u00f6bler [&hellip;]","og_url":"https:\/\/lightweb.dev\/l\/svm-temp\/artiklar\/world-of-sofas-mycket-mer-an-soffor\/","og_site_name":"Svenska Magasinet","article_publisher":"https:\/\/www.facebook.com\/svenskamagasinet","article_published_time":"2013-05-13T22:00:00+00:00","og_image":[{"width":299,"height":200,"url":"https:\/\/lightweb.dev\/l\/svm-temp\/wp-content\/uploads\/2022\/04\/world-of-sofas-mycket-mer-n-soffor.png","type":"image\/png"}],"author":"Redaktionen SvM","twitter_card":"summary_large_image","twitter_creator":"@SvenskaMagasine","twitter_site":"@SvenskaMagasine","schema":{"@context":"https:\/\/schema.org","@graph":[{"@type":"Article","@id":"https:\/\/lightweb.dev\/l\/svm-temp\/artiklar\/world-of-sofas-mycket-mer-an-soffor\/#article","isPartOf":{"@id":"https:\/\/lightweb.dev\/l\/svm-temp\/artiklar\/world-of-sofas-mycket-mer-an-soffor\/"},"author":{"name":"Redaktionen SvM","@id":"https:\/\/lightweb.dev\/l\/svm-temp\/#\/schema\/person\/206a3bda5b607b0c25e1749191e4d837"},"headline":"World of Sofas &#8211; mycket mer \u00e4n soffor","datePublished":"2013-05-13T22:00:00+00:00","mainEntityOfPage":{"@id":"https:\/\/lightweb.dev\/l\/svm-temp\/artiklar\/world-of-sofas-mycket-mer-an-soffor\/"},"wordCount":493,"commentCount":0,"publisher":{"@id":"https:\/\/lightweb.dev\/l\/svm-temp\/#organization"},"image":{"@id":"https:\/\/lightweb.dev\/l\/svm-temp\/artiklar\/world-of-sofas-mycket-mer-an-soffor\/#primaryimage"},"thumbnailUrl":"https:\/\/lightweb.dev\/l\/svm-temp\/wp-content\/uploads\/2022\/04\/world-of-sofas-mycket-mer-n-soffor.png","articleSection":["Arkiv","Artiklar"],"inLanguage":"sv-SE"},{"@type":"WebPage","@id":"https:\/\/lightweb.dev\/l\/svm-temp\/artiklar\/world-of-sofas-mycket-mer-an-soffor\/","url":"https:\/\/lightweb.dev\/l\/svm-temp\/artiklar\/world-of-sofas-mycket-mer-an-soffor\/","name":"World of Sofas - mycket mer \u00e4n soffor - Svenska Magasinet","isPartOf":{"@id":"https:\/\/lightweb.dev\/l\/svm-temp\/#website"},"primaryImageOfPage":{"@id":"https:\/\/lightweb.dev\/l\/svm-temp\/artiklar\/world-of-sofas-mycket-mer-an-soffor\/#primaryimage"},"image":{"@id":"https:\/\/lightweb.dev\/l\/svm-temp\/artiklar\/world-of-sofas-mycket-mer-an-soffor\/#primaryimage"},"thumbnailUrl":"https:\/\/lightweb.dev\/l\/svm-temp\/wp-content\/uploads\/2022\/04\/world-of-sofas-mycket-mer-n-soffor.png","datePublished":"2013-05-13T22:00:00+00:00","breadcrumb":{"@id":"https:\/\/lightweb.dev\/l\/svm-temp\/artiklar\/world-of-sofas-mycket-mer-an-soffor\/#breadcrumb"},"inLanguage":"sv-SE","potentialAction":[{"@type":"ReadAction","target":["https:\/\/lightweb.dev\/l\/svm-temp\/artiklar\/world-of-sofas-mycket-mer-an-soffor\/"]}]},{"@type":"ImageObject","inLanguage":"sv-SE","@id":"https:\/\/lightweb.dev\/l\/svm-temp\/artiklar\/world-of-sofas-mycket-mer-an-soffor\/#primaryimage","url":"https:\/\/lightweb.dev\/l\/svm-temp\/wp-content\/uploads\/2022\/04\/world-of-sofas-mycket-mer-n-soffor.png","contentUrl":"https:\/\/lightweb.dev\/l\/svm-temp\/wp-content\/uploads\/2022\/04\/world-of-sofas-mycket-mer-n-soffor.png","width":299,"height":200},{"@type":"BreadcrumbList","@id":"https:\/\/lightweb.dev\/l\/svm-temp\/artiklar\/world-of-sofas-mycket-mer-an-soffor\/#breadcrumb","itemListElement":[{"@type":"ListItem","position":1,"name":"Hem","item":"https:\/\/lightweb.dev\/l\/svm-temp\/"},{"@type":"ListItem","position":2,"name":"World of Sofas &#8211; mycket mer \u00e4n soffor"}]},{"@type":"WebSite","@id":"https:\/\/lightweb.dev\/l\/svm-temp\/#website","url":"https:\/\/lightweb.dev\/l\/svm-temp\/","name":"Svenska Magasinet","description":"Dina Spanska nyheter p&aring; Svenska","publisher":{"@id":"https:\/\/lightweb.dev\/l\/svm-temp\/#organization"},"potentialAction":[{"@type":"SearchAction","target":{"@type":"EntryPoint","urlTemplate":"https:\/\/lightweb.dev\/l\/svm-temp\/?s={search_term_string}"},"query-input":{"@type":"PropertyValueSpecification","valueRequired":true,"valueName":"search_term_string"}}],"inLanguage":"sv-SE"},{"@type":"Organization","@id":"https:\/\/lightweb.dev\/l\/svm-temp\/#organization","name":"Melkerson y Nott SL","alternateName":"Svenska Magasinet","url":"https:\/\/lightweb.dev\/l\/svm-temp\/","logo":{"@type":"ImageObject","inLanguage":"sv-SE","@id":"https:\/\/lightweb.dev\/l\/svm-temp\/#\/schema\/logo\/image\/","url":"https:\/\/lightweb.dev\/l\/svm-temp\/wp-content\/uploads\/2025\/02\/SvM-logo-Xtra-Centrerad-SVART.png","contentUrl":"https:\/\/lightweb.dev\/l\/svm-temp\/wp-content\/uploads\/2025\/02\/SvM-logo-Xtra-Centrerad-SVART.png","width":300,"height":99,"caption":"Melkerson y Nott SL"},"image":{"@id":"https:\/\/lightweb.dev\/l\/svm-temp\/#\/schema\/logo\/image\/"},"sameAs":["https:\/\/www.facebook.com\/svenskamagasinet","https:\/\/x.com\/SvenskaMagasine"]},{"@type":"Person","@id":"https:\/\/lightweb.dev\/l\/svm-temp\/#\/schema\/person\/206a3bda5b607b0c25e1749191e4d837","name":"Redaktionen SvM","description":"Redaktionen","sameAs":["https:\/\/lightweb.dev\/l\/svm-temp"],"url":"https:\/\/lightweb.dev\/l\/svm-temp\/reporter\/redaktionen\/"}]}},"_links":{"self":[{"href":"https:\/\/lightweb.dev\/l\/svm-temp\/wp-json\/wp\/v2\/posts\/4249","targetHints":{"allow":["GET"]}}],"collection":[{"href":"https:\/\/lightweb.dev\/l\/svm-temp\/wp-json\/wp\/v2\/posts"}],"about":[{"href":"https:\/\/lightweb.dev\/l\/svm-temp\/wp-json\/wp\/v2\/types\/post"}],"author":[{"embeddable":true,"href":"https:\/\/lightweb.dev\/l\/svm-temp\/wp-json\/wp\/v2\/users\/8"}],"replies":[{"embeddable":true,"href":"https:\/\/lightweb.dev\/l\/svm-temp\/wp-json\/wp\/v2\/comments?post=4249"}],"version-history":[{"count":0,"href":"https:\/\/lightweb.dev\/l\/svm-temp\/wp-json\/wp\/v2\/posts\/4249\/revisions"}],"wp:featuredmedia":[{"embeddable":true,"href":"https:\/\/lightweb.dev\/l\/svm-temp\/wp-json\/wp\/v2\/media\/4250"}],"wp:attachment":[{"href":"https:\/\/lightweb.dev\/l\/svm-temp\/wp-json\/wp\/v2\/media?parent=4249"}],"wp:term":[{"taxonomy":"category","embeddable":true,"href":"https:\/\/lightweb.dev\/l\/svm-temp\/wp-json\/wp\/v2\/categories?post=4249"},{"taxonomy":"post_tag","embeddable":true,"href":"https:\/\/lightweb.dev\/l\/svm-temp\/wp-json\/wp\/v2\/tags?post=4249"}],"curies":[{"name":"wp","href":"https:\/\/api.w.org\/{rel}","templated":true}]}}