{"id":4251,"date":"2013-05-13T00:00:00","date_gmt":"2013-05-12T22:00:00","guid":{"rendered":"https:\/\/lightweb.dev\/l\/svm-temp\/gamla-stan-i-estepona-vackrast-pa-solkusten\/"},"modified":"2013-05-13T00:00:00","modified_gmt":"2013-05-12T22:00:00","slug":"gamla-stan-i-estepona-vackrast-pa-solkusten","status":"publish","type":"post","link":"https:\/\/lightweb.dev\/l\/svm-temp\/artiklar\/gamla-stan-i-estepona-vackrast-pa-solkusten\/","title":{"rendered":"Gamla stan i Estepona \u2013 vackrast p\u00e5 Solkusten"},"content":{"rendered":"<p> Jag har bes\u00f6kt m\u00e5nga gamla historiska kvarter p\u00e5 Solkusten. Frigiliana, V\u00e9lez, M\u00e1laga, Mijas och Marbella har gamla vackra stadsdelar. Den vackraste gamla stan p\u00e5 Solkusten har Estepona. En vandring till fots utmed de uppfr\u00e4schade gatorna blir till ett utflyktsm\u00e5l d\u00e5 Spanien visar sig fr\u00e5n sin b\u00e4sta sida Av Ola Josefsson<\/p>\n<p>Det s\u00e4gs att de kristna med kung Henrik IV i spetsen intog Estepona snabbt och bekv\u00e4mt 1456. P\u00e5 grund av en brand hade morerna evakuerat omr\u00e5det s\u00e5 n\u00e4r de katolska styrkorna kom till Estepona var den lilla byn \u00f6vergiven. Under 1500-talet byggdes den upp igen.<\/p>\n<p>Estepona \u00e4r lantisen bland de st\u00f6rre badorterna p\u00e5 Costa del Sol. N\u00e4r str\u00f6mmen av turister satte Torremolinos, Benalm\u00e1dena, Fuengirola och Marbella p\u00e5 kartan har Estepona levt sitt eget liv.<br \/>\nPlatsen fick \u00e5 andra sidan bli centralort n\u00e4r den svenska deckarf\u00f6rfattaren \u00c5ke Edwardson 2011 utkom med den frist\u00e5ende kriminalromanen \u201dM\u00f6t mig i Estepona\u201d. Reklammannen Peter Matt\u00e9us blir konfronterad med m\u00f6rka och f\u00f6rtr\u00e4ngda hemligheter fr\u00e5n ungdoms\u00e5ren. Kriminalromanen utspelar sig i Estepona och bland ingredienserna h\u00f6r utpressning, baskisk terrorism, politisk korruption och dubbelspel.<\/p>\n<p>N\u00e4r jag vandrar i Estepona k\u00e4nns det betydligt lugnare. En sm\u00e5stadsidyll med vitkalkade hus coh en vacker strandpromenad utmed sandstranden mitt i stan. Trots det \u00e4r platsen inte k\u00e4nd som en badort eller turistort. Estepona k\u00e4nns som en spansk by vid havet \u00e4ven om antalet inv\u00e5nare \u00f6kar under sommaren d\u00e5 folk fr\u00e5n Madrid och Sevilla l\u00e4mnar hettan i inlandet f\u00f6r att s\u00f6ka svalkan vid kusten.<\/p>\n<p>Jag strosar en v\u00e5rdag utmed Calle Real fram till Plaza de las Flores och k\u00e4nner den intensiva doften fr\u00e5n blommorna p\u00e5 apelsintr\u00e4den. Aldrig har Gamla stan i Estepona varit s\u00e5 vacker som nu.<\/p>\n<p>Kommunen har spenderat en halv miljon euro p\u00e5 att rusta upp 25 gator. De har handskats varsamt och beh\u00e5llit det historiska gatun\u00e4tet. Gamla ledningar har gr\u00e4vts ned. Med hj\u00e4lp av enkla byggstenar i samklang med de gamla fasaderna och tusentals bl\u00e5 och gr\u00f6na krukor har det skapats en fantastisk inramning och f\u00e4rgs\u00e4ttning.<\/p>\n<p>N\u00e5gra av gatorna i Gamla stan som har f\u00e5tt den charmiga ansiktslyftningen \u00e4r Calle Portada, Calle Sirena, Calle San Antonio, Calle Los Reyes och Calle Corta. De ligger strax \u00f6ster om det vackra torget Plaza de las Flores.<br \/>\nAvsikten \u00e4r enligt borgm\u00e4staren Jos\u00e9 Mar\u00eda Garc\u00eda Urbano att g\u00f6ra stadsk\u00e4rnan mer levande. \u201dVi hoppas att turister p\u00e5 Costa del Sol ska lockas att bes\u00f6ka Estepona. M\u00e5let har varit att skapa ett trevligt centrum som v\u00e5ra bes\u00f6kare ska gilla\u201d.<\/p>\n<p>Kommunens nya slogan \u201dEstepona vive sus calles\u201d po\u00e4ngterar att gatorna lever och Svenska Magasinets uts\u00e4nde kan intyga att det har blivit betydligt hemtrevligare i stan. Det k\u00e4nns riktigt bra att bes\u00f6ka de gamla historiska milj\u00f6erna i Estepona. Myndigheterna har g\u00e5tt varsamt fram i renoveringen. I st\u00e4llet f\u00f6r att modernisera har de lyckats bibeh\u00e5lla den historiska gamla delen av centrum. Antalet bilfria gator har \u00f6kat vilket har bidragit till den positiva utvecklingen.<\/p>\n<p>Turister vandrar utmed gatorna. Kameror plockas fram och kommentarer h\u00f6rs, \u201dvad vackert det \u00e4r h\u00e4r\u201d, \u201dtitta, vilken vacker gata\u201d. Bes\u00f6kare gillar vad de ser. Spektakul\u00e4ra, f\u00e4rgglada gator och stolta inv\u00e5nare som g\u00e4rna visar upp dem. Esteponas centrum lever, konstaterar vi.<br \/>\n\u201dTidigare s\u00e5 h\u00e4nde ingenting. Det var fult och ingen ville vara h\u00e4r. Nu g\u00e5r \u00e4ven jag utmed gatorna, sanningen \u00e4r att alla gillar det\u201d s\u00e4ger Ada Rubio, en av de bosatta p\u00e5 calle Sirena i en intervju i en lokaltidning.<\/p>\n<p>Sj\u00e4lv har jag st\u00e4mt tr\u00e4ff med svensken Robert Lilljequist som sedan \u00e5tta \u00e5r \u00e4r bosatt i Gamla stan i Estepona.<br \/>\n&#8211; Detta \u00e4r en gammal plats, vi ska se det senare n\u00e4r vi bes\u00f6ker det arkeologiska museet, s\u00e4ger Robert medan han visar den ena finare gatan efter den andra.<\/p>\n<p>Det \u00e4r en historisk plats som m\u00e4nniskan valde f\u00f6r l\u00e4nge sedan. N\u00e4rheten till Gibraltar sund, bergskedjan Sierra Bermeja som skyddar mot nordvinden och tv\u00e5 floder, r\u00edo Padr\u00f3n och r\u00edo Veler\u00edn, p\u00e5 vardera sida som gav f\u00e4rskvatten. B\u00f6nder och fiskare har dominerat med handlare som tredje yrkeskategori. Vid projekteringen av betalmotorv\u00e4gen A 7:an  uppt\u00e4cktes en gammal gravplats som \u00e4r cirka 5.000 \u00e5r. Fynd fr\u00e5n gravplatsen finns att se i Parque San Isidro i Pedregales norr om golfbanan Valle Romano.<\/p>\n<p>Det gamla kommunhuset Casa del Aljibe inrymmer det arkeologiska museet. Precis som \u00f6vriga museum i stan \u00e4r det fritt intr\u00e4de. H\u00e4r finns kartor, planritningar och arkeologiska f\u00f6rem\u00e5l fr\u00e5n Estepona-trakten. I flera salar visas de olika tidsperioderna d\u00e5 morer, romare, fenicier och bysantiner h\u00e4rskat \u00f6ver landomr\u00e5det.<\/p>\n<p>Estepona anordnar olika evenemang och fritidsaktiviteter inom idrott och kultur. Nyligen anordnades det idrottst\u00e4vlingar vid avenida de San Lorenzo samtidigt som Esteponas musikk\u00e5r spelade.<br \/>\n&#8211; Estepona \u00e4r kulturens p\u00e4rla p\u00e5 kusten. H\u00e4r arrangeras h\u00f6gklassiska jazzkv\u00e4llar vid klocktornet, flamenco p\u00e5 El Patio och h\u00e4r finns en tjurf\u00e4ktningsmuseum. Och allt \u00e4r gratis, ber\u00e4ttar Robert Lilljequist. Allt f\u00f6r att g\u00f6ra centrum mer levande.<br \/>\nEller som n\u00e4r Estepona nyligen arrangerade spanska m\u00e4sterskapet i att sk\u00e4ra upp spansk skinka. T\u00e4vlingen \u201dConcurso Nacional de Cortadores de Jam\u00f3n Ib\u00e9rico\u201d avgjordes i  stan med landets \u00e5tta fr\u00e4msta p\u00e5 plats.<\/p>\n<p>&#8211; Det \u00e4r en spansk by d\u00e4r den spanska befolkningen dominerar. Det \u00e4r en fin plats f\u00f6r oss \u00e4ldre skandinaver och det \u00e4r l\u00e4tt att sm\u00e4lta in och ta del av de lokala fester som arrangeras under \u00e5ret, menar Robert Lilljequist som \u00e4r geolog och som har intresserat sig f\u00f6r bergskedjan Sierra Bermeja.<br \/>\n&#8211; Det \u00e4r ett ultramafiskt massiv som har h\u00f6gt inneh\u00e5ll av j\u00e4rn och magnesium. Bergarten kommer fr\u00e5n jordens mantel och har tryckts upp i samband med Afrikas kollision mot Europa p\u00e5 70 kilometers djup. Bergarten finns \u00e4ven i Oj\u00e9n, Mijas och Carratraca.<\/p>\n<p>Sierra Bermeja m\u00e4ter cirka 1.449 meter vid h\u00f6gsta punkten Los Reales och det finns fina vandringsleder. H\u00e4r v\u00e4xer det s\u00e4llsynta barrtr\u00e4det pinsapo. P\u00e5 andra sidan bergskedjan ligger konstn\u00e4rsbyn Genalguacil.<br \/>\n  Robert hoppas p\u00e5 svenskt n\u00e4tverk i Estepona<br \/>\nNu ska svenskarna i Estepona tr\u00e4ffas varje m\u00e5nad f\u00f6r att utbyta erfarenheter och knyta kontakter. Det hoppas Robert Lilljequist som nyligen drog ig\u00e5ng den f\u00f6rsta m\u00e5nadslunchen f\u00f6r Esteponas svenska koloni.<br \/>\n&#8211; Det handlar inte om n\u00e5gon klubb eller n\u00e5got organiserat s\u00e4llskap med ordf\u00f6rande och styrelse. Bara att vi tr\u00e4ffas \u00f6ver en bit mat en g\u00e5ng i m\u00e5naden, ber\u00e4ttar Robert som gjorde n\u00e5got liknande d\u00e5 han jobbade i Panama.<br \/>\n&#8211; D\u00e4r tr\u00e4ffades vi f\u00f6r lunch en g\u00e5ng i m\u00e5naden, n\u00e5got som blev mycket uppskattat.<br \/>\nSista torsdagen i m\u00e5naden \u00e4r satt som lunchdag f\u00f6rutom i maj d\u00e5 lunchen blir den 23 maj p\u00e5 Antonios som ligger i fritidshamnen och som dessutom \u00e4gs av svensken Robert F\u00e4ldt.<\/p>\n<p>K\u00e4ndisar fr\u00e5n och i Estepona<br \/>\nToby Govan, skulpt\u00f6r, f\u00f6dd i Estepona, numera med atelj\u00e9 i norra Spanien.<br \/>\nPer-Johan \u201dPebben\u201d Axelsson, k\u00e4nd ishockeyspelare med OS-guld fr\u00e5n 2006 har semesterbostad i Estepona.<\/p>\n<p>Visste du att&#8230;<br \/>\nNamnet kan komma fr\u00e5n arabiskans \u201dEstebbuna\u201d. Eller s\u00e5 kommer det fr\u00e5n kelterna som p\u00e5 platsen kan ha haft en enklav f\u00f6r att hylla guden \u201dEpona\u201d.<br \/>\nEstepona har Medelhavsklimat och med sitt l\u00e4ge n\u00e4ra Gibraltar f\u00e5r platsen mer nederb\u00f6rd \u00e4n andra platser utmed Costa del Sol. Medeltemperaturen p\u00e5 \u00e5rsbasis ligger p\u00e5 17 grader.<br \/>\n2013 \u00e4r Estepona den europeiska sportstaden eller Ciudad Europea del deporte 2013.<br \/>\nF\u00f6rsta veckan i juli har Estepona sin feria.<\/p>\n","protected":false},"excerpt":{"rendered":"<p>Jag har bes\u00f6kt m\u00e5nga gamla historiska kvarter p\u00e5 Solkusten. Frigiliana, V\u00e9lez, M\u00e1laga, Mijas och Marbella har gamla vackra stadsdelar. Den vackraste gamla stan p\u00e5 Solkusten har Estepona. En vandring till fots utmed de uppfr\u00e4schade gatorna blir till ett utflyktsm\u00e5l d\u00e5 Spanien visar sig fr\u00e5n sin b\u00e4sta sida Av Ola Josefsson Det s\u00e4gs att de kristna [&hellip;]<\/p>\n","protected":false},"author":8,"featured_media":4252,"comment_status":"open","ping_status":"open","sticky":false,"template":"","format":"standard","meta":{"_et_pb_use_builder":"","_et_pb_old_content":"","_et_gb_content_width":"","footnotes":""},"categories":[396,4],"tags":[],"class_list":["post-4251","post","type-post","status-publish","format-standard","has-post-thumbnail","hentry","category-arkiv-artiklar","category-artiklar"],"yoast_head":"<!-- This site is optimized with the Yoast SEO Premium plugin v26.2 (Yoast SEO v27.5) - https:\/\/yoast.com\/product\/yoast-seo-premium-wordpress\/ -->\n<title>Gamla stan i Estepona \u2013 vackrast p\u00e5 Solkusten - Svenska Magasinet<\/title>\n<meta name=\"robots\" content=\"noindex, follow, max-snippet:-1, max-image-preview:large, max-video-preview:-1\" \/>\n<meta property=\"og:locale\" content=\"sv_SE\" \/>\n<meta property=\"og:type\" content=\"article\" \/>\n<meta property=\"og:title\" content=\"Gamla stan i Estepona \u2013 vackrast p\u00e5 Solkusten\" \/>\n<meta property=\"og:description\" content=\"Jag har bes\u00f6kt m\u00e5nga gamla historiska kvarter p\u00e5 Solkusten. Frigiliana, V\u00e9lez, M\u00e1laga, Mijas och Marbella har gamla vackra stadsdelar. Den vackraste gamla stan p\u00e5 Solkusten har Estepona. En vandring till fots utmed de uppfr\u00e4schade gatorna blir till ett utflyktsm\u00e5l d\u00e5 Spanien visar sig fr\u00e5n sin b\u00e4sta sida Av Ola Josefsson Det s\u00e4gs att de kristna [&hellip;]\" \/>\n<meta property=\"og:url\" content=\"https:\/\/lightweb.dev\/l\/svm-temp\/artiklar\/gamla-stan-i-estepona-vackrast-pa-solkusten\/\" \/>\n<meta property=\"og:site_name\" content=\"Svenska Magasinet\" \/>\n<meta property=\"article:publisher\" content=\"https:\/\/www.facebook.com\/svenskamagasinet\" \/>\n<meta property=\"article:published_time\" content=\"2013-05-12T22:00:00+00:00\" \/>\n<meta property=\"og:image\" content=\"https:\/\/lightweb.dev\/l\/svm-temp\/wp-content\/uploads\/2022\/04\/gamla-stan-i-estepona-vackrast-p-solkusten.png\" \/>\n\t<meta property=\"og:image:width\" content=\"280\" \/>\n\t<meta property=\"og:image:height\" content=\"419\" \/>\n\t<meta property=\"og:image:type\" content=\"image\/png\" \/>\n<meta name=\"author\" content=\"Redaktionen SvM\" \/>\n<meta name=\"twitter:card\" content=\"summary_large_image\" \/>\n<meta name=\"twitter:creator\" content=\"@SvenskaMagasine\" \/>\n<meta name=\"twitter:site\" content=\"@SvenskaMagasine\" \/>\n<script type=\"application\/ld+json\" class=\"yoast-schema-graph\">{\"@context\":\"https:\\\/\\\/schema.org\",\"@graph\":[{\"@type\":\"Article\",\"@id\":\"https:\\\/\\\/lightweb.dev\\\/l\\\/svm-temp\\\/artiklar\\\/gamla-stan-i-estepona-vackrast-pa-solkusten\\\/#article\",\"isPartOf\":{\"@id\":\"https:\\\/\\\/lightweb.dev\\\/l\\\/svm-temp\\\/artiklar\\\/gamla-stan-i-estepona-vackrast-pa-solkusten\\\/\"},\"author\":{\"name\":\"Redaktionen SvM\",\"@id\":\"https:\\\/\\\/lightweb.dev\\\/l\\\/svm-temp\\\/#\\\/schema\\\/person\\\/206a3bda5b607b0c25e1749191e4d837\"},\"headline\":\"Gamla stan i Estepona \u2013 vackrast p\u00e5 Solkusten\",\"datePublished\":\"2013-05-12T22:00:00+00:00\",\"mainEntityOfPage\":{\"@id\":\"https:\\\/\\\/lightweb.dev\\\/l\\\/svm-temp\\\/artiklar\\\/gamla-stan-i-estepona-vackrast-pa-solkusten\\\/\"},\"wordCount\":1341,\"commentCount\":0,\"publisher\":{\"@id\":\"https:\\\/\\\/lightweb.dev\\\/l\\\/svm-temp\\\/#organization\"},\"image\":{\"@id\":\"https:\\\/\\\/lightweb.dev\\\/l\\\/svm-temp\\\/artiklar\\\/gamla-stan-i-estepona-vackrast-pa-solkusten\\\/#primaryimage\"},\"thumbnailUrl\":\"https:\\\/\\\/lightweb.dev\\\/l\\\/svm-temp\\\/wp-content\\\/uploads\\\/2022\\\/04\\\/gamla-stan-i-estepona-vackrast-p-solkusten.png\",\"articleSection\":[\"Arkiv\",\"Artiklar\"],\"inLanguage\":\"sv-SE\"},{\"@type\":\"WebPage\",\"@id\":\"https:\\\/\\\/lightweb.dev\\\/l\\\/svm-temp\\\/artiklar\\\/gamla-stan-i-estepona-vackrast-pa-solkusten\\\/\",\"url\":\"https:\\\/\\\/lightweb.dev\\\/l\\\/svm-temp\\\/artiklar\\\/gamla-stan-i-estepona-vackrast-pa-solkusten\\\/\",\"name\":\"Gamla stan i Estepona \u2013 vackrast p\u00e5 Solkusten - Svenska Magasinet\",\"isPartOf\":{\"@id\":\"https:\\\/\\\/lightweb.dev\\\/l\\\/svm-temp\\\/#website\"},\"primaryImageOfPage\":{\"@id\":\"https:\\\/\\\/lightweb.dev\\\/l\\\/svm-temp\\\/artiklar\\\/gamla-stan-i-estepona-vackrast-pa-solkusten\\\/#primaryimage\"},\"image\":{\"@id\":\"https:\\\/\\\/lightweb.dev\\\/l\\\/svm-temp\\\/artiklar\\\/gamla-stan-i-estepona-vackrast-pa-solkusten\\\/#primaryimage\"},\"thumbnailUrl\":\"https:\\\/\\\/lightweb.dev\\\/l\\\/svm-temp\\\/wp-content\\\/uploads\\\/2022\\\/04\\\/gamla-stan-i-estepona-vackrast-p-solkusten.png\",\"datePublished\":\"2013-05-12T22:00:00+00:00\",\"breadcrumb\":{\"@id\":\"https:\\\/\\\/lightweb.dev\\\/l\\\/svm-temp\\\/artiklar\\\/gamla-stan-i-estepona-vackrast-pa-solkusten\\\/#breadcrumb\"},\"inLanguage\":\"sv-SE\",\"potentialAction\":[{\"@type\":\"ReadAction\",\"target\":[\"https:\\\/\\\/lightweb.dev\\\/l\\\/svm-temp\\\/artiklar\\\/gamla-stan-i-estepona-vackrast-pa-solkusten\\\/\"]}]},{\"@type\":\"ImageObject\",\"inLanguage\":\"sv-SE\",\"@id\":\"https:\\\/\\\/lightweb.dev\\\/l\\\/svm-temp\\\/artiklar\\\/gamla-stan-i-estepona-vackrast-pa-solkusten\\\/#primaryimage\",\"url\":\"https:\\\/\\\/lightweb.dev\\\/l\\\/svm-temp\\\/wp-content\\\/uploads\\\/2022\\\/04\\\/gamla-stan-i-estepona-vackrast-p-solkusten.png\",\"contentUrl\":\"https:\\\/\\\/lightweb.dev\\\/l\\\/svm-temp\\\/wp-content\\\/uploads\\\/2022\\\/04\\\/gamla-stan-i-estepona-vackrast-p-solkusten.png\",\"width\":280,\"height\":419},{\"@type\":\"BreadcrumbList\",\"@id\":\"https:\\\/\\\/lightweb.dev\\\/l\\\/svm-temp\\\/artiklar\\\/gamla-stan-i-estepona-vackrast-pa-solkusten\\\/#breadcrumb\",\"itemListElement\":[{\"@type\":\"ListItem\",\"position\":1,\"name\":\"Hem\",\"item\":\"https:\\\/\\\/lightweb.dev\\\/l\\\/svm-temp\\\/\"},{\"@type\":\"ListItem\",\"position\":2,\"name\":\"Gamla stan i Estepona \u2013 vackrast p\u00e5 Solkusten\"}]},{\"@type\":\"WebSite\",\"@id\":\"https:\\\/\\\/lightweb.dev\\\/l\\\/svm-temp\\\/#website\",\"url\":\"https:\\\/\\\/lightweb.dev\\\/l\\\/svm-temp\\\/\",\"name\":\"Svenska Magasinet\",\"description\":\"Dina Spanska nyheter p&aring; Svenska\",\"publisher\":{\"@id\":\"https:\\\/\\\/lightweb.dev\\\/l\\\/svm-temp\\\/#organization\"},\"potentialAction\":[{\"@type\":\"SearchAction\",\"target\":{\"@type\":\"EntryPoint\",\"urlTemplate\":\"https:\\\/\\\/lightweb.dev\\\/l\\\/svm-temp\\\/?s={search_term_string}\"},\"query-input\":{\"@type\":\"PropertyValueSpecification\",\"valueRequired\":true,\"valueName\":\"search_term_string\"}}],\"inLanguage\":\"sv-SE\"},{\"@type\":\"Organization\",\"@id\":\"https:\\\/\\\/lightweb.dev\\\/l\\\/svm-temp\\\/#organization\",\"name\":\"Melkerson y Nott SL\",\"alternateName\":\"Svenska Magasinet\",\"url\":\"https:\\\/\\\/lightweb.dev\\\/l\\\/svm-temp\\\/\",\"logo\":{\"@type\":\"ImageObject\",\"inLanguage\":\"sv-SE\",\"@id\":\"https:\\\/\\\/lightweb.dev\\\/l\\\/svm-temp\\\/#\\\/schema\\\/logo\\\/image\\\/\",\"url\":\"https:\\\/\\\/lightweb.dev\\\/l\\\/svm-temp\\\/wp-content\\\/uploads\\\/2025\\\/02\\\/SvM-logo-Xtra-Centrerad-SVART.png\",\"contentUrl\":\"https:\\\/\\\/lightweb.dev\\\/l\\\/svm-temp\\\/wp-content\\\/uploads\\\/2025\\\/02\\\/SvM-logo-Xtra-Centrerad-SVART.png\",\"width\":300,\"height\":99,\"caption\":\"Melkerson y Nott SL\"},\"image\":{\"@id\":\"https:\\\/\\\/lightweb.dev\\\/l\\\/svm-temp\\\/#\\\/schema\\\/logo\\\/image\\\/\"},\"sameAs\":[\"https:\\\/\\\/www.facebook.com\\\/svenskamagasinet\",\"https:\\\/\\\/x.com\\\/SvenskaMagasine\"]},{\"@type\":\"Person\",\"@id\":\"https:\\\/\\\/lightweb.dev\\\/l\\\/svm-temp\\\/#\\\/schema\\\/person\\\/206a3bda5b607b0c25e1749191e4d837\",\"name\":\"Redaktionen SvM\",\"description\":\"Redaktionen\",\"sameAs\":[\"https:\\\/\\\/lightweb.dev\\\/l\\\/svm-temp\"],\"url\":\"https:\\\/\\\/lightweb.dev\\\/l\\\/svm-temp\\\/reporter\\\/redaktionen\\\/\"}]}<\/script>\n<!-- \/ Yoast SEO Premium plugin. -->","yoast_head_json":{"title":"Gamla stan i Estepona \u2013 vackrast p\u00e5 Solkusten - Svenska Magasinet","robots":{"index":"noindex","follow":"follow","max-snippet":"max-snippet:-1","max-image-preview":"max-image-preview:large","max-video-preview":"max-video-preview:-1"},"og_locale":"sv_SE","og_type":"article","og_title":"Gamla stan i Estepona \u2013 vackrast p\u00e5 Solkusten","og_description":"Jag har bes\u00f6kt m\u00e5nga gamla historiska kvarter p\u00e5 Solkusten. Frigiliana, V\u00e9lez, M\u00e1laga, Mijas och Marbella har gamla vackra stadsdelar. Den vackraste gamla stan p\u00e5 Solkusten har Estepona. En vandring till fots utmed de uppfr\u00e4schade gatorna blir till ett utflyktsm\u00e5l d\u00e5 Spanien visar sig fr\u00e5n sin b\u00e4sta sida Av Ola Josefsson Det s\u00e4gs att de kristna [&hellip;]","og_url":"https:\/\/lightweb.dev\/l\/svm-temp\/artiklar\/gamla-stan-i-estepona-vackrast-pa-solkusten\/","og_site_name":"Svenska Magasinet","article_publisher":"https:\/\/www.facebook.com\/svenskamagasinet","article_published_time":"2013-05-12T22:00:00+00:00","og_image":[{"width":280,"height":419,"url":"https:\/\/lightweb.dev\/l\/svm-temp\/wp-content\/uploads\/2022\/04\/gamla-stan-i-estepona-vackrast-p-solkusten.png","type":"image\/png"}],"author":"Redaktionen SvM","twitter_card":"summary_large_image","twitter_creator":"@SvenskaMagasine","twitter_site":"@SvenskaMagasine","schema":{"@context":"https:\/\/schema.org","@graph":[{"@type":"Article","@id":"https:\/\/lightweb.dev\/l\/svm-temp\/artiklar\/gamla-stan-i-estepona-vackrast-pa-solkusten\/#article","isPartOf":{"@id":"https:\/\/lightweb.dev\/l\/svm-temp\/artiklar\/gamla-stan-i-estepona-vackrast-pa-solkusten\/"},"author":{"name":"Redaktionen SvM","@id":"https:\/\/lightweb.dev\/l\/svm-temp\/#\/schema\/person\/206a3bda5b607b0c25e1749191e4d837"},"headline":"Gamla stan i Estepona \u2013 vackrast p\u00e5 Solkusten","datePublished":"2013-05-12T22:00:00+00:00","mainEntityOfPage":{"@id":"https:\/\/lightweb.dev\/l\/svm-temp\/artiklar\/gamla-stan-i-estepona-vackrast-pa-solkusten\/"},"wordCount":1341,"commentCount":0,"publisher":{"@id":"https:\/\/lightweb.dev\/l\/svm-temp\/#organization"},"image":{"@id":"https:\/\/lightweb.dev\/l\/svm-temp\/artiklar\/gamla-stan-i-estepona-vackrast-pa-solkusten\/#primaryimage"},"thumbnailUrl":"https:\/\/lightweb.dev\/l\/svm-temp\/wp-content\/uploads\/2022\/04\/gamla-stan-i-estepona-vackrast-p-solkusten.png","articleSection":["Arkiv","Artiklar"],"inLanguage":"sv-SE"},{"@type":"WebPage","@id":"https:\/\/lightweb.dev\/l\/svm-temp\/artiklar\/gamla-stan-i-estepona-vackrast-pa-solkusten\/","url":"https:\/\/lightweb.dev\/l\/svm-temp\/artiklar\/gamla-stan-i-estepona-vackrast-pa-solkusten\/","name":"Gamla stan i Estepona \u2013 vackrast p\u00e5 Solkusten - Svenska Magasinet","isPartOf":{"@id":"https:\/\/lightweb.dev\/l\/svm-temp\/#website"},"primaryImageOfPage":{"@id":"https:\/\/lightweb.dev\/l\/svm-temp\/artiklar\/gamla-stan-i-estepona-vackrast-pa-solkusten\/#primaryimage"},"image":{"@id":"https:\/\/lightweb.dev\/l\/svm-temp\/artiklar\/gamla-stan-i-estepona-vackrast-pa-solkusten\/#primaryimage"},"thumbnailUrl":"https:\/\/lightweb.dev\/l\/svm-temp\/wp-content\/uploads\/2022\/04\/gamla-stan-i-estepona-vackrast-p-solkusten.png","datePublished":"2013-05-12T22:00:00+00:00","breadcrumb":{"@id":"https:\/\/lightweb.dev\/l\/svm-temp\/artiklar\/gamla-stan-i-estepona-vackrast-pa-solkusten\/#breadcrumb"},"inLanguage":"sv-SE","potentialAction":[{"@type":"ReadAction","target":["https:\/\/lightweb.dev\/l\/svm-temp\/artiklar\/gamla-stan-i-estepona-vackrast-pa-solkusten\/"]}]},{"@type":"ImageObject","inLanguage":"sv-SE","@id":"https:\/\/lightweb.dev\/l\/svm-temp\/artiklar\/gamla-stan-i-estepona-vackrast-pa-solkusten\/#primaryimage","url":"https:\/\/lightweb.dev\/l\/svm-temp\/wp-content\/uploads\/2022\/04\/gamla-stan-i-estepona-vackrast-p-solkusten.png","contentUrl":"https:\/\/lightweb.dev\/l\/svm-temp\/wp-content\/uploads\/2022\/04\/gamla-stan-i-estepona-vackrast-p-solkusten.png","width":280,"height":419},{"@type":"BreadcrumbList","@id":"https:\/\/lightweb.dev\/l\/svm-temp\/artiklar\/gamla-stan-i-estepona-vackrast-pa-solkusten\/#breadcrumb","itemListElement":[{"@type":"ListItem","position":1,"name":"Hem","item":"https:\/\/lightweb.dev\/l\/svm-temp\/"},{"@type":"ListItem","position":2,"name":"Gamla stan i Estepona \u2013 vackrast p\u00e5 Solkusten"}]},{"@type":"WebSite","@id":"https:\/\/lightweb.dev\/l\/svm-temp\/#website","url":"https:\/\/lightweb.dev\/l\/svm-temp\/","name":"Svenska Magasinet","description":"Dina Spanska nyheter p&aring; Svenska","publisher":{"@id":"https:\/\/lightweb.dev\/l\/svm-temp\/#organization"},"potentialAction":[{"@type":"SearchAction","target":{"@type":"EntryPoint","urlTemplate":"https:\/\/lightweb.dev\/l\/svm-temp\/?s={search_term_string}"},"query-input":{"@type":"PropertyValueSpecification","valueRequired":true,"valueName":"search_term_string"}}],"inLanguage":"sv-SE"},{"@type":"Organization","@id":"https:\/\/lightweb.dev\/l\/svm-temp\/#organization","name":"Melkerson y Nott SL","alternateName":"Svenska Magasinet","url":"https:\/\/lightweb.dev\/l\/svm-temp\/","logo":{"@type":"ImageObject","inLanguage":"sv-SE","@id":"https:\/\/lightweb.dev\/l\/svm-temp\/#\/schema\/logo\/image\/","url":"https:\/\/lightweb.dev\/l\/svm-temp\/wp-content\/uploads\/2025\/02\/SvM-logo-Xtra-Centrerad-SVART.png","contentUrl":"https:\/\/lightweb.dev\/l\/svm-temp\/wp-content\/uploads\/2025\/02\/SvM-logo-Xtra-Centrerad-SVART.png","width":300,"height":99,"caption":"Melkerson y Nott SL"},"image":{"@id":"https:\/\/lightweb.dev\/l\/svm-temp\/#\/schema\/logo\/image\/"},"sameAs":["https:\/\/www.facebook.com\/svenskamagasinet","https:\/\/x.com\/SvenskaMagasine"]},{"@type":"Person","@id":"https:\/\/lightweb.dev\/l\/svm-temp\/#\/schema\/person\/206a3bda5b607b0c25e1749191e4d837","name":"Redaktionen SvM","description":"Redaktionen","sameAs":["https:\/\/lightweb.dev\/l\/svm-temp"],"url":"https:\/\/lightweb.dev\/l\/svm-temp\/reporter\/redaktionen\/"}]}},"_links":{"self":[{"href":"https:\/\/lightweb.dev\/l\/svm-temp\/wp-json\/wp\/v2\/posts\/4251","targetHints":{"allow":["GET"]}}],"collection":[{"href":"https:\/\/lightweb.dev\/l\/svm-temp\/wp-json\/wp\/v2\/posts"}],"about":[{"href":"https:\/\/lightweb.dev\/l\/svm-temp\/wp-json\/wp\/v2\/types\/post"}],"author":[{"embeddable":true,"href":"https:\/\/lightweb.dev\/l\/svm-temp\/wp-json\/wp\/v2\/users\/8"}],"replies":[{"embeddable":true,"href":"https:\/\/lightweb.dev\/l\/svm-temp\/wp-json\/wp\/v2\/comments?post=4251"}],"version-history":[{"count":0,"href":"https:\/\/lightweb.dev\/l\/svm-temp\/wp-json\/wp\/v2\/posts\/4251\/revisions"}],"wp:featuredmedia":[{"embeddable":true,"href":"https:\/\/lightweb.dev\/l\/svm-temp\/wp-json\/wp\/v2\/media\/4252"}],"wp:attachment":[{"href":"https:\/\/lightweb.dev\/l\/svm-temp\/wp-json\/wp\/v2\/media?parent=4251"}],"wp:term":[{"taxonomy":"category","embeddable":true,"href":"https:\/\/lightweb.dev\/l\/svm-temp\/wp-json\/wp\/v2\/categories?post=4251"},{"taxonomy":"post_tag","embeddable":true,"href":"https:\/\/lightweb.dev\/l\/svm-temp\/wp-json\/wp\/v2\/tags?post=4251"}],"curies":[{"name":"wp","href":"https:\/\/api.w.org\/{rel}","templated":true}]}}