{"id":4255,"date":"2013-05-13T00:00:00","date_gmt":"2013-05-12T22:00:00","guid":{"rendered":"https:\/\/lightweb.dev\/l\/svm-temp\/fraga-advokaten-min-sambo-som-bor-i-estepona-fick-ett-telefonsamtal-fran-ekobrotts-myndigheten-att-han-skulle-installa-sig-hos-dem-for-forhor\/"},"modified":"2013-05-13T00:00:00","modified_gmt":"2013-05-12T22:00:00","slug":"fraga-advokaten-min-sambo-som-bor-i-estepona-fick-ett-telefonsamtal-fran-ekobrotts-myndigheten-att-han-skulle-installa-sig-hos-dem-for-forhor","status":"publish","type":"post","link":"https:\/\/lightweb.dev\/l\/svm-temp\/artiklar\/fraga-advokaten-min-sambo-som-bor-i-estepona-fick-ett-telefonsamtal-fran-ekobrotts-myndigheten-att-han-skulle-installa-sig-hos-dem-for-forhor\/","title":{"rendered":"Fr\u00e5ga advokaten: Min sambo, som bor i Estepona, fick ett telefonsamtal fr\u00e5n ekobrotts-myndigheten att han skulle inst\u00e4lla sig hos dem f\u00f6r f\u00f6rh\u00f6r."},"content":{"rendered":"<p> Han s\u00e5lde sin aff\u00e4rsverksamhet f\u00f6r n\u00e5gra \u00e5r sedan och utflyttade fr\u00e5n Sverige hit. Vad r\u00e5der Du honom att g\u00f6ra? Advokat G\u00f6ran Rise svarar:<\/p>\n<p>Jag skall kortfattat ge Din sambo n\u00e5gra viktiga r\u00e5d p\u00e5 v\u00e4gen.<\/p>\n<p>a) Han skall ta kontakt med en advokat, som arbetar med s.k. ekom\u00e5l, dvs i allm\u00e4nhet skattetbrott och bokf\u00f6ringsbrott.<\/p>\n<p>b) Han skall f\u00f6re f\u00f6rh\u00f6r ta reda p\u00e5 av vilken anledning han skall f\u00f6rh\u00f6ras.<\/p>\n<p>c) Han skall, om han \u00e4r misst\u00e4nkt f\u00f6r brott, beg\u00e4ra att f\u00e5 ta del av misstanken och en eventuell prelimin\u00e4r g\u00e4rningsbeskrivning av vilken skall framg\u00e5 n\u00e4r var och hur han skall ha beg\u00e5tt det p\u00e5st\u00e5dda brottet.<\/p>\n<p>d) Han har r\u00e4tten att tiga, dvs han har ingen skyldighet att yttra sig vid f\u00f6rh\u00f6ret om han \u00e4r misst\u00e4nkt.<\/p>\n<p>Om han v\u00e4grar att s\u00e5som misst\u00e4nkt inst\u00e4lla sig p\u00e5 en kallelse \u2013 inte enbart ett telefonsamtal, som ju kan komma fr\u00e5n vem som helst \u2013 riskerar han, om brottet har en viss kvalit\u00e9, att bli efterlyst och eventuellt h\u00e4ktad i sin fr\u00e5nvaro.<\/p>\n<p>e) Mitt r\u00e5d \u00e4r d\u00e4rf\u00f6r, att han inst\u00e4ller sig till f\u00f6rh\u00f6ret, givetvis efter konsultationer med sin advokat.<\/p>\n<p>f) Om han inst\u00e4ller sig riskerar han knappast att bli anh\u00e5llen, men den fr\u00e5gan m\u00e5ste han noga diskutera med sin advokat.<\/p>\n<p>g) Om han vill konsultera mig ytterligare i saken har jag stor erfarenhet av ekom\u00e5l och arbetar alltj\u00e4mt med dessa. <\/p>\n","protected":false},"excerpt":{"rendered":"<p>Han s\u00e5lde sin aff\u00e4rsverksamhet f\u00f6r n\u00e5gra \u00e5r sedan och utflyttade fr\u00e5n Sverige hit. Vad r\u00e5der Du honom att g\u00f6ra? Advokat G\u00f6ran Rise svarar: Jag skall kortfattat ge Din sambo n\u00e5gra viktiga r\u00e5d p\u00e5 v\u00e4gen. a) Han skall ta kontakt med en advokat, som arbetar med s.k. ekom\u00e5l, dvs i allm\u00e4nhet skattetbrott och bokf\u00f6ringsbrott. b) Han [&hellip;]<\/p>\n","protected":false},"author":8,"featured_media":4256,"comment_status":"open","ping_status":"open","sticky":false,"template":"","format":"standard","meta":{"_et_pb_use_builder":"","_et_pb_old_content":"","_et_gb_content_width":"","footnotes":""},"categories":[396,4],"tags":[],"class_list":["post-4255","post","type-post","status-publish","format-standard","has-post-thumbnail","hentry","category-arkiv-artiklar","category-artiklar"],"yoast_head":"<!-- This site is optimized with the Yoast SEO Premium plugin v26.2 (Yoast SEO v27.5) - https:\/\/yoast.com\/product\/yoast-seo-premium-wordpress\/ -->\n<title>Fr\u00e5ga advokaten: Min sambo, som bor i Estepona, fick ett telefonsamtal fr\u00e5n ekobrotts-myndigheten att han skulle inst\u00e4lla sig hos dem f\u00f6r f\u00f6rh\u00f6r. - Svenska Magasinet<\/title>\n<meta name=\"robots\" content=\"noindex, follow, max-snippet:-1, max-image-preview:large, max-video-preview:-1\" \/>\n<meta property=\"og:locale\" content=\"sv_SE\" \/>\n<meta property=\"og:type\" content=\"article\" \/>\n<meta property=\"og:title\" content=\"Fr\u00e5ga advokaten: Min sambo, som bor i Estepona, fick ett telefonsamtal fr\u00e5n ekobrotts-myndigheten att han skulle inst\u00e4lla sig hos dem f\u00f6r f\u00f6rh\u00f6r.\" \/>\n<meta property=\"og:description\" content=\"Han s\u00e5lde sin aff\u00e4rsverksamhet f\u00f6r n\u00e5gra \u00e5r sedan och utflyttade fr\u00e5n Sverige hit. Vad r\u00e5der Du honom att g\u00f6ra? Advokat G\u00f6ran Rise svarar: Jag skall kortfattat ge Din sambo n\u00e5gra viktiga r\u00e5d p\u00e5 v\u00e4gen. a) Han skall ta kontakt med en advokat, som arbetar med s.k. ekom\u00e5l, dvs i allm\u00e4nhet skattetbrott och bokf\u00f6ringsbrott. b) Han [&hellip;]\" \/>\n<meta property=\"og:url\" content=\"https:\/\/lightweb.dev\/l\/svm-temp\/artiklar\/fraga-advokaten-min-sambo-som-bor-i-estepona-fick-ett-telefonsamtal-fran-ekobrotts-myndigheten-att-han-skulle-installa-sig-hos-dem-for-forhor\/\" \/>\n<meta property=\"og:site_name\" content=\"Svenska Magasinet\" \/>\n<meta property=\"article:publisher\" content=\"https:\/\/www.facebook.com\/svenskamagasinet\" \/>\n<meta property=\"article:published_time\" content=\"2013-05-12T22:00:00+00:00\" \/>\n<meta property=\"og:image\" content=\"https:\/\/lightweb.dev\/l\/svm-temp\/wp-content\/uploads\/2022\/04\/frga-advokaten-min-sambo-som-bor-i-estepona-fick-ett-telefonsamtal-frn-ekobrotts-myndigheten-att-han-skulle-instlla-sig-hos-dem-fr-frhr.png\" \/>\n\t<meta property=\"og:image:width\" content=\"299\" \/>\n\t<meta property=\"og:image:height\" content=\"200\" \/>\n\t<meta property=\"og:image:type\" content=\"image\/png\" \/>\n<meta name=\"author\" content=\"Redaktionen SvM\" \/>\n<meta name=\"twitter:card\" content=\"summary_large_image\" \/>\n<meta name=\"twitter:creator\" content=\"@SvenskaMagasine\" \/>\n<meta name=\"twitter:site\" content=\"@SvenskaMagasine\" \/>\n<script type=\"application\/ld+json\" class=\"yoast-schema-graph\">{\"@context\":\"https:\\\/\\\/schema.org\",\"@graph\":[{\"@type\":\"Article\",\"@id\":\"https:\\\/\\\/lightweb.dev\\\/l\\\/svm-temp\\\/artiklar\\\/fraga-advokaten-min-sambo-som-bor-i-estepona-fick-ett-telefonsamtal-fran-ekobrotts-myndigheten-att-han-skulle-installa-sig-hos-dem-for-forhor\\\/#article\",\"isPartOf\":{\"@id\":\"https:\\\/\\\/lightweb.dev\\\/l\\\/svm-temp\\\/artiklar\\\/fraga-advokaten-min-sambo-som-bor-i-estepona-fick-ett-telefonsamtal-fran-ekobrotts-myndigheten-att-han-skulle-installa-sig-hos-dem-for-forhor\\\/\"},\"author\":{\"name\":\"Redaktionen SvM\",\"@id\":\"https:\\\/\\\/lightweb.dev\\\/l\\\/svm-temp\\\/#\\\/schema\\\/person\\\/206a3bda5b607b0c25e1749191e4d837\"},\"headline\":\"Fr\u00e5ga advokaten: Min sambo, som bor i Estepona, fick ett telefonsamtal fr\u00e5n ekobrotts-myndigheten att han skulle inst\u00e4lla sig hos dem f\u00f6r f\u00f6rh\u00f6r.\",\"datePublished\":\"2013-05-12T22:00:00+00:00\",\"mainEntityOfPage\":{\"@id\":\"https:\\\/\\\/lightweb.dev\\\/l\\\/svm-temp\\\/artiklar\\\/fraga-advokaten-min-sambo-som-bor-i-estepona-fick-ett-telefonsamtal-fran-ekobrotts-myndigheten-att-han-skulle-installa-sig-hos-dem-for-forhor\\\/\"},\"wordCount\":301,\"commentCount\":0,\"publisher\":{\"@id\":\"https:\\\/\\\/lightweb.dev\\\/l\\\/svm-temp\\\/#organization\"},\"image\":{\"@id\":\"https:\\\/\\\/lightweb.dev\\\/l\\\/svm-temp\\\/artiklar\\\/fraga-advokaten-min-sambo-som-bor-i-estepona-fick-ett-telefonsamtal-fran-ekobrotts-myndigheten-att-han-skulle-installa-sig-hos-dem-for-forhor\\\/#primaryimage\"},\"thumbnailUrl\":\"https:\\\/\\\/lightweb.dev\\\/l\\\/svm-temp\\\/wp-content\\\/uploads\\\/2022\\\/04\\\/frga-advokaten-min-sambo-som-bor-i-estepona-fick-ett-telefonsamtal-frn-ekobrotts-myndigheten-att-han-skulle-instlla-sig-hos-dem-fr-frhr.png\",\"articleSection\":[\"Arkiv\",\"Artiklar\"],\"inLanguage\":\"sv-SE\"},{\"@type\":\"WebPage\",\"@id\":\"https:\\\/\\\/lightweb.dev\\\/l\\\/svm-temp\\\/artiklar\\\/fraga-advokaten-min-sambo-som-bor-i-estepona-fick-ett-telefonsamtal-fran-ekobrotts-myndigheten-att-han-skulle-installa-sig-hos-dem-for-forhor\\\/\",\"url\":\"https:\\\/\\\/lightweb.dev\\\/l\\\/svm-temp\\\/artiklar\\\/fraga-advokaten-min-sambo-som-bor-i-estepona-fick-ett-telefonsamtal-fran-ekobrotts-myndigheten-att-han-skulle-installa-sig-hos-dem-for-forhor\\\/\",\"name\":\"Fr\u00e5ga advokaten: Min sambo, som bor i Estepona, fick ett telefonsamtal fr\u00e5n ekobrotts-myndigheten att han skulle inst\u00e4lla sig hos dem f\u00f6r f\u00f6rh\u00f6r. - Svenska Magasinet\",\"isPartOf\":{\"@id\":\"https:\\\/\\\/lightweb.dev\\\/l\\\/svm-temp\\\/#website\"},\"primaryImageOfPage\":{\"@id\":\"https:\\\/\\\/lightweb.dev\\\/l\\\/svm-temp\\\/artiklar\\\/fraga-advokaten-min-sambo-som-bor-i-estepona-fick-ett-telefonsamtal-fran-ekobrotts-myndigheten-att-han-skulle-installa-sig-hos-dem-for-forhor\\\/#primaryimage\"},\"image\":{\"@id\":\"https:\\\/\\\/lightweb.dev\\\/l\\\/svm-temp\\\/artiklar\\\/fraga-advokaten-min-sambo-som-bor-i-estepona-fick-ett-telefonsamtal-fran-ekobrotts-myndigheten-att-han-skulle-installa-sig-hos-dem-for-forhor\\\/#primaryimage\"},\"thumbnailUrl\":\"https:\\\/\\\/lightweb.dev\\\/l\\\/svm-temp\\\/wp-content\\\/uploads\\\/2022\\\/04\\\/frga-advokaten-min-sambo-som-bor-i-estepona-fick-ett-telefonsamtal-frn-ekobrotts-myndigheten-att-han-skulle-instlla-sig-hos-dem-fr-frhr.png\",\"datePublished\":\"2013-05-12T22:00:00+00:00\",\"breadcrumb\":{\"@id\":\"https:\\\/\\\/lightweb.dev\\\/l\\\/svm-temp\\\/artiklar\\\/fraga-advokaten-min-sambo-som-bor-i-estepona-fick-ett-telefonsamtal-fran-ekobrotts-myndigheten-att-han-skulle-installa-sig-hos-dem-for-forhor\\\/#breadcrumb\"},\"inLanguage\":\"sv-SE\",\"potentialAction\":[{\"@type\":\"ReadAction\",\"target\":[\"https:\\\/\\\/lightweb.dev\\\/l\\\/svm-temp\\\/artiklar\\\/fraga-advokaten-min-sambo-som-bor-i-estepona-fick-ett-telefonsamtal-fran-ekobrotts-myndigheten-att-han-skulle-installa-sig-hos-dem-for-forhor\\\/\"]}]},{\"@type\":\"ImageObject\",\"inLanguage\":\"sv-SE\",\"@id\":\"https:\\\/\\\/lightweb.dev\\\/l\\\/svm-temp\\\/artiklar\\\/fraga-advokaten-min-sambo-som-bor-i-estepona-fick-ett-telefonsamtal-fran-ekobrotts-myndigheten-att-han-skulle-installa-sig-hos-dem-for-forhor\\\/#primaryimage\",\"url\":\"https:\\\/\\\/lightweb.dev\\\/l\\\/svm-temp\\\/wp-content\\\/uploads\\\/2022\\\/04\\\/frga-advokaten-min-sambo-som-bor-i-estepona-fick-ett-telefonsamtal-frn-ekobrotts-myndigheten-att-han-skulle-instlla-sig-hos-dem-fr-frhr.png\",\"contentUrl\":\"https:\\\/\\\/lightweb.dev\\\/l\\\/svm-temp\\\/wp-content\\\/uploads\\\/2022\\\/04\\\/frga-advokaten-min-sambo-som-bor-i-estepona-fick-ett-telefonsamtal-frn-ekobrotts-myndigheten-att-han-skulle-instlla-sig-hos-dem-fr-frhr.png\",\"width\":299,\"height\":200},{\"@type\":\"BreadcrumbList\",\"@id\":\"https:\\\/\\\/lightweb.dev\\\/l\\\/svm-temp\\\/artiklar\\\/fraga-advokaten-min-sambo-som-bor-i-estepona-fick-ett-telefonsamtal-fran-ekobrotts-myndigheten-att-han-skulle-installa-sig-hos-dem-for-forhor\\\/#breadcrumb\",\"itemListElement\":[{\"@type\":\"ListItem\",\"position\":1,\"name\":\"Hem\",\"item\":\"https:\\\/\\\/lightweb.dev\\\/l\\\/svm-temp\\\/\"},{\"@type\":\"ListItem\",\"position\":2,\"name\":\"Fr\u00e5ga advokaten: Min sambo, som bor i Estepona, fick ett telefonsamtal fr\u00e5n ekobrotts-myndigheten att han skulle inst\u00e4lla sig hos dem f\u00f6r f\u00f6rh\u00f6r.\"}]},{\"@type\":\"WebSite\",\"@id\":\"https:\\\/\\\/lightweb.dev\\\/l\\\/svm-temp\\\/#website\",\"url\":\"https:\\\/\\\/lightweb.dev\\\/l\\\/svm-temp\\\/\",\"name\":\"Svenska Magasinet\",\"description\":\"Dina Spanska nyheter p&aring; Svenska\",\"publisher\":{\"@id\":\"https:\\\/\\\/lightweb.dev\\\/l\\\/svm-temp\\\/#organization\"},\"potentialAction\":[{\"@type\":\"SearchAction\",\"target\":{\"@type\":\"EntryPoint\",\"urlTemplate\":\"https:\\\/\\\/lightweb.dev\\\/l\\\/svm-temp\\\/?s={search_term_string}\"},\"query-input\":{\"@type\":\"PropertyValueSpecification\",\"valueRequired\":true,\"valueName\":\"search_term_string\"}}],\"inLanguage\":\"sv-SE\"},{\"@type\":\"Organization\",\"@id\":\"https:\\\/\\\/lightweb.dev\\\/l\\\/svm-temp\\\/#organization\",\"name\":\"Melkerson y Nott SL\",\"alternateName\":\"Svenska Magasinet\",\"url\":\"https:\\\/\\\/lightweb.dev\\\/l\\\/svm-temp\\\/\",\"logo\":{\"@type\":\"ImageObject\",\"inLanguage\":\"sv-SE\",\"@id\":\"https:\\\/\\\/lightweb.dev\\\/l\\\/svm-temp\\\/#\\\/schema\\\/logo\\\/image\\\/\",\"url\":\"https:\\\/\\\/lightweb.dev\\\/l\\\/svm-temp\\\/wp-content\\\/uploads\\\/2025\\\/02\\\/SvM-logo-Xtra-Centrerad-SVART.png\",\"contentUrl\":\"https:\\\/\\\/lightweb.dev\\\/l\\\/svm-temp\\\/wp-content\\\/uploads\\\/2025\\\/02\\\/SvM-logo-Xtra-Centrerad-SVART.png\",\"width\":300,\"height\":99,\"caption\":\"Melkerson y Nott SL\"},\"image\":{\"@id\":\"https:\\\/\\\/lightweb.dev\\\/l\\\/svm-temp\\\/#\\\/schema\\\/logo\\\/image\\\/\"},\"sameAs\":[\"https:\\\/\\\/www.facebook.com\\\/svenskamagasinet\",\"https:\\\/\\\/x.com\\\/SvenskaMagasine\"]},{\"@type\":\"Person\",\"@id\":\"https:\\\/\\\/lightweb.dev\\\/l\\\/svm-temp\\\/#\\\/schema\\\/person\\\/206a3bda5b607b0c25e1749191e4d837\",\"name\":\"Redaktionen SvM\",\"description\":\"Redaktionen\",\"sameAs\":[\"https:\\\/\\\/lightweb.dev\\\/l\\\/svm-temp\"],\"url\":\"https:\\\/\\\/lightweb.dev\\\/l\\\/svm-temp\\\/reporter\\\/redaktionen\\\/\"}]}<\/script>\n<!-- \/ Yoast SEO Premium plugin. -->","yoast_head_json":{"title":"Fr\u00e5ga advokaten: Min sambo, som bor i Estepona, fick ett telefonsamtal fr\u00e5n ekobrotts-myndigheten att han skulle inst\u00e4lla sig hos dem f\u00f6r f\u00f6rh\u00f6r. - Svenska Magasinet","robots":{"index":"noindex","follow":"follow","max-snippet":"max-snippet:-1","max-image-preview":"max-image-preview:large","max-video-preview":"max-video-preview:-1"},"og_locale":"sv_SE","og_type":"article","og_title":"Fr\u00e5ga advokaten: Min sambo, som bor i Estepona, fick ett telefonsamtal fr\u00e5n ekobrotts-myndigheten att han skulle inst\u00e4lla sig hos dem f\u00f6r f\u00f6rh\u00f6r.","og_description":"Han s\u00e5lde sin aff\u00e4rsverksamhet f\u00f6r n\u00e5gra \u00e5r sedan och utflyttade fr\u00e5n Sverige hit. Vad r\u00e5der Du honom att g\u00f6ra? Advokat G\u00f6ran Rise svarar: Jag skall kortfattat ge Din sambo n\u00e5gra viktiga r\u00e5d p\u00e5 v\u00e4gen. a) Han skall ta kontakt med en advokat, som arbetar med s.k. ekom\u00e5l, dvs i allm\u00e4nhet skattetbrott och bokf\u00f6ringsbrott. b) Han [&hellip;]","og_url":"https:\/\/lightweb.dev\/l\/svm-temp\/artiklar\/fraga-advokaten-min-sambo-som-bor-i-estepona-fick-ett-telefonsamtal-fran-ekobrotts-myndigheten-att-han-skulle-installa-sig-hos-dem-for-forhor\/","og_site_name":"Svenska Magasinet","article_publisher":"https:\/\/www.facebook.com\/svenskamagasinet","article_published_time":"2013-05-12T22:00:00+00:00","og_image":[{"width":299,"height":200,"url":"https:\/\/lightweb.dev\/l\/svm-temp\/wp-content\/uploads\/2022\/04\/frga-advokaten-min-sambo-som-bor-i-estepona-fick-ett-telefonsamtal-frn-ekobrotts-myndigheten-att-han-skulle-instlla-sig-hos-dem-fr-frhr.png","type":"image\/png"}],"author":"Redaktionen SvM","twitter_card":"summary_large_image","twitter_creator":"@SvenskaMagasine","twitter_site":"@SvenskaMagasine","schema":{"@context":"https:\/\/schema.org","@graph":[{"@type":"Article","@id":"https:\/\/lightweb.dev\/l\/svm-temp\/artiklar\/fraga-advokaten-min-sambo-som-bor-i-estepona-fick-ett-telefonsamtal-fran-ekobrotts-myndigheten-att-han-skulle-installa-sig-hos-dem-for-forhor\/#article","isPartOf":{"@id":"https:\/\/lightweb.dev\/l\/svm-temp\/artiklar\/fraga-advokaten-min-sambo-som-bor-i-estepona-fick-ett-telefonsamtal-fran-ekobrotts-myndigheten-att-han-skulle-installa-sig-hos-dem-for-forhor\/"},"author":{"name":"Redaktionen SvM","@id":"https:\/\/lightweb.dev\/l\/svm-temp\/#\/schema\/person\/206a3bda5b607b0c25e1749191e4d837"},"headline":"Fr\u00e5ga advokaten: Min sambo, som bor i Estepona, fick ett telefonsamtal fr\u00e5n ekobrotts-myndigheten att han skulle inst\u00e4lla sig hos dem f\u00f6r f\u00f6rh\u00f6r.","datePublished":"2013-05-12T22:00:00+00:00","mainEntityOfPage":{"@id":"https:\/\/lightweb.dev\/l\/svm-temp\/artiklar\/fraga-advokaten-min-sambo-som-bor-i-estepona-fick-ett-telefonsamtal-fran-ekobrotts-myndigheten-att-han-skulle-installa-sig-hos-dem-for-forhor\/"},"wordCount":301,"commentCount":0,"publisher":{"@id":"https:\/\/lightweb.dev\/l\/svm-temp\/#organization"},"image":{"@id":"https:\/\/lightweb.dev\/l\/svm-temp\/artiklar\/fraga-advokaten-min-sambo-som-bor-i-estepona-fick-ett-telefonsamtal-fran-ekobrotts-myndigheten-att-han-skulle-installa-sig-hos-dem-for-forhor\/#primaryimage"},"thumbnailUrl":"https:\/\/lightweb.dev\/l\/svm-temp\/wp-content\/uploads\/2022\/04\/frga-advokaten-min-sambo-som-bor-i-estepona-fick-ett-telefonsamtal-frn-ekobrotts-myndigheten-att-han-skulle-instlla-sig-hos-dem-fr-frhr.png","articleSection":["Arkiv","Artiklar"],"inLanguage":"sv-SE"},{"@type":"WebPage","@id":"https:\/\/lightweb.dev\/l\/svm-temp\/artiklar\/fraga-advokaten-min-sambo-som-bor-i-estepona-fick-ett-telefonsamtal-fran-ekobrotts-myndigheten-att-han-skulle-installa-sig-hos-dem-for-forhor\/","url":"https:\/\/lightweb.dev\/l\/svm-temp\/artiklar\/fraga-advokaten-min-sambo-som-bor-i-estepona-fick-ett-telefonsamtal-fran-ekobrotts-myndigheten-att-han-skulle-installa-sig-hos-dem-for-forhor\/","name":"Fr\u00e5ga advokaten: Min sambo, som bor i Estepona, fick ett telefonsamtal fr\u00e5n ekobrotts-myndigheten att han skulle inst\u00e4lla sig hos dem f\u00f6r f\u00f6rh\u00f6r. - Svenska Magasinet","isPartOf":{"@id":"https:\/\/lightweb.dev\/l\/svm-temp\/#website"},"primaryImageOfPage":{"@id":"https:\/\/lightweb.dev\/l\/svm-temp\/artiklar\/fraga-advokaten-min-sambo-som-bor-i-estepona-fick-ett-telefonsamtal-fran-ekobrotts-myndigheten-att-han-skulle-installa-sig-hos-dem-for-forhor\/#primaryimage"},"image":{"@id":"https:\/\/lightweb.dev\/l\/svm-temp\/artiklar\/fraga-advokaten-min-sambo-som-bor-i-estepona-fick-ett-telefonsamtal-fran-ekobrotts-myndigheten-att-han-skulle-installa-sig-hos-dem-for-forhor\/#primaryimage"},"thumbnailUrl":"https:\/\/lightweb.dev\/l\/svm-temp\/wp-content\/uploads\/2022\/04\/frga-advokaten-min-sambo-som-bor-i-estepona-fick-ett-telefonsamtal-frn-ekobrotts-myndigheten-att-han-skulle-instlla-sig-hos-dem-fr-frhr.png","datePublished":"2013-05-12T22:00:00+00:00","breadcrumb":{"@id":"https:\/\/lightweb.dev\/l\/svm-temp\/artiklar\/fraga-advokaten-min-sambo-som-bor-i-estepona-fick-ett-telefonsamtal-fran-ekobrotts-myndigheten-att-han-skulle-installa-sig-hos-dem-for-forhor\/#breadcrumb"},"inLanguage":"sv-SE","potentialAction":[{"@type":"ReadAction","target":["https:\/\/lightweb.dev\/l\/svm-temp\/artiklar\/fraga-advokaten-min-sambo-som-bor-i-estepona-fick-ett-telefonsamtal-fran-ekobrotts-myndigheten-att-han-skulle-installa-sig-hos-dem-for-forhor\/"]}]},{"@type":"ImageObject","inLanguage":"sv-SE","@id":"https:\/\/lightweb.dev\/l\/svm-temp\/artiklar\/fraga-advokaten-min-sambo-som-bor-i-estepona-fick-ett-telefonsamtal-fran-ekobrotts-myndigheten-att-han-skulle-installa-sig-hos-dem-for-forhor\/#primaryimage","url":"https:\/\/lightweb.dev\/l\/svm-temp\/wp-content\/uploads\/2022\/04\/frga-advokaten-min-sambo-som-bor-i-estepona-fick-ett-telefonsamtal-frn-ekobrotts-myndigheten-att-han-skulle-instlla-sig-hos-dem-fr-frhr.png","contentUrl":"https:\/\/lightweb.dev\/l\/svm-temp\/wp-content\/uploads\/2022\/04\/frga-advokaten-min-sambo-som-bor-i-estepona-fick-ett-telefonsamtal-frn-ekobrotts-myndigheten-att-han-skulle-instlla-sig-hos-dem-fr-frhr.png","width":299,"height":200},{"@type":"BreadcrumbList","@id":"https:\/\/lightweb.dev\/l\/svm-temp\/artiklar\/fraga-advokaten-min-sambo-som-bor-i-estepona-fick-ett-telefonsamtal-fran-ekobrotts-myndigheten-att-han-skulle-installa-sig-hos-dem-for-forhor\/#breadcrumb","itemListElement":[{"@type":"ListItem","position":1,"name":"Hem","item":"https:\/\/lightweb.dev\/l\/svm-temp\/"},{"@type":"ListItem","position":2,"name":"Fr\u00e5ga advokaten: Min sambo, som bor i Estepona, fick ett telefonsamtal fr\u00e5n ekobrotts-myndigheten att han skulle inst\u00e4lla sig hos dem f\u00f6r f\u00f6rh\u00f6r."}]},{"@type":"WebSite","@id":"https:\/\/lightweb.dev\/l\/svm-temp\/#website","url":"https:\/\/lightweb.dev\/l\/svm-temp\/","name":"Svenska Magasinet","description":"Dina Spanska nyheter p&aring; Svenska","publisher":{"@id":"https:\/\/lightweb.dev\/l\/svm-temp\/#organization"},"potentialAction":[{"@type":"SearchAction","target":{"@type":"EntryPoint","urlTemplate":"https:\/\/lightweb.dev\/l\/svm-temp\/?s={search_term_string}"},"query-input":{"@type":"PropertyValueSpecification","valueRequired":true,"valueName":"search_term_string"}}],"inLanguage":"sv-SE"},{"@type":"Organization","@id":"https:\/\/lightweb.dev\/l\/svm-temp\/#organization","name":"Melkerson y Nott SL","alternateName":"Svenska Magasinet","url":"https:\/\/lightweb.dev\/l\/svm-temp\/","logo":{"@type":"ImageObject","inLanguage":"sv-SE","@id":"https:\/\/lightweb.dev\/l\/svm-temp\/#\/schema\/logo\/image\/","url":"https:\/\/lightweb.dev\/l\/svm-temp\/wp-content\/uploads\/2025\/02\/SvM-logo-Xtra-Centrerad-SVART.png","contentUrl":"https:\/\/lightweb.dev\/l\/svm-temp\/wp-content\/uploads\/2025\/02\/SvM-logo-Xtra-Centrerad-SVART.png","width":300,"height":99,"caption":"Melkerson y Nott SL"},"image":{"@id":"https:\/\/lightweb.dev\/l\/svm-temp\/#\/schema\/logo\/image\/"},"sameAs":["https:\/\/www.facebook.com\/svenskamagasinet","https:\/\/x.com\/SvenskaMagasine"]},{"@type":"Person","@id":"https:\/\/lightweb.dev\/l\/svm-temp\/#\/schema\/person\/206a3bda5b607b0c25e1749191e4d837","name":"Redaktionen SvM","description":"Redaktionen","sameAs":["https:\/\/lightweb.dev\/l\/svm-temp"],"url":"https:\/\/lightweb.dev\/l\/svm-temp\/reporter\/redaktionen\/"}]}},"_links":{"self":[{"href":"https:\/\/lightweb.dev\/l\/svm-temp\/wp-json\/wp\/v2\/posts\/4255","targetHints":{"allow":["GET"]}}],"collection":[{"href":"https:\/\/lightweb.dev\/l\/svm-temp\/wp-json\/wp\/v2\/posts"}],"about":[{"href":"https:\/\/lightweb.dev\/l\/svm-temp\/wp-json\/wp\/v2\/types\/post"}],"author":[{"embeddable":true,"href":"https:\/\/lightweb.dev\/l\/svm-temp\/wp-json\/wp\/v2\/users\/8"}],"replies":[{"embeddable":true,"href":"https:\/\/lightweb.dev\/l\/svm-temp\/wp-json\/wp\/v2\/comments?post=4255"}],"version-history":[{"count":0,"href":"https:\/\/lightweb.dev\/l\/svm-temp\/wp-json\/wp\/v2\/posts\/4255\/revisions"}],"wp:featuredmedia":[{"embeddable":true,"href":"https:\/\/lightweb.dev\/l\/svm-temp\/wp-json\/wp\/v2\/media\/4256"}],"wp:attachment":[{"href":"https:\/\/lightweb.dev\/l\/svm-temp\/wp-json\/wp\/v2\/media?parent=4255"}],"wp:term":[{"taxonomy":"category","embeddable":true,"href":"https:\/\/lightweb.dev\/l\/svm-temp\/wp-json\/wp\/v2\/categories?post=4255"},{"taxonomy":"post_tag","embeddable":true,"href":"https:\/\/lightweb.dev\/l\/svm-temp\/wp-json\/wp\/v2\/tags?post=4255"}],"curies":[{"name":"wp","href":"https:\/\/api.w.org\/{rel}","templated":true}]}}