{"id":4257,"date":"2013-05-13T00:00:00","date_gmt":"2013-05-12T22:00:00","guid":{"rendered":"https:\/\/lightweb.dev\/l\/svm-temp\/hans-g-logistik-finns-inte-pa-spanska\/"},"modified":"2013-05-13T00:00:00","modified_gmt":"2013-05-12T22:00:00","slug":"hans-g-logistik-finns-inte-pa-spanska","status":"publish","type":"post","link":"https:\/\/lightweb.dev\/l\/svm-temp\/artiklar\/hans-g-logistik-finns-inte-pa-spanska\/","title":{"rendered":"Hans G: Logistik finns inte p\u00e5 spanska"},"content":{"rendered":"<p> Jag har letat igenom varenda spansk ordbok och vartenda spanskt lexikon men jag hittar det inte. Ordet jag i mitt anletes svett letar efter finns inte p\u00e5 spanska. Jag letar efter ordet logistik, som ju egentligen betyder &#8221;en matematisk metod f\u00f6r behandling av problem&#8221;. Eller var sak i r\u00e4ttan tid om man vill f\u00f6renkla.<\/p>\n<p>Inte logik, det ordet finns p\u00e5 spanska, varf\u00f6r vet jag inte,f\u00f6r det verkar inte som om spanjorerna \u00e4r s\u00e4rskilt f\u00f6rtjusta i vare sig ordet som s\u00e5dant eller vad det f\u00f6r med sig. Om allting vore logiskt, som vi svenskar tillsammans med tyskarna h\u00e4vdar \u00e4r livets mening, s\u00e5 vore det ganska tr\u00e5kigt. Inget st\u00f6rre utrymme f\u00f6r lattjo-lajbans eller andra glada \u00f6verraskningar. Som till exempel att ta dagen som den kommer. Blotta tanken p\u00e5 en s\u00e5 oplanerad tillvaro s\u00e4nder kalla k\u00e5rar efter ryggraden p\u00e5 folk fr\u00e5n m\u00f6rkrets l\u00e4nder.<\/p>\n<p>S\u00e5 gl\u00f6m det d\u00e4r med logik. Det finns inget utrymme f\u00f6r s\u00e5dant trams.<\/p>\n<p>Men, och det \u00e4r ett stort men, ibland \u00f6nskar man att det d\u00e4r med logistik existerade, att n\u00e5gon har en plan, som &#8221;Stickan&#8221; i J\u00f6nsson-ligan brukade s\u00e4ga.<br \/>\nSom till exempel n\u00e4r man skall till sjukhuset, speciellt till Costa del Sol som ju \u00e4r alldeles f\u00f6r stort.<br \/>\nDu \u00e4r kallad till klockan elva.<br \/>\nDu anl\u00e4nder i god tid.<br \/>\nI v\u00e4ntsalen sitter hundratals m\u00e4nniskor. Det \u00e4r kn\u00f6kfullt, det finns knappt st\u00e5plats.<br \/>\nDu tittar uppgivet p\u00e5 hustrun.<br \/>\nTjosan, det h\u00e4r kommer att ta tid, vi kan lika g\u00e4rna avboka bordet vi best\u00e4llt till klockan \u00e5tta i kv\u00e4ll.<\/p>\n<p>Ett namn ropas upp. Tjugo personer reser sig upp och f\u00f6rsvinner in i hissen.<br \/>\nEtt nytt namn och ytterligare tjugo pers f\u00f6rsvinner.<br \/>\nNu \u00e4r vi i det n\u00e4rmaste ensamma kvar.<br \/>\nN\u00e4r v\u00e5rt namn ropas upp travar vi iv\u00e4g och hamnar i en ny v\u00e4ntsal med i stort sett lika mycket folk som tidigare.<br \/>\nDet \u00e4r d\u00e5 tanken p\u00e5 att det finns n\u00e5got som heter planering dyker upp bakom pannbenet.<br \/>\nAlla \u00e4r kallade till samma tid. Klockan elva. Det finns ett eftermiddagspass ocks\u00e5, d\u00e5 \u00e4r alla kallade till klockan tre. Att detaljplanera \u00e4r f\u00f6r besv\u00e4rligt.<\/p>\n<p>Hoppl\u00f6sheten i situationen minskar dock betydligt n\u00e4r man f\u00e5r klart f\u00f6r sig att spanjorerna som satt i v\u00e4ntrummet hade hela sl\u00e4kten med sig.<br \/>\nD\u00e4r sitter mormor och morfar, farmor och farfar, br\u00f6der och systrar. Man \u00f6verger inte sina sl\u00e4ktingar.Man f\u00f6rv\u00e4ntas att st\u00e4lla upp och vara solidarisk med den stackars sjuke. Till och med nu i krisens dagar \u00e4r en spanjor ber\u00e4ttigad till tre dagars ledighet om en sl\u00e4kting av n\u00e5gon anledning hamnar p\u00e5 sjukhus.<\/p>\n<p>Det du, Merkel, det \u00e4r grejer det. Men trots allt.<\/p>\n<p>Om det nu \u00e4r s\u00e5 att spanjorernas kynne inte ligger \u00e5t det planerande h\u00e5llet s\u00e5 har jag ett litet tips.<br \/>\nL\u00e4gg ut hela bibban p\u00e5 entreprenad.<br \/>\nPrivatisera helt enkelt s\u00e5 blir dessutom pappskallarna i Internationella Valutafonden glada och lyckliga.Kalla in ett g\u00e4ng gr\u00e5, tr\u00e5kiga svenska eller tyska byr\u00e5krater s\u00e5 blir det ordning p\u00e5 t\u00e4ppan.<br \/>\nVisserligen kommer antagligen v\u00e4ntrummet att vara lika fullt som tidigare, men, \u00e4r man kallad till 11.07 s\u00e5 tyder det p\u00e5 tysk planering och d\u00e5 kan man k\u00e4nna sig trygg. H\u00e4r g\u00f6rs inga misstag.<br \/>\nPrivatisering av k\u00f6-problem \u00e4r inte bara ett helt nytt ekonomiskt grepp, det inneb\u00e4r ocks\u00e5 att spanjorerna, utan st\u00f6rningsmoment, kan g\u00e5 tillbaka till att syssla med det som de \u00e4r s\u00e5 bra p\u00e5.<\/p>\n<p>N\u00e4mligen att m\u00e5 bra.<\/p>\n<p>Och vi svenskar kan sk\u00e4nka en tacksamhetens tanke till svensk byr\u00e5krati som \u00e4ntligen internationellt kan f\u00e5 visa sig p\u00e5 styva linan och tala om hur en slipsten skall dras.<br \/>\nF\u00f6r \u00f6vrigt anser jag att IMF och V\u00e4rldsbanken skall f\u00f6rst\u00f6ras.<\/p>\n<p>Saludos amigos\/as<\/p>\n<p>M\u00e5 v\u00e4l och ta hand om er.<br \/>\nHans G.<\/p>\n<p>PS.<br \/>\nJag uppt\u00e4ckte h\u00e4rom dagen ett galiciskt ordspr\u00e5k som kan kasta ljus \u00f6ver fr\u00e5gan om Mariano &#8221;ahoj med r framf\u00f6r&#8221; \u00e4r f\u00e5gel eller fisk. Det s\u00e4gs helt enkelt att en galicier \u00e4r s\u00e5 tvetydig att m\u00f6ter man honom i trappan vet man inte om han \u00e4r p\u00e5 v\u00e4g upp eller ner. (Jag hittade detta i Thomas Gustafssons goa bok &#8221;Spanien&#8221;) <\/p>\n","protected":false},"excerpt":{"rendered":"<p>Jag har letat igenom varenda spansk ordbok och vartenda spanskt lexikon men jag hittar det inte. Ordet jag i mitt anletes svett letar efter finns inte p\u00e5 spanska. Jag letar efter ordet logistik, som ju egentligen betyder &#8221;en matematisk metod f\u00f6r behandling av problem&#8221;. Eller var sak i r\u00e4ttan tid om man vill f\u00f6renkla. Inte [&hellip;]<\/p>\n","protected":false},"author":8,"featured_media":4258,"comment_status":"open","ping_status":"open","sticky":false,"template":"","format":"standard","meta":{"_et_pb_use_builder":"","_et_pb_old_content":"","_et_gb_content_width":"","footnotes":""},"categories":[396,4],"tags":[],"class_list":["post-4257","post","type-post","status-publish","format-standard","has-post-thumbnail","hentry","category-arkiv-artiklar","category-artiklar"],"yoast_head":"<!-- This site is optimized with the Yoast SEO Premium plugin v26.2 (Yoast SEO v27.5) - https:\/\/yoast.com\/product\/yoast-seo-premium-wordpress\/ -->\n<title>Hans G: Logistik finns inte p\u00e5 spanska - Svenska Magasinet<\/title>\n<meta name=\"robots\" content=\"noindex, follow, max-snippet:-1, max-image-preview:large, max-video-preview:-1\" \/>\n<meta property=\"og:locale\" content=\"sv_SE\" \/>\n<meta property=\"og:type\" content=\"article\" \/>\n<meta property=\"og:title\" content=\"Hans G: Logistik finns inte p\u00e5 spanska\" \/>\n<meta property=\"og:description\" content=\"Jag har letat igenom varenda spansk ordbok och vartenda spanskt lexikon men jag hittar det inte. Ordet jag i mitt anletes svett letar efter finns inte p\u00e5 spanska. Jag letar efter ordet logistik, som ju egentligen betyder &#8221;en matematisk metod f\u00f6r behandling av problem&#8221;. Eller var sak i r\u00e4ttan tid om man vill f\u00f6renkla. Inte [&hellip;]\" \/>\n<meta property=\"og:url\" content=\"https:\/\/lightweb.dev\/l\/svm-temp\/artiklar\/hans-g-logistik-finns-inte-pa-spanska\/\" \/>\n<meta property=\"og:site_name\" content=\"Svenska Magasinet\" \/>\n<meta property=\"article:publisher\" content=\"https:\/\/www.facebook.com\/svenskamagasinet\" \/>\n<meta property=\"article:published_time\" content=\"2013-05-12T22:00:00+00:00\" \/>\n<meta property=\"og:image\" content=\"https:\/\/lightweb.dev\/l\/svm-temp\/wp-content\/uploads\/2022\/04\/hans-g-logistik-finns-inte-p-spanska.png\" \/>\n\t<meta property=\"og:image:width\" content=\"280\" \/>\n\t<meta property=\"og:image:height\" content=\"291\" \/>\n\t<meta property=\"og:image:type\" content=\"image\/png\" \/>\n<meta name=\"author\" content=\"Redaktionen SvM\" \/>\n<meta name=\"twitter:card\" content=\"summary_large_image\" \/>\n<meta name=\"twitter:creator\" content=\"@SvenskaMagasine\" \/>\n<meta name=\"twitter:site\" content=\"@SvenskaMagasine\" \/>\n<script type=\"application\/ld+json\" class=\"yoast-schema-graph\">{\"@context\":\"https:\\\/\\\/schema.org\",\"@graph\":[{\"@type\":\"Article\",\"@id\":\"https:\\\/\\\/lightweb.dev\\\/l\\\/svm-temp\\\/artiklar\\\/hans-g-logistik-finns-inte-pa-spanska\\\/#article\",\"isPartOf\":{\"@id\":\"https:\\\/\\\/lightweb.dev\\\/l\\\/svm-temp\\\/artiklar\\\/hans-g-logistik-finns-inte-pa-spanska\\\/\"},\"author\":{\"name\":\"Redaktionen SvM\",\"@id\":\"https:\\\/\\\/lightweb.dev\\\/l\\\/svm-temp\\\/#\\\/schema\\\/person\\\/206a3bda5b607b0c25e1749191e4d837\"},\"headline\":\"Hans G: Logistik finns inte p\u00e5 spanska\",\"datePublished\":\"2013-05-12T22:00:00+00:00\",\"mainEntityOfPage\":{\"@id\":\"https:\\\/\\\/lightweb.dev\\\/l\\\/svm-temp\\\/artiklar\\\/hans-g-logistik-finns-inte-pa-spanska\\\/\"},\"wordCount\":760,\"commentCount\":0,\"publisher\":{\"@id\":\"https:\\\/\\\/lightweb.dev\\\/l\\\/svm-temp\\\/#organization\"},\"image\":{\"@id\":\"https:\\\/\\\/lightweb.dev\\\/l\\\/svm-temp\\\/artiklar\\\/hans-g-logistik-finns-inte-pa-spanska\\\/#primaryimage\"},\"thumbnailUrl\":\"https:\\\/\\\/lightweb.dev\\\/l\\\/svm-temp\\\/wp-content\\\/uploads\\\/2022\\\/04\\\/hans-g-logistik-finns-inte-p-spanska.png\",\"articleSection\":[\"Arkiv\",\"Artiklar\"],\"inLanguage\":\"sv-SE\"},{\"@type\":\"WebPage\",\"@id\":\"https:\\\/\\\/lightweb.dev\\\/l\\\/svm-temp\\\/artiklar\\\/hans-g-logistik-finns-inte-pa-spanska\\\/\",\"url\":\"https:\\\/\\\/lightweb.dev\\\/l\\\/svm-temp\\\/artiklar\\\/hans-g-logistik-finns-inte-pa-spanska\\\/\",\"name\":\"Hans G: Logistik finns inte p\u00e5 spanska - Svenska Magasinet\",\"isPartOf\":{\"@id\":\"https:\\\/\\\/lightweb.dev\\\/l\\\/svm-temp\\\/#website\"},\"primaryImageOfPage\":{\"@id\":\"https:\\\/\\\/lightweb.dev\\\/l\\\/svm-temp\\\/artiklar\\\/hans-g-logistik-finns-inte-pa-spanska\\\/#primaryimage\"},\"image\":{\"@id\":\"https:\\\/\\\/lightweb.dev\\\/l\\\/svm-temp\\\/artiklar\\\/hans-g-logistik-finns-inte-pa-spanska\\\/#primaryimage\"},\"thumbnailUrl\":\"https:\\\/\\\/lightweb.dev\\\/l\\\/svm-temp\\\/wp-content\\\/uploads\\\/2022\\\/04\\\/hans-g-logistik-finns-inte-p-spanska.png\",\"datePublished\":\"2013-05-12T22:00:00+00:00\",\"breadcrumb\":{\"@id\":\"https:\\\/\\\/lightweb.dev\\\/l\\\/svm-temp\\\/artiklar\\\/hans-g-logistik-finns-inte-pa-spanska\\\/#breadcrumb\"},\"inLanguage\":\"sv-SE\",\"potentialAction\":[{\"@type\":\"ReadAction\",\"target\":[\"https:\\\/\\\/lightweb.dev\\\/l\\\/svm-temp\\\/artiklar\\\/hans-g-logistik-finns-inte-pa-spanska\\\/\"]}]},{\"@type\":\"ImageObject\",\"inLanguage\":\"sv-SE\",\"@id\":\"https:\\\/\\\/lightweb.dev\\\/l\\\/svm-temp\\\/artiklar\\\/hans-g-logistik-finns-inte-pa-spanska\\\/#primaryimage\",\"url\":\"https:\\\/\\\/lightweb.dev\\\/l\\\/svm-temp\\\/wp-content\\\/uploads\\\/2022\\\/04\\\/hans-g-logistik-finns-inte-p-spanska.png\",\"contentUrl\":\"https:\\\/\\\/lightweb.dev\\\/l\\\/svm-temp\\\/wp-content\\\/uploads\\\/2022\\\/04\\\/hans-g-logistik-finns-inte-p-spanska.png\",\"width\":280,\"height\":291},{\"@type\":\"BreadcrumbList\",\"@id\":\"https:\\\/\\\/lightweb.dev\\\/l\\\/svm-temp\\\/artiklar\\\/hans-g-logistik-finns-inte-pa-spanska\\\/#breadcrumb\",\"itemListElement\":[{\"@type\":\"ListItem\",\"position\":1,\"name\":\"Hem\",\"item\":\"https:\\\/\\\/lightweb.dev\\\/l\\\/svm-temp\\\/\"},{\"@type\":\"ListItem\",\"position\":2,\"name\":\"Hans G: Logistik finns inte p\u00e5 spanska\"}]},{\"@type\":\"WebSite\",\"@id\":\"https:\\\/\\\/lightweb.dev\\\/l\\\/svm-temp\\\/#website\",\"url\":\"https:\\\/\\\/lightweb.dev\\\/l\\\/svm-temp\\\/\",\"name\":\"Svenska Magasinet\",\"description\":\"Dina Spanska nyheter p&aring; Svenska\",\"publisher\":{\"@id\":\"https:\\\/\\\/lightweb.dev\\\/l\\\/svm-temp\\\/#organization\"},\"potentialAction\":[{\"@type\":\"SearchAction\",\"target\":{\"@type\":\"EntryPoint\",\"urlTemplate\":\"https:\\\/\\\/lightweb.dev\\\/l\\\/svm-temp\\\/?s={search_term_string}\"},\"query-input\":{\"@type\":\"PropertyValueSpecification\",\"valueRequired\":true,\"valueName\":\"search_term_string\"}}],\"inLanguage\":\"sv-SE\"},{\"@type\":\"Organization\",\"@id\":\"https:\\\/\\\/lightweb.dev\\\/l\\\/svm-temp\\\/#organization\",\"name\":\"Melkerson y Nott SL\",\"alternateName\":\"Svenska Magasinet\",\"url\":\"https:\\\/\\\/lightweb.dev\\\/l\\\/svm-temp\\\/\",\"logo\":{\"@type\":\"ImageObject\",\"inLanguage\":\"sv-SE\",\"@id\":\"https:\\\/\\\/lightweb.dev\\\/l\\\/svm-temp\\\/#\\\/schema\\\/logo\\\/image\\\/\",\"url\":\"https:\\\/\\\/lightweb.dev\\\/l\\\/svm-temp\\\/wp-content\\\/uploads\\\/2025\\\/02\\\/SvM-logo-Xtra-Centrerad-SVART.png\",\"contentUrl\":\"https:\\\/\\\/lightweb.dev\\\/l\\\/svm-temp\\\/wp-content\\\/uploads\\\/2025\\\/02\\\/SvM-logo-Xtra-Centrerad-SVART.png\",\"width\":300,\"height\":99,\"caption\":\"Melkerson y Nott SL\"},\"image\":{\"@id\":\"https:\\\/\\\/lightweb.dev\\\/l\\\/svm-temp\\\/#\\\/schema\\\/logo\\\/image\\\/\"},\"sameAs\":[\"https:\\\/\\\/www.facebook.com\\\/svenskamagasinet\",\"https:\\\/\\\/x.com\\\/SvenskaMagasine\"]},{\"@type\":\"Person\",\"@id\":\"https:\\\/\\\/lightweb.dev\\\/l\\\/svm-temp\\\/#\\\/schema\\\/person\\\/206a3bda5b607b0c25e1749191e4d837\",\"name\":\"Redaktionen SvM\",\"description\":\"Redaktionen\",\"sameAs\":[\"https:\\\/\\\/lightweb.dev\\\/l\\\/svm-temp\"],\"url\":\"https:\\\/\\\/lightweb.dev\\\/l\\\/svm-temp\\\/reporter\\\/redaktionen\\\/\"}]}<\/script>\n<!-- \/ Yoast SEO Premium plugin. -->","yoast_head_json":{"title":"Hans G: Logistik finns inte p\u00e5 spanska - Svenska Magasinet","robots":{"index":"noindex","follow":"follow","max-snippet":"max-snippet:-1","max-image-preview":"max-image-preview:large","max-video-preview":"max-video-preview:-1"},"og_locale":"sv_SE","og_type":"article","og_title":"Hans G: Logistik finns inte p\u00e5 spanska","og_description":"Jag har letat igenom varenda spansk ordbok och vartenda spanskt lexikon men jag hittar det inte. Ordet jag i mitt anletes svett letar efter finns inte p\u00e5 spanska. Jag letar efter ordet logistik, som ju egentligen betyder &#8221;en matematisk metod f\u00f6r behandling av problem&#8221;. Eller var sak i r\u00e4ttan tid om man vill f\u00f6renkla. Inte [&hellip;]","og_url":"https:\/\/lightweb.dev\/l\/svm-temp\/artiklar\/hans-g-logistik-finns-inte-pa-spanska\/","og_site_name":"Svenska Magasinet","article_publisher":"https:\/\/www.facebook.com\/svenskamagasinet","article_published_time":"2013-05-12T22:00:00+00:00","og_image":[{"width":280,"height":291,"url":"https:\/\/lightweb.dev\/l\/svm-temp\/wp-content\/uploads\/2022\/04\/hans-g-logistik-finns-inte-p-spanska.png","type":"image\/png"}],"author":"Redaktionen SvM","twitter_card":"summary_large_image","twitter_creator":"@SvenskaMagasine","twitter_site":"@SvenskaMagasine","schema":{"@context":"https:\/\/schema.org","@graph":[{"@type":"Article","@id":"https:\/\/lightweb.dev\/l\/svm-temp\/artiklar\/hans-g-logistik-finns-inte-pa-spanska\/#article","isPartOf":{"@id":"https:\/\/lightweb.dev\/l\/svm-temp\/artiklar\/hans-g-logistik-finns-inte-pa-spanska\/"},"author":{"name":"Redaktionen SvM","@id":"https:\/\/lightweb.dev\/l\/svm-temp\/#\/schema\/person\/206a3bda5b607b0c25e1749191e4d837"},"headline":"Hans G: Logistik finns inte p\u00e5 spanska","datePublished":"2013-05-12T22:00:00+00:00","mainEntityOfPage":{"@id":"https:\/\/lightweb.dev\/l\/svm-temp\/artiklar\/hans-g-logistik-finns-inte-pa-spanska\/"},"wordCount":760,"commentCount":0,"publisher":{"@id":"https:\/\/lightweb.dev\/l\/svm-temp\/#organization"},"image":{"@id":"https:\/\/lightweb.dev\/l\/svm-temp\/artiklar\/hans-g-logistik-finns-inte-pa-spanska\/#primaryimage"},"thumbnailUrl":"https:\/\/lightweb.dev\/l\/svm-temp\/wp-content\/uploads\/2022\/04\/hans-g-logistik-finns-inte-p-spanska.png","articleSection":["Arkiv","Artiklar"],"inLanguage":"sv-SE"},{"@type":"WebPage","@id":"https:\/\/lightweb.dev\/l\/svm-temp\/artiklar\/hans-g-logistik-finns-inte-pa-spanska\/","url":"https:\/\/lightweb.dev\/l\/svm-temp\/artiklar\/hans-g-logistik-finns-inte-pa-spanska\/","name":"Hans G: Logistik finns inte p\u00e5 spanska - Svenska Magasinet","isPartOf":{"@id":"https:\/\/lightweb.dev\/l\/svm-temp\/#website"},"primaryImageOfPage":{"@id":"https:\/\/lightweb.dev\/l\/svm-temp\/artiklar\/hans-g-logistik-finns-inte-pa-spanska\/#primaryimage"},"image":{"@id":"https:\/\/lightweb.dev\/l\/svm-temp\/artiklar\/hans-g-logistik-finns-inte-pa-spanska\/#primaryimage"},"thumbnailUrl":"https:\/\/lightweb.dev\/l\/svm-temp\/wp-content\/uploads\/2022\/04\/hans-g-logistik-finns-inte-p-spanska.png","datePublished":"2013-05-12T22:00:00+00:00","breadcrumb":{"@id":"https:\/\/lightweb.dev\/l\/svm-temp\/artiklar\/hans-g-logistik-finns-inte-pa-spanska\/#breadcrumb"},"inLanguage":"sv-SE","potentialAction":[{"@type":"ReadAction","target":["https:\/\/lightweb.dev\/l\/svm-temp\/artiklar\/hans-g-logistik-finns-inte-pa-spanska\/"]}]},{"@type":"ImageObject","inLanguage":"sv-SE","@id":"https:\/\/lightweb.dev\/l\/svm-temp\/artiklar\/hans-g-logistik-finns-inte-pa-spanska\/#primaryimage","url":"https:\/\/lightweb.dev\/l\/svm-temp\/wp-content\/uploads\/2022\/04\/hans-g-logistik-finns-inte-p-spanska.png","contentUrl":"https:\/\/lightweb.dev\/l\/svm-temp\/wp-content\/uploads\/2022\/04\/hans-g-logistik-finns-inte-p-spanska.png","width":280,"height":291},{"@type":"BreadcrumbList","@id":"https:\/\/lightweb.dev\/l\/svm-temp\/artiklar\/hans-g-logistik-finns-inte-pa-spanska\/#breadcrumb","itemListElement":[{"@type":"ListItem","position":1,"name":"Hem","item":"https:\/\/lightweb.dev\/l\/svm-temp\/"},{"@type":"ListItem","position":2,"name":"Hans G: Logistik finns inte p\u00e5 spanska"}]},{"@type":"WebSite","@id":"https:\/\/lightweb.dev\/l\/svm-temp\/#website","url":"https:\/\/lightweb.dev\/l\/svm-temp\/","name":"Svenska Magasinet","description":"Dina Spanska nyheter p&aring; Svenska","publisher":{"@id":"https:\/\/lightweb.dev\/l\/svm-temp\/#organization"},"potentialAction":[{"@type":"SearchAction","target":{"@type":"EntryPoint","urlTemplate":"https:\/\/lightweb.dev\/l\/svm-temp\/?s={search_term_string}"},"query-input":{"@type":"PropertyValueSpecification","valueRequired":true,"valueName":"search_term_string"}}],"inLanguage":"sv-SE"},{"@type":"Organization","@id":"https:\/\/lightweb.dev\/l\/svm-temp\/#organization","name":"Melkerson y Nott SL","alternateName":"Svenska Magasinet","url":"https:\/\/lightweb.dev\/l\/svm-temp\/","logo":{"@type":"ImageObject","inLanguage":"sv-SE","@id":"https:\/\/lightweb.dev\/l\/svm-temp\/#\/schema\/logo\/image\/","url":"https:\/\/lightweb.dev\/l\/svm-temp\/wp-content\/uploads\/2025\/02\/SvM-logo-Xtra-Centrerad-SVART.png","contentUrl":"https:\/\/lightweb.dev\/l\/svm-temp\/wp-content\/uploads\/2025\/02\/SvM-logo-Xtra-Centrerad-SVART.png","width":300,"height":99,"caption":"Melkerson y Nott SL"},"image":{"@id":"https:\/\/lightweb.dev\/l\/svm-temp\/#\/schema\/logo\/image\/"},"sameAs":["https:\/\/www.facebook.com\/svenskamagasinet","https:\/\/x.com\/SvenskaMagasine"]},{"@type":"Person","@id":"https:\/\/lightweb.dev\/l\/svm-temp\/#\/schema\/person\/206a3bda5b607b0c25e1749191e4d837","name":"Redaktionen SvM","description":"Redaktionen","sameAs":["https:\/\/lightweb.dev\/l\/svm-temp"],"url":"https:\/\/lightweb.dev\/l\/svm-temp\/reporter\/redaktionen\/"}]}},"_links":{"self":[{"href":"https:\/\/lightweb.dev\/l\/svm-temp\/wp-json\/wp\/v2\/posts\/4257","targetHints":{"allow":["GET"]}}],"collection":[{"href":"https:\/\/lightweb.dev\/l\/svm-temp\/wp-json\/wp\/v2\/posts"}],"about":[{"href":"https:\/\/lightweb.dev\/l\/svm-temp\/wp-json\/wp\/v2\/types\/post"}],"author":[{"embeddable":true,"href":"https:\/\/lightweb.dev\/l\/svm-temp\/wp-json\/wp\/v2\/users\/8"}],"replies":[{"embeddable":true,"href":"https:\/\/lightweb.dev\/l\/svm-temp\/wp-json\/wp\/v2\/comments?post=4257"}],"version-history":[{"count":0,"href":"https:\/\/lightweb.dev\/l\/svm-temp\/wp-json\/wp\/v2\/posts\/4257\/revisions"}],"wp:featuredmedia":[{"embeddable":true,"href":"https:\/\/lightweb.dev\/l\/svm-temp\/wp-json\/wp\/v2\/media\/4258"}],"wp:attachment":[{"href":"https:\/\/lightweb.dev\/l\/svm-temp\/wp-json\/wp\/v2\/media?parent=4257"}],"wp:term":[{"taxonomy":"category","embeddable":true,"href":"https:\/\/lightweb.dev\/l\/svm-temp\/wp-json\/wp\/v2\/categories?post=4257"},{"taxonomy":"post_tag","embeddable":true,"href":"https:\/\/lightweb.dev\/l\/svm-temp\/wp-json\/wp\/v2\/tags?post=4257"}],"curies":[{"name":"wp","href":"https:\/\/api.w.org\/{rel}","templated":true}]}}