{"id":4259,"date":"2013-05-13T00:00:00","date_gmt":"2013-05-12T22:00:00","guid":{"rendered":"https:\/\/lightweb.dev\/l\/svm-temp\/sex-meter-harmoni\/"},"modified":"2013-05-13T00:00:00","modified_gmt":"2013-05-12T22:00:00","slug":"sex-meter-harmoni","status":"publish","type":"post","link":"https:\/\/lightweb.dev\/l\/svm-temp\/artiklar\/sex-meter-harmoni\/","title":{"rendered":"Sex meter harmoni"},"content":{"rendered":"<p> Danmark och Spanien i symbios. Jag var v\u00e4ldigt sp\u00e4nd och nyfiken n\u00e4r jag \u00e5kte hem till Anette Skou och hennes man Jos\u00e9 Maria Cordoba ute p\u00e5 campon i Valtocado. Jag hade bara sett deras hus p\u00e5 avst\u00e5nd tidigare och tyckte att det s\u00e5g v\u00e4ldigt annorlunda och intressant ut. Av Annika Jonsson<\/p>\n<p>Jag m\u00f6ts av en, som alltid, leende Anette, en kvinna som nog m\u00e5nga av er k\u00e4nner till. Anette har jobbat p\u00e5 Mijas kommuns utlandsavdelning i en herrans massa \u00e5r nu. Hon \u00e4r den som alltid har tid f\u00f6r dig och alltid hj\u00e4lper dig oavsett vad du vill ha hj\u00e4lp med. Anette utstr\u00e5lar v\u00e4rme och positivitet och det \u00e4r n\u00e4ra mellan skratten. Hennes make, spanjoren Jos\u00e9 Maria, som jag aldrig har tr\u00e4ffat f\u00f6rrut, \u00e4r konstn\u00e4r. En mycket duktig s\u00e5dan. Ocks\u00e5 han utstr\u00e5lar v\u00e4rme men ocks\u00e5 n\u00e5gon sorts humanism i brist p\u00e5 ett b\u00e4ttre ord. B\u00e5da har konst och artisteri v\u00e4ldigt n\u00e4ra hj\u00e4rtat. Jos\u00e9, som jag n\u00e4mde tidigare \u00e4r konstn\u00e4r, han m\u00e5lar och g\u00f6r skulpturer. Men \u00e4ven Anette har en artistisk bakrund. Hon har m\u00e5lat, skulpterat och designat vackra smycken.<\/p>\n<p>Anette: \u201dNumera har jag tyv\u00e4rr inte tid f\u00f6r det eftersom jag jobbar v\u00e4ldigt mycket\u201d.<br \/>\n\u201d Va tr\u00e5kigt\u201d s\u00e4ger jag, \u201ddet \u00e4r med andra ord alldeles f\u00f6r m\u00e5nga utl\u00e4nningar h\u00e4r nere\u201d?<br \/>\nAnette skrattar h\u00f6gljutt och hennes bl\u00e5 \u00f6gon glittrar.<\/p>\n<p>Anette och Jose har varit tillsammans i \u00f6ver 30 \u00e5r nu. Anette ursprungligen fr\u00e5n Danmark och Jos\u00e9 \u00e4r ifr\u00e5n Cordoba h\u00e4r i Andalucien. De tr\u00e4ffades n\u00e4r Anette hade ett galleri i Fuengirola. En dag kom Jos\u00e9 in f\u00f6r att visa sina tavlor och det sa bara PANG! K\u00e4rlek vid f\u00f6rsta \u00f6gonkastet. Visst \u00e4r s\u00e5dant gott.<br \/>\nAnette: \u201d Ja, det var verkligen ett underbart \u00f6gonblick. Det kommer jag aldrig att gl\u00f6mma\u201d!<br \/>\nJos\u00e9: \u201d Bellisima!!! Jag blev totalt hypnotiserad n\u00e4r jag s\u00e5g denna vackra kvinna framf\u00f6r mig. Hon hade stort, burrigt blont h\u00e5r och de bl\u00e5aste \u00f6gon jag n\u00e5gonsin hade sett. Jag f\u00f6ll pladask\u201d.<\/p>\n<p>Att Anette och Jos\u00e9 \u00e4lskar varandra \u00e4r helt uppenbart. Det k\u00e4nns sk\u00f6nt att tr\u00e4ffa ett par som har varit tillsammans s\u00e5pass l\u00e4nge och fortfarande har en s\u00e5dan \u00f6msesidig respekt f\u00f6r varandra.<br \/>\nDeras mycket speciella hus ligger p\u00e5 en gudomlig plats. Ett himmelrike. F\u00e5glarna kvittrar, apelsintr\u00e4den och citrontr\u00e4den st\u00e5r i blom, vinrankorna v\u00e4xer och \u00e4r just nu s\u00e5 d\u00e4r skirt gr\u00f6na.<br \/>\nUtsikten skall vi inte prata om. Ett panorama fr\u00e5n havet och Afrika hela v\u00e4gen till, de ibland, sn\u00f6t\u00e4ckta bergen vid Ronda. Det \u00e4r helt enkelt hissnande vackert.<\/p>\n<p>\u201dHur kom det sig att ni hamnade just h\u00e4r\u201d?<br \/>\nJos\u00e9: \u201d Vi bodde i Fuengirola tidigare, d\u00e4r jag ocks\u00e5 hade min studio, men vi var f\u00f6r l\u00e5ngt fr\u00e5n naturen. Vi \u00e5kte runt och letade efter v\u00e5rt lilla paradis och s\u00e5 hittade vi den h\u00e4r tomten. Vi best\u00e4mde oss p\u00e5 direkten att detta var helt r\u00e4tt f\u00f6r oss. Jag \u00e4lskar v\u00e5r natur. Naturen \u00e4r en del av mitt m\u00e5leri. Jag m\u00e5lar modernt men med en stor respekt f\u00f6r tradition. Artificiellt \u00e4r n\u00e5got jag inte tycker om\u201d.<\/p>\n<p>\u201dS\u00e5 er fantastiska tr\u00e4dg\u00e5rd \u00e4r viktig f\u00f6r dig\u201d?<br \/>\nJos\u00e9:\u201d V\u00e4ldigt viktig. Jag tycker om estetiken i v\u00e5r natur. Och ovanp\u00e5 det s\u00e5 \u00e4lskar jag att g\u00e5 runt och p\u00e5ta i tr\u00e4dg\u00e5rden. I stort sett varje dag tar jag en paus fr\u00e5n m\u00e5leriet och g\u00e5r ut i tr\u00e4dg\u00e5rden. Det \u00e4r en sorts terapi och det ger mig lugn och inspiration p\u00e5 samma g\u00e5ng. V\u00e5ra v\u00e4xter \u00e4r livet\u201d.<br \/>\nJos\u00e9 forts\u00e4tter:\u201d Jag s\u00e5lde en stor tavla till Malagas Botaniska tr\u00e4dg\u00e5rd f\u00f6r sex \u00e5r sedan och f\u00f6r de pengarna k\u00f6pte jag alla de plantor du ser h\u00e4r idag. De var sm\u00e5 till att b\u00f6rja med men du ser ju nu hur de har v\u00e4xt. Det \u00e4r det jag menar med livet\u201d.<br \/>\nJos\u00e9 \u00e4r en filosofisk m\u00e4nniska. Han drar ofta liknelser till k\u00e4nslor och sensualitet. Som n\u00e4r vi b\u00f6rjar prata om deras hus.<\/p>\n<p>\u201d Vem \u00e4r det som har varit den drivande bakom bygget av ert hus\u201d?<br \/>\nAnette: \u201d Det \u00e4r helt och h\u00e5llet Jos\u00e9. Han har ritat och planerat medan jag har designat allt inne i huset. Vi har n\u00e4stan bara danska m\u00f6bler och lampor. Skandinavisk design \u00e4r n\u00e5got jag \u00e4r uppvuxen med. Min far \u00e4r arkitekt och det finns inte en enda m\u00f6bel hemma hos honom som inte \u00e4r skandinaviskt designad. Inte en enda!\u201d \u201dVad tycker d\u00e5 du Jos\u00e9 om den skandinaviska designen\u201d?<br \/>\nJos\u00e9: \u201dJag \u00e4lskar den. Designen \u00e4r tidsenlig och enkel samtidigt som den \u00e4r funktionell och praktisk. Det \u00e4r ingen l\u00e4tt kombination att \u00e5stadkomma, men det kan ni skandinaver\u201d.<br \/>\n\u201dTillbaks till huset. Vad \u00e4r det som har inspirerat dig f\u00f6r att bygga just i denna stil? Jag menar, vi \u00e4r ju i Spanien, du sj\u00e4lv kommer fr\u00e5n Cordoba. H\u00e4r \u00e4r de flesta hus byggda v\u00e4ldigt \u201dspanska\u201d om du f\u00f6rst\u00e5r vad jag menar\u201d.<br \/>\nJos\u00e9: \u201dJag f\u00f6rst\u00e5r precis vad du menar. V\u00e5ra grannar h\u00e4r, en \u00e4r dansk, en annan holl\u00e4ndare n\u00e5gra tyskar osv. de har fr\u00e5gat mig om just detta. Jag svarar d\u00e5 att JAG \u00e4r faktiskt spansk och JAG har faktiskt ritat detta hus. Detta \u00e4r allts\u00e5 ett spanskt hus om \u00e4n ett modernt s\u00e5dant! Jag ville ha ett hus som skulle kunna finnas precis var som helst i v\u00e4rlden och det kan detta\u201d.<\/p>\n<p>Anette: \u201dSk\u00e4let att vi k\u00f6pte just den h\u00e4r tomten var faktiskt fr\u00e5n b\u00f6rjan att vi skulle bygga en studio till Jos\u00e9. Inget mer. Men n\u00e4r studion var klar s\u00e5 sa vi att varf\u00f6r bygger vi inte ett litet hus till oss sj\u00e4lva ocks\u00e5? Och p\u00e5 den v\u00e4gen blev det. Vi har allts\u00e5 en studio med ett litet hus till\u201d.<br \/>\n\u201dDet \u00e4r v\u00e4ldigt stilrent och minimalistiskt. Det verkar uppdelat p\u00e5 n\u00e4stan ett matematiskt s\u00e4tt\u201d.<br \/>\nJos\u00e9: \u201d Du har s\u00e5 r\u00e4tt. T\u00e4nk siffran sex. Nu tar han fram papper och penna och b\u00f6rjar rita. Meter hit och vinklar dit. Terrassen bakom min studio \u00e4r sex meter bred. Min studio \u00e4r sex meter bred. Del lilla tr\u00e4dg\u00e5rden mellan studion och huset \u00e4r sex meter bred och givetvis s\u00e5 \u00e4r huset ocks\u00e5 sex meter brett\u201d.<\/p>\n<p>\u201d Jaha, kan det d\u00e5 vara s\u00e5 att allt \u00e4r tolv eller kanske arton meter l\u00e5ng d\u00e5 ocks\u00e5\u201d? Matematik har alltid varit min starka sida\u201d!<br \/>\nJos\u00e9: \u201dJajam\u00e4n. Allt utom huset \u00e4r exakt tolv meter. Exakt. Huset \u00e4r tyv\u00e4rr fjorton meter f\u00f6r vi var tvugna att ha ett k\u00f6k ocks\u00e5!\u201d S\u00e4ger han lite irriterat.<br \/>\n\u201dAj, Aj, Aj det var ju inte bra! Fjorton meter s\u00e5 kan man v\u00e4l inte g\u00f6ra?\u201d<br \/>\nAnette: \u201d Vad \u00e4r viktigast? Tolv meter med k\u00f6k eller fjorton meter utan\u201d?<\/p>\n<p>\u201dMen varf\u00f6r just sex meter\u201d?<br \/>\nAnette: \u201d Bj\u00e4lkarna var inte l\u00e4ngre, s\u00e5 enkelt var det\u201d! S\u00e4ger hon och skrattar.<br \/>\nJos\u00e9 s\u00e4ger lite generat: \u201dJo s\u00e5 var det kanske men jag t\u00e4nker s\u00e5 h\u00e4r. Om man l\u00e4gger sig ner med huvudet  i norr och f\u00f6tterna i s\u00f6der s\u00e5 representerar studion huvudet med alla tankar och ideer. Huset representerar kroppen med hj\u00e4rtat i centrum, det st\u00e5r f\u00f6r k\u00e4nslor och familjen. Och resten av kroppen representeras av tr\u00e4dg\u00e5rden vilket st\u00e5r f\u00f6r sensualliteten. Det \u00e4r s\u00e5 jag ser det hela\u201d.<br \/>\nAnette forts\u00e4tter: \u201dDessutom s\u00e5 ligger huset rakt s\u00f6derut och studion rakt norrut. Vi anv\u00e4nde oss av en kompass n\u00e4r vi byggde. S\u00f6der, norr, \u00f6ster, v\u00e4ster inget d\u00e4rimellan\u201d!<br \/>\nAnette tittar p\u00e5 sin Jos\u00e9 och ler. Han ler varmt tillbaka. \u201dJa s\u00e5 \u00e4r det. S\u00f6der, norr, \u00f6ster, v\u00e4ster. Varken mer eller mindre! Titta h\u00e4r\u201d! Och s\u00e5 kommer papper och penna fram igen. Det verkar vara viktigt att allt ligger precis d\u00e4r det ligger p\u00e5 n\u00e5got vis\u201d?<\/p>\n<p>Jos\u00e9: \u201dJa oerh\u00f6rt viktigt. Har du sett skuggorna? Har du sett var solen befinner sig nu? Vid den h\u00e4r tiden p\u00e5 dagen s\u00e5 skiner solens str\u00e5lar precis rakt in p\u00e5 v\u00e5r terrass. Och titta p\u00e5 skuggorna. Visst \u00e4r det vackert\u201d? Och javisst, papper och penna!<br \/>\nVi sitter p\u00e5 deras terrass som vetter mot havet och dricker ett glas vin. Jag h\u00f6jer blicken mot taket och ser att det \u00e4r inte vitm\u00e5lat som resten av huset. Det \u00e4r ist\u00e4llet bara en gr\u00e5, r\u00e5 betong. S\u00e5 jag fr\u00e5gar:<\/p>\n<p>\u201dVad kommer det sig att ni inte har m\u00e5lat taket? Det m\u00e5ste ju givetvis finnas ett sk\u00e4l till detta\u201d?<\/p>\n<p>Jos\u00e9:\u201d Sj\u00e4lvklart. Du vet hur stark solen blir h\u00e4r p\u00e5 sommrarna. Hade taket varit vitt s\u00e5 hade man bl\u00e4ndats. Det av samma sk\u00e4l som att vi inte har putsat huset innan vi m\u00e5lade det vitt. En helt sl\u00e4t vit yta reflekterar solljuset mycket kraftigare. P\u00e5 det h\u00e4r s\u00e4ttet blir allt liksom mjukare\u201d.<br \/>\nJa det har han alldeles r\u00e4tt i. N\u00e5got som jag aldrig har t\u00e4nkt p\u00e5 tidigare. Men som mamma sa, man skall f\u00f6rs\u00f6ka att l\u00e4ra sig n\u00e5got nytt varje dag! S\u00e5 det var dagens l\u00e4rdom.<br \/>\nJag tittar \u00e5terigen upp i taket och noterar sm\u00e5 inf\u00e4llda lampor. Jag blir givetvis nyfiken eftersom allt h\u00e4r verkar ha en mening s\u00e5 jag fr\u00e5gar:<\/p>\n<p>\u201dLamporna i taket vad har dom f\u00f6r funktion\u201d?<br \/>\nAnette: \u201d Ja dom, de har ett bl\u00e5aktigt ljus f\u00f6r att h\u00e5lla bort insekterna\u201d.<br \/>\n\u201dH\u00e5ller bl\u00e5tt ljus bort insekter, \u00e4ven myggor\u201d?<br \/>\nAnette: \u201dJajam\u00e4n, det funkar. Om du n\u00e5gonsin har varit i till exempel marockanska k\u00f6k s\u00e5 ser du att de alltid \u00e4r m\u00e5lade i bl\u00e5tt. Just av detta sk\u00e4l\u201d.<br \/>\nMyggor \u00e4r n\u00e5got som jag hatar medan myggorna \u00e5 andra sidan \u00e4lskar mig! Bl\u00e5 lampor t\u00e4nker jag. Jag m\u00e5ste genast k\u00f6pa mig bl\u00e5 lampor. \u00c5 du mamma, man kan faktiskt l\u00e4ra sig tv\u00e5 saker samma dag!<\/p>\n<p>Ja vackert \u00e4r det minnsann h\u00e4r. Allt \u00e4r noga genomt\u00e4nkt, utan att man liksom t\u00e4nker p\u00e5 det. Det k\u00e4nns bara helt r\u00e4tt p\u00e5 n\u00e5t vis. Man k\u00e4nner en total harmoni. Och harmoni \u00e4r enligt mig, det absolut b\u00e4sta resultat man kan \u00e5stadkomma. Det \u00e4r inte enkelt, men n\u00e4r den \u00e4r d\u00e4r, s\u00e5 \u00e4r den liksom bara just det, d\u00e4r. Anettes och Jos\u00e9s paradis h\u00e4r p\u00e5 jorden hade \u00e5 andra sidan inte varit den d\u00e4r fullst\u00e4ndiga harmonin utan just de tv\u00e5 d\u00e4r. Detta huset \u00e4r byggt med k\u00e4rlek och det k\u00e4nns lika mycket som k\u00e4rleken mellan detta underbara par.<\/p>\n<p>Saludos Amigos\/Amigas<br \/>\nVill ni veta mer om Jos\u00e9 Maria Cordoba s\u00e5 kan ni g\u00e5 in p\u00e5 www.jmcordoba.com<\/p>\n","protected":false},"excerpt":{"rendered":"<p>Danmark och Spanien i symbios. Jag var v\u00e4ldigt sp\u00e4nd och nyfiken n\u00e4r jag \u00e5kte hem till Anette Skou och hennes man Jos\u00e9 Maria Cordoba ute p\u00e5 campon i Valtocado. Jag hade bara sett deras hus p\u00e5 avst\u00e5nd tidigare och tyckte att det s\u00e5g v\u00e4ldigt annorlunda och intressant ut. Av Annika Jonsson Jag m\u00f6ts av en, [&hellip;]<\/p>\n","protected":false},"author":8,"featured_media":4260,"comment_status":"open","ping_status":"open","sticky":false,"template":"","format":"standard","meta":{"_et_pb_use_builder":"","_et_pb_old_content":"","_et_gb_content_width":"","footnotes":""},"categories":[4,37],"tags":[],"class_list":["post-4259","post","type-post","status-publish","format-standard","has-post-thumbnail","hentry","category-artiklar","category-hem-bostad"],"yoast_head":"<!-- This site is optimized with the Yoast SEO Premium plugin v26.2 (Yoast SEO v27.5) - https:\/\/yoast.com\/product\/yoast-seo-premium-wordpress\/ -->\n<title>Sex meter harmoni - Svenska Magasinet<\/title>\n<meta name=\"robots\" content=\"noindex, follow, max-snippet:-1, max-image-preview:large, max-video-preview:-1\" \/>\n<meta property=\"og:locale\" content=\"sv_SE\" \/>\n<meta property=\"og:type\" content=\"article\" \/>\n<meta property=\"og:title\" content=\"Sex meter harmoni\" \/>\n<meta property=\"og:description\" content=\"Danmark och Spanien i symbios. Jag var v\u00e4ldigt sp\u00e4nd och nyfiken n\u00e4r jag \u00e5kte hem till Anette Skou och hennes man Jos\u00e9 Maria Cordoba ute p\u00e5 campon i Valtocado. Jag hade bara sett deras hus p\u00e5 avst\u00e5nd tidigare och tyckte att det s\u00e5g v\u00e4ldigt annorlunda och intressant ut. Av Annika Jonsson Jag m\u00f6ts av en, [&hellip;]\" \/>\n<meta property=\"og:url\" content=\"https:\/\/lightweb.dev\/l\/svm-temp\/artiklar\/sex-meter-harmoni\/\" \/>\n<meta property=\"og:site_name\" content=\"Svenska Magasinet\" \/>\n<meta property=\"article:publisher\" content=\"https:\/\/www.facebook.com\/svenskamagasinet\" \/>\n<meta property=\"article:published_time\" content=\"2013-05-12T22:00:00+00:00\" \/>\n<meta property=\"og:image\" content=\"https:\/\/lightweb.dev\/l\/svm-temp\/wp-content\/uploads\/2022\/04\/sex-meter-harmoni.png\" \/>\n\t<meta property=\"og:image:width\" content=\"299\" \/>\n\t<meta property=\"og:image:height\" content=\"200\" \/>\n\t<meta property=\"og:image:type\" content=\"image\/png\" \/>\n<meta name=\"author\" content=\"Redaktionen SvM\" \/>\n<meta name=\"twitter:card\" content=\"summary_large_image\" \/>\n<meta name=\"twitter:creator\" content=\"@SvenskaMagasine\" \/>\n<meta name=\"twitter:site\" content=\"@SvenskaMagasine\" \/>\n<script type=\"application\/ld+json\" class=\"yoast-schema-graph\">{\"@context\":\"https:\\\/\\\/schema.org\",\"@graph\":[{\"@type\":\"Article\",\"@id\":\"https:\\\/\\\/lightweb.dev\\\/l\\\/svm-temp\\\/artiklar\\\/sex-meter-harmoni\\\/#article\",\"isPartOf\":{\"@id\":\"https:\\\/\\\/lightweb.dev\\\/l\\\/svm-temp\\\/artiklar\\\/sex-meter-harmoni\\\/\"},\"author\":{\"name\":\"Redaktionen SvM\",\"@id\":\"https:\\\/\\\/lightweb.dev\\\/l\\\/svm-temp\\\/#\\\/schema\\\/person\\\/206a3bda5b607b0c25e1749191e4d837\"},\"headline\":\"Sex meter harmoni\",\"datePublished\":\"2013-05-12T22:00:00+00:00\",\"mainEntityOfPage\":{\"@id\":\"https:\\\/\\\/lightweb.dev\\\/l\\\/svm-temp\\\/artiklar\\\/sex-meter-harmoni\\\/\"},\"wordCount\":1907,\"commentCount\":0,\"publisher\":{\"@id\":\"https:\\\/\\\/lightweb.dev\\\/l\\\/svm-temp\\\/#organization\"},\"image\":{\"@id\":\"https:\\\/\\\/lightweb.dev\\\/l\\\/svm-temp\\\/artiklar\\\/sex-meter-harmoni\\\/#primaryimage\"},\"thumbnailUrl\":\"https:\\\/\\\/lightweb.dev\\\/l\\\/svm-temp\\\/wp-content\\\/uploads\\\/2022\\\/04\\\/sex-meter-harmoni.png\",\"articleSection\":[\"Artiklar\",\"Hem &amp; bostad\"],\"inLanguage\":\"sv-SE\"},{\"@type\":\"WebPage\",\"@id\":\"https:\\\/\\\/lightweb.dev\\\/l\\\/svm-temp\\\/artiklar\\\/sex-meter-harmoni\\\/\",\"url\":\"https:\\\/\\\/lightweb.dev\\\/l\\\/svm-temp\\\/artiklar\\\/sex-meter-harmoni\\\/\",\"name\":\"Sex meter harmoni - Svenska Magasinet\",\"isPartOf\":{\"@id\":\"https:\\\/\\\/lightweb.dev\\\/l\\\/svm-temp\\\/#website\"},\"primaryImageOfPage\":{\"@id\":\"https:\\\/\\\/lightweb.dev\\\/l\\\/svm-temp\\\/artiklar\\\/sex-meter-harmoni\\\/#primaryimage\"},\"image\":{\"@id\":\"https:\\\/\\\/lightweb.dev\\\/l\\\/svm-temp\\\/artiklar\\\/sex-meter-harmoni\\\/#primaryimage\"},\"thumbnailUrl\":\"https:\\\/\\\/lightweb.dev\\\/l\\\/svm-temp\\\/wp-content\\\/uploads\\\/2022\\\/04\\\/sex-meter-harmoni.png\",\"datePublished\":\"2013-05-12T22:00:00+00:00\",\"breadcrumb\":{\"@id\":\"https:\\\/\\\/lightweb.dev\\\/l\\\/svm-temp\\\/artiklar\\\/sex-meter-harmoni\\\/#breadcrumb\"},\"inLanguage\":\"sv-SE\",\"potentialAction\":[{\"@type\":\"ReadAction\",\"target\":[\"https:\\\/\\\/lightweb.dev\\\/l\\\/svm-temp\\\/artiklar\\\/sex-meter-harmoni\\\/\"]}]},{\"@type\":\"ImageObject\",\"inLanguage\":\"sv-SE\",\"@id\":\"https:\\\/\\\/lightweb.dev\\\/l\\\/svm-temp\\\/artiklar\\\/sex-meter-harmoni\\\/#primaryimage\",\"url\":\"https:\\\/\\\/lightweb.dev\\\/l\\\/svm-temp\\\/wp-content\\\/uploads\\\/2022\\\/04\\\/sex-meter-harmoni.png\",\"contentUrl\":\"https:\\\/\\\/lightweb.dev\\\/l\\\/svm-temp\\\/wp-content\\\/uploads\\\/2022\\\/04\\\/sex-meter-harmoni.png\",\"width\":299,\"height\":200},{\"@type\":\"BreadcrumbList\",\"@id\":\"https:\\\/\\\/lightweb.dev\\\/l\\\/svm-temp\\\/artiklar\\\/sex-meter-harmoni\\\/#breadcrumb\",\"itemListElement\":[{\"@type\":\"ListItem\",\"position\":1,\"name\":\"Hem\",\"item\":\"https:\\\/\\\/lightweb.dev\\\/l\\\/svm-temp\\\/\"},{\"@type\":\"ListItem\",\"position\":2,\"name\":\"Sex meter harmoni\"}]},{\"@type\":\"WebSite\",\"@id\":\"https:\\\/\\\/lightweb.dev\\\/l\\\/svm-temp\\\/#website\",\"url\":\"https:\\\/\\\/lightweb.dev\\\/l\\\/svm-temp\\\/\",\"name\":\"Svenska Magasinet\",\"description\":\"Dina Spanska nyheter p&aring; Svenska\",\"publisher\":{\"@id\":\"https:\\\/\\\/lightweb.dev\\\/l\\\/svm-temp\\\/#organization\"},\"potentialAction\":[{\"@type\":\"SearchAction\",\"target\":{\"@type\":\"EntryPoint\",\"urlTemplate\":\"https:\\\/\\\/lightweb.dev\\\/l\\\/svm-temp\\\/?s={search_term_string}\"},\"query-input\":{\"@type\":\"PropertyValueSpecification\",\"valueRequired\":true,\"valueName\":\"search_term_string\"}}],\"inLanguage\":\"sv-SE\"},{\"@type\":\"Organization\",\"@id\":\"https:\\\/\\\/lightweb.dev\\\/l\\\/svm-temp\\\/#organization\",\"name\":\"Melkerson y Nott SL\",\"alternateName\":\"Svenska Magasinet\",\"url\":\"https:\\\/\\\/lightweb.dev\\\/l\\\/svm-temp\\\/\",\"logo\":{\"@type\":\"ImageObject\",\"inLanguage\":\"sv-SE\",\"@id\":\"https:\\\/\\\/lightweb.dev\\\/l\\\/svm-temp\\\/#\\\/schema\\\/logo\\\/image\\\/\",\"url\":\"https:\\\/\\\/lightweb.dev\\\/l\\\/svm-temp\\\/wp-content\\\/uploads\\\/2025\\\/02\\\/SvM-logo-Xtra-Centrerad-SVART.png\",\"contentUrl\":\"https:\\\/\\\/lightweb.dev\\\/l\\\/svm-temp\\\/wp-content\\\/uploads\\\/2025\\\/02\\\/SvM-logo-Xtra-Centrerad-SVART.png\",\"width\":300,\"height\":99,\"caption\":\"Melkerson y Nott SL\"},\"image\":{\"@id\":\"https:\\\/\\\/lightweb.dev\\\/l\\\/svm-temp\\\/#\\\/schema\\\/logo\\\/image\\\/\"},\"sameAs\":[\"https:\\\/\\\/www.facebook.com\\\/svenskamagasinet\",\"https:\\\/\\\/x.com\\\/SvenskaMagasine\"]},{\"@type\":\"Person\",\"@id\":\"https:\\\/\\\/lightweb.dev\\\/l\\\/svm-temp\\\/#\\\/schema\\\/person\\\/206a3bda5b607b0c25e1749191e4d837\",\"name\":\"Redaktionen SvM\",\"description\":\"Redaktionen\",\"sameAs\":[\"https:\\\/\\\/lightweb.dev\\\/l\\\/svm-temp\"],\"url\":\"https:\\\/\\\/lightweb.dev\\\/l\\\/svm-temp\\\/reporter\\\/redaktionen\\\/\"}]}<\/script>\n<!-- \/ Yoast SEO Premium plugin. -->","yoast_head_json":{"title":"Sex meter harmoni - Svenska Magasinet","robots":{"index":"noindex","follow":"follow","max-snippet":"max-snippet:-1","max-image-preview":"max-image-preview:large","max-video-preview":"max-video-preview:-1"},"og_locale":"sv_SE","og_type":"article","og_title":"Sex meter harmoni","og_description":"Danmark och Spanien i symbios. Jag var v\u00e4ldigt sp\u00e4nd och nyfiken n\u00e4r jag \u00e5kte hem till Anette Skou och hennes man Jos\u00e9 Maria Cordoba ute p\u00e5 campon i Valtocado. Jag hade bara sett deras hus p\u00e5 avst\u00e5nd tidigare och tyckte att det s\u00e5g v\u00e4ldigt annorlunda och intressant ut. Av Annika Jonsson Jag m\u00f6ts av en, [&hellip;]","og_url":"https:\/\/lightweb.dev\/l\/svm-temp\/artiklar\/sex-meter-harmoni\/","og_site_name":"Svenska Magasinet","article_publisher":"https:\/\/www.facebook.com\/svenskamagasinet","article_published_time":"2013-05-12T22:00:00+00:00","og_image":[{"width":299,"height":200,"url":"https:\/\/lightweb.dev\/l\/svm-temp\/wp-content\/uploads\/2022\/04\/sex-meter-harmoni.png","type":"image\/png"}],"author":"Redaktionen SvM","twitter_card":"summary_large_image","twitter_creator":"@SvenskaMagasine","twitter_site":"@SvenskaMagasine","schema":{"@context":"https:\/\/schema.org","@graph":[{"@type":"Article","@id":"https:\/\/lightweb.dev\/l\/svm-temp\/artiklar\/sex-meter-harmoni\/#article","isPartOf":{"@id":"https:\/\/lightweb.dev\/l\/svm-temp\/artiklar\/sex-meter-harmoni\/"},"author":{"name":"Redaktionen SvM","@id":"https:\/\/lightweb.dev\/l\/svm-temp\/#\/schema\/person\/206a3bda5b607b0c25e1749191e4d837"},"headline":"Sex meter harmoni","datePublished":"2013-05-12T22:00:00+00:00","mainEntityOfPage":{"@id":"https:\/\/lightweb.dev\/l\/svm-temp\/artiklar\/sex-meter-harmoni\/"},"wordCount":1907,"commentCount":0,"publisher":{"@id":"https:\/\/lightweb.dev\/l\/svm-temp\/#organization"},"image":{"@id":"https:\/\/lightweb.dev\/l\/svm-temp\/artiklar\/sex-meter-harmoni\/#primaryimage"},"thumbnailUrl":"https:\/\/lightweb.dev\/l\/svm-temp\/wp-content\/uploads\/2022\/04\/sex-meter-harmoni.png","articleSection":["Artiklar","Hem &amp; bostad"],"inLanguage":"sv-SE"},{"@type":"WebPage","@id":"https:\/\/lightweb.dev\/l\/svm-temp\/artiklar\/sex-meter-harmoni\/","url":"https:\/\/lightweb.dev\/l\/svm-temp\/artiklar\/sex-meter-harmoni\/","name":"Sex meter harmoni - Svenska Magasinet","isPartOf":{"@id":"https:\/\/lightweb.dev\/l\/svm-temp\/#website"},"primaryImageOfPage":{"@id":"https:\/\/lightweb.dev\/l\/svm-temp\/artiklar\/sex-meter-harmoni\/#primaryimage"},"image":{"@id":"https:\/\/lightweb.dev\/l\/svm-temp\/artiklar\/sex-meter-harmoni\/#primaryimage"},"thumbnailUrl":"https:\/\/lightweb.dev\/l\/svm-temp\/wp-content\/uploads\/2022\/04\/sex-meter-harmoni.png","datePublished":"2013-05-12T22:00:00+00:00","breadcrumb":{"@id":"https:\/\/lightweb.dev\/l\/svm-temp\/artiklar\/sex-meter-harmoni\/#breadcrumb"},"inLanguage":"sv-SE","potentialAction":[{"@type":"ReadAction","target":["https:\/\/lightweb.dev\/l\/svm-temp\/artiklar\/sex-meter-harmoni\/"]}]},{"@type":"ImageObject","inLanguage":"sv-SE","@id":"https:\/\/lightweb.dev\/l\/svm-temp\/artiklar\/sex-meter-harmoni\/#primaryimage","url":"https:\/\/lightweb.dev\/l\/svm-temp\/wp-content\/uploads\/2022\/04\/sex-meter-harmoni.png","contentUrl":"https:\/\/lightweb.dev\/l\/svm-temp\/wp-content\/uploads\/2022\/04\/sex-meter-harmoni.png","width":299,"height":200},{"@type":"BreadcrumbList","@id":"https:\/\/lightweb.dev\/l\/svm-temp\/artiklar\/sex-meter-harmoni\/#breadcrumb","itemListElement":[{"@type":"ListItem","position":1,"name":"Hem","item":"https:\/\/lightweb.dev\/l\/svm-temp\/"},{"@type":"ListItem","position":2,"name":"Sex meter harmoni"}]},{"@type":"WebSite","@id":"https:\/\/lightweb.dev\/l\/svm-temp\/#website","url":"https:\/\/lightweb.dev\/l\/svm-temp\/","name":"Svenska Magasinet","description":"Dina Spanska nyheter p&aring; Svenska","publisher":{"@id":"https:\/\/lightweb.dev\/l\/svm-temp\/#organization"},"potentialAction":[{"@type":"SearchAction","target":{"@type":"EntryPoint","urlTemplate":"https:\/\/lightweb.dev\/l\/svm-temp\/?s={search_term_string}"},"query-input":{"@type":"PropertyValueSpecification","valueRequired":true,"valueName":"search_term_string"}}],"inLanguage":"sv-SE"},{"@type":"Organization","@id":"https:\/\/lightweb.dev\/l\/svm-temp\/#organization","name":"Melkerson y Nott SL","alternateName":"Svenska Magasinet","url":"https:\/\/lightweb.dev\/l\/svm-temp\/","logo":{"@type":"ImageObject","inLanguage":"sv-SE","@id":"https:\/\/lightweb.dev\/l\/svm-temp\/#\/schema\/logo\/image\/","url":"https:\/\/lightweb.dev\/l\/svm-temp\/wp-content\/uploads\/2025\/02\/SvM-logo-Xtra-Centrerad-SVART.png","contentUrl":"https:\/\/lightweb.dev\/l\/svm-temp\/wp-content\/uploads\/2025\/02\/SvM-logo-Xtra-Centrerad-SVART.png","width":300,"height":99,"caption":"Melkerson y Nott SL"},"image":{"@id":"https:\/\/lightweb.dev\/l\/svm-temp\/#\/schema\/logo\/image\/"},"sameAs":["https:\/\/www.facebook.com\/svenskamagasinet","https:\/\/x.com\/SvenskaMagasine"]},{"@type":"Person","@id":"https:\/\/lightweb.dev\/l\/svm-temp\/#\/schema\/person\/206a3bda5b607b0c25e1749191e4d837","name":"Redaktionen SvM","description":"Redaktionen","sameAs":["https:\/\/lightweb.dev\/l\/svm-temp"],"url":"https:\/\/lightweb.dev\/l\/svm-temp\/reporter\/redaktionen\/"}]}},"_links":{"self":[{"href":"https:\/\/lightweb.dev\/l\/svm-temp\/wp-json\/wp\/v2\/posts\/4259","targetHints":{"allow":["GET"]}}],"collection":[{"href":"https:\/\/lightweb.dev\/l\/svm-temp\/wp-json\/wp\/v2\/posts"}],"about":[{"href":"https:\/\/lightweb.dev\/l\/svm-temp\/wp-json\/wp\/v2\/types\/post"}],"author":[{"embeddable":true,"href":"https:\/\/lightweb.dev\/l\/svm-temp\/wp-json\/wp\/v2\/users\/8"}],"replies":[{"embeddable":true,"href":"https:\/\/lightweb.dev\/l\/svm-temp\/wp-json\/wp\/v2\/comments?post=4259"}],"version-history":[{"count":0,"href":"https:\/\/lightweb.dev\/l\/svm-temp\/wp-json\/wp\/v2\/posts\/4259\/revisions"}],"wp:featuredmedia":[{"embeddable":true,"href":"https:\/\/lightweb.dev\/l\/svm-temp\/wp-json\/wp\/v2\/media\/4260"}],"wp:attachment":[{"href":"https:\/\/lightweb.dev\/l\/svm-temp\/wp-json\/wp\/v2\/media?parent=4259"}],"wp:term":[{"taxonomy":"category","embeddable":true,"href":"https:\/\/lightweb.dev\/l\/svm-temp\/wp-json\/wp\/v2\/categories?post=4259"},{"taxonomy":"post_tag","embeddable":true,"href":"https:\/\/lightweb.dev\/l\/svm-temp\/wp-json\/wp\/v2\/tags?post=4259"}],"curies":[{"name":"wp","href":"https:\/\/api.w.org\/{rel}","templated":true}]}}