{"id":4267,"date":"2013-05-13T00:00:00","date_gmt":"2013-05-12T22:00:00","guid":{"rendered":"https:\/\/lightweb.dev\/l\/svm-temp\/missa-inte-ruderatmarkerna\/"},"modified":"2013-05-13T00:00:00","modified_gmt":"2013-05-12T22:00:00","slug":"missa-inte-ruderatmarkerna","status":"publish","type":"post","link":"https:\/\/lightweb.dev\/l\/svm-temp\/artiklar\/missa-inte-ruderatmarkerna\/","title":{"rendered":"Missa inte ruderatmarkerna"},"content":{"rendered":"<p> Var lugna. Ruderatmarkerna \u00e4r bara ett finare namn p\u00e5 skr\u00e4pmarker: v\u00e4gkanter, soph\u00f6gar, dikesrenar, men d\u00e4r finns ofta intressanta v\u00e4xter som m\u00e5nadens flora kan ber\u00e4tta. I \u00e5r \u00e4r blomprakten ofta otrolig efter de myckna regnen. Av Lennart Ekman<br \/>\ne-post: lennartekman@hotmail.com<\/p>\n<p>VILDMOROT, Daucus carota, pryds av en av de st\u00f6rsta blommorna i Andalusiens flora. Den kan bli ett par decimeter bred och \u00e4r full av vita sm\u00e5blommor med en ensam lila blomma i mitten. Roten \u00e4r gr\u00e5vit och illaluktande och det var inte f\u00f6rr\u00e4n p\u00e5 1500-talet som v\u00e5r v\u00e4lsmakande morot med tillnamnet sativus kom till genom mutation i Frankrike. Lustigt nog blev det popul\u00e4rt att \u00e4ta morot genom La Fontaines fabler. Ett uttryck som bidrog var \u201dma petite carotte\u201d, min lilla morot, om k\u00e4restan. Tidigare anv\u00e4ndes vildmorot som djurfoder men ocks\u00e5 som medel mot gikt och pressad som olja som medel mot rynkor. P\u00e5 spanska heter morot zanahoria.<\/p>\n<p>JORDR\u00d6K, Fumaria muralis, har f\u00e5tt sitt namn bl a av att blommorna stiger upp som en r\u00f6k ut marken men ocks\u00e5 av att saften av blommorna retar till t\u00e5rar liksom r\u00f6k. Man har kallat v\u00e4xten \u00e4nkors t\u00e5rar eftersom den uts\u00f6ndrar ett \u00e4mne som retar till t\u00e5rar. Man syftade p\u00e5 att den efterl\u00e4mnade inte alltid kunde gr\u00e5ta naturligt utan satte jordr\u00f6k i handbuketten.<br \/>\nAraberna ans\u00e5g att jordr\u00f6k kunde anv\u00e4ndas allm\u00e4nt renande f\u00f6r kroppen och senare har v\u00e4xten anv\u00e4nts i folkmedicin mot migr\u00e4n, eksem, mj\u00e4ll, h\u00e5ravfall och melankoli. Roten f\u00e4rgar i varje fall bl\u00e4ck. MARIATISTEL, Silybum marianum, \u00e4r ocks\u00e5 en nyttig v\u00e4xt. Just namnet mariatistel kommer av att bladen liksom fl\u00e4ckats av Marias modersmj\u00f6lk. Man odlade tidigare v\u00e4xten och anv\u00e4nde den som gr\u00f6nsak, de sp\u00e4da bladen som spenat och blombasen som kron\u00e4rtskocka.<br \/>\nIntressant \u00e4r att mariatisteln inneh\u00e5ller silymarin som skyddar levern och bl a \u00e4r verksamt mot f\u00f6rgiftning av l\u00f6msk flugsvamp.<\/p>\n<p>TR\u00c4DMALVA, Lavatera arborea, \u00e4r en av m\u00e5nga malvaarter som pryder ruderatmarkerna. P\u00e5 romartiden ans\u00e5gs malva vara en omnimorbia, en v\u00e4xt som botade allt. Karl den store, som var m\u00e5n om sina landsm\u00e4n, best\u00e4mde bl a att malva skulle odlas i alla kungliga tr\u00e4dg\u00e5rdar.<br \/>\nDet g\u00e5r bra att anv\u00e4nda sp\u00e4da malvablad i sallader liksom de sm\u00e5 ostliknade fr\u00f6kapslarna eller varf\u00f6r inte pr\u00f6va malvaavkok mot tandv\u00e4rk.<br \/>\nDet \u00e4r de schweiziska br\u00f6derna Lavater, verksamma p\u00e5 1600-talet, som hedrats med det latinska namnet.<\/p>\n<p>Allts\u00e5, h\u00e5ll \u00f6gonen \u00f6ppna f\u00f6r vad ruderatmarkerna har att erbjuda.<\/p>\n","protected":false},"excerpt":{"rendered":"<p>Var lugna. Ruderatmarkerna \u00e4r bara ett finare namn p\u00e5 skr\u00e4pmarker: v\u00e4gkanter, soph\u00f6gar, dikesrenar, men d\u00e4r finns ofta intressanta v\u00e4xter som m\u00e5nadens flora kan ber\u00e4tta. I \u00e5r \u00e4r blomprakten ofta otrolig efter de myckna regnen. Av Lennart Ekman e-post: lennartekman@hotmail.com VILDMOROT, Daucus carota, pryds av en av de st\u00f6rsta blommorna i Andalusiens flora. Den kan bli [&hellip;]<\/p>\n","protected":false},"author":8,"featured_media":4268,"comment_status":"open","ping_status":"open","sticky":false,"template":"","format":"standard","meta":{"_et_pb_use_builder":"","_et_pb_old_content":"","_et_gb_content_width":"","footnotes":""},"categories":[4,37],"tags":[],"class_list":["post-4267","post","type-post","status-publish","format-standard","has-post-thumbnail","hentry","category-artiklar","category-hem-bostad"],"yoast_head":"<!-- This site is optimized with the Yoast SEO Premium plugin v26.2 (Yoast SEO v27.5) - https:\/\/yoast.com\/product\/yoast-seo-premium-wordpress\/ -->\n<title>Missa inte ruderatmarkerna - Svenska Magasinet<\/title>\n<meta name=\"robots\" content=\"noindex, follow, max-snippet:-1, max-image-preview:large, max-video-preview:-1\" \/>\n<meta property=\"og:locale\" content=\"sv_SE\" \/>\n<meta property=\"og:type\" content=\"article\" \/>\n<meta property=\"og:title\" content=\"Missa inte ruderatmarkerna\" \/>\n<meta property=\"og:description\" content=\"Var lugna. Ruderatmarkerna \u00e4r bara ett finare namn p\u00e5 skr\u00e4pmarker: v\u00e4gkanter, soph\u00f6gar, dikesrenar, men d\u00e4r finns ofta intressanta v\u00e4xter som m\u00e5nadens flora kan ber\u00e4tta. I \u00e5r \u00e4r blomprakten ofta otrolig efter de myckna regnen. Av Lennart Ekman e-post: lennartekman@hotmail.com VILDMOROT, Daucus carota, pryds av en av de st\u00f6rsta blommorna i Andalusiens flora. Den kan bli [&hellip;]\" \/>\n<meta property=\"og:url\" content=\"https:\/\/lightweb.dev\/l\/svm-temp\/artiklar\/missa-inte-ruderatmarkerna\/\" \/>\n<meta property=\"og:site_name\" content=\"Svenska Magasinet\" \/>\n<meta property=\"article:publisher\" content=\"https:\/\/www.facebook.com\/svenskamagasinet\" \/>\n<meta property=\"article:published_time\" content=\"2013-05-12T22:00:00+00:00\" \/>\n<meta property=\"og:image\" content=\"https:\/\/lightweb.dev\/l\/svm-temp\/wp-content\/uploads\/2022\/04\/missa-inte-ruderatmarkerna.png\" \/>\n\t<meta property=\"og:image:width\" content=\"280\" \/>\n\t<meta property=\"og:image:height\" content=\"420\" \/>\n\t<meta property=\"og:image:type\" content=\"image\/png\" \/>\n<meta name=\"author\" content=\"Redaktionen SvM\" \/>\n<meta name=\"twitter:card\" content=\"summary_large_image\" \/>\n<meta name=\"twitter:creator\" content=\"@SvenskaMagasine\" \/>\n<meta name=\"twitter:site\" content=\"@SvenskaMagasine\" \/>\n<script type=\"application\/ld+json\" class=\"yoast-schema-graph\">{\"@context\":\"https:\\\/\\\/schema.org\",\"@graph\":[{\"@type\":\"Article\",\"@id\":\"https:\\\/\\\/lightweb.dev\\\/l\\\/svm-temp\\\/artiklar\\\/missa-inte-ruderatmarkerna\\\/#article\",\"isPartOf\":{\"@id\":\"https:\\\/\\\/lightweb.dev\\\/l\\\/svm-temp\\\/artiklar\\\/missa-inte-ruderatmarkerna\\\/\"},\"author\":{\"name\":\"Redaktionen SvM\",\"@id\":\"https:\\\/\\\/lightweb.dev\\\/l\\\/svm-temp\\\/#\\\/schema\\\/person\\\/206a3bda5b607b0c25e1749191e4d837\"},\"headline\":\"Missa inte ruderatmarkerna\",\"datePublished\":\"2013-05-12T22:00:00+00:00\",\"mainEntityOfPage\":{\"@id\":\"https:\\\/\\\/lightweb.dev\\\/l\\\/svm-temp\\\/artiklar\\\/missa-inte-ruderatmarkerna\\\/\"},\"wordCount\":460,\"commentCount\":0,\"publisher\":{\"@id\":\"https:\\\/\\\/lightweb.dev\\\/l\\\/svm-temp\\\/#organization\"},\"image\":{\"@id\":\"https:\\\/\\\/lightweb.dev\\\/l\\\/svm-temp\\\/artiklar\\\/missa-inte-ruderatmarkerna\\\/#primaryimage\"},\"thumbnailUrl\":\"https:\\\/\\\/lightweb.dev\\\/l\\\/svm-temp\\\/wp-content\\\/uploads\\\/2022\\\/04\\\/missa-inte-ruderatmarkerna.png\",\"articleSection\":[\"Artiklar\",\"Hem &amp; bostad\"],\"inLanguage\":\"sv-SE\"},{\"@type\":\"WebPage\",\"@id\":\"https:\\\/\\\/lightweb.dev\\\/l\\\/svm-temp\\\/artiklar\\\/missa-inte-ruderatmarkerna\\\/\",\"url\":\"https:\\\/\\\/lightweb.dev\\\/l\\\/svm-temp\\\/artiklar\\\/missa-inte-ruderatmarkerna\\\/\",\"name\":\"Missa inte ruderatmarkerna - Svenska Magasinet\",\"isPartOf\":{\"@id\":\"https:\\\/\\\/lightweb.dev\\\/l\\\/svm-temp\\\/#website\"},\"primaryImageOfPage\":{\"@id\":\"https:\\\/\\\/lightweb.dev\\\/l\\\/svm-temp\\\/artiklar\\\/missa-inte-ruderatmarkerna\\\/#primaryimage\"},\"image\":{\"@id\":\"https:\\\/\\\/lightweb.dev\\\/l\\\/svm-temp\\\/artiklar\\\/missa-inte-ruderatmarkerna\\\/#primaryimage\"},\"thumbnailUrl\":\"https:\\\/\\\/lightweb.dev\\\/l\\\/svm-temp\\\/wp-content\\\/uploads\\\/2022\\\/04\\\/missa-inte-ruderatmarkerna.png\",\"datePublished\":\"2013-05-12T22:00:00+00:00\",\"breadcrumb\":{\"@id\":\"https:\\\/\\\/lightweb.dev\\\/l\\\/svm-temp\\\/artiklar\\\/missa-inte-ruderatmarkerna\\\/#breadcrumb\"},\"inLanguage\":\"sv-SE\",\"potentialAction\":[{\"@type\":\"ReadAction\",\"target\":[\"https:\\\/\\\/lightweb.dev\\\/l\\\/svm-temp\\\/artiklar\\\/missa-inte-ruderatmarkerna\\\/\"]}]},{\"@type\":\"ImageObject\",\"inLanguage\":\"sv-SE\",\"@id\":\"https:\\\/\\\/lightweb.dev\\\/l\\\/svm-temp\\\/artiklar\\\/missa-inte-ruderatmarkerna\\\/#primaryimage\",\"url\":\"https:\\\/\\\/lightweb.dev\\\/l\\\/svm-temp\\\/wp-content\\\/uploads\\\/2022\\\/04\\\/missa-inte-ruderatmarkerna.png\",\"contentUrl\":\"https:\\\/\\\/lightweb.dev\\\/l\\\/svm-temp\\\/wp-content\\\/uploads\\\/2022\\\/04\\\/missa-inte-ruderatmarkerna.png\",\"width\":280,\"height\":420},{\"@type\":\"BreadcrumbList\",\"@id\":\"https:\\\/\\\/lightweb.dev\\\/l\\\/svm-temp\\\/artiklar\\\/missa-inte-ruderatmarkerna\\\/#breadcrumb\",\"itemListElement\":[{\"@type\":\"ListItem\",\"position\":1,\"name\":\"Hem\",\"item\":\"https:\\\/\\\/lightweb.dev\\\/l\\\/svm-temp\\\/\"},{\"@type\":\"ListItem\",\"position\":2,\"name\":\"Missa inte ruderatmarkerna\"}]},{\"@type\":\"WebSite\",\"@id\":\"https:\\\/\\\/lightweb.dev\\\/l\\\/svm-temp\\\/#website\",\"url\":\"https:\\\/\\\/lightweb.dev\\\/l\\\/svm-temp\\\/\",\"name\":\"Svenska Magasinet\",\"description\":\"Dina Spanska nyheter p&aring; Svenska\",\"publisher\":{\"@id\":\"https:\\\/\\\/lightweb.dev\\\/l\\\/svm-temp\\\/#organization\"},\"potentialAction\":[{\"@type\":\"SearchAction\",\"target\":{\"@type\":\"EntryPoint\",\"urlTemplate\":\"https:\\\/\\\/lightweb.dev\\\/l\\\/svm-temp\\\/?s={search_term_string}\"},\"query-input\":{\"@type\":\"PropertyValueSpecification\",\"valueRequired\":true,\"valueName\":\"search_term_string\"}}],\"inLanguage\":\"sv-SE\"},{\"@type\":\"Organization\",\"@id\":\"https:\\\/\\\/lightweb.dev\\\/l\\\/svm-temp\\\/#organization\",\"name\":\"Melkerson y Nott SL\",\"alternateName\":\"Svenska Magasinet\",\"url\":\"https:\\\/\\\/lightweb.dev\\\/l\\\/svm-temp\\\/\",\"logo\":{\"@type\":\"ImageObject\",\"inLanguage\":\"sv-SE\",\"@id\":\"https:\\\/\\\/lightweb.dev\\\/l\\\/svm-temp\\\/#\\\/schema\\\/logo\\\/image\\\/\",\"url\":\"https:\\\/\\\/lightweb.dev\\\/l\\\/svm-temp\\\/wp-content\\\/uploads\\\/2025\\\/02\\\/SvM-logo-Xtra-Centrerad-SVART.png\",\"contentUrl\":\"https:\\\/\\\/lightweb.dev\\\/l\\\/svm-temp\\\/wp-content\\\/uploads\\\/2025\\\/02\\\/SvM-logo-Xtra-Centrerad-SVART.png\",\"width\":300,\"height\":99,\"caption\":\"Melkerson y Nott SL\"},\"image\":{\"@id\":\"https:\\\/\\\/lightweb.dev\\\/l\\\/svm-temp\\\/#\\\/schema\\\/logo\\\/image\\\/\"},\"sameAs\":[\"https:\\\/\\\/www.facebook.com\\\/svenskamagasinet\",\"https:\\\/\\\/x.com\\\/SvenskaMagasine\"]},{\"@type\":\"Person\",\"@id\":\"https:\\\/\\\/lightweb.dev\\\/l\\\/svm-temp\\\/#\\\/schema\\\/person\\\/206a3bda5b607b0c25e1749191e4d837\",\"name\":\"Redaktionen SvM\",\"description\":\"Redaktionen\",\"sameAs\":[\"https:\\\/\\\/lightweb.dev\\\/l\\\/svm-temp\"],\"url\":\"https:\\\/\\\/lightweb.dev\\\/l\\\/svm-temp\\\/reporter\\\/redaktionen\\\/\"}]}<\/script>\n<!-- \/ Yoast SEO Premium plugin. -->","yoast_head_json":{"title":"Missa inte ruderatmarkerna - Svenska Magasinet","robots":{"index":"noindex","follow":"follow","max-snippet":"max-snippet:-1","max-image-preview":"max-image-preview:large","max-video-preview":"max-video-preview:-1"},"og_locale":"sv_SE","og_type":"article","og_title":"Missa inte ruderatmarkerna","og_description":"Var lugna. Ruderatmarkerna \u00e4r bara ett finare namn p\u00e5 skr\u00e4pmarker: v\u00e4gkanter, soph\u00f6gar, dikesrenar, men d\u00e4r finns ofta intressanta v\u00e4xter som m\u00e5nadens flora kan ber\u00e4tta. I \u00e5r \u00e4r blomprakten ofta otrolig efter de myckna regnen. Av Lennart Ekman e-post: lennartekman@hotmail.com VILDMOROT, Daucus carota, pryds av en av de st\u00f6rsta blommorna i Andalusiens flora. Den kan bli [&hellip;]","og_url":"https:\/\/lightweb.dev\/l\/svm-temp\/artiklar\/missa-inte-ruderatmarkerna\/","og_site_name":"Svenska Magasinet","article_publisher":"https:\/\/www.facebook.com\/svenskamagasinet","article_published_time":"2013-05-12T22:00:00+00:00","og_image":[{"width":280,"height":420,"url":"https:\/\/lightweb.dev\/l\/svm-temp\/wp-content\/uploads\/2022\/04\/missa-inte-ruderatmarkerna.png","type":"image\/png"}],"author":"Redaktionen SvM","twitter_card":"summary_large_image","twitter_creator":"@SvenskaMagasine","twitter_site":"@SvenskaMagasine","schema":{"@context":"https:\/\/schema.org","@graph":[{"@type":"Article","@id":"https:\/\/lightweb.dev\/l\/svm-temp\/artiklar\/missa-inte-ruderatmarkerna\/#article","isPartOf":{"@id":"https:\/\/lightweb.dev\/l\/svm-temp\/artiklar\/missa-inte-ruderatmarkerna\/"},"author":{"name":"Redaktionen SvM","@id":"https:\/\/lightweb.dev\/l\/svm-temp\/#\/schema\/person\/206a3bda5b607b0c25e1749191e4d837"},"headline":"Missa inte ruderatmarkerna","datePublished":"2013-05-12T22:00:00+00:00","mainEntityOfPage":{"@id":"https:\/\/lightweb.dev\/l\/svm-temp\/artiklar\/missa-inte-ruderatmarkerna\/"},"wordCount":460,"commentCount":0,"publisher":{"@id":"https:\/\/lightweb.dev\/l\/svm-temp\/#organization"},"image":{"@id":"https:\/\/lightweb.dev\/l\/svm-temp\/artiklar\/missa-inte-ruderatmarkerna\/#primaryimage"},"thumbnailUrl":"https:\/\/lightweb.dev\/l\/svm-temp\/wp-content\/uploads\/2022\/04\/missa-inte-ruderatmarkerna.png","articleSection":["Artiklar","Hem &amp; bostad"],"inLanguage":"sv-SE"},{"@type":"WebPage","@id":"https:\/\/lightweb.dev\/l\/svm-temp\/artiklar\/missa-inte-ruderatmarkerna\/","url":"https:\/\/lightweb.dev\/l\/svm-temp\/artiklar\/missa-inte-ruderatmarkerna\/","name":"Missa inte ruderatmarkerna - Svenska Magasinet","isPartOf":{"@id":"https:\/\/lightweb.dev\/l\/svm-temp\/#website"},"primaryImageOfPage":{"@id":"https:\/\/lightweb.dev\/l\/svm-temp\/artiklar\/missa-inte-ruderatmarkerna\/#primaryimage"},"image":{"@id":"https:\/\/lightweb.dev\/l\/svm-temp\/artiklar\/missa-inte-ruderatmarkerna\/#primaryimage"},"thumbnailUrl":"https:\/\/lightweb.dev\/l\/svm-temp\/wp-content\/uploads\/2022\/04\/missa-inte-ruderatmarkerna.png","datePublished":"2013-05-12T22:00:00+00:00","breadcrumb":{"@id":"https:\/\/lightweb.dev\/l\/svm-temp\/artiklar\/missa-inte-ruderatmarkerna\/#breadcrumb"},"inLanguage":"sv-SE","potentialAction":[{"@type":"ReadAction","target":["https:\/\/lightweb.dev\/l\/svm-temp\/artiklar\/missa-inte-ruderatmarkerna\/"]}]},{"@type":"ImageObject","inLanguage":"sv-SE","@id":"https:\/\/lightweb.dev\/l\/svm-temp\/artiklar\/missa-inte-ruderatmarkerna\/#primaryimage","url":"https:\/\/lightweb.dev\/l\/svm-temp\/wp-content\/uploads\/2022\/04\/missa-inte-ruderatmarkerna.png","contentUrl":"https:\/\/lightweb.dev\/l\/svm-temp\/wp-content\/uploads\/2022\/04\/missa-inte-ruderatmarkerna.png","width":280,"height":420},{"@type":"BreadcrumbList","@id":"https:\/\/lightweb.dev\/l\/svm-temp\/artiklar\/missa-inte-ruderatmarkerna\/#breadcrumb","itemListElement":[{"@type":"ListItem","position":1,"name":"Hem","item":"https:\/\/lightweb.dev\/l\/svm-temp\/"},{"@type":"ListItem","position":2,"name":"Missa inte ruderatmarkerna"}]},{"@type":"WebSite","@id":"https:\/\/lightweb.dev\/l\/svm-temp\/#website","url":"https:\/\/lightweb.dev\/l\/svm-temp\/","name":"Svenska Magasinet","description":"Dina Spanska nyheter p&aring; Svenska","publisher":{"@id":"https:\/\/lightweb.dev\/l\/svm-temp\/#organization"},"potentialAction":[{"@type":"SearchAction","target":{"@type":"EntryPoint","urlTemplate":"https:\/\/lightweb.dev\/l\/svm-temp\/?s={search_term_string}"},"query-input":{"@type":"PropertyValueSpecification","valueRequired":true,"valueName":"search_term_string"}}],"inLanguage":"sv-SE"},{"@type":"Organization","@id":"https:\/\/lightweb.dev\/l\/svm-temp\/#organization","name":"Melkerson y Nott SL","alternateName":"Svenska Magasinet","url":"https:\/\/lightweb.dev\/l\/svm-temp\/","logo":{"@type":"ImageObject","inLanguage":"sv-SE","@id":"https:\/\/lightweb.dev\/l\/svm-temp\/#\/schema\/logo\/image\/","url":"https:\/\/lightweb.dev\/l\/svm-temp\/wp-content\/uploads\/2025\/02\/SvM-logo-Xtra-Centrerad-SVART.png","contentUrl":"https:\/\/lightweb.dev\/l\/svm-temp\/wp-content\/uploads\/2025\/02\/SvM-logo-Xtra-Centrerad-SVART.png","width":300,"height":99,"caption":"Melkerson y Nott SL"},"image":{"@id":"https:\/\/lightweb.dev\/l\/svm-temp\/#\/schema\/logo\/image\/"},"sameAs":["https:\/\/www.facebook.com\/svenskamagasinet","https:\/\/x.com\/SvenskaMagasine"]},{"@type":"Person","@id":"https:\/\/lightweb.dev\/l\/svm-temp\/#\/schema\/person\/206a3bda5b607b0c25e1749191e4d837","name":"Redaktionen SvM","description":"Redaktionen","sameAs":["https:\/\/lightweb.dev\/l\/svm-temp"],"url":"https:\/\/lightweb.dev\/l\/svm-temp\/reporter\/redaktionen\/"}]}},"_links":{"self":[{"href":"https:\/\/lightweb.dev\/l\/svm-temp\/wp-json\/wp\/v2\/posts\/4267","targetHints":{"allow":["GET"]}}],"collection":[{"href":"https:\/\/lightweb.dev\/l\/svm-temp\/wp-json\/wp\/v2\/posts"}],"about":[{"href":"https:\/\/lightweb.dev\/l\/svm-temp\/wp-json\/wp\/v2\/types\/post"}],"author":[{"embeddable":true,"href":"https:\/\/lightweb.dev\/l\/svm-temp\/wp-json\/wp\/v2\/users\/8"}],"replies":[{"embeddable":true,"href":"https:\/\/lightweb.dev\/l\/svm-temp\/wp-json\/wp\/v2\/comments?post=4267"}],"version-history":[{"count":0,"href":"https:\/\/lightweb.dev\/l\/svm-temp\/wp-json\/wp\/v2\/posts\/4267\/revisions"}],"wp:featuredmedia":[{"embeddable":true,"href":"https:\/\/lightweb.dev\/l\/svm-temp\/wp-json\/wp\/v2\/media\/4268"}],"wp:attachment":[{"href":"https:\/\/lightweb.dev\/l\/svm-temp\/wp-json\/wp\/v2\/media?parent=4267"}],"wp:term":[{"taxonomy":"category","embeddable":true,"href":"https:\/\/lightweb.dev\/l\/svm-temp\/wp-json\/wp\/v2\/categories?post=4267"},{"taxonomy":"post_tag","embeddable":true,"href":"https:\/\/lightweb.dev\/l\/svm-temp\/wp-json\/wp\/v2\/tags?post=4267"}],"curies":[{"name":"wp","href":"https:\/\/api.w.org\/{rel}","templated":true}]}}