{"id":4271,"date":"2013-05-13T00:00:00","date_gmt":"2013-05-12T22:00:00","guid":{"rendered":"https:\/\/lightweb.dev\/l\/svm-temp\/ta-hand-om-din-hund-i-sommarhettan\/"},"modified":"2013-05-13T00:00:00","modified_gmt":"2013-05-12T22:00:00","slug":"ta-hand-om-din-hund-i-sommarhettan","status":"publish","type":"post","link":"https:\/\/lightweb.dev\/l\/svm-temp\/artiklar\/ta-hand-om-din-hund-i-sommarhettan\/","title":{"rendered":"Ta hand om din hund i sommarhettan!"},"content":{"rendered":"<p> Varje sommar konfronteras vi med v\u00e4rmeslag bland b\u00e4bisar, \u00e4ldre personer och hundar som l\u00e4mnats i bilar utan tillsyn. M\u00e5nga studier har gjorts om hur fort temperaturen stiger inne i bilar p g a h\u00f6ga temperaturer utomhus. Bilens f\u00f6nster absorberar och isolerar bilens insida och bilen blir som en ugn. Ett fordon som l\u00e4mnas i solen vid +29C utomhus, med tv\u00e5 f\u00f6nster halvv\u00e4gs \u00f6ppna kan p\u00e5 10 minuter n\u00e5 upp till +40C inuti bilen. F\u00f6rest\u00e4ll er d\u00e5 vad som h\u00e4nder n\u00e4r f\u00f6nstren \u00e4r st\u00e4ngda.<\/p>\n<p>Vi vill alla ta med v\u00e5r hund i bilen. Men hur ofta blir inte ett kort \u00e4rende lite l\u00e4ngre p\u00e5 grund av en k\u00f6 eller en uttagsautomat som inte fungerar. Eller att du har solskydd installerat i bilen och parkerar i skuggan, men gl\u00f6mmer hunden och att solen flyttar sig och bilen hamnar i solen!!<\/p>\n<p>Vad kan vi g\u00f6ra i sommarv\u00e4rmen?<br \/>\n&#8211; L\u00e4mna hunden hemma.<br \/>\n&#8211; Handla i aff\u00e4rer d\u00e4r hundar \u00e4r v\u00e4lkomna att f\u00f6lja med in.<br \/>\n&#8211; L\u00e4mna aldrig hunden utan tillsyn av n\u00e5gon vuxen.<br \/>\n&#8211; L\u00e4mna luftkonditioneringen p\u00e5 och kontrollera att den kyler tillr\u00e4ckligt baktill i bilen d\u00e4r hunden befinner sig.<br \/>\n&#8211; F\u00f6rse alltid hunden med friskt vatten i en sk\u00e5l som inte kan tippa \u00f6ver.<br \/>\n&#8211; Var s\u00e4rskilt f\u00f6rsiktig med trubbnosiga hundar, t ex bulldogs, vilka har stora problem med v\u00e4rme.<br \/>\n&#8211; Trimma eller klipp hundar med tjock p\u00e4ls.<\/p>\n<p>Hundar svettas inte via huden, de svettas med nos, mun och tassar. De g\u00f6r sig av med v\u00e4rmen genom att fl\u00e5sa och avdunstning via sin tunga. T\u00e4nk p\u00e5 det n\u00e4r du g\u00e5r med hunden p\u00e5 dagen i solen. Asfalt och trottoarer blir otroligt varma. F\u00f6rs\u00f6k att l\u00e4gga din hand p\u00e5 asfalten!<br \/>\nVar speciellt f\u00f6rsiktig om hunden simmat, vilket g\u00f6r att trampdynorna blir mjukare. L\u00e5t inte hunden g\u00e5 p\u00e5 hett underlag direkt efter, den kan f\u00e5 br\u00e4nnskador.<\/p>\n<p>Om hundens temperatur \u00f6verstiger +41.6 C, f\u00e5r den v\u00e4rmeslag med f\u00f6ljande symtom:<br \/>\n&#8211; Snabb andh\u00e4mtning, illr\u00f6d tunga, dreglar mycket, tjock saliv, kr\u00e4kningar, diarr\u00e9, f\u00f6rvirring, nedst\u00e4mdhet, yrsel, matthet, svimning och i v\u00e4rsta fall koma.<\/p>\n<p>Vad g\u00f6r du om din hund \u00f6verhettas?<br \/>\n&#8211; Ta hunden till ett svalt st\u00e4lle i skuggan. S\u00e4tt f\u00f6tter och ansikte i kallt vatten, havs eller poolvatten men inte iskallt. Det kan orsaka sammandragning av blodk\u00e4rlen och d\u00e4rf\u00f6r st\u00e4nga in v\u00e4rmen i kroppen. Eller bl\u00f6t handdukar i kallt vatten och t\u00e4ck f\u00f6tter och ansikte. Byt handdukar ofta f\u00f6r de blir varma snabbt. Ge hunden vatten att dricka men utan att tvinga den.<br \/>\nAvbryt avkylning n\u00e4r tempraturen g\u00e5tt ned till +39.5C. Ta hunden till en veterin\u00e4r men se till att din bil \u00e4r sval innan du \u00e5ker iv\u00e4g. L\u00e5t helst n\u00e5gon annan k\u00f6ra s\u00e5 att du kan h\u00e5lla uppsikt p\u00e5 hunden och forts\u00e4tta avkylningen.<\/p>\n<p>Veterin\u00e4ren behandlar hunden beroende av kroppstemperatur och symtom. Hunden kyls ytterligare, f\u00e5r dropp, behandlas f\u00f6r chock och f\u00e5r m\u00f6jligen syre. Blodprov testar om hundens organ felar och det kan bli aktuellt med sjukhusv\u00e5rd.<\/p>\n<p>Vad g\u00f6r man om man ser en hund inst\u00e4ngd i en f\u00f6r varm bil?<br \/>\n&#8211; \u00d6ppna bilen och ta f\u00f6rsiktigt ut hunden, den kan ha panik. Vanligtvis \u00e4r bilen l\u00e5st, ring d\u00e5 Polisen. Att krossa en ruta \u00e4r inbrott. Ge hunden vatten genom ett f\u00f6rhoppningsvis \u00f6ppet f\u00f6nster.<br \/>\nPrata med hunden f\u00f6r att h\u00e5lla den vid medvetande. Engagera fler m\u00e4nniskor att hj\u00e4lpa till b\u00e5de f\u00f6re och efter polisen har \u00f6ppnat bilen.<\/p>\n<p>Till sist, ha ett allvarligt samtal med \u00e4garen!<\/p>\n<p>Om du har fler fr\u00e5gor som du \u00f6nskar st\u00e4lla p\u00e5 svenska s\u00e5 har Nazli \u00e4ven en svensk assistent som heter Melinda. <\/p>\n","protected":false},"excerpt":{"rendered":"<p>Varje sommar konfronteras vi med v\u00e4rmeslag bland b\u00e4bisar, \u00e4ldre personer och hundar som l\u00e4mnats i bilar utan tillsyn. M\u00e5nga studier har gjorts om hur fort temperaturen stiger inne i bilar p g a h\u00f6ga temperaturer utomhus. Bilens f\u00f6nster absorberar och isolerar bilens insida och bilen blir som en ugn. Ett fordon som l\u00e4mnas i solen [&hellip;]<\/p>\n","protected":false},"author":8,"featured_media":4272,"comment_status":"open","ping_status":"open","sticky":false,"template":"","format":"standard","meta":{"_et_pb_use_builder":"","_et_pb_old_content":"","_et_gb_content_width":"","footnotes":""},"categories":[396,4],"tags":[],"class_list":["post-4271","post","type-post","status-publish","format-standard","has-post-thumbnail","hentry","category-arkiv-artiklar","category-artiklar"],"yoast_head":"<!-- This site is optimized with the Yoast SEO Premium plugin v26.2 (Yoast SEO v27.5) - https:\/\/yoast.com\/product\/yoast-seo-premium-wordpress\/ -->\n<title>Ta hand om din hund i sommarhettan! - Svenska Magasinet<\/title>\n<meta name=\"robots\" content=\"noindex, follow, max-snippet:-1, max-image-preview:large, max-video-preview:-1\" \/>\n<meta property=\"og:locale\" content=\"sv_SE\" \/>\n<meta property=\"og:type\" content=\"article\" \/>\n<meta property=\"og:title\" content=\"Ta hand om din hund i sommarhettan!\" \/>\n<meta property=\"og:description\" content=\"Varje sommar konfronteras vi med v\u00e4rmeslag bland b\u00e4bisar, \u00e4ldre personer och hundar som l\u00e4mnats i bilar utan tillsyn. M\u00e5nga studier har gjorts om hur fort temperaturen stiger inne i bilar p g a h\u00f6ga temperaturer utomhus. Bilens f\u00f6nster absorberar och isolerar bilens insida och bilen blir som en ugn. Ett fordon som l\u00e4mnas i solen [&hellip;]\" \/>\n<meta property=\"og:url\" content=\"https:\/\/lightweb.dev\/l\/svm-temp\/artiklar\/ta-hand-om-din-hund-i-sommarhettan\/\" \/>\n<meta property=\"og:site_name\" content=\"Svenska Magasinet\" \/>\n<meta property=\"article:publisher\" content=\"https:\/\/www.facebook.com\/svenskamagasinet\" \/>\n<meta property=\"article:published_time\" content=\"2013-05-12T22:00:00+00:00\" \/>\n<meta property=\"og:image\" content=\"https:\/\/lightweb.dev\/l\/svm-temp\/wp-content\/uploads\/2022\/04\/ta-hand-om-din-hund-i-sommarhettan.png\" \/>\n\t<meta property=\"og:image:width\" content=\"301\" \/>\n\t<meta property=\"og:image:height\" content=\"200\" \/>\n\t<meta property=\"og:image:type\" content=\"image\/png\" \/>\n<meta name=\"author\" content=\"Redaktionen SvM\" \/>\n<meta name=\"twitter:card\" content=\"summary_large_image\" \/>\n<meta name=\"twitter:creator\" content=\"@SvenskaMagasine\" \/>\n<meta name=\"twitter:site\" content=\"@SvenskaMagasine\" \/>\n<script type=\"application\/ld+json\" class=\"yoast-schema-graph\">{\"@context\":\"https:\\\/\\\/schema.org\",\"@graph\":[{\"@type\":\"Article\",\"@id\":\"https:\\\/\\\/lightweb.dev\\\/l\\\/svm-temp\\\/artiklar\\\/ta-hand-om-din-hund-i-sommarhettan\\\/#article\",\"isPartOf\":{\"@id\":\"https:\\\/\\\/lightweb.dev\\\/l\\\/svm-temp\\\/artiklar\\\/ta-hand-om-din-hund-i-sommarhettan\\\/\"},\"author\":{\"name\":\"Redaktionen SvM\",\"@id\":\"https:\\\/\\\/lightweb.dev\\\/l\\\/svm-temp\\\/#\\\/schema\\\/person\\\/206a3bda5b607b0c25e1749191e4d837\"},\"headline\":\"Ta hand om din hund i sommarhettan!\",\"datePublished\":\"2013-05-12T22:00:00+00:00\",\"mainEntityOfPage\":{\"@id\":\"https:\\\/\\\/lightweb.dev\\\/l\\\/svm-temp\\\/artiklar\\\/ta-hand-om-din-hund-i-sommarhettan\\\/\"},\"wordCount\":684,\"commentCount\":0,\"publisher\":{\"@id\":\"https:\\\/\\\/lightweb.dev\\\/l\\\/svm-temp\\\/#organization\"},\"image\":{\"@id\":\"https:\\\/\\\/lightweb.dev\\\/l\\\/svm-temp\\\/artiklar\\\/ta-hand-om-din-hund-i-sommarhettan\\\/#primaryimage\"},\"thumbnailUrl\":\"https:\\\/\\\/lightweb.dev\\\/l\\\/svm-temp\\\/wp-content\\\/uploads\\\/2022\\\/04\\\/ta-hand-om-din-hund-i-sommarhettan.png\",\"articleSection\":[\"Arkiv\",\"Artiklar\"],\"inLanguage\":\"sv-SE\"},{\"@type\":\"WebPage\",\"@id\":\"https:\\\/\\\/lightweb.dev\\\/l\\\/svm-temp\\\/artiklar\\\/ta-hand-om-din-hund-i-sommarhettan\\\/\",\"url\":\"https:\\\/\\\/lightweb.dev\\\/l\\\/svm-temp\\\/artiklar\\\/ta-hand-om-din-hund-i-sommarhettan\\\/\",\"name\":\"Ta hand om din hund i sommarhettan! - Svenska Magasinet\",\"isPartOf\":{\"@id\":\"https:\\\/\\\/lightweb.dev\\\/l\\\/svm-temp\\\/#website\"},\"primaryImageOfPage\":{\"@id\":\"https:\\\/\\\/lightweb.dev\\\/l\\\/svm-temp\\\/artiklar\\\/ta-hand-om-din-hund-i-sommarhettan\\\/#primaryimage\"},\"image\":{\"@id\":\"https:\\\/\\\/lightweb.dev\\\/l\\\/svm-temp\\\/artiklar\\\/ta-hand-om-din-hund-i-sommarhettan\\\/#primaryimage\"},\"thumbnailUrl\":\"https:\\\/\\\/lightweb.dev\\\/l\\\/svm-temp\\\/wp-content\\\/uploads\\\/2022\\\/04\\\/ta-hand-om-din-hund-i-sommarhettan.png\",\"datePublished\":\"2013-05-12T22:00:00+00:00\",\"breadcrumb\":{\"@id\":\"https:\\\/\\\/lightweb.dev\\\/l\\\/svm-temp\\\/artiklar\\\/ta-hand-om-din-hund-i-sommarhettan\\\/#breadcrumb\"},\"inLanguage\":\"sv-SE\",\"potentialAction\":[{\"@type\":\"ReadAction\",\"target\":[\"https:\\\/\\\/lightweb.dev\\\/l\\\/svm-temp\\\/artiklar\\\/ta-hand-om-din-hund-i-sommarhettan\\\/\"]}]},{\"@type\":\"ImageObject\",\"inLanguage\":\"sv-SE\",\"@id\":\"https:\\\/\\\/lightweb.dev\\\/l\\\/svm-temp\\\/artiklar\\\/ta-hand-om-din-hund-i-sommarhettan\\\/#primaryimage\",\"url\":\"https:\\\/\\\/lightweb.dev\\\/l\\\/svm-temp\\\/wp-content\\\/uploads\\\/2022\\\/04\\\/ta-hand-om-din-hund-i-sommarhettan.png\",\"contentUrl\":\"https:\\\/\\\/lightweb.dev\\\/l\\\/svm-temp\\\/wp-content\\\/uploads\\\/2022\\\/04\\\/ta-hand-om-din-hund-i-sommarhettan.png\",\"width\":301,\"height\":200},{\"@type\":\"BreadcrumbList\",\"@id\":\"https:\\\/\\\/lightweb.dev\\\/l\\\/svm-temp\\\/artiklar\\\/ta-hand-om-din-hund-i-sommarhettan\\\/#breadcrumb\",\"itemListElement\":[{\"@type\":\"ListItem\",\"position\":1,\"name\":\"Hem\",\"item\":\"https:\\\/\\\/lightweb.dev\\\/l\\\/svm-temp\\\/\"},{\"@type\":\"ListItem\",\"position\":2,\"name\":\"Ta hand om din hund i sommarhettan!\"}]},{\"@type\":\"WebSite\",\"@id\":\"https:\\\/\\\/lightweb.dev\\\/l\\\/svm-temp\\\/#website\",\"url\":\"https:\\\/\\\/lightweb.dev\\\/l\\\/svm-temp\\\/\",\"name\":\"Svenska Magasinet\",\"description\":\"Dina Spanska nyheter p&aring; Svenska\",\"publisher\":{\"@id\":\"https:\\\/\\\/lightweb.dev\\\/l\\\/svm-temp\\\/#organization\"},\"potentialAction\":[{\"@type\":\"SearchAction\",\"target\":{\"@type\":\"EntryPoint\",\"urlTemplate\":\"https:\\\/\\\/lightweb.dev\\\/l\\\/svm-temp\\\/?s={search_term_string}\"},\"query-input\":{\"@type\":\"PropertyValueSpecification\",\"valueRequired\":true,\"valueName\":\"search_term_string\"}}],\"inLanguage\":\"sv-SE\"},{\"@type\":\"Organization\",\"@id\":\"https:\\\/\\\/lightweb.dev\\\/l\\\/svm-temp\\\/#organization\",\"name\":\"Melkerson y Nott SL\",\"alternateName\":\"Svenska Magasinet\",\"url\":\"https:\\\/\\\/lightweb.dev\\\/l\\\/svm-temp\\\/\",\"logo\":{\"@type\":\"ImageObject\",\"inLanguage\":\"sv-SE\",\"@id\":\"https:\\\/\\\/lightweb.dev\\\/l\\\/svm-temp\\\/#\\\/schema\\\/logo\\\/image\\\/\",\"url\":\"https:\\\/\\\/lightweb.dev\\\/l\\\/svm-temp\\\/wp-content\\\/uploads\\\/2025\\\/02\\\/SvM-logo-Xtra-Centrerad-SVART.png\",\"contentUrl\":\"https:\\\/\\\/lightweb.dev\\\/l\\\/svm-temp\\\/wp-content\\\/uploads\\\/2025\\\/02\\\/SvM-logo-Xtra-Centrerad-SVART.png\",\"width\":300,\"height\":99,\"caption\":\"Melkerson y Nott SL\"},\"image\":{\"@id\":\"https:\\\/\\\/lightweb.dev\\\/l\\\/svm-temp\\\/#\\\/schema\\\/logo\\\/image\\\/\"},\"sameAs\":[\"https:\\\/\\\/www.facebook.com\\\/svenskamagasinet\",\"https:\\\/\\\/x.com\\\/SvenskaMagasine\"]},{\"@type\":\"Person\",\"@id\":\"https:\\\/\\\/lightweb.dev\\\/l\\\/svm-temp\\\/#\\\/schema\\\/person\\\/206a3bda5b607b0c25e1749191e4d837\",\"name\":\"Redaktionen SvM\",\"description\":\"Redaktionen\",\"sameAs\":[\"https:\\\/\\\/lightweb.dev\\\/l\\\/svm-temp\"],\"url\":\"https:\\\/\\\/lightweb.dev\\\/l\\\/svm-temp\\\/reporter\\\/redaktionen\\\/\"}]}<\/script>\n<!-- \/ Yoast SEO Premium plugin. -->","yoast_head_json":{"title":"Ta hand om din hund i sommarhettan! - Svenska Magasinet","robots":{"index":"noindex","follow":"follow","max-snippet":"max-snippet:-1","max-image-preview":"max-image-preview:large","max-video-preview":"max-video-preview:-1"},"og_locale":"sv_SE","og_type":"article","og_title":"Ta hand om din hund i sommarhettan!","og_description":"Varje sommar konfronteras vi med v\u00e4rmeslag bland b\u00e4bisar, \u00e4ldre personer och hundar som l\u00e4mnats i bilar utan tillsyn. M\u00e5nga studier har gjorts om hur fort temperaturen stiger inne i bilar p g a h\u00f6ga temperaturer utomhus. Bilens f\u00f6nster absorberar och isolerar bilens insida och bilen blir som en ugn. Ett fordon som l\u00e4mnas i solen [&hellip;]","og_url":"https:\/\/lightweb.dev\/l\/svm-temp\/artiklar\/ta-hand-om-din-hund-i-sommarhettan\/","og_site_name":"Svenska Magasinet","article_publisher":"https:\/\/www.facebook.com\/svenskamagasinet","article_published_time":"2013-05-12T22:00:00+00:00","og_image":[{"width":301,"height":200,"url":"https:\/\/lightweb.dev\/l\/svm-temp\/wp-content\/uploads\/2022\/04\/ta-hand-om-din-hund-i-sommarhettan.png","type":"image\/png"}],"author":"Redaktionen SvM","twitter_card":"summary_large_image","twitter_creator":"@SvenskaMagasine","twitter_site":"@SvenskaMagasine","schema":{"@context":"https:\/\/schema.org","@graph":[{"@type":"Article","@id":"https:\/\/lightweb.dev\/l\/svm-temp\/artiklar\/ta-hand-om-din-hund-i-sommarhettan\/#article","isPartOf":{"@id":"https:\/\/lightweb.dev\/l\/svm-temp\/artiklar\/ta-hand-om-din-hund-i-sommarhettan\/"},"author":{"name":"Redaktionen SvM","@id":"https:\/\/lightweb.dev\/l\/svm-temp\/#\/schema\/person\/206a3bda5b607b0c25e1749191e4d837"},"headline":"Ta hand om din hund i sommarhettan!","datePublished":"2013-05-12T22:00:00+00:00","mainEntityOfPage":{"@id":"https:\/\/lightweb.dev\/l\/svm-temp\/artiklar\/ta-hand-om-din-hund-i-sommarhettan\/"},"wordCount":684,"commentCount":0,"publisher":{"@id":"https:\/\/lightweb.dev\/l\/svm-temp\/#organization"},"image":{"@id":"https:\/\/lightweb.dev\/l\/svm-temp\/artiklar\/ta-hand-om-din-hund-i-sommarhettan\/#primaryimage"},"thumbnailUrl":"https:\/\/lightweb.dev\/l\/svm-temp\/wp-content\/uploads\/2022\/04\/ta-hand-om-din-hund-i-sommarhettan.png","articleSection":["Arkiv","Artiklar"],"inLanguage":"sv-SE"},{"@type":"WebPage","@id":"https:\/\/lightweb.dev\/l\/svm-temp\/artiklar\/ta-hand-om-din-hund-i-sommarhettan\/","url":"https:\/\/lightweb.dev\/l\/svm-temp\/artiklar\/ta-hand-om-din-hund-i-sommarhettan\/","name":"Ta hand om din hund i sommarhettan! - Svenska Magasinet","isPartOf":{"@id":"https:\/\/lightweb.dev\/l\/svm-temp\/#website"},"primaryImageOfPage":{"@id":"https:\/\/lightweb.dev\/l\/svm-temp\/artiklar\/ta-hand-om-din-hund-i-sommarhettan\/#primaryimage"},"image":{"@id":"https:\/\/lightweb.dev\/l\/svm-temp\/artiklar\/ta-hand-om-din-hund-i-sommarhettan\/#primaryimage"},"thumbnailUrl":"https:\/\/lightweb.dev\/l\/svm-temp\/wp-content\/uploads\/2022\/04\/ta-hand-om-din-hund-i-sommarhettan.png","datePublished":"2013-05-12T22:00:00+00:00","breadcrumb":{"@id":"https:\/\/lightweb.dev\/l\/svm-temp\/artiklar\/ta-hand-om-din-hund-i-sommarhettan\/#breadcrumb"},"inLanguage":"sv-SE","potentialAction":[{"@type":"ReadAction","target":["https:\/\/lightweb.dev\/l\/svm-temp\/artiklar\/ta-hand-om-din-hund-i-sommarhettan\/"]}]},{"@type":"ImageObject","inLanguage":"sv-SE","@id":"https:\/\/lightweb.dev\/l\/svm-temp\/artiklar\/ta-hand-om-din-hund-i-sommarhettan\/#primaryimage","url":"https:\/\/lightweb.dev\/l\/svm-temp\/wp-content\/uploads\/2022\/04\/ta-hand-om-din-hund-i-sommarhettan.png","contentUrl":"https:\/\/lightweb.dev\/l\/svm-temp\/wp-content\/uploads\/2022\/04\/ta-hand-om-din-hund-i-sommarhettan.png","width":301,"height":200},{"@type":"BreadcrumbList","@id":"https:\/\/lightweb.dev\/l\/svm-temp\/artiklar\/ta-hand-om-din-hund-i-sommarhettan\/#breadcrumb","itemListElement":[{"@type":"ListItem","position":1,"name":"Hem","item":"https:\/\/lightweb.dev\/l\/svm-temp\/"},{"@type":"ListItem","position":2,"name":"Ta hand om din hund i sommarhettan!"}]},{"@type":"WebSite","@id":"https:\/\/lightweb.dev\/l\/svm-temp\/#website","url":"https:\/\/lightweb.dev\/l\/svm-temp\/","name":"Svenska Magasinet","description":"Dina Spanska nyheter p&aring; Svenska","publisher":{"@id":"https:\/\/lightweb.dev\/l\/svm-temp\/#organization"},"potentialAction":[{"@type":"SearchAction","target":{"@type":"EntryPoint","urlTemplate":"https:\/\/lightweb.dev\/l\/svm-temp\/?s={search_term_string}"},"query-input":{"@type":"PropertyValueSpecification","valueRequired":true,"valueName":"search_term_string"}}],"inLanguage":"sv-SE"},{"@type":"Organization","@id":"https:\/\/lightweb.dev\/l\/svm-temp\/#organization","name":"Melkerson y Nott SL","alternateName":"Svenska Magasinet","url":"https:\/\/lightweb.dev\/l\/svm-temp\/","logo":{"@type":"ImageObject","inLanguage":"sv-SE","@id":"https:\/\/lightweb.dev\/l\/svm-temp\/#\/schema\/logo\/image\/","url":"https:\/\/lightweb.dev\/l\/svm-temp\/wp-content\/uploads\/2025\/02\/SvM-logo-Xtra-Centrerad-SVART.png","contentUrl":"https:\/\/lightweb.dev\/l\/svm-temp\/wp-content\/uploads\/2025\/02\/SvM-logo-Xtra-Centrerad-SVART.png","width":300,"height":99,"caption":"Melkerson y Nott SL"},"image":{"@id":"https:\/\/lightweb.dev\/l\/svm-temp\/#\/schema\/logo\/image\/"},"sameAs":["https:\/\/www.facebook.com\/svenskamagasinet","https:\/\/x.com\/SvenskaMagasine"]},{"@type":"Person","@id":"https:\/\/lightweb.dev\/l\/svm-temp\/#\/schema\/person\/206a3bda5b607b0c25e1749191e4d837","name":"Redaktionen SvM","description":"Redaktionen","sameAs":["https:\/\/lightweb.dev\/l\/svm-temp"],"url":"https:\/\/lightweb.dev\/l\/svm-temp\/reporter\/redaktionen\/"}]}},"_links":{"self":[{"href":"https:\/\/lightweb.dev\/l\/svm-temp\/wp-json\/wp\/v2\/posts\/4271","targetHints":{"allow":["GET"]}}],"collection":[{"href":"https:\/\/lightweb.dev\/l\/svm-temp\/wp-json\/wp\/v2\/posts"}],"about":[{"href":"https:\/\/lightweb.dev\/l\/svm-temp\/wp-json\/wp\/v2\/types\/post"}],"author":[{"embeddable":true,"href":"https:\/\/lightweb.dev\/l\/svm-temp\/wp-json\/wp\/v2\/users\/8"}],"replies":[{"embeddable":true,"href":"https:\/\/lightweb.dev\/l\/svm-temp\/wp-json\/wp\/v2\/comments?post=4271"}],"version-history":[{"count":0,"href":"https:\/\/lightweb.dev\/l\/svm-temp\/wp-json\/wp\/v2\/posts\/4271\/revisions"}],"wp:featuredmedia":[{"embeddable":true,"href":"https:\/\/lightweb.dev\/l\/svm-temp\/wp-json\/wp\/v2\/media\/4272"}],"wp:attachment":[{"href":"https:\/\/lightweb.dev\/l\/svm-temp\/wp-json\/wp\/v2\/media?parent=4271"}],"wp:term":[{"taxonomy":"category","embeddable":true,"href":"https:\/\/lightweb.dev\/l\/svm-temp\/wp-json\/wp\/v2\/categories?post=4271"},{"taxonomy":"post_tag","embeddable":true,"href":"https:\/\/lightweb.dev\/l\/svm-temp\/wp-json\/wp\/v2\/tags?post=4271"}],"curies":[{"name":"wp","href":"https:\/\/api.w.org\/{rel}","templated":true}]}}