{"id":4273,"date":"2013-05-13T00:00:00","date_gmt":"2013-05-12T22:00:00","guid":{"rendered":"https:\/\/lightweb.dev\/l\/svm-temp\/varldsartister-ger-starlite-extra-stjarnglans\/"},"modified":"2013-05-13T00:00:00","modified_gmt":"2013-05-12T22:00:00","slug":"varldsartister-ger-starlite-extra-stjarnglans","status":"publish","type":"post","link":"https:\/\/lightweb.dev\/l\/svm-temp\/artiklar\/varldsartister-ger-starlite-extra-stjarnglans\/","title":{"rendered":"V\u00e4rldsartister ger Starlite extra stj\u00e4rnglans"},"content":{"rendered":"<p> Det kommer att bli en makal\u00f6s musiksommar i Marbella n\u00e4r v\u00e4rldsartister som Julio och Enrique Iglesisas, Jamie Cullum, Buena Vista Social Club, Paco De Luc\u00eda, Mal\u00fa och inte minst David Bisbal upptr\u00e4der under Starlite Festival. Av Lotti Ander<\/p>\n<p>Starlite Festival blev en formidabel succ\u00e9 f\u00f6rra \u00e5ret. Tusentals kom, s\u00e5g och nj\u00f6t av spanska och internationella toppartister under den fyra veckor l\u00e5nga festivalen. Men det \u00e4r inte bara p\u00e5 scenen stj\u00e4rnglansen finns, Starlite \u00e4r s\u00e4kert sommar-Europas celebritetst\u00e4taste evenemang. Och med jetsetet p\u00e5 plats vill alla vara med och glittra, mingla och uppleva Marbella n\u00e4r staden kanske \u00e4r som roligast.<\/p>\n<p>F\u00f6r m\u00e5nga lockar Marbella med favoriter som solen, havet och stranden, men sedan f\u00f6rra sommaren har staden f\u00e5tt ytterligare en publikmagnet i form av en musikfestival. F\u00f6rra \u00e5ret \u00e5kte \u00f6ver 30.000 personer med de arrangerade gratisbussarna upp till det gamla stenbrottet, La Cantera de Nag\u00fceles ovanf\u00f6r Marbella f\u00f6r konsertupplevelser ut\u00f6ver det vanliga. Inte bara det att under en hel m\u00e5nads tid f\u00e5 m\u00f6jlighet att uppleva v\u00e4rldsartister som fjol\u00e5rets Paul Anka, Tony Bennet, Simple Minds, George Benson utan ocks\u00e5 att det behagligt stora festivalformatet med n\u00e4rheten till scenen skapar intimitet och k\u00e4nslan av privatkonsert!<\/p>\n<p>\u201dHan-sjunger-bara-f\u00f6r-mig-upplevelsen\u201d var p\u00e5taglig redan f\u00f6rra \u00e5ret och l\u00e4r inte bli s\u00e4mre denna sommar d\u00e5 man minskar antalet platser till 2 500 f\u00f6r att ge publiken \u00e4nnu b\u00e4ttre f\u00f6ruts\u00e4ttningar f\u00f6r magiska musikupplevelser. Till exempel har man placerat VIP-boxarna h\u00f6gre upp och n\u00e4rmare den dryga 30 meter l\u00e5nga scenen.  D\u00e4r kan man sitta i bekv\u00e4ma f\u00e5t\u00f6ljer och f\u00e5 champagnen serverad direkt fr\u00e5n VIP-baren.<\/p>\n<p>Och \u00e5rets artistuppb\u00e5d vill man verkligen uppleva p\u00e5 n\u00e4ra h\u00e5ll, det \u00e4r en sk\u00f6n blandning av \u00e5ldrar, genrer och nationaliteter.<\/p>\n<p>H\u00e4r ett smakprov ur programutbudet<br \/>\nDen brittiske s\u00e5ngaren och pianisten Jamie Cullum som har arbetat tillsammans med storheter som Steve Wonder och s\u00e5lt \u00f6ver 10 miljoner skivor, presenterar musik fr\u00e5n sitt nya album \u201dMomentum\u201d.<br \/>\nFar och son Iglesias upptr\u00e4der inte tillsammans utan man kan f\u00e5 uppleva hypen b\u00e5de den 3 och 17 augusti. Av Noa som \u00e4r israelisk s\u00e5ngerska och influerad av storheter som Joni Mitchell och Leonard Cohen kan vi f\u00f6rv\u00e4nta oss en sammetsmjuk viskv\u00e4ll, medan pension\u00e4rerna i Buena Vista Social Club river av salsajazzrytmer som f\u00e5r f\u00f6tterna att vilja dansa. Syskonen Mal\u00fa och Paco De Luc\u00eda har g\u00e5tt i sin fars fotsp\u00e5r och blivit musiker, dock med helt olika inriktningar, Paco \u00e4r en av v\u00e4rldens fr\u00e4msta flamencogitarrister medan Mal\u00fas musik kan beskrivas som popballader. Mer flamenco men i form av dans, st\u00e5r Sara Balar f\u00f6r, en av Spaniens skickligaste. Gillar man musikaler finns fint tillf\u00e4lle den 23 augusti d\u00e5 man s\u00e4tter upp Grease. F\u00f6r \u201dle grand final\u201d st\u00e5r latinopopkungen David Bisbal. Han har varit p\u00e5 v\u00e4rldsturn\u00e9 i tv\u00e5 \u00e5r och genomf\u00f6rt inte mindre \u00e4n 128 konserter. P\u00e5 Starlite g\u00f6r han sitt enda upptr\u00e4dande i Spanien.<\/p>\n<p>Trots framg\u00e5ngarna i fjol lutar arrang\u00f6rerna sig inte tillbaka, tv\u00e4rtom \u00f6kar man ambitionerna.  Konserterna \u00e4r en del av ett st\u00f6rre underh\u00e5llningskoncept signerat av aff\u00e4rskvinnan Sandra Garcia-Sanju\u00e1n och hennes internationella celebritetsagentur Avory baserat i Barcelona. Hon vill verkligen ge publiken \u201dvalue for money \u201doch erbjuder p\u00e5kostade shower de kv\u00e4llar man inte har konserter eller dj:s i v\u00e4rldsklass som lockar s\u00e5v\u00e4l en yngre housepublik som medel\u00e5lders discosugna. Fotoutst\u00e4llningar, modevisningar, konstevenemang och filmpremi\u00e4rer \u00e4r ocks\u00e5 nya inslag i det omfattande programmet som p\u00e5g\u00e5r mellan 23 juli och 24 augusti.<\/p>\n<p>Helt s\u00e4kert kommer m\u00e5nga ocks\u00e5 f\u00f6r underh\u00e5llningen i den enorma utomhusloungen. I Starlite Lounges gener\u00f6sa soffor, puffar och h\u00e4ng rinner paraplydrinkarna till i en j\u00e4mn str\u00f6m och det flirtas, visas upp, bed\u00f6ms eller ignoreras p\u00e5 ett s\u00e4tt som bara mixen av solbr\u00e4nd hud, fashionistas, pengar, testosteron och ren sk\u00e4r livsgl\u00e4dje kan \u00e5stadkomma. Att kv\u00e4llarna \u00e4r +30 grader hj\u00e4lper s\u00e4kert ocks\u00e5 till att skapa den speciella st\u00e4mning som finns under Starlite som alla pratar om.<\/p>\n<p>F\u00f6rra \u00e5ret stod v\u00e4lk\u00e4nda El Bulli f\u00f6r cateringen, vem som blir \u00e5rets chef, \u00e4r i skrivande stund inte tillk\u00e4nnagivet. Nytt f\u00f6r i \u00e5r \u00e4r dock att man ut\u00f6kat matkonceptet med b\u00e5de en st\u00f6rre, elegantare restaurang och flera mindre \u201dgourmet corners\u201d med varierande influenser av olika matkulturer.<\/p>\n<p>Givetvis \u00e4r en festival av denna magnitud en gigantisk logistik- och detaljfylld utmaning. Mycket av det arbetet styrs fr\u00e5n Barcelona, men en lokal spindel i n\u00e4tet \u00e4r PR-kvinnan Karine Maeck. Hennes f\u00f6retag har l\u00e4nge arbetat inom lyxsegmentet och anlitats av prestigefyllda m\u00e4rken som Louis Vuitton, Fendi, Gucci och Cartier f\u00f6r att f\u00e5 celebriteter och press till sina events. Karine Maeck och Sandra Garcia-Sanju\u00e1n k\u00e4nner varandra sedan l\u00e5ng tid tillbaka och hon blev det naturliga valet n\u00e4r det beh\u00f6vdes en initierad kraft i Marbella.<\/p>\n<p>Jag hade aldrig gjort den h\u00e4r typen av evenemang tidigare, men s\u00e5lde faktiskt flest biljetter av alla f\u00f6rs\u00e4ljningsst\u00e4llen till k\u00e4ndisar och VIPs i min databas, avsl\u00f6jar Karine.<\/p>\n<p>Musik \u00e4r en passion i hennes liv och gl\u00e4djen att f\u00e5 kunna vara med och erbjuda publiken allt detta v\u00e4ger upp den ibland vansinnigt intensiva arbetsinsatsen. Det arbetar n\u00e4rmare 300 personer under perioden och f\u00f6rutom logistik med transporter, mat och dryck \u00e4r det givetvis ett intensivt PR-arbete som kr\u00e4vs f\u00f6r att f\u00e5 ett event av denna magnitud att bli k\u00e4nt f\u00f6r media och allm\u00e4nhet.<\/p>\n<p>Det \u00e4r helt enkelt en oerh\u00f6rt fantastisk m\u00e5nad som man bara inte vill missa, s\u00e4ger hon och minns ett magiskt \u00f6gonblick f\u00f6r henne d\u00e5 Paul Anka gick ut i publiken och sj\u00f6ng. \u201dDet var helt elektriskt och overkligt bra\u201d.<\/p>\n<p>En av h\u00f6jdpunkterna under festivalm\u00e5naden \u00e4r den 10 augusti d\u00e5 Starlite Gala arrangeras. Till denna galamiddag \u00e4r biljetterna begr\u00e4nsade och starkt eftertraktade.<br \/>\nInsamlade medel g\u00e5r till utbildning och skolprojekt f\u00f6r barn i Mexico. Och med tanke p\u00e5 att Antonio Banderas \u00e4r v\u00e4rd f\u00f6r galan kanske nyinflyttade George Clooney tittar in.<\/p>\n<p>Uppdaterad programinformation finns p\u00e5 www.starlitefestival.com. Biljetter kan k\u00f6pas genom www.karine.maeck@gmail.com eller p\u00e5 festivalens hemsida.<\/p>\n","protected":false},"excerpt":{"rendered":"<p>Det kommer att bli en makal\u00f6s musiksommar i Marbella n\u00e4r v\u00e4rldsartister som Julio och Enrique Iglesisas, Jamie Cullum, Buena Vista Social Club, Paco De Luc\u00eda, Mal\u00fa och inte minst David Bisbal upptr\u00e4der under Starlite Festival. Av Lotti Ander Starlite Festival blev en formidabel succ\u00e9 f\u00f6rra \u00e5ret. Tusentals kom, s\u00e5g och nj\u00f6t av spanska och internationella [&hellip;]<\/p>\n","protected":false},"author":8,"featured_media":4274,"comment_status":"open","ping_status":"open","sticky":false,"template":"","format":"standard","meta":{"_et_pb_use_builder":"","_et_pb_old_content":"","_et_gb_content_width":"","footnotes":""},"categories":[396,4],"tags":[],"class_list":["post-4273","post","type-post","status-publish","format-standard","has-post-thumbnail","hentry","category-arkiv-artiklar","category-artiklar"],"yoast_head":"<!-- This site is optimized with the Yoast SEO Premium plugin v26.2 (Yoast SEO v27.5) - https:\/\/yoast.com\/product\/yoast-seo-premium-wordpress\/ -->\n<title>V\u00e4rldsartister ger Starlite extra stj\u00e4rnglans - Svenska Magasinet<\/title>\n<meta name=\"robots\" content=\"noindex, follow, max-snippet:-1, max-image-preview:large, max-video-preview:-1\" \/>\n<meta property=\"og:locale\" content=\"sv_SE\" \/>\n<meta property=\"og:type\" content=\"article\" \/>\n<meta property=\"og:title\" content=\"V\u00e4rldsartister ger Starlite extra stj\u00e4rnglans\" \/>\n<meta property=\"og:description\" content=\"Det kommer att bli en makal\u00f6s musiksommar i Marbella n\u00e4r v\u00e4rldsartister som Julio och Enrique Iglesisas, Jamie Cullum, Buena Vista Social Club, Paco De Luc\u00eda, Mal\u00fa och inte minst David Bisbal upptr\u00e4der under Starlite Festival. Av Lotti Ander Starlite Festival blev en formidabel succ\u00e9 f\u00f6rra \u00e5ret. Tusentals kom, s\u00e5g och nj\u00f6t av spanska och internationella [&hellip;]\" \/>\n<meta property=\"og:url\" content=\"https:\/\/lightweb.dev\/l\/svm-temp\/artiklar\/varldsartister-ger-starlite-extra-stjarnglans\/\" \/>\n<meta property=\"og:site_name\" content=\"Svenska Magasinet\" \/>\n<meta property=\"article:publisher\" content=\"https:\/\/www.facebook.com\/svenskamagasinet\" \/>\n<meta property=\"article:published_time\" content=\"2013-05-12T22:00:00+00:00\" \/>\n<meta property=\"og:image\" content=\"https:\/\/lightweb.dev\/l\/svm-temp\/wp-content\/uploads\/2022\/04\/vrldsartister-ger-starlite-extra-stjrnglans.png\" \/>\n\t<meta property=\"og:image:width\" content=\"280\" \/>\n\t<meta property=\"og:image:height\" content=\"280\" \/>\n\t<meta property=\"og:image:type\" content=\"image\/png\" \/>\n<meta name=\"author\" content=\"Redaktionen SvM\" \/>\n<meta name=\"twitter:card\" content=\"summary_large_image\" \/>\n<meta name=\"twitter:creator\" content=\"@SvenskaMagasine\" \/>\n<meta name=\"twitter:site\" content=\"@SvenskaMagasine\" \/>\n<script type=\"application\/ld+json\" class=\"yoast-schema-graph\">{\"@context\":\"https:\\\/\\\/schema.org\",\"@graph\":[{\"@type\":\"Article\",\"@id\":\"https:\\\/\\\/lightweb.dev\\\/l\\\/svm-temp\\\/artiklar\\\/varldsartister-ger-starlite-extra-stjarnglans\\\/#article\",\"isPartOf\":{\"@id\":\"https:\\\/\\\/lightweb.dev\\\/l\\\/svm-temp\\\/artiklar\\\/varldsartister-ger-starlite-extra-stjarnglans\\\/\"},\"author\":{\"name\":\"Redaktionen SvM\",\"@id\":\"https:\\\/\\\/lightweb.dev\\\/l\\\/svm-temp\\\/#\\\/schema\\\/person\\\/206a3bda5b607b0c25e1749191e4d837\"},\"headline\":\"V\u00e4rldsartister ger Starlite extra stj\u00e4rnglans\",\"datePublished\":\"2013-05-12T22:00:00+00:00\",\"mainEntityOfPage\":{\"@id\":\"https:\\\/\\\/lightweb.dev\\\/l\\\/svm-temp\\\/artiklar\\\/varldsartister-ger-starlite-extra-stjarnglans\\\/\"},\"wordCount\":1104,\"commentCount\":0,\"publisher\":{\"@id\":\"https:\\\/\\\/lightweb.dev\\\/l\\\/svm-temp\\\/#organization\"},\"image\":{\"@id\":\"https:\\\/\\\/lightweb.dev\\\/l\\\/svm-temp\\\/artiklar\\\/varldsartister-ger-starlite-extra-stjarnglans\\\/#primaryimage\"},\"thumbnailUrl\":\"https:\\\/\\\/lightweb.dev\\\/l\\\/svm-temp\\\/wp-content\\\/uploads\\\/2022\\\/04\\\/vrldsartister-ger-starlite-extra-stjrnglans.png\",\"articleSection\":[\"Arkiv\",\"Artiklar\"],\"inLanguage\":\"sv-SE\"},{\"@type\":\"WebPage\",\"@id\":\"https:\\\/\\\/lightweb.dev\\\/l\\\/svm-temp\\\/artiklar\\\/varldsartister-ger-starlite-extra-stjarnglans\\\/\",\"url\":\"https:\\\/\\\/lightweb.dev\\\/l\\\/svm-temp\\\/artiklar\\\/varldsartister-ger-starlite-extra-stjarnglans\\\/\",\"name\":\"V\u00e4rldsartister ger Starlite extra stj\u00e4rnglans - Svenska Magasinet\",\"isPartOf\":{\"@id\":\"https:\\\/\\\/lightweb.dev\\\/l\\\/svm-temp\\\/#website\"},\"primaryImageOfPage\":{\"@id\":\"https:\\\/\\\/lightweb.dev\\\/l\\\/svm-temp\\\/artiklar\\\/varldsartister-ger-starlite-extra-stjarnglans\\\/#primaryimage\"},\"image\":{\"@id\":\"https:\\\/\\\/lightweb.dev\\\/l\\\/svm-temp\\\/artiklar\\\/varldsartister-ger-starlite-extra-stjarnglans\\\/#primaryimage\"},\"thumbnailUrl\":\"https:\\\/\\\/lightweb.dev\\\/l\\\/svm-temp\\\/wp-content\\\/uploads\\\/2022\\\/04\\\/vrldsartister-ger-starlite-extra-stjrnglans.png\",\"datePublished\":\"2013-05-12T22:00:00+00:00\",\"breadcrumb\":{\"@id\":\"https:\\\/\\\/lightweb.dev\\\/l\\\/svm-temp\\\/artiklar\\\/varldsartister-ger-starlite-extra-stjarnglans\\\/#breadcrumb\"},\"inLanguage\":\"sv-SE\",\"potentialAction\":[{\"@type\":\"ReadAction\",\"target\":[\"https:\\\/\\\/lightweb.dev\\\/l\\\/svm-temp\\\/artiklar\\\/varldsartister-ger-starlite-extra-stjarnglans\\\/\"]}]},{\"@type\":\"ImageObject\",\"inLanguage\":\"sv-SE\",\"@id\":\"https:\\\/\\\/lightweb.dev\\\/l\\\/svm-temp\\\/artiklar\\\/varldsartister-ger-starlite-extra-stjarnglans\\\/#primaryimage\",\"url\":\"https:\\\/\\\/lightweb.dev\\\/l\\\/svm-temp\\\/wp-content\\\/uploads\\\/2022\\\/04\\\/vrldsartister-ger-starlite-extra-stjrnglans.png\",\"contentUrl\":\"https:\\\/\\\/lightweb.dev\\\/l\\\/svm-temp\\\/wp-content\\\/uploads\\\/2022\\\/04\\\/vrldsartister-ger-starlite-extra-stjrnglans.png\",\"width\":280,\"height\":280},{\"@type\":\"BreadcrumbList\",\"@id\":\"https:\\\/\\\/lightweb.dev\\\/l\\\/svm-temp\\\/artiklar\\\/varldsartister-ger-starlite-extra-stjarnglans\\\/#breadcrumb\",\"itemListElement\":[{\"@type\":\"ListItem\",\"position\":1,\"name\":\"Hem\",\"item\":\"https:\\\/\\\/lightweb.dev\\\/l\\\/svm-temp\\\/\"},{\"@type\":\"ListItem\",\"position\":2,\"name\":\"V\u00e4rldsartister ger Starlite extra stj\u00e4rnglans\"}]},{\"@type\":\"WebSite\",\"@id\":\"https:\\\/\\\/lightweb.dev\\\/l\\\/svm-temp\\\/#website\",\"url\":\"https:\\\/\\\/lightweb.dev\\\/l\\\/svm-temp\\\/\",\"name\":\"Svenska Magasinet\",\"description\":\"Dina Spanska nyheter p&aring; Svenska\",\"publisher\":{\"@id\":\"https:\\\/\\\/lightweb.dev\\\/l\\\/svm-temp\\\/#organization\"},\"potentialAction\":[{\"@type\":\"SearchAction\",\"target\":{\"@type\":\"EntryPoint\",\"urlTemplate\":\"https:\\\/\\\/lightweb.dev\\\/l\\\/svm-temp\\\/?s={search_term_string}\"},\"query-input\":{\"@type\":\"PropertyValueSpecification\",\"valueRequired\":true,\"valueName\":\"search_term_string\"}}],\"inLanguage\":\"sv-SE\"},{\"@type\":\"Organization\",\"@id\":\"https:\\\/\\\/lightweb.dev\\\/l\\\/svm-temp\\\/#organization\",\"name\":\"Melkerson y Nott SL\",\"alternateName\":\"Svenska Magasinet\",\"url\":\"https:\\\/\\\/lightweb.dev\\\/l\\\/svm-temp\\\/\",\"logo\":{\"@type\":\"ImageObject\",\"inLanguage\":\"sv-SE\",\"@id\":\"https:\\\/\\\/lightweb.dev\\\/l\\\/svm-temp\\\/#\\\/schema\\\/logo\\\/image\\\/\",\"url\":\"https:\\\/\\\/lightweb.dev\\\/l\\\/svm-temp\\\/wp-content\\\/uploads\\\/2025\\\/02\\\/SvM-logo-Xtra-Centrerad-SVART.png\",\"contentUrl\":\"https:\\\/\\\/lightweb.dev\\\/l\\\/svm-temp\\\/wp-content\\\/uploads\\\/2025\\\/02\\\/SvM-logo-Xtra-Centrerad-SVART.png\",\"width\":300,\"height\":99,\"caption\":\"Melkerson y Nott SL\"},\"image\":{\"@id\":\"https:\\\/\\\/lightweb.dev\\\/l\\\/svm-temp\\\/#\\\/schema\\\/logo\\\/image\\\/\"},\"sameAs\":[\"https:\\\/\\\/www.facebook.com\\\/svenskamagasinet\",\"https:\\\/\\\/x.com\\\/SvenskaMagasine\"]},{\"@type\":\"Person\",\"@id\":\"https:\\\/\\\/lightweb.dev\\\/l\\\/svm-temp\\\/#\\\/schema\\\/person\\\/206a3bda5b607b0c25e1749191e4d837\",\"name\":\"Redaktionen SvM\",\"description\":\"Redaktionen\",\"sameAs\":[\"https:\\\/\\\/lightweb.dev\\\/l\\\/svm-temp\"],\"url\":\"https:\\\/\\\/lightweb.dev\\\/l\\\/svm-temp\\\/reporter\\\/redaktionen\\\/\"}]}<\/script>\n<!-- \/ Yoast SEO Premium plugin. -->","yoast_head_json":{"title":"V\u00e4rldsartister ger Starlite extra stj\u00e4rnglans - Svenska Magasinet","robots":{"index":"noindex","follow":"follow","max-snippet":"max-snippet:-1","max-image-preview":"max-image-preview:large","max-video-preview":"max-video-preview:-1"},"og_locale":"sv_SE","og_type":"article","og_title":"V\u00e4rldsartister ger Starlite extra stj\u00e4rnglans","og_description":"Det kommer att bli en makal\u00f6s musiksommar i Marbella n\u00e4r v\u00e4rldsartister som Julio och Enrique Iglesisas, Jamie Cullum, Buena Vista Social Club, Paco De Luc\u00eda, Mal\u00fa och inte minst David Bisbal upptr\u00e4der under Starlite Festival. Av Lotti Ander Starlite Festival blev en formidabel succ\u00e9 f\u00f6rra \u00e5ret. Tusentals kom, s\u00e5g och nj\u00f6t av spanska och internationella [&hellip;]","og_url":"https:\/\/lightweb.dev\/l\/svm-temp\/artiklar\/varldsartister-ger-starlite-extra-stjarnglans\/","og_site_name":"Svenska Magasinet","article_publisher":"https:\/\/www.facebook.com\/svenskamagasinet","article_published_time":"2013-05-12T22:00:00+00:00","og_image":[{"width":280,"height":280,"url":"https:\/\/lightweb.dev\/l\/svm-temp\/wp-content\/uploads\/2022\/04\/vrldsartister-ger-starlite-extra-stjrnglans.png","type":"image\/png"}],"author":"Redaktionen SvM","twitter_card":"summary_large_image","twitter_creator":"@SvenskaMagasine","twitter_site":"@SvenskaMagasine","schema":{"@context":"https:\/\/schema.org","@graph":[{"@type":"Article","@id":"https:\/\/lightweb.dev\/l\/svm-temp\/artiklar\/varldsartister-ger-starlite-extra-stjarnglans\/#article","isPartOf":{"@id":"https:\/\/lightweb.dev\/l\/svm-temp\/artiklar\/varldsartister-ger-starlite-extra-stjarnglans\/"},"author":{"name":"Redaktionen SvM","@id":"https:\/\/lightweb.dev\/l\/svm-temp\/#\/schema\/person\/206a3bda5b607b0c25e1749191e4d837"},"headline":"V\u00e4rldsartister ger Starlite extra stj\u00e4rnglans","datePublished":"2013-05-12T22:00:00+00:00","mainEntityOfPage":{"@id":"https:\/\/lightweb.dev\/l\/svm-temp\/artiklar\/varldsartister-ger-starlite-extra-stjarnglans\/"},"wordCount":1104,"commentCount":0,"publisher":{"@id":"https:\/\/lightweb.dev\/l\/svm-temp\/#organization"},"image":{"@id":"https:\/\/lightweb.dev\/l\/svm-temp\/artiklar\/varldsartister-ger-starlite-extra-stjarnglans\/#primaryimage"},"thumbnailUrl":"https:\/\/lightweb.dev\/l\/svm-temp\/wp-content\/uploads\/2022\/04\/vrldsartister-ger-starlite-extra-stjrnglans.png","articleSection":["Arkiv","Artiklar"],"inLanguage":"sv-SE"},{"@type":"WebPage","@id":"https:\/\/lightweb.dev\/l\/svm-temp\/artiklar\/varldsartister-ger-starlite-extra-stjarnglans\/","url":"https:\/\/lightweb.dev\/l\/svm-temp\/artiklar\/varldsartister-ger-starlite-extra-stjarnglans\/","name":"V\u00e4rldsartister ger Starlite extra stj\u00e4rnglans - Svenska Magasinet","isPartOf":{"@id":"https:\/\/lightweb.dev\/l\/svm-temp\/#website"},"primaryImageOfPage":{"@id":"https:\/\/lightweb.dev\/l\/svm-temp\/artiklar\/varldsartister-ger-starlite-extra-stjarnglans\/#primaryimage"},"image":{"@id":"https:\/\/lightweb.dev\/l\/svm-temp\/artiklar\/varldsartister-ger-starlite-extra-stjarnglans\/#primaryimage"},"thumbnailUrl":"https:\/\/lightweb.dev\/l\/svm-temp\/wp-content\/uploads\/2022\/04\/vrldsartister-ger-starlite-extra-stjrnglans.png","datePublished":"2013-05-12T22:00:00+00:00","breadcrumb":{"@id":"https:\/\/lightweb.dev\/l\/svm-temp\/artiklar\/varldsartister-ger-starlite-extra-stjarnglans\/#breadcrumb"},"inLanguage":"sv-SE","potentialAction":[{"@type":"ReadAction","target":["https:\/\/lightweb.dev\/l\/svm-temp\/artiklar\/varldsartister-ger-starlite-extra-stjarnglans\/"]}]},{"@type":"ImageObject","inLanguage":"sv-SE","@id":"https:\/\/lightweb.dev\/l\/svm-temp\/artiklar\/varldsartister-ger-starlite-extra-stjarnglans\/#primaryimage","url":"https:\/\/lightweb.dev\/l\/svm-temp\/wp-content\/uploads\/2022\/04\/vrldsartister-ger-starlite-extra-stjrnglans.png","contentUrl":"https:\/\/lightweb.dev\/l\/svm-temp\/wp-content\/uploads\/2022\/04\/vrldsartister-ger-starlite-extra-stjrnglans.png","width":280,"height":280},{"@type":"BreadcrumbList","@id":"https:\/\/lightweb.dev\/l\/svm-temp\/artiklar\/varldsartister-ger-starlite-extra-stjarnglans\/#breadcrumb","itemListElement":[{"@type":"ListItem","position":1,"name":"Hem","item":"https:\/\/lightweb.dev\/l\/svm-temp\/"},{"@type":"ListItem","position":2,"name":"V\u00e4rldsartister ger Starlite extra stj\u00e4rnglans"}]},{"@type":"WebSite","@id":"https:\/\/lightweb.dev\/l\/svm-temp\/#website","url":"https:\/\/lightweb.dev\/l\/svm-temp\/","name":"Svenska Magasinet","description":"Dina Spanska nyheter p&aring; Svenska","publisher":{"@id":"https:\/\/lightweb.dev\/l\/svm-temp\/#organization"},"potentialAction":[{"@type":"SearchAction","target":{"@type":"EntryPoint","urlTemplate":"https:\/\/lightweb.dev\/l\/svm-temp\/?s={search_term_string}"},"query-input":{"@type":"PropertyValueSpecification","valueRequired":true,"valueName":"search_term_string"}}],"inLanguage":"sv-SE"},{"@type":"Organization","@id":"https:\/\/lightweb.dev\/l\/svm-temp\/#organization","name":"Melkerson y Nott SL","alternateName":"Svenska Magasinet","url":"https:\/\/lightweb.dev\/l\/svm-temp\/","logo":{"@type":"ImageObject","inLanguage":"sv-SE","@id":"https:\/\/lightweb.dev\/l\/svm-temp\/#\/schema\/logo\/image\/","url":"https:\/\/lightweb.dev\/l\/svm-temp\/wp-content\/uploads\/2025\/02\/SvM-logo-Xtra-Centrerad-SVART.png","contentUrl":"https:\/\/lightweb.dev\/l\/svm-temp\/wp-content\/uploads\/2025\/02\/SvM-logo-Xtra-Centrerad-SVART.png","width":300,"height":99,"caption":"Melkerson y Nott SL"},"image":{"@id":"https:\/\/lightweb.dev\/l\/svm-temp\/#\/schema\/logo\/image\/"},"sameAs":["https:\/\/www.facebook.com\/svenskamagasinet","https:\/\/x.com\/SvenskaMagasine"]},{"@type":"Person","@id":"https:\/\/lightweb.dev\/l\/svm-temp\/#\/schema\/person\/206a3bda5b607b0c25e1749191e4d837","name":"Redaktionen SvM","description":"Redaktionen","sameAs":["https:\/\/lightweb.dev\/l\/svm-temp"],"url":"https:\/\/lightweb.dev\/l\/svm-temp\/reporter\/redaktionen\/"}]}},"_links":{"self":[{"href":"https:\/\/lightweb.dev\/l\/svm-temp\/wp-json\/wp\/v2\/posts\/4273","targetHints":{"allow":["GET"]}}],"collection":[{"href":"https:\/\/lightweb.dev\/l\/svm-temp\/wp-json\/wp\/v2\/posts"}],"about":[{"href":"https:\/\/lightweb.dev\/l\/svm-temp\/wp-json\/wp\/v2\/types\/post"}],"author":[{"embeddable":true,"href":"https:\/\/lightweb.dev\/l\/svm-temp\/wp-json\/wp\/v2\/users\/8"}],"replies":[{"embeddable":true,"href":"https:\/\/lightweb.dev\/l\/svm-temp\/wp-json\/wp\/v2\/comments?post=4273"}],"version-history":[{"count":0,"href":"https:\/\/lightweb.dev\/l\/svm-temp\/wp-json\/wp\/v2\/posts\/4273\/revisions"}],"wp:featuredmedia":[{"embeddable":true,"href":"https:\/\/lightweb.dev\/l\/svm-temp\/wp-json\/wp\/v2\/media\/4274"}],"wp:attachment":[{"href":"https:\/\/lightweb.dev\/l\/svm-temp\/wp-json\/wp\/v2\/media?parent=4273"}],"wp:term":[{"taxonomy":"category","embeddable":true,"href":"https:\/\/lightweb.dev\/l\/svm-temp\/wp-json\/wp\/v2\/categories?post=4273"},{"taxonomy":"post_tag","embeddable":true,"href":"https:\/\/lightweb.dev\/l\/svm-temp\/wp-json\/wp\/v2\/tags?post=4273"}],"curies":[{"name":"wp","href":"https:\/\/api.w.org\/{rel}","templated":true}]}}