{"id":4287,"date":"2013-04-10T00:00:00","date_gmt":"2013-04-09T22:00:00","guid":{"rendered":"https:\/\/lightweb.dev\/l\/svm-temp\/la-paloma-parken-i-benalmadena\/"},"modified":"2013-04-10T00:00:00","modified_gmt":"2013-04-09T22:00:00","slug":"la-paloma-parken-i-benalmadena","status":"publish","type":"post","link":"https:\/\/lightweb.dev\/l\/svm-temp\/artiklar\/la-paloma-parken-i-benalmadena\/","title":{"rendered":"La Paloma-parken i Benalm\u00e1dena"},"content":{"rendered":"<p> Det blommar alltid nya tr\u00e4d i den h\u00e4rliga Palomaparken i Benalmadena. Den \u00e4r v\u00e4l v\u00e4rd en utflykt eller g\u00e4rna flera vid olika \u00e5rstider, eftersom man planterat tr\u00e4d fr\u00e5n hela v\u00e4rlden och det finns alltid n\u00e5gra som blommar. Text\/Foto: Lennart Ekman, e-post: lennartekman@hotmail.com<br \/>\nI mars bj\u00f6d judastr\u00e4den , Cercis siliquastrum, p\u00e5 sina rosa blommor, som enligt s\u00e4gnen var vita en g\u00e5ng men rodnade av skam \u00f6ver Judas f\u00f6rr\u00e4deri. Sm\u00e5 gr\u00f6na papegojor \u00e5t glatt av blomknopparna och det kan vi ocks\u00e5 g\u00f6ra, i en sallad t ex g\u00f6r de sig fint. P\u00e5 bilden ser ni fenomenet cauliflori som anger att blommorna kan sl\u00e5 ut direkt p\u00e5 stammen, vilket judastr\u00e4det \u00e4r n\u00e4stan ensamt om.<br \/>\nL\u00e4kekoralltr\u00e4den, Erythrina lysistemon, fr\u00e5n Sydafrika blommade vilt med sina klarr\u00f6da blommor. I folkmedicin l\u00e4kte man s\u00e5r och d\u00e4mpade f\u00f6dslov\u00e5ndor med avkok av blommorna eller bladen.<br \/>\n\u00d6verallt i Palomaparken v\u00e4xer det sydamerikanska kermestr\u00e4det, Phytolacca dioica. Det blommar snart med diskreta h\u00e4ngen men \u00e4r mest till f\u00f6r att ge skugga. Bella sombra, vacker skugga, kallas det eller Omb\u00fa p\u00e5 urbefolkningens spr\u00e5k. P\u00e5 bilden fr\u00e5n i p\u00e5skas finns inga skuggande blad \u00e4n. Tr\u00e4det, som \u00e4r det enda som trivs p\u00e5 Pampas, \u00e4r m\u00e4rkligt nog en \u00f6rt .Det har inga \u00e5rsringar. R\u00f6tterna breder oh\u00e4mmat ut sig \u00f6ver markytan. Se t ex det enorma kermestr\u00e4det nedanf\u00f6r Svenska kyrkan i Fuengirola.<br \/>\nTill h\u00f6sten blommar silkesbomullstr\u00e4det, Ceiba speciosa, ocks\u00e5 kallat Chorisia och det kommer ocks\u00e5 fr\u00e5n Sydamerika.1800-talstecknaren Choris fick \u00e4ran att ge namn \u00e5t det vackert  blommande tr\u00e4det. Det \u00e4r ett flasktr\u00e4d med den uppsv\u00e4llda stammen full av hemska taggar och inuti \u00e4r det som en svamp som kan lagra vatten. Palo boracho, berusade tr\u00e4det, heter det p\u00e5 spanska. N\u00e4r bilden togs i mars fanns inte de otroliga blommorna men h\u00e4r ser man de stora fruktkapslarna som spricker och avsl\u00f6jar sitt bomullsliknande inneh\u00e5ll, som man kan stoppa i dynor och kuddar. Obs att det sitter duvor bland frukterna ocks\u00e5. Orkid\u00e9tr\u00e4dens blomning \u00e4r p\u00e5 g\u00e5ng och till sommaren blommar de st\u00e5tliga katalpatr\u00e4den som just nu pryds av l\u00e5nga fr\u00f6skidor. Kaktussamlingen med inslag av agaver, aloe, drakblodstr\u00e4d och andra s\u00e4regna v\u00e4xter \u00e4r mycket sev\u00e4rd.<br \/>\nAnnars livas parken upp av frig\u00e5ende h\u00f6ns, kaniner och p\u00e5f\u00e5glar. Den stora dammen \u00e4r ocks\u00e5 full av liv liksom kaf\u00e9erna och den sp\u00e4nnande lekparken.<br \/>\nP\u00e5 andra sidan gatan mitt emot stora ing\u00e5ngen finns en mindre park med en samling tr\u00e4d och ett plus med den \u00e4r namnskyltarna p\u00e5 latin och spanska.<br \/>\nMissa inte Palomaparken. Den \u00e4r unik.<\/p>\n","protected":false},"excerpt":{"rendered":"<p>Det blommar alltid nya tr\u00e4d i den h\u00e4rliga Palomaparken i Benalmadena. Den \u00e4r v\u00e4l v\u00e4rd en utflykt eller g\u00e4rna flera vid olika \u00e5rstider, eftersom man planterat tr\u00e4d fr\u00e5n hela v\u00e4rlden och det finns alltid n\u00e5gra som blommar. Text\/Foto: Lennart Ekman, e-post: lennartekman@hotmail.com I mars bj\u00f6d judastr\u00e4den , Cercis siliquastrum, p\u00e5 sina rosa blommor, som enligt [&hellip;]<\/p>\n","protected":false},"author":8,"featured_media":4288,"comment_status":"open","ping_status":"open","sticky":false,"template":"","format":"standard","meta":{"_et_pb_use_builder":"","_et_pb_old_content":"","_et_gb_content_width":"","footnotes":""},"categories":[4,37],"tags":[],"class_list":["post-4287","post","type-post","status-publish","format-standard","has-post-thumbnail","hentry","category-artiklar","category-hem-bostad"],"yoast_head":"<!-- This site is optimized with the Yoast SEO Premium plugin v26.2 (Yoast SEO v27.5) - https:\/\/yoast.com\/product\/yoast-seo-premium-wordpress\/ -->\n<title>La Paloma-parken i Benalm\u00e1dena - Svenska Magasinet<\/title>\n<meta name=\"robots\" content=\"noindex, follow, max-snippet:-1, max-image-preview:large, max-video-preview:-1\" \/>\n<meta property=\"og:locale\" content=\"sv_SE\" \/>\n<meta property=\"og:type\" content=\"article\" \/>\n<meta property=\"og:title\" content=\"La Paloma-parken i Benalm\u00e1dena\" \/>\n<meta property=\"og:description\" content=\"Det blommar alltid nya tr\u00e4d i den h\u00e4rliga Palomaparken i Benalmadena. Den \u00e4r v\u00e4l v\u00e4rd en utflykt eller g\u00e4rna flera vid olika \u00e5rstider, eftersom man planterat tr\u00e4d fr\u00e5n hela v\u00e4rlden och det finns alltid n\u00e5gra som blommar. Text\/Foto: Lennart Ekman, e-post: lennartekman@hotmail.com I mars bj\u00f6d judastr\u00e4den , Cercis siliquastrum, p\u00e5 sina rosa blommor, som enligt [&hellip;]\" \/>\n<meta property=\"og:url\" content=\"https:\/\/lightweb.dev\/l\/svm-temp\/artiklar\/la-paloma-parken-i-benalmadena\/\" \/>\n<meta property=\"og:site_name\" content=\"Svenska Magasinet\" \/>\n<meta property=\"article:publisher\" content=\"https:\/\/www.facebook.com\/svenskamagasinet\" \/>\n<meta property=\"article:published_time\" content=\"2013-04-09T22:00:00+00:00\" \/>\n<meta property=\"og:image\" content=\"https:\/\/lightweb.dev\/l\/svm-temp\/wp-content\/uploads\/2022\/04\/la-paloma-parken-i-benalmdena.png\" \/>\n\t<meta property=\"og:image:width\" content=\"280\" \/>\n\t<meta property=\"og:image:height\" content=\"210\" \/>\n\t<meta property=\"og:image:type\" content=\"image\/png\" \/>\n<meta name=\"author\" content=\"Redaktionen SvM\" \/>\n<meta name=\"twitter:card\" content=\"summary_large_image\" \/>\n<meta name=\"twitter:creator\" content=\"@SvenskaMagasine\" \/>\n<meta name=\"twitter:site\" content=\"@SvenskaMagasine\" \/>\n<script type=\"application\/ld+json\" class=\"yoast-schema-graph\">{\"@context\":\"https:\\\/\\\/schema.org\",\"@graph\":[{\"@type\":\"Article\",\"@id\":\"https:\\\/\\\/lightweb.dev\\\/l\\\/svm-temp\\\/artiklar\\\/la-paloma-parken-i-benalmadena\\\/#article\",\"isPartOf\":{\"@id\":\"https:\\\/\\\/lightweb.dev\\\/l\\\/svm-temp\\\/artiklar\\\/la-paloma-parken-i-benalmadena\\\/\"},\"author\":{\"name\":\"Redaktionen SvM\",\"@id\":\"https:\\\/\\\/lightweb.dev\\\/l\\\/svm-temp\\\/#\\\/schema\\\/person\\\/206a3bda5b607b0c25e1749191e4d837\"},\"headline\":\"La Paloma-parken i Benalm\u00e1dena\",\"datePublished\":\"2013-04-09T22:00:00+00:00\",\"mainEntityOfPage\":{\"@id\":\"https:\\\/\\\/lightweb.dev\\\/l\\\/svm-temp\\\/artiklar\\\/la-paloma-parken-i-benalmadena\\\/\"},\"wordCount\":483,\"commentCount\":0,\"publisher\":{\"@id\":\"https:\\\/\\\/lightweb.dev\\\/l\\\/svm-temp\\\/#organization\"},\"image\":{\"@id\":\"https:\\\/\\\/lightweb.dev\\\/l\\\/svm-temp\\\/artiklar\\\/la-paloma-parken-i-benalmadena\\\/#primaryimage\"},\"thumbnailUrl\":\"https:\\\/\\\/lightweb.dev\\\/l\\\/svm-temp\\\/wp-content\\\/uploads\\\/2022\\\/04\\\/la-paloma-parken-i-benalmdena.png\",\"articleSection\":[\"Artiklar\",\"Hem &amp; bostad\"],\"inLanguage\":\"sv-SE\"},{\"@type\":\"WebPage\",\"@id\":\"https:\\\/\\\/lightweb.dev\\\/l\\\/svm-temp\\\/artiklar\\\/la-paloma-parken-i-benalmadena\\\/\",\"url\":\"https:\\\/\\\/lightweb.dev\\\/l\\\/svm-temp\\\/artiklar\\\/la-paloma-parken-i-benalmadena\\\/\",\"name\":\"La Paloma-parken i Benalm\u00e1dena - Svenska Magasinet\",\"isPartOf\":{\"@id\":\"https:\\\/\\\/lightweb.dev\\\/l\\\/svm-temp\\\/#website\"},\"primaryImageOfPage\":{\"@id\":\"https:\\\/\\\/lightweb.dev\\\/l\\\/svm-temp\\\/artiklar\\\/la-paloma-parken-i-benalmadena\\\/#primaryimage\"},\"image\":{\"@id\":\"https:\\\/\\\/lightweb.dev\\\/l\\\/svm-temp\\\/artiklar\\\/la-paloma-parken-i-benalmadena\\\/#primaryimage\"},\"thumbnailUrl\":\"https:\\\/\\\/lightweb.dev\\\/l\\\/svm-temp\\\/wp-content\\\/uploads\\\/2022\\\/04\\\/la-paloma-parken-i-benalmdena.png\",\"datePublished\":\"2013-04-09T22:00:00+00:00\",\"breadcrumb\":{\"@id\":\"https:\\\/\\\/lightweb.dev\\\/l\\\/svm-temp\\\/artiklar\\\/la-paloma-parken-i-benalmadena\\\/#breadcrumb\"},\"inLanguage\":\"sv-SE\",\"potentialAction\":[{\"@type\":\"ReadAction\",\"target\":[\"https:\\\/\\\/lightweb.dev\\\/l\\\/svm-temp\\\/artiklar\\\/la-paloma-parken-i-benalmadena\\\/\"]}]},{\"@type\":\"ImageObject\",\"inLanguage\":\"sv-SE\",\"@id\":\"https:\\\/\\\/lightweb.dev\\\/l\\\/svm-temp\\\/artiklar\\\/la-paloma-parken-i-benalmadena\\\/#primaryimage\",\"url\":\"https:\\\/\\\/lightweb.dev\\\/l\\\/svm-temp\\\/wp-content\\\/uploads\\\/2022\\\/04\\\/la-paloma-parken-i-benalmdena.png\",\"contentUrl\":\"https:\\\/\\\/lightweb.dev\\\/l\\\/svm-temp\\\/wp-content\\\/uploads\\\/2022\\\/04\\\/la-paloma-parken-i-benalmdena.png\",\"width\":280,\"height\":210},{\"@type\":\"BreadcrumbList\",\"@id\":\"https:\\\/\\\/lightweb.dev\\\/l\\\/svm-temp\\\/artiklar\\\/la-paloma-parken-i-benalmadena\\\/#breadcrumb\",\"itemListElement\":[{\"@type\":\"ListItem\",\"position\":1,\"name\":\"Hem\",\"item\":\"https:\\\/\\\/lightweb.dev\\\/l\\\/svm-temp\\\/\"},{\"@type\":\"ListItem\",\"position\":2,\"name\":\"La Paloma-parken i Benalm\u00e1dena\"}]},{\"@type\":\"WebSite\",\"@id\":\"https:\\\/\\\/lightweb.dev\\\/l\\\/svm-temp\\\/#website\",\"url\":\"https:\\\/\\\/lightweb.dev\\\/l\\\/svm-temp\\\/\",\"name\":\"Svenska Magasinet\",\"description\":\"Dina Spanska nyheter p&aring; Svenska\",\"publisher\":{\"@id\":\"https:\\\/\\\/lightweb.dev\\\/l\\\/svm-temp\\\/#organization\"},\"potentialAction\":[{\"@type\":\"SearchAction\",\"target\":{\"@type\":\"EntryPoint\",\"urlTemplate\":\"https:\\\/\\\/lightweb.dev\\\/l\\\/svm-temp\\\/?s={search_term_string}\"},\"query-input\":{\"@type\":\"PropertyValueSpecification\",\"valueRequired\":true,\"valueName\":\"search_term_string\"}}],\"inLanguage\":\"sv-SE\"},{\"@type\":\"Organization\",\"@id\":\"https:\\\/\\\/lightweb.dev\\\/l\\\/svm-temp\\\/#organization\",\"name\":\"Melkerson y Nott SL\",\"alternateName\":\"Svenska Magasinet\",\"url\":\"https:\\\/\\\/lightweb.dev\\\/l\\\/svm-temp\\\/\",\"logo\":{\"@type\":\"ImageObject\",\"inLanguage\":\"sv-SE\",\"@id\":\"https:\\\/\\\/lightweb.dev\\\/l\\\/svm-temp\\\/#\\\/schema\\\/logo\\\/image\\\/\",\"url\":\"https:\\\/\\\/lightweb.dev\\\/l\\\/svm-temp\\\/wp-content\\\/uploads\\\/2025\\\/02\\\/SvM-logo-Xtra-Centrerad-SVART.png\",\"contentUrl\":\"https:\\\/\\\/lightweb.dev\\\/l\\\/svm-temp\\\/wp-content\\\/uploads\\\/2025\\\/02\\\/SvM-logo-Xtra-Centrerad-SVART.png\",\"width\":300,\"height\":99,\"caption\":\"Melkerson y Nott SL\"},\"image\":{\"@id\":\"https:\\\/\\\/lightweb.dev\\\/l\\\/svm-temp\\\/#\\\/schema\\\/logo\\\/image\\\/\"},\"sameAs\":[\"https:\\\/\\\/www.facebook.com\\\/svenskamagasinet\",\"https:\\\/\\\/x.com\\\/SvenskaMagasine\"]},{\"@type\":\"Person\",\"@id\":\"https:\\\/\\\/lightweb.dev\\\/l\\\/svm-temp\\\/#\\\/schema\\\/person\\\/206a3bda5b607b0c25e1749191e4d837\",\"name\":\"Redaktionen SvM\",\"description\":\"Redaktionen\",\"sameAs\":[\"https:\\\/\\\/lightweb.dev\\\/l\\\/svm-temp\"],\"url\":\"https:\\\/\\\/lightweb.dev\\\/l\\\/svm-temp\\\/reporter\\\/redaktionen\\\/\"}]}<\/script>\n<!-- \/ Yoast SEO Premium plugin. -->","yoast_head_json":{"title":"La Paloma-parken i Benalm\u00e1dena - Svenska Magasinet","robots":{"index":"noindex","follow":"follow","max-snippet":"max-snippet:-1","max-image-preview":"max-image-preview:large","max-video-preview":"max-video-preview:-1"},"og_locale":"sv_SE","og_type":"article","og_title":"La Paloma-parken i Benalm\u00e1dena","og_description":"Det blommar alltid nya tr\u00e4d i den h\u00e4rliga Palomaparken i Benalmadena. Den \u00e4r v\u00e4l v\u00e4rd en utflykt eller g\u00e4rna flera vid olika \u00e5rstider, eftersom man planterat tr\u00e4d fr\u00e5n hela v\u00e4rlden och det finns alltid n\u00e5gra som blommar. Text\/Foto: Lennart Ekman, e-post: lennartekman@hotmail.com I mars bj\u00f6d judastr\u00e4den , Cercis siliquastrum, p\u00e5 sina rosa blommor, som enligt [&hellip;]","og_url":"https:\/\/lightweb.dev\/l\/svm-temp\/artiklar\/la-paloma-parken-i-benalmadena\/","og_site_name":"Svenska Magasinet","article_publisher":"https:\/\/www.facebook.com\/svenskamagasinet","article_published_time":"2013-04-09T22:00:00+00:00","og_image":[{"width":280,"height":210,"url":"https:\/\/lightweb.dev\/l\/svm-temp\/wp-content\/uploads\/2022\/04\/la-paloma-parken-i-benalmdena.png","type":"image\/png"}],"author":"Redaktionen SvM","twitter_card":"summary_large_image","twitter_creator":"@SvenskaMagasine","twitter_site":"@SvenskaMagasine","schema":{"@context":"https:\/\/schema.org","@graph":[{"@type":"Article","@id":"https:\/\/lightweb.dev\/l\/svm-temp\/artiklar\/la-paloma-parken-i-benalmadena\/#article","isPartOf":{"@id":"https:\/\/lightweb.dev\/l\/svm-temp\/artiklar\/la-paloma-parken-i-benalmadena\/"},"author":{"name":"Redaktionen SvM","@id":"https:\/\/lightweb.dev\/l\/svm-temp\/#\/schema\/person\/206a3bda5b607b0c25e1749191e4d837"},"headline":"La Paloma-parken i Benalm\u00e1dena","datePublished":"2013-04-09T22:00:00+00:00","mainEntityOfPage":{"@id":"https:\/\/lightweb.dev\/l\/svm-temp\/artiklar\/la-paloma-parken-i-benalmadena\/"},"wordCount":483,"commentCount":0,"publisher":{"@id":"https:\/\/lightweb.dev\/l\/svm-temp\/#organization"},"image":{"@id":"https:\/\/lightweb.dev\/l\/svm-temp\/artiklar\/la-paloma-parken-i-benalmadena\/#primaryimage"},"thumbnailUrl":"https:\/\/lightweb.dev\/l\/svm-temp\/wp-content\/uploads\/2022\/04\/la-paloma-parken-i-benalmdena.png","articleSection":["Artiklar","Hem &amp; bostad"],"inLanguage":"sv-SE"},{"@type":"WebPage","@id":"https:\/\/lightweb.dev\/l\/svm-temp\/artiklar\/la-paloma-parken-i-benalmadena\/","url":"https:\/\/lightweb.dev\/l\/svm-temp\/artiklar\/la-paloma-parken-i-benalmadena\/","name":"La Paloma-parken i Benalm\u00e1dena - Svenska Magasinet","isPartOf":{"@id":"https:\/\/lightweb.dev\/l\/svm-temp\/#website"},"primaryImageOfPage":{"@id":"https:\/\/lightweb.dev\/l\/svm-temp\/artiklar\/la-paloma-parken-i-benalmadena\/#primaryimage"},"image":{"@id":"https:\/\/lightweb.dev\/l\/svm-temp\/artiklar\/la-paloma-parken-i-benalmadena\/#primaryimage"},"thumbnailUrl":"https:\/\/lightweb.dev\/l\/svm-temp\/wp-content\/uploads\/2022\/04\/la-paloma-parken-i-benalmdena.png","datePublished":"2013-04-09T22:00:00+00:00","breadcrumb":{"@id":"https:\/\/lightweb.dev\/l\/svm-temp\/artiklar\/la-paloma-parken-i-benalmadena\/#breadcrumb"},"inLanguage":"sv-SE","potentialAction":[{"@type":"ReadAction","target":["https:\/\/lightweb.dev\/l\/svm-temp\/artiklar\/la-paloma-parken-i-benalmadena\/"]}]},{"@type":"ImageObject","inLanguage":"sv-SE","@id":"https:\/\/lightweb.dev\/l\/svm-temp\/artiklar\/la-paloma-parken-i-benalmadena\/#primaryimage","url":"https:\/\/lightweb.dev\/l\/svm-temp\/wp-content\/uploads\/2022\/04\/la-paloma-parken-i-benalmdena.png","contentUrl":"https:\/\/lightweb.dev\/l\/svm-temp\/wp-content\/uploads\/2022\/04\/la-paloma-parken-i-benalmdena.png","width":280,"height":210},{"@type":"BreadcrumbList","@id":"https:\/\/lightweb.dev\/l\/svm-temp\/artiklar\/la-paloma-parken-i-benalmadena\/#breadcrumb","itemListElement":[{"@type":"ListItem","position":1,"name":"Hem","item":"https:\/\/lightweb.dev\/l\/svm-temp\/"},{"@type":"ListItem","position":2,"name":"La Paloma-parken i Benalm\u00e1dena"}]},{"@type":"WebSite","@id":"https:\/\/lightweb.dev\/l\/svm-temp\/#website","url":"https:\/\/lightweb.dev\/l\/svm-temp\/","name":"Svenska Magasinet","description":"Dina Spanska nyheter p&aring; Svenska","publisher":{"@id":"https:\/\/lightweb.dev\/l\/svm-temp\/#organization"},"potentialAction":[{"@type":"SearchAction","target":{"@type":"EntryPoint","urlTemplate":"https:\/\/lightweb.dev\/l\/svm-temp\/?s={search_term_string}"},"query-input":{"@type":"PropertyValueSpecification","valueRequired":true,"valueName":"search_term_string"}}],"inLanguage":"sv-SE"},{"@type":"Organization","@id":"https:\/\/lightweb.dev\/l\/svm-temp\/#organization","name":"Melkerson y Nott SL","alternateName":"Svenska Magasinet","url":"https:\/\/lightweb.dev\/l\/svm-temp\/","logo":{"@type":"ImageObject","inLanguage":"sv-SE","@id":"https:\/\/lightweb.dev\/l\/svm-temp\/#\/schema\/logo\/image\/","url":"https:\/\/lightweb.dev\/l\/svm-temp\/wp-content\/uploads\/2025\/02\/SvM-logo-Xtra-Centrerad-SVART.png","contentUrl":"https:\/\/lightweb.dev\/l\/svm-temp\/wp-content\/uploads\/2025\/02\/SvM-logo-Xtra-Centrerad-SVART.png","width":300,"height":99,"caption":"Melkerson y Nott SL"},"image":{"@id":"https:\/\/lightweb.dev\/l\/svm-temp\/#\/schema\/logo\/image\/"},"sameAs":["https:\/\/www.facebook.com\/svenskamagasinet","https:\/\/x.com\/SvenskaMagasine"]},{"@type":"Person","@id":"https:\/\/lightweb.dev\/l\/svm-temp\/#\/schema\/person\/206a3bda5b607b0c25e1749191e4d837","name":"Redaktionen SvM","description":"Redaktionen","sameAs":["https:\/\/lightweb.dev\/l\/svm-temp"],"url":"https:\/\/lightweb.dev\/l\/svm-temp\/reporter\/redaktionen\/"}]}},"_links":{"self":[{"href":"https:\/\/lightweb.dev\/l\/svm-temp\/wp-json\/wp\/v2\/posts\/4287","targetHints":{"allow":["GET"]}}],"collection":[{"href":"https:\/\/lightweb.dev\/l\/svm-temp\/wp-json\/wp\/v2\/posts"}],"about":[{"href":"https:\/\/lightweb.dev\/l\/svm-temp\/wp-json\/wp\/v2\/types\/post"}],"author":[{"embeddable":true,"href":"https:\/\/lightweb.dev\/l\/svm-temp\/wp-json\/wp\/v2\/users\/8"}],"replies":[{"embeddable":true,"href":"https:\/\/lightweb.dev\/l\/svm-temp\/wp-json\/wp\/v2\/comments?post=4287"}],"version-history":[{"count":0,"href":"https:\/\/lightweb.dev\/l\/svm-temp\/wp-json\/wp\/v2\/posts\/4287\/revisions"}],"wp:featuredmedia":[{"embeddable":true,"href":"https:\/\/lightweb.dev\/l\/svm-temp\/wp-json\/wp\/v2\/media\/4288"}],"wp:attachment":[{"href":"https:\/\/lightweb.dev\/l\/svm-temp\/wp-json\/wp\/v2\/media?parent=4287"}],"wp:term":[{"taxonomy":"category","embeddable":true,"href":"https:\/\/lightweb.dev\/l\/svm-temp\/wp-json\/wp\/v2\/categories?post=4287"},{"taxonomy":"post_tag","embeddable":true,"href":"https:\/\/lightweb.dev\/l\/svm-temp\/wp-json\/wp\/v2\/tags?post=4287"}],"curies":[{"name":"wp","href":"https:\/\/api.w.org\/{rel}","templated":true}]}}