{"id":4289,"date":"2013-04-10T00:00:00","date_gmt":"2013-04-09T22:00:00","guid":{"rendered":"https:\/\/lightweb.dev\/l\/svm-temp\/anders-berglund-sitter-i-nerja-och-skriver-pa-ny-musikal\/"},"modified":"2025-08-27T11:34:31","modified_gmt":"2025-08-27T09:34:31","slug":"anders-berglund-sitter-i-nerja-och-skriver-pa-ny-musikal","status":"publish","type":"post","link":"https:\/\/lightweb.dev\/l\/svm-temp\/artiklar\/anders-berglund-sitter-i-nerja-och-skriver-pa-ny-musikal\/","title":{"rendered":"Anders Berglund sitter i Nerja och skriver p\u00e5 ny musikal"},"content":{"rendered":"<p><strong>Vi har sett honom dirigera orkestrar i 29 melodifestivaler. I mitten av maj \u00e4r det dags f\u00f6r Europafinalen vid Eurovision Song Contest som lockar miljontals svenska tv-tittare.<\/strong><\/p>\n<p><strong>F\u00f6r kapellm\u00e4stare Anders Berglund har det blivit ett \u201dartificiellt evenemang\u201d.<\/strong><\/p>\n<p>Vid showen \u201dA tribute to Charlie\u201d i Mijas tidigare i \u00e5r fick vi se Robert Wells locka upp Anders Berglund p\u00e5 scen.<\/p>\n<p>&#8211; Det var inte f\u00f6rsta g\u00e5ngen. Man f\u00e5r r\u00e4kna med s\u00e5dant n\u00e4r Robert \u00e4r p\u00e5 scen, s\u00e4ger Anders Berglund och skrattar.<\/p>\n<p>Sedan tv\u00e5 och ett halv \u00e5r har den folkk\u00e4re kapellm\u00e4staren med hustrun Christel ett radhus i Nerja \u00f6ster om M\u00e1laga. Ett av rummen har blivit arbetsrum d\u00e4r Anders f\u00f6r n\u00e4rvarande sitter och skriver p\u00e5 en ny musikal.<\/p>\n<p>&#8211; Som komposit\u00f6r kan man ju sitta var som helst i v\u00e4rlden och jobba, s\u00e4ger Anders n\u00e4r han visar radhuset, arbetsrum och den fantastiska utsikten \u00f6ver Nerja.<\/p>\n<p>Anders \u00e4r dirigent f\u00f6r Sandvikens symfoniorkester och Sveriges Radios symfoniorkester om han inte jobbar med manus, skriver s\u00e5ngtexter och musik. Om ett \u00e5r ska ett helt nytt projekt f\u00f6rl\u00f6sas med premi\u00e4r i G\u00f6teborg. Claes Malmberg \u00e4r en av de som kommer att medverka i en nyskriven musikal.<\/p>\n<p>&#8211; Mer kan jag inte s\u00e4ga just nu. Det \u00e4r ett projekt som jag g\u00f6r tillsammans med manusf\u00f6rfattaren Johan Olsson och Johan Schildt.<\/p>\n<p>I februari satt Anders i en fullsatt salong i Mijas och s\u00e5g Robert Wells g\u00f6ra en hyllningsshow till minne av Charlie Norman. Anders kan i framtiden t\u00e4nka sig att g\u00f6ra n\u00e5got evenemang f\u00f6r svenskkolonin p\u00e5 den spanska Solkusten.<\/p>\n<p>Sedan 1986 \u00e4r han del\u00e4gare i showprojektet Stj\u00e4rnklart som s\u00e4ljs till f\u00f6retag i samband med personalfester. Flera svenska artister medverkar i Stj\u00e4rnklart.<\/p>\n<p>&#8211; Vi k\u00f6r showen i slutet p\u00e5 \u00e5ret. Vi skapar f\u00f6rest\u00e4llningen och s\u00e4ljer biljetter till f\u00f6retag som vill bjuda personalen p\u00e5 n\u00e5got trevligt. Det blir mellan 15 och 20 f\u00f6rest\u00e4llningar p\u00e5 konserthus runt om i Sverige.<\/p>\n<p>&#8211; Det hade varit kul att g\u00f6ra n\u00e5got liknande p\u00e5 Solkusten. Just nu befinner det sig p\u00e5 diskussionsstadiet, det \u00e4r en id\u00e9 vi tittar p\u00e5. Det \u00e4r ett stort evenemang som kr\u00e4ver en tillr\u00e4ckligt stor lokal, po\u00e4ngterar Anders Berglund.<\/p>\n<p>Anders Berglund b\u00f6rjade som pianist i unga \u00e5r. Han var med under Bj\u00f6rn Skifs USA-turn\u00e9 i b\u00f6rjan p\u00e5 1970-talet.<\/p>\n<p>&#8211; Det var en fantastisk tid att f\u00e5 uppleva, att som ung f\u00e5 vara med om framg\u00e5ngen i USA. Likas\u00e5 att vara med n\u00e4r Carola vann melodifestivalen 1991 \u00e4r nog bland det st\u00f6rsta, svarar Anders n\u00e4r jag fr\u00e5gar om de stora \u00f6gonblicken.<\/p>\n<p>I mitten p\u00e5 70-talet slutade Anders att turn\u00e9ra och blev producent, kapellm\u00e4stare, arrang\u00f6r och b\u00f6rjade att komponera. Senare fortsatte det med krogshower, teater och tv. Jag skulle vilja beskriva Anders Berglund som folkk\u00e4r efter otaliga framtr\u00e4danden i S\u00e5 ska det l\u00e5ta och Rhapsody in Rock med Robert Wells.<\/p>\n<p>&#8211; Det finns m\u00e5nga minnesv\u00e4rda \u00f6gonblick. Jag minns speciellt n\u00e4r jag fick producerade Putte Wickman och Svante Thuresson n\u00e4r vi spelade p\u00e5 legendariska jazzklubben Birdland i New York. Och n\u00e4r Robert Wells och jag slog svenskt publikrekord f\u00f6r show med 43.000 p\u00e5 Ullevi. Det var stort.<\/p>\n<p>I mitten av maj avg\u00f6rs Eurovision Song Contest i Malm\u00f6 med final den 18 maj. En g\u00e5ng i tiden var det med orkester och levande musik. Numera \u00e4r det ett \u201dartificiellt evenemang\u201d enligt Anders Berglund.<\/p>\n<p>Han vet vad han talar om. Vid 13 europeiska tillf\u00e4llen var Anders dirigent och kapellm\u00e4stare och vid 16 melodifestivaler i Sverige. Han f\u00f6rst\u00e5r inte varf\u00f6r orkestern \u00e4r borta.<\/p>\n<p>&#8211; Jag \u00e4r ingen schlagern\u00f6rd \u00e4ven om en del kanske tror det. Att dirigera orkestern var ett uppdrag jag fick. Att orsaken skulle vara att f\u00e5 ned totalkostnaden genom att ta bort orkestern tror jag inte p\u00e5. Evenemanget ger hela tiden nya inkomster. Nu f\u00f6r tiden s\u00e4ljs biljetter till tv\u00e5 repetitioner. Det \u00e4r m\u00e4rkligt att det finns en orkester p\u00e5 plats under f\u00f6rsta timmen f\u00f6r att underh\u00e5lla innan s\u00e4ndningen drar ig\u00e5ng.<\/p>\n<p>Dessutom sjunger inte de som representerar sina l\u00e4nder p\u00e5 sitt eget spr\u00e5k, vilket \u00e4r svagt.<\/p>\n<p>&#8211; Personligen gillar jag n\u00e4r artisten sjunger p\u00e5 landets spr\u00e5k. Det \u00e4r trist n\u00e4r ett land inte v\u00e5gar skicka ett bidrag som framf\u00f6rs p\u00e5 sitt eget spr\u00e5k. Anders minns finalen vid Eurovision Song Contest 1999 n\u00e4r den gick i Jerusalem. F\u00f6r f\u00f6rsta g\u00e5ngen var orkestern borta men Anders var p\u00e5 plats i Jerusalem tillsammans med Pekka Heino f\u00f6r att kommentera s\u00e4ndningen i tv.<\/p>\n<p>&#8211; Orkestern var borta f\u00f6r att spara pengar. N\u00e4r vi kom till presscentret fick vi veta att arrang\u00f6ren hade importerat en j\u00e4ttelik ljusrigg fr\u00e5n Tyskland i st\u00e4llet&#8230;<\/p>\n<p>Fr\u00e5n 2001 har den svenska uttagningen till Eurovision varit orkesterl\u00f6s. \u00c4ven om Anders beskriver evenemanget som \u201dmusikaliskt urvattnat\u201d \u00e4r det ett tv-program som lockar miljontals tittare. Sverige och Norge gillar sina melodifestivaler. SVT har \u00e4ven lyckats f\u00e5 med sig kv\u00e4llstidningarna som pumpar p\u00e5 i flera veckor. Fyra miljoner s\u00e5g svenska finalen.<\/p>\n<p>&#8211; Programmet rullar p\u00e5, l\u00f6rdag efter l\u00f6rdag. Det \u00e4r v\u00e4rst f\u00f6r kulturlivet som f\u00e5r sv\u00e5rt att locka befolkningen till andra evenemang s\u00e5 l\u00e4nge t\u00e4vlingarna g\u00e5r. Folk stannar hemma framf\u00f6r tv:n i st\u00e4llet f\u00f6r att g\u00e5 ut. Det \u00e4r f\u00f6r\u00f6dande f\u00f6r Kultursverige.<\/p>\n<p>Det \u00e4r en utveckling vi ser p\u00e5 flera omr\u00e5den i samh\u00e4llet men framf\u00f6r allt i tv. D\u00e4r \u00e4r utbudet av levande musik i minsta laget och m\u00e5nga musiker kommer att f\u00e5 det tufft. Anders tror att vi kommer att f\u00e5 se fler musiker som l\u00e4gger av f\u00f6r att i st\u00e4llet b\u00f6rja k\u00f6ra buss eller jobba som musikl\u00e4rare.<\/p>\n<p>Det h\u00f6js kritiska r\u00f6ster mot SVT att kanalen brister i sitt s\u00e4tt att hantera utbudet. Det m\u00e4rks tydligt n\u00e4r f\u00f6retaget l\u00e4gger ut produktion p\u00e5 produktionsbolag som g\u00f6r samma program som redan g\u00e5r p\u00e5 kommersiell tv.<\/p>\n<h2>Har du n\u00e5gon personlig favorit som du f\u00f6rutsp\u00e5dde skulle g\u00e5 l\u00e5ngt?<\/h2>\n<p>&#8211; Jag m\u00e5ste nog s\u00e4ga n\u00e4r Israel vann 1979 (Milk &amp; Honey med Gali Atari, red. anm.) med l\u00e5ten Hallelujah. En bra melodi, det var inte \u00f6verraskande att den vann. ABBA:s Waterloo \u00e4r en annan favorit.<\/p>\n<p>Numera \u00e4r det Solkusten som g\u00e4ller f\u00f6r Anders Berglund som \u00e4r i Nerja en g\u00e5ng i m\u00e5naden. Hustrun Christel \u00e4r flygv\u00e4rdinna vid SAS s\u00e5 det \u00e4r l\u00e4tt och praktiskt att f\u00e5 till ett liv under den spanska solen.<\/p>\n<p>Det m\u00e4rks att Anders trivs i Nerja. Det \u00e4r en plats med r\u00e4tt milj\u00f6 som inspirerar en kapellm\u00e4stare. Stressen rinner av, fart och tempo avtar. Anders och hustrun Christel letade boplats i Florida, Italien och Frankrike. Sedan tog de flyget till Alicante, tog en hyrbil och k\u00f6rde utmed Medelhavskusten till La Duquesa vid Estepona. Det blev m\u00e5nga stopp. Det sista i Nerja.<\/p>\n<p>Christina Schollin, bosatt i Nerja i m\u00e5nga \u00e5r, hade fixat lunch med en m\u00e4klare som visade oss runt i Nerja-omr\u00e5det. Anders och Christel hade funnit sin plats.<\/p>\n<p>&#8211; En dag var jag ute sj\u00e4lv och k\u00f6rde. Av en ren tillf\u00e4llighet s\u00e5g jag en skylt att det h\u00e4r huset var till f\u00f6rs\u00e4ljning. Jag bad m\u00e4klaren om hj\u00e4lp att kontakta \u00e4garna.<\/p>\n<p>N\u00e4r Anders senare var i Sverige kom ett meddelande fr\u00e5n m\u00e4klaren: \u201dKom ned, titta, k\u00f6p\u201d. Det gjorde Anders.<\/p>\n","protected":false},"excerpt":{"rendered":"<p>Vi har sett honom dirigera orkestrar i 29 melodifestivaler. I mitten av maj \u00e4r det dags f\u00f6r Europafinalen vid Eurovision Song Contest som lockar miljontals svenska tv-tittare. F\u00f6r kapellm\u00e4stare Anders Berglund har det blivit ett \u201dartificiellt evenemang\u201d&#8230;<\/p>\n","protected":false},"author":7,"featured_media":4290,"comment_status":"closed","ping_status":"closed","sticky":false,"template":"","format":"standard","meta":{"_et_pb_use_builder":"","_et_pb_old_content":"","_et_gb_content_width":"","footnotes":""},"categories":[396,4],"tags":[],"class_list":["post-4289","post","type-post","status-publish","format-standard","has-post-thumbnail","hentry","category-arkiv-artiklar","category-artiklar"],"yoast_head":"<!-- This site is optimized with the Yoast SEO Premium plugin v26.2 (Yoast SEO v27.5) - https:\/\/yoast.com\/product\/yoast-seo-premium-wordpress\/ -->\n<title>Anders Berglund sitter i Nerja och skriver p\u00e5 ny musikal - Svenska Magasinet<\/title>\n<meta name=\"robots\" content=\"noindex, follow, max-snippet:-1, max-image-preview:large, max-video-preview:-1\" \/>\n<meta property=\"og:locale\" content=\"sv_SE\" \/>\n<meta property=\"og:type\" content=\"article\" \/>\n<meta property=\"og:title\" content=\"Anders Berglund sitter i Nerja och skriver p\u00e5 ny musikal\" \/>\n<meta property=\"og:description\" content=\"Vi har sett honom dirigera orkestrar i 29 melodifestivaler. I mitten av maj \u00e4r det dags f\u00f6r Europafinalen vid Eurovision Song Contest som lockar miljontals svenska tv-tittare. F\u00f6r kapellm\u00e4stare Anders Berglund har det blivit ett \u201dartificiellt evenemang\u201d...\" \/>\n<meta property=\"og:url\" content=\"https:\/\/lightweb.dev\/l\/svm-temp\/artiklar\/anders-berglund-sitter-i-nerja-och-skriver-pa-ny-musikal\/\" \/>\n<meta property=\"og:site_name\" content=\"Svenska Magasinet\" \/>\n<meta property=\"article:publisher\" content=\"https:\/\/www.facebook.com\/svenskamagasinet\" \/>\n<meta property=\"article:published_time\" content=\"2013-04-09T22:00:00+00:00\" \/>\n<meta property=\"article:modified_time\" content=\"2025-08-27T09:34:31+00:00\" \/>\n<meta property=\"og:image\" content=\"https:\/\/lightweb.dev\/l\/svm-temp\/wp-content\/uploads\/2022\/04\/anders-berglund-sitter-i-nerja-och-skriver-p-ny-musikal.png\" \/>\n\t<meta property=\"og:image:width\" content=\"299\" \/>\n\t<meta property=\"og:image:height\" content=\"200\" \/>\n\t<meta property=\"og:image:type\" content=\"image\/png\" \/>\n<meta name=\"author\" content=\"Ola Josefsson\" \/>\n<meta name=\"twitter:card\" content=\"summary_large_image\" \/>\n<meta name=\"twitter:creator\" content=\"@SvenskaMagasine\" \/>\n<meta name=\"twitter:site\" content=\"@SvenskaMagasine\" \/>\n<script type=\"application\/ld+json\" class=\"yoast-schema-graph\">{\"@context\":\"https:\\\/\\\/schema.org\",\"@graph\":[{\"@type\":\"Article\",\"@id\":\"https:\\\/\\\/lightweb.dev\\\/l\\\/svm-temp\\\/artiklar\\\/anders-berglund-sitter-i-nerja-och-skriver-pa-ny-musikal\\\/#article\",\"isPartOf\":{\"@id\":\"https:\\\/\\\/lightweb.dev\\\/l\\\/svm-temp\\\/artiklar\\\/anders-berglund-sitter-i-nerja-och-skriver-pa-ny-musikal\\\/\"},\"author\":{\"name\":\"Ola Josefsson\",\"@id\":\"https:\\\/\\\/lightweb.dev\\\/l\\\/svm-temp\\\/#\\\/schema\\\/person\\\/7a82b8a73d171d32360a564b6d03508e\"},\"headline\":\"Anders Berglund sitter i Nerja och skriver p\u00e5 ny musikal\",\"datePublished\":\"2013-04-09T22:00:00+00:00\",\"dateModified\":\"2025-08-27T09:34:31+00:00\",\"mainEntityOfPage\":{\"@id\":\"https:\\\/\\\/lightweb.dev\\\/l\\\/svm-temp\\\/artiklar\\\/anders-berglund-sitter-i-nerja-och-skriver-pa-ny-musikal\\\/\"},\"wordCount\":1335,\"publisher\":{\"@id\":\"https:\\\/\\\/lightweb.dev\\\/l\\\/svm-temp\\\/#organization\"},\"image\":{\"@id\":\"https:\\\/\\\/lightweb.dev\\\/l\\\/svm-temp\\\/artiklar\\\/anders-berglund-sitter-i-nerja-och-skriver-pa-ny-musikal\\\/#primaryimage\"},\"thumbnailUrl\":\"https:\\\/\\\/lightweb.dev\\\/l\\\/svm-temp\\\/wp-content\\\/uploads\\\/2022\\\/04\\\/anders-berglund-sitter-i-nerja-och-skriver-p-ny-musikal.png\",\"articleSection\":[\"Arkiv\",\"Artiklar\"],\"inLanguage\":\"sv-SE\"},{\"@type\":\"WebPage\",\"@id\":\"https:\\\/\\\/lightweb.dev\\\/l\\\/svm-temp\\\/artiklar\\\/anders-berglund-sitter-i-nerja-och-skriver-pa-ny-musikal\\\/\",\"url\":\"https:\\\/\\\/lightweb.dev\\\/l\\\/svm-temp\\\/artiklar\\\/anders-berglund-sitter-i-nerja-och-skriver-pa-ny-musikal\\\/\",\"name\":\"Anders Berglund sitter i Nerja och skriver p\u00e5 ny musikal - Svenska Magasinet\",\"isPartOf\":{\"@id\":\"https:\\\/\\\/lightweb.dev\\\/l\\\/svm-temp\\\/#website\"},\"primaryImageOfPage\":{\"@id\":\"https:\\\/\\\/lightweb.dev\\\/l\\\/svm-temp\\\/artiklar\\\/anders-berglund-sitter-i-nerja-och-skriver-pa-ny-musikal\\\/#primaryimage\"},\"image\":{\"@id\":\"https:\\\/\\\/lightweb.dev\\\/l\\\/svm-temp\\\/artiklar\\\/anders-berglund-sitter-i-nerja-och-skriver-pa-ny-musikal\\\/#primaryimage\"},\"thumbnailUrl\":\"https:\\\/\\\/lightweb.dev\\\/l\\\/svm-temp\\\/wp-content\\\/uploads\\\/2022\\\/04\\\/anders-berglund-sitter-i-nerja-och-skriver-p-ny-musikal.png\",\"datePublished\":\"2013-04-09T22:00:00+00:00\",\"dateModified\":\"2025-08-27T09:34:31+00:00\",\"breadcrumb\":{\"@id\":\"https:\\\/\\\/lightweb.dev\\\/l\\\/svm-temp\\\/artiklar\\\/anders-berglund-sitter-i-nerja-och-skriver-pa-ny-musikal\\\/#breadcrumb\"},\"inLanguage\":\"sv-SE\",\"potentialAction\":[{\"@type\":\"ReadAction\",\"target\":[\"https:\\\/\\\/lightweb.dev\\\/l\\\/svm-temp\\\/artiklar\\\/anders-berglund-sitter-i-nerja-och-skriver-pa-ny-musikal\\\/\"]}]},{\"@type\":\"ImageObject\",\"inLanguage\":\"sv-SE\",\"@id\":\"https:\\\/\\\/lightweb.dev\\\/l\\\/svm-temp\\\/artiklar\\\/anders-berglund-sitter-i-nerja-och-skriver-pa-ny-musikal\\\/#primaryimage\",\"url\":\"https:\\\/\\\/lightweb.dev\\\/l\\\/svm-temp\\\/wp-content\\\/uploads\\\/2022\\\/04\\\/anders-berglund-sitter-i-nerja-och-skriver-p-ny-musikal.png\",\"contentUrl\":\"https:\\\/\\\/lightweb.dev\\\/l\\\/svm-temp\\\/wp-content\\\/uploads\\\/2022\\\/04\\\/anders-berglund-sitter-i-nerja-och-skriver-p-ny-musikal.png\",\"width\":299,\"height\":200},{\"@type\":\"BreadcrumbList\",\"@id\":\"https:\\\/\\\/lightweb.dev\\\/l\\\/svm-temp\\\/artiklar\\\/anders-berglund-sitter-i-nerja-och-skriver-pa-ny-musikal\\\/#breadcrumb\",\"itemListElement\":[{\"@type\":\"ListItem\",\"position\":1,\"name\":\"Hem\",\"item\":\"https:\\\/\\\/lightweb.dev\\\/l\\\/svm-temp\\\/\"},{\"@type\":\"ListItem\",\"position\":2,\"name\":\"Anders Berglund sitter i Nerja och skriver p\u00e5 ny musikal\"}]},{\"@type\":\"WebSite\",\"@id\":\"https:\\\/\\\/lightweb.dev\\\/l\\\/svm-temp\\\/#website\",\"url\":\"https:\\\/\\\/lightweb.dev\\\/l\\\/svm-temp\\\/\",\"name\":\"Svenska Magasinet\",\"description\":\"Dina Spanska nyheter p&aring; Svenska\",\"publisher\":{\"@id\":\"https:\\\/\\\/lightweb.dev\\\/l\\\/svm-temp\\\/#organization\"},\"potentialAction\":[{\"@type\":\"SearchAction\",\"target\":{\"@type\":\"EntryPoint\",\"urlTemplate\":\"https:\\\/\\\/lightweb.dev\\\/l\\\/svm-temp\\\/?s={search_term_string}\"},\"query-input\":{\"@type\":\"PropertyValueSpecification\",\"valueRequired\":true,\"valueName\":\"search_term_string\"}}],\"inLanguage\":\"sv-SE\"},{\"@type\":\"Organization\",\"@id\":\"https:\\\/\\\/lightweb.dev\\\/l\\\/svm-temp\\\/#organization\",\"name\":\"Melkerson y Nott SL\",\"alternateName\":\"Svenska Magasinet\",\"url\":\"https:\\\/\\\/lightweb.dev\\\/l\\\/svm-temp\\\/\",\"logo\":{\"@type\":\"ImageObject\",\"inLanguage\":\"sv-SE\",\"@id\":\"https:\\\/\\\/lightweb.dev\\\/l\\\/svm-temp\\\/#\\\/schema\\\/logo\\\/image\\\/\",\"url\":\"https:\\\/\\\/lightweb.dev\\\/l\\\/svm-temp\\\/wp-content\\\/uploads\\\/2025\\\/02\\\/SvM-logo-Xtra-Centrerad-SVART.png\",\"contentUrl\":\"https:\\\/\\\/lightweb.dev\\\/l\\\/svm-temp\\\/wp-content\\\/uploads\\\/2025\\\/02\\\/SvM-logo-Xtra-Centrerad-SVART.png\",\"width\":300,\"height\":99,\"caption\":\"Melkerson y Nott SL\"},\"image\":{\"@id\":\"https:\\\/\\\/lightweb.dev\\\/l\\\/svm-temp\\\/#\\\/schema\\\/logo\\\/image\\\/\"},\"sameAs\":[\"https:\\\/\\\/www.facebook.com\\\/svenskamagasinet\",\"https:\\\/\\\/x.com\\\/SvenskaMagasine\"]},{\"@type\":\"Person\",\"@id\":\"https:\\\/\\\/lightweb.dev\\\/l\\\/svm-temp\\\/#\\\/schema\\\/person\\\/7a82b8a73d171d32360a564b6d03508e\",\"name\":\"Ola Josefsson\",\"description\":\"Bevakar Solkusten och Spanien sedan 1994.\",\"sameAs\":[\"https:\\\/\\\/lightweb.dev\\\/l\\\/svm-temp\"],\"url\":\"https:\\\/\\\/lightweb.dev\\\/l\\\/svm-temp\\\/reporter\\\/ola-josefsson\\\/\"}]}<\/script>\n<!-- \/ Yoast SEO Premium plugin. -->","yoast_head_json":{"title":"Anders Berglund sitter i Nerja och skriver p\u00e5 ny musikal - Svenska Magasinet","robots":{"index":"noindex","follow":"follow","max-snippet":"max-snippet:-1","max-image-preview":"max-image-preview:large","max-video-preview":"max-video-preview:-1"},"og_locale":"sv_SE","og_type":"article","og_title":"Anders Berglund sitter i Nerja och skriver p\u00e5 ny musikal","og_description":"Vi har sett honom dirigera orkestrar i 29 melodifestivaler. I mitten av maj \u00e4r det dags f\u00f6r Europafinalen vid Eurovision Song Contest som lockar miljontals svenska tv-tittare. F\u00f6r kapellm\u00e4stare Anders Berglund har det blivit ett \u201dartificiellt evenemang\u201d...","og_url":"https:\/\/lightweb.dev\/l\/svm-temp\/artiklar\/anders-berglund-sitter-i-nerja-och-skriver-pa-ny-musikal\/","og_site_name":"Svenska Magasinet","article_publisher":"https:\/\/www.facebook.com\/svenskamagasinet","article_published_time":"2013-04-09T22:00:00+00:00","article_modified_time":"2025-08-27T09:34:31+00:00","og_image":[{"width":299,"height":200,"url":"https:\/\/lightweb.dev\/l\/svm-temp\/wp-content\/uploads\/2022\/04\/anders-berglund-sitter-i-nerja-och-skriver-p-ny-musikal.png","type":"image\/png"}],"author":"Ola Josefsson","twitter_card":"summary_large_image","twitter_creator":"@SvenskaMagasine","twitter_site":"@SvenskaMagasine","schema":{"@context":"https:\/\/schema.org","@graph":[{"@type":"Article","@id":"https:\/\/lightweb.dev\/l\/svm-temp\/artiklar\/anders-berglund-sitter-i-nerja-och-skriver-pa-ny-musikal\/#article","isPartOf":{"@id":"https:\/\/lightweb.dev\/l\/svm-temp\/artiklar\/anders-berglund-sitter-i-nerja-och-skriver-pa-ny-musikal\/"},"author":{"name":"Ola Josefsson","@id":"https:\/\/lightweb.dev\/l\/svm-temp\/#\/schema\/person\/7a82b8a73d171d32360a564b6d03508e"},"headline":"Anders Berglund sitter i Nerja och skriver p\u00e5 ny musikal","datePublished":"2013-04-09T22:00:00+00:00","dateModified":"2025-08-27T09:34:31+00:00","mainEntityOfPage":{"@id":"https:\/\/lightweb.dev\/l\/svm-temp\/artiklar\/anders-berglund-sitter-i-nerja-och-skriver-pa-ny-musikal\/"},"wordCount":1335,"publisher":{"@id":"https:\/\/lightweb.dev\/l\/svm-temp\/#organization"},"image":{"@id":"https:\/\/lightweb.dev\/l\/svm-temp\/artiklar\/anders-berglund-sitter-i-nerja-och-skriver-pa-ny-musikal\/#primaryimage"},"thumbnailUrl":"https:\/\/lightweb.dev\/l\/svm-temp\/wp-content\/uploads\/2022\/04\/anders-berglund-sitter-i-nerja-och-skriver-p-ny-musikal.png","articleSection":["Arkiv","Artiklar"],"inLanguage":"sv-SE"},{"@type":"WebPage","@id":"https:\/\/lightweb.dev\/l\/svm-temp\/artiklar\/anders-berglund-sitter-i-nerja-och-skriver-pa-ny-musikal\/","url":"https:\/\/lightweb.dev\/l\/svm-temp\/artiklar\/anders-berglund-sitter-i-nerja-och-skriver-pa-ny-musikal\/","name":"Anders Berglund sitter i Nerja och skriver p\u00e5 ny musikal - Svenska Magasinet","isPartOf":{"@id":"https:\/\/lightweb.dev\/l\/svm-temp\/#website"},"primaryImageOfPage":{"@id":"https:\/\/lightweb.dev\/l\/svm-temp\/artiklar\/anders-berglund-sitter-i-nerja-och-skriver-pa-ny-musikal\/#primaryimage"},"image":{"@id":"https:\/\/lightweb.dev\/l\/svm-temp\/artiklar\/anders-berglund-sitter-i-nerja-och-skriver-pa-ny-musikal\/#primaryimage"},"thumbnailUrl":"https:\/\/lightweb.dev\/l\/svm-temp\/wp-content\/uploads\/2022\/04\/anders-berglund-sitter-i-nerja-och-skriver-p-ny-musikal.png","datePublished":"2013-04-09T22:00:00+00:00","dateModified":"2025-08-27T09:34:31+00:00","breadcrumb":{"@id":"https:\/\/lightweb.dev\/l\/svm-temp\/artiklar\/anders-berglund-sitter-i-nerja-och-skriver-pa-ny-musikal\/#breadcrumb"},"inLanguage":"sv-SE","potentialAction":[{"@type":"ReadAction","target":["https:\/\/lightweb.dev\/l\/svm-temp\/artiklar\/anders-berglund-sitter-i-nerja-och-skriver-pa-ny-musikal\/"]}]},{"@type":"ImageObject","inLanguage":"sv-SE","@id":"https:\/\/lightweb.dev\/l\/svm-temp\/artiklar\/anders-berglund-sitter-i-nerja-och-skriver-pa-ny-musikal\/#primaryimage","url":"https:\/\/lightweb.dev\/l\/svm-temp\/wp-content\/uploads\/2022\/04\/anders-berglund-sitter-i-nerja-och-skriver-p-ny-musikal.png","contentUrl":"https:\/\/lightweb.dev\/l\/svm-temp\/wp-content\/uploads\/2022\/04\/anders-berglund-sitter-i-nerja-och-skriver-p-ny-musikal.png","width":299,"height":200},{"@type":"BreadcrumbList","@id":"https:\/\/lightweb.dev\/l\/svm-temp\/artiklar\/anders-berglund-sitter-i-nerja-och-skriver-pa-ny-musikal\/#breadcrumb","itemListElement":[{"@type":"ListItem","position":1,"name":"Hem","item":"https:\/\/lightweb.dev\/l\/svm-temp\/"},{"@type":"ListItem","position":2,"name":"Anders Berglund sitter i Nerja och skriver p\u00e5 ny musikal"}]},{"@type":"WebSite","@id":"https:\/\/lightweb.dev\/l\/svm-temp\/#website","url":"https:\/\/lightweb.dev\/l\/svm-temp\/","name":"Svenska Magasinet","description":"Dina Spanska nyheter p&aring; Svenska","publisher":{"@id":"https:\/\/lightweb.dev\/l\/svm-temp\/#organization"},"potentialAction":[{"@type":"SearchAction","target":{"@type":"EntryPoint","urlTemplate":"https:\/\/lightweb.dev\/l\/svm-temp\/?s={search_term_string}"},"query-input":{"@type":"PropertyValueSpecification","valueRequired":true,"valueName":"search_term_string"}}],"inLanguage":"sv-SE"},{"@type":"Organization","@id":"https:\/\/lightweb.dev\/l\/svm-temp\/#organization","name":"Melkerson y Nott SL","alternateName":"Svenska Magasinet","url":"https:\/\/lightweb.dev\/l\/svm-temp\/","logo":{"@type":"ImageObject","inLanguage":"sv-SE","@id":"https:\/\/lightweb.dev\/l\/svm-temp\/#\/schema\/logo\/image\/","url":"https:\/\/lightweb.dev\/l\/svm-temp\/wp-content\/uploads\/2025\/02\/SvM-logo-Xtra-Centrerad-SVART.png","contentUrl":"https:\/\/lightweb.dev\/l\/svm-temp\/wp-content\/uploads\/2025\/02\/SvM-logo-Xtra-Centrerad-SVART.png","width":300,"height":99,"caption":"Melkerson y Nott SL"},"image":{"@id":"https:\/\/lightweb.dev\/l\/svm-temp\/#\/schema\/logo\/image\/"},"sameAs":["https:\/\/www.facebook.com\/svenskamagasinet","https:\/\/x.com\/SvenskaMagasine"]},{"@type":"Person","@id":"https:\/\/lightweb.dev\/l\/svm-temp\/#\/schema\/person\/7a82b8a73d171d32360a564b6d03508e","name":"Ola Josefsson","description":"Bevakar Solkusten och Spanien sedan 1994.","sameAs":["https:\/\/lightweb.dev\/l\/svm-temp"],"url":"https:\/\/lightweb.dev\/l\/svm-temp\/reporter\/ola-josefsson\/"}]}},"_links":{"self":[{"href":"https:\/\/lightweb.dev\/l\/svm-temp\/wp-json\/wp\/v2\/posts\/4289","targetHints":{"allow":["GET"]}}],"collection":[{"href":"https:\/\/lightweb.dev\/l\/svm-temp\/wp-json\/wp\/v2\/posts"}],"about":[{"href":"https:\/\/lightweb.dev\/l\/svm-temp\/wp-json\/wp\/v2\/types\/post"}],"author":[{"embeddable":true,"href":"https:\/\/lightweb.dev\/l\/svm-temp\/wp-json\/wp\/v2\/users\/7"}],"replies":[{"embeddable":true,"href":"https:\/\/lightweb.dev\/l\/svm-temp\/wp-json\/wp\/v2\/comments?post=4289"}],"version-history":[{"count":0,"href":"https:\/\/lightweb.dev\/l\/svm-temp\/wp-json\/wp\/v2\/posts\/4289\/revisions"}],"wp:featuredmedia":[{"embeddable":true,"href":"https:\/\/lightweb.dev\/l\/svm-temp\/wp-json\/wp\/v2\/media\/4290"}],"wp:attachment":[{"href":"https:\/\/lightweb.dev\/l\/svm-temp\/wp-json\/wp\/v2\/media?parent=4289"}],"wp:term":[{"taxonomy":"category","embeddable":true,"href":"https:\/\/lightweb.dev\/l\/svm-temp\/wp-json\/wp\/v2\/categories?post=4289"},{"taxonomy":"post_tag","embeddable":true,"href":"https:\/\/lightweb.dev\/l\/svm-temp\/wp-json\/wp\/v2\/tags?post=4289"}],"curies":[{"name":"wp","href":"https:\/\/api.w.org\/{rel}","templated":true}]}}