{"id":4293,"date":"2013-04-10T00:00:00","date_gmt":"2013-04-09T22:00:00","guid":{"rendered":"https:\/\/lightweb.dev\/l\/svm-temp\/hans-g-tva-problem\/"},"modified":"2013-04-10T00:00:00","modified_gmt":"2013-04-09T22:00:00","slug":"hans-g-tva-problem","status":"publish","type":"post","link":"https:\/\/lightweb.dev\/l\/svm-temp\/artiklar\/hans-g-tva-problem\/","title":{"rendered":"Hans G: Tv\u00e5 problem"},"content":{"rendered":"<p> Jag har problem. R\u00e4ttare sagt jag har tv\u00e5 problem. Inte ens Sambon har n\u00e5gon l\u00f6sning vilket \u00e4r orov\u00e4ckande. Det brukar hon alltid ha. Problem nummer ett \u00e4r den h\u00e4r &#8221;Sommartiden&#8221; som slog oss i skallen den 31 mars. Jag fattar ingenting. Varf\u00f6r har man sommartid?<br \/>\nEn del s\u00e4ger att det beror p\u00e5 korna, dom mj\u00f6lkar b\u00e4ttre n\u00e4r dom f\u00e5r sommartid. Den f\u00f6rklaringen h\u00e5ller inte. Jag tror inte att korna ropar hurra och kl\u00e4mmer ur sig ett par liter extra bara f\u00f6r att dom g\u00e5r upp lite senare. Andra p\u00e5st\u00e5r att vi f\u00e5r l\u00e4ngre dagar med sommartid! Det m\u00e5ste ju vara tv\u00e4rtom.<br \/>\nN\u00e4r man som vanligt kommer uppklampandes klockan sju p\u00e5 morgonen s\u00e5 \u00e4r hon ju redan \u00e5tta. Man f\u00e5r l\u00e4tt panik eftersom man har ett m\u00f6te klockan nio som ju egentligen \u00e4r klockan tio men det har man i f\u00f6rvirringen gl\u00f6mt. Sedan n\u00e4r man vid nio-tiden p\u00e5 kv\u00e4llen sitter p\u00e5 sin bar och tar en stilla kv\u00e4llspilsner s\u00e5 \u00e4r klockan redan tio!<br \/>\nS\u00e5 jag kan inte f\u00e5 det till n\u00e5got annat \u00e4n att dagen blir kortare. Hur jag \u00e4n v\u00e4nder och vrider p\u00e5 det hela s\u00e5 st\u00e5r jag p\u00e5 en timma minus.<br \/>\nDet \u00e4r m\u00f6jligt att jag har gjort en s\u00e5 kallad logisk kullerbytta h\u00e4r, jag \u00e4r ganska bra p\u00e5 det.<br \/>\nJag \u00e4r m\u00e5ttligt f\u00f6rtjust i att vara logisk, logik g\u00f6r tillvaron tr\u00e5kig. Dessutom \u00e4r det l\u00e4ttare att leva i Spanien om man utg\u00e5r fr\u00e5n att logik bara \u00e4r n\u00e5got som r\u00e4kne-nissar h\u00e5ller p\u00e5 med. Nej, sommartid \u00e4r n\u00e5gon sorts mumbo-jumbo som har med m\u00e5nen, konstellationer och Kr\u00e4ftans v\u00e4ndkrets att g\u00f6ra. Tror jag.<br \/>\nMitt andra problem som inte \u00e4r fullt s\u00e5 allvarligt \u00e4r att n\u00e5got som inte st\u00e4mmer, st\u00e4mmer d\u00e4rf\u00f6r att det \u00e4r officiellt som det h\u00e4r med v\u00e5ren. &#8221;Officiellt&#8221; b\u00f6rjar den den 20 mars. Problemet \u00e4r bara att ingen har talat om det f\u00f6r huvudpersonen ifr\u00e5ga. S\u00e5 den 20 mars kom och gick men V\u00e5ren kom inte. I varje fall inte i bergen h\u00e4r uppe hos oss i Mijas. Vi har haft kallt, regnigt och bl\u00e5sigt. Inte lika el\u00e4ndigt som i Sverige, men n\u00e4st intill. S\u00e5 det f\u00e5r vara hur det vill med det officiella, jag vet b\u00e4ttre.<br \/>\n Jag litar p\u00e5 mina egna budb\u00e4rare. Ut\u00f6ver alla mina andra fantastiska egenskaper har jag n\u00e4mligen ocks\u00e5 blivit sp\u00e5gubbe. Jag sp\u00e5r v\u00e4der.<\/p>\n<p>N\u00e4r &#8221;helikoptrarna&#8221; har anl\u00e4nt s\u00e5 vet jag att det h\u00e4rliga v\u00e4dret ocks\u00e5 anl\u00e4nder. &#8221;Helikoptrarna&#8221;, som jag kallar dem, \u00e4r de d\u00e4r sm\u00e5 flugorna som dyker upp s\u00e5 fort v\u00e4rmen n\u00e4rmar sig. Osvikligt.<\/p>\n<p>Bortsett fr\u00e5n att de f\u00f6reb\u00e5dar fint v\u00e4der \u00e4r de fascinerande. Dom bara h\u00e4nger d\u00e4r i luften och ryttlar. Sedan flyttar de sig blixtsnabbt i sidled. Sen st\u00e5r dom stilla och ryttlar igen. Blixtsnabb rusch \u00e5t h\u00f6ger och s\u00e5 en stunds ryttlande. Som om dom missf\u00f6rst\u00e5tt vad dom \u00e4r f\u00f6r n\u00e5gra och beter sig som rovf\u00e5glar.<br \/>\nDom s\u00e4tter sig aldrig n\u00e5gonstans. Dom bara h\u00e4nger omkring. Man undrar ju \u00e4ngsligt vad dom lever av. Dom kanske sniffar syre, inte vet jag, men de \u00e4r ett s\u00e4kert tecken p\u00e5 bra v\u00e4der.<\/p>\n<p>Annars \u00e4r det en tricky sak det h\u00e4r med v\u00e4der. N\u00e4r SMHI hemma i Sverige f\u00f6rs\u00f6ker att vara lite populistiska i sin l\u00e5ngtidsprognos f\u00f6r sommaren \u00e4r det inte snack om n\u00e5got annat \u00e4n att det blir den varmaste sommaren i mannaminne.<\/p>\n<p>D\u00e5 \u00e4r det alltid n\u00e5gon kv\u00e4llstidning som vill ha bekr\u00e4ftelse och enklaste s\u00e4ttet att f\u00e5 det \u00e4r att ringa Erik Blind. Han, lappgubben ni vet, som talar om hur v\u00e4dret skall bli genom att studera lavar och aborrg\u00e4lar.&#8217;<br \/>\n&#8221;Det blir \u00e5ska, drivis och svinkallt&#8221; svarar gubben.<\/p>\n<p>Varp\u00e5 grabbarna och tjejerna p\u00e5 SMHI smyger iv\u00e4g och tjackar upp sig p\u00e5 sydv\u00e4st och regnrock. F\u00f6r gubben har ju alltid r\u00e4tt. Precis som mina sm\u00e5 &#8221;helikoptrar&#8221;.<\/p>\n<p>M\u00e5 v\u00e4l i solskenet och ta hand om er.<br \/>\nSaludos amigas\/os<br \/>\nHansG <\/p>\n","protected":false},"excerpt":{"rendered":"<p>Jag har problem. R\u00e4ttare sagt jag har tv\u00e5 problem. Inte ens Sambon har n\u00e5gon l\u00f6sning vilket \u00e4r orov\u00e4ckande. Det brukar hon alltid ha. Problem nummer ett \u00e4r den h\u00e4r &#8221;Sommartiden&#8221; som slog oss i skallen den 31 mars. Jag fattar ingenting. Varf\u00f6r har man sommartid? En del s\u00e4ger att det beror p\u00e5 korna, dom mj\u00f6lkar [&hellip;]<\/p>\n","protected":false},"author":8,"featured_media":4294,"comment_status":"open","ping_status":"open","sticky":false,"template":"","format":"standard","meta":{"_et_pb_use_builder":"","_et_pb_old_content":"","_et_gb_content_width":"","footnotes":""},"categories":[396,4],"tags":[],"class_list":["post-4293","post","type-post","status-publish","format-standard","has-post-thumbnail","hentry","category-arkiv-artiklar","category-artiklar"],"yoast_head":"<!-- This site is optimized with the Yoast SEO Premium plugin v26.2 (Yoast SEO v27.5) - https:\/\/yoast.com\/product\/yoast-seo-premium-wordpress\/ -->\n<title>Hans G: Tv\u00e5 problem - Svenska Magasinet<\/title>\n<meta name=\"robots\" content=\"noindex, follow, max-snippet:-1, max-image-preview:large, max-video-preview:-1\" \/>\n<meta property=\"og:locale\" content=\"sv_SE\" \/>\n<meta property=\"og:type\" content=\"article\" \/>\n<meta property=\"og:title\" content=\"Hans G: Tv\u00e5 problem\" \/>\n<meta property=\"og:description\" content=\"Jag har problem. R\u00e4ttare sagt jag har tv\u00e5 problem. Inte ens Sambon har n\u00e5gon l\u00f6sning vilket \u00e4r orov\u00e4ckande. Det brukar hon alltid ha. Problem nummer ett \u00e4r den h\u00e4r &#8221;Sommartiden&#8221; som slog oss i skallen den 31 mars. Jag fattar ingenting. Varf\u00f6r har man sommartid? En del s\u00e4ger att det beror p\u00e5 korna, dom mj\u00f6lkar [&hellip;]\" \/>\n<meta property=\"og:url\" content=\"https:\/\/lightweb.dev\/l\/svm-temp\/artiklar\/hans-g-tva-problem\/\" \/>\n<meta property=\"og:site_name\" content=\"Svenska Magasinet\" \/>\n<meta property=\"article:publisher\" content=\"https:\/\/www.facebook.com\/svenskamagasinet\" \/>\n<meta property=\"article:published_time\" content=\"2013-04-09T22:00:00+00:00\" \/>\n<meta property=\"og:image\" content=\"https:\/\/lightweb.dev\/l\/svm-temp\/wp-content\/uploads\/2022\/04\/hans-g-tv-problem.png\" \/>\n\t<meta property=\"og:image:width\" content=\"280\" \/>\n\t<meta property=\"og:image:height\" content=\"291\" \/>\n\t<meta property=\"og:image:type\" content=\"image\/png\" \/>\n<meta name=\"author\" content=\"Redaktionen SvM\" \/>\n<meta name=\"twitter:card\" content=\"summary_large_image\" \/>\n<meta name=\"twitter:creator\" content=\"@SvenskaMagasine\" \/>\n<meta name=\"twitter:site\" content=\"@SvenskaMagasine\" \/>\n<script type=\"application\/ld+json\" class=\"yoast-schema-graph\">{\"@context\":\"https:\\\/\\\/schema.org\",\"@graph\":[{\"@type\":\"Article\",\"@id\":\"https:\\\/\\\/lightweb.dev\\\/l\\\/svm-temp\\\/artiklar\\\/hans-g-tva-problem\\\/#article\",\"isPartOf\":{\"@id\":\"https:\\\/\\\/lightweb.dev\\\/l\\\/svm-temp\\\/artiklar\\\/hans-g-tva-problem\\\/\"},\"author\":{\"name\":\"Redaktionen SvM\",\"@id\":\"https:\\\/\\\/lightweb.dev\\\/l\\\/svm-temp\\\/#\\\/schema\\\/person\\\/206a3bda5b607b0c25e1749191e4d837\"},\"headline\":\"Hans G: Tv\u00e5 problem\",\"datePublished\":\"2013-04-09T22:00:00+00:00\",\"mainEntityOfPage\":{\"@id\":\"https:\\\/\\\/lightweb.dev\\\/l\\\/svm-temp\\\/artiklar\\\/hans-g-tva-problem\\\/\"},\"wordCount\":747,\"commentCount\":0,\"publisher\":{\"@id\":\"https:\\\/\\\/lightweb.dev\\\/l\\\/svm-temp\\\/#organization\"},\"image\":{\"@id\":\"https:\\\/\\\/lightweb.dev\\\/l\\\/svm-temp\\\/artiklar\\\/hans-g-tva-problem\\\/#primaryimage\"},\"thumbnailUrl\":\"https:\\\/\\\/lightweb.dev\\\/l\\\/svm-temp\\\/wp-content\\\/uploads\\\/2022\\\/04\\\/hans-g-tv-problem.png\",\"articleSection\":[\"Arkiv\",\"Artiklar\"],\"inLanguage\":\"sv-SE\"},{\"@type\":\"WebPage\",\"@id\":\"https:\\\/\\\/lightweb.dev\\\/l\\\/svm-temp\\\/artiklar\\\/hans-g-tva-problem\\\/\",\"url\":\"https:\\\/\\\/lightweb.dev\\\/l\\\/svm-temp\\\/artiklar\\\/hans-g-tva-problem\\\/\",\"name\":\"Hans G: Tv\u00e5 problem - Svenska Magasinet\",\"isPartOf\":{\"@id\":\"https:\\\/\\\/lightweb.dev\\\/l\\\/svm-temp\\\/#website\"},\"primaryImageOfPage\":{\"@id\":\"https:\\\/\\\/lightweb.dev\\\/l\\\/svm-temp\\\/artiklar\\\/hans-g-tva-problem\\\/#primaryimage\"},\"image\":{\"@id\":\"https:\\\/\\\/lightweb.dev\\\/l\\\/svm-temp\\\/artiklar\\\/hans-g-tva-problem\\\/#primaryimage\"},\"thumbnailUrl\":\"https:\\\/\\\/lightweb.dev\\\/l\\\/svm-temp\\\/wp-content\\\/uploads\\\/2022\\\/04\\\/hans-g-tv-problem.png\",\"datePublished\":\"2013-04-09T22:00:00+00:00\",\"breadcrumb\":{\"@id\":\"https:\\\/\\\/lightweb.dev\\\/l\\\/svm-temp\\\/artiklar\\\/hans-g-tva-problem\\\/#breadcrumb\"},\"inLanguage\":\"sv-SE\",\"potentialAction\":[{\"@type\":\"ReadAction\",\"target\":[\"https:\\\/\\\/lightweb.dev\\\/l\\\/svm-temp\\\/artiklar\\\/hans-g-tva-problem\\\/\"]}]},{\"@type\":\"ImageObject\",\"inLanguage\":\"sv-SE\",\"@id\":\"https:\\\/\\\/lightweb.dev\\\/l\\\/svm-temp\\\/artiklar\\\/hans-g-tva-problem\\\/#primaryimage\",\"url\":\"https:\\\/\\\/lightweb.dev\\\/l\\\/svm-temp\\\/wp-content\\\/uploads\\\/2022\\\/04\\\/hans-g-tv-problem.png\",\"contentUrl\":\"https:\\\/\\\/lightweb.dev\\\/l\\\/svm-temp\\\/wp-content\\\/uploads\\\/2022\\\/04\\\/hans-g-tv-problem.png\",\"width\":280,\"height\":291},{\"@type\":\"BreadcrumbList\",\"@id\":\"https:\\\/\\\/lightweb.dev\\\/l\\\/svm-temp\\\/artiklar\\\/hans-g-tva-problem\\\/#breadcrumb\",\"itemListElement\":[{\"@type\":\"ListItem\",\"position\":1,\"name\":\"Hem\",\"item\":\"https:\\\/\\\/lightweb.dev\\\/l\\\/svm-temp\\\/\"},{\"@type\":\"ListItem\",\"position\":2,\"name\":\"Hans G: Tv\u00e5 problem\"}]},{\"@type\":\"WebSite\",\"@id\":\"https:\\\/\\\/lightweb.dev\\\/l\\\/svm-temp\\\/#website\",\"url\":\"https:\\\/\\\/lightweb.dev\\\/l\\\/svm-temp\\\/\",\"name\":\"Svenska Magasinet\",\"description\":\"Dina Spanska nyheter p&aring; Svenska\",\"publisher\":{\"@id\":\"https:\\\/\\\/lightweb.dev\\\/l\\\/svm-temp\\\/#organization\"},\"potentialAction\":[{\"@type\":\"SearchAction\",\"target\":{\"@type\":\"EntryPoint\",\"urlTemplate\":\"https:\\\/\\\/lightweb.dev\\\/l\\\/svm-temp\\\/?s={search_term_string}\"},\"query-input\":{\"@type\":\"PropertyValueSpecification\",\"valueRequired\":true,\"valueName\":\"search_term_string\"}}],\"inLanguage\":\"sv-SE\"},{\"@type\":\"Organization\",\"@id\":\"https:\\\/\\\/lightweb.dev\\\/l\\\/svm-temp\\\/#organization\",\"name\":\"Melkerson y Nott SL\",\"alternateName\":\"Svenska Magasinet\",\"url\":\"https:\\\/\\\/lightweb.dev\\\/l\\\/svm-temp\\\/\",\"logo\":{\"@type\":\"ImageObject\",\"inLanguage\":\"sv-SE\",\"@id\":\"https:\\\/\\\/lightweb.dev\\\/l\\\/svm-temp\\\/#\\\/schema\\\/logo\\\/image\\\/\",\"url\":\"https:\\\/\\\/lightweb.dev\\\/l\\\/svm-temp\\\/wp-content\\\/uploads\\\/2025\\\/02\\\/SvM-logo-Xtra-Centrerad-SVART.png\",\"contentUrl\":\"https:\\\/\\\/lightweb.dev\\\/l\\\/svm-temp\\\/wp-content\\\/uploads\\\/2025\\\/02\\\/SvM-logo-Xtra-Centrerad-SVART.png\",\"width\":300,\"height\":99,\"caption\":\"Melkerson y Nott SL\"},\"image\":{\"@id\":\"https:\\\/\\\/lightweb.dev\\\/l\\\/svm-temp\\\/#\\\/schema\\\/logo\\\/image\\\/\"},\"sameAs\":[\"https:\\\/\\\/www.facebook.com\\\/svenskamagasinet\",\"https:\\\/\\\/x.com\\\/SvenskaMagasine\"]},{\"@type\":\"Person\",\"@id\":\"https:\\\/\\\/lightweb.dev\\\/l\\\/svm-temp\\\/#\\\/schema\\\/person\\\/206a3bda5b607b0c25e1749191e4d837\",\"name\":\"Redaktionen SvM\",\"description\":\"Redaktionen\",\"sameAs\":[\"https:\\\/\\\/lightweb.dev\\\/l\\\/svm-temp\"],\"url\":\"https:\\\/\\\/lightweb.dev\\\/l\\\/svm-temp\\\/reporter\\\/redaktionen\\\/\"}]}<\/script>\n<!-- \/ Yoast SEO Premium plugin. -->","yoast_head_json":{"title":"Hans G: Tv\u00e5 problem - Svenska Magasinet","robots":{"index":"noindex","follow":"follow","max-snippet":"max-snippet:-1","max-image-preview":"max-image-preview:large","max-video-preview":"max-video-preview:-1"},"og_locale":"sv_SE","og_type":"article","og_title":"Hans G: Tv\u00e5 problem","og_description":"Jag har problem. R\u00e4ttare sagt jag har tv\u00e5 problem. Inte ens Sambon har n\u00e5gon l\u00f6sning vilket \u00e4r orov\u00e4ckande. Det brukar hon alltid ha. Problem nummer ett \u00e4r den h\u00e4r &#8221;Sommartiden&#8221; som slog oss i skallen den 31 mars. Jag fattar ingenting. Varf\u00f6r har man sommartid? En del s\u00e4ger att det beror p\u00e5 korna, dom mj\u00f6lkar [&hellip;]","og_url":"https:\/\/lightweb.dev\/l\/svm-temp\/artiklar\/hans-g-tva-problem\/","og_site_name":"Svenska Magasinet","article_publisher":"https:\/\/www.facebook.com\/svenskamagasinet","article_published_time":"2013-04-09T22:00:00+00:00","og_image":[{"width":280,"height":291,"url":"https:\/\/lightweb.dev\/l\/svm-temp\/wp-content\/uploads\/2022\/04\/hans-g-tv-problem.png","type":"image\/png"}],"author":"Redaktionen SvM","twitter_card":"summary_large_image","twitter_creator":"@SvenskaMagasine","twitter_site":"@SvenskaMagasine","schema":{"@context":"https:\/\/schema.org","@graph":[{"@type":"Article","@id":"https:\/\/lightweb.dev\/l\/svm-temp\/artiklar\/hans-g-tva-problem\/#article","isPartOf":{"@id":"https:\/\/lightweb.dev\/l\/svm-temp\/artiklar\/hans-g-tva-problem\/"},"author":{"name":"Redaktionen SvM","@id":"https:\/\/lightweb.dev\/l\/svm-temp\/#\/schema\/person\/206a3bda5b607b0c25e1749191e4d837"},"headline":"Hans G: Tv\u00e5 problem","datePublished":"2013-04-09T22:00:00+00:00","mainEntityOfPage":{"@id":"https:\/\/lightweb.dev\/l\/svm-temp\/artiklar\/hans-g-tva-problem\/"},"wordCount":747,"commentCount":0,"publisher":{"@id":"https:\/\/lightweb.dev\/l\/svm-temp\/#organization"},"image":{"@id":"https:\/\/lightweb.dev\/l\/svm-temp\/artiklar\/hans-g-tva-problem\/#primaryimage"},"thumbnailUrl":"https:\/\/lightweb.dev\/l\/svm-temp\/wp-content\/uploads\/2022\/04\/hans-g-tv-problem.png","articleSection":["Arkiv","Artiklar"],"inLanguage":"sv-SE"},{"@type":"WebPage","@id":"https:\/\/lightweb.dev\/l\/svm-temp\/artiklar\/hans-g-tva-problem\/","url":"https:\/\/lightweb.dev\/l\/svm-temp\/artiklar\/hans-g-tva-problem\/","name":"Hans G: Tv\u00e5 problem - Svenska Magasinet","isPartOf":{"@id":"https:\/\/lightweb.dev\/l\/svm-temp\/#website"},"primaryImageOfPage":{"@id":"https:\/\/lightweb.dev\/l\/svm-temp\/artiklar\/hans-g-tva-problem\/#primaryimage"},"image":{"@id":"https:\/\/lightweb.dev\/l\/svm-temp\/artiklar\/hans-g-tva-problem\/#primaryimage"},"thumbnailUrl":"https:\/\/lightweb.dev\/l\/svm-temp\/wp-content\/uploads\/2022\/04\/hans-g-tv-problem.png","datePublished":"2013-04-09T22:00:00+00:00","breadcrumb":{"@id":"https:\/\/lightweb.dev\/l\/svm-temp\/artiklar\/hans-g-tva-problem\/#breadcrumb"},"inLanguage":"sv-SE","potentialAction":[{"@type":"ReadAction","target":["https:\/\/lightweb.dev\/l\/svm-temp\/artiklar\/hans-g-tva-problem\/"]}]},{"@type":"ImageObject","inLanguage":"sv-SE","@id":"https:\/\/lightweb.dev\/l\/svm-temp\/artiklar\/hans-g-tva-problem\/#primaryimage","url":"https:\/\/lightweb.dev\/l\/svm-temp\/wp-content\/uploads\/2022\/04\/hans-g-tv-problem.png","contentUrl":"https:\/\/lightweb.dev\/l\/svm-temp\/wp-content\/uploads\/2022\/04\/hans-g-tv-problem.png","width":280,"height":291},{"@type":"BreadcrumbList","@id":"https:\/\/lightweb.dev\/l\/svm-temp\/artiklar\/hans-g-tva-problem\/#breadcrumb","itemListElement":[{"@type":"ListItem","position":1,"name":"Hem","item":"https:\/\/lightweb.dev\/l\/svm-temp\/"},{"@type":"ListItem","position":2,"name":"Hans G: Tv\u00e5 problem"}]},{"@type":"WebSite","@id":"https:\/\/lightweb.dev\/l\/svm-temp\/#website","url":"https:\/\/lightweb.dev\/l\/svm-temp\/","name":"Svenska Magasinet","description":"Dina Spanska nyheter p&aring; Svenska","publisher":{"@id":"https:\/\/lightweb.dev\/l\/svm-temp\/#organization"},"potentialAction":[{"@type":"SearchAction","target":{"@type":"EntryPoint","urlTemplate":"https:\/\/lightweb.dev\/l\/svm-temp\/?s={search_term_string}"},"query-input":{"@type":"PropertyValueSpecification","valueRequired":true,"valueName":"search_term_string"}}],"inLanguage":"sv-SE"},{"@type":"Organization","@id":"https:\/\/lightweb.dev\/l\/svm-temp\/#organization","name":"Melkerson y Nott SL","alternateName":"Svenska Magasinet","url":"https:\/\/lightweb.dev\/l\/svm-temp\/","logo":{"@type":"ImageObject","inLanguage":"sv-SE","@id":"https:\/\/lightweb.dev\/l\/svm-temp\/#\/schema\/logo\/image\/","url":"https:\/\/lightweb.dev\/l\/svm-temp\/wp-content\/uploads\/2025\/02\/SvM-logo-Xtra-Centrerad-SVART.png","contentUrl":"https:\/\/lightweb.dev\/l\/svm-temp\/wp-content\/uploads\/2025\/02\/SvM-logo-Xtra-Centrerad-SVART.png","width":300,"height":99,"caption":"Melkerson y Nott SL"},"image":{"@id":"https:\/\/lightweb.dev\/l\/svm-temp\/#\/schema\/logo\/image\/"},"sameAs":["https:\/\/www.facebook.com\/svenskamagasinet","https:\/\/x.com\/SvenskaMagasine"]},{"@type":"Person","@id":"https:\/\/lightweb.dev\/l\/svm-temp\/#\/schema\/person\/206a3bda5b607b0c25e1749191e4d837","name":"Redaktionen SvM","description":"Redaktionen","sameAs":["https:\/\/lightweb.dev\/l\/svm-temp"],"url":"https:\/\/lightweb.dev\/l\/svm-temp\/reporter\/redaktionen\/"}]}},"_links":{"self":[{"href":"https:\/\/lightweb.dev\/l\/svm-temp\/wp-json\/wp\/v2\/posts\/4293","targetHints":{"allow":["GET"]}}],"collection":[{"href":"https:\/\/lightweb.dev\/l\/svm-temp\/wp-json\/wp\/v2\/posts"}],"about":[{"href":"https:\/\/lightweb.dev\/l\/svm-temp\/wp-json\/wp\/v2\/types\/post"}],"author":[{"embeddable":true,"href":"https:\/\/lightweb.dev\/l\/svm-temp\/wp-json\/wp\/v2\/users\/8"}],"replies":[{"embeddable":true,"href":"https:\/\/lightweb.dev\/l\/svm-temp\/wp-json\/wp\/v2\/comments?post=4293"}],"version-history":[{"count":0,"href":"https:\/\/lightweb.dev\/l\/svm-temp\/wp-json\/wp\/v2\/posts\/4293\/revisions"}],"wp:featuredmedia":[{"embeddable":true,"href":"https:\/\/lightweb.dev\/l\/svm-temp\/wp-json\/wp\/v2\/media\/4294"}],"wp:attachment":[{"href":"https:\/\/lightweb.dev\/l\/svm-temp\/wp-json\/wp\/v2\/media?parent=4293"}],"wp:term":[{"taxonomy":"category","embeddable":true,"href":"https:\/\/lightweb.dev\/l\/svm-temp\/wp-json\/wp\/v2\/categories?post=4293"},{"taxonomy":"post_tag","embeddable":true,"href":"https:\/\/lightweb.dev\/l\/svm-temp\/wp-json\/wp\/v2\/tags?post=4293"}],"curies":[{"name":"wp","href":"https:\/\/api.w.org\/{rel}","templated":true}]}}