{"id":4299,"date":"2013-04-10T00:00:00","date_gmt":"2013-04-09T22:00:00","guid":{"rendered":"https:\/\/lightweb.dev\/l\/svm-temp\/fraga-advokaten-ar-aktenskapsforordet-giltigt-i-spanien\/"},"modified":"2013-04-10T00:00:00","modified_gmt":"2013-04-09T22:00:00","slug":"fraga-advokaten-ar-aktenskapsforordet-giltigt-i-spanien","status":"publish","type":"post","link":"https:\/\/lightweb.dev\/l\/svm-temp\/artiklar\/fraga-advokaten-ar-aktenskapsforordet-giltigt-i-spanien\/","title":{"rendered":"Fr\u00e5ga advokaten: \u00c4r \u00e4ktenskapsf\u00f6rordet giltigt i Spanien?"},"content":{"rendered":"<p> Vi \u00e4r ett svenskt par som varit gifta i 12 \u00e5r och kommer nu att flytta till Spanien. I samband med att vi gifte oss uppr\u00e4ttades ett \u00e4ktenskapsf\u00f6rord som vi registrerade och nu \u00e4r v\u00e5r fr\u00e5ga om \u00e4ktenskapsf\u00f6rordet \u00e4r giltigt i Spanien? Av advokat G\u00f6ran Rise<br \/>\nSvenska makar har m\u00f6jlighet att genom \u00e4ktenskapsf\u00f6rord f\u00f6rordna att den egendom som makarna \u00e4ger eller kommer att f\u00f6rv\u00e4rva skall vara giftor\u00e4ttsgods eller enskild egendom. Vilken karakt\u00e4r egendomen makarna har f\u00e5r betydelse vid bodelning, som g\u00f6rs n\u00e4r \u00e4ktenskapet upph\u00f6r vid skilsm\u00e4ssa eller vid d\u00f6dsfall. Huvudregeln \u00e4r att all egendom \u00e4r giftor\u00e4ttsgods och d\u00e4rmed ing\u00e5r i bodelning medan man genom \u00e4ktenskapsf\u00f6rord kan best\u00e4mma att egendom skall vara enskild och d\u00e5 ing\u00e5r den inte i bodelning.<\/p>\n<p>F\u00f6r att ett \u00e4ktenskapsf\u00f6rord skall vara giltigt kr\u00e4vs enligt svensk r\u00e4tt att f\u00f6ljande b\u00e5da punkter \u00e4r uppfyllda:<br \/>\n1. \u00c4ktenskapsf\u00f6rordet skall vara undertecknat av b\u00e5da makarna.<br \/>\n2. \u00c4ktenskapsf\u00f6rordet skall vara registrerat hos Skatteverket (tidigare var det hos tingsr\u00e4tten).<\/p>\n<p>\u00c4ktenskapsf\u00f6rordet ni har uppr\u00e4ttat \u00e4r d\u00e4rf\u00f6r, enligt f\u00f6ruts\u00e4ttningarna ni har uppgett, giltigt.<\/p>\n<p>S\u00e5v\u00e4l svenska internationella regler som spanska internationella regler s\u00e4ger att ett \u00e4ktenskapsf\u00f6rord som \u00e4r uppr\u00e4ttat i enlighet med till\u00e4mplig lag p\u00e5 makarnas f\u00f6rm\u00f6genhetsf\u00f6rh\u00e5llanden vid tidpunkten f\u00f6r \u00e4ktenskapsf\u00f6rordets uppr\u00e4ttande \u00e4r giltigt. Detta inneb\u00e4r att b\u00e5de Sverige och Spanien anser \u00e4ktenskapsf\u00f6rordet formellt sett vara giltigt.<\/p>\n<p>Fr\u00e5gan \u00e4r vilka konsekvenser \u00e4ktenskapsf\u00f6rordet f\u00e5r i och med flytten till Spanien.<\/p>\n<p>N\u00e4r ni flyttar till Spanien s\u00e4ger svenska internationella regler att, efter att ni levt tv\u00e5 \u00e5r i Spanien, kommer ni att omfattas av spansk \u00e4ktenskapsr\u00e4ttslig lagstiftning, om ni inte avtalar n\u00e5got annat.<\/p>\n<p>Mitt r\u00e5d till er \u00e4r d\u00e4rf\u00f6r att ta kontakt med en advokatbyr\u00e5 som \u00e4r s\u00e4rskilt kunnig inom internationell privatr\u00e4tt och har kunskap i b\u00e5de svensk och spansk r\u00e4tt f\u00f6r att, med utg\u00e5ngspunkt i just ert \u00e4ktenskapsf\u00f6rord, utreda konsekvenserna av detsamma.<\/p>\n","protected":false},"excerpt":{"rendered":"<p>Vi \u00e4r ett svenskt par som varit gifta i 12 \u00e5r och kommer nu att flytta till Spanien. I samband med att vi gifte oss uppr\u00e4ttades ett \u00e4ktenskapsf\u00f6rord som vi registrerade och nu \u00e4r v\u00e5r fr\u00e5ga om \u00e4ktenskapsf\u00f6rordet \u00e4r giltigt i Spanien? Av advokat G\u00f6ran Rise Svenska makar har m\u00f6jlighet att genom \u00e4ktenskapsf\u00f6rord f\u00f6rordna att [&hellip;]<\/p>\n","protected":false},"author":8,"featured_media":4300,"comment_status":"open","ping_status":"open","sticky":false,"template":"","format":"standard","meta":{"_et_pb_use_builder":"","_et_pb_old_content":"","_et_gb_content_width":"","footnotes":""},"categories":[396,4],"tags":[],"class_list":["post-4299","post","type-post","status-publish","format-standard","has-post-thumbnail","hentry","category-arkiv-artiklar","category-artiklar"],"yoast_head":"<!-- This site is optimized with the Yoast SEO Premium plugin v26.2 (Yoast SEO v27.5) - https:\/\/yoast.com\/product\/yoast-seo-premium-wordpress\/ -->\n<title>Fr\u00e5ga advokaten: \u00c4r \u00e4ktenskapsf\u00f6rordet giltigt i Spanien? - Svenska Magasinet<\/title>\n<meta name=\"robots\" content=\"noindex, follow, max-snippet:-1, max-image-preview:large, max-video-preview:-1\" \/>\n<meta property=\"og:locale\" content=\"sv_SE\" \/>\n<meta property=\"og:type\" content=\"article\" \/>\n<meta property=\"og:title\" content=\"Fr\u00e5ga advokaten: \u00c4r \u00e4ktenskapsf\u00f6rordet giltigt i Spanien?\" \/>\n<meta property=\"og:description\" content=\"Vi \u00e4r ett svenskt par som varit gifta i 12 \u00e5r och kommer nu att flytta till Spanien. I samband med att vi gifte oss uppr\u00e4ttades ett \u00e4ktenskapsf\u00f6rord som vi registrerade och nu \u00e4r v\u00e5r fr\u00e5ga om \u00e4ktenskapsf\u00f6rordet \u00e4r giltigt i Spanien? Av advokat G\u00f6ran Rise Svenska makar har m\u00f6jlighet att genom \u00e4ktenskapsf\u00f6rord f\u00f6rordna att [&hellip;]\" \/>\n<meta property=\"og:url\" content=\"https:\/\/lightweb.dev\/l\/svm-temp\/artiklar\/fraga-advokaten-ar-aktenskapsforordet-giltigt-i-spanien\/\" \/>\n<meta property=\"og:site_name\" content=\"Svenska Magasinet\" \/>\n<meta property=\"article:publisher\" content=\"https:\/\/www.facebook.com\/svenskamagasinet\" \/>\n<meta property=\"article:published_time\" content=\"2013-04-09T22:00:00+00:00\" \/>\n<meta property=\"og:image\" content=\"https:\/\/lightweb.dev\/l\/svm-temp\/wp-content\/uploads\/2022\/04\/frga-advokaten-r-ktenskapsfrordet-giltigt-i-spanien.png\" \/>\n\t<meta property=\"og:image:width\" content=\"299\" \/>\n\t<meta property=\"og:image:height\" content=\"200\" \/>\n\t<meta property=\"og:image:type\" content=\"image\/png\" \/>\n<meta name=\"author\" content=\"Redaktionen SvM\" \/>\n<meta name=\"twitter:card\" content=\"summary_large_image\" \/>\n<meta name=\"twitter:creator\" content=\"@SvenskaMagasine\" \/>\n<meta name=\"twitter:site\" content=\"@SvenskaMagasine\" \/>\n<script type=\"application\/ld+json\" class=\"yoast-schema-graph\">{\"@context\":\"https:\\\/\\\/schema.org\",\"@graph\":[{\"@type\":\"Article\",\"@id\":\"https:\\\/\\\/lightweb.dev\\\/l\\\/svm-temp\\\/artiklar\\\/fraga-advokaten-ar-aktenskapsforordet-giltigt-i-spanien\\\/#article\",\"isPartOf\":{\"@id\":\"https:\\\/\\\/lightweb.dev\\\/l\\\/svm-temp\\\/artiklar\\\/fraga-advokaten-ar-aktenskapsforordet-giltigt-i-spanien\\\/\"},\"author\":{\"name\":\"Redaktionen SvM\",\"@id\":\"https:\\\/\\\/lightweb.dev\\\/l\\\/svm-temp\\\/#\\\/schema\\\/person\\\/206a3bda5b607b0c25e1749191e4d837\"},\"headline\":\"Fr\u00e5ga advokaten: \u00c4r \u00e4ktenskapsf\u00f6rordet giltigt i Spanien?\",\"datePublished\":\"2013-04-09T22:00:00+00:00\",\"mainEntityOfPage\":{\"@id\":\"https:\\\/\\\/lightweb.dev\\\/l\\\/svm-temp\\\/artiklar\\\/fraga-advokaten-ar-aktenskapsforordet-giltigt-i-spanien\\\/\"},\"wordCount\":375,\"commentCount\":0,\"publisher\":{\"@id\":\"https:\\\/\\\/lightweb.dev\\\/l\\\/svm-temp\\\/#organization\"},\"image\":{\"@id\":\"https:\\\/\\\/lightweb.dev\\\/l\\\/svm-temp\\\/artiklar\\\/fraga-advokaten-ar-aktenskapsforordet-giltigt-i-spanien\\\/#primaryimage\"},\"thumbnailUrl\":\"https:\\\/\\\/lightweb.dev\\\/l\\\/svm-temp\\\/wp-content\\\/uploads\\\/2022\\\/04\\\/frga-advokaten-r-ktenskapsfrordet-giltigt-i-spanien.png\",\"articleSection\":[\"Arkiv\",\"Artiklar\"],\"inLanguage\":\"sv-SE\"},{\"@type\":\"WebPage\",\"@id\":\"https:\\\/\\\/lightweb.dev\\\/l\\\/svm-temp\\\/artiklar\\\/fraga-advokaten-ar-aktenskapsforordet-giltigt-i-spanien\\\/\",\"url\":\"https:\\\/\\\/lightweb.dev\\\/l\\\/svm-temp\\\/artiklar\\\/fraga-advokaten-ar-aktenskapsforordet-giltigt-i-spanien\\\/\",\"name\":\"Fr\u00e5ga advokaten: \u00c4r \u00e4ktenskapsf\u00f6rordet giltigt i Spanien? - Svenska Magasinet\",\"isPartOf\":{\"@id\":\"https:\\\/\\\/lightweb.dev\\\/l\\\/svm-temp\\\/#website\"},\"primaryImageOfPage\":{\"@id\":\"https:\\\/\\\/lightweb.dev\\\/l\\\/svm-temp\\\/artiklar\\\/fraga-advokaten-ar-aktenskapsforordet-giltigt-i-spanien\\\/#primaryimage\"},\"image\":{\"@id\":\"https:\\\/\\\/lightweb.dev\\\/l\\\/svm-temp\\\/artiklar\\\/fraga-advokaten-ar-aktenskapsforordet-giltigt-i-spanien\\\/#primaryimage\"},\"thumbnailUrl\":\"https:\\\/\\\/lightweb.dev\\\/l\\\/svm-temp\\\/wp-content\\\/uploads\\\/2022\\\/04\\\/frga-advokaten-r-ktenskapsfrordet-giltigt-i-spanien.png\",\"datePublished\":\"2013-04-09T22:00:00+00:00\",\"breadcrumb\":{\"@id\":\"https:\\\/\\\/lightweb.dev\\\/l\\\/svm-temp\\\/artiklar\\\/fraga-advokaten-ar-aktenskapsforordet-giltigt-i-spanien\\\/#breadcrumb\"},\"inLanguage\":\"sv-SE\",\"potentialAction\":[{\"@type\":\"ReadAction\",\"target\":[\"https:\\\/\\\/lightweb.dev\\\/l\\\/svm-temp\\\/artiklar\\\/fraga-advokaten-ar-aktenskapsforordet-giltigt-i-spanien\\\/\"]}]},{\"@type\":\"ImageObject\",\"inLanguage\":\"sv-SE\",\"@id\":\"https:\\\/\\\/lightweb.dev\\\/l\\\/svm-temp\\\/artiklar\\\/fraga-advokaten-ar-aktenskapsforordet-giltigt-i-spanien\\\/#primaryimage\",\"url\":\"https:\\\/\\\/lightweb.dev\\\/l\\\/svm-temp\\\/wp-content\\\/uploads\\\/2022\\\/04\\\/frga-advokaten-r-ktenskapsfrordet-giltigt-i-spanien.png\",\"contentUrl\":\"https:\\\/\\\/lightweb.dev\\\/l\\\/svm-temp\\\/wp-content\\\/uploads\\\/2022\\\/04\\\/frga-advokaten-r-ktenskapsfrordet-giltigt-i-spanien.png\",\"width\":299,\"height\":200},{\"@type\":\"BreadcrumbList\",\"@id\":\"https:\\\/\\\/lightweb.dev\\\/l\\\/svm-temp\\\/artiklar\\\/fraga-advokaten-ar-aktenskapsforordet-giltigt-i-spanien\\\/#breadcrumb\",\"itemListElement\":[{\"@type\":\"ListItem\",\"position\":1,\"name\":\"Hem\",\"item\":\"https:\\\/\\\/lightweb.dev\\\/l\\\/svm-temp\\\/\"},{\"@type\":\"ListItem\",\"position\":2,\"name\":\"Fr\u00e5ga advokaten: \u00c4r \u00e4ktenskapsf\u00f6rordet giltigt i Spanien?\"}]},{\"@type\":\"WebSite\",\"@id\":\"https:\\\/\\\/lightweb.dev\\\/l\\\/svm-temp\\\/#website\",\"url\":\"https:\\\/\\\/lightweb.dev\\\/l\\\/svm-temp\\\/\",\"name\":\"Svenska Magasinet\",\"description\":\"Dina Spanska nyheter p&aring; Svenska\",\"publisher\":{\"@id\":\"https:\\\/\\\/lightweb.dev\\\/l\\\/svm-temp\\\/#organization\"},\"potentialAction\":[{\"@type\":\"SearchAction\",\"target\":{\"@type\":\"EntryPoint\",\"urlTemplate\":\"https:\\\/\\\/lightweb.dev\\\/l\\\/svm-temp\\\/?s={search_term_string}\"},\"query-input\":{\"@type\":\"PropertyValueSpecification\",\"valueRequired\":true,\"valueName\":\"search_term_string\"}}],\"inLanguage\":\"sv-SE\"},{\"@type\":\"Organization\",\"@id\":\"https:\\\/\\\/lightweb.dev\\\/l\\\/svm-temp\\\/#organization\",\"name\":\"Melkerson y Nott SL\",\"alternateName\":\"Svenska Magasinet\",\"url\":\"https:\\\/\\\/lightweb.dev\\\/l\\\/svm-temp\\\/\",\"logo\":{\"@type\":\"ImageObject\",\"inLanguage\":\"sv-SE\",\"@id\":\"https:\\\/\\\/lightweb.dev\\\/l\\\/svm-temp\\\/#\\\/schema\\\/logo\\\/image\\\/\",\"url\":\"https:\\\/\\\/lightweb.dev\\\/l\\\/svm-temp\\\/wp-content\\\/uploads\\\/2025\\\/02\\\/SvM-logo-Xtra-Centrerad-SVART.png\",\"contentUrl\":\"https:\\\/\\\/lightweb.dev\\\/l\\\/svm-temp\\\/wp-content\\\/uploads\\\/2025\\\/02\\\/SvM-logo-Xtra-Centrerad-SVART.png\",\"width\":300,\"height\":99,\"caption\":\"Melkerson y Nott SL\"},\"image\":{\"@id\":\"https:\\\/\\\/lightweb.dev\\\/l\\\/svm-temp\\\/#\\\/schema\\\/logo\\\/image\\\/\"},\"sameAs\":[\"https:\\\/\\\/www.facebook.com\\\/svenskamagasinet\",\"https:\\\/\\\/x.com\\\/SvenskaMagasine\"]},{\"@type\":\"Person\",\"@id\":\"https:\\\/\\\/lightweb.dev\\\/l\\\/svm-temp\\\/#\\\/schema\\\/person\\\/206a3bda5b607b0c25e1749191e4d837\",\"name\":\"Redaktionen SvM\",\"description\":\"Redaktionen\",\"sameAs\":[\"https:\\\/\\\/lightweb.dev\\\/l\\\/svm-temp\"],\"url\":\"https:\\\/\\\/lightweb.dev\\\/l\\\/svm-temp\\\/reporter\\\/redaktionen\\\/\"}]}<\/script>\n<!-- \/ Yoast SEO Premium plugin. -->","yoast_head_json":{"title":"Fr\u00e5ga advokaten: \u00c4r \u00e4ktenskapsf\u00f6rordet giltigt i Spanien? - Svenska Magasinet","robots":{"index":"noindex","follow":"follow","max-snippet":"max-snippet:-1","max-image-preview":"max-image-preview:large","max-video-preview":"max-video-preview:-1"},"og_locale":"sv_SE","og_type":"article","og_title":"Fr\u00e5ga advokaten: \u00c4r \u00e4ktenskapsf\u00f6rordet giltigt i Spanien?","og_description":"Vi \u00e4r ett svenskt par som varit gifta i 12 \u00e5r och kommer nu att flytta till Spanien. I samband med att vi gifte oss uppr\u00e4ttades ett \u00e4ktenskapsf\u00f6rord som vi registrerade och nu \u00e4r v\u00e5r fr\u00e5ga om \u00e4ktenskapsf\u00f6rordet \u00e4r giltigt i Spanien? Av advokat G\u00f6ran Rise Svenska makar har m\u00f6jlighet att genom \u00e4ktenskapsf\u00f6rord f\u00f6rordna att [&hellip;]","og_url":"https:\/\/lightweb.dev\/l\/svm-temp\/artiklar\/fraga-advokaten-ar-aktenskapsforordet-giltigt-i-spanien\/","og_site_name":"Svenska Magasinet","article_publisher":"https:\/\/www.facebook.com\/svenskamagasinet","article_published_time":"2013-04-09T22:00:00+00:00","og_image":[{"width":299,"height":200,"url":"https:\/\/lightweb.dev\/l\/svm-temp\/wp-content\/uploads\/2022\/04\/frga-advokaten-r-ktenskapsfrordet-giltigt-i-spanien.png","type":"image\/png"}],"author":"Redaktionen SvM","twitter_card":"summary_large_image","twitter_creator":"@SvenskaMagasine","twitter_site":"@SvenskaMagasine","schema":{"@context":"https:\/\/schema.org","@graph":[{"@type":"Article","@id":"https:\/\/lightweb.dev\/l\/svm-temp\/artiklar\/fraga-advokaten-ar-aktenskapsforordet-giltigt-i-spanien\/#article","isPartOf":{"@id":"https:\/\/lightweb.dev\/l\/svm-temp\/artiklar\/fraga-advokaten-ar-aktenskapsforordet-giltigt-i-spanien\/"},"author":{"name":"Redaktionen SvM","@id":"https:\/\/lightweb.dev\/l\/svm-temp\/#\/schema\/person\/206a3bda5b607b0c25e1749191e4d837"},"headline":"Fr\u00e5ga advokaten: \u00c4r \u00e4ktenskapsf\u00f6rordet giltigt i Spanien?","datePublished":"2013-04-09T22:00:00+00:00","mainEntityOfPage":{"@id":"https:\/\/lightweb.dev\/l\/svm-temp\/artiklar\/fraga-advokaten-ar-aktenskapsforordet-giltigt-i-spanien\/"},"wordCount":375,"commentCount":0,"publisher":{"@id":"https:\/\/lightweb.dev\/l\/svm-temp\/#organization"},"image":{"@id":"https:\/\/lightweb.dev\/l\/svm-temp\/artiklar\/fraga-advokaten-ar-aktenskapsforordet-giltigt-i-spanien\/#primaryimage"},"thumbnailUrl":"https:\/\/lightweb.dev\/l\/svm-temp\/wp-content\/uploads\/2022\/04\/frga-advokaten-r-ktenskapsfrordet-giltigt-i-spanien.png","articleSection":["Arkiv","Artiklar"],"inLanguage":"sv-SE"},{"@type":"WebPage","@id":"https:\/\/lightweb.dev\/l\/svm-temp\/artiklar\/fraga-advokaten-ar-aktenskapsforordet-giltigt-i-spanien\/","url":"https:\/\/lightweb.dev\/l\/svm-temp\/artiklar\/fraga-advokaten-ar-aktenskapsforordet-giltigt-i-spanien\/","name":"Fr\u00e5ga advokaten: \u00c4r \u00e4ktenskapsf\u00f6rordet giltigt i Spanien? - Svenska Magasinet","isPartOf":{"@id":"https:\/\/lightweb.dev\/l\/svm-temp\/#website"},"primaryImageOfPage":{"@id":"https:\/\/lightweb.dev\/l\/svm-temp\/artiklar\/fraga-advokaten-ar-aktenskapsforordet-giltigt-i-spanien\/#primaryimage"},"image":{"@id":"https:\/\/lightweb.dev\/l\/svm-temp\/artiklar\/fraga-advokaten-ar-aktenskapsforordet-giltigt-i-spanien\/#primaryimage"},"thumbnailUrl":"https:\/\/lightweb.dev\/l\/svm-temp\/wp-content\/uploads\/2022\/04\/frga-advokaten-r-ktenskapsfrordet-giltigt-i-spanien.png","datePublished":"2013-04-09T22:00:00+00:00","breadcrumb":{"@id":"https:\/\/lightweb.dev\/l\/svm-temp\/artiklar\/fraga-advokaten-ar-aktenskapsforordet-giltigt-i-spanien\/#breadcrumb"},"inLanguage":"sv-SE","potentialAction":[{"@type":"ReadAction","target":["https:\/\/lightweb.dev\/l\/svm-temp\/artiklar\/fraga-advokaten-ar-aktenskapsforordet-giltigt-i-spanien\/"]}]},{"@type":"ImageObject","inLanguage":"sv-SE","@id":"https:\/\/lightweb.dev\/l\/svm-temp\/artiklar\/fraga-advokaten-ar-aktenskapsforordet-giltigt-i-spanien\/#primaryimage","url":"https:\/\/lightweb.dev\/l\/svm-temp\/wp-content\/uploads\/2022\/04\/frga-advokaten-r-ktenskapsfrordet-giltigt-i-spanien.png","contentUrl":"https:\/\/lightweb.dev\/l\/svm-temp\/wp-content\/uploads\/2022\/04\/frga-advokaten-r-ktenskapsfrordet-giltigt-i-spanien.png","width":299,"height":200},{"@type":"BreadcrumbList","@id":"https:\/\/lightweb.dev\/l\/svm-temp\/artiklar\/fraga-advokaten-ar-aktenskapsforordet-giltigt-i-spanien\/#breadcrumb","itemListElement":[{"@type":"ListItem","position":1,"name":"Hem","item":"https:\/\/lightweb.dev\/l\/svm-temp\/"},{"@type":"ListItem","position":2,"name":"Fr\u00e5ga advokaten: \u00c4r \u00e4ktenskapsf\u00f6rordet giltigt i Spanien?"}]},{"@type":"WebSite","@id":"https:\/\/lightweb.dev\/l\/svm-temp\/#website","url":"https:\/\/lightweb.dev\/l\/svm-temp\/","name":"Svenska Magasinet","description":"Dina Spanska nyheter p&aring; Svenska","publisher":{"@id":"https:\/\/lightweb.dev\/l\/svm-temp\/#organization"},"potentialAction":[{"@type":"SearchAction","target":{"@type":"EntryPoint","urlTemplate":"https:\/\/lightweb.dev\/l\/svm-temp\/?s={search_term_string}"},"query-input":{"@type":"PropertyValueSpecification","valueRequired":true,"valueName":"search_term_string"}}],"inLanguage":"sv-SE"},{"@type":"Organization","@id":"https:\/\/lightweb.dev\/l\/svm-temp\/#organization","name":"Melkerson y Nott SL","alternateName":"Svenska Magasinet","url":"https:\/\/lightweb.dev\/l\/svm-temp\/","logo":{"@type":"ImageObject","inLanguage":"sv-SE","@id":"https:\/\/lightweb.dev\/l\/svm-temp\/#\/schema\/logo\/image\/","url":"https:\/\/lightweb.dev\/l\/svm-temp\/wp-content\/uploads\/2025\/02\/SvM-logo-Xtra-Centrerad-SVART.png","contentUrl":"https:\/\/lightweb.dev\/l\/svm-temp\/wp-content\/uploads\/2025\/02\/SvM-logo-Xtra-Centrerad-SVART.png","width":300,"height":99,"caption":"Melkerson y Nott SL"},"image":{"@id":"https:\/\/lightweb.dev\/l\/svm-temp\/#\/schema\/logo\/image\/"},"sameAs":["https:\/\/www.facebook.com\/svenskamagasinet","https:\/\/x.com\/SvenskaMagasine"]},{"@type":"Person","@id":"https:\/\/lightweb.dev\/l\/svm-temp\/#\/schema\/person\/206a3bda5b607b0c25e1749191e4d837","name":"Redaktionen SvM","description":"Redaktionen","sameAs":["https:\/\/lightweb.dev\/l\/svm-temp"],"url":"https:\/\/lightweb.dev\/l\/svm-temp\/reporter\/redaktionen\/"}]}},"_links":{"self":[{"href":"https:\/\/lightweb.dev\/l\/svm-temp\/wp-json\/wp\/v2\/posts\/4299","targetHints":{"allow":["GET"]}}],"collection":[{"href":"https:\/\/lightweb.dev\/l\/svm-temp\/wp-json\/wp\/v2\/posts"}],"about":[{"href":"https:\/\/lightweb.dev\/l\/svm-temp\/wp-json\/wp\/v2\/types\/post"}],"author":[{"embeddable":true,"href":"https:\/\/lightweb.dev\/l\/svm-temp\/wp-json\/wp\/v2\/users\/8"}],"replies":[{"embeddable":true,"href":"https:\/\/lightweb.dev\/l\/svm-temp\/wp-json\/wp\/v2\/comments?post=4299"}],"version-history":[{"count":0,"href":"https:\/\/lightweb.dev\/l\/svm-temp\/wp-json\/wp\/v2\/posts\/4299\/revisions"}],"wp:featuredmedia":[{"embeddable":true,"href":"https:\/\/lightweb.dev\/l\/svm-temp\/wp-json\/wp\/v2\/media\/4300"}],"wp:attachment":[{"href":"https:\/\/lightweb.dev\/l\/svm-temp\/wp-json\/wp\/v2\/media?parent=4299"}],"wp:term":[{"taxonomy":"category","embeddable":true,"href":"https:\/\/lightweb.dev\/l\/svm-temp\/wp-json\/wp\/v2\/categories?post=4299"},{"taxonomy":"post_tag","embeddable":true,"href":"https:\/\/lightweb.dev\/l\/svm-temp\/wp-json\/wp\/v2\/tags?post=4299"}],"curies":[{"name":"wp","href":"https:\/\/api.w.org\/{rel}","templated":true}]}}