{"id":4317,"date":"2013-04-10T00:00:00","date_gmt":"2013-04-09T22:00:00","guid":{"rendered":"https:\/\/lightweb.dev\/l\/svm-temp\/svenskagd-spansk-restaurang-i-estepona-fritidshamn-antonios\/"},"modified":"2013-04-10T00:00:00","modified_gmt":"2013-04-09T22:00:00","slug":"svenskagd-spansk-restaurang-i-estepona-fritidshamn-antonios","status":"publish","type":"post","link":"https:\/\/lightweb.dev\/l\/svm-temp\/artiklar\/svenskagd-spansk-restaurang-i-estepona-fritidshamn-antonios\/","title":{"rendered":"Svensk\u00e4gd spansk restaurang i Estepona fritidshamn &#8211; ANTONIO\u2019S"},"content":{"rendered":"<p> I januari 2012 fick vi (jag och min spanske v\u00e4n) nys om att det fanns en m\u00f6jlighet att hyra en lokal, med b\u00e4sta l\u00e4get i Estepona hamn. Att ta en tom lokal till fullv\u00e4rdig restaurang kr\u00e4vde en hel del h\u00e5rt arbete och mycket diskussioner med Estepona kommun. F\u00f6r att inte tala om alla best\u00e4mmelser, dokument och licenser som kr\u00e4vs f\u00f6r att f\u00e5 komma ig\u00e5ng och kunna \u00f6ppna. Efter \u00f6verklagande fr\u00e5n grannen till lokalen, som ogillades, s\u00e5 kom vi ig\u00e5ng med bygget i b\u00f6rjan av mars 2012. Min spanske partner gjorde mycket av grovjobbet och efter 6 m\u00e5nader kunde vi sl\u00e5 upp d\u00f6rrarna till restaurangen.<br \/>\nVi \u00f6ppnade den 10 augusti och fick ett mycket positivt mottagande. Min partner valde dock, av personliga sk\u00e4l att hoppa av och fr\u00e5n januari 2013 driver jag restaurangen i egen regi.<br \/>\nVi erbjuder en tapas-bar som redan har blivit mycket omtyckt, v\u00e5r lunch\u2013 och kv\u00e4llsmeny g\u00e5r inte heller av f\u00f6r hackor. All mat tillreds av v\u00e5ra tv\u00e5 kockar Sonja (spanjorska, expert p\u00e5 spansk mat) och Juli\u00e1n (argentinare med k\u00f6tt och vegetariskt som specialitet). Allting serveras av v\u00e5r serviceinriktade personal som alltid \u00e4r glada och trevliga.<br \/>\nVi har \u00f6ppet alla dagar klockan 9 \u2013 24. Om jag sj\u00e4lv inte skulle vara p\u00e5 plats, h\u00e4lsa fr\u00e5n Robert, s\u00e5 blir ni extra v\u00e4l omh\u00e4ndertagna.<br \/>\nAdressen \u00e4r Rotunda del Puerto Estepona och ni n\u00e5r oss p\u00e5 tel: +34 952 80 84 13 eller g\u00e5 in p\u00e5 v\u00e5r web-sida www.antonios-estepona.com. Vi finns \u00e4ven p\u00e5 www.facebook.com\/antoniosestepona<br \/>\nHj\u00e4rtligt v\u00e4lkomna<br \/>\nRobert F\u00e4ldt med personal <\/p>\n","protected":false},"excerpt":{"rendered":"<p>I januari 2012 fick vi (jag och min spanske v\u00e4n) nys om att det fanns en m\u00f6jlighet att hyra en lokal, med b\u00e4sta l\u00e4get i Estepona hamn. Att ta en tom lokal till fullv\u00e4rdig restaurang kr\u00e4vde en hel del h\u00e5rt arbete och mycket diskussioner med Estepona kommun. F\u00f6r att inte tala om alla best\u00e4mmelser, dokument [&hellip;]<\/p>\n","protected":false},"author":8,"featured_media":4318,"comment_status":"open","ping_status":"open","sticky":false,"template":"","format":"standard","meta":{"_et_pb_use_builder":"","_et_pb_old_content":"","_et_gb_content_width":"","footnotes":""},"categories":[396,4],"tags":[],"class_list":["post-4317","post","type-post","status-publish","format-standard","has-post-thumbnail","hentry","category-arkiv-artiklar","category-artiklar"],"yoast_head":"<!-- This site is optimized with the Yoast SEO Premium plugin v26.2 (Yoast SEO v27.5) - https:\/\/yoast.com\/product\/yoast-seo-premium-wordpress\/ -->\n<title>Svensk\u00e4gd spansk restaurang i Estepona fritidshamn - ANTONIO\u2019S - Svenska Magasinet<\/title>\n<meta name=\"robots\" content=\"noindex, follow, max-snippet:-1, max-image-preview:large, max-video-preview:-1\" \/>\n<meta property=\"og:locale\" content=\"sv_SE\" \/>\n<meta property=\"og:type\" content=\"article\" \/>\n<meta property=\"og:title\" content=\"Svensk\u00e4gd spansk restaurang i Estepona fritidshamn - ANTONIO\u2019S\" \/>\n<meta property=\"og:description\" content=\"I januari 2012 fick vi (jag och min spanske v\u00e4n) nys om att det fanns en m\u00f6jlighet att hyra en lokal, med b\u00e4sta l\u00e4get i Estepona hamn. Att ta en tom lokal till fullv\u00e4rdig restaurang kr\u00e4vde en hel del h\u00e5rt arbete och mycket diskussioner med Estepona kommun. F\u00f6r att inte tala om alla best\u00e4mmelser, dokument [&hellip;]\" \/>\n<meta property=\"og:url\" content=\"https:\/\/lightweb.dev\/l\/svm-temp\/artiklar\/svenskagd-spansk-restaurang-i-estepona-fritidshamn-antonios\/\" \/>\n<meta property=\"og:site_name\" content=\"Svenska Magasinet\" \/>\n<meta property=\"article:publisher\" content=\"https:\/\/www.facebook.com\/svenskamagasinet\" \/>\n<meta property=\"article:published_time\" content=\"2013-04-09T22:00:00+00:00\" \/>\n<meta property=\"og:image\" content=\"https:\/\/lightweb.dev\/l\/svm-temp\/wp-content\/uploads\/2022\/04\/svenskgd-spansk-restaurang-i-estepona-fritidshamn-antonio-s.png\" \/>\n\t<meta property=\"og:image:width\" content=\"280\" \/>\n\t<meta property=\"og:image:height\" content=\"238\" \/>\n\t<meta property=\"og:image:type\" content=\"image\/png\" \/>\n<meta name=\"author\" content=\"Redaktionen SvM\" \/>\n<meta name=\"twitter:card\" content=\"summary_large_image\" \/>\n<meta name=\"twitter:creator\" content=\"@SvenskaMagasine\" \/>\n<meta name=\"twitter:site\" content=\"@SvenskaMagasine\" \/>\n<script type=\"application\/ld+json\" class=\"yoast-schema-graph\">{\"@context\":\"https:\\\/\\\/schema.org\",\"@graph\":[{\"@type\":\"Article\",\"@id\":\"https:\\\/\\\/lightweb.dev\\\/l\\\/svm-temp\\\/artiklar\\\/svenskagd-spansk-restaurang-i-estepona-fritidshamn-antonios\\\/#article\",\"isPartOf\":{\"@id\":\"https:\\\/\\\/lightweb.dev\\\/l\\\/svm-temp\\\/artiklar\\\/svenskagd-spansk-restaurang-i-estepona-fritidshamn-antonios\\\/\"},\"author\":{\"name\":\"Redaktionen SvM\",\"@id\":\"https:\\\/\\\/lightweb.dev\\\/l\\\/svm-temp\\\/#\\\/schema\\\/person\\\/206a3bda5b607b0c25e1749191e4d837\"},\"headline\":\"Svensk\u00e4gd spansk restaurang i Estepona fritidshamn &#8211; ANTONIO\u2019S\",\"datePublished\":\"2013-04-09T22:00:00+00:00\",\"mainEntityOfPage\":{\"@id\":\"https:\\\/\\\/lightweb.dev\\\/l\\\/svm-temp\\\/artiklar\\\/svenskagd-spansk-restaurang-i-estepona-fritidshamn-antonios\\\/\"},\"wordCount\":289,\"commentCount\":0,\"publisher\":{\"@id\":\"https:\\\/\\\/lightweb.dev\\\/l\\\/svm-temp\\\/#organization\"},\"image\":{\"@id\":\"https:\\\/\\\/lightweb.dev\\\/l\\\/svm-temp\\\/artiklar\\\/svenskagd-spansk-restaurang-i-estepona-fritidshamn-antonios\\\/#primaryimage\"},\"thumbnailUrl\":\"https:\\\/\\\/lightweb.dev\\\/l\\\/svm-temp\\\/wp-content\\\/uploads\\\/2022\\\/04\\\/svenskgd-spansk-restaurang-i-estepona-fritidshamn-antonio-s.png\",\"articleSection\":[\"Arkiv\",\"Artiklar\"],\"inLanguage\":\"sv-SE\"},{\"@type\":\"WebPage\",\"@id\":\"https:\\\/\\\/lightweb.dev\\\/l\\\/svm-temp\\\/artiklar\\\/svenskagd-spansk-restaurang-i-estepona-fritidshamn-antonios\\\/\",\"url\":\"https:\\\/\\\/lightweb.dev\\\/l\\\/svm-temp\\\/artiklar\\\/svenskagd-spansk-restaurang-i-estepona-fritidshamn-antonios\\\/\",\"name\":\"Svensk\u00e4gd spansk restaurang i Estepona fritidshamn - ANTONIO\u2019S - Svenska Magasinet\",\"isPartOf\":{\"@id\":\"https:\\\/\\\/lightweb.dev\\\/l\\\/svm-temp\\\/#website\"},\"primaryImageOfPage\":{\"@id\":\"https:\\\/\\\/lightweb.dev\\\/l\\\/svm-temp\\\/artiklar\\\/svenskagd-spansk-restaurang-i-estepona-fritidshamn-antonios\\\/#primaryimage\"},\"image\":{\"@id\":\"https:\\\/\\\/lightweb.dev\\\/l\\\/svm-temp\\\/artiklar\\\/svenskagd-spansk-restaurang-i-estepona-fritidshamn-antonios\\\/#primaryimage\"},\"thumbnailUrl\":\"https:\\\/\\\/lightweb.dev\\\/l\\\/svm-temp\\\/wp-content\\\/uploads\\\/2022\\\/04\\\/svenskgd-spansk-restaurang-i-estepona-fritidshamn-antonio-s.png\",\"datePublished\":\"2013-04-09T22:00:00+00:00\",\"breadcrumb\":{\"@id\":\"https:\\\/\\\/lightweb.dev\\\/l\\\/svm-temp\\\/artiklar\\\/svenskagd-spansk-restaurang-i-estepona-fritidshamn-antonios\\\/#breadcrumb\"},\"inLanguage\":\"sv-SE\",\"potentialAction\":[{\"@type\":\"ReadAction\",\"target\":[\"https:\\\/\\\/lightweb.dev\\\/l\\\/svm-temp\\\/artiklar\\\/svenskagd-spansk-restaurang-i-estepona-fritidshamn-antonios\\\/\"]}]},{\"@type\":\"ImageObject\",\"inLanguage\":\"sv-SE\",\"@id\":\"https:\\\/\\\/lightweb.dev\\\/l\\\/svm-temp\\\/artiklar\\\/svenskagd-spansk-restaurang-i-estepona-fritidshamn-antonios\\\/#primaryimage\",\"url\":\"https:\\\/\\\/lightweb.dev\\\/l\\\/svm-temp\\\/wp-content\\\/uploads\\\/2022\\\/04\\\/svenskgd-spansk-restaurang-i-estepona-fritidshamn-antonio-s.png\",\"contentUrl\":\"https:\\\/\\\/lightweb.dev\\\/l\\\/svm-temp\\\/wp-content\\\/uploads\\\/2022\\\/04\\\/svenskgd-spansk-restaurang-i-estepona-fritidshamn-antonio-s.png\",\"width\":280,\"height\":238},{\"@type\":\"BreadcrumbList\",\"@id\":\"https:\\\/\\\/lightweb.dev\\\/l\\\/svm-temp\\\/artiklar\\\/svenskagd-spansk-restaurang-i-estepona-fritidshamn-antonios\\\/#breadcrumb\",\"itemListElement\":[{\"@type\":\"ListItem\",\"position\":1,\"name\":\"Hem\",\"item\":\"https:\\\/\\\/lightweb.dev\\\/l\\\/svm-temp\\\/\"},{\"@type\":\"ListItem\",\"position\":2,\"name\":\"Svensk\u00e4gd spansk restaurang i Estepona fritidshamn &#8211; ANTONIO\u2019S\"}]},{\"@type\":\"WebSite\",\"@id\":\"https:\\\/\\\/lightweb.dev\\\/l\\\/svm-temp\\\/#website\",\"url\":\"https:\\\/\\\/lightweb.dev\\\/l\\\/svm-temp\\\/\",\"name\":\"Svenska Magasinet\",\"description\":\"Dina Spanska nyheter p&aring; Svenska\",\"publisher\":{\"@id\":\"https:\\\/\\\/lightweb.dev\\\/l\\\/svm-temp\\\/#organization\"},\"potentialAction\":[{\"@type\":\"SearchAction\",\"target\":{\"@type\":\"EntryPoint\",\"urlTemplate\":\"https:\\\/\\\/lightweb.dev\\\/l\\\/svm-temp\\\/?s={search_term_string}\"},\"query-input\":{\"@type\":\"PropertyValueSpecification\",\"valueRequired\":true,\"valueName\":\"search_term_string\"}}],\"inLanguage\":\"sv-SE\"},{\"@type\":\"Organization\",\"@id\":\"https:\\\/\\\/lightweb.dev\\\/l\\\/svm-temp\\\/#organization\",\"name\":\"Melkerson y Nott SL\",\"alternateName\":\"Svenska Magasinet\",\"url\":\"https:\\\/\\\/lightweb.dev\\\/l\\\/svm-temp\\\/\",\"logo\":{\"@type\":\"ImageObject\",\"inLanguage\":\"sv-SE\",\"@id\":\"https:\\\/\\\/lightweb.dev\\\/l\\\/svm-temp\\\/#\\\/schema\\\/logo\\\/image\\\/\",\"url\":\"https:\\\/\\\/lightweb.dev\\\/l\\\/svm-temp\\\/wp-content\\\/uploads\\\/2025\\\/02\\\/SvM-logo-Xtra-Centrerad-SVART.png\",\"contentUrl\":\"https:\\\/\\\/lightweb.dev\\\/l\\\/svm-temp\\\/wp-content\\\/uploads\\\/2025\\\/02\\\/SvM-logo-Xtra-Centrerad-SVART.png\",\"width\":300,\"height\":99,\"caption\":\"Melkerson y Nott SL\"},\"image\":{\"@id\":\"https:\\\/\\\/lightweb.dev\\\/l\\\/svm-temp\\\/#\\\/schema\\\/logo\\\/image\\\/\"},\"sameAs\":[\"https:\\\/\\\/www.facebook.com\\\/svenskamagasinet\",\"https:\\\/\\\/x.com\\\/SvenskaMagasine\"]},{\"@type\":\"Person\",\"@id\":\"https:\\\/\\\/lightweb.dev\\\/l\\\/svm-temp\\\/#\\\/schema\\\/person\\\/206a3bda5b607b0c25e1749191e4d837\",\"name\":\"Redaktionen SvM\",\"description\":\"Redaktionen\",\"sameAs\":[\"https:\\\/\\\/lightweb.dev\\\/l\\\/svm-temp\"],\"url\":\"https:\\\/\\\/lightweb.dev\\\/l\\\/svm-temp\\\/reporter\\\/redaktionen\\\/\"}]}<\/script>\n<!-- \/ Yoast SEO Premium plugin. -->","yoast_head_json":{"title":"Svensk\u00e4gd spansk restaurang i Estepona fritidshamn - ANTONIO\u2019S - Svenska Magasinet","robots":{"index":"noindex","follow":"follow","max-snippet":"max-snippet:-1","max-image-preview":"max-image-preview:large","max-video-preview":"max-video-preview:-1"},"og_locale":"sv_SE","og_type":"article","og_title":"Svensk\u00e4gd spansk restaurang i Estepona fritidshamn - ANTONIO\u2019S","og_description":"I januari 2012 fick vi (jag och min spanske v\u00e4n) nys om att det fanns en m\u00f6jlighet att hyra en lokal, med b\u00e4sta l\u00e4get i Estepona hamn. Att ta en tom lokal till fullv\u00e4rdig restaurang kr\u00e4vde en hel del h\u00e5rt arbete och mycket diskussioner med Estepona kommun. F\u00f6r att inte tala om alla best\u00e4mmelser, dokument [&hellip;]","og_url":"https:\/\/lightweb.dev\/l\/svm-temp\/artiklar\/svenskagd-spansk-restaurang-i-estepona-fritidshamn-antonios\/","og_site_name":"Svenska Magasinet","article_publisher":"https:\/\/www.facebook.com\/svenskamagasinet","article_published_time":"2013-04-09T22:00:00+00:00","og_image":[{"width":280,"height":238,"url":"https:\/\/lightweb.dev\/l\/svm-temp\/wp-content\/uploads\/2022\/04\/svenskgd-spansk-restaurang-i-estepona-fritidshamn-antonio-s.png","type":"image\/png"}],"author":"Redaktionen SvM","twitter_card":"summary_large_image","twitter_creator":"@SvenskaMagasine","twitter_site":"@SvenskaMagasine","schema":{"@context":"https:\/\/schema.org","@graph":[{"@type":"Article","@id":"https:\/\/lightweb.dev\/l\/svm-temp\/artiklar\/svenskagd-spansk-restaurang-i-estepona-fritidshamn-antonios\/#article","isPartOf":{"@id":"https:\/\/lightweb.dev\/l\/svm-temp\/artiklar\/svenskagd-spansk-restaurang-i-estepona-fritidshamn-antonios\/"},"author":{"name":"Redaktionen SvM","@id":"https:\/\/lightweb.dev\/l\/svm-temp\/#\/schema\/person\/206a3bda5b607b0c25e1749191e4d837"},"headline":"Svensk\u00e4gd spansk restaurang i Estepona fritidshamn &#8211; ANTONIO\u2019S","datePublished":"2013-04-09T22:00:00+00:00","mainEntityOfPage":{"@id":"https:\/\/lightweb.dev\/l\/svm-temp\/artiklar\/svenskagd-spansk-restaurang-i-estepona-fritidshamn-antonios\/"},"wordCount":289,"commentCount":0,"publisher":{"@id":"https:\/\/lightweb.dev\/l\/svm-temp\/#organization"},"image":{"@id":"https:\/\/lightweb.dev\/l\/svm-temp\/artiklar\/svenskagd-spansk-restaurang-i-estepona-fritidshamn-antonios\/#primaryimage"},"thumbnailUrl":"https:\/\/lightweb.dev\/l\/svm-temp\/wp-content\/uploads\/2022\/04\/svenskgd-spansk-restaurang-i-estepona-fritidshamn-antonio-s.png","articleSection":["Arkiv","Artiklar"],"inLanguage":"sv-SE"},{"@type":"WebPage","@id":"https:\/\/lightweb.dev\/l\/svm-temp\/artiklar\/svenskagd-spansk-restaurang-i-estepona-fritidshamn-antonios\/","url":"https:\/\/lightweb.dev\/l\/svm-temp\/artiklar\/svenskagd-spansk-restaurang-i-estepona-fritidshamn-antonios\/","name":"Svensk\u00e4gd spansk restaurang i Estepona fritidshamn - ANTONIO\u2019S - Svenska Magasinet","isPartOf":{"@id":"https:\/\/lightweb.dev\/l\/svm-temp\/#website"},"primaryImageOfPage":{"@id":"https:\/\/lightweb.dev\/l\/svm-temp\/artiklar\/svenskagd-spansk-restaurang-i-estepona-fritidshamn-antonios\/#primaryimage"},"image":{"@id":"https:\/\/lightweb.dev\/l\/svm-temp\/artiklar\/svenskagd-spansk-restaurang-i-estepona-fritidshamn-antonios\/#primaryimage"},"thumbnailUrl":"https:\/\/lightweb.dev\/l\/svm-temp\/wp-content\/uploads\/2022\/04\/svenskgd-spansk-restaurang-i-estepona-fritidshamn-antonio-s.png","datePublished":"2013-04-09T22:00:00+00:00","breadcrumb":{"@id":"https:\/\/lightweb.dev\/l\/svm-temp\/artiklar\/svenskagd-spansk-restaurang-i-estepona-fritidshamn-antonios\/#breadcrumb"},"inLanguage":"sv-SE","potentialAction":[{"@type":"ReadAction","target":["https:\/\/lightweb.dev\/l\/svm-temp\/artiklar\/svenskagd-spansk-restaurang-i-estepona-fritidshamn-antonios\/"]}]},{"@type":"ImageObject","inLanguage":"sv-SE","@id":"https:\/\/lightweb.dev\/l\/svm-temp\/artiklar\/svenskagd-spansk-restaurang-i-estepona-fritidshamn-antonios\/#primaryimage","url":"https:\/\/lightweb.dev\/l\/svm-temp\/wp-content\/uploads\/2022\/04\/svenskgd-spansk-restaurang-i-estepona-fritidshamn-antonio-s.png","contentUrl":"https:\/\/lightweb.dev\/l\/svm-temp\/wp-content\/uploads\/2022\/04\/svenskgd-spansk-restaurang-i-estepona-fritidshamn-antonio-s.png","width":280,"height":238},{"@type":"BreadcrumbList","@id":"https:\/\/lightweb.dev\/l\/svm-temp\/artiklar\/svenskagd-spansk-restaurang-i-estepona-fritidshamn-antonios\/#breadcrumb","itemListElement":[{"@type":"ListItem","position":1,"name":"Hem","item":"https:\/\/lightweb.dev\/l\/svm-temp\/"},{"@type":"ListItem","position":2,"name":"Svensk\u00e4gd spansk restaurang i Estepona fritidshamn &#8211; ANTONIO\u2019S"}]},{"@type":"WebSite","@id":"https:\/\/lightweb.dev\/l\/svm-temp\/#website","url":"https:\/\/lightweb.dev\/l\/svm-temp\/","name":"Svenska Magasinet","description":"Dina Spanska nyheter p&aring; Svenska","publisher":{"@id":"https:\/\/lightweb.dev\/l\/svm-temp\/#organization"},"potentialAction":[{"@type":"SearchAction","target":{"@type":"EntryPoint","urlTemplate":"https:\/\/lightweb.dev\/l\/svm-temp\/?s={search_term_string}"},"query-input":{"@type":"PropertyValueSpecification","valueRequired":true,"valueName":"search_term_string"}}],"inLanguage":"sv-SE"},{"@type":"Organization","@id":"https:\/\/lightweb.dev\/l\/svm-temp\/#organization","name":"Melkerson y Nott SL","alternateName":"Svenska Magasinet","url":"https:\/\/lightweb.dev\/l\/svm-temp\/","logo":{"@type":"ImageObject","inLanguage":"sv-SE","@id":"https:\/\/lightweb.dev\/l\/svm-temp\/#\/schema\/logo\/image\/","url":"https:\/\/lightweb.dev\/l\/svm-temp\/wp-content\/uploads\/2025\/02\/SvM-logo-Xtra-Centrerad-SVART.png","contentUrl":"https:\/\/lightweb.dev\/l\/svm-temp\/wp-content\/uploads\/2025\/02\/SvM-logo-Xtra-Centrerad-SVART.png","width":300,"height":99,"caption":"Melkerson y Nott SL"},"image":{"@id":"https:\/\/lightweb.dev\/l\/svm-temp\/#\/schema\/logo\/image\/"},"sameAs":["https:\/\/www.facebook.com\/svenskamagasinet","https:\/\/x.com\/SvenskaMagasine"]},{"@type":"Person","@id":"https:\/\/lightweb.dev\/l\/svm-temp\/#\/schema\/person\/206a3bda5b607b0c25e1749191e4d837","name":"Redaktionen SvM","description":"Redaktionen","sameAs":["https:\/\/lightweb.dev\/l\/svm-temp"],"url":"https:\/\/lightweb.dev\/l\/svm-temp\/reporter\/redaktionen\/"}]}},"_links":{"self":[{"href":"https:\/\/lightweb.dev\/l\/svm-temp\/wp-json\/wp\/v2\/posts\/4317","targetHints":{"allow":["GET"]}}],"collection":[{"href":"https:\/\/lightweb.dev\/l\/svm-temp\/wp-json\/wp\/v2\/posts"}],"about":[{"href":"https:\/\/lightweb.dev\/l\/svm-temp\/wp-json\/wp\/v2\/types\/post"}],"author":[{"embeddable":true,"href":"https:\/\/lightweb.dev\/l\/svm-temp\/wp-json\/wp\/v2\/users\/8"}],"replies":[{"embeddable":true,"href":"https:\/\/lightweb.dev\/l\/svm-temp\/wp-json\/wp\/v2\/comments?post=4317"}],"version-history":[{"count":0,"href":"https:\/\/lightweb.dev\/l\/svm-temp\/wp-json\/wp\/v2\/posts\/4317\/revisions"}],"wp:featuredmedia":[{"embeddable":true,"href":"https:\/\/lightweb.dev\/l\/svm-temp\/wp-json\/wp\/v2\/media\/4318"}],"wp:attachment":[{"href":"https:\/\/lightweb.dev\/l\/svm-temp\/wp-json\/wp\/v2\/media?parent=4317"}],"wp:term":[{"taxonomy":"category","embeddable":true,"href":"https:\/\/lightweb.dev\/l\/svm-temp\/wp-json\/wp\/v2\/categories?post=4317"},{"taxonomy":"post_tag","embeddable":true,"href":"https:\/\/lightweb.dev\/l\/svm-temp\/wp-json\/wp\/v2\/tags?post=4317"}],"curies":[{"name":"wp","href":"https:\/\/api.w.org\/{rel}","templated":true}]}}