{"id":4319,"date":"2013-04-10T00:00:00","date_gmt":"2013-04-09T22:00:00","guid":{"rendered":"https:\/\/lightweb.dev\/l\/svm-temp\/butiken-har-fatt-ett-%c2%a8facelift%c2%a8\/"},"modified":"2013-04-10T00:00:00","modified_gmt":"2013-04-09T22:00:00","slug":"butiken-har-fatt-ett-%c2%a8facelift%c2%a8","status":"publish","type":"post","link":"https:\/\/lightweb.dev\/l\/svm-temp\/artiklar\/butiken-har-fatt-ett-%c2%a8facelift%c2%a8\/","title":{"rendered":"Butiken har f\u00e5tt ett \u00a8facelift\u00a8"},"content":{"rendered":"<p> Marbella Classic Golf har under den senaste tolv m\u00e5naders perioden \u00f6kat f\u00f6rs\u00e4ljningen betydligt och det \u00e4r gl\u00e4djande att s\u00e5 m\u00e5nga trevliga kunder bes\u00f6ker oss i sol likv\u00e4l som i regn. Butiken har genomg\u00e5tt en facelift, v\u00e4ggar \u00e4r ljusare, mer belysning, m\u00e5nga speglar, nya m\u00f6jligheter att visa v\u00e5rt fina sortiment av kl\u00e4der och Ecco skor.  V\u00e5ra \u201cCoffee mornings\u201d \u00e4r popul\u00e4ra och v\u00e4lbes\u00f6kta, gl\u00e4djande att s\u00e5 m\u00e5nga tar sig tid att komma. Att f\u00e5 en kopp kaffe, \u00e4ta en bit t\u00e5rta och kolla in alla nyheter. Det finns nu mycket nytt f\u00f6r v\u00e5ren och sommaren.<br \/>\nP\u00e5 hyllor och galgar exponeras allt snyggt fr\u00e5n Masters, Abacus, Daily, Alberto, R\u00f6hnisch, Nike, Ping, Green Lamb och Glenmuir. Det \u00e4r damer som st\u00e5r f\u00f6r den st\u00f6rre delen av v\u00e5r f\u00f6rs\u00e4ljning och det \u00e4r vi glada f\u00f6r men \u00e4n gladare om vi fick fler herrar att komma in till oss. H\u00e4r finns mycket snyggt till Er med.<br \/>\nVi p\u00e5 Marbella Classic Golf har gedigen erfarenhet och vi vill \u00e4ven i forts\u00e4ttningen serva v\u00e5ra kunder p\u00e5 b\u00e4sta s\u00e4tt, inspirerande \u00e4r det och vi \u00f6nskar att fler skall uppt\u00e4cka v\u00e5r fina butik.<br \/>\nV\u00e4lkomna och ta g\u00e4rna med era v\u00e4nner, h\u00e4lsar Nina, Pam och Ewa. Butiken hittar ni p\u00e5 Avenida Manolete i Nueva Andalucia, i n\u00e4rheten av Centro Plaza. Tel 952 816061.<br \/>\nwww.marbellaclassicgolf.com<br \/>\ninfo@marbellaclassicgolf.com <\/p>\n","protected":false},"excerpt":{"rendered":"<p>Marbella Classic Golf har under den senaste tolv m\u00e5naders perioden \u00f6kat f\u00f6rs\u00e4ljningen betydligt och det \u00e4r gl\u00e4djande att s\u00e5 m\u00e5nga trevliga kunder bes\u00f6ker oss i sol likv\u00e4l som i regn. Butiken har genomg\u00e5tt en facelift, v\u00e4ggar \u00e4r ljusare, mer belysning, m\u00e5nga speglar, nya m\u00f6jligheter att visa v\u00e5rt fina sortiment av kl\u00e4der och Ecco skor. V\u00e5ra [&hellip;]<\/p>\n","protected":false},"author":8,"featured_media":0,"comment_status":"open","ping_status":"open","sticky":false,"template":"","format":"standard","meta":{"_et_pb_use_builder":"","_et_pb_old_content":"","_et_gb_content_width":"","footnotes":""},"categories":[396,4],"tags":[],"class_list":["post-4319","post","type-post","status-publish","format-standard","hentry","category-arkiv-artiklar","category-artiklar"],"yoast_head":"<!-- This site is optimized with the Yoast SEO Premium plugin v26.2 (Yoast SEO v27.5) - https:\/\/yoast.com\/product\/yoast-seo-premium-wordpress\/ -->\n<title>Butiken har f\u00e5tt ett \u00a8facelift\u00a8 - Svenska Magasinet<\/title>\n<meta name=\"robots\" content=\"noindex, follow, max-snippet:-1, max-image-preview:large, max-video-preview:-1\" \/>\n<meta property=\"og:locale\" content=\"sv_SE\" \/>\n<meta property=\"og:type\" content=\"article\" \/>\n<meta property=\"og:title\" content=\"Butiken har f\u00e5tt ett \u00a8facelift\u00a8\" \/>\n<meta property=\"og:description\" content=\"Marbella Classic Golf har under den senaste tolv m\u00e5naders perioden \u00f6kat f\u00f6rs\u00e4ljningen betydligt och det \u00e4r gl\u00e4djande att s\u00e5 m\u00e5nga trevliga kunder bes\u00f6ker oss i sol likv\u00e4l som i regn. Butiken har genomg\u00e5tt en facelift, v\u00e4ggar \u00e4r ljusare, mer belysning, m\u00e5nga speglar, nya m\u00f6jligheter att visa v\u00e5rt fina sortiment av kl\u00e4der och Ecco skor. V\u00e5ra [&hellip;]\" \/>\n<meta property=\"og:url\" content=\"https:\/\/lightweb.dev\/l\/svm-temp\/artiklar\/butiken-har-fatt-ett-\u00a8facelift\u00a8\/\" \/>\n<meta property=\"og:site_name\" content=\"Svenska Magasinet\" \/>\n<meta property=\"article:publisher\" content=\"https:\/\/www.facebook.com\/svenskamagasinet\" \/>\n<meta property=\"article:published_time\" content=\"2013-04-09T22:00:00+00:00\" \/>\n<meta name=\"author\" content=\"Redaktionen SvM\" \/>\n<meta name=\"twitter:card\" content=\"summary_large_image\" \/>\n<meta name=\"twitter:creator\" content=\"@SvenskaMagasine\" \/>\n<meta name=\"twitter:site\" content=\"@SvenskaMagasine\" \/>\n<script type=\"application\/ld+json\" class=\"yoast-schema-graph\">{\"@context\":\"https:\\\/\\\/schema.org\",\"@graph\":[{\"@type\":\"Article\",\"@id\":\"https:\\\/\\\/lightweb.dev\\\/l\\\/svm-temp\\\/artiklar\\\/butiken-har-fatt-ett-%c2%a8facelift%c2%a8\\\/#article\",\"isPartOf\":{\"@id\":\"https:\\\/\\\/lightweb.dev\\\/l\\\/svm-temp\\\/artiklar\\\/butiken-har-fatt-ett-%c2%a8facelift%c2%a8\\\/\"},\"author\":{\"name\":\"Redaktionen SvM\",\"@id\":\"https:\\\/\\\/lightweb.dev\\\/l\\\/svm-temp\\\/#\\\/schema\\\/person\\\/206a3bda5b607b0c25e1749191e4d837\"},\"headline\":\"Butiken har f\u00e5tt ett \u00a8facelift\u00a8\",\"datePublished\":\"2013-04-09T22:00:00+00:00\",\"mainEntityOfPage\":{\"@id\":\"https:\\\/\\\/lightweb.dev\\\/l\\\/svm-temp\\\/artiklar\\\/butiken-har-fatt-ett-%c2%a8facelift%c2%a8\\\/\"},\"wordCount\":265,\"commentCount\":0,\"publisher\":{\"@id\":\"https:\\\/\\\/lightweb.dev\\\/l\\\/svm-temp\\\/#organization\"},\"articleSection\":[\"Arkiv\",\"Artiklar\"],\"inLanguage\":\"sv-SE\"},{\"@type\":\"WebPage\",\"@id\":\"https:\\\/\\\/lightweb.dev\\\/l\\\/svm-temp\\\/artiklar\\\/butiken-har-fatt-ett-%c2%a8facelift%c2%a8\\\/\",\"url\":\"https:\\\/\\\/lightweb.dev\\\/l\\\/svm-temp\\\/artiklar\\\/butiken-har-fatt-ett-%c2%a8facelift%c2%a8\\\/\",\"name\":\"Butiken har f\u00e5tt ett \u00a8facelift\u00a8 - Svenska Magasinet\",\"isPartOf\":{\"@id\":\"https:\\\/\\\/lightweb.dev\\\/l\\\/svm-temp\\\/#website\"},\"datePublished\":\"2013-04-09T22:00:00+00:00\",\"breadcrumb\":{\"@id\":\"https:\\\/\\\/lightweb.dev\\\/l\\\/svm-temp\\\/artiklar\\\/butiken-har-fatt-ett-%c2%a8facelift%c2%a8\\\/#breadcrumb\"},\"inLanguage\":\"sv-SE\",\"potentialAction\":[{\"@type\":\"ReadAction\",\"target\":[\"https:\\\/\\\/lightweb.dev\\\/l\\\/svm-temp\\\/artiklar\\\/butiken-har-fatt-ett-%c2%a8facelift%c2%a8\\\/\"]}]},{\"@type\":\"BreadcrumbList\",\"@id\":\"https:\\\/\\\/lightweb.dev\\\/l\\\/svm-temp\\\/artiklar\\\/butiken-har-fatt-ett-%c2%a8facelift%c2%a8\\\/#breadcrumb\",\"itemListElement\":[{\"@type\":\"ListItem\",\"position\":1,\"name\":\"Hem\",\"item\":\"https:\\\/\\\/lightweb.dev\\\/l\\\/svm-temp\\\/\"},{\"@type\":\"ListItem\",\"position\":2,\"name\":\"Butiken har f\u00e5tt ett \u00a8facelift\u00a8\"}]},{\"@type\":\"WebSite\",\"@id\":\"https:\\\/\\\/lightweb.dev\\\/l\\\/svm-temp\\\/#website\",\"url\":\"https:\\\/\\\/lightweb.dev\\\/l\\\/svm-temp\\\/\",\"name\":\"Svenska Magasinet\",\"description\":\"Dina Spanska nyheter p&aring; Svenska\",\"publisher\":{\"@id\":\"https:\\\/\\\/lightweb.dev\\\/l\\\/svm-temp\\\/#organization\"},\"potentialAction\":[{\"@type\":\"SearchAction\",\"target\":{\"@type\":\"EntryPoint\",\"urlTemplate\":\"https:\\\/\\\/lightweb.dev\\\/l\\\/svm-temp\\\/?s={search_term_string}\"},\"query-input\":{\"@type\":\"PropertyValueSpecification\",\"valueRequired\":true,\"valueName\":\"search_term_string\"}}],\"inLanguage\":\"sv-SE\"},{\"@type\":\"Organization\",\"@id\":\"https:\\\/\\\/lightweb.dev\\\/l\\\/svm-temp\\\/#organization\",\"name\":\"Melkerson y Nott SL\",\"alternateName\":\"Svenska Magasinet\",\"url\":\"https:\\\/\\\/lightweb.dev\\\/l\\\/svm-temp\\\/\",\"logo\":{\"@type\":\"ImageObject\",\"inLanguage\":\"sv-SE\",\"@id\":\"https:\\\/\\\/lightweb.dev\\\/l\\\/svm-temp\\\/#\\\/schema\\\/logo\\\/image\\\/\",\"url\":\"https:\\\/\\\/lightweb.dev\\\/l\\\/svm-temp\\\/wp-content\\\/uploads\\\/2025\\\/02\\\/SvM-logo-Xtra-Centrerad-SVART.png\",\"contentUrl\":\"https:\\\/\\\/lightweb.dev\\\/l\\\/svm-temp\\\/wp-content\\\/uploads\\\/2025\\\/02\\\/SvM-logo-Xtra-Centrerad-SVART.png\",\"width\":300,\"height\":99,\"caption\":\"Melkerson y Nott SL\"},\"image\":{\"@id\":\"https:\\\/\\\/lightweb.dev\\\/l\\\/svm-temp\\\/#\\\/schema\\\/logo\\\/image\\\/\"},\"sameAs\":[\"https:\\\/\\\/www.facebook.com\\\/svenskamagasinet\",\"https:\\\/\\\/x.com\\\/SvenskaMagasine\"]},{\"@type\":\"Person\",\"@id\":\"https:\\\/\\\/lightweb.dev\\\/l\\\/svm-temp\\\/#\\\/schema\\\/person\\\/206a3bda5b607b0c25e1749191e4d837\",\"name\":\"Redaktionen SvM\",\"description\":\"Redaktionen\",\"sameAs\":[\"https:\\\/\\\/lightweb.dev\\\/l\\\/svm-temp\"],\"url\":\"https:\\\/\\\/lightweb.dev\\\/l\\\/svm-temp\\\/reporter\\\/redaktionen\\\/\"}]}<\/script>\n<!-- \/ Yoast SEO Premium plugin. -->","yoast_head_json":{"title":"Butiken har f\u00e5tt ett \u00a8facelift\u00a8 - Svenska Magasinet","robots":{"index":"noindex","follow":"follow","max-snippet":"max-snippet:-1","max-image-preview":"max-image-preview:large","max-video-preview":"max-video-preview:-1"},"og_locale":"sv_SE","og_type":"article","og_title":"Butiken har f\u00e5tt ett \u00a8facelift\u00a8","og_description":"Marbella Classic Golf har under den senaste tolv m\u00e5naders perioden \u00f6kat f\u00f6rs\u00e4ljningen betydligt och det \u00e4r gl\u00e4djande att s\u00e5 m\u00e5nga trevliga kunder bes\u00f6ker oss i sol likv\u00e4l som i regn. Butiken har genomg\u00e5tt en facelift, v\u00e4ggar \u00e4r ljusare, mer belysning, m\u00e5nga speglar, nya m\u00f6jligheter att visa v\u00e5rt fina sortiment av kl\u00e4der och Ecco skor. V\u00e5ra [&hellip;]","og_url":"https:\/\/lightweb.dev\/l\/svm-temp\/artiklar\/butiken-har-fatt-ett-\u00a8facelift\u00a8\/","og_site_name":"Svenska Magasinet","article_publisher":"https:\/\/www.facebook.com\/svenskamagasinet","article_published_time":"2013-04-09T22:00:00+00:00","author":"Redaktionen SvM","twitter_card":"summary_large_image","twitter_creator":"@SvenskaMagasine","twitter_site":"@SvenskaMagasine","schema":{"@context":"https:\/\/schema.org","@graph":[{"@type":"Article","@id":"https:\/\/lightweb.dev\/l\/svm-temp\/artiklar\/butiken-har-fatt-ett-%c2%a8facelift%c2%a8\/#article","isPartOf":{"@id":"https:\/\/lightweb.dev\/l\/svm-temp\/artiklar\/butiken-har-fatt-ett-%c2%a8facelift%c2%a8\/"},"author":{"name":"Redaktionen SvM","@id":"https:\/\/lightweb.dev\/l\/svm-temp\/#\/schema\/person\/206a3bda5b607b0c25e1749191e4d837"},"headline":"Butiken har f\u00e5tt ett \u00a8facelift\u00a8","datePublished":"2013-04-09T22:00:00+00:00","mainEntityOfPage":{"@id":"https:\/\/lightweb.dev\/l\/svm-temp\/artiklar\/butiken-har-fatt-ett-%c2%a8facelift%c2%a8\/"},"wordCount":265,"commentCount":0,"publisher":{"@id":"https:\/\/lightweb.dev\/l\/svm-temp\/#organization"},"articleSection":["Arkiv","Artiklar"],"inLanguage":"sv-SE"},{"@type":"WebPage","@id":"https:\/\/lightweb.dev\/l\/svm-temp\/artiklar\/butiken-har-fatt-ett-%c2%a8facelift%c2%a8\/","url":"https:\/\/lightweb.dev\/l\/svm-temp\/artiklar\/butiken-har-fatt-ett-%c2%a8facelift%c2%a8\/","name":"Butiken har f\u00e5tt ett \u00a8facelift\u00a8 - Svenska Magasinet","isPartOf":{"@id":"https:\/\/lightweb.dev\/l\/svm-temp\/#website"},"datePublished":"2013-04-09T22:00:00+00:00","breadcrumb":{"@id":"https:\/\/lightweb.dev\/l\/svm-temp\/artiklar\/butiken-har-fatt-ett-%c2%a8facelift%c2%a8\/#breadcrumb"},"inLanguage":"sv-SE","potentialAction":[{"@type":"ReadAction","target":["https:\/\/lightweb.dev\/l\/svm-temp\/artiklar\/butiken-har-fatt-ett-%c2%a8facelift%c2%a8\/"]}]},{"@type":"BreadcrumbList","@id":"https:\/\/lightweb.dev\/l\/svm-temp\/artiklar\/butiken-har-fatt-ett-%c2%a8facelift%c2%a8\/#breadcrumb","itemListElement":[{"@type":"ListItem","position":1,"name":"Hem","item":"https:\/\/lightweb.dev\/l\/svm-temp\/"},{"@type":"ListItem","position":2,"name":"Butiken har f\u00e5tt ett \u00a8facelift\u00a8"}]},{"@type":"WebSite","@id":"https:\/\/lightweb.dev\/l\/svm-temp\/#website","url":"https:\/\/lightweb.dev\/l\/svm-temp\/","name":"Svenska Magasinet","description":"Dina Spanska nyheter p&aring; Svenska","publisher":{"@id":"https:\/\/lightweb.dev\/l\/svm-temp\/#organization"},"potentialAction":[{"@type":"SearchAction","target":{"@type":"EntryPoint","urlTemplate":"https:\/\/lightweb.dev\/l\/svm-temp\/?s={search_term_string}"},"query-input":{"@type":"PropertyValueSpecification","valueRequired":true,"valueName":"search_term_string"}}],"inLanguage":"sv-SE"},{"@type":"Organization","@id":"https:\/\/lightweb.dev\/l\/svm-temp\/#organization","name":"Melkerson y Nott SL","alternateName":"Svenska Magasinet","url":"https:\/\/lightweb.dev\/l\/svm-temp\/","logo":{"@type":"ImageObject","inLanguage":"sv-SE","@id":"https:\/\/lightweb.dev\/l\/svm-temp\/#\/schema\/logo\/image\/","url":"https:\/\/lightweb.dev\/l\/svm-temp\/wp-content\/uploads\/2025\/02\/SvM-logo-Xtra-Centrerad-SVART.png","contentUrl":"https:\/\/lightweb.dev\/l\/svm-temp\/wp-content\/uploads\/2025\/02\/SvM-logo-Xtra-Centrerad-SVART.png","width":300,"height":99,"caption":"Melkerson y Nott SL"},"image":{"@id":"https:\/\/lightweb.dev\/l\/svm-temp\/#\/schema\/logo\/image\/"},"sameAs":["https:\/\/www.facebook.com\/svenskamagasinet","https:\/\/x.com\/SvenskaMagasine"]},{"@type":"Person","@id":"https:\/\/lightweb.dev\/l\/svm-temp\/#\/schema\/person\/206a3bda5b607b0c25e1749191e4d837","name":"Redaktionen SvM","description":"Redaktionen","sameAs":["https:\/\/lightweb.dev\/l\/svm-temp"],"url":"https:\/\/lightweb.dev\/l\/svm-temp\/reporter\/redaktionen\/"}]}},"_links":{"self":[{"href":"https:\/\/lightweb.dev\/l\/svm-temp\/wp-json\/wp\/v2\/posts\/4319","targetHints":{"allow":["GET"]}}],"collection":[{"href":"https:\/\/lightweb.dev\/l\/svm-temp\/wp-json\/wp\/v2\/posts"}],"about":[{"href":"https:\/\/lightweb.dev\/l\/svm-temp\/wp-json\/wp\/v2\/types\/post"}],"author":[{"embeddable":true,"href":"https:\/\/lightweb.dev\/l\/svm-temp\/wp-json\/wp\/v2\/users\/8"}],"replies":[{"embeddable":true,"href":"https:\/\/lightweb.dev\/l\/svm-temp\/wp-json\/wp\/v2\/comments?post=4319"}],"version-history":[{"count":0,"href":"https:\/\/lightweb.dev\/l\/svm-temp\/wp-json\/wp\/v2\/posts\/4319\/revisions"}],"wp:attachment":[{"href":"https:\/\/lightweb.dev\/l\/svm-temp\/wp-json\/wp\/v2\/media?parent=4319"}],"wp:term":[{"taxonomy":"category","embeddable":true,"href":"https:\/\/lightweb.dev\/l\/svm-temp\/wp-json\/wp\/v2\/categories?post=4319"},{"taxonomy":"post_tag","embeddable":true,"href":"https:\/\/lightweb.dev\/l\/svm-temp\/wp-json\/wp\/v2\/tags?post=4319"}],"curies":[{"name":"wp","href":"https:\/\/api.w.org\/{rel}","templated":true}]}}