{"id":4334,"date":"2013-03-26T00:00:00","date_gmt":"2013-03-25T23:00:00","guid":{"rendered":"https:\/\/lightweb.dev\/l\/svm-temp\/kyrkans-traditionella-paskbasar-lockade-besokare\/"},"modified":"2013-03-26T00:00:00","modified_gmt":"2013-03-25T23:00:00","slug":"kyrkans-traditionella-paskbasar-lockade-besokare","status":"publish","type":"post","link":"https:\/\/lightweb.dev\/l\/svm-temp\/artiklar\/kyrkans-traditionella-paskbasar-lockade-besokare\/","title":{"rendered":"Kyrkans traditionella p\u00e5skbasar lockade bes\u00f6kare"},"content":{"rendered":"<p> Svenska Kyrkans traditionella p\u00e5skbasar i Fuengirola lockade drygt 200 bes\u00f6kare. I str\u00e5lande v\u00e5rv\u00e4der samlades p\u00e5skfirarna for att k\u00f6pa lotter, dricka kaffe och \u00e4ta svenska sm\u00f6rg\u00e5sar. P\u00e5skborden lockade med hemv\u00e4vda och broderade prydnader och  Arne Pr\u00e4st  och Tj\u00e4rvar h\u00f6ll i tr\u00e5darna. Fuengirola televisionen kom och spelade in aktiviteten. Av Carin Simon och Birgitta L\u00f6negren Terpstra<br \/>\nFlera glada vinnare kunde h\u00e4mta ut priser efter dragningen i solskenet p\u00e5 terassen och m\u00e5nga avslutade sitt bes\u00f6k med svenskt kaffe och den traditionsrika kanelbullen.<br \/>\nSvenska Kyrkan i Fuengirola har under v\u00e5ren lockat \u00f6verraskande m\u00e5nga bes\u00f6kare och de som arbetar frivilligt har st\u00e4ndigt att g\u00f6ra med att ta emot bes\u00f6kare och locka nya medlemmar &#8211; vilket kostar 35 euros per ar och per person &#8211; medlemasavgifter som bidrar starkt till att kyrkan och samlingsplatsen kan \u00f6verleva.<\/p>\n<p>  I b\u00f6rjan p\u00e5 mars hade den frivilliga medarbetargruppen i svenska kyrkan ett m\u00f6te, d\u00e4r praktiska fr\u00e5gor betr\u00e4ffande arbetsuppgifterna diskuterades. Kyrkor\u00e5det tackade alla, ca. 20 personer, som frivilligt st\u00e4ller upp f\u00f6r att h\u00e5lla ig\u00e5ng verksamheten i kyrkan.<br \/>\nOlika praktiska fr\u00e5gor togs upp och flera goda f\u00f6rslag presenterades. Alex Westin, som \u00e4r ansvarig f\u00f6r ekonomin, framh\u00f6ll att helst skulle det beh\u00f6vas dubbelt s\u00e5 m\u00e5nga frivilliga, men att de som l\u00e4gger ner en stor del av sin tid p\u00e5 att hj\u00e4lpa kyrkan att fortleva \u00e4r v\u00e4rda ett stort tack!<br \/>\nEfter m\u00f6tet bj\u00f6ds de n\u00e4rvarande p\u00e5 en fantastiskt god middag och alla fick tillf\u00e4lle att fylla i ett formul\u00e4r, d\u00e4r de talade om vad de kunde vara behj\u00e4lpliga med i forts\u00e4ttningen. En trevlig och inneh\u00e5llsrik kv\u00e4ll som gav bra information om den nuvarande situationen i kyrkan.<\/p>\n","protected":false},"excerpt":{"rendered":"<p>Svenska Kyrkans traditionella p\u00e5skbasar i Fuengirola lockade drygt 200 bes\u00f6kare. I str\u00e5lande v\u00e5rv\u00e4der samlades p\u00e5skfirarna for att k\u00f6pa lotter, dricka kaffe och \u00e4ta svenska sm\u00f6rg\u00e5sar. P\u00e5skborden lockade med hemv\u00e4vda och broderade prydnader och Arne Pr\u00e4st och Tj\u00e4rvar h\u00f6ll i tr\u00e5darna. Fuengirola televisionen kom och spelade in aktiviteten. Av Carin Simon och Birgitta L\u00f6negren Terpstra Flera [&hellip;]<\/p>\n","protected":false},"author":8,"featured_media":4335,"comment_status":"open","ping_status":"open","sticky":false,"template":"","format":"standard","meta":{"_et_pb_use_builder":"","_et_pb_old_content":"","_et_gb_content_width":"","footnotes":""},"categories":[396,4],"tags":[],"class_list":["post-4334","post","type-post","status-publish","format-standard","has-post-thumbnail","hentry","category-arkiv-artiklar","category-artiklar"],"yoast_head":"<!-- This site is optimized with the Yoast SEO Premium plugin v26.2 (Yoast SEO v27.5) - https:\/\/yoast.com\/product\/yoast-seo-premium-wordpress\/ -->\n<title>Kyrkans traditionella p\u00e5skbasar lockade bes\u00f6kare - Svenska Magasinet<\/title>\n<meta name=\"robots\" content=\"noindex, follow, max-snippet:-1, max-image-preview:large, max-video-preview:-1\" \/>\n<meta property=\"og:locale\" content=\"sv_SE\" \/>\n<meta property=\"og:type\" content=\"article\" \/>\n<meta property=\"og:title\" content=\"Kyrkans traditionella p\u00e5skbasar lockade bes\u00f6kare\" \/>\n<meta property=\"og:description\" content=\"Svenska Kyrkans traditionella p\u00e5skbasar i Fuengirola lockade drygt 200 bes\u00f6kare. I str\u00e5lande v\u00e5rv\u00e4der samlades p\u00e5skfirarna for att k\u00f6pa lotter, dricka kaffe och \u00e4ta svenska sm\u00f6rg\u00e5sar. P\u00e5skborden lockade med hemv\u00e4vda och broderade prydnader och Arne Pr\u00e4st och Tj\u00e4rvar h\u00f6ll i tr\u00e5darna. Fuengirola televisionen kom och spelade in aktiviteten. Av Carin Simon och Birgitta L\u00f6negren Terpstra Flera [&hellip;]\" \/>\n<meta property=\"og:url\" content=\"https:\/\/lightweb.dev\/l\/svm-temp\/artiklar\/kyrkans-traditionella-paskbasar-lockade-besokare\/\" \/>\n<meta property=\"og:site_name\" content=\"Svenska Magasinet\" \/>\n<meta property=\"article:publisher\" content=\"https:\/\/www.facebook.com\/svenskamagasinet\" \/>\n<meta property=\"article:published_time\" content=\"2013-03-25T23:00:00+00:00\" \/>\n<meta property=\"og:image\" content=\"https:\/\/lightweb.dev\/l\/svm-temp\/wp-content\/uploads\/2022\/04\/kyrkans-traditionella-pskbasar-lockade-beskare.png\" \/>\n\t<meta property=\"og:image:width\" content=\"280\" \/>\n\t<meta property=\"og:image:height\" content=\"210\" \/>\n\t<meta property=\"og:image:type\" content=\"image\/png\" \/>\n<meta name=\"author\" content=\"Redaktionen SvM\" \/>\n<meta name=\"twitter:card\" content=\"summary_large_image\" \/>\n<meta name=\"twitter:creator\" content=\"@SvenskaMagasine\" \/>\n<meta name=\"twitter:site\" content=\"@SvenskaMagasine\" \/>\n<script type=\"application\/ld+json\" class=\"yoast-schema-graph\">{\"@context\":\"https:\\\/\\\/schema.org\",\"@graph\":[{\"@type\":\"Article\",\"@id\":\"https:\\\/\\\/lightweb.dev\\\/l\\\/svm-temp\\\/artiklar\\\/kyrkans-traditionella-paskbasar-lockade-besokare\\\/#article\",\"isPartOf\":{\"@id\":\"https:\\\/\\\/lightweb.dev\\\/l\\\/svm-temp\\\/artiklar\\\/kyrkans-traditionella-paskbasar-lockade-besokare\\\/\"},\"author\":{\"name\":\"Redaktionen SvM\",\"@id\":\"https:\\\/\\\/lightweb.dev\\\/l\\\/svm-temp\\\/#\\\/schema\\\/person\\\/206a3bda5b607b0c25e1749191e4d837\"},\"headline\":\"Kyrkans traditionella p\u00e5skbasar lockade bes\u00f6kare\",\"datePublished\":\"2013-03-25T23:00:00+00:00\",\"mainEntityOfPage\":{\"@id\":\"https:\\\/\\\/lightweb.dev\\\/l\\\/svm-temp\\\/artiklar\\\/kyrkans-traditionella-paskbasar-lockade-besokare\\\/\"},\"wordCount\":320,\"commentCount\":0,\"publisher\":{\"@id\":\"https:\\\/\\\/lightweb.dev\\\/l\\\/svm-temp\\\/#organization\"},\"image\":{\"@id\":\"https:\\\/\\\/lightweb.dev\\\/l\\\/svm-temp\\\/artiklar\\\/kyrkans-traditionella-paskbasar-lockade-besokare\\\/#primaryimage\"},\"thumbnailUrl\":\"https:\\\/\\\/lightweb.dev\\\/l\\\/svm-temp\\\/wp-content\\\/uploads\\\/2022\\\/04\\\/kyrkans-traditionella-pskbasar-lockade-beskare.png\",\"articleSection\":[\"Arkiv\",\"Artiklar\"],\"inLanguage\":\"sv-SE\"},{\"@type\":\"WebPage\",\"@id\":\"https:\\\/\\\/lightweb.dev\\\/l\\\/svm-temp\\\/artiklar\\\/kyrkans-traditionella-paskbasar-lockade-besokare\\\/\",\"url\":\"https:\\\/\\\/lightweb.dev\\\/l\\\/svm-temp\\\/artiklar\\\/kyrkans-traditionella-paskbasar-lockade-besokare\\\/\",\"name\":\"Kyrkans traditionella p\u00e5skbasar lockade bes\u00f6kare - Svenska Magasinet\",\"isPartOf\":{\"@id\":\"https:\\\/\\\/lightweb.dev\\\/l\\\/svm-temp\\\/#website\"},\"primaryImageOfPage\":{\"@id\":\"https:\\\/\\\/lightweb.dev\\\/l\\\/svm-temp\\\/artiklar\\\/kyrkans-traditionella-paskbasar-lockade-besokare\\\/#primaryimage\"},\"image\":{\"@id\":\"https:\\\/\\\/lightweb.dev\\\/l\\\/svm-temp\\\/artiklar\\\/kyrkans-traditionella-paskbasar-lockade-besokare\\\/#primaryimage\"},\"thumbnailUrl\":\"https:\\\/\\\/lightweb.dev\\\/l\\\/svm-temp\\\/wp-content\\\/uploads\\\/2022\\\/04\\\/kyrkans-traditionella-pskbasar-lockade-beskare.png\",\"datePublished\":\"2013-03-25T23:00:00+00:00\",\"breadcrumb\":{\"@id\":\"https:\\\/\\\/lightweb.dev\\\/l\\\/svm-temp\\\/artiklar\\\/kyrkans-traditionella-paskbasar-lockade-besokare\\\/#breadcrumb\"},\"inLanguage\":\"sv-SE\",\"potentialAction\":[{\"@type\":\"ReadAction\",\"target\":[\"https:\\\/\\\/lightweb.dev\\\/l\\\/svm-temp\\\/artiklar\\\/kyrkans-traditionella-paskbasar-lockade-besokare\\\/\"]}]},{\"@type\":\"ImageObject\",\"inLanguage\":\"sv-SE\",\"@id\":\"https:\\\/\\\/lightweb.dev\\\/l\\\/svm-temp\\\/artiklar\\\/kyrkans-traditionella-paskbasar-lockade-besokare\\\/#primaryimage\",\"url\":\"https:\\\/\\\/lightweb.dev\\\/l\\\/svm-temp\\\/wp-content\\\/uploads\\\/2022\\\/04\\\/kyrkans-traditionella-pskbasar-lockade-beskare.png\",\"contentUrl\":\"https:\\\/\\\/lightweb.dev\\\/l\\\/svm-temp\\\/wp-content\\\/uploads\\\/2022\\\/04\\\/kyrkans-traditionella-pskbasar-lockade-beskare.png\",\"width\":280,\"height\":210},{\"@type\":\"BreadcrumbList\",\"@id\":\"https:\\\/\\\/lightweb.dev\\\/l\\\/svm-temp\\\/artiklar\\\/kyrkans-traditionella-paskbasar-lockade-besokare\\\/#breadcrumb\",\"itemListElement\":[{\"@type\":\"ListItem\",\"position\":1,\"name\":\"Hem\",\"item\":\"https:\\\/\\\/lightweb.dev\\\/l\\\/svm-temp\\\/\"},{\"@type\":\"ListItem\",\"position\":2,\"name\":\"Kyrkans traditionella p\u00e5skbasar lockade bes\u00f6kare\"}]},{\"@type\":\"WebSite\",\"@id\":\"https:\\\/\\\/lightweb.dev\\\/l\\\/svm-temp\\\/#website\",\"url\":\"https:\\\/\\\/lightweb.dev\\\/l\\\/svm-temp\\\/\",\"name\":\"Svenska Magasinet\",\"description\":\"Dina Spanska nyheter p&aring; Svenska\",\"publisher\":{\"@id\":\"https:\\\/\\\/lightweb.dev\\\/l\\\/svm-temp\\\/#organization\"},\"potentialAction\":[{\"@type\":\"SearchAction\",\"target\":{\"@type\":\"EntryPoint\",\"urlTemplate\":\"https:\\\/\\\/lightweb.dev\\\/l\\\/svm-temp\\\/?s={search_term_string}\"},\"query-input\":{\"@type\":\"PropertyValueSpecification\",\"valueRequired\":true,\"valueName\":\"search_term_string\"}}],\"inLanguage\":\"sv-SE\"},{\"@type\":\"Organization\",\"@id\":\"https:\\\/\\\/lightweb.dev\\\/l\\\/svm-temp\\\/#organization\",\"name\":\"Melkerson y Nott SL\",\"alternateName\":\"Svenska Magasinet\",\"url\":\"https:\\\/\\\/lightweb.dev\\\/l\\\/svm-temp\\\/\",\"logo\":{\"@type\":\"ImageObject\",\"inLanguage\":\"sv-SE\",\"@id\":\"https:\\\/\\\/lightweb.dev\\\/l\\\/svm-temp\\\/#\\\/schema\\\/logo\\\/image\\\/\",\"url\":\"https:\\\/\\\/lightweb.dev\\\/l\\\/svm-temp\\\/wp-content\\\/uploads\\\/2025\\\/02\\\/SvM-logo-Xtra-Centrerad-SVART.png\",\"contentUrl\":\"https:\\\/\\\/lightweb.dev\\\/l\\\/svm-temp\\\/wp-content\\\/uploads\\\/2025\\\/02\\\/SvM-logo-Xtra-Centrerad-SVART.png\",\"width\":300,\"height\":99,\"caption\":\"Melkerson y Nott SL\"},\"image\":{\"@id\":\"https:\\\/\\\/lightweb.dev\\\/l\\\/svm-temp\\\/#\\\/schema\\\/logo\\\/image\\\/\"},\"sameAs\":[\"https:\\\/\\\/www.facebook.com\\\/svenskamagasinet\",\"https:\\\/\\\/x.com\\\/SvenskaMagasine\"]},{\"@type\":\"Person\",\"@id\":\"https:\\\/\\\/lightweb.dev\\\/l\\\/svm-temp\\\/#\\\/schema\\\/person\\\/206a3bda5b607b0c25e1749191e4d837\",\"name\":\"Redaktionen SvM\",\"description\":\"Redaktionen\",\"sameAs\":[\"https:\\\/\\\/lightweb.dev\\\/l\\\/svm-temp\"],\"url\":\"https:\\\/\\\/lightweb.dev\\\/l\\\/svm-temp\\\/reporter\\\/redaktionen\\\/\"}]}<\/script>\n<!-- \/ Yoast SEO Premium plugin. -->","yoast_head_json":{"title":"Kyrkans traditionella p\u00e5skbasar lockade bes\u00f6kare - Svenska Magasinet","robots":{"index":"noindex","follow":"follow","max-snippet":"max-snippet:-1","max-image-preview":"max-image-preview:large","max-video-preview":"max-video-preview:-1"},"og_locale":"sv_SE","og_type":"article","og_title":"Kyrkans traditionella p\u00e5skbasar lockade bes\u00f6kare","og_description":"Svenska Kyrkans traditionella p\u00e5skbasar i Fuengirola lockade drygt 200 bes\u00f6kare. I str\u00e5lande v\u00e5rv\u00e4der samlades p\u00e5skfirarna for att k\u00f6pa lotter, dricka kaffe och \u00e4ta svenska sm\u00f6rg\u00e5sar. P\u00e5skborden lockade med hemv\u00e4vda och broderade prydnader och Arne Pr\u00e4st och Tj\u00e4rvar h\u00f6ll i tr\u00e5darna. Fuengirola televisionen kom och spelade in aktiviteten. Av Carin Simon och Birgitta L\u00f6negren Terpstra Flera [&hellip;]","og_url":"https:\/\/lightweb.dev\/l\/svm-temp\/artiklar\/kyrkans-traditionella-paskbasar-lockade-besokare\/","og_site_name":"Svenska Magasinet","article_publisher":"https:\/\/www.facebook.com\/svenskamagasinet","article_published_time":"2013-03-25T23:00:00+00:00","og_image":[{"width":280,"height":210,"url":"https:\/\/lightweb.dev\/l\/svm-temp\/wp-content\/uploads\/2022\/04\/kyrkans-traditionella-pskbasar-lockade-beskare.png","type":"image\/png"}],"author":"Redaktionen SvM","twitter_card":"summary_large_image","twitter_creator":"@SvenskaMagasine","twitter_site":"@SvenskaMagasine","schema":{"@context":"https:\/\/schema.org","@graph":[{"@type":"Article","@id":"https:\/\/lightweb.dev\/l\/svm-temp\/artiklar\/kyrkans-traditionella-paskbasar-lockade-besokare\/#article","isPartOf":{"@id":"https:\/\/lightweb.dev\/l\/svm-temp\/artiklar\/kyrkans-traditionella-paskbasar-lockade-besokare\/"},"author":{"name":"Redaktionen SvM","@id":"https:\/\/lightweb.dev\/l\/svm-temp\/#\/schema\/person\/206a3bda5b607b0c25e1749191e4d837"},"headline":"Kyrkans traditionella p\u00e5skbasar lockade bes\u00f6kare","datePublished":"2013-03-25T23:00:00+00:00","mainEntityOfPage":{"@id":"https:\/\/lightweb.dev\/l\/svm-temp\/artiklar\/kyrkans-traditionella-paskbasar-lockade-besokare\/"},"wordCount":320,"commentCount":0,"publisher":{"@id":"https:\/\/lightweb.dev\/l\/svm-temp\/#organization"},"image":{"@id":"https:\/\/lightweb.dev\/l\/svm-temp\/artiklar\/kyrkans-traditionella-paskbasar-lockade-besokare\/#primaryimage"},"thumbnailUrl":"https:\/\/lightweb.dev\/l\/svm-temp\/wp-content\/uploads\/2022\/04\/kyrkans-traditionella-pskbasar-lockade-beskare.png","articleSection":["Arkiv","Artiklar"],"inLanguage":"sv-SE"},{"@type":"WebPage","@id":"https:\/\/lightweb.dev\/l\/svm-temp\/artiklar\/kyrkans-traditionella-paskbasar-lockade-besokare\/","url":"https:\/\/lightweb.dev\/l\/svm-temp\/artiklar\/kyrkans-traditionella-paskbasar-lockade-besokare\/","name":"Kyrkans traditionella p\u00e5skbasar lockade bes\u00f6kare - Svenska Magasinet","isPartOf":{"@id":"https:\/\/lightweb.dev\/l\/svm-temp\/#website"},"primaryImageOfPage":{"@id":"https:\/\/lightweb.dev\/l\/svm-temp\/artiklar\/kyrkans-traditionella-paskbasar-lockade-besokare\/#primaryimage"},"image":{"@id":"https:\/\/lightweb.dev\/l\/svm-temp\/artiklar\/kyrkans-traditionella-paskbasar-lockade-besokare\/#primaryimage"},"thumbnailUrl":"https:\/\/lightweb.dev\/l\/svm-temp\/wp-content\/uploads\/2022\/04\/kyrkans-traditionella-pskbasar-lockade-beskare.png","datePublished":"2013-03-25T23:00:00+00:00","breadcrumb":{"@id":"https:\/\/lightweb.dev\/l\/svm-temp\/artiklar\/kyrkans-traditionella-paskbasar-lockade-besokare\/#breadcrumb"},"inLanguage":"sv-SE","potentialAction":[{"@type":"ReadAction","target":["https:\/\/lightweb.dev\/l\/svm-temp\/artiklar\/kyrkans-traditionella-paskbasar-lockade-besokare\/"]}]},{"@type":"ImageObject","inLanguage":"sv-SE","@id":"https:\/\/lightweb.dev\/l\/svm-temp\/artiklar\/kyrkans-traditionella-paskbasar-lockade-besokare\/#primaryimage","url":"https:\/\/lightweb.dev\/l\/svm-temp\/wp-content\/uploads\/2022\/04\/kyrkans-traditionella-pskbasar-lockade-beskare.png","contentUrl":"https:\/\/lightweb.dev\/l\/svm-temp\/wp-content\/uploads\/2022\/04\/kyrkans-traditionella-pskbasar-lockade-beskare.png","width":280,"height":210},{"@type":"BreadcrumbList","@id":"https:\/\/lightweb.dev\/l\/svm-temp\/artiklar\/kyrkans-traditionella-paskbasar-lockade-besokare\/#breadcrumb","itemListElement":[{"@type":"ListItem","position":1,"name":"Hem","item":"https:\/\/lightweb.dev\/l\/svm-temp\/"},{"@type":"ListItem","position":2,"name":"Kyrkans traditionella p\u00e5skbasar lockade bes\u00f6kare"}]},{"@type":"WebSite","@id":"https:\/\/lightweb.dev\/l\/svm-temp\/#website","url":"https:\/\/lightweb.dev\/l\/svm-temp\/","name":"Svenska Magasinet","description":"Dina Spanska nyheter p&aring; Svenska","publisher":{"@id":"https:\/\/lightweb.dev\/l\/svm-temp\/#organization"},"potentialAction":[{"@type":"SearchAction","target":{"@type":"EntryPoint","urlTemplate":"https:\/\/lightweb.dev\/l\/svm-temp\/?s={search_term_string}"},"query-input":{"@type":"PropertyValueSpecification","valueRequired":true,"valueName":"search_term_string"}}],"inLanguage":"sv-SE"},{"@type":"Organization","@id":"https:\/\/lightweb.dev\/l\/svm-temp\/#organization","name":"Melkerson y Nott SL","alternateName":"Svenska Magasinet","url":"https:\/\/lightweb.dev\/l\/svm-temp\/","logo":{"@type":"ImageObject","inLanguage":"sv-SE","@id":"https:\/\/lightweb.dev\/l\/svm-temp\/#\/schema\/logo\/image\/","url":"https:\/\/lightweb.dev\/l\/svm-temp\/wp-content\/uploads\/2025\/02\/SvM-logo-Xtra-Centrerad-SVART.png","contentUrl":"https:\/\/lightweb.dev\/l\/svm-temp\/wp-content\/uploads\/2025\/02\/SvM-logo-Xtra-Centrerad-SVART.png","width":300,"height":99,"caption":"Melkerson y Nott SL"},"image":{"@id":"https:\/\/lightweb.dev\/l\/svm-temp\/#\/schema\/logo\/image\/"},"sameAs":["https:\/\/www.facebook.com\/svenskamagasinet","https:\/\/x.com\/SvenskaMagasine"]},{"@type":"Person","@id":"https:\/\/lightweb.dev\/l\/svm-temp\/#\/schema\/person\/206a3bda5b607b0c25e1749191e4d837","name":"Redaktionen SvM","description":"Redaktionen","sameAs":["https:\/\/lightweb.dev\/l\/svm-temp"],"url":"https:\/\/lightweb.dev\/l\/svm-temp\/reporter\/redaktionen\/"}]}},"_links":{"self":[{"href":"https:\/\/lightweb.dev\/l\/svm-temp\/wp-json\/wp\/v2\/posts\/4334","targetHints":{"allow":["GET"]}}],"collection":[{"href":"https:\/\/lightweb.dev\/l\/svm-temp\/wp-json\/wp\/v2\/posts"}],"about":[{"href":"https:\/\/lightweb.dev\/l\/svm-temp\/wp-json\/wp\/v2\/types\/post"}],"author":[{"embeddable":true,"href":"https:\/\/lightweb.dev\/l\/svm-temp\/wp-json\/wp\/v2\/users\/8"}],"replies":[{"embeddable":true,"href":"https:\/\/lightweb.dev\/l\/svm-temp\/wp-json\/wp\/v2\/comments?post=4334"}],"version-history":[{"count":0,"href":"https:\/\/lightweb.dev\/l\/svm-temp\/wp-json\/wp\/v2\/posts\/4334\/revisions"}],"wp:featuredmedia":[{"embeddable":true,"href":"https:\/\/lightweb.dev\/l\/svm-temp\/wp-json\/wp\/v2\/media\/4335"}],"wp:attachment":[{"href":"https:\/\/lightweb.dev\/l\/svm-temp\/wp-json\/wp\/v2\/media?parent=4334"}],"wp:term":[{"taxonomy":"category","embeddable":true,"href":"https:\/\/lightweb.dev\/l\/svm-temp\/wp-json\/wp\/v2\/categories?post=4334"},{"taxonomy":"post_tag","embeddable":true,"href":"https:\/\/lightweb.dev\/l\/svm-temp\/wp-json\/wp\/v2\/tags?post=4334"}],"curies":[{"name":"wp","href":"https:\/\/api.w.org\/{rel}","templated":true}]}}