{"id":4340,"date":"2013-03-12T00:00:00","date_gmt":"2013-03-11T23:00:00","guid":{"rendered":"https:\/\/lightweb.dev\/l\/svm-temp\/fraga-advokaten-skilsmassa\/"},"modified":"2013-03-12T00:00:00","modified_gmt":"2013-03-11T23:00:00","slug":"fraga-advokaten-skilsmassa","status":"publish","type":"post","link":"https:\/\/lightweb.dev\/l\/svm-temp\/artiklar\/fraga-advokaten-skilsmassa\/","title":{"rendered":"Fr\u00e5ga advokaten: Skilsm\u00e4ssa"},"content":{"rendered":"<p> Min hustru har nu tr\u00e4ffat en annan. Jag vill f\u00e5 ut skilsm\u00e4ssa s\u00e5 snart som m\u00f6jligt. Vad skall jag g\u00f6ra? Hur g\u00e5r det till? Av advokat G\u00f6ran Rise<br \/>\nOm vi utg\u00e5r ifr\u00e5n att Ni \u00e4r svenska medborgare, som bor i Spanien sedan minst 2 \u00e5r kan jag ge Dig n\u00e5gra viktiga r\u00e5d.<br \/>\n1. Du kan beg\u00e4ra \u00e4ktenskapsskillnad i Sverige eller i Spanien. Om Du v\u00e4ljer Sverige skall Du beg\u00e4ra det vid Stockholms tingsr\u00e4tt.<br \/>\n2. Om Du v\u00e4ljer Stockholms tingsr\u00e4tt skall Din ans\u00f6kan om \u00e4ktenskapsskillnad behandlas enligt svensk r\u00e4tt.<\/p>\n<p>3. Jag rekommenderar Dig att g\u00e5 den v\u00e4gen d\u00e5 spanska domstolar \u00e4r \u00f6verhopade, vilket medf\u00f6r en l\u00e5ng handl\u00e4ggningstid. Jag tycker dessutom, att Du skall v\u00e4lja svensk r\u00e4tt.<\/p>\n<p>4. Om Du inte har barn under 16 \u00e5r och om Din hustru accepterar \u00e4ktenskapsskillnad kan Du f\u00e5 det utan bet\u00e4nketid.<\/p>\n<p>5. Underh\u00e5llsbidrag utg\u00e5r normalt sett inte efter \u00e4ktenskapsskillnad mellan makar.<\/p>\n<p>6. Skadest\u00e5nd kan Du inte f\u00e5 p.g.a. hustruns otrohet. Det avskaffades f\u00f6r m\u00e5nga \u00e5r sedan.<\/p>\n<p>7. En dom p\u00e5 \u00e4ktenskapsskillnad i Sverige \u00e4r giltig i Spanien. <\/p>\n<p>8. Efter domen p\u00e5 \u00e4ktenskapsskillnad skall Er egendom f\u00f6rdelas under f\u00f6ruts\u00e4ttning av att den \u00e4r gemensam (giftor\u00e4ttsegendom), dock kan spansk r\u00e4tt bli till\u00e4mplig om Ni inte avtalat att svensk r\u00e4tt skall g\u00e4lla.<\/p>\n<p>9. F\u00f6r det fall Ni har barn skall det best\u00e4mmas om v\u00e5rdnaden av barnen och dessutom underh\u00e5llsbidrag till barnen.<\/p>\n<p>10. Jag r\u00e5der Dig till att snarast m\u00f6jligt kontakta en svensk advokat s\u00e5 att du f\u00e5r adekvat r\u00e4ttshj\u00e4lp.<\/p>\n","protected":false},"excerpt":{"rendered":"<p>Min hustru har nu tr\u00e4ffat en annan. Jag vill f\u00e5 ut skilsm\u00e4ssa s\u00e5 snart som m\u00f6jligt. Vad skall jag g\u00f6ra? Hur g\u00e5r det till? Av advokat G\u00f6ran Rise Om vi utg\u00e5r ifr\u00e5n att Ni \u00e4r svenska medborgare, som bor i Spanien sedan minst 2 \u00e5r kan jag ge Dig n\u00e5gra viktiga r\u00e5d. 1. Du kan [&hellip;]<\/p>\n","protected":false},"author":8,"featured_media":4341,"comment_status":"open","ping_status":"open","sticky":false,"template":"","format":"standard","meta":{"_et_pb_use_builder":"","_et_pb_old_content":"","_et_gb_content_width":"","footnotes":""},"categories":[396,4],"tags":[],"class_list":["post-4340","post","type-post","status-publish","format-standard","has-post-thumbnail","hentry","category-arkiv-artiklar","category-artiklar"],"yoast_head":"<!-- This site is optimized with the Yoast SEO Premium plugin v26.2 (Yoast SEO v27.5) - https:\/\/yoast.com\/product\/yoast-seo-premium-wordpress\/ -->\n<title>Fr\u00e5ga advokaten: Skilsm\u00e4ssa - Svenska Magasinet<\/title>\n<meta name=\"robots\" content=\"noindex, follow, max-snippet:-1, max-image-preview:large, max-video-preview:-1\" \/>\n<meta property=\"og:locale\" content=\"sv_SE\" \/>\n<meta property=\"og:type\" content=\"article\" \/>\n<meta property=\"og:title\" content=\"Fr\u00e5ga advokaten: Skilsm\u00e4ssa\" \/>\n<meta property=\"og:description\" content=\"Min hustru har nu tr\u00e4ffat en annan. Jag vill f\u00e5 ut skilsm\u00e4ssa s\u00e5 snart som m\u00f6jligt. Vad skall jag g\u00f6ra? Hur g\u00e5r det till? Av advokat G\u00f6ran Rise Om vi utg\u00e5r ifr\u00e5n att Ni \u00e4r svenska medborgare, som bor i Spanien sedan minst 2 \u00e5r kan jag ge Dig n\u00e5gra viktiga r\u00e5d. 1. Du kan [&hellip;]\" \/>\n<meta property=\"og:url\" content=\"https:\/\/lightweb.dev\/l\/svm-temp\/artiklar\/fraga-advokaten-skilsmassa\/\" \/>\n<meta property=\"og:site_name\" content=\"Svenska Magasinet\" \/>\n<meta property=\"article:publisher\" content=\"https:\/\/www.facebook.com\/svenskamagasinet\" \/>\n<meta property=\"article:published_time\" content=\"2013-03-11T23:00:00+00:00\" \/>\n<meta property=\"og:image\" content=\"https:\/\/lightweb.dev\/l\/svm-temp\/wp-content\/uploads\/2022\/04\/frga-advokaten-skilsmssa.png\" \/>\n\t<meta property=\"og:image:width\" content=\"299\" \/>\n\t<meta property=\"og:image:height\" content=\"200\" \/>\n\t<meta property=\"og:image:type\" content=\"image\/png\" \/>\n<meta name=\"author\" content=\"Redaktionen SvM\" \/>\n<meta name=\"twitter:card\" content=\"summary_large_image\" \/>\n<meta name=\"twitter:creator\" content=\"@SvenskaMagasine\" \/>\n<meta name=\"twitter:site\" content=\"@SvenskaMagasine\" \/>\n<script type=\"application\/ld+json\" class=\"yoast-schema-graph\">{\"@context\":\"https:\\\/\\\/schema.org\",\"@graph\":[{\"@type\":\"Article\",\"@id\":\"https:\\\/\\\/lightweb.dev\\\/l\\\/svm-temp\\\/artiklar\\\/fraga-advokaten-skilsmassa\\\/#article\",\"isPartOf\":{\"@id\":\"https:\\\/\\\/lightweb.dev\\\/l\\\/svm-temp\\\/artiklar\\\/fraga-advokaten-skilsmassa\\\/\"},\"author\":{\"name\":\"Redaktionen SvM\",\"@id\":\"https:\\\/\\\/lightweb.dev\\\/l\\\/svm-temp\\\/#\\\/schema\\\/person\\\/206a3bda5b607b0c25e1749191e4d837\"},\"headline\":\"Fr\u00e5ga advokaten: Skilsm\u00e4ssa\",\"datePublished\":\"2013-03-11T23:00:00+00:00\",\"mainEntityOfPage\":{\"@id\":\"https:\\\/\\\/lightweb.dev\\\/l\\\/svm-temp\\\/artiklar\\\/fraga-advokaten-skilsmassa\\\/\"},\"wordCount\":283,\"commentCount\":0,\"publisher\":{\"@id\":\"https:\\\/\\\/lightweb.dev\\\/l\\\/svm-temp\\\/#organization\"},\"image\":{\"@id\":\"https:\\\/\\\/lightweb.dev\\\/l\\\/svm-temp\\\/artiklar\\\/fraga-advokaten-skilsmassa\\\/#primaryimage\"},\"thumbnailUrl\":\"https:\\\/\\\/lightweb.dev\\\/l\\\/svm-temp\\\/wp-content\\\/uploads\\\/2022\\\/04\\\/frga-advokaten-skilsmssa.png\",\"articleSection\":[\"Arkiv\",\"Artiklar\"],\"inLanguage\":\"sv-SE\"},{\"@type\":\"WebPage\",\"@id\":\"https:\\\/\\\/lightweb.dev\\\/l\\\/svm-temp\\\/artiklar\\\/fraga-advokaten-skilsmassa\\\/\",\"url\":\"https:\\\/\\\/lightweb.dev\\\/l\\\/svm-temp\\\/artiklar\\\/fraga-advokaten-skilsmassa\\\/\",\"name\":\"Fr\u00e5ga advokaten: Skilsm\u00e4ssa - Svenska Magasinet\",\"isPartOf\":{\"@id\":\"https:\\\/\\\/lightweb.dev\\\/l\\\/svm-temp\\\/#website\"},\"primaryImageOfPage\":{\"@id\":\"https:\\\/\\\/lightweb.dev\\\/l\\\/svm-temp\\\/artiklar\\\/fraga-advokaten-skilsmassa\\\/#primaryimage\"},\"image\":{\"@id\":\"https:\\\/\\\/lightweb.dev\\\/l\\\/svm-temp\\\/artiklar\\\/fraga-advokaten-skilsmassa\\\/#primaryimage\"},\"thumbnailUrl\":\"https:\\\/\\\/lightweb.dev\\\/l\\\/svm-temp\\\/wp-content\\\/uploads\\\/2022\\\/04\\\/frga-advokaten-skilsmssa.png\",\"datePublished\":\"2013-03-11T23:00:00+00:00\",\"breadcrumb\":{\"@id\":\"https:\\\/\\\/lightweb.dev\\\/l\\\/svm-temp\\\/artiklar\\\/fraga-advokaten-skilsmassa\\\/#breadcrumb\"},\"inLanguage\":\"sv-SE\",\"potentialAction\":[{\"@type\":\"ReadAction\",\"target\":[\"https:\\\/\\\/lightweb.dev\\\/l\\\/svm-temp\\\/artiklar\\\/fraga-advokaten-skilsmassa\\\/\"]}]},{\"@type\":\"ImageObject\",\"inLanguage\":\"sv-SE\",\"@id\":\"https:\\\/\\\/lightweb.dev\\\/l\\\/svm-temp\\\/artiklar\\\/fraga-advokaten-skilsmassa\\\/#primaryimage\",\"url\":\"https:\\\/\\\/lightweb.dev\\\/l\\\/svm-temp\\\/wp-content\\\/uploads\\\/2022\\\/04\\\/frga-advokaten-skilsmssa.png\",\"contentUrl\":\"https:\\\/\\\/lightweb.dev\\\/l\\\/svm-temp\\\/wp-content\\\/uploads\\\/2022\\\/04\\\/frga-advokaten-skilsmssa.png\",\"width\":299,\"height\":200},{\"@type\":\"BreadcrumbList\",\"@id\":\"https:\\\/\\\/lightweb.dev\\\/l\\\/svm-temp\\\/artiklar\\\/fraga-advokaten-skilsmassa\\\/#breadcrumb\",\"itemListElement\":[{\"@type\":\"ListItem\",\"position\":1,\"name\":\"Hem\",\"item\":\"https:\\\/\\\/lightweb.dev\\\/l\\\/svm-temp\\\/\"},{\"@type\":\"ListItem\",\"position\":2,\"name\":\"Fr\u00e5ga advokaten: Skilsm\u00e4ssa\"}]},{\"@type\":\"WebSite\",\"@id\":\"https:\\\/\\\/lightweb.dev\\\/l\\\/svm-temp\\\/#website\",\"url\":\"https:\\\/\\\/lightweb.dev\\\/l\\\/svm-temp\\\/\",\"name\":\"Svenska Magasinet\",\"description\":\"Dina Spanska nyheter p&aring; Svenska\",\"publisher\":{\"@id\":\"https:\\\/\\\/lightweb.dev\\\/l\\\/svm-temp\\\/#organization\"},\"potentialAction\":[{\"@type\":\"SearchAction\",\"target\":{\"@type\":\"EntryPoint\",\"urlTemplate\":\"https:\\\/\\\/lightweb.dev\\\/l\\\/svm-temp\\\/?s={search_term_string}\"},\"query-input\":{\"@type\":\"PropertyValueSpecification\",\"valueRequired\":true,\"valueName\":\"search_term_string\"}}],\"inLanguage\":\"sv-SE\"},{\"@type\":\"Organization\",\"@id\":\"https:\\\/\\\/lightweb.dev\\\/l\\\/svm-temp\\\/#organization\",\"name\":\"Melkerson y Nott SL\",\"alternateName\":\"Svenska Magasinet\",\"url\":\"https:\\\/\\\/lightweb.dev\\\/l\\\/svm-temp\\\/\",\"logo\":{\"@type\":\"ImageObject\",\"inLanguage\":\"sv-SE\",\"@id\":\"https:\\\/\\\/lightweb.dev\\\/l\\\/svm-temp\\\/#\\\/schema\\\/logo\\\/image\\\/\",\"url\":\"https:\\\/\\\/lightweb.dev\\\/l\\\/svm-temp\\\/wp-content\\\/uploads\\\/2025\\\/02\\\/SvM-logo-Xtra-Centrerad-SVART.png\",\"contentUrl\":\"https:\\\/\\\/lightweb.dev\\\/l\\\/svm-temp\\\/wp-content\\\/uploads\\\/2025\\\/02\\\/SvM-logo-Xtra-Centrerad-SVART.png\",\"width\":300,\"height\":99,\"caption\":\"Melkerson y Nott SL\"},\"image\":{\"@id\":\"https:\\\/\\\/lightweb.dev\\\/l\\\/svm-temp\\\/#\\\/schema\\\/logo\\\/image\\\/\"},\"sameAs\":[\"https:\\\/\\\/www.facebook.com\\\/svenskamagasinet\",\"https:\\\/\\\/x.com\\\/SvenskaMagasine\"]},{\"@type\":\"Person\",\"@id\":\"https:\\\/\\\/lightweb.dev\\\/l\\\/svm-temp\\\/#\\\/schema\\\/person\\\/206a3bda5b607b0c25e1749191e4d837\",\"name\":\"Redaktionen SvM\",\"description\":\"Redaktionen\",\"sameAs\":[\"https:\\\/\\\/lightweb.dev\\\/l\\\/svm-temp\"],\"url\":\"https:\\\/\\\/lightweb.dev\\\/l\\\/svm-temp\\\/reporter\\\/redaktionen\\\/\"}]}<\/script>\n<!-- \/ Yoast SEO Premium plugin. -->","yoast_head_json":{"title":"Fr\u00e5ga advokaten: Skilsm\u00e4ssa - Svenska Magasinet","robots":{"index":"noindex","follow":"follow","max-snippet":"max-snippet:-1","max-image-preview":"max-image-preview:large","max-video-preview":"max-video-preview:-1"},"og_locale":"sv_SE","og_type":"article","og_title":"Fr\u00e5ga advokaten: Skilsm\u00e4ssa","og_description":"Min hustru har nu tr\u00e4ffat en annan. Jag vill f\u00e5 ut skilsm\u00e4ssa s\u00e5 snart som m\u00f6jligt. Vad skall jag g\u00f6ra? Hur g\u00e5r det till? Av advokat G\u00f6ran Rise Om vi utg\u00e5r ifr\u00e5n att Ni \u00e4r svenska medborgare, som bor i Spanien sedan minst 2 \u00e5r kan jag ge Dig n\u00e5gra viktiga r\u00e5d. 1. Du kan [&hellip;]","og_url":"https:\/\/lightweb.dev\/l\/svm-temp\/artiklar\/fraga-advokaten-skilsmassa\/","og_site_name":"Svenska Magasinet","article_publisher":"https:\/\/www.facebook.com\/svenskamagasinet","article_published_time":"2013-03-11T23:00:00+00:00","og_image":[{"width":299,"height":200,"url":"https:\/\/lightweb.dev\/l\/svm-temp\/wp-content\/uploads\/2022\/04\/frga-advokaten-skilsmssa.png","type":"image\/png"}],"author":"Redaktionen SvM","twitter_card":"summary_large_image","twitter_creator":"@SvenskaMagasine","twitter_site":"@SvenskaMagasine","schema":{"@context":"https:\/\/schema.org","@graph":[{"@type":"Article","@id":"https:\/\/lightweb.dev\/l\/svm-temp\/artiklar\/fraga-advokaten-skilsmassa\/#article","isPartOf":{"@id":"https:\/\/lightweb.dev\/l\/svm-temp\/artiklar\/fraga-advokaten-skilsmassa\/"},"author":{"name":"Redaktionen SvM","@id":"https:\/\/lightweb.dev\/l\/svm-temp\/#\/schema\/person\/206a3bda5b607b0c25e1749191e4d837"},"headline":"Fr\u00e5ga advokaten: Skilsm\u00e4ssa","datePublished":"2013-03-11T23:00:00+00:00","mainEntityOfPage":{"@id":"https:\/\/lightweb.dev\/l\/svm-temp\/artiklar\/fraga-advokaten-skilsmassa\/"},"wordCount":283,"commentCount":0,"publisher":{"@id":"https:\/\/lightweb.dev\/l\/svm-temp\/#organization"},"image":{"@id":"https:\/\/lightweb.dev\/l\/svm-temp\/artiklar\/fraga-advokaten-skilsmassa\/#primaryimage"},"thumbnailUrl":"https:\/\/lightweb.dev\/l\/svm-temp\/wp-content\/uploads\/2022\/04\/frga-advokaten-skilsmssa.png","articleSection":["Arkiv","Artiklar"],"inLanguage":"sv-SE"},{"@type":"WebPage","@id":"https:\/\/lightweb.dev\/l\/svm-temp\/artiklar\/fraga-advokaten-skilsmassa\/","url":"https:\/\/lightweb.dev\/l\/svm-temp\/artiklar\/fraga-advokaten-skilsmassa\/","name":"Fr\u00e5ga advokaten: Skilsm\u00e4ssa - Svenska Magasinet","isPartOf":{"@id":"https:\/\/lightweb.dev\/l\/svm-temp\/#website"},"primaryImageOfPage":{"@id":"https:\/\/lightweb.dev\/l\/svm-temp\/artiklar\/fraga-advokaten-skilsmassa\/#primaryimage"},"image":{"@id":"https:\/\/lightweb.dev\/l\/svm-temp\/artiklar\/fraga-advokaten-skilsmassa\/#primaryimage"},"thumbnailUrl":"https:\/\/lightweb.dev\/l\/svm-temp\/wp-content\/uploads\/2022\/04\/frga-advokaten-skilsmssa.png","datePublished":"2013-03-11T23:00:00+00:00","breadcrumb":{"@id":"https:\/\/lightweb.dev\/l\/svm-temp\/artiklar\/fraga-advokaten-skilsmassa\/#breadcrumb"},"inLanguage":"sv-SE","potentialAction":[{"@type":"ReadAction","target":["https:\/\/lightweb.dev\/l\/svm-temp\/artiklar\/fraga-advokaten-skilsmassa\/"]}]},{"@type":"ImageObject","inLanguage":"sv-SE","@id":"https:\/\/lightweb.dev\/l\/svm-temp\/artiklar\/fraga-advokaten-skilsmassa\/#primaryimage","url":"https:\/\/lightweb.dev\/l\/svm-temp\/wp-content\/uploads\/2022\/04\/frga-advokaten-skilsmssa.png","contentUrl":"https:\/\/lightweb.dev\/l\/svm-temp\/wp-content\/uploads\/2022\/04\/frga-advokaten-skilsmssa.png","width":299,"height":200},{"@type":"BreadcrumbList","@id":"https:\/\/lightweb.dev\/l\/svm-temp\/artiklar\/fraga-advokaten-skilsmassa\/#breadcrumb","itemListElement":[{"@type":"ListItem","position":1,"name":"Hem","item":"https:\/\/lightweb.dev\/l\/svm-temp\/"},{"@type":"ListItem","position":2,"name":"Fr\u00e5ga advokaten: Skilsm\u00e4ssa"}]},{"@type":"WebSite","@id":"https:\/\/lightweb.dev\/l\/svm-temp\/#website","url":"https:\/\/lightweb.dev\/l\/svm-temp\/","name":"Svenska Magasinet","description":"Dina Spanska nyheter p&aring; Svenska","publisher":{"@id":"https:\/\/lightweb.dev\/l\/svm-temp\/#organization"},"potentialAction":[{"@type":"SearchAction","target":{"@type":"EntryPoint","urlTemplate":"https:\/\/lightweb.dev\/l\/svm-temp\/?s={search_term_string}"},"query-input":{"@type":"PropertyValueSpecification","valueRequired":true,"valueName":"search_term_string"}}],"inLanguage":"sv-SE"},{"@type":"Organization","@id":"https:\/\/lightweb.dev\/l\/svm-temp\/#organization","name":"Melkerson y Nott SL","alternateName":"Svenska Magasinet","url":"https:\/\/lightweb.dev\/l\/svm-temp\/","logo":{"@type":"ImageObject","inLanguage":"sv-SE","@id":"https:\/\/lightweb.dev\/l\/svm-temp\/#\/schema\/logo\/image\/","url":"https:\/\/lightweb.dev\/l\/svm-temp\/wp-content\/uploads\/2025\/02\/SvM-logo-Xtra-Centrerad-SVART.png","contentUrl":"https:\/\/lightweb.dev\/l\/svm-temp\/wp-content\/uploads\/2025\/02\/SvM-logo-Xtra-Centrerad-SVART.png","width":300,"height":99,"caption":"Melkerson y Nott SL"},"image":{"@id":"https:\/\/lightweb.dev\/l\/svm-temp\/#\/schema\/logo\/image\/"},"sameAs":["https:\/\/www.facebook.com\/svenskamagasinet","https:\/\/x.com\/SvenskaMagasine"]},{"@type":"Person","@id":"https:\/\/lightweb.dev\/l\/svm-temp\/#\/schema\/person\/206a3bda5b607b0c25e1749191e4d837","name":"Redaktionen SvM","description":"Redaktionen","sameAs":["https:\/\/lightweb.dev\/l\/svm-temp"],"url":"https:\/\/lightweb.dev\/l\/svm-temp\/reporter\/redaktionen\/"}]}},"_links":{"self":[{"href":"https:\/\/lightweb.dev\/l\/svm-temp\/wp-json\/wp\/v2\/posts\/4340","targetHints":{"allow":["GET"]}}],"collection":[{"href":"https:\/\/lightweb.dev\/l\/svm-temp\/wp-json\/wp\/v2\/posts"}],"about":[{"href":"https:\/\/lightweb.dev\/l\/svm-temp\/wp-json\/wp\/v2\/types\/post"}],"author":[{"embeddable":true,"href":"https:\/\/lightweb.dev\/l\/svm-temp\/wp-json\/wp\/v2\/users\/8"}],"replies":[{"embeddable":true,"href":"https:\/\/lightweb.dev\/l\/svm-temp\/wp-json\/wp\/v2\/comments?post=4340"}],"version-history":[{"count":0,"href":"https:\/\/lightweb.dev\/l\/svm-temp\/wp-json\/wp\/v2\/posts\/4340\/revisions"}],"wp:featuredmedia":[{"embeddable":true,"href":"https:\/\/lightweb.dev\/l\/svm-temp\/wp-json\/wp\/v2\/media\/4341"}],"wp:attachment":[{"href":"https:\/\/lightweb.dev\/l\/svm-temp\/wp-json\/wp\/v2\/media?parent=4340"}],"wp:term":[{"taxonomy":"category","embeddable":true,"href":"https:\/\/lightweb.dev\/l\/svm-temp\/wp-json\/wp\/v2\/categories?post=4340"},{"taxonomy":"post_tag","embeddable":true,"href":"https:\/\/lightweb.dev\/l\/svm-temp\/wp-json\/wp\/v2\/tags?post=4340"}],"curies":[{"name":"wp","href":"https:\/\/api.w.org\/{rel}","templated":true}]}}