{"id":4346,"date":"2013-03-12T00:00:00","date_gmt":"2013-03-11T23:00:00","guid":{"rendered":"https:\/\/lightweb.dev\/l\/svm-temp\/spanien-just-nu-kassa-b\/"},"modified":"2013-03-12T00:00:00","modified_gmt":"2013-03-11T23:00:00","slug":"spanien-just-nu-kassa-b","status":"publish","type":"post","link":"https:\/\/lightweb.dev\/l\/svm-temp\/artiklar\/spanien-just-nu-kassa-b\/","title":{"rendered":"Spanien just nu \u2013 kassa B"},"content":{"rendered":"<p> \u201dCaja B\u201d eller \u201dkassa B\u201d \u00e4r just nu ordet p\u00e5 allas l\u00e4ppar och ger \u00f6ver 172 miljoner tr\u00e4ffar p\u00e5 Google. Det \u00e5syftar en kassa med svarta pengar. Vinklingen i media ber\u00f6r i huvudsak politiker och bankirer. \u00c5 andra sidan visar siffror att en stor del av befolkningen har en \u201dkassa B\u201d. Av Ola Josefsson<br \/>\nKorruptionsv\u00e5gen sveper \u00f6ver landet vilket g\u00f6r att den myndighet som ska utreda misstankarna g\u00e5r p\u00e5 kn\u00e4na. Enheten som g\u00e5r under namnet \u201dDelincuencia Econ\u00f3mica y Fiscal (UDEF)\u201d vid nationalpolisen och som uppr\u00e4ttades 2005 h\u00e5ller p\u00e5 att kollapsa p\u00e5 grund av cirka 400 korruptionsfall.<\/p>\n<p>Det \u00e4r ingen nyhet i ett samh\u00e4lle som pr\u00e4glas av samvetsl\u00f6sa, egocentriska individer som har sl\u00e4ngt v\u00e4rderingar och etik p\u00e5 soph\u00f6gen f\u00f6r att i st\u00e4llet hylla det egna jaget f\u00f6r att roffa \u00e5t sig s\u00e5 mycket som m\u00f6jligt och \u00e4gna sig \u00e5t sj\u00e4lvf\u00f6rverkligande. Styret heter demokrati men \u00e4r i verkligheten kleptokrati d\u00e4r vem som helst kan bli inr\u00f6stad fr\u00e5n gatan. Bara du har de r\u00e4tta kontakterna, talets g\u00e5va och kan konsten att mj\u00f6lka systemet.<\/p>\n<p>N\u00e4r jag flyttade till Spanien 1994 skakades landet av flera korruptionsskandaler, den ena mer otrolig \u00e4n den andra. Guardia Civils f\u00f6rste politiskt tillsatte civile h\u00f6gste chef var p\u00e5 rymmen. Luis Roldan hade med intyg gjort politisk karri\u00e4r inom b\u00e5de fack och PSOE. Han hade tagit emot j\u00e4ttesummor fr\u00e5n entrepren\u00f6rer som utf\u00f6rt arbeten \u00e5t Guardia Civil.<\/p>\n<p>N\u00e5gra andra storfr\u00e4sare, politiskt utn\u00e4mnda med partibok, var den katalanska finansmannen Javier de la Rosa med m\u00e4ngder av konkurser bakom sig och centralbankens chef Mariano Rubio med insideraff\u00e4rer och skattebrott. F\u00f6r en journalist var det ett fantastiskt land att komma till&#8230;<\/p>\n<p>Nu fuskas det \u00f6verallt. Inte bara bland politiker och aff\u00e4rsm\u00e4n utan \u00e4ven bland fotfolk som uppger sig vara arbetsl\u00f6sa f\u00f6r att i st\u00e4llet jobba svart. Studier utf\u00f6rda av landets arbetsplatsinspekt\u00f6rer \u00e4r en intressant l\u00e4sning. Vid 100.000 inspektioner var det svartjobb vid 40.000.<\/p>\n<p>Resultatet st\u00f6der tidigare bed\u00f6mningar att den svarta arbetsmarknaden \u00e4r stor i Spanien. Att Spanien skulle ha en arbetsl\u00f6shet p\u00e5 26 procent har jag aldrig trott. Om var fj\u00e4rde spanjor i arbetsf\u00f6r \u00e5lder skulle vara satt p\u00e5 gatan s\u00e5 borde det har synts &#8211; p\u00e5 gatan.<\/p>\n<p>Enligt skatteteknikerna (Gestha) oms\u00e4tter den svarta ekonomin i provinsen M\u00e1laga motsvarande 22,6 procent av BNP. Eller 6,127 miljoner euro. Enbart n\u00e4r det g\u00e4ller bedr\u00e4gerierna p\u00e5 arbetsplatserna s\u00e5 r\u00f6r det sig om 2.070 miljoner euro, allts\u00e5 en tredjedel av vad den svarta ekonomin oms\u00e4tter. I genomsnitt har varje inv\u00e5nare i Spanien en \u201dkassa B\u201d som fylls p\u00e5 med 630 euro per \u00e5r enligt Gestha.<\/p>\n<p>Sett till hela Spanien motsvarar den svarta ekonomin 23,3 procent av BNP. J\u00e4mf\u00f6r det med Frankrike (13 procent), \u00d6sterrike (8) eller Tyskland (10) s\u00e5 kan vi konstatera att det finns pengar i omlopp och att folk kanske inte har det s\u00e5 d\u00e5ligt som det f\u00f6rst framst\u00e4lls.<\/p>\n<p>Media vill ha rubriker och \u201dst\u00e5r armkrok\u201d med fackf\u00f6rbund och opposition f\u00f6r att publicera bilder och texter p\u00e5 n\u00e5gra tusen personer som skriker. Det \u00e4r ett politiskt jippo vi ser. N\u00e5gra fr\u00e5gor som s\u00e4tter bevekelsegrunderna i f\u00f6rsta led st\u00e4lls inte. Det \u00e4r bara ett konstaterande \u00f6ver n\u00e5got som har h\u00e4nt. Inte varf\u00f6r det har blivit som det har blivit. F\u00f6r \u00f6vrigt rekommenderar jag professor Inger Enkvist mycket l\u00e4sv\u00e4rda text i detta nummer av Svenska Magasinet &#8211; s\u00e5 f\u00e5r du veta mer.<\/p>\n<p>Det ska till\u00e4ggas att det finns m\u00e4nniskor i Spanien som har det sv\u00e5rt och beh\u00f6ver hj\u00e4lp. H\u00e4r g\u00f6r hj\u00e4lporganisationerna en storstilad insats och vi kan och b\u00f6r vara med och bidra.<\/p>\n<p>Korrumperade politiker och en minst sagt lika korrumperad allm\u00e4nhet \u00e4r en cancersvulst modell st\u00f6rre i landet. Skandalerna har st\u00e5tt p\u00e5 rad de senaste \u00e5ren. De som tar f\u00f6rstapriset p\u00e5 banditernas Oscarsgala \u00e4r de spanska handikappidrottarna som uppgav sig vara mentalt funktionsnedsatta. Minns ni storyn?<\/p>\n<p>Det spanska basketguldlaget f\u00f6r mentalt funktionsnedsatta vid Paralympics i Sydney 2000. Tidningen Capital publicerade en text som avsl\u00f6jade att tio av tolv spelare inte hade n\u00e5gra handikapp. Den spanska federationen f\u00f6r idrottare med mentala funktionsneds\u00e4ttningar (Feddi) nekade men fick \u00e4ndra sig eftersom en av spelarna hade skrivit texten, Carlos Rigaborda.<\/p>\n<p>F\u00f6rbundet var p\u00e5 jakt efter sponsorer och beh\u00f6vde ta medaljer. D\u00e4rf\u00f6r skickades fullt friska idrottsm\u00e4n utan handikapp till Paralympics. Ett sv\u00e5rslaget bedr\u00e4geri? Svar: Ja! Hur fungerar en m\u00e4nniska som \u201dspelar\u201d mentalt funktionsneds\u00e4ttande och ska t\u00e4vla mot m\u00e4nniskor som verkligen \u00e4r det? Vi tror kanske f\u00f6rst att s\u00e5 fr\u00e4cka individer inte existerar, men det g\u00f6r de.<\/p>\n<p>Det st\u00e5r helt klart att varken inom regerings- och aff\u00e4rskretsar och inom religi\u00f6sa grupper har man inte \u00e4gnat s\u00e5 stor uppm\u00e4rksamhet \u00e5t att h\u00e5lla fast vid tydliga v\u00e4rderingar vilket har smittat av sig p\u00e5 allm\u00e4nheten.<\/p>\n","protected":false},"excerpt":{"rendered":"<p>\u201dCaja B\u201d eller \u201dkassa B\u201d \u00e4r just nu ordet p\u00e5 allas l\u00e4ppar och ger \u00f6ver 172 miljoner tr\u00e4ffar p\u00e5 Google. Det \u00e5syftar en kassa med svarta pengar. Vinklingen i media ber\u00f6r i huvudsak politiker och bankirer. \u00c5 andra sidan visar siffror att en stor del av befolkningen har en \u201dkassa B\u201d. Av Ola Josefsson Korruptionsv\u00e5gen [&hellip;]<\/p>\n","protected":false},"author":8,"featured_media":4347,"comment_status":"open","ping_status":"open","sticky":false,"template":"","format":"standard","meta":{"_et_pb_use_builder":"","_et_pb_old_content":"","_et_gb_content_width":"","footnotes":""},"categories":[4,36],"tags":[],"class_list":["post-4346","post","type-post","status-publish","format-standard","has-post-thumbnail","hentry","category-artiklar","category-spanien-just-nu"],"yoast_head":"<!-- This site is optimized with the Yoast SEO Premium plugin v26.2 (Yoast SEO v27.5) - https:\/\/yoast.com\/product\/yoast-seo-premium-wordpress\/ -->\n<title>Spanien just nu \u2013 kassa B - Svenska Magasinet<\/title>\n<meta name=\"robots\" content=\"noindex, follow, max-snippet:-1, max-image-preview:large, max-video-preview:-1\" \/>\n<meta property=\"og:locale\" content=\"sv_SE\" \/>\n<meta property=\"og:type\" content=\"article\" \/>\n<meta property=\"og:title\" content=\"Spanien just nu \u2013 kassa B\" \/>\n<meta property=\"og:description\" content=\"\u201dCaja B\u201d eller \u201dkassa B\u201d \u00e4r just nu ordet p\u00e5 allas l\u00e4ppar och ger \u00f6ver 172 miljoner tr\u00e4ffar p\u00e5 Google. Det \u00e5syftar en kassa med svarta pengar. Vinklingen i media ber\u00f6r i huvudsak politiker och bankirer. \u00c5 andra sidan visar siffror att en stor del av befolkningen har en \u201dkassa B\u201d. Av Ola Josefsson Korruptionsv\u00e5gen [&hellip;]\" \/>\n<meta property=\"og:url\" content=\"https:\/\/lightweb.dev\/l\/svm-temp\/artiklar\/spanien-just-nu-kassa-b\/\" \/>\n<meta property=\"og:site_name\" content=\"Svenska Magasinet\" \/>\n<meta property=\"article:publisher\" content=\"https:\/\/www.facebook.com\/svenskamagasinet\" \/>\n<meta property=\"article:published_time\" content=\"2013-03-11T23:00:00+00:00\" \/>\n<meta property=\"og:image\" content=\"https:\/\/lightweb.dev\/l\/svm-temp\/wp-content\/uploads\/2022\/04\/spanien-just-nu-kassa-b.png\" \/>\n\t<meta property=\"og:image:width\" content=\"280\" \/>\n\t<meta property=\"og:image:height\" content=\"419\" \/>\n\t<meta property=\"og:image:type\" content=\"image\/png\" \/>\n<meta name=\"author\" content=\"Redaktionen SvM\" \/>\n<meta name=\"twitter:card\" content=\"summary_large_image\" \/>\n<meta name=\"twitter:creator\" content=\"@SvenskaMagasine\" \/>\n<meta name=\"twitter:site\" content=\"@SvenskaMagasine\" \/>\n<script type=\"application\/ld+json\" class=\"yoast-schema-graph\">{\"@context\":\"https:\\\/\\\/schema.org\",\"@graph\":[{\"@type\":\"Article\",\"@id\":\"https:\\\/\\\/lightweb.dev\\\/l\\\/svm-temp\\\/artiklar\\\/spanien-just-nu-kassa-b\\\/#article\",\"isPartOf\":{\"@id\":\"https:\\\/\\\/lightweb.dev\\\/l\\\/svm-temp\\\/artiklar\\\/spanien-just-nu-kassa-b\\\/\"},\"author\":{\"name\":\"Redaktionen SvM\",\"@id\":\"https:\\\/\\\/lightweb.dev\\\/l\\\/svm-temp\\\/#\\\/schema\\\/person\\\/206a3bda5b607b0c25e1749191e4d837\"},\"headline\":\"Spanien just nu \u2013 kassa B\",\"datePublished\":\"2013-03-11T23:00:00+00:00\",\"mainEntityOfPage\":{\"@id\":\"https:\\\/\\\/lightweb.dev\\\/l\\\/svm-temp\\\/artiklar\\\/spanien-just-nu-kassa-b\\\/\"},\"wordCount\":871,\"commentCount\":0,\"publisher\":{\"@id\":\"https:\\\/\\\/lightweb.dev\\\/l\\\/svm-temp\\\/#organization\"},\"image\":{\"@id\":\"https:\\\/\\\/lightweb.dev\\\/l\\\/svm-temp\\\/artiklar\\\/spanien-just-nu-kassa-b\\\/#primaryimage\"},\"thumbnailUrl\":\"https:\\\/\\\/lightweb.dev\\\/l\\\/svm-temp\\\/wp-content\\\/uploads\\\/2022\\\/04\\\/spanien-just-nu-kassa-b.png\",\"articleSection\":[\"Artiklar\",\"Spanien just nu\"],\"inLanguage\":\"sv-SE\"},{\"@type\":\"WebPage\",\"@id\":\"https:\\\/\\\/lightweb.dev\\\/l\\\/svm-temp\\\/artiklar\\\/spanien-just-nu-kassa-b\\\/\",\"url\":\"https:\\\/\\\/lightweb.dev\\\/l\\\/svm-temp\\\/artiklar\\\/spanien-just-nu-kassa-b\\\/\",\"name\":\"Spanien just nu \u2013 kassa B - Svenska Magasinet\",\"isPartOf\":{\"@id\":\"https:\\\/\\\/lightweb.dev\\\/l\\\/svm-temp\\\/#website\"},\"primaryImageOfPage\":{\"@id\":\"https:\\\/\\\/lightweb.dev\\\/l\\\/svm-temp\\\/artiklar\\\/spanien-just-nu-kassa-b\\\/#primaryimage\"},\"image\":{\"@id\":\"https:\\\/\\\/lightweb.dev\\\/l\\\/svm-temp\\\/artiklar\\\/spanien-just-nu-kassa-b\\\/#primaryimage\"},\"thumbnailUrl\":\"https:\\\/\\\/lightweb.dev\\\/l\\\/svm-temp\\\/wp-content\\\/uploads\\\/2022\\\/04\\\/spanien-just-nu-kassa-b.png\",\"datePublished\":\"2013-03-11T23:00:00+00:00\",\"breadcrumb\":{\"@id\":\"https:\\\/\\\/lightweb.dev\\\/l\\\/svm-temp\\\/artiklar\\\/spanien-just-nu-kassa-b\\\/#breadcrumb\"},\"inLanguage\":\"sv-SE\",\"potentialAction\":[{\"@type\":\"ReadAction\",\"target\":[\"https:\\\/\\\/lightweb.dev\\\/l\\\/svm-temp\\\/artiklar\\\/spanien-just-nu-kassa-b\\\/\"]}]},{\"@type\":\"ImageObject\",\"inLanguage\":\"sv-SE\",\"@id\":\"https:\\\/\\\/lightweb.dev\\\/l\\\/svm-temp\\\/artiklar\\\/spanien-just-nu-kassa-b\\\/#primaryimage\",\"url\":\"https:\\\/\\\/lightweb.dev\\\/l\\\/svm-temp\\\/wp-content\\\/uploads\\\/2022\\\/04\\\/spanien-just-nu-kassa-b.png\",\"contentUrl\":\"https:\\\/\\\/lightweb.dev\\\/l\\\/svm-temp\\\/wp-content\\\/uploads\\\/2022\\\/04\\\/spanien-just-nu-kassa-b.png\",\"width\":280,\"height\":419},{\"@type\":\"BreadcrumbList\",\"@id\":\"https:\\\/\\\/lightweb.dev\\\/l\\\/svm-temp\\\/artiklar\\\/spanien-just-nu-kassa-b\\\/#breadcrumb\",\"itemListElement\":[{\"@type\":\"ListItem\",\"position\":1,\"name\":\"Hem\",\"item\":\"https:\\\/\\\/lightweb.dev\\\/l\\\/svm-temp\\\/\"},{\"@type\":\"ListItem\",\"position\":2,\"name\":\"Spanien just nu \u2013 kassa B\"}]},{\"@type\":\"WebSite\",\"@id\":\"https:\\\/\\\/lightweb.dev\\\/l\\\/svm-temp\\\/#website\",\"url\":\"https:\\\/\\\/lightweb.dev\\\/l\\\/svm-temp\\\/\",\"name\":\"Svenska Magasinet\",\"description\":\"Dina Spanska nyheter p&aring; Svenska\",\"publisher\":{\"@id\":\"https:\\\/\\\/lightweb.dev\\\/l\\\/svm-temp\\\/#organization\"},\"potentialAction\":[{\"@type\":\"SearchAction\",\"target\":{\"@type\":\"EntryPoint\",\"urlTemplate\":\"https:\\\/\\\/lightweb.dev\\\/l\\\/svm-temp\\\/?s={search_term_string}\"},\"query-input\":{\"@type\":\"PropertyValueSpecification\",\"valueRequired\":true,\"valueName\":\"search_term_string\"}}],\"inLanguage\":\"sv-SE\"},{\"@type\":\"Organization\",\"@id\":\"https:\\\/\\\/lightweb.dev\\\/l\\\/svm-temp\\\/#organization\",\"name\":\"Melkerson y Nott SL\",\"alternateName\":\"Svenska Magasinet\",\"url\":\"https:\\\/\\\/lightweb.dev\\\/l\\\/svm-temp\\\/\",\"logo\":{\"@type\":\"ImageObject\",\"inLanguage\":\"sv-SE\",\"@id\":\"https:\\\/\\\/lightweb.dev\\\/l\\\/svm-temp\\\/#\\\/schema\\\/logo\\\/image\\\/\",\"url\":\"https:\\\/\\\/lightweb.dev\\\/l\\\/svm-temp\\\/wp-content\\\/uploads\\\/2025\\\/02\\\/SvM-logo-Xtra-Centrerad-SVART.png\",\"contentUrl\":\"https:\\\/\\\/lightweb.dev\\\/l\\\/svm-temp\\\/wp-content\\\/uploads\\\/2025\\\/02\\\/SvM-logo-Xtra-Centrerad-SVART.png\",\"width\":300,\"height\":99,\"caption\":\"Melkerson y Nott SL\"},\"image\":{\"@id\":\"https:\\\/\\\/lightweb.dev\\\/l\\\/svm-temp\\\/#\\\/schema\\\/logo\\\/image\\\/\"},\"sameAs\":[\"https:\\\/\\\/www.facebook.com\\\/svenskamagasinet\",\"https:\\\/\\\/x.com\\\/SvenskaMagasine\"]},{\"@type\":\"Person\",\"@id\":\"https:\\\/\\\/lightweb.dev\\\/l\\\/svm-temp\\\/#\\\/schema\\\/person\\\/206a3bda5b607b0c25e1749191e4d837\",\"name\":\"Redaktionen SvM\",\"description\":\"Redaktionen\",\"sameAs\":[\"https:\\\/\\\/lightweb.dev\\\/l\\\/svm-temp\"],\"url\":\"https:\\\/\\\/lightweb.dev\\\/l\\\/svm-temp\\\/reporter\\\/redaktionen\\\/\"}]}<\/script>\n<!-- \/ Yoast SEO Premium plugin. -->","yoast_head_json":{"title":"Spanien just nu \u2013 kassa B - Svenska Magasinet","robots":{"index":"noindex","follow":"follow","max-snippet":"max-snippet:-1","max-image-preview":"max-image-preview:large","max-video-preview":"max-video-preview:-1"},"og_locale":"sv_SE","og_type":"article","og_title":"Spanien just nu \u2013 kassa B","og_description":"\u201dCaja B\u201d eller \u201dkassa B\u201d \u00e4r just nu ordet p\u00e5 allas l\u00e4ppar och ger \u00f6ver 172 miljoner tr\u00e4ffar p\u00e5 Google. Det \u00e5syftar en kassa med svarta pengar. Vinklingen i media ber\u00f6r i huvudsak politiker och bankirer. \u00c5 andra sidan visar siffror att en stor del av befolkningen har en \u201dkassa B\u201d. Av Ola Josefsson Korruptionsv\u00e5gen [&hellip;]","og_url":"https:\/\/lightweb.dev\/l\/svm-temp\/artiklar\/spanien-just-nu-kassa-b\/","og_site_name":"Svenska Magasinet","article_publisher":"https:\/\/www.facebook.com\/svenskamagasinet","article_published_time":"2013-03-11T23:00:00+00:00","og_image":[{"width":280,"height":419,"url":"https:\/\/lightweb.dev\/l\/svm-temp\/wp-content\/uploads\/2022\/04\/spanien-just-nu-kassa-b.png","type":"image\/png"}],"author":"Redaktionen SvM","twitter_card":"summary_large_image","twitter_creator":"@SvenskaMagasine","twitter_site":"@SvenskaMagasine","schema":{"@context":"https:\/\/schema.org","@graph":[{"@type":"Article","@id":"https:\/\/lightweb.dev\/l\/svm-temp\/artiklar\/spanien-just-nu-kassa-b\/#article","isPartOf":{"@id":"https:\/\/lightweb.dev\/l\/svm-temp\/artiklar\/spanien-just-nu-kassa-b\/"},"author":{"name":"Redaktionen SvM","@id":"https:\/\/lightweb.dev\/l\/svm-temp\/#\/schema\/person\/206a3bda5b607b0c25e1749191e4d837"},"headline":"Spanien just nu \u2013 kassa B","datePublished":"2013-03-11T23:00:00+00:00","mainEntityOfPage":{"@id":"https:\/\/lightweb.dev\/l\/svm-temp\/artiklar\/spanien-just-nu-kassa-b\/"},"wordCount":871,"commentCount":0,"publisher":{"@id":"https:\/\/lightweb.dev\/l\/svm-temp\/#organization"},"image":{"@id":"https:\/\/lightweb.dev\/l\/svm-temp\/artiklar\/spanien-just-nu-kassa-b\/#primaryimage"},"thumbnailUrl":"https:\/\/lightweb.dev\/l\/svm-temp\/wp-content\/uploads\/2022\/04\/spanien-just-nu-kassa-b.png","articleSection":["Artiklar","Spanien just nu"],"inLanguage":"sv-SE"},{"@type":"WebPage","@id":"https:\/\/lightweb.dev\/l\/svm-temp\/artiklar\/spanien-just-nu-kassa-b\/","url":"https:\/\/lightweb.dev\/l\/svm-temp\/artiklar\/spanien-just-nu-kassa-b\/","name":"Spanien just nu \u2013 kassa B - Svenska Magasinet","isPartOf":{"@id":"https:\/\/lightweb.dev\/l\/svm-temp\/#website"},"primaryImageOfPage":{"@id":"https:\/\/lightweb.dev\/l\/svm-temp\/artiklar\/spanien-just-nu-kassa-b\/#primaryimage"},"image":{"@id":"https:\/\/lightweb.dev\/l\/svm-temp\/artiklar\/spanien-just-nu-kassa-b\/#primaryimage"},"thumbnailUrl":"https:\/\/lightweb.dev\/l\/svm-temp\/wp-content\/uploads\/2022\/04\/spanien-just-nu-kassa-b.png","datePublished":"2013-03-11T23:00:00+00:00","breadcrumb":{"@id":"https:\/\/lightweb.dev\/l\/svm-temp\/artiklar\/spanien-just-nu-kassa-b\/#breadcrumb"},"inLanguage":"sv-SE","potentialAction":[{"@type":"ReadAction","target":["https:\/\/lightweb.dev\/l\/svm-temp\/artiklar\/spanien-just-nu-kassa-b\/"]}]},{"@type":"ImageObject","inLanguage":"sv-SE","@id":"https:\/\/lightweb.dev\/l\/svm-temp\/artiklar\/spanien-just-nu-kassa-b\/#primaryimage","url":"https:\/\/lightweb.dev\/l\/svm-temp\/wp-content\/uploads\/2022\/04\/spanien-just-nu-kassa-b.png","contentUrl":"https:\/\/lightweb.dev\/l\/svm-temp\/wp-content\/uploads\/2022\/04\/spanien-just-nu-kassa-b.png","width":280,"height":419},{"@type":"BreadcrumbList","@id":"https:\/\/lightweb.dev\/l\/svm-temp\/artiklar\/spanien-just-nu-kassa-b\/#breadcrumb","itemListElement":[{"@type":"ListItem","position":1,"name":"Hem","item":"https:\/\/lightweb.dev\/l\/svm-temp\/"},{"@type":"ListItem","position":2,"name":"Spanien just nu \u2013 kassa B"}]},{"@type":"WebSite","@id":"https:\/\/lightweb.dev\/l\/svm-temp\/#website","url":"https:\/\/lightweb.dev\/l\/svm-temp\/","name":"Svenska Magasinet","description":"Dina Spanska nyheter p&aring; Svenska","publisher":{"@id":"https:\/\/lightweb.dev\/l\/svm-temp\/#organization"},"potentialAction":[{"@type":"SearchAction","target":{"@type":"EntryPoint","urlTemplate":"https:\/\/lightweb.dev\/l\/svm-temp\/?s={search_term_string}"},"query-input":{"@type":"PropertyValueSpecification","valueRequired":true,"valueName":"search_term_string"}}],"inLanguage":"sv-SE"},{"@type":"Organization","@id":"https:\/\/lightweb.dev\/l\/svm-temp\/#organization","name":"Melkerson y Nott SL","alternateName":"Svenska Magasinet","url":"https:\/\/lightweb.dev\/l\/svm-temp\/","logo":{"@type":"ImageObject","inLanguage":"sv-SE","@id":"https:\/\/lightweb.dev\/l\/svm-temp\/#\/schema\/logo\/image\/","url":"https:\/\/lightweb.dev\/l\/svm-temp\/wp-content\/uploads\/2025\/02\/SvM-logo-Xtra-Centrerad-SVART.png","contentUrl":"https:\/\/lightweb.dev\/l\/svm-temp\/wp-content\/uploads\/2025\/02\/SvM-logo-Xtra-Centrerad-SVART.png","width":300,"height":99,"caption":"Melkerson y Nott SL"},"image":{"@id":"https:\/\/lightweb.dev\/l\/svm-temp\/#\/schema\/logo\/image\/"},"sameAs":["https:\/\/www.facebook.com\/svenskamagasinet","https:\/\/x.com\/SvenskaMagasine"]},{"@type":"Person","@id":"https:\/\/lightweb.dev\/l\/svm-temp\/#\/schema\/person\/206a3bda5b607b0c25e1749191e4d837","name":"Redaktionen SvM","description":"Redaktionen","sameAs":["https:\/\/lightweb.dev\/l\/svm-temp"],"url":"https:\/\/lightweb.dev\/l\/svm-temp\/reporter\/redaktionen\/"}]}},"_links":{"self":[{"href":"https:\/\/lightweb.dev\/l\/svm-temp\/wp-json\/wp\/v2\/posts\/4346","targetHints":{"allow":["GET"]}}],"collection":[{"href":"https:\/\/lightweb.dev\/l\/svm-temp\/wp-json\/wp\/v2\/posts"}],"about":[{"href":"https:\/\/lightweb.dev\/l\/svm-temp\/wp-json\/wp\/v2\/types\/post"}],"author":[{"embeddable":true,"href":"https:\/\/lightweb.dev\/l\/svm-temp\/wp-json\/wp\/v2\/users\/8"}],"replies":[{"embeddable":true,"href":"https:\/\/lightweb.dev\/l\/svm-temp\/wp-json\/wp\/v2\/comments?post=4346"}],"version-history":[{"count":0,"href":"https:\/\/lightweb.dev\/l\/svm-temp\/wp-json\/wp\/v2\/posts\/4346\/revisions"}],"wp:featuredmedia":[{"embeddable":true,"href":"https:\/\/lightweb.dev\/l\/svm-temp\/wp-json\/wp\/v2\/media\/4347"}],"wp:attachment":[{"href":"https:\/\/lightweb.dev\/l\/svm-temp\/wp-json\/wp\/v2\/media?parent=4346"}],"wp:term":[{"taxonomy":"category","embeddable":true,"href":"https:\/\/lightweb.dev\/l\/svm-temp\/wp-json\/wp\/v2\/categories?post=4346"},{"taxonomy":"post_tag","embeddable":true,"href":"https:\/\/lightweb.dev\/l\/svm-temp\/wp-json\/wp\/v2\/tags?post=4346"}],"curies":[{"name":"wp","href":"https:\/\/api.w.org\/{rel}","templated":true}]}}