{"id":4350,"date":"2013-03-12T00:00:00","date_gmt":"2013-03-11T23:00:00","guid":{"rendered":"https:\/\/lightweb.dev\/l\/svm-temp\/bra-betyg-for-svenska-skolan-i-fuengirola-i-skolinspektionsrapport\/"},"modified":"2013-03-12T00:00:00","modified_gmt":"2013-03-11T23:00:00","slug":"bra-betyg-for-svenska-skolan-i-fuengirola-i-skolinspektionsrapport","status":"publish","type":"post","link":"https:\/\/lightweb.dev\/l\/svm-temp\/artiklar\/bra-betyg-for-svenska-skolan-i-fuengirola-i-skolinspektionsrapport\/","title":{"rendered":"Bra betyg f\u00f6r svenska skolan i Fuengirola i skolinspektionsrapport"},"content":{"rendered":"<p> Svenska skolan i Fuengirola f\u00e5r ett bra resultat i den rapporten som Skolinspektionen sammanst\u00e4llt efter sitt bes\u00f6k i december. Verksamheten i de flesta avseenden motsvarar de krav som st\u00e4lls i f\u00f6rfattningarna, skriver inspekt\u00f6rerna i sin rapport. Av Ola Josefsson<br \/>\nPer Jonsson, rektor vid svenska skolan gl\u00e4ds \u00f6ver rapporten.<br \/>\n&#8211; Det \u00e4r en trevlig rapport som visar att vi \u00e4r p\u00e5 r\u00e4tt v\u00e4g. Skolans huvuduppgift att hj\u00e4lpa eleverna att n\u00e5 de kunskapsm\u00e5l som \u00e4r uppsatta, h\u00e4r n\u00e5r vi n\u00e4stan 100 procent. Vi ligger bra till j\u00e4mf\u00f6rt med skolor i Sverige. Samtidigt uppger eleverna att de har studiero. Detta \u00e4r tunga, viktiga bitar.<br \/>\n&#8211; Sedan ska man ha i \u00e5tanke att det inte finns n\u00e5gon skola som inte har brister. V\u00e4rt att notera i rapporten \u00e4r att v\u00e5r gymnasieutbildning inte har n\u00e5gra brister.<\/p>\n<p>Vid Fuengirolaskolan erbjuds verksamhet fr\u00e5n f\u00f6rskola, f\u00f6rskoleklass, grundskolans \u00e5rskurser 1-9 samt gymnasieutbildning p\u00e5 naturvetenskapligt, samh\u00e4llsvetenskapligt samt ekonomiskt program. Sammanst\u00e4llningarna av kunskapsresultaten visar p\u00e5 en n\u00e4ra nog hundraprocentig m\u00e5luppfyllelse.<\/p>\n<p>Svenska skolan i Fuengirola har upplevt n\u00e5gra turbulenta \u00e5r med schismer, konflikter, avhoppade och sparkade rektorer i kombination med svaga styrelser samt i n\u00e5gra fall inkompetenta personer med ansvar f\u00f6r ekonomin.<br \/>\nStormen har lagt sig och skolan har blivit en plats d\u00e4r elever och l\u00e4rare trivs. Det konstaterar Skolinspektionen i sin rapport.<br \/>\n\u201dNu \u00e4r skolan en plats d\u00e4r b\u00e5de elever och personal trivs och det \u00e4r en v\u00e4nlig atmosf\u00e4r och f\u00f6rh\u00e5llningss\u00e4ttet mellan elever och mellan elever och personal \u00e4r b\u00e5de v\u00e4nligt och respektfullt\u201d skriver Skolinspektionen i sin rapport och forts\u00e4tter:<br \/>\n\u201dL\u00e4rarna uppger i intervjuer att de har f\u00f6rtroende f\u00f6r skolledningen och det pedagogiska ledarskapet\u201d.<\/p>\n<p>\u00c5 andra sidan finns det brister p\u00e5 skolan som m\u00e5ste \u00e5tg\u00e4rdas. Det g\u00e4ller undervisningen i olika \u00e4mnesomr\u00e5den som m\u00e5ste samordnas d\u00e4r \u00e4ven l\u00e4rarna m\u00e5ste samverka med varandra i arbetet. Skolinspektionen menar ocks\u00e5 att grundskolans individuella utvecklingsplaner med skriftliga omd\u00f6men m\u00e5ste utvecklas f\u00f6r att svara mot de krav som f\u00f6rfattningarna st\u00e4ller.<\/p>\n<p>&#8211; H\u00e4r finns det n\u00e5gra bitar att jobba med som den \u00f6vergripande undervisningen vid grundskolan. Vi har ocks\u00e5 installerat ett webbaserat system som vi ska b\u00f6rja anv\u00e4nda n\u00e4r det g\u00e4ller skriftliga omd\u00f6men. Vi har tre m\u00e5nader p\u00e5 oss att komma in med v\u00e5r rapporter om vilka \u00e5tg\u00e4rder vi inf\u00f6rt, s\u00e4ger Per Jonsson, rektor.<\/p>\n<p>Vidare skriver inspekt\u00f6rerna i sin rapport att det systematiska kvalitetsarbetet m\u00e5ste utvecklas liksom att skolan inom spr\u00e5kval ska kunna erbjuda undervisning i minst tv\u00e5 av spr\u00e5ken franska, tyska och spanska.<br \/>\n&#8211; Detta med spr\u00e5kval \u00e4r historiskt d\u00e5 de flesta v\u00e4ljer att l\u00e4sa spanska. Det \u00e4r inte s\u00e5 m\u00e5nga elever som har valt att l\u00e4sa franska och tyska. Blir det inte fler \u00e4n fem i varje grupp har vi ingen skyldighet att erbjuda tyska eller franska.<\/p>\n<p>Om det \u00e4r lugnt p\u00e5 svenska skolan i Fuengirola finns det andra utlandsskolor som brottas med problem. Den skandinaviska skolan i Bryssel (SSB) \u00e4r i bl\u00e5sv\u00e4der sedan det norska skolverket kommit med svidande kritik, dragit in statsbidraget och kr\u00e4vt \u00e5terbetalning av tidigare bidrag.<\/p>\n<p>Skandinaviska skolan \u00e4r speciell p\u00e5 det viset att det finns fyra nordiska skolor i en. Efter beskedet fr\u00e5n det norska skolverket kommer den norska delen att l\u00e4gga ned sin verksamhet 19 juni. De norska barnen kan g\u00e5 kvar p\u00e5 den svenska delen <\/p>\n<p>I Bryssel handlar mest om brister i den ekonomiska f\u00f6rvaltningen och att skolan struntat i att \u00e5tg\u00e4rda brister efter tidigare kritik, rapporterar NTB. Skolan mister godk\u00e4nnande som norsk privatskola efter l\u00e4s\u00e5rets slut.<\/p>\n<p>Svenska skolverket drog in delar av det svenska statsbidraget 2011 p\u00e5 grund av att Brysselskolan hade osk\u00e4ligt h\u00f6ga terminsavgifter. En del av skolverkets pedagogiska kritik kvarst\u00e5r men verket uppger att det svenska bidraget nu \u00e4r p\u00e5 sin tidigare niv\u00e5.<\/p>\n","protected":false},"excerpt":{"rendered":"<p>Svenska skolan i Fuengirola f\u00e5r ett bra resultat i den rapporten som Skolinspektionen sammanst\u00e4llt efter sitt bes\u00f6k i december. Verksamheten i de flesta avseenden motsvarar de krav som st\u00e4lls i f\u00f6rfattningarna, skriver inspekt\u00f6rerna i sin rapport. Av Ola Josefsson Per Jonsson, rektor vid svenska skolan gl\u00e4ds \u00f6ver rapporten. &#8211; Det \u00e4r en trevlig rapport som [&hellip;]<\/p>\n","protected":false},"author":8,"featured_media":4351,"comment_status":"open","ping_status":"open","sticky":false,"template":"","format":"standard","meta":{"_et_pb_use_builder":"","_et_pb_old_content":"","_et_gb_content_width":"","footnotes":""},"categories":[396,4],"tags":[],"class_list":["post-4350","post","type-post","status-publish","format-standard","has-post-thumbnail","hentry","category-arkiv-artiklar","category-artiklar"],"yoast_head":"<!-- This site is optimized with the Yoast SEO Premium plugin v26.2 (Yoast SEO v27.5) - https:\/\/yoast.com\/product\/yoast-seo-premium-wordpress\/ -->\n<title>Bra betyg f\u00f6r svenska skolan i Fuengirola i skolinspektionsrapport - Svenska Magasinet<\/title>\n<meta name=\"robots\" content=\"noindex, follow, max-snippet:-1, max-image-preview:large, max-video-preview:-1\" \/>\n<meta property=\"og:locale\" content=\"sv_SE\" \/>\n<meta property=\"og:type\" content=\"article\" \/>\n<meta property=\"og:title\" content=\"Bra betyg f\u00f6r svenska skolan i Fuengirola i skolinspektionsrapport\" \/>\n<meta property=\"og:description\" content=\"Svenska skolan i Fuengirola f\u00e5r ett bra resultat i den rapporten som Skolinspektionen sammanst\u00e4llt efter sitt bes\u00f6k i december. Verksamheten i de flesta avseenden motsvarar de krav som st\u00e4lls i f\u00f6rfattningarna, skriver inspekt\u00f6rerna i sin rapport. Av Ola Josefsson Per Jonsson, rektor vid svenska skolan gl\u00e4ds \u00f6ver rapporten. &#8211; Det \u00e4r en trevlig rapport som [&hellip;]\" \/>\n<meta property=\"og:url\" content=\"https:\/\/lightweb.dev\/l\/svm-temp\/artiklar\/bra-betyg-for-svenska-skolan-i-fuengirola-i-skolinspektionsrapport\/\" \/>\n<meta property=\"og:site_name\" content=\"Svenska Magasinet\" \/>\n<meta property=\"article:publisher\" content=\"https:\/\/www.facebook.com\/svenskamagasinet\" \/>\n<meta property=\"article:published_time\" content=\"2013-03-11T23:00:00+00:00\" \/>\n<meta property=\"og:image\" content=\"https:\/\/lightweb.dev\/l\/svm-temp\/wp-content\/uploads\/2022\/04\/bra-betyg-fr-svenska-skolan-i-fuengirola-i-skolinspektionsrapport.png\" \/>\n\t<meta property=\"og:image:width\" content=\"280\" \/>\n\t<meta property=\"og:image:height\" content=\"210\" \/>\n\t<meta property=\"og:image:type\" content=\"image\/png\" \/>\n<meta name=\"author\" content=\"Redaktionen SvM\" \/>\n<meta name=\"twitter:card\" content=\"summary_large_image\" \/>\n<meta name=\"twitter:creator\" content=\"@SvenskaMagasine\" \/>\n<meta name=\"twitter:site\" content=\"@SvenskaMagasine\" \/>\n<script type=\"application\/ld+json\" class=\"yoast-schema-graph\">{\"@context\":\"https:\\\/\\\/schema.org\",\"@graph\":[{\"@type\":\"Article\",\"@id\":\"https:\\\/\\\/lightweb.dev\\\/l\\\/svm-temp\\\/artiklar\\\/bra-betyg-for-svenska-skolan-i-fuengirola-i-skolinspektionsrapport\\\/#article\",\"isPartOf\":{\"@id\":\"https:\\\/\\\/lightweb.dev\\\/l\\\/svm-temp\\\/artiklar\\\/bra-betyg-for-svenska-skolan-i-fuengirola-i-skolinspektionsrapport\\\/\"},\"author\":{\"name\":\"Redaktionen SvM\",\"@id\":\"https:\\\/\\\/lightweb.dev\\\/l\\\/svm-temp\\\/#\\\/schema\\\/person\\\/206a3bda5b607b0c25e1749191e4d837\"},\"headline\":\"Bra betyg f\u00f6r svenska skolan i Fuengirola i skolinspektionsrapport\",\"datePublished\":\"2013-03-11T23:00:00+00:00\",\"mainEntityOfPage\":{\"@id\":\"https:\\\/\\\/lightweb.dev\\\/l\\\/svm-temp\\\/artiklar\\\/bra-betyg-for-svenska-skolan-i-fuengirola-i-skolinspektionsrapport\\\/\"},\"wordCount\":695,\"commentCount\":0,\"publisher\":{\"@id\":\"https:\\\/\\\/lightweb.dev\\\/l\\\/svm-temp\\\/#organization\"},\"image\":{\"@id\":\"https:\\\/\\\/lightweb.dev\\\/l\\\/svm-temp\\\/artiklar\\\/bra-betyg-for-svenska-skolan-i-fuengirola-i-skolinspektionsrapport\\\/#primaryimage\"},\"thumbnailUrl\":\"https:\\\/\\\/lightweb.dev\\\/l\\\/svm-temp\\\/wp-content\\\/uploads\\\/2022\\\/04\\\/bra-betyg-fr-svenska-skolan-i-fuengirola-i-skolinspektionsrapport.png\",\"articleSection\":[\"Arkiv\",\"Artiklar\"],\"inLanguage\":\"sv-SE\"},{\"@type\":\"WebPage\",\"@id\":\"https:\\\/\\\/lightweb.dev\\\/l\\\/svm-temp\\\/artiklar\\\/bra-betyg-for-svenska-skolan-i-fuengirola-i-skolinspektionsrapport\\\/\",\"url\":\"https:\\\/\\\/lightweb.dev\\\/l\\\/svm-temp\\\/artiklar\\\/bra-betyg-for-svenska-skolan-i-fuengirola-i-skolinspektionsrapport\\\/\",\"name\":\"Bra betyg f\u00f6r svenska skolan i Fuengirola i skolinspektionsrapport - Svenska Magasinet\",\"isPartOf\":{\"@id\":\"https:\\\/\\\/lightweb.dev\\\/l\\\/svm-temp\\\/#website\"},\"primaryImageOfPage\":{\"@id\":\"https:\\\/\\\/lightweb.dev\\\/l\\\/svm-temp\\\/artiklar\\\/bra-betyg-for-svenska-skolan-i-fuengirola-i-skolinspektionsrapport\\\/#primaryimage\"},\"image\":{\"@id\":\"https:\\\/\\\/lightweb.dev\\\/l\\\/svm-temp\\\/artiklar\\\/bra-betyg-for-svenska-skolan-i-fuengirola-i-skolinspektionsrapport\\\/#primaryimage\"},\"thumbnailUrl\":\"https:\\\/\\\/lightweb.dev\\\/l\\\/svm-temp\\\/wp-content\\\/uploads\\\/2022\\\/04\\\/bra-betyg-fr-svenska-skolan-i-fuengirola-i-skolinspektionsrapport.png\",\"datePublished\":\"2013-03-11T23:00:00+00:00\",\"breadcrumb\":{\"@id\":\"https:\\\/\\\/lightweb.dev\\\/l\\\/svm-temp\\\/artiklar\\\/bra-betyg-for-svenska-skolan-i-fuengirola-i-skolinspektionsrapport\\\/#breadcrumb\"},\"inLanguage\":\"sv-SE\",\"potentialAction\":[{\"@type\":\"ReadAction\",\"target\":[\"https:\\\/\\\/lightweb.dev\\\/l\\\/svm-temp\\\/artiklar\\\/bra-betyg-for-svenska-skolan-i-fuengirola-i-skolinspektionsrapport\\\/\"]}]},{\"@type\":\"ImageObject\",\"inLanguage\":\"sv-SE\",\"@id\":\"https:\\\/\\\/lightweb.dev\\\/l\\\/svm-temp\\\/artiklar\\\/bra-betyg-for-svenska-skolan-i-fuengirola-i-skolinspektionsrapport\\\/#primaryimage\",\"url\":\"https:\\\/\\\/lightweb.dev\\\/l\\\/svm-temp\\\/wp-content\\\/uploads\\\/2022\\\/04\\\/bra-betyg-fr-svenska-skolan-i-fuengirola-i-skolinspektionsrapport.png\",\"contentUrl\":\"https:\\\/\\\/lightweb.dev\\\/l\\\/svm-temp\\\/wp-content\\\/uploads\\\/2022\\\/04\\\/bra-betyg-fr-svenska-skolan-i-fuengirola-i-skolinspektionsrapport.png\",\"width\":280,\"height\":210},{\"@type\":\"BreadcrumbList\",\"@id\":\"https:\\\/\\\/lightweb.dev\\\/l\\\/svm-temp\\\/artiklar\\\/bra-betyg-for-svenska-skolan-i-fuengirola-i-skolinspektionsrapport\\\/#breadcrumb\",\"itemListElement\":[{\"@type\":\"ListItem\",\"position\":1,\"name\":\"Hem\",\"item\":\"https:\\\/\\\/lightweb.dev\\\/l\\\/svm-temp\\\/\"},{\"@type\":\"ListItem\",\"position\":2,\"name\":\"Bra betyg f\u00f6r svenska skolan i Fuengirola i skolinspektionsrapport\"}]},{\"@type\":\"WebSite\",\"@id\":\"https:\\\/\\\/lightweb.dev\\\/l\\\/svm-temp\\\/#website\",\"url\":\"https:\\\/\\\/lightweb.dev\\\/l\\\/svm-temp\\\/\",\"name\":\"Svenska Magasinet\",\"description\":\"Dina Spanska nyheter p&aring; Svenska\",\"publisher\":{\"@id\":\"https:\\\/\\\/lightweb.dev\\\/l\\\/svm-temp\\\/#organization\"},\"potentialAction\":[{\"@type\":\"SearchAction\",\"target\":{\"@type\":\"EntryPoint\",\"urlTemplate\":\"https:\\\/\\\/lightweb.dev\\\/l\\\/svm-temp\\\/?s={search_term_string}\"},\"query-input\":{\"@type\":\"PropertyValueSpecification\",\"valueRequired\":true,\"valueName\":\"search_term_string\"}}],\"inLanguage\":\"sv-SE\"},{\"@type\":\"Organization\",\"@id\":\"https:\\\/\\\/lightweb.dev\\\/l\\\/svm-temp\\\/#organization\",\"name\":\"Melkerson y Nott SL\",\"alternateName\":\"Svenska Magasinet\",\"url\":\"https:\\\/\\\/lightweb.dev\\\/l\\\/svm-temp\\\/\",\"logo\":{\"@type\":\"ImageObject\",\"inLanguage\":\"sv-SE\",\"@id\":\"https:\\\/\\\/lightweb.dev\\\/l\\\/svm-temp\\\/#\\\/schema\\\/logo\\\/image\\\/\",\"url\":\"https:\\\/\\\/lightweb.dev\\\/l\\\/svm-temp\\\/wp-content\\\/uploads\\\/2025\\\/02\\\/SvM-logo-Xtra-Centrerad-SVART.png\",\"contentUrl\":\"https:\\\/\\\/lightweb.dev\\\/l\\\/svm-temp\\\/wp-content\\\/uploads\\\/2025\\\/02\\\/SvM-logo-Xtra-Centrerad-SVART.png\",\"width\":300,\"height\":99,\"caption\":\"Melkerson y Nott SL\"},\"image\":{\"@id\":\"https:\\\/\\\/lightweb.dev\\\/l\\\/svm-temp\\\/#\\\/schema\\\/logo\\\/image\\\/\"},\"sameAs\":[\"https:\\\/\\\/www.facebook.com\\\/svenskamagasinet\",\"https:\\\/\\\/x.com\\\/SvenskaMagasine\"]},{\"@type\":\"Person\",\"@id\":\"https:\\\/\\\/lightweb.dev\\\/l\\\/svm-temp\\\/#\\\/schema\\\/person\\\/206a3bda5b607b0c25e1749191e4d837\",\"name\":\"Redaktionen SvM\",\"description\":\"Redaktionen\",\"sameAs\":[\"https:\\\/\\\/lightweb.dev\\\/l\\\/svm-temp\"],\"url\":\"https:\\\/\\\/lightweb.dev\\\/l\\\/svm-temp\\\/reporter\\\/redaktionen\\\/\"}]}<\/script>\n<!-- \/ Yoast SEO Premium plugin. -->","yoast_head_json":{"title":"Bra betyg f\u00f6r svenska skolan i Fuengirola i skolinspektionsrapport - Svenska Magasinet","robots":{"index":"noindex","follow":"follow","max-snippet":"max-snippet:-1","max-image-preview":"max-image-preview:large","max-video-preview":"max-video-preview:-1"},"og_locale":"sv_SE","og_type":"article","og_title":"Bra betyg f\u00f6r svenska skolan i Fuengirola i skolinspektionsrapport","og_description":"Svenska skolan i Fuengirola f\u00e5r ett bra resultat i den rapporten som Skolinspektionen sammanst\u00e4llt efter sitt bes\u00f6k i december. Verksamheten i de flesta avseenden motsvarar de krav som st\u00e4lls i f\u00f6rfattningarna, skriver inspekt\u00f6rerna i sin rapport. Av Ola Josefsson Per Jonsson, rektor vid svenska skolan gl\u00e4ds \u00f6ver rapporten. &#8211; Det \u00e4r en trevlig rapport som [&hellip;]","og_url":"https:\/\/lightweb.dev\/l\/svm-temp\/artiklar\/bra-betyg-for-svenska-skolan-i-fuengirola-i-skolinspektionsrapport\/","og_site_name":"Svenska Magasinet","article_publisher":"https:\/\/www.facebook.com\/svenskamagasinet","article_published_time":"2013-03-11T23:00:00+00:00","og_image":[{"width":280,"height":210,"url":"https:\/\/lightweb.dev\/l\/svm-temp\/wp-content\/uploads\/2022\/04\/bra-betyg-fr-svenska-skolan-i-fuengirola-i-skolinspektionsrapport.png","type":"image\/png"}],"author":"Redaktionen SvM","twitter_card":"summary_large_image","twitter_creator":"@SvenskaMagasine","twitter_site":"@SvenskaMagasine","schema":{"@context":"https:\/\/schema.org","@graph":[{"@type":"Article","@id":"https:\/\/lightweb.dev\/l\/svm-temp\/artiklar\/bra-betyg-for-svenska-skolan-i-fuengirola-i-skolinspektionsrapport\/#article","isPartOf":{"@id":"https:\/\/lightweb.dev\/l\/svm-temp\/artiklar\/bra-betyg-for-svenska-skolan-i-fuengirola-i-skolinspektionsrapport\/"},"author":{"name":"Redaktionen SvM","@id":"https:\/\/lightweb.dev\/l\/svm-temp\/#\/schema\/person\/206a3bda5b607b0c25e1749191e4d837"},"headline":"Bra betyg f\u00f6r svenska skolan i Fuengirola i skolinspektionsrapport","datePublished":"2013-03-11T23:00:00+00:00","mainEntityOfPage":{"@id":"https:\/\/lightweb.dev\/l\/svm-temp\/artiklar\/bra-betyg-for-svenska-skolan-i-fuengirola-i-skolinspektionsrapport\/"},"wordCount":695,"commentCount":0,"publisher":{"@id":"https:\/\/lightweb.dev\/l\/svm-temp\/#organization"},"image":{"@id":"https:\/\/lightweb.dev\/l\/svm-temp\/artiklar\/bra-betyg-for-svenska-skolan-i-fuengirola-i-skolinspektionsrapport\/#primaryimage"},"thumbnailUrl":"https:\/\/lightweb.dev\/l\/svm-temp\/wp-content\/uploads\/2022\/04\/bra-betyg-fr-svenska-skolan-i-fuengirola-i-skolinspektionsrapport.png","articleSection":["Arkiv","Artiklar"],"inLanguage":"sv-SE"},{"@type":"WebPage","@id":"https:\/\/lightweb.dev\/l\/svm-temp\/artiklar\/bra-betyg-for-svenska-skolan-i-fuengirola-i-skolinspektionsrapport\/","url":"https:\/\/lightweb.dev\/l\/svm-temp\/artiklar\/bra-betyg-for-svenska-skolan-i-fuengirola-i-skolinspektionsrapport\/","name":"Bra betyg f\u00f6r svenska skolan i Fuengirola i skolinspektionsrapport - Svenska Magasinet","isPartOf":{"@id":"https:\/\/lightweb.dev\/l\/svm-temp\/#website"},"primaryImageOfPage":{"@id":"https:\/\/lightweb.dev\/l\/svm-temp\/artiklar\/bra-betyg-for-svenska-skolan-i-fuengirola-i-skolinspektionsrapport\/#primaryimage"},"image":{"@id":"https:\/\/lightweb.dev\/l\/svm-temp\/artiklar\/bra-betyg-for-svenska-skolan-i-fuengirola-i-skolinspektionsrapport\/#primaryimage"},"thumbnailUrl":"https:\/\/lightweb.dev\/l\/svm-temp\/wp-content\/uploads\/2022\/04\/bra-betyg-fr-svenska-skolan-i-fuengirola-i-skolinspektionsrapport.png","datePublished":"2013-03-11T23:00:00+00:00","breadcrumb":{"@id":"https:\/\/lightweb.dev\/l\/svm-temp\/artiklar\/bra-betyg-for-svenska-skolan-i-fuengirola-i-skolinspektionsrapport\/#breadcrumb"},"inLanguage":"sv-SE","potentialAction":[{"@type":"ReadAction","target":["https:\/\/lightweb.dev\/l\/svm-temp\/artiklar\/bra-betyg-for-svenska-skolan-i-fuengirola-i-skolinspektionsrapport\/"]}]},{"@type":"ImageObject","inLanguage":"sv-SE","@id":"https:\/\/lightweb.dev\/l\/svm-temp\/artiklar\/bra-betyg-for-svenska-skolan-i-fuengirola-i-skolinspektionsrapport\/#primaryimage","url":"https:\/\/lightweb.dev\/l\/svm-temp\/wp-content\/uploads\/2022\/04\/bra-betyg-fr-svenska-skolan-i-fuengirola-i-skolinspektionsrapport.png","contentUrl":"https:\/\/lightweb.dev\/l\/svm-temp\/wp-content\/uploads\/2022\/04\/bra-betyg-fr-svenska-skolan-i-fuengirola-i-skolinspektionsrapport.png","width":280,"height":210},{"@type":"BreadcrumbList","@id":"https:\/\/lightweb.dev\/l\/svm-temp\/artiklar\/bra-betyg-for-svenska-skolan-i-fuengirola-i-skolinspektionsrapport\/#breadcrumb","itemListElement":[{"@type":"ListItem","position":1,"name":"Hem","item":"https:\/\/lightweb.dev\/l\/svm-temp\/"},{"@type":"ListItem","position":2,"name":"Bra betyg f\u00f6r svenska skolan i Fuengirola i skolinspektionsrapport"}]},{"@type":"WebSite","@id":"https:\/\/lightweb.dev\/l\/svm-temp\/#website","url":"https:\/\/lightweb.dev\/l\/svm-temp\/","name":"Svenska Magasinet","description":"Dina Spanska nyheter p&aring; Svenska","publisher":{"@id":"https:\/\/lightweb.dev\/l\/svm-temp\/#organization"},"potentialAction":[{"@type":"SearchAction","target":{"@type":"EntryPoint","urlTemplate":"https:\/\/lightweb.dev\/l\/svm-temp\/?s={search_term_string}"},"query-input":{"@type":"PropertyValueSpecification","valueRequired":true,"valueName":"search_term_string"}}],"inLanguage":"sv-SE"},{"@type":"Organization","@id":"https:\/\/lightweb.dev\/l\/svm-temp\/#organization","name":"Melkerson y Nott SL","alternateName":"Svenska Magasinet","url":"https:\/\/lightweb.dev\/l\/svm-temp\/","logo":{"@type":"ImageObject","inLanguage":"sv-SE","@id":"https:\/\/lightweb.dev\/l\/svm-temp\/#\/schema\/logo\/image\/","url":"https:\/\/lightweb.dev\/l\/svm-temp\/wp-content\/uploads\/2025\/02\/SvM-logo-Xtra-Centrerad-SVART.png","contentUrl":"https:\/\/lightweb.dev\/l\/svm-temp\/wp-content\/uploads\/2025\/02\/SvM-logo-Xtra-Centrerad-SVART.png","width":300,"height":99,"caption":"Melkerson y Nott SL"},"image":{"@id":"https:\/\/lightweb.dev\/l\/svm-temp\/#\/schema\/logo\/image\/"},"sameAs":["https:\/\/www.facebook.com\/svenskamagasinet","https:\/\/x.com\/SvenskaMagasine"]},{"@type":"Person","@id":"https:\/\/lightweb.dev\/l\/svm-temp\/#\/schema\/person\/206a3bda5b607b0c25e1749191e4d837","name":"Redaktionen SvM","description":"Redaktionen","sameAs":["https:\/\/lightweb.dev\/l\/svm-temp"],"url":"https:\/\/lightweb.dev\/l\/svm-temp\/reporter\/redaktionen\/"}]}},"_links":{"self":[{"href":"https:\/\/lightweb.dev\/l\/svm-temp\/wp-json\/wp\/v2\/posts\/4350","targetHints":{"allow":["GET"]}}],"collection":[{"href":"https:\/\/lightweb.dev\/l\/svm-temp\/wp-json\/wp\/v2\/posts"}],"about":[{"href":"https:\/\/lightweb.dev\/l\/svm-temp\/wp-json\/wp\/v2\/types\/post"}],"author":[{"embeddable":true,"href":"https:\/\/lightweb.dev\/l\/svm-temp\/wp-json\/wp\/v2\/users\/8"}],"replies":[{"embeddable":true,"href":"https:\/\/lightweb.dev\/l\/svm-temp\/wp-json\/wp\/v2\/comments?post=4350"}],"version-history":[{"count":0,"href":"https:\/\/lightweb.dev\/l\/svm-temp\/wp-json\/wp\/v2\/posts\/4350\/revisions"}],"wp:featuredmedia":[{"embeddable":true,"href":"https:\/\/lightweb.dev\/l\/svm-temp\/wp-json\/wp\/v2\/media\/4351"}],"wp:attachment":[{"href":"https:\/\/lightweb.dev\/l\/svm-temp\/wp-json\/wp\/v2\/media?parent=4350"}],"wp:term":[{"taxonomy":"category","embeddable":true,"href":"https:\/\/lightweb.dev\/l\/svm-temp\/wp-json\/wp\/v2\/categories?post=4350"},{"taxonomy":"post_tag","embeddable":true,"href":"https:\/\/lightweb.dev\/l\/svm-temp\/wp-json\/wp\/v2\/tags?post=4350"}],"curies":[{"name":"wp","href":"https:\/\/api.w.org\/{rel}","templated":true}]}}