{"id":4352,"date":"2013-03-12T00:00:00","date_gmt":"2013-03-11T23:00:00","guid":{"rendered":"https:\/\/lightweb.dev\/l\/svm-temp\/halla-dar-birgitta-bergin\/"},"modified":"2013-03-12T00:00:00","modified_gmt":"2013-03-11T23:00:00","slug":"halla-dar-birgitta-bergin","status":"publish","type":"post","link":"https:\/\/lightweb.dev\/l\/svm-temp\/artiklar\/halla-dar-birgitta-bergin\/","title":{"rendered":"Hall\u00e5 d\u00e4r &#8211; Birgitta Bergin!"},"content":{"rendered":"<p> Grattis till andra boksl\u00e4ppet, \u00a8F\u00e5ngad i Marbella\u00a8. Ber\u00e4tta lite om dig sj\u00e4lv och om ditt skrivande? Av Katarina Lindevall<br \/>\n&#8211; Mitt liv har alltid varit ett tempo, ett snabbt tempo. G\u00e5r saker f\u00f6r l\u00e5ngsamt blir jag ot\u00e5lig.<br \/>\nMin f\u00f6rsta bok heter \u201dTre veckor\u201d och \u00e4r ett enda stort tempo. Jag beskriver en relation som tv\u00e4rt avslutas tre veckor innan jul och d\u00e4refter f\u00f6ljer tre oerh\u00f6rt intensiva veckor \u2013 i ett tempo som ska k\u00e4nnas som n\u00e4stintill o\u00f6verstigligt.<\/p>\n<p>-Jag \u00e4r lite av samma person som Ulli som \u00e4r huvudperson i boken. Det h\u00e4nder saker omkring mig och jag \u00e4r s\u00e4llan still. Nyfiken, impulsiv, \u00e4lskar m\u00e4nniskor och social ut i fingerspetsarna. Har i hela mitt liv arbetat med PR, marknadsf\u00f6ring, TV-produktion, reklamfilm\u2026 tills nu d\u00e5 jag satsar fullt ut p\u00e5 att skriva. Har bott utomlands varvat med Sverige sedan 1997, har familj, m\u00e5nga v\u00e4nner, tr\u00e4nar mycket, \u00e4lskar god mat och vin, reser, bygger om husen och \u00e4r st\u00e4ndigt ute och letar nya utmaningar. Spanien och Marbella kom jag till f\u00f6r tv\u00e5 \u00e5r sedan. N\u00e5got vi aldrig \u00e5ngrat. H\u00e4r finns allt: v\u00e4rme, sk\u00f6nhet, kultur, vatten, berg och h\u00e4rliga m\u00e4nniskor.<\/p>\n<p>Arbetar du p\u00e5 en uppf\u00f6ljare?<br \/>\n&#8211; Min uppf\u00f6ljare p\u00e5 Tre Veckor sl\u00e4pps nu om en m\u00e5nad, den heter F\u00e5ngad i Marbella. Det \u00e4r en frist\u00e5ende uppf\u00f6ljning om Ulli och hennes galna liv. Hon och hennes b\u00e4sta v\u00e4ninna Ingela \u00e5ker p\u00e5 semester till Marbella f\u00f6r att ta en timeout i deras n\u00e5got trassliga privatliv. Men det blir inte alls som de har t\u00e4nkt sig. De b\u00e5da dras in, frivilligt och ofrivilligt, i en rad h\u00e4ndelser som de snabbt tappar kontrollen \u00f6ver. Lyx, \u00f6verfl\u00f6d, droger och sexhandel. Relationer, k\u00e4rlek, otrohet, passion&#8230;  Jag l\u00e5ter l\u00e4saren f\u00f6lja dem, sida upp och sida ner, i deras galna liv och i ett crecendo som \u00f6vertr\u00e4ffar det mesta. Jag vill att man ska skratta och \u00e4ven gr\u00e5ta lite, relationer kan sl\u00e4ppa fram b\u00e5da dessa sidor. Ber\u00f6rd. Det \u00e4r viktigt i mina b\u00f6cker.<\/p>\n<p>Uppf\u00f6ljare efter F\u00e5ngad i Marbella?<br \/>\n&#8211; Sj\u00e4lvklart. Finns redan i datorn&#8230;<\/p>\n<p>Om man har planer p\u00e5 att skriva en bok sj\u00e4lv, hur g\u00e5r man till v\u00e4ga f\u00f6r att f\u00e5 den publicerad? Och hur stora chanser har man egentligen att f\u00e5 den sl\u00e4ppt?<br \/>\n&#8211; Oj. Det finns ingen mall f\u00f6r att f\u00e5 en bok att bli publicerad. Om du inte \u00e4r en &#8221;k\u00e4ndis&#8221; redan, s\u00e5 g\u00e4ller det att ha en stor portion tro p\u00e5 dig sj\u00e4lv, att inte ge upp och att faktiskt ha ett bra manus. Samt lite tur&#8230; Chansen \u00e4r inte stor att f\u00e5 ett f\u00f6rlag att nappa, och om de g\u00f6r det, s\u00e5 ska man vara glad och stolt. Det \u00e4r jag. Glad och stolt, allts\u00e5. Jag gav inte upp n\u00e4r jag blev refuserad f\u00f6rsta g\u00e5ngen, jag redigerade och jobbade p\u00e5 och det gav ju resultat! S\u00e5 som sagt &#8211; ge aldrig upp!<\/p>\n<p>Var kan vi k\u00f6pa boken?<br \/>\n &#8211; I Svergie kan man k\u00f6pa genom alla bokhandlare och internetbokhandlare. Finns inte boken inne, s\u00e5 best\u00e4ller de den f\u00f6r dig. H\u00e4r i Marbella kan man k\u00f6pa den av mig p\u00e5 min &#8221;smygrelease&#8221; den 15 mars p\u00e5 Gourmert Deli &#038; Wine Shop mellan 18-20. Ett begr\u00e4nsat antal b\u00f6cker kommer att finnas p\u00e5 Nellies Deli i Nueva Andalucia ocks\u00e5!<\/p>\n<p>Och h\u00e4r ett l\u00e4sutdrag fr\u00e5n boken:<br \/>\nJag ser honom i just det \u00f6gonblicket. Just d\u00e5. Jag stelnar till. Han sitter vid ett annat bord inte s\u00e5 l\u00e5ngt fr\u00e5n Bj\u00f6rn och mig. Han sitter ensam. Han har en tidning som han l\u00e4ser i. Eller l\u00e5tsas l\u00e4sa i. Min blick naglas fast p\u00e5 honom. Bj\u00f6rn ser det.<\/p>\n<p>\u2013 Vad \u00e4r det?<br \/>\nJag vill inte s\u00e4ga n\u00e5got.<br \/>\n\u2013 Inget.<br \/>\nHan tror mig inte. Det ser jag p\u00e5 honom.<br \/>\nDet h\u00e4r kan inte vara slumpen l\u00e4ngre. Hur m\u00e5nga g\u00e5nger har han varit p\u00e5 samma st\u00e4llen som jag? F\u00f6rf\u00f6ljer han mig? Rustan. Var det hans namn? Gift med Annika. Vad vill han?<br \/>\n\u2013 Bj\u00f6rn, urs\u00e4kta mig, jag ser en bekant som jag vill h\u00e4lsa p\u00e5.<br \/>\nPl\u00f6tsligt inser jag att Bj\u00f6rn kanske k\u00e4nner Rustan om han nu \u00e4r gift med Annika. Jag l\u00e4r m\u00e4rka det\u2026<br \/>\nJag reser mig sakta upp. Bj\u00f6rn ser lite f\u00f6rv\u00e5nad ut. Vem k\u00e4nner jag h\u00e4r i Estepona? Han v\u00e4nder sig om. Jag f\u00f6ljer hans blick och f\u00f6rs\u00f6ker att utr\u00f6na om han k\u00e4nner igen mannen d\u00e4r borta. Men jag ser inget s\u00e5dant igenk\u00e4nnande hos Bj\u00f6rn. Han ser bara fr\u00e5gande ut.<br \/>\nJag g\u00e5r fram. St\u00e4ller mig vid hans bord. Han tittar upp. Ser mig in i \u00f6gonen. Neutral.<br \/>\n\u2013 Vad vill du mig?<br \/>\n\u2013 Va?<br \/>\n\u2013 Du f\u00f6rf\u00f6ljer mig. \u00c4nda sedan S\u00e4ve flygplats. Vad vill du mig?<br \/>\nHan ser helt of\u00f6rst\u00e5ende ut.<br \/>\n\u2013 Jag \u00e4r ledsen, men jag f\u00f6rst\u00e5r inte vad du pratar om.<br \/>\n\u2013 Jas\u00e5? Du f\u00f6rst\u00e5r inte vad jag pratar om. \u00c4r du helt dum i huvudet, eller? Eller tror du att det \u00e4r jag som \u00e4r korkad?<br \/>\nBj\u00f6rn st\u00e5r pl\u00f6tsligt bredvid mig. Han tar mig i armen.<br \/>\n\u2013 Kom nu!<br \/>\nS\u00e5 v\u00e4nder han sig om till mannen.<br \/>\n\u2013 Sorry. Det var inte meningen att st\u00f6ra.<br \/>\nJag tror jag dr\u00f6mmer. Idiot! Vem tror han att han \u00e4r? Jag vrider mig ur Bj\u00f6rns grepp. Fr\u00e4ser som en vildkatt.<br \/>\n\u2013 St\u00f6ra! Den som st\u00f6r, det \u00e4r han d\u00e4r.<br \/>\nJag pekar ilsket.<br \/>\n\u2013 Visst \u00e4r du Rustan? Va?<br \/>\nHan ser uppriktigt f\u00f6rv\u00e5nad ut.<br \/>\n\u2013 Nej, jag heter inte Rustan. Om du urs\u00e4ktar s\u00e5 vill jag g\u00e4rna forts\u00e4tta min kv\u00e4ll i all enkelhet och avsluta min goda middag. Olle \u00e4r mitt namn, f\u00f6rresten.<br \/>\n\u2013 Jaha! Och du f\u00f6rnekar att du \u00e4r gift med Annika?<br \/>\nJag skriker s\u00e5 saliven sprutar.<br \/>\n\u2013 Ja, det f\u00f6rnekar jag.<br \/>\n\u2013 Sn\u00e4lla Ulli, kom nu!<br \/>\nBj\u00f6rn ser riktigt olycklig ut. Men just nu s\u00e5 skiter jag i det.<br \/>\n\u2013 H\u00e5ll dig undan fr\u00e5n mig i forts\u00e4ttningen, Rustan eller Olle eller vem fan du nu \u00e4r. H\u00f6r du det? Jag \u00e4r tr\u00f6tt p\u00e5 att ha dig svansande runt omkring mig!<br \/>\nPl\u00f6tsligt ser jag att Bj\u00f6rn flinar till.<br \/>\n\u2013 H\u00e4nder det alltid s\u00e5 h\u00e4r mycket saker omkring dig?<br \/>\n\u2013 Va?<br \/>\n\u2013 Du \u00e4r r\u00e4tt dramatisk\u2026 Fast kul.<br \/>\nRustan eller Olle s\u00e4ger inget. Bj\u00f6rn f\u00f6rs\u00f6ker att f\u00e5 med mig till v\u00e5rt bord.<br \/>\n\u2013 G\u00e5 du! Jag kommer.<br \/>\nHan g\u00e5r och s\u00e4tter sig. D\u00e5 tittar Rustan\/Olle p\u00e5 mig med intensiva \u00f6gon. Han viskar och han r\u00f6r knappt munnen.<br \/>\n\u2013 Passa dig. Du \u00e4r i fel s\u00e4llskap.<br \/>\nJag ryggar tillbaka som om n\u00e5gon br\u00e4nde mig med eld.<br \/>\nVad menar han?<br \/>\n\u2013 P\u00e5 allvar. Se till att inte r\u00e5ka illa ut.<br \/>\n\u2013 Vad\u2026 menar du?<br \/>\nJag blir pl\u00f6tsligt os\u00e4ker.<br \/>\n\u2013 H\u00e4r!<br \/>\nHan r\u00e4cker mig ett visitkort. Om\u00e4rkligt. Jag tar det och l\u00e5ter det slinka ner i min ficka. \u00c4r p\u00e5 min vakt. Finns det bara d\u00e5rar i Marbella, hinner jag t\u00e4nka.<br \/>\n\u2013 G\u00e5 nu. Vi kanske m\u00f6ts igen.<br \/>\nJag backar. Hur kommer det sig att jag n\u00e5gonstans tror p\u00e5 honom?<br \/>\nVem \u00e4r han?<br \/>\nJag l\u00e4mnar bordet och g\u00e5r f\u00f6rsiktigt till Bj\u00f6rn. Han studerar menyn.<br \/>\n\u2013 \u00c4r du klar?<br \/>\n\u2013 Klar med vad?<br \/>\n\u2013 Med att skapa scener! J\u00f6sses, Ulli, det h\u00e4nder saker. \u00c4r du f\u00f6dd paranoid?<br \/>\nJag s\u00e4tter mig ner. Tar en klunk p\u00e5 drinken. Kan nog bli beroende k\u00e4nns det som.<br \/>\n\u2013 F\u00f6rl\u00e5t.<br \/>\n\u2013 Visst.<br \/>\nBj\u00f6rn rycker p\u00e5 axlarna.<br \/>\nJag k\u00e4nner f\u00f6rsiktigt i min ficka p\u00e5 visitkortet jag fick. Pillar om\u00e4rkligt fram det. Olle Lindstr\u00f6m. Inget mer. Inte Rustan. Bara ett telefonnummer. Ett svenskt mobilnummer. Jag stoppar tillbaka det snabbt. Sneglar bort mot Olle och funderar p\u00e5 vad han menade.<br \/>\nR\u00e5ka illa ut?<br \/>\nM\u00f6ts igen?<br \/>\nHur ska jag kunna ha en vettig middag med Bj\u00f6rn nu?<\/p>\n","protected":false},"excerpt":{"rendered":"<p>Grattis till andra boksl\u00e4ppet, \u00a8F\u00e5ngad i Marbella\u00a8. Ber\u00e4tta lite om dig sj\u00e4lv och om ditt skrivande? Av Katarina Lindevall &#8211; Mitt liv har alltid varit ett tempo, ett snabbt tempo. G\u00e5r saker f\u00f6r l\u00e5ngsamt blir jag ot\u00e5lig. Min f\u00f6rsta bok heter \u201dTre veckor\u201d och \u00e4r ett enda stort tempo. Jag beskriver en relation som tv\u00e4rt [&hellip;]<\/p>\n","protected":false},"author":8,"featured_media":4353,"comment_status":"open","ping_status":"open","sticky":false,"template":"","format":"standard","meta":{"_et_pb_use_builder":"","_et_pb_old_content":"","_et_gb_content_width":"","footnotes":""},"categories":[4,45],"tags":[],"class_list":["post-4352","post","type-post","status-publish","format-standard","has-post-thumbnail","hentry","category-artiklar","category-kultur"],"yoast_head":"<!-- This site is optimized with the Yoast SEO Premium plugin v26.2 (Yoast SEO v27.5) - https:\/\/yoast.com\/product\/yoast-seo-premium-wordpress\/ -->\n<title>Hall\u00e5 d\u00e4r - Birgitta Bergin! - Svenska Magasinet<\/title>\n<meta name=\"robots\" content=\"noindex, follow, max-snippet:-1, max-image-preview:large, max-video-preview:-1\" \/>\n<meta property=\"og:locale\" content=\"sv_SE\" \/>\n<meta property=\"og:type\" content=\"article\" \/>\n<meta property=\"og:title\" content=\"Hall\u00e5 d\u00e4r - Birgitta Bergin!\" \/>\n<meta property=\"og:description\" content=\"Grattis till andra boksl\u00e4ppet, \u00a8F\u00e5ngad i Marbella\u00a8. Ber\u00e4tta lite om dig sj\u00e4lv och om ditt skrivande? Av Katarina Lindevall &#8211; Mitt liv har alltid varit ett tempo, ett snabbt tempo. G\u00e5r saker f\u00f6r l\u00e5ngsamt blir jag ot\u00e5lig. Min f\u00f6rsta bok heter \u201dTre veckor\u201d och \u00e4r ett enda stort tempo. Jag beskriver en relation som tv\u00e4rt [&hellip;]\" \/>\n<meta property=\"og:url\" content=\"https:\/\/lightweb.dev\/l\/svm-temp\/artiklar\/halla-dar-birgitta-bergin\/\" \/>\n<meta property=\"og:site_name\" content=\"Svenska Magasinet\" \/>\n<meta property=\"article:publisher\" content=\"https:\/\/www.facebook.com\/svenskamagasinet\" \/>\n<meta property=\"article:published_time\" content=\"2013-03-11T23:00:00+00:00\" \/>\n<meta property=\"og:image\" content=\"https:\/\/lightweb.dev\/l\/svm-temp\/wp-content\/uploads\/2022\/04\/hall-dr-birgitta-bergin.png\" \/>\n\t<meta property=\"og:image:width\" content=\"280\" \/>\n\t<meta property=\"og:image:height\" content=\"529\" \/>\n\t<meta property=\"og:image:type\" content=\"image\/png\" \/>\n<meta name=\"author\" content=\"Redaktionen SvM\" \/>\n<meta name=\"twitter:card\" content=\"summary_large_image\" \/>\n<meta name=\"twitter:creator\" content=\"@SvenskaMagasine\" \/>\n<meta name=\"twitter:site\" content=\"@SvenskaMagasine\" \/>\n<script type=\"application\/ld+json\" class=\"yoast-schema-graph\">{\"@context\":\"https:\\\/\\\/schema.org\",\"@graph\":[{\"@type\":\"Article\",\"@id\":\"https:\\\/\\\/lightweb.dev\\\/l\\\/svm-temp\\\/artiklar\\\/halla-dar-birgitta-bergin\\\/#article\",\"isPartOf\":{\"@id\":\"https:\\\/\\\/lightweb.dev\\\/l\\\/svm-temp\\\/artiklar\\\/halla-dar-birgitta-bergin\\\/\"},\"author\":{\"name\":\"Redaktionen SvM\",\"@id\":\"https:\\\/\\\/lightweb.dev\\\/l\\\/svm-temp\\\/#\\\/schema\\\/person\\\/206a3bda5b607b0c25e1749191e4d837\"},\"headline\":\"Hall\u00e5 d\u00e4r &#8211; Birgitta Bergin!\",\"datePublished\":\"2013-03-11T23:00:00+00:00\",\"mainEntityOfPage\":{\"@id\":\"https:\\\/\\\/lightweb.dev\\\/l\\\/svm-temp\\\/artiklar\\\/halla-dar-birgitta-bergin\\\/\"},\"wordCount\":1418,\"commentCount\":0,\"publisher\":{\"@id\":\"https:\\\/\\\/lightweb.dev\\\/l\\\/svm-temp\\\/#organization\"},\"image\":{\"@id\":\"https:\\\/\\\/lightweb.dev\\\/l\\\/svm-temp\\\/artiklar\\\/halla-dar-birgitta-bergin\\\/#primaryimage\"},\"thumbnailUrl\":\"https:\\\/\\\/lightweb.dev\\\/l\\\/svm-temp\\\/wp-content\\\/uploads\\\/2022\\\/04\\\/hall-dr-birgitta-bergin.png\",\"articleSection\":[\"Artiklar\",\"Kultur &amp; historia\"],\"inLanguage\":\"sv-SE\"},{\"@type\":\"WebPage\",\"@id\":\"https:\\\/\\\/lightweb.dev\\\/l\\\/svm-temp\\\/artiklar\\\/halla-dar-birgitta-bergin\\\/\",\"url\":\"https:\\\/\\\/lightweb.dev\\\/l\\\/svm-temp\\\/artiklar\\\/halla-dar-birgitta-bergin\\\/\",\"name\":\"Hall\u00e5 d\u00e4r - Birgitta Bergin! - Svenska Magasinet\",\"isPartOf\":{\"@id\":\"https:\\\/\\\/lightweb.dev\\\/l\\\/svm-temp\\\/#website\"},\"primaryImageOfPage\":{\"@id\":\"https:\\\/\\\/lightweb.dev\\\/l\\\/svm-temp\\\/artiklar\\\/halla-dar-birgitta-bergin\\\/#primaryimage\"},\"image\":{\"@id\":\"https:\\\/\\\/lightweb.dev\\\/l\\\/svm-temp\\\/artiklar\\\/halla-dar-birgitta-bergin\\\/#primaryimage\"},\"thumbnailUrl\":\"https:\\\/\\\/lightweb.dev\\\/l\\\/svm-temp\\\/wp-content\\\/uploads\\\/2022\\\/04\\\/hall-dr-birgitta-bergin.png\",\"datePublished\":\"2013-03-11T23:00:00+00:00\",\"breadcrumb\":{\"@id\":\"https:\\\/\\\/lightweb.dev\\\/l\\\/svm-temp\\\/artiklar\\\/halla-dar-birgitta-bergin\\\/#breadcrumb\"},\"inLanguage\":\"sv-SE\",\"potentialAction\":[{\"@type\":\"ReadAction\",\"target\":[\"https:\\\/\\\/lightweb.dev\\\/l\\\/svm-temp\\\/artiklar\\\/halla-dar-birgitta-bergin\\\/\"]}]},{\"@type\":\"ImageObject\",\"inLanguage\":\"sv-SE\",\"@id\":\"https:\\\/\\\/lightweb.dev\\\/l\\\/svm-temp\\\/artiklar\\\/halla-dar-birgitta-bergin\\\/#primaryimage\",\"url\":\"https:\\\/\\\/lightweb.dev\\\/l\\\/svm-temp\\\/wp-content\\\/uploads\\\/2022\\\/04\\\/hall-dr-birgitta-bergin.png\",\"contentUrl\":\"https:\\\/\\\/lightweb.dev\\\/l\\\/svm-temp\\\/wp-content\\\/uploads\\\/2022\\\/04\\\/hall-dr-birgitta-bergin.png\",\"width\":280,\"height\":529},{\"@type\":\"BreadcrumbList\",\"@id\":\"https:\\\/\\\/lightweb.dev\\\/l\\\/svm-temp\\\/artiklar\\\/halla-dar-birgitta-bergin\\\/#breadcrumb\",\"itemListElement\":[{\"@type\":\"ListItem\",\"position\":1,\"name\":\"Hem\",\"item\":\"https:\\\/\\\/lightweb.dev\\\/l\\\/svm-temp\\\/\"},{\"@type\":\"ListItem\",\"position\":2,\"name\":\"Hall\u00e5 d\u00e4r &#8211; Birgitta Bergin!\"}]},{\"@type\":\"WebSite\",\"@id\":\"https:\\\/\\\/lightweb.dev\\\/l\\\/svm-temp\\\/#website\",\"url\":\"https:\\\/\\\/lightweb.dev\\\/l\\\/svm-temp\\\/\",\"name\":\"Svenska Magasinet\",\"description\":\"Dina Spanska nyheter p&aring; Svenska\",\"publisher\":{\"@id\":\"https:\\\/\\\/lightweb.dev\\\/l\\\/svm-temp\\\/#organization\"},\"potentialAction\":[{\"@type\":\"SearchAction\",\"target\":{\"@type\":\"EntryPoint\",\"urlTemplate\":\"https:\\\/\\\/lightweb.dev\\\/l\\\/svm-temp\\\/?s={search_term_string}\"},\"query-input\":{\"@type\":\"PropertyValueSpecification\",\"valueRequired\":true,\"valueName\":\"search_term_string\"}}],\"inLanguage\":\"sv-SE\"},{\"@type\":\"Organization\",\"@id\":\"https:\\\/\\\/lightweb.dev\\\/l\\\/svm-temp\\\/#organization\",\"name\":\"Melkerson y Nott SL\",\"alternateName\":\"Svenska Magasinet\",\"url\":\"https:\\\/\\\/lightweb.dev\\\/l\\\/svm-temp\\\/\",\"logo\":{\"@type\":\"ImageObject\",\"inLanguage\":\"sv-SE\",\"@id\":\"https:\\\/\\\/lightweb.dev\\\/l\\\/svm-temp\\\/#\\\/schema\\\/logo\\\/image\\\/\",\"url\":\"https:\\\/\\\/lightweb.dev\\\/l\\\/svm-temp\\\/wp-content\\\/uploads\\\/2025\\\/02\\\/SvM-logo-Xtra-Centrerad-SVART.png\",\"contentUrl\":\"https:\\\/\\\/lightweb.dev\\\/l\\\/svm-temp\\\/wp-content\\\/uploads\\\/2025\\\/02\\\/SvM-logo-Xtra-Centrerad-SVART.png\",\"width\":300,\"height\":99,\"caption\":\"Melkerson y Nott SL\"},\"image\":{\"@id\":\"https:\\\/\\\/lightweb.dev\\\/l\\\/svm-temp\\\/#\\\/schema\\\/logo\\\/image\\\/\"},\"sameAs\":[\"https:\\\/\\\/www.facebook.com\\\/svenskamagasinet\",\"https:\\\/\\\/x.com\\\/SvenskaMagasine\"]},{\"@type\":\"Person\",\"@id\":\"https:\\\/\\\/lightweb.dev\\\/l\\\/svm-temp\\\/#\\\/schema\\\/person\\\/206a3bda5b607b0c25e1749191e4d837\",\"name\":\"Redaktionen SvM\",\"description\":\"Redaktionen\",\"sameAs\":[\"https:\\\/\\\/lightweb.dev\\\/l\\\/svm-temp\"],\"url\":\"https:\\\/\\\/lightweb.dev\\\/l\\\/svm-temp\\\/reporter\\\/redaktionen\\\/\"}]}<\/script>\n<!-- \/ Yoast SEO Premium plugin. -->","yoast_head_json":{"title":"Hall\u00e5 d\u00e4r - Birgitta Bergin! - Svenska Magasinet","robots":{"index":"noindex","follow":"follow","max-snippet":"max-snippet:-1","max-image-preview":"max-image-preview:large","max-video-preview":"max-video-preview:-1"},"og_locale":"sv_SE","og_type":"article","og_title":"Hall\u00e5 d\u00e4r - Birgitta Bergin!","og_description":"Grattis till andra boksl\u00e4ppet, \u00a8F\u00e5ngad i Marbella\u00a8. Ber\u00e4tta lite om dig sj\u00e4lv och om ditt skrivande? Av Katarina Lindevall &#8211; Mitt liv har alltid varit ett tempo, ett snabbt tempo. G\u00e5r saker f\u00f6r l\u00e5ngsamt blir jag ot\u00e5lig. Min f\u00f6rsta bok heter \u201dTre veckor\u201d och \u00e4r ett enda stort tempo. Jag beskriver en relation som tv\u00e4rt [&hellip;]","og_url":"https:\/\/lightweb.dev\/l\/svm-temp\/artiklar\/halla-dar-birgitta-bergin\/","og_site_name":"Svenska Magasinet","article_publisher":"https:\/\/www.facebook.com\/svenskamagasinet","article_published_time":"2013-03-11T23:00:00+00:00","og_image":[{"width":280,"height":529,"url":"https:\/\/lightweb.dev\/l\/svm-temp\/wp-content\/uploads\/2022\/04\/hall-dr-birgitta-bergin.png","type":"image\/png"}],"author":"Redaktionen SvM","twitter_card":"summary_large_image","twitter_creator":"@SvenskaMagasine","twitter_site":"@SvenskaMagasine","schema":{"@context":"https:\/\/schema.org","@graph":[{"@type":"Article","@id":"https:\/\/lightweb.dev\/l\/svm-temp\/artiklar\/halla-dar-birgitta-bergin\/#article","isPartOf":{"@id":"https:\/\/lightweb.dev\/l\/svm-temp\/artiklar\/halla-dar-birgitta-bergin\/"},"author":{"name":"Redaktionen SvM","@id":"https:\/\/lightweb.dev\/l\/svm-temp\/#\/schema\/person\/206a3bda5b607b0c25e1749191e4d837"},"headline":"Hall\u00e5 d\u00e4r &#8211; Birgitta Bergin!","datePublished":"2013-03-11T23:00:00+00:00","mainEntityOfPage":{"@id":"https:\/\/lightweb.dev\/l\/svm-temp\/artiklar\/halla-dar-birgitta-bergin\/"},"wordCount":1418,"commentCount":0,"publisher":{"@id":"https:\/\/lightweb.dev\/l\/svm-temp\/#organization"},"image":{"@id":"https:\/\/lightweb.dev\/l\/svm-temp\/artiklar\/halla-dar-birgitta-bergin\/#primaryimage"},"thumbnailUrl":"https:\/\/lightweb.dev\/l\/svm-temp\/wp-content\/uploads\/2022\/04\/hall-dr-birgitta-bergin.png","articleSection":["Artiklar","Kultur &amp; historia"],"inLanguage":"sv-SE"},{"@type":"WebPage","@id":"https:\/\/lightweb.dev\/l\/svm-temp\/artiklar\/halla-dar-birgitta-bergin\/","url":"https:\/\/lightweb.dev\/l\/svm-temp\/artiklar\/halla-dar-birgitta-bergin\/","name":"Hall\u00e5 d\u00e4r - Birgitta Bergin! - Svenska Magasinet","isPartOf":{"@id":"https:\/\/lightweb.dev\/l\/svm-temp\/#website"},"primaryImageOfPage":{"@id":"https:\/\/lightweb.dev\/l\/svm-temp\/artiklar\/halla-dar-birgitta-bergin\/#primaryimage"},"image":{"@id":"https:\/\/lightweb.dev\/l\/svm-temp\/artiklar\/halla-dar-birgitta-bergin\/#primaryimage"},"thumbnailUrl":"https:\/\/lightweb.dev\/l\/svm-temp\/wp-content\/uploads\/2022\/04\/hall-dr-birgitta-bergin.png","datePublished":"2013-03-11T23:00:00+00:00","breadcrumb":{"@id":"https:\/\/lightweb.dev\/l\/svm-temp\/artiklar\/halla-dar-birgitta-bergin\/#breadcrumb"},"inLanguage":"sv-SE","potentialAction":[{"@type":"ReadAction","target":["https:\/\/lightweb.dev\/l\/svm-temp\/artiklar\/halla-dar-birgitta-bergin\/"]}]},{"@type":"ImageObject","inLanguage":"sv-SE","@id":"https:\/\/lightweb.dev\/l\/svm-temp\/artiklar\/halla-dar-birgitta-bergin\/#primaryimage","url":"https:\/\/lightweb.dev\/l\/svm-temp\/wp-content\/uploads\/2022\/04\/hall-dr-birgitta-bergin.png","contentUrl":"https:\/\/lightweb.dev\/l\/svm-temp\/wp-content\/uploads\/2022\/04\/hall-dr-birgitta-bergin.png","width":280,"height":529},{"@type":"BreadcrumbList","@id":"https:\/\/lightweb.dev\/l\/svm-temp\/artiklar\/halla-dar-birgitta-bergin\/#breadcrumb","itemListElement":[{"@type":"ListItem","position":1,"name":"Hem","item":"https:\/\/lightweb.dev\/l\/svm-temp\/"},{"@type":"ListItem","position":2,"name":"Hall\u00e5 d\u00e4r &#8211; Birgitta Bergin!"}]},{"@type":"WebSite","@id":"https:\/\/lightweb.dev\/l\/svm-temp\/#website","url":"https:\/\/lightweb.dev\/l\/svm-temp\/","name":"Svenska Magasinet","description":"Dina Spanska nyheter p&aring; Svenska","publisher":{"@id":"https:\/\/lightweb.dev\/l\/svm-temp\/#organization"},"potentialAction":[{"@type":"SearchAction","target":{"@type":"EntryPoint","urlTemplate":"https:\/\/lightweb.dev\/l\/svm-temp\/?s={search_term_string}"},"query-input":{"@type":"PropertyValueSpecification","valueRequired":true,"valueName":"search_term_string"}}],"inLanguage":"sv-SE"},{"@type":"Organization","@id":"https:\/\/lightweb.dev\/l\/svm-temp\/#organization","name":"Melkerson y Nott SL","alternateName":"Svenska Magasinet","url":"https:\/\/lightweb.dev\/l\/svm-temp\/","logo":{"@type":"ImageObject","inLanguage":"sv-SE","@id":"https:\/\/lightweb.dev\/l\/svm-temp\/#\/schema\/logo\/image\/","url":"https:\/\/lightweb.dev\/l\/svm-temp\/wp-content\/uploads\/2025\/02\/SvM-logo-Xtra-Centrerad-SVART.png","contentUrl":"https:\/\/lightweb.dev\/l\/svm-temp\/wp-content\/uploads\/2025\/02\/SvM-logo-Xtra-Centrerad-SVART.png","width":300,"height":99,"caption":"Melkerson y Nott SL"},"image":{"@id":"https:\/\/lightweb.dev\/l\/svm-temp\/#\/schema\/logo\/image\/"},"sameAs":["https:\/\/www.facebook.com\/svenskamagasinet","https:\/\/x.com\/SvenskaMagasine"]},{"@type":"Person","@id":"https:\/\/lightweb.dev\/l\/svm-temp\/#\/schema\/person\/206a3bda5b607b0c25e1749191e4d837","name":"Redaktionen SvM","description":"Redaktionen","sameAs":["https:\/\/lightweb.dev\/l\/svm-temp"],"url":"https:\/\/lightweb.dev\/l\/svm-temp\/reporter\/redaktionen\/"}]}},"_links":{"self":[{"href":"https:\/\/lightweb.dev\/l\/svm-temp\/wp-json\/wp\/v2\/posts\/4352","targetHints":{"allow":["GET"]}}],"collection":[{"href":"https:\/\/lightweb.dev\/l\/svm-temp\/wp-json\/wp\/v2\/posts"}],"about":[{"href":"https:\/\/lightweb.dev\/l\/svm-temp\/wp-json\/wp\/v2\/types\/post"}],"author":[{"embeddable":true,"href":"https:\/\/lightweb.dev\/l\/svm-temp\/wp-json\/wp\/v2\/users\/8"}],"replies":[{"embeddable":true,"href":"https:\/\/lightweb.dev\/l\/svm-temp\/wp-json\/wp\/v2\/comments?post=4352"}],"version-history":[{"count":0,"href":"https:\/\/lightweb.dev\/l\/svm-temp\/wp-json\/wp\/v2\/posts\/4352\/revisions"}],"wp:featuredmedia":[{"embeddable":true,"href":"https:\/\/lightweb.dev\/l\/svm-temp\/wp-json\/wp\/v2\/media\/4353"}],"wp:attachment":[{"href":"https:\/\/lightweb.dev\/l\/svm-temp\/wp-json\/wp\/v2\/media?parent=4352"}],"wp:term":[{"taxonomy":"category","embeddable":true,"href":"https:\/\/lightweb.dev\/l\/svm-temp\/wp-json\/wp\/v2\/categories?post=4352"},{"taxonomy":"post_tag","embeddable":true,"href":"https:\/\/lightweb.dev\/l\/svm-temp\/wp-json\/wp\/v2\/tags?post=4352"}],"curies":[{"name":"wp","href":"https:\/\/api.w.org\/{rel}","templated":true}]}}