{"id":4360,"date":"2013-03-12T00:00:00","date_gmt":"2013-03-11T23:00:00","guid":{"rendered":"https:\/\/lightweb.dev\/l\/svm-temp\/konst-och-mat-i-en-skon-forening\/"},"modified":"2013-03-12T00:00:00","modified_gmt":"2013-03-11T23:00:00","slug":"konst-och-mat-i-en-skon-forening","status":"publish","type":"post","link":"https:\/\/lightweb.dev\/l\/svm-temp\/artiklar\/konst-och-mat-i-en-skon-forening\/","title":{"rendered":"Konst och mat i en sk\u00f6n f\u00f6rening"},"content":{"rendered":"<p> Iris, Kajsa, Margareta, Britten och Yvonne g\u00e5r p\u00e5 keramikkurs hos Marta-Lena Malmstr\u00f6m varje fredag. Det tycker de \u00e4r fantastiskt roligt, s\u00e5 pass roligt att de besl\u00f6t sig f\u00f6r att dela med sig av denna gl\u00e4dje till oss andra. Av Camilla Grahn<br \/>\nJag blev lite f\u00f6rv\u00e5nad d\u00e5 Britten Emme ringde upp mig en fredagkv\u00e4ll och fr\u00e5gade om jag ville komma till Coin, ovanf\u00f6r Marbella, och ta del av deras fredagsmys. Hon ber\u00e4ttade f\u00f6r mig att de har keramikkurs i 3 timmar och sedan \u00e4ter de en l\u00e5nglunch. Ville jag vara s\u00e5 sn\u00e4ll och skriva en artikel om detta? Och det \u00e4r klart att jag ville.<br \/>\nEfter mitt bes\u00f6k i Coin lade jag ner \u00e5tskilliga timmar p\u00e5 att fundera \u00f6ver hur jag ska vinkla denna ber\u00e4ttelse. Ska jag beskriva hur ritualen kring framst\u00e4llning av keramiska alster ser ut fr\u00e5n b\u00f6rjan till slut? Eller ska jag ber\u00e4tta om ett kompisg\u00e4ng som tr\u00e4ffas och umg\u00e5s en fredag i Coin? Men s\u00e5 besl\u00f6t jag mig f\u00f6r att skriva om b\u00e5de och.<\/p>\n<p>Vi tar det fr\u00e5n b\u00f6rjan: Marta-Lena \u00e4r utbildad keramiker och var verksam i Sverige p\u00e5 70-talet. Marta-Lena \u00e4r gift med Hans. Hans \u00e4r egentligen revisor men tyckte att det d\u00e4r med siffror var v\u00e4\u00e4\u00e4\u00e4ldigt tr\u00e5kigt. S\u00e5 han blev kr\u00f6gare i st\u00e4llet. Hans och Marta-Lena drev genom \u00e5rens lopp ett flertal restauranger. \u00c5r 2001, d\u00e5 det var dags att pensionera sig, flyttade de till det hus de hade k\u00f6pt i Coin redan 1986.<br \/>\nH\u00e4r p\u00e5 solkusten blev de snart engagerade i Club Nordico och AHN i Fuengirola. Och det \u00e4r faktiskt d\u00e4rifr\u00e5n man kan k\u00e4nna igen paret Malmstr\u00f6m f\u00f6r b\u00e5da har spelat i Club Nordicos revy.<br \/>\nMarta-Lena besl\u00f6t sig f\u00f6r att ta upp det h\u00e4r med keramiken igen. Hon b\u00f6rjade tillverka keramiska produkter men tyckte det blev lite ensamt ibland s\u00e5 hon besl\u00f6t sig f\u00f6r att starta kurser och det har hon aldrig \u00e5ngrat.<br \/>\nDet tummades, kn\u00e5dades, drejades, uppmuntrades och smuttades bland Marta-Lenas elever. Och roligt har de!<br \/>\nMan jobbar oftast med terrakotta, ler- eller stengods men det man m\u00e5ste t\u00e4nka p\u00e5 innan man s\u00e4tter ig\u00e5ng \u00e4r sj\u00e4lva bearbetningen av leran. Den m\u00e5ste g\u00f6ras smidig och mjuk och det f\u00e5r inte f\u00f6rekomma n\u00e5gra som helst luftbubblor f\u00f6r det \u00e4r d\u00e4r, i bubblorna, det spricker.<\/p>\n<p>Om man t\u00e4nker sig framst\u00e4llningen av en keramisk produkt i fyra etapper s\u00e5 b\u00f6rjar det hela naturligtvis med att tillverka sj\u00e4lva f\u00f6rem\u00e5let och det finns flera metoder.<br \/>\nEtt s\u00e4tt \u00e4r att \u201dtumma\u201dupp det. Det vill s\u00e4ga att man formar leran med tummarna. Ett annat s\u00e4tt \u00e4r att kavla och det g\u00e5r till precis som det l\u00e5ter, man kavlar leran med en br\u00f6dkavel och formar sen det man vill ha \u2013 till exempel ett fat, en tavla, ett collage&#8230; Ett annat roligt s\u00e4tt \u00e4r att ringla. D\u00e5 bakar man l\u00e5nga korvar och staplar dem p\u00e5 varandra och j\u00e4mnar sedan ut skarvar och niv\u00e5skillnader.<br \/>\nOch s\u00e5 kan man dreja och det \u00e4r i regel lite sv\u00e5rare \u2013 om man inte kan det f\u00f6rst\u00e5s, f\u00f6r d\u00e5 \u00e4r ju ingenting sv\u00e5rt.<br \/>\nEfter sj\u00e4lva formationen kommer torkprocessen. Det \u00e4r viktigt att produkten blir helt torr innan man p\u00e5b\u00f6rjar glaseringen och det kan ta n\u00e5gra veckor beroende p\u00e5 storlek. Glasyr \u00e4r en glasliknande ytbel\u00e4ggning och \u00e4r den som ger f\u00e4rgen. Det h\u00e4r med f\u00e4rgs\u00e4ttningen \u00e4r lite komplicerat f\u00f6r du kan inte se vilken f\u00e4rg glasyren har f\u00f6rr\u00e4n du br\u00e4nt alstret i ugnen. Men det \u00e4r lugnt, Marta-Lena vet. Det \u00e4r sen sj\u00e4lva br\u00e4nningen som h\u00e4rdar produkten och ger den slutgiltiga h\u00e5llbarheten. Visst l\u00e5ter det roligt att h\u00e5lla p\u00e5 med keramik!<br \/>\nDet h\u00e4r tjejg\u00e4nget jag m\u00f6tte \u00e4r alla v\u00e4ldigt kreativa. Jag var imponerad av vad de \u00e5stadkom. Och de var \u00e4ven Marta-Lena, hon var  f\u00f6rundrad \u00f6ver hur alla v\u00e5gade testa, experimentera och leka fram sina alster. Jag fick se m\u00e5nga prov p\u00e5 deras kreativitet som l\u00e5g upplagt i rabatter och p\u00e5 alla m\u00f6jliga lediga, sl\u00e4ta ytor.<br \/>\nS\u00e5 sm\u00e5ningom var det dags f\u00f6r lunch och nu var alla rej\u00e4lt hungriga. Hans lagar normalt mat varje fredag till damerna \u2013 men ocks\u00e5 till deras m\u00e4n som dyker upp lagom till lunch. Fast denna fredag hade man faktiskt bjudit in g\u00e4stkocken Kurt och han hade lagat kalvj\u00e4rpar. Till detta serverades saltgurka i stavar och hemmagjord k\u00f6rsb\u00e4rsgele. Fast f\u00f6rst \u00e5t vi en god sallad med friterade calamares och det hela avslutades med hallonsuffle som i sig var ett eget konstverk.<br \/>\nMen vi hade ju ocks\u00e5 en trubadur bland oss. Hans sj\u00f6ng n\u00e5gra v\u00e4l valda visor med \u00f6s och kl\u00f6s och det \u00e4r h\u00e4r jag egentligen hade den enda inv\u00e4ndingen; jag hade velat sjunga m\u00e9.<br \/>\nJag nj\u00f6t varje sekund jag var d\u00e4r och vilken tur att jag hade kameran med mig \u2013 annars hade ni v\u00e4l aldrig trott p\u00e5 mig \u2013 att man kan ha det s\u00e5 h\u00e4r fantastiskt roligt en vanlig fredag.<br \/>\nJag kan avsl\u00f6ja att onsdagsgruppen kan ta emot fler elever. \u00c4r du intresserad av att delta i den \u00e4r du v\u00e4lkommen att kontakta Marta-Lena p\u00e5 telefon 951 31 55 91.<\/p>\n","protected":false},"excerpt":{"rendered":"<p>Iris, Kajsa, Margareta, Britten och Yvonne g\u00e5r p\u00e5 keramikkurs hos Marta-Lena Malmstr\u00f6m varje fredag. Det tycker de \u00e4r fantastiskt roligt, s\u00e5 pass roligt att de besl\u00f6t sig f\u00f6r att dela med sig av denna gl\u00e4dje till oss andra. Av Camilla Grahn Jag blev lite f\u00f6rv\u00e5nad d\u00e5 Britten Emme ringde upp mig en fredagkv\u00e4ll och fr\u00e5gade [&hellip;]<\/p>\n","protected":false},"author":8,"featured_media":4361,"comment_status":"open","ping_status":"open","sticky":false,"template":"","format":"standard","meta":{"_et_pb_use_builder":"","_et_pb_old_content":"","_et_gb_content_width":"","footnotes":""},"categories":[4,45],"tags":[],"class_list":["post-4360","post","type-post","status-publish","format-standard","has-post-thumbnail","hentry","category-artiklar","category-kultur"],"yoast_head":"<!-- This site is optimized with the Yoast SEO Premium plugin v26.2 (Yoast SEO v27.5) - https:\/\/yoast.com\/product\/yoast-seo-premium-wordpress\/ -->\n<title>Konst och mat i en sk\u00f6n f\u00f6rening - Svenska Magasinet<\/title>\n<meta name=\"robots\" content=\"noindex, follow, max-snippet:-1, max-image-preview:large, max-video-preview:-1\" \/>\n<meta property=\"og:locale\" content=\"sv_SE\" \/>\n<meta property=\"og:type\" content=\"article\" \/>\n<meta property=\"og:title\" content=\"Konst och mat i en sk\u00f6n f\u00f6rening\" \/>\n<meta property=\"og:description\" content=\"Iris, Kajsa, Margareta, Britten och Yvonne g\u00e5r p\u00e5 keramikkurs hos Marta-Lena Malmstr\u00f6m varje fredag. Det tycker de \u00e4r fantastiskt roligt, s\u00e5 pass roligt att de besl\u00f6t sig f\u00f6r att dela med sig av denna gl\u00e4dje till oss andra. Av Camilla Grahn Jag blev lite f\u00f6rv\u00e5nad d\u00e5 Britten Emme ringde upp mig en fredagkv\u00e4ll och fr\u00e5gade [&hellip;]\" \/>\n<meta property=\"og:url\" content=\"https:\/\/lightweb.dev\/l\/svm-temp\/artiklar\/konst-och-mat-i-en-skon-forening\/\" \/>\n<meta property=\"og:site_name\" content=\"Svenska Magasinet\" \/>\n<meta property=\"article:publisher\" content=\"https:\/\/www.facebook.com\/svenskamagasinet\" \/>\n<meta property=\"article:published_time\" content=\"2013-03-11T23:00:00+00:00\" \/>\n<meta property=\"og:image\" content=\"https:\/\/lightweb.dev\/l\/svm-temp\/wp-content\/uploads\/2022\/04\/konst-och-mat-i-en-skn-frening.png\" \/>\n\t<meta property=\"og:image:width\" content=\"280\" \/>\n\t<meta property=\"og:image:height\" content=\"210\" \/>\n\t<meta property=\"og:image:type\" content=\"image\/png\" \/>\n<meta name=\"author\" content=\"Redaktionen SvM\" \/>\n<meta name=\"twitter:card\" content=\"summary_large_image\" \/>\n<meta name=\"twitter:creator\" content=\"@SvenskaMagasine\" \/>\n<meta name=\"twitter:site\" content=\"@SvenskaMagasine\" \/>\n<script type=\"application\/ld+json\" class=\"yoast-schema-graph\">{\"@context\":\"https:\\\/\\\/schema.org\",\"@graph\":[{\"@type\":\"Article\",\"@id\":\"https:\\\/\\\/lightweb.dev\\\/l\\\/svm-temp\\\/artiklar\\\/konst-och-mat-i-en-skon-forening\\\/#article\",\"isPartOf\":{\"@id\":\"https:\\\/\\\/lightweb.dev\\\/l\\\/svm-temp\\\/artiklar\\\/konst-och-mat-i-en-skon-forening\\\/\"},\"author\":{\"name\":\"Redaktionen SvM\",\"@id\":\"https:\\\/\\\/lightweb.dev\\\/l\\\/svm-temp\\\/#\\\/schema\\\/person\\\/206a3bda5b607b0c25e1749191e4d837\"},\"headline\":\"Konst och mat i en sk\u00f6n f\u00f6rening\",\"datePublished\":\"2013-03-11T23:00:00+00:00\",\"mainEntityOfPage\":{\"@id\":\"https:\\\/\\\/lightweb.dev\\\/l\\\/svm-temp\\\/artiklar\\\/konst-och-mat-i-en-skon-forening\\\/\"},\"wordCount\":950,\"commentCount\":0,\"publisher\":{\"@id\":\"https:\\\/\\\/lightweb.dev\\\/l\\\/svm-temp\\\/#organization\"},\"image\":{\"@id\":\"https:\\\/\\\/lightweb.dev\\\/l\\\/svm-temp\\\/artiklar\\\/konst-och-mat-i-en-skon-forening\\\/#primaryimage\"},\"thumbnailUrl\":\"https:\\\/\\\/lightweb.dev\\\/l\\\/svm-temp\\\/wp-content\\\/uploads\\\/2022\\\/04\\\/konst-och-mat-i-en-skn-frening.png\",\"articleSection\":[\"Artiklar\",\"Kultur &amp; historia\"],\"inLanguage\":\"sv-SE\"},{\"@type\":\"WebPage\",\"@id\":\"https:\\\/\\\/lightweb.dev\\\/l\\\/svm-temp\\\/artiklar\\\/konst-och-mat-i-en-skon-forening\\\/\",\"url\":\"https:\\\/\\\/lightweb.dev\\\/l\\\/svm-temp\\\/artiklar\\\/konst-och-mat-i-en-skon-forening\\\/\",\"name\":\"Konst och mat i en sk\u00f6n f\u00f6rening - Svenska Magasinet\",\"isPartOf\":{\"@id\":\"https:\\\/\\\/lightweb.dev\\\/l\\\/svm-temp\\\/#website\"},\"primaryImageOfPage\":{\"@id\":\"https:\\\/\\\/lightweb.dev\\\/l\\\/svm-temp\\\/artiklar\\\/konst-och-mat-i-en-skon-forening\\\/#primaryimage\"},\"image\":{\"@id\":\"https:\\\/\\\/lightweb.dev\\\/l\\\/svm-temp\\\/artiklar\\\/konst-och-mat-i-en-skon-forening\\\/#primaryimage\"},\"thumbnailUrl\":\"https:\\\/\\\/lightweb.dev\\\/l\\\/svm-temp\\\/wp-content\\\/uploads\\\/2022\\\/04\\\/konst-och-mat-i-en-skn-frening.png\",\"datePublished\":\"2013-03-11T23:00:00+00:00\",\"breadcrumb\":{\"@id\":\"https:\\\/\\\/lightweb.dev\\\/l\\\/svm-temp\\\/artiklar\\\/konst-och-mat-i-en-skon-forening\\\/#breadcrumb\"},\"inLanguage\":\"sv-SE\",\"potentialAction\":[{\"@type\":\"ReadAction\",\"target\":[\"https:\\\/\\\/lightweb.dev\\\/l\\\/svm-temp\\\/artiklar\\\/konst-och-mat-i-en-skon-forening\\\/\"]}]},{\"@type\":\"ImageObject\",\"inLanguage\":\"sv-SE\",\"@id\":\"https:\\\/\\\/lightweb.dev\\\/l\\\/svm-temp\\\/artiklar\\\/konst-och-mat-i-en-skon-forening\\\/#primaryimage\",\"url\":\"https:\\\/\\\/lightweb.dev\\\/l\\\/svm-temp\\\/wp-content\\\/uploads\\\/2022\\\/04\\\/konst-och-mat-i-en-skn-frening.png\",\"contentUrl\":\"https:\\\/\\\/lightweb.dev\\\/l\\\/svm-temp\\\/wp-content\\\/uploads\\\/2022\\\/04\\\/konst-och-mat-i-en-skn-frening.png\",\"width\":280,\"height\":210},{\"@type\":\"BreadcrumbList\",\"@id\":\"https:\\\/\\\/lightweb.dev\\\/l\\\/svm-temp\\\/artiklar\\\/konst-och-mat-i-en-skon-forening\\\/#breadcrumb\",\"itemListElement\":[{\"@type\":\"ListItem\",\"position\":1,\"name\":\"Hem\",\"item\":\"https:\\\/\\\/lightweb.dev\\\/l\\\/svm-temp\\\/\"},{\"@type\":\"ListItem\",\"position\":2,\"name\":\"Konst och mat i en sk\u00f6n f\u00f6rening\"}]},{\"@type\":\"WebSite\",\"@id\":\"https:\\\/\\\/lightweb.dev\\\/l\\\/svm-temp\\\/#website\",\"url\":\"https:\\\/\\\/lightweb.dev\\\/l\\\/svm-temp\\\/\",\"name\":\"Svenska Magasinet\",\"description\":\"Dina Spanska nyheter p&aring; Svenska\",\"publisher\":{\"@id\":\"https:\\\/\\\/lightweb.dev\\\/l\\\/svm-temp\\\/#organization\"},\"potentialAction\":[{\"@type\":\"SearchAction\",\"target\":{\"@type\":\"EntryPoint\",\"urlTemplate\":\"https:\\\/\\\/lightweb.dev\\\/l\\\/svm-temp\\\/?s={search_term_string}\"},\"query-input\":{\"@type\":\"PropertyValueSpecification\",\"valueRequired\":true,\"valueName\":\"search_term_string\"}}],\"inLanguage\":\"sv-SE\"},{\"@type\":\"Organization\",\"@id\":\"https:\\\/\\\/lightweb.dev\\\/l\\\/svm-temp\\\/#organization\",\"name\":\"Melkerson y Nott SL\",\"alternateName\":\"Svenska Magasinet\",\"url\":\"https:\\\/\\\/lightweb.dev\\\/l\\\/svm-temp\\\/\",\"logo\":{\"@type\":\"ImageObject\",\"inLanguage\":\"sv-SE\",\"@id\":\"https:\\\/\\\/lightweb.dev\\\/l\\\/svm-temp\\\/#\\\/schema\\\/logo\\\/image\\\/\",\"url\":\"https:\\\/\\\/lightweb.dev\\\/l\\\/svm-temp\\\/wp-content\\\/uploads\\\/2025\\\/02\\\/SvM-logo-Xtra-Centrerad-SVART.png\",\"contentUrl\":\"https:\\\/\\\/lightweb.dev\\\/l\\\/svm-temp\\\/wp-content\\\/uploads\\\/2025\\\/02\\\/SvM-logo-Xtra-Centrerad-SVART.png\",\"width\":300,\"height\":99,\"caption\":\"Melkerson y Nott SL\"},\"image\":{\"@id\":\"https:\\\/\\\/lightweb.dev\\\/l\\\/svm-temp\\\/#\\\/schema\\\/logo\\\/image\\\/\"},\"sameAs\":[\"https:\\\/\\\/www.facebook.com\\\/svenskamagasinet\",\"https:\\\/\\\/x.com\\\/SvenskaMagasine\"]},{\"@type\":\"Person\",\"@id\":\"https:\\\/\\\/lightweb.dev\\\/l\\\/svm-temp\\\/#\\\/schema\\\/person\\\/206a3bda5b607b0c25e1749191e4d837\",\"name\":\"Redaktionen SvM\",\"description\":\"Redaktionen\",\"sameAs\":[\"https:\\\/\\\/lightweb.dev\\\/l\\\/svm-temp\"],\"url\":\"https:\\\/\\\/lightweb.dev\\\/l\\\/svm-temp\\\/reporter\\\/redaktionen\\\/\"}]}<\/script>\n<!-- \/ Yoast SEO Premium plugin. -->","yoast_head_json":{"title":"Konst och mat i en sk\u00f6n f\u00f6rening - Svenska Magasinet","robots":{"index":"noindex","follow":"follow","max-snippet":"max-snippet:-1","max-image-preview":"max-image-preview:large","max-video-preview":"max-video-preview:-1"},"og_locale":"sv_SE","og_type":"article","og_title":"Konst och mat i en sk\u00f6n f\u00f6rening","og_description":"Iris, Kajsa, Margareta, Britten och Yvonne g\u00e5r p\u00e5 keramikkurs hos Marta-Lena Malmstr\u00f6m varje fredag. Det tycker de \u00e4r fantastiskt roligt, s\u00e5 pass roligt att de besl\u00f6t sig f\u00f6r att dela med sig av denna gl\u00e4dje till oss andra. Av Camilla Grahn Jag blev lite f\u00f6rv\u00e5nad d\u00e5 Britten Emme ringde upp mig en fredagkv\u00e4ll och fr\u00e5gade [&hellip;]","og_url":"https:\/\/lightweb.dev\/l\/svm-temp\/artiklar\/konst-och-mat-i-en-skon-forening\/","og_site_name":"Svenska Magasinet","article_publisher":"https:\/\/www.facebook.com\/svenskamagasinet","article_published_time":"2013-03-11T23:00:00+00:00","og_image":[{"width":280,"height":210,"url":"https:\/\/lightweb.dev\/l\/svm-temp\/wp-content\/uploads\/2022\/04\/konst-och-mat-i-en-skn-frening.png","type":"image\/png"}],"author":"Redaktionen SvM","twitter_card":"summary_large_image","twitter_creator":"@SvenskaMagasine","twitter_site":"@SvenskaMagasine","schema":{"@context":"https:\/\/schema.org","@graph":[{"@type":"Article","@id":"https:\/\/lightweb.dev\/l\/svm-temp\/artiklar\/konst-och-mat-i-en-skon-forening\/#article","isPartOf":{"@id":"https:\/\/lightweb.dev\/l\/svm-temp\/artiklar\/konst-och-mat-i-en-skon-forening\/"},"author":{"name":"Redaktionen SvM","@id":"https:\/\/lightweb.dev\/l\/svm-temp\/#\/schema\/person\/206a3bda5b607b0c25e1749191e4d837"},"headline":"Konst och mat i en sk\u00f6n f\u00f6rening","datePublished":"2013-03-11T23:00:00+00:00","mainEntityOfPage":{"@id":"https:\/\/lightweb.dev\/l\/svm-temp\/artiklar\/konst-och-mat-i-en-skon-forening\/"},"wordCount":950,"commentCount":0,"publisher":{"@id":"https:\/\/lightweb.dev\/l\/svm-temp\/#organization"},"image":{"@id":"https:\/\/lightweb.dev\/l\/svm-temp\/artiklar\/konst-och-mat-i-en-skon-forening\/#primaryimage"},"thumbnailUrl":"https:\/\/lightweb.dev\/l\/svm-temp\/wp-content\/uploads\/2022\/04\/konst-och-mat-i-en-skn-frening.png","articleSection":["Artiklar","Kultur &amp; historia"],"inLanguage":"sv-SE"},{"@type":"WebPage","@id":"https:\/\/lightweb.dev\/l\/svm-temp\/artiklar\/konst-och-mat-i-en-skon-forening\/","url":"https:\/\/lightweb.dev\/l\/svm-temp\/artiklar\/konst-och-mat-i-en-skon-forening\/","name":"Konst och mat i en sk\u00f6n f\u00f6rening - Svenska Magasinet","isPartOf":{"@id":"https:\/\/lightweb.dev\/l\/svm-temp\/#website"},"primaryImageOfPage":{"@id":"https:\/\/lightweb.dev\/l\/svm-temp\/artiklar\/konst-och-mat-i-en-skon-forening\/#primaryimage"},"image":{"@id":"https:\/\/lightweb.dev\/l\/svm-temp\/artiklar\/konst-och-mat-i-en-skon-forening\/#primaryimage"},"thumbnailUrl":"https:\/\/lightweb.dev\/l\/svm-temp\/wp-content\/uploads\/2022\/04\/konst-och-mat-i-en-skn-frening.png","datePublished":"2013-03-11T23:00:00+00:00","breadcrumb":{"@id":"https:\/\/lightweb.dev\/l\/svm-temp\/artiklar\/konst-och-mat-i-en-skon-forening\/#breadcrumb"},"inLanguage":"sv-SE","potentialAction":[{"@type":"ReadAction","target":["https:\/\/lightweb.dev\/l\/svm-temp\/artiklar\/konst-och-mat-i-en-skon-forening\/"]}]},{"@type":"ImageObject","inLanguage":"sv-SE","@id":"https:\/\/lightweb.dev\/l\/svm-temp\/artiklar\/konst-och-mat-i-en-skon-forening\/#primaryimage","url":"https:\/\/lightweb.dev\/l\/svm-temp\/wp-content\/uploads\/2022\/04\/konst-och-mat-i-en-skn-frening.png","contentUrl":"https:\/\/lightweb.dev\/l\/svm-temp\/wp-content\/uploads\/2022\/04\/konst-och-mat-i-en-skn-frening.png","width":280,"height":210},{"@type":"BreadcrumbList","@id":"https:\/\/lightweb.dev\/l\/svm-temp\/artiklar\/konst-och-mat-i-en-skon-forening\/#breadcrumb","itemListElement":[{"@type":"ListItem","position":1,"name":"Hem","item":"https:\/\/lightweb.dev\/l\/svm-temp\/"},{"@type":"ListItem","position":2,"name":"Konst och mat i en sk\u00f6n f\u00f6rening"}]},{"@type":"WebSite","@id":"https:\/\/lightweb.dev\/l\/svm-temp\/#website","url":"https:\/\/lightweb.dev\/l\/svm-temp\/","name":"Svenska Magasinet","description":"Dina Spanska nyheter p&aring; Svenska","publisher":{"@id":"https:\/\/lightweb.dev\/l\/svm-temp\/#organization"},"potentialAction":[{"@type":"SearchAction","target":{"@type":"EntryPoint","urlTemplate":"https:\/\/lightweb.dev\/l\/svm-temp\/?s={search_term_string}"},"query-input":{"@type":"PropertyValueSpecification","valueRequired":true,"valueName":"search_term_string"}}],"inLanguage":"sv-SE"},{"@type":"Organization","@id":"https:\/\/lightweb.dev\/l\/svm-temp\/#organization","name":"Melkerson y Nott SL","alternateName":"Svenska Magasinet","url":"https:\/\/lightweb.dev\/l\/svm-temp\/","logo":{"@type":"ImageObject","inLanguage":"sv-SE","@id":"https:\/\/lightweb.dev\/l\/svm-temp\/#\/schema\/logo\/image\/","url":"https:\/\/lightweb.dev\/l\/svm-temp\/wp-content\/uploads\/2025\/02\/SvM-logo-Xtra-Centrerad-SVART.png","contentUrl":"https:\/\/lightweb.dev\/l\/svm-temp\/wp-content\/uploads\/2025\/02\/SvM-logo-Xtra-Centrerad-SVART.png","width":300,"height":99,"caption":"Melkerson y Nott SL"},"image":{"@id":"https:\/\/lightweb.dev\/l\/svm-temp\/#\/schema\/logo\/image\/"},"sameAs":["https:\/\/www.facebook.com\/svenskamagasinet","https:\/\/x.com\/SvenskaMagasine"]},{"@type":"Person","@id":"https:\/\/lightweb.dev\/l\/svm-temp\/#\/schema\/person\/206a3bda5b607b0c25e1749191e4d837","name":"Redaktionen SvM","description":"Redaktionen","sameAs":["https:\/\/lightweb.dev\/l\/svm-temp"],"url":"https:\/\/lightweb.dev\/l\/svm-temp\/reporter\/redaktionen\/"}]}},"_links":{"self":[{"href":"https:\/\/lightweb.dev\/l\/svm-temp\/wp-json\/wp\/v2\/posts\/4360","targetHints":{"allow":["GET"]}}],"collection":[{"href":"https:\/\/lightweb.dev\/l\/svm-temp\/wp-json\/wp\/v2\/posts"}],"about":[{"href":"https:\/\/lightweb.dev\/l\/svm-temp\/wp-json\/wp\/v2\/types\/post"}],"author":[{"embeddable":true,"href":"https:\/\/lightweb.dev\/l\/svm-temp\/wp-json\/wp\/v2\/users\/8"}],"replies":[{"embeddable":true,"href":"https:\/\/lightweb.dev\/l\/svm-temp\/wp-json\/wp\/v2\/comments?post=4360"}],"version-history":[{"count":0,"href":"https:\/\/lightweb.dev\/l\/svm-temp\/wp-json\/wp\/v2\/posts\/4360\/revisions"}],"wp:featuredmedia":[{"embeddable":true,"href":"https:\/\/lightweb.dev\/l\/svm-temp\/wp-json\/wp\/v2\/media\/4361"}],"wp:attachment":[{"href":"https:\/\/lightweb.dev\/l\/svm-temp\/wp-json\/wp\/v2\/media?parent=4360"}],"wp:term":[{"taxonomy":"category","embeddable":true,"href":"https:\/\/lightweb.dev\/l\/svm-temp\/wp-json\/wp\/v2\/categories?post=4360"},{"taxonomy":"post_tag","embeddable":true,"href":"https:\/\/lightweb.dev\/l\/svm-temp\/wp-json\/wp\/v2\/tags?post=4360"}],"curies":[{"name":"wp","href":"https:\/\/api.w.org\/{rel}","templated":true}]}}