{"id":43618,"date":"2010-10-11T00:00:00","date_gmt":"2010-10-10T22:00:00","guid":{"rendered":"https:\/\/lightweb.dev\/l\/svm-temp\/nyheter\/for-forsta-gangen-gifter-sig-de-flesta-borgligt\/"},"modified":"2010-10-11T00:00:00","modified_gmt":"2010-10-10T22:00:00","slug":"for-forsta-gangen-gifter-sig-de-flesta-borgligt","status":"publish","type":"post","link":"https:\/\/lightweb.dev\/l\/svm-temp\/nyheter\/for-forsta-gangen-gifter-sig-de-flesta-borgligt\/","title":{"rendered":"F\u00f6r f\u00f6rsta g\u00e5ngen gifter sig de flesta borgligt"},"content":{"rendered":"<p> F\u00f6r f\u00f6rsta g\u00e5ngen \u00e4r det fler i Spanien som gifter sig borgligt \u00e4n som v\u00e4ljer att gifta sig katolskt. Det visar siffror f\u00f6r 2009 som redovisas av Instituto Nacional de Estad\u00edstica.<\/p>\n<p>P\u00e5 ett \u00e5r har det sv\u00e4ngt. Under fjol\u00e5ret f\u00f6rr\u00e4ttades 94.993 borgliga vigslar j\u00e4mf\u00f6rt med 80.174 kyrkliga vigslar. Under 2008 registrerades 99.104 kyrkliga vigslar och 94.170 borgliga.<\/p>\n<p>\u00c5r 2000 f\u00f6rr\u00e4ttades 163.636 vigslar i kyrkan j\u00e4mf\u00f6rt med 52.255 borgliga vigslar. 2004 passerade antalet borgliga vigslar f\u00f6r f\u00f6rsta g\u00e5ngen 80.000-strecket.<\/p>\n<p>Enligt Mar\u00eda de los \u00c1ngeles Dur\u00e1n vid Sociolog\u00eda y Profesora de Investigaci\u00f3n del Consejo Superior de Investigaciones Cient\u00edficas (CSIC), beror omsv\u00e4ngningen p\u00e5 att s\u00e4mh\u00e4llet har blivit allt mer sekulariserat samtidigt som den ekonomiska krisen spelar in.<\/p>\n<p>\u201dRitualer som f\u00f6ljer den kyrkliga traditionen \u00e4r betydligt dyrare varf\u00f6r allt fler v\u00e4ljer ett billigare alternativ n\u00e4r de ska ing\u00e5 \u00e4ktenskap\u201d, s\u00e4ger Mar\u00eda de los \u00c1ngeles Dur\u00e1n till nyhetsbyr\u00e5n Europa Press. <\/p>\n","protected":false},"excerpt":{"rendered":"<p>F\u00f6r f\u00f6rsta g\u00e5ngen \u00e4r det fler i Spanien som gifter sig borgligt \u00e4n som v\u00e4ljer att gifta sig katolskt. Det visar siffror f\u00f6r 2009 som redovisas av Instituto Nacional de Estad\u00edstica. P\u00e5 ett \u00e5r har det sv\u00e4ngt. Under fjol\u00e5ret f\u00f6rr\u00e4ttades 94.993 borgliga vigslar j\u00e4mf\u00f6rt med 80.174 kyrkliga vigslar. Under 2008 registrerades 99.104 kyrkliga vigslar och [&hellip;]<\/p>\n","protected":false},"author":8,"featured_media":43619,"comment_status":"open","ping_status":"open","sticky":false,"template":"","format":"standard","meta":{"_et_pb_use_builder":"","_et_pb_old_content":"","_et_gb_content_width":"","footnotes":""},"categories":[395,3],"tags":[],"class_list":["post-43618","post","type-post","status-publish","format-standard","has-post-thumbnail","hentry","category-arkiv-nyheter","category-nyheter"],"yoast_head":"<!-- This site is optimized with the Yoast SEO Premium plugin v26.2 (Yoast SEO v27.4) - https:\/\/yoast.com\/product\/yoast-seo-premium-wordpress\/ -->\n<title>F\u00f6r f\u00f6rsta g\u00e5ngen gifter sig de flesta borgligt - Svenska Magasinet<\/title>\n<meta name=\"robots\" content=\"noindex, follow, max-snippet:-1, max-image-preview:large, max-video-preview:-1\" \/>\n<meta property=\"og:locale\" content=\"sv_SE\" \/>\n<meta property=\"og:type\" content=\"article\" \/>\n<meta property=\"og:title\" content=\"F\u00f6r f\u00f6rsta g\u00e5ngen gifter sig de flesta borgligt\" \/>\n<meta property=\"og:description\" content=\"F\u00f6r f\u00f6rsta g\u00e5ngen \u00e4r det fler i Spanien som gifter sig borgligt \u00e4n som v\u00e4ljer att gifta sig katolskt. Det visar siffror f\u00f6r 2009 som redovisas av Instituto Nacional de Estad\u00edstica. P\u00e5 ett \u00e5r har det sv\u00e4ngt. Under fjol\u00e5ret f\u00f6rr\u00e4ttades 94.993 borgliga vigslar j\u00e4mf\u00f6rt med 80.174 kyrkliga vigslar. Under 2008 registrerades 99.104 kyrkliga vigslar och [&hellip;]\" \/>\n<meta property=\"og:url\" content=\"https:\/\/lightweb.dev\/l\/svm-temp\/nyheter\/for-forsta-gangen-gifter-sig-de-flesta-borgligt\/\" \/>\n<meta property=\"og:site_name\" content=\"Svenska Magasinet\" \/>\n<meta property=\"article:publisher\" content=\"https:\/\/www.facebook.com\/svenskamagasinet\" \/>\n<meta property=\"article:published_time\" content=\"2010-10-10T22:00:00+00:00\" \/>\n<meta name=\"author\" content=\"Redaktionen SvM\" \/>\n<meta name=\"twitter:card\" content=\"summary_large_image\" \/>\n<meta name=\"twitter:creator\" content=\"@SvenskaMagasine\" \/>\n<meta name=\"twitter:site\" content=\"@SvenskaMagasine\" \/>\n<script type=\"application\/ld+json\" class=\"yoast-schema-graph\">{\"@context\":\"https:\\\/\\\/schema.org\",\"@graph\":[{\"@type\":\"Article\",\"@id\":\"https:\\\/\\\/lightweb.dev\\\/l\\\/svm-temp\\\/nyheter\\\/for-forsta-gangen-gifter-sig-de-flesta-borgligt\\\/#article\",\"isPartOf\":{\"@id\":\"https:\\\/\\\/lightweb.dev\\\/l\\\/svm-temp\\\/nyheter\\\/for-forsta-gangen-gifter-sig-de-flesta-borgligt\\\/\"},\"author\":{\"name\":\"Redaktionen SvM\",\"@id\":\"https:\\\/\\\/lightweb.dev\\\/l\\\/svm-temp\\\/#\\\/schema\\\/person\\\/206a3bda5b607b0c25e1749191e4d837\"},\"headline\":\"F\u00f6r f\u00f6rsta g\u00e5ngen gifter sig de flesta borgligt\",\"datePublished\":\"2010-10-10T22:00:00+00:00\",\"mainEntityOfPage\":{\"@id\":\"https:\\\/\\\/lightweb.dev\\\/l\\\/svm-temp\\\/nyheter\\\/for-forsta-gangen-gifter-sig-de-flesta-borgligt\\\/\"},\"wordCount\":181,\"commentCount\":0,\"publisher\":{\"@id\":\"https:\\\/\\\/lightweb.dev\\\/l\\\/svm-temp\\\/#organization\"},\"image\":{\"@id\":\"https:\\\/\\\/lightweb.dev\\\/l\\\/svm-temp\\\/nyheter\\\/for-forsta-gangen-gifter-sig-de-flesta-borgligt\\\/#primaryimage\"},\"thumbnailUrl\":\"https:\\\/\\\/lightweb.dev\\\/l\\\/svm-temp\\\/wp-content\\\/uploads\\\/2022\\\/06\\\/for-forsta-gangen-gifter-sig-de-flesta-borgligt.png\",\"articleSection\":[\"Arkiv\",\"Nyheter\"],\"inLanguage\":\"sv-SE\"},{\"@type\":\"WebPage\",\"@id\":\"https:\\\/\\\/lightweb.dev\\\/l\\\/svm-temp\\\/nyheter\\\/for-forsta-gangen-gifter-sig-de-flesta-borgligt\\\/\",\"url\":\"https:\\\/\\\/lightweb.dev\\\/l\\\/svm-temp\\\/nyheter\\\/for-forsta-gangen-gifter-sig-de-flesta-borgligt\\\/\",\"name\":\"F\u00f6r f\u00f6rsta g\u00e5ngen gifter sig de flesta borgligt - Svenska Magasinet\",\"isPartOf\":{\"@id\":\"https:\\\/\\\/lightweb.dev\\\/l\\\/svm-temp\\\/#website\"},\"primaryImageOfPage\":{\"@id\":\"https:\\\/\\\/lightweb.dev\\\/l\\\/svm-temp\\\/nyheter\\\/for-forsta-gangen-gifter-sig-de-flesta-borgligt\\\/#primaryimage\"},\"image\":{\"@id\":\"https:\\\/\\\/lightweb.dev\\\/l\\\/svm-temp\\\/nyheter\\\/for-forsta-gangen-gifter-sig-de-flesta-borgligt\\\/#primaryimage\"},\"thumbnailUrl\":\"https:\\\/\\\/lightweb.dev\\\/l\\\/svm-temp\\\/wp-content\\\/uploads\\\/2022\\\/06\\\/for-forsta-gangen-gifter-sig-de-flesta-borgligt.png\",\"datePublished\":\"2010-10-10T22:00:00+00:00\",\"breadcrumb\":{\"@id\":\"https:\\\/\\\/lightweb.dev\\\/l\\\/svm-temp\\\/nyheter\\\/for-forsta-gangen-gifter-sig-de-flesta-borgligt\\\/#breadcrumb\"},\"inLanguage\":\"sv-SE\",\"potentialAction\":[{\"@type\":\"ReadAction\",\"target\":[\"https:\\\/\\\/lightweb.dev\\\/l\\\/svm-temp\\\/nyheter\\\/for-forsta-gangen-gifter-sig-de-flesta-borgligt\\\/\"]}]},{\"@type\":\"ImageObject\",\"inLanguage\":\"sv-SE\",\"@id\":\"https:\\\/\\\/lightweb.dev\\\/l\\\/svm-temp\\\/nyheter\\\/for-forsta-gangen-gifter-sig-de-flesta-borgligt\\\/#primaryimage\",\"url\":\"https:\\\/\\\/lightweb.dev\\\/l\\\/svm-temp\\\/wp-content\\\/uploads\\\/2022\\\/06\\\/for-forsta-gangen-gifter-sig-de-flesta-borgligt.png\",\"contentUrl\":\"https:\\\/\\\/lightweb.dev\\\/l\\\/svm-temp\\\/wp-content\\\/uploads\\\/2022\\\/06\\\/for-forsta-gangen-gifter-sig-de-flesta-borgligt.png\",\"width\":322,\"height\":200},{\"@type\":\"BreadcrumbList\",\"@id\":\"https:\\\/\\\/lightweb.dev\\\/l\\\/svm-temp\\\/nyheter\\\/for-forsta-gangen-gifter-sig-de-flesta-borgligt\\\/#breadcrumb\",\"itemListElement\":[{\"@type\":\"ListItem\",\"position\":1,\"name\":\"Hem\",\"item\":\"https:\\\/\\\/lightweb.dev\\\/l\\\/svm-temp\\\/\"},{\"@type\":\"ListItem\",\"position\":2,\"name\":\"F\u00f6r f\u00f6rsta g\u00e5ngen gifter sig de flesta borgligt\"}]},{\"@type\":\"WebSite\",\"@id\":\"https:\\\/\\\/lightweb.dev\\\/l\\\/svm-temp\\\/#website\",\"url\":\"https:\\\/\\\/lightweb.dev\\\/l\\\/svm-temp\\\/\",\"name\":\"Svenska Magasinet\",\"description\":\"Dina Spanska nyheter p&aring; Svenska\",\"publisher\":{\"@id\":\"https:\\\/\\\/lightweb.dev\\\/l\\\/svm-temp\\\/#organization\"},\"potentialAction\":[{\"@type\":\"SearchAction\",\"target\":{\"@type\":\"EntryPoint\",\"urlTemplate\":\"https:\\\/\\\/lightweb.dev\\\/l\\\/svm-temp\\\/?s={search_term_string}\"},\"query-input\":{\"@type\":\"PropertyValueSpecification\",\"valueRequired\":true,\"valueName\":\"search_term_string\"}}],\"inLanguage\":\"sv-SE\"},{\"@type\":\"Organization\",\"@id\":\"https:\\\/\\\/lightweb.dev\\\/l\\\/svm-temp\\\/#organization\",\"name\":\"Melkerson y Nott SL\",\"alternateName\":\"Svenska Magasinet\",\"url\":\"https:\\\/\\\/lightweb.dev\\\/l\\\/svm-temp\\\/\",\"logo\":{\"@type\":\"ImageObject\",\"inLanguage\":\"sv-SE\",\"@id\":\"https:\\\/\\\/lightweb.dev\\\/l\\\/svm-temp\\\/#\\\/schema\\\/logo\\\/image\\\/\",\"url\":\"https:\\\/\\\/lightweb.dev\\\/l\\\/svm-temp\\\/wp-content\\\/uploads\\\/2025\\\/02\\\/SvM-logo-Xtra-Centrerad-SVART.png\",\"contentUrl\":\"https:\\\/\\\/lightweb.dev\\\/l\\\/svm-temp\\\/wp-content\\\/uploads\\\/2025\\\/02\\\/SvM-logo-Xtra-Centrerad-SVART.png\",\"width\":300,\"height\":99,\"caption\":\"Melkerson y Nott SL\"},\"image\":{\"@id\":\"https:\\\/\\\/lightweb.dev\\\/l\\\/svm-temp\\\/#\\\/schema\\\/logo\\\/image\\\/\"},\"sameAs\":[\"https:\\\/\\\/www.facebook.com\\\/svenskamagasinet\",\"https:\\\/\\\/x.com\\\/SvenskaMagasine\"]},{\"@type\":\"Person\",\"@id\":\"https:\\\/\\\/lightweb.dev\\\/l\\\/svm-temp\\\/#\\\/schema\\\/person\\\/206a3bda5b607b0c25e1749191e4d837\",\"name\":\"Redaktionen SvM\",\"description\":\"Redaktionen\",\"sameAs\":[\"https:\\\/\\\/lightweb.dev\\\/l\\\/svm-temp\"],\"url\":\"https:\\\/\\\/lightweb.dev\\\/l\\\/svm-temp\\\/reporter\\\/redaktionen\\\/\"}]}<\/script>\n<!-- \/ Yoast SEO Premium plugin. -->","yoast_head_json":{"title":"F\u00f6r f\u00f6rsta g\u00e5ngen gifter sig de flesta borgligt - Svenska Magasinet","robots":{"index":"noindex","follow":"follow","max-snippet":"max-snippet:-1","max-image-preview":"max-image-preview:large","max-video-preview":"max-video-preview:-1"},"og_locale":"sv_SE","og_type":"article","og_title":"F\u00f6r f\u00f6rsta g\u00e5ngen gifter sig de flesta borgligt","og_description":"F\u00f6r f\u00f6rsta g\u00e5ngen \u00e4r det fler i Spanien som gifter sig borgligt \u00e4n som v\u00e4ljer att gifta sig katolskt. Det visar siffror f\u00f6r 2009 som redovisas av Instituto Nacional de Estad\u00edstica. P\u00e5 ett \u00e5r har det sv\u00e4ngt. Under fjol\u00e5ret f\u00f6rr\u00e4ttades 94.993 borgliga vigslar j\u00e4mf\u00f6rt med 80.174 kyrkliga vigslar. Under 2008 registrerades 99.104 kyrkliga vigslar och [&hellip;]","og_url":"https:\/\/lightweb.dev\/l\/svm-temp\/nyheter\/for-forsta-gangen-gifter-sig-de-flesta-borgligt\/","og_site_name":"Svenska Magasinet","article_publisher":"https:\/\/www.facebook.com\/svenskamagasinet","article_published_time":"2010-10-10T22:00:00+00:00","author":"Redaktionen SvM","twitter_card":"summary_large_image","twitter_creator":"@SvenskaMagasine","twitter_site":"@SvenskaMagasine","schema":{"@context":"https:\/\/schema.org","@graph":[{"@type":"Article","@id":"https:\/\/lightweb.dev\/l\/svm-temp\/nyheter\/for-forsta-gangen-gifter-sig-de-flesta-borgligt\/#article","isPartOf":{"@id":"https:\/\/lightweb.dev\/l\/svm-temp\/nyheter\/for-forsta-gangen-gifter-sig-de-flesta-borgligt\/"},"author":{"name":"Redaktionen SvM","@id":"https:\/\/lightweb.dev\/l\/svm-temp\/#\/schema\/person\/206a3bda5b607b0c25e1749191e4d837"},"headline":"F\u00f6r f\u00f6rsta g\u00e5ngen gifter sig de flesta borgligt","datePublished":"2010-10-10T22:00:00+00:00","mainEntityOfPage":{"@id":"https:\/\/lightweb.dev\/l\/svm-temp\/nyheter\/for-forsta-gangen-gifter-sig-de-flesta-borgligt\/"},"wordCount":181,"commentCount":0,"publisher":{"@id":"https:\/\/lightweb.dev\/l\/svm-temp\/#organization"},"image":{"@id":"https:\/\/lightweb.dev\/l\/svm-temp\/nyheter\/for-forsta-gangen-gifter-sig-de-flesta-borgligt\/#primaryimage"},"thumbnailUrl":"https:\/\/lightweb.dev\/l\/svm-temp\/wp-content\/uploads\/2022\/06\/for-forsta-gangen-gifter-sig-de-flesta-borgligt.png","articleSection":["Arkiv","Nyheter"],"inLanguage":"sv-SE"},{"@type":"WebPage","@id":"https:\/\/lightweb.dev\/l\/svm-temp\/nyheter\/for-forsta-gangen-gifter-sig-de-flesta-borgligt\/","url":"https:\/\/lightweb.dev\/l\/svm-temp\/nyheter\/for-forsta-gangen-gifter-sig-de-flesta-borgligt\/","name":"F\u00f6r f\u00f6rsta g\u00e5ngen gifter sig de flesta borgligt - Svenska Magasinet","isPartOf":{"@id":"https:\/\/lightweb.dev\/l\/svm-temp\/#website"},"primaryImageOfPage":{"@id":"https:\/\/lightweb.dev\/l\/svm-temp\/nyheter\/for-forsta-gangen-gifter-sig-de-flesta-borgligt\/#primaryimage"},"image":{"@id":"https:\/\/lightweb.dev\/l\/svm-temp\/nyheter\/for-forsta-gangen-gifter-sig-de-flesta-borgligt\/#primaryimage"},"thumbnailUrl":"https:\/\/lightweb.dev\/l\/svm-temp\/wp-content\/uploads\/2022\/06\/for-forsta-gangen-gifter-sig-de-flesta-borgligt.png","datePublished":"2010-10-10T22:00:00+00:00","breadcrumb":{"@id":"https:\/\/lightweb.dev\/l\/svm-temp\/nyheter\/for-forsta-gangen-gifter-sig-de-flesta-borgligt\/#breadcrumb"},"inLanguage":"sv-SE","potentialAction":[{"@type":"ReadAction","target":["https:\/\/lightweb.dev\/l\/svm-temp\/nyheter\/for-forsta-gangen-gifter-sig-de-flesta-borgligt\/"]}]},{"@type":"ImageObject","inLanguage":"sv-SE","@id":"https:\/\/lightweb.dev\/l\/svm-temp\/nyheter\/for-forsta-gangen-gifter-sig-de-flesta-borgligt\/#primaryimage","url":"https:\/\/lightweb.dev\/l\/svm-temp\/wp-content\/uploads\/2022\/06\/for-forsta-gangen-gifter-sig-de-flesta-borgligt.png","contentUrl":"https:\/\/lightweb.dev\/l\/svm-temp\/wp-content\/uploads\/2022\/06\/for-forsta-gangen-gifter-sig-de-flesta-borgligt.png","width":322,"height":200},{"@type":"BreadcrumbList","@id":"https:\/\/lightweb.dev\/l\/svm-temp\/nyheter\/for-forsta-gangen-gifter-sig-de-flesta-borgligt\/#breadcrumb","itemListElement":[{"@type":"ListItem","position":1,"name":"Hem","item":"https:\/\/lightweb.dev\/l\/svm-temp\/"},{"@type":"ListItem","position":2,"name":"F\u00f6r f\u00f6rsta g\u00e5ngen gifter sig de flesta borgligt"}]},{"@type":"WebSite","@id":"https:\/\/lightweb.dev\/l\/svm-temp\/#website","url":"https:\/\/lightweb.dev\/l\/svm-temp\/","name":"Svenska Magasinet","description":"Dina Spanska nyheter p&aring; Svenska","publisher":{"@id":"https:\/\/lightweb.dev\/l\/svm-temp\/#organization"},"potentialAction":[{"@type":"SearchAction","target":{"@type":"EntryPoint","urlTemplate":"https:\/\/lightweb.dev\/l\/svm-temp\/?s={search_term_string}"},"query-input":{"@type":"PropertyValueSpecification","valueRequired":true,"valueName":"search_term_string"}}],"inLanguage":"sv-SE"},{"@type":"Organization","@id":"https:\/\/lightweb.dev\/l\/svm-temp\/#organization","name":"Melkerson y Nott SL","alternateName":"Svenska Magasinet","url":"https:\/\/lightweb.dev\/l\/svm-temp\/","logo":{"@type":"ImageObject","inLanguage":"sv-SE","@id":"https:\/\/lightweb.dev\/l\/svm-temp\/#\/schema\/logo\/image\/","url":"https:\/\/lightweb.dev\/l\/svm-temp\/wp-content\/uploads\/2025\/02\/SvM-logo-Xtra-Centrerad-SVART.png","contentUrl":"https:\/\/lightweb.dev\/l\/svm-temp\/wp-content\/uploads\/2025\/02\/SvM-logo-Xtra-Centrerad-SVART.png","width":300,"height":99,"caption":"Melkerson y Nott SL"},"image":{"@id":"https:\/\/lightweb.dev\/l\/svm-temp\/#\/schema\/logo\/image\/"},"sameAs":["https:\/\/www.facebook.com\/svenskamagasinet","https:\/\/x.com\/SvenskaMagasine"]},{"@type":"Person","@id":"https:\/\/lightweb.dev\/l\/svm-temp\/#\/schema\/person\/206a3bda5b607b0c25e1749191e4d837","name":"Redaktionen SvM","description":"Redaktionen","sameAs":["https:\/\/lightweb.dev\/l\/svm-temp"],"url":"https:\/\/lightweb.dev\/l\/svm-temp\/reporter\/redaktionen\/"}]}},"_links":{"self":[{"href":"https:\/\/lightweb.dev\/l\/svm-temp\/wp-json\/wp\/v2\/posts\/43618","targetHints":{"allow":["GET"]}}],"collection":[{"href":"https:\/\/lightweb.dev\/l\/svm-temp\/wp-json\/wp\/v2\/posts"}],"about":[{"href":"https:\/\/lightweb.dev\/l\/svm-temp\/wp-json\/wp\/v2\/types\/post"}],"author":[{"embeddable":true,"href":"https:\/\/lightweb.dev\/l\/svm-temp\/wp-json\/wp\/v2\/users\/8"}],"replies":[{"embeddable":true,"href":"https:\/\/lightweb.dev\/l\/svm-temp\/wp-json\/wp\/v2\/comments?post=43618"}],"version-history":[{"count":0,"href":"https:\/\/lightweb.dev\/l\/svm-temp\/wp-json\/wp\/v2\/posts\/43618\/revisions"}],"wp:featuredmedia":[{"embeddable":true,"href":"https:\/\/lightweb.dev\/l\/svm-temp\/wp-json\/wp\/v2\/media\/43619"}],"wp:attachment":[{"href":"https:\/\/lightweb.dev\/l\/svm-temp\/wp-json\/wp\/v2\/media?parent=43618"}],"wp:term":[{"taxonomy":"category","embeddable":true,"href":"https:\/\/lightweb.dev\/l\/svm-temp\/wp-json\/wp\/v2\/categories?post=43618"},{"taxonomy":"post_tag","embeddable":true,"href":"https:\/\/lightweb.dev\/l\/svm-temp\/wp-json\/wp\/v2\/tags?post=43618"}],"curies":[{"name":"wp","href":"https:\/\/api.w.org\/{rel}","templated":true}]}}