{"id":43674,"date":"2010-09-30T00:00:00","date_gmt":"2010-09-29T22:00:00","guid":{"rendered":"https:\/\/lightweb.dev\/l\/svm-temp\/nyheter\/installda-flyg-mellan-sverige-och-spanien-under-gardagen\/"},"modified":"2010-09-30T00:00:00","modified_gmt":"2010-09-29T22:00:00","slug":"installda-flyg-mellan-sverige-och-spanien-under-gardagen","status":"publish","type":"post","link":"https:\/\/lightweb.dev\/l\/svm-temp\/nyheter\/installda-flyg-mellan-sverige-och-spanien-under-gardagen\/","title":{"rendered":"Inst\u00e4llda flyg mellan Sverige och Spanien under g\u00e5rdagen"},"content":{"rendered":"<p> Det blev trafikst\u00f6rningar i samband med den spanska generalstrejken under g\u00e5rdagen. Inte mindre \u00e4n 308 flygningar med l\u00e5gprisflygbolaget Ryanair st\u00e4lldes in.<\/p>\n<p>-Vi vet inte hur m\u00e5nga svenska resen\u00e4rer som drabbas men alla har blivit kontaktade, s\u00e4ger Elina Hakkarainen, Ryanairs marknadsansvarig f\u00f6r Norden, till Aftonbladet.<\/p>\n<p>Ryanair gick f\u00f6rst ut med information om att de skulle fullf\u00f6lja sina flygningar. Passagerarna kunde dock endast resa med handbagage. Men d\u00e5 spanska staten misslyckats med att skydda icke-spanska flygbolag med en garanti f\u00f6r minimun service, tvingas Ryanair att st\u00e4lla in hundratals flygningar.<\/p>\n<p>Fr\u00e5n Stockholm Skavsta drabbas en avg\u00e5ng till Alicante och fr\u00e5n G\u00f6teborg drabbas resen\u00e4rerna som skulle till Girona liksom Nyk\u00f6ping-Alicante och Norrk\u00f6ping-Alicante. Sammanlagt \u00e4r det sex flygningar som st\u00e4lldes in.<\/p>\n<p>SAS hade inga avg\u00e5ngar mellan Sverige och Spanien som drabbades av strejken. D\u00e4remot tvingades de st\u00e4llas in tv\u00e5 avg\u00e5ngar fr\u00e5n b\u00e5de Oslo och K\u00f6penhamn, \u00e4ven anl\u00e4ndande plan fr\u00e5n Spanien st\u00e4lldes in till de tv\u00e5 nordiska huvudst\u00e4derna.<\/p>\n<p>Om du \u00e4r drabbad kan du g\u00e5 in p\u00e5 www.ryanair.se och se vilka typer av \u00e5terbetalning som finns f\u00f6r inst\u00e4llda flyg och betalt bagage. <\/p>\n","protected":false},"excerpt":{"rendered":"<p>Det blev trafikst\u00f6rningar i samband med den spanska generalstrejken under g\u00e5rdagen. Inte mindre \u00e4n 308 flygningar med l\u00e5gprisflygbolaget Ryanair st\u00e4lldes in. -Vi vet inte hur m\u00e5nga svenska resen\u00e4rer som drabbas men alla har blivit kontaktade, s\u00e4ger Elina Hakkarainen, Ryanairs marknadsansvarig f\u00f6r Norden, till Aftonbladet. Ryanair gick f\u00f6rst ut med information om att de skulle fullf\u00f6lja [&hellip;]<\/p>\n","protected":false},"author":8,"featured_media":43675,"comment_status":"open","ping_status":"open","sticky":false,"template":"","format":"standard","meta":{"_et_pb_use_builder":"","_et_pb_old_content":"","_et_gb_content_width":"","footnotes":""},"categories":[395,3],"tags":[],"class_list":["post-43674","post","type-post","status-publish","format-standard","has-post-thumbnail","hentry","category-arkiv-nyheter","category-nyheter"],"yoast_head":"<!-- This site is optimized with the Yoast SEO Premium plugin v26.2 (Yoast SEO v27.4) - https:\/\/yoast.com\/product\/yoast-seo-premium-wordpress\/ -->\n<title>Inst\u00e4llda flyg mellan Sverige och Spanien under g\u00e5rdagen - Svenska Magasinet<\/title>\n<meta name=\"robots\" content=\"noindex, follow, max-snippet:-1, max-image-preview:large, max-video-preview:-1\" \/>\n<meta property=\"og:locale\" content=\"sv_SE\" \/>\n<meta property=\"og:type\" content=\"article\" \/>\n<meta property=\"og:title\" content=\"Inst\u00e4llda flyg mellan Sverige och Spanien under g\u00e5rdagen\" \/>\n<meta property=\"og:description\" content=\"Det blev trafikst\u00f6rningar i samband med den spanska generalstrejken under g\u00e5rdagen. Inte mindre \u00e4n 308 flygningar med l\u00e5gprisflygbolaget Ryanair st\u00e4lldes in. -Vi vet inte hur m\u00e5nga svenska resen\u00e4rer som drabbas men alla har blivit kontaktade, s\u00e4ger Elina Hakkarainen, Ryanairs marknadsansvarig f\u00f6r Norden, till Aftonbladet. Ryanair gick f\u00f6rst ut med information om att de skulle fullf\u00f6lja [&hellip;]\" \/>\n<meta property=\"og:url\" content=\"https:\/\/lightweb.dev\/l\/svm-temp\/nyheter\/installda-flyg-mellan-sverige-och-spanien-under-gardagen\/\" \/>\n<meta property=\"og:site_name\" content=\"Svenska Magasinet\" \/>\n<meta property=\"article:publisher\" content=\"https:\/\/www.facebook.com\/svenskamagasinet\" \/>\n<meta property=\"article:published_time\" content=\"2010-09-29T22:00:00+00:00\" \/>\n<meta name=\"author\" content=\"Redaktionen SvM\" \/>\n<meta name=\"twitter:card\" content=\"summary_large_image\" \/>\n<meta name=\"twitter:creator\" content=\"@SvenskaMagasine\" \/>\n<meta name=\"twitter:site\" content=\"@SvenskaMagasine\" \/>\n<script type=\"application\/ld+json\" class=\"yoast-schema-graph\">{\"@context\":\"https:\\\/\\\/schema.org\",\"@graph\":[{\"@type\":\"Article\",\"@id\":\"https:\\\/\\\/lightweb.dev\\\/l\\\/svm-temp\\\/nyheter\\\/installda-flyg-mellan-sverige-och-spanien-under-gardagen\\\/#article\",\"isPartOf\":{\"@id\":\"https:\\\/\\\/lightweb.dev\\\/l\\\/svm-temp\\\/nyheter\\\/installda-flyg-mellan-sverige-och-spanien-under-gardagen\\\/\"},\"author\":{\"name\":\"Redaktionen SvM\",\"@id\":\"https:\\\/\\\/lightweb.dev\\\/l\\\/svm-temp\\\/#\\\/schema\\\/person\\\/206a3bda5b607b0c25e1749191e4d837\"},\"headline\":\"Inst\u00e4llda flyg mellan Sverige och Spanien under g\u00e5rdagen\",\"datePublished\":\"2010-09-29T22:00:00+00:00\",\"mainEntityOfPage\":{\"@id\":\"https:\\\/\\\/lightweb.dev\\\/l\\\/svm-temp\\\/nyheter\\\/installda-flyg-mellan-sverige-och-spanien-under-gardagen\\\/\"},\"wordCount\":220,\"commentCount\":0,\"publisher\":{\"@id\":\"https:\\\/\\\/lightweb.dev\\\/l\\\/svm-temp\\\/#organization\"},\"image\":{\"@id\":\"https:\\\/\\\/lightweb.dev\\\/l\\\/svm-temp\\\/nyheter\\\/installda-flyg-mellan-sverige-och-spanien-under-gardagen\\\/#primaryimage\"},\"thumbnailUrl\":\"https:\\\/\\\/lightweb.dev\\\/l\\\/svm-temp\\\/wp-content\\\/uploads\\\/2022\\\/06\\\/installda-flyg-mellan-sverige-och-spanien-under-gardagen.png\",\"articleSection\":[\"Arkiv\",\"Nyheter\"],\"inLanguage\":\"sv-SE\"},{\"@type\":\"WebPage\",\"@id\":\"https:\\\/\\\/lightweb.dev\\\/l\\\/svm-temp\\\/nyheter\\\/installda-flyg-mellan-sverige-och-spanien-under-gardagen\\\/\",\"url\":\"https:\\\/\\\/lightweb.dev\\\/l\\\/svm-temp\\\/nyheter\\\/installda-flyg-mellan-sverige-och-spanien-under-gardagen\\\/\",\"name\":\"Inst\u00e4llda flyg mellan Sverige och Spanien under g\u00e5rdagen - Svenska Magasinet\",\"isPartOf\":{\"@id\":\"https:\\\/\\\/lightweb.dev\\\/l\\\/svm-temp\\\/#website\"},\"primaryImageOfPage\":{\"@id\":\"https:\\\/\\\/lightweb.dev\\\/l\\\/svm-temp\\\/nyheter\\\/installda-flyg-mellan-sverige-och-spanien-under-gardagen\\\/#primaryimage\"},\"image\":{\"@id\":\"https:\\\/\\\/lightweb.dev\\\/l\\\/svm-temp\\\/nyheter\\\/installda-flyg-mellan-sverige-och-spanien-under-gardagen\\\/#primaryimage\"},\"thumbnailUrl\":\"https:\\\/\\\/lightweb.dev\\\/l\\\/svm-temp\\\/wp-content\\\/uploads\\\/2022\\\/06\\\/installda-flyg-mellan-sverige-och-spanien-under-gardagen.png\",\"datePublished\":\"2010-09-29T22:00:00+00:00\",\"breadcrumb\":{\"@id\":\"https:\\\/\\\/lightweb.dev\\\/l\\\/svm-temp\\\/nyheter\\\/installda-flyg-mellan-sverige-och-spanien-under-gardagen\\\/#breadcrumb\"},\"inLanguage\":\"sv-SE\",\"potentialAction\":[{\"@type\":\"ReadAction\",\"target\":[\"https:\\\/\\\/lightweb.dev\\\/l\\\/svm-temp\\\/nyheter\\\/installda-flyg-mellan-sverige-och-spanien-under-gardagen\\\/\"]}]},{\"@type\":\"ImageObject\",\"inLanguage\":\"sv-SE\",\"@id\":\"https:\\\/\\\/lightweb.dev\\\/l\\\/svm-temp\\\/nyheter\\\/installda-flyg-mellan-sverige-och-spanien-under-gardagen\\\/#primaryimage\",\"url\":\"https:\\\/\\\/lightweb.dev\\\/l\\\/svm-temp\\\/wp-content\\\/uploads\\\/2022\\\/06\\\/installda-flyg-mellan-sverige-och-spanien-under-gardagen.png\",\"contentUrl\":\"https:\\\/\\\/lightweb.dev\\\/l\\\/svm-temp\\\/wp-content\\\/uploads\\\/2022\\\/06\\\/installda-flyg-mellan-sverige-och-spanien-under-gardagen.png\",\"width\":284,\"height\":200},{\"@type\":\"BreadcrumbList\",\"@id\":\"https:\\\/\\\/lightweb.dev\\\/l\\\/svm-temp\\\/nyheter\\\/installda-flyg-mellan-sverige-och-spanien-under-gardagen\\\/#breadcrumb\",\"itemListElement\":[{\"@type\":\"ListItem\",\"position\":1,\"name\":\"Hem\",\"item\":\"https:\\\/\\\/lightweb.dev\\\/l\\\/svm-temp\\\/\"},{\"@type\":\"ListItem\",\"position\":2,\"name\":\"Inst\u00e4llda flyg mellan Sverige och Spanien under g\u00e5rdagen\"}]},{\"@type\":\"WebSite\",\"@id\":\"https:\\\/\\\/lightweb.dev\\\/l\\\/svm-temp\\\/#website\",\"url\":\"https:\\\/\\\/lightweb.dev\\\/l\\\/svm-temp\\\/\",\"name\":\"Svenska Magasinet\",\"description\":\"Dina Spanska nyheter p&aring; Svenska\",\"publisher\":{\"@id\":\"https:\\\/\\\/lightweb.dev\\\/l\\\/svm-temp\\\/#organization\"},\"potentialAction\":[{\"@type\":\"SearchAction\",\"target\":{\"@type\":\"EntryPoint\",\"urlTemplate\":\"https:\\\/\\\/lightweb.dev\\\/l\\\/svm-temp\\\/?s={search_term_string}\"},\"query-input\":{\"@type\":\"PropertyValueSpecification\",\"valueRequired\":true,\"valueName\":\"search_term_string\"}}],\"inLanguage\":\"sv-SE\"},{\"@type\":\"Organization\",\"@id\":\"https:\\\/\\\/lightweb.dev\\\/l\\\/svm-temp\\\/#organization\",\"name\":\"Melkerson y Nott SL\",\"alternateName\":\"Svenska Magasinet\",\"url\":\"https:\\\/\\\/lightweb.dev\\\/l\\\/svm-temp\\\/\",\"logo\":{\"@type\":\"ImageObject\",\"inLanguage\":\"sv-SE\",\"@id\":\"https:\\\/\\\/lightweb.dev\\\/l\\\/svm-temp\\\/#\\\/schema\\\/logo\\\/image\\\/\",\"url\":\"https:\\\/\\\/lightweb.dev\\\/l\\\/svm-temp\\\/wp-content\\\/uploads\\\/2025\\\/02\\\/SvM-logo-Xtra-Centrerad-SVART.png\",\"contentUrl\":\"https:\\\/\\\/lightweb.dev\\\/l\\\/svm-temp\\\/wp-content\\\/uploads\\\/2025\\\/02\\\/SvM-logo-Xtra-Centrerad-SVART.png\",\"width\":300,\"height\":99,\"caption\":\"Melkerson y Nott SL\"},\"image\":{\"@id\":\"https:\\\/\\\/lightweb.dev\\\/l\\\/svm-temp\\\/#\\\/schema\\\/logo\\\/image\\\/\"},\"sameAs\":[\"https:\\\/\\\/www.facebook.com\\\/svenskamagasinet\",\"https:\\\/\\\/x.com\\\/SvenskaMagasine\"]},{\"@type\":\"Person\",\"@id\":\"https:\\\/\\\/lightweb.dev\\\/l\\\/svm-temp\\\/#\\\/schema\\\/person\\\/206a3bda5b607b0c25e1749191e4d837\",\"name\":\"Redaktionen SvM\",\"description\":\"Redaktionen\",\"sameAs\":[\"https:\\\/\\\/lightweb.dev\\\/l\\\/svm-temp\"],\"url\":\"https:\\\/\\\/lightweb.dev\\\/l\\\/svm-temp\\\/reporter\\\/redaktionen\\\/\"}]}<\/script>\n<!-- \/ Yoast SEO Premium plugin. -->","yoast_head_json":{"title":"Inst\u00e4llda flyg mellan Sverige och Spanien under g\u00e5rdagen - Svenska Magasinet","robots":{"index":"noindex","follow":"follow","max-snippet":"max-snippet:-1","max-image-preview":"max-image-preview:large","max-video-preview":"max-video-preview:-1"},"og_locale":"sv_SE","og_type":"article","og_title":"Inst\u00e4llda flyg mellan Sverige och Spanien under g\u00e5rdagen","og_description":"Det blev trafikst\u00f6rningar i samband med den spanska generalstrejken under g\u00e5rdagen. Inte mindre \u00e4n 308 flygningar med l\u00e5gprisflygbolaget Ryanair st\u00e4lldes in. -Vi vet inte hur m\u00e5nga svenska resen\u00e4rer som drabbas men alla har blivit kontaktade, s\u00e4ger Elina Hakkarainen, Ryanairs marknadsansvarig f\u00f6r Norden, till Aftonbladet. Ryanair gick f\u00f6rst ut med information om att de skulle fullf\u00f6lja [&hellip;]","og_url":"https:\/\/lightweb.dev\/l\/svm-temp\/nyheter\/installda-flyg-mellan-sverige-och-spanien-under-gardagen\/","og_site_name":"Svenska Magasinet","article_publisher":"https:\/\/www.facebook.com\/svenskamagasinet","article_published_time":"2010-09-29T22:00:00+00:00","author":"Redaktionen SvM","twitter_card":"summary_large_image","twitter_creator":"@SvenskaMagasine","twitter_site":"@SvenskaMagasine","schema":{"@context":"https:\/\/schema.org","@graph":[{"@type":"Article","@id":"https:\/\/lightweb.dev\/l\/svm-temp\/nyheter\/installda-flyg-mellan-sverige-och-spanien-under-gardagen\/#article","isPartOf":{"@id":"https:\/\/lightweb.dev\/l\/svm-temp\/nyheter\/installda-flyg-mellan-sverige-och-spanien-under-gardagen\/"},"author":{"name":"Redaktionen SvM","@id":"https:\/\/lightweb.dev\/l\/svm-temp\/#\/schema\/person\/206a3bda5b607b0c25e1749191e4d837"},"headline":"Inst\u00e4llda flyg mellan Sverige och Spanien under g\u00e5rdagen","datePublished":"2010-09-29T22:00:00+00:00","mainEntityOfPage":{"@id":"https:\/\/lightweb.dev\/l\/svm-temp\/nyheter\/installda-flyg-mellan-sverige-och-spanien-under-gardagen\/"},"wordCount":220,"commentCount":0,"publisher":{"@id":"https:\/\/lightweb.dev\/l\/svm-temp\/#organization"},"image":{"@id":"https:\/\/lightweb.dev\/l\/svm-temp\/nyheter\/installda-flyg-mellan-sverige-och-spanien-under-gardagen\/#primaryimage"},"thumbnailUrl":"https:\/\/lightweb.dev\/l\/svm-temp\/wp-content\/uploads\/2022\/06\/installda-flyg-mellan-sverige-och-spanien-under-gardagen.png","articleSection":["Arkiv","Nyheter"],"inLanguage":"sv-SE"},{"@type":"WebPage","@id":"https:\/\/lightweb.dev\/l\/svm-temp\/nyheter\/installda-flyg-mellan-sverige-och-spanien-under-gardagen\/","url":"https:\/\/lightweb.dev\/l\/svm-temp\/nyheter\/installda-flyg-mellan-sverige-och-spanien-under-gardagen\/","name":"Inst\u00e4llda flyg mellan Sverige och Spanien under g\u00e5rdagen - Svenska Magasinet","isPartOf":{"@id":"https:\/\/lightweb.dev\/l\/svm-temp\/#website"},"primaryImageOfPage":{"@id":"https:\/\/lightweb.dev\/l\/svm-temp\/nyheter\/installda-flyg-mellan-sverige-och-spanien-under-gardagen\/#primaryimage"},"image":{"@id":"https:\/\/lightweb.dev\/l\/svm-temp\/nyheter\/installda-flyg-mellan-sverige-och-spanien-under-gardagen\/#primaryimage"},"thumbnailUrl":"https:\/\/lightweb.dev\/l\/svm-temp\/wp-content\/uploads\/2022\/06\/installda-flyg-mellan-sverige-och-spanien-under-gardagen.png","datePublished":"2010-09-29T22:00:00+00:00","breadcrumb":{"@id":"https:\/\/lightweb.dev\/l\/svm-temp\/nyheter\/installda-flyg-mellan-sverige-och-spanien-under-gardagen\/#breadcrumb"},"inLanguage":"sv-SE","potentialAction":[{"@type":"ReadAction","target":["https:\/\/lightweb.dev\/l\/svm-temp\/nyheter\/installda-flyg-mellan-sverige-och-spanien-under-gardagen\/"]}]},{"@type":"ImageObject","inLanguage":"sv-SE","@id":"https:\/\/lightweb.dev\/l\/svm-temp\/nyheter\/installda-flyg-mellan-sverige-och-spanien-under-gardagen\/#primaryimage","url":"https:\/\/lightweb.dev\/l\/svm-temp\/wp-content\/uploads\/2022\/06\/installda-flyg-mellan-sverige-och-spanien-under-gardagen.png","contentUrl":"https:\/\/lightweb.dev\/l\/svm-temp\/wp-content\/uploads\/2022\/06\/installda-flyg-mellan-sverige-och-spanien-under-gardagen.png","width":284,"height":200},{"@type":"BreadcrumbList","@id":"https:\/\/lightweb.dev\/l\/svm-temp\/nyheter\/installda-flyg-mellan-sverige-och-spanien-under-gardagen\/#breadcrumb","itemListElement":[{"@type":"ListItem","position":1,"name":"Hem","item":"https:\/\/lightweb.dev\/l\/svm-temp\/"},{"@type":"ListItem","position":2,"name":"Inst\u00e4llda flyg mellan Sverige och Spanien under g\u00e5rdagen"}]},{"@type":"WebSite","@id":"https:\/\/lightweb.dev\/l\/svm-temp\/#website","url":"https:\/\/lightweb.dev\/l\/svm-temp\/","name":"Svenska Magasinet","description":"Dina Spanska nyheter p&aring; Svenska","publisher":{"@id":"https:\/\/lightweb.dev\/l\/svm-temp\/#organization"},"potentialAction":[{"@type":"SearchAction","target":{"@type":"EntryPoint","urlTemplate":"https:\/\/lightweb.dev\/l\/svm-temp\/?s={search_term_string}"},"query-input":{"@type":"PropertyValueSpecification","valueRequired":true,"valueName":"search_term_string"}}],"inLanguage":"sv-SE"},{"@type":"Organization","@id":"https:\/\/lightweb.dev\/l\/svm-temp\/#organization","name":"Melkerson y Nott SL","alternateName":"Svenska Magasinet","url":"https:\/\/lightweb.dev\/l\/svm-temp\/","logo":{"@type":"ImageObject","inLanguage":"sv-SE","@id":"https:\/\/lightweb.dev\/l\/svm-temp\/#\/schema\/logo\/image\/","url":"https:\/\/lightweb.dev\/l\/svm-temp\/wp-content\/uploads\/2025\/02\/SvM-logo-Xtra-Centrerad-SVART.png","contentUrl":"https:\/\/lightweb.dev\/l\/svm-temp\/wp-content\/uploads\/2025\/02\/SvM-logo-Xtra-Centrerad-SVART.png","width":300,"height":99,"caption":"Melkerson y Nott SL"},"image":{"@id":"https:\/\/lightweb.dev\/l\/svm-temp\/#\/schema\/logo\/image\/"},"sameAs":["https:\/\/www.facebook.com\/svenskamagasinet","https:\/\/x.com\/SvenskaMagasine"]},{"@type":"Person","@id":"https:\/\/lightweb.dev\/l\/svm-temp\/#\/schema\/person\/206a3bda5b607b0c25e1749191e4d837","name":"Redaktionen SvM","description":"Redaktionen","sameAs":["https:\/\/lightweb.dev\/l\/svm-temp"],"url":"https:\/\/lightweb.dev\/l\/svm-temp\/reporter\/redaktionen\/"}]}},"_links":{"self":[{"href":"https:\/\/lightweb.dev\/l\/svm-temp\/wp-json\/wp\/v2\/posts\/43674","targetHints":{"allow":["GET"]}}],"collection":[{"href":"https:\/\/lightweb.dev\/l\/svm-temp\/wp-json\/wp\/v2\/posts"}],"about":[{"href":"https:\/\/lightweb.dev\/l\/svm-temp\/wp-json\/wp\/v2\/types\/post"}],"author":[{"embeddable":true,"href":"https:\/\/lightweb.dev\/l\/svm-temp\/wp-json\/wp\/v2\/users\/8"}],"replies":[{"embeddable":true,"href":"https:\/\/lightweb.dev\/l\/svm-temp\/wp-json\/wp\/v2\/comments?post=43674"}],"version-history":[{"count":0,"href":"https:\/\/lightweb.dev\/l\/svm-temp\/wp-json\/wp\/v2\/posts\/43674\/revisions"}],"wp:featuredmedia":[{"embeddable":true,"href":"https:\/\/lightweb.dev\/l\/svm-temp\/wp-json\/wp\/v2\/media\/43675"}],"wp:attachment":[{"href":"https:\/\/lightweb.dev\/l\/svm-temp\/wp-json\/wp\/v2\/media?parent=43674"}],"wp:term":[{"taxonomy":"category","embeddable":true,"href":"https:\/\/lightweb.dev\/l\/svm-temp\/wp-json\/wp\/v2\/categories?post=43674"},{"taxonomy":"post_tag","embeddable":true,"href":"https:\/\/lightweb.dev\/l\/svm-temp\/wp-json\/wp\/v2\/tags?post=43674"}],"curies":[{"name":"wp","href":"https:\/\/api.w.org\/{rel}","templated":true}]}}