{"id":43682,"date":"2010-09-30T00:00:00","date_gmt":"2010-09-29T22:00:00","guid":{"rendered":"https:\/\/lightweb.dev\/l\/svm-temp\/nyheter\/hostal-marbella-vill-satsa-pa-uthyrningsverksamhet\/"},"modified":"2010-09-30T00:00:00","modified_gmt":"2010-09-29T22:00:00","slug":"hostal-marbella-vill-satsa-pa-uthyrningsverksamhet","status":"publish","type":"post","link":"https:\/\/lightweb.dev\/l\/svm-temp\/nyheter\/hostal-marbella-vill-satsa-pa-uthyrningsverksamhet\/","title":{"rendered":"Hostal Marbella vill satsa p\u00e5 uthyrningsverksamhet"},"content":{"rendered":"<p> I morgon fredag h\u00e5ller Hostal Marbella i Fuengirola \u00f6ppet hus. D\u00e5 kommer det nya \u00e4garparet Carola och Stig Nicklasson att presentera sin nya verksamhet p\u00e5 kusten.<\/p>\n<p>-P\u00e5 plats \u00e4r \u00e4ven v\u00e5r personal fr\u00e5n stugbokningsf\u00f6retagen Bo i Sk\u00e5ne och Bo i Sm\u00e5land vilket \u00e4r v\u00e5r uthyrningsverksamhet f\u00f6r semesterboende som funnits i Sverige i tio \u00e5r. Vi s\u00f6ker nu samarbetspartner h\u00e4r p\u00e5 Solkusten.<br \/>\n-Vi har tiotusentals kunder i v\u00e5rt system som vi f\u00e5tt genom \u00e5ren. I framtiden hoppas vi kunna erbjuda trevliga objekt p\u00e5 Solkusten, s\u00e4ger Carola Nicklasson till Svenska Magasinets n\u00e4tupplaga.<\/p>\n<p>De som \u00e4r intresserade kan st\u00e4lla fr\u00e5gor till f\u00f6retagets personal som har stor erfarenhet av detta. Po\u00e4ngen med v\u00e5r verksamhet \u00e4r att det g\u00e5r via n\u00e4tet och vi har h\u00e5llit p\u00e5 med detta i tio \u00e5r, s\u00e4ger Carola Nicklasson.<\/p>\n<p>Hostal Marbella ligger p\u00e5 Calle Marbella, en tv\u00e4rgata till Plaza de la Constituci\u00f3n, eller \u201dKyrktorget\u201d. Det \u00e4r \u00f6ppet hus fr\u00e5n klockan 18. <\/p>\n","protected":false},"excerpt":{"rendered":"<p>I morgon fredag h\u00e5ller Hostal Marbella i Fuengirola \u00f6ppet hus. D\u00e5 kommer det nya \u00e4garparet Carola och Stig Nicklasson att presentera sin nya verksamhet p\u00e5 kusten. -P\u00e5 plats \u00e4r \u00e4ven v\u00e5r personal fr\u00e5n stugbokningsf\u00f6retagen Bo i Sk\u00e5ne och Bo i Sm\u00e5land vilket \u00e4r v\u00e5r uthyrningsverksamhet f\u00f6r semesterboende som funnits i Sverige i tio \u00e5r. Vi [&hellip;]<\/p>\n","protected":false},"author":8,"featured_media":43683,"comment_status":"open","ping_status":"open","sticky":false,"template":"","format":"standard","meta":{"_et_pb_use_builder":"","_et_pb_old_content":"","_et_gb_content_width":"","footnotes":""},"categories":[395,3],"tags":[],"class_list":["post-43682","post","type-post","status-publish","format-standard","has-post-thumbnail","hentry","category-arkiv-nyheter","category-nyheter"],"yoast_head":"<!-- This site is optimized with the Yoast SEO Premium plugin v26.2 (Yoast SEO v27.4) - https:\/\/yoast.com\/product\/yoast-seo-premium-wordpress\/ -->\n<title>Hostal Marbella vill satsa p\u00e5 uthyrningsverksamhet - Svenska Magasinet<\/title>\n<meta name=\"robots\" content=\"noindex, follow, max-snippet:-1, max-image-preview:large, max-video-preview:-1\" \/>\n<meta property=\"og:locale\" content=\"sv_SE\" \/>\n<meta property=\"og:type\" content=\"article\" \/>\n<meta property=\"og:title\" content=\"Hostal Marbella vill satsa p\u00e5 uthyrningsverksamhet\" \/>\n<meta property=\"og:description\" content=\"I morgon fredag h\u00e5ller Hostal Marbella i Fuengirola \u00f6ppet hus. D\u00e5 kommer det nya \u00e4garparet Carola och Stig Nicklasson att presentera sin nya verksamhet p\u00e5 kusten. -P\u00e5 plats \u00e4r \u00e4ven v\u00e5r personal fr\u00e5n stugbokningsf\u00f6retagen Bo i Sk\u00e5ne och Bo i Sm\u00e5land vilket \u00e4r v\u00e5r uthyrningsverksamhet f\u00f6r semesterboende som funnits i Sverige i tio \u00e5r. Vi [&hellip;]\" \/>\n<meta property=\"og:url\" content=\"https:\/\/lightweb.dev\/l\/svm-temp\/nyheter\/hostal-marbella-vill-satsa-pa-uthyrningsverksamhet\/\" \/>\n<meta property=\"og:site_name\" content=\"Svenska Magasinet\" \/>\n<meta property=\"article:publisher\" content=\"https:\/\/www.facebook.com\/svenskamagasinet\" \/>\n<meta property=\"article:published_time\" content=\"2010-09-29T22:00:00+00:00\" \/>\n<meta name=\"author\" content=\"Redaktionen SvM\" \/>\n<meta name=\"twitter:card\" content=\"summary_large_image\" \/>\n<meta name=\"twitter:creator\" content=\"@SvenskaMagasine\" \/>\n<meta name=\"twitter:site\" content=\"@SvenskaMagasine\" \/>\n<script type=\"application\/ld+json\" class=\"yoast-schema-graph\">{\"@context\":\"https:\\\/\\\/schema.org\",\"@graph\":[{\"@type\":\"Article\",\"@id\":\"https:\\\/\\\/lightweb.dev\\\/l\\\/svm-temp\\\/nyheter\\\/hostal-marbella-vill-satsa-pa-uthyrningsverksamhet\\\/#article\",\"isPartOf\":{\"@id\":\"https:\\\/\\\/lightweb.dev\\\/l\\\/svm-temp\\\/nyheter\\\/hostal-marbella-vill-satsa-pa-uthyrningsverksamhet\\\/\"},\"author\":{\"name\":\"Redaktionen SvM\",\"@id\":\"https:\\\/\\\/lightweb.dev\\\/l\\\/svm-temp\\\/#\\\/schema\\\/person\\\/206a3bda5b607b0c25e1749191e4d837\"},\"headline\":\"Hostal Marbella vill satsa p\u00e5 uthyrningsverksamhet\",\"datePublished\":\"2010-09-29T22:00:00+00:00\",\"mainEntityOfPage\":{\"@id\":\"https:\\\/\\\/lightweb.dev\\\/l\\\/svm-temp\\\/nyheter\\\/hostal-marbella-vill-satsa-pa-uthyrningsverksamhet\\\/\"},\"wordCount\":182,\"commentCount\":0,\"publisher\":{\"@id\":\"https:\\\/\\\/lightweb.dev\\\/l\\\/svm-temp\\\/#organization\"},\"image\":{\"@id\":\"https:\\\/\\\/lightweb.dev\\\/l\\\/svm-temp\\\/nyheter\\\/hostal-marbella-vill-satsa-pa-uthyrningsverksamhet\\\/#primaryimage\"},\"thumbnailUrl\":\"https:\\\/\\\/lightweb.dev\\\/l\\\/svm-temp\\\/wp-content\\\/uploads\\\/2022\\\/06\\\/hostal-marbella-vill-satsa-pa-uthyrningsverksamhet.png\",\"articleSection\":[\"Arkiv\",\"Nyheter\"],\"inLanguage\":\"sv-SE\"},{\"@type\":\"WebPage\",\"@id\":\"https:\\\/\\\/lightweb.dev\\\/l\\\/svm-temp\\\/nyheter\\\/hostal-marbella-vill-satsa-pa-uthyrningsverksamhet\\\/\",\"url\":\"https:\\\/\\\/lightweb.dev\\\/l\\\/svm-temp\\\/nyheter\\\/hostal-marbella-vill-satsa-pa-uthyrningsverksamhet\\\/\",\"name\":\"Hostal Marbella vill satsa p\u00e5 uthyrningsverksamhet - Svenska Magasinet\",\"isPartOf\":{\"@id\":\"https:\\\/\\\/lightweb.dev\\\/l\\\/svm-temp\\\/#website\"},\"primaryImageOfPage\":{\"@id\":\"https:\\\/\\\/lightweb.dev\\\/l\\\/svm-temp\\\/nyheter\\\/hostal-marbella-vill-satsa-pa-uthyrningsverksamhet\\\/#primaryimage\"},\"image\":{\"@id\":\"https:\\\/\\\/lightweb.dev\\\/l\\\/svm-temp\\\/nyheter\\\/hostal-marbella-vill-satsa-pa-uthyrningsverksamhet\\\/#primaryimage\"},\"thumbnailUrl\":\"https:\\\/\\\/lightweb.dev\\\/l\\\/svm-temp\\\/wp-content\\\/uploads\\\/2022\\\/06\\\/hostal-marbella-vill-satsa-pa-uthyrningsverksamhet.png\",\"datePublished\":\"2010-09-29T22:00:00+00:00\",\"breadcrumb\":{\"@id\":\"https:\\\/\\\/lightweb.dev\\\/l\\\/svm-temp\\\/nyheter\\\/hostal-marbella-vill-satsa-pa-uthyrningsverksamhet\\\/#breadcrumb\"},\"inLanguage\":\"sv-SE\",\"potentialAction\":[{\"@type\":\"ReadAction\",\"target\":[\"https:\\\/\\\/lightweb.dev\\\/l\\\/svm-temp\\\/nyheter\\\/hostal-marbella-vill-satsa-pa-uthyrningsverksamhet\\\/\"]}]},{\"@type\":\"ImageObject\",\"inLanguage\":\"sv-SE\",\"@id\":\"https:\\\/\\\/lightweb.dev\\\/l\\\/svm-temp\\\/nyheter\\\/hostal-marbella-vill-satsa-pa-uthyrningsverksamhet\\\/#primaryimage\",\"url\":\"https:\\\/\\\/lightweb.dev\\\/l\\\/svm-temp\\\/wp-content\\\/uploads\\\/2022\\\/06\\\/hostal-marbella-vill-satsa-pa-uthyrningsverksamhet.png\",\"contentUrl\":\"https:\\\/\\\/lightweb.dev\\\/l\\\/svm-temp\\\/wp-content\\\/uploads\\\/2022\\\/06\\\/hostal-marbella-vill-satsa-pa-uthyrningsverksamhet.png\",\"width\":280,\"height\":294},{\"@type\":\"BreadcrumbList\",\"@id\":\"https:\\\/\\\/lightweb.dev\\\/l\\\/svm-temp\\\/nyheter\\\/hostal-marbella-vill-satsa-pa-uthyrningsverksamhet\\\/#breadcrumb\",\"itemListElement\":[{\"@type\":\"ListItem\",\"position\":1,\"name\":\"Hem\",\"item\":\"https:\\\/\\\/lightweb.dev\\\/l\\\/svm-temp\\\/\"},{\"@type\":\"ListItem\",\"position\":2,\"name\":\"Hostal Marbella vill satsa p\u00e5 uthyrningsverksamhet\"}]},{\"@type\":\"WebSite\",\"@id\":\"https:\\\/\\\/lightweb.dev\\\/l\\\/svm-temp\\\/#website\",\"url\":\"https:\\\/\\\/lightweb.dev\\\/l\\\/svm-temp\\\/\",\"name\":\"Svenska Magasinet\",\"description\":\"Dina Spanska nyheter p&aring; Svenska\",\"publisher\":{\"@id\":\"https:\\\/\\\/lightweb.dev\\\/l\\\/svm-temp\\\/#organization\"},\"potentialAction\":[{\"@type\":\"SearchAction\",\"target\":{\"@type\":\"EntryPoint\",\"urlTemplate\":\"https:\\\/\\\/lightweb.dev\\\/l\\\/svm-temp\\\/?s={search_term_string}\"},\"query-input\":{\"@type\":\"PropertyValueSpecification\",\"valueRequired\":true,\"valueName\":\"search_term_string\"}}],\"inLanguage\":\"sv-SE\"},{\"@type\":\"Organization\",\"@id\":\"https:\\\/\\\/lightweb.dev\\\/l\\\/svm-temp\\\/#organization\",\"name\":\"Melkerson y Nott SL\",\"alternateName\":\"Svenska Magasinet\",\"url\":\"https:\\\/\\\/lightweb.dev\\\/l\\\/svm-temp\\\/\",\"logo\":{\"@type\":\"ImageObject\",\"inLanguage\":\"sv-SE\",\"@id\":\"https:\\\/\\\/lightweb.dev\\\/l\\\/svm-temp\\\/#\\\/schema\\\/logo\\\/image\\\/\",\"url\":\"https:\\\/\\\/lightweb.dev\\\/l\\\/svm-temp\\\/wp-content\\\/uploads\\\/2025\\\/02\\\/SvM-logo-Xtra-Centrerad-SVART.png\",\"contentUrl\":\"https:\\\/\\\/lightweb.dev\\\/l\\\/svm-temp\\\/wp-content\\\/uploads\\\/2025\\\/02\\\/SvM-logo-Xtra-Centrerad-SVART.png\",\"width\":300,\"height\":99,\"caption\":\"Melkerson y Nott SL\"},\"image\":{\"@id\":\"https:\\\/\\\/lightweb.dev\\\/l\\\/svm-temp\\\/#\\\/schema\\\/logo\\\/image\\\/\"},\"sameAs\":[\"https:\\\/\\\/www.facebook.com\\\/svenskamagasinet\",\"https:\\\/\\\/x.com\\\/SvenskaMagasine\"]},{\"@type\":\"Person\",\"@id\":\"https:\\\/\\\/lightweb.dev\\\/l\\\/svm-temp\\\/#\\\/schema\\\/person\\\/206a3bda5b607b0c25e1749191e4d837\",\"name\":\"Redaktionen SvM\",\"description\":\"Redaktionen\",\"sameAs\":[\"https:\\\/\\\/lightweb.dev\\\/l\\\/svm-temp\"],\"url\":\"https:\\\/\\\/lightweb.dev\\\/l\\\/svm-temp\\\/reporter\\\/redaktionen\\\/\"}]}<\/script>\n<!-- \/ Yoast SEO Premium plugin. -->","yoast_head_json":{"title":"Hostal Marbella vill satsa p\u00e5 uthyrningsverksamhet - Svenska Magasinet","robots":{"index":"noindex","follow":"follow","max-snippet":"max-snippet:-1","max-image-preview":"max-image-preview:large","max-video-preview":"max-video-preview:-1"},"og_locale":"sv_SE","og_type":"article","og_title":"Hostal Marbella vill satsa p\u00e5 uthyrningsverksamhet","og_description":"I morgon fredag h\u00e5ller Hostal Marbella i Fuengirola \u00f6ppet hus. D\u00e5 kommer det nya \u00e4garparet Carola och Stig Nicklasson att presentera sin nya verksamhet p\u00e5 kusten. -P\u00e5 plats \u00e4r \u00e4ven v\u00e5r personal fr\u00e5n stugbokningsf\u00f6retagen Bo i Sk\u00e5ne och Bo i Sm\u00e5land vilket \u00e4r v\u00e5r uthyrningsverksamhet f\u00f6r semesterboende som funnits i Sverige i tio \u00e5r. Vi [&hellip;]","og_url":"https:\/\/lightweb.dev\/l\/svm-temp\/nyheter\/hostal-marbella-vill-satsa-pa-uthyrningsverksamhet\/","og_site_name":"Svenska Magasinet","article_publisher":"https:\/\/www.facebook.com\/svenskamagasinet","article_published_time":"2010-09-29T22:00:00+00:00","author":"Redaktionen SvM","twitter_card":"summary_large_image","twitter_creator":"@SvenskaMagasine","twitter_site":"@SvenskaMagasine","schema":{"@context":"https:\/\/schema.org","@graph":[{"@type":"Article","@id":"https:\/\/lightweb.dev\/l\/svm-temp\/nyheter\/hostal-marbella-vill-satsa-pa-uthyrningsverksamhet\/#article","isPartOf":{"@id":"https:\/\/lightweb.dev\/l\/svm-temp\/nyheter\/hostal-marbella-vill-satsa-pa-uthyrningsverksamhet\/"},"author":{"name":"Redaktionen SvM","@id":"https:\/\/lightweb.dev\/l\/svm-temp\/#\/schema\/person\/206a3bda5b607b0c25e1749191e4d837"},"headline":"Hostal Marbella vill satsa p\u00e5 uthyrningsverksamhet","datePublished":"2010-09-29T22:00:00+00:00","mainEntityOfPage":{"@id":"https:\/\/lightweb.dev\/l\/svm-temp\/nyheter\/hostal-marbella-vill-satsa-pa-uthyrningsverksamhet\/"},"wordCount":182,"commentCount":0,"publisher":{"@id":"https:\/\/lightweb.dev\/l\/svm-temp\/#organization"},"image":{"@id":"https:\/\/lightweb.dev\/l\/svm-temp\/nyheter\/hostal-marbella-vill-satsa-pa-uthyrningsverksamhet\/#primaryimage"},"thumbnailUrl":"https:\/\/lightweb.dev\/l\/svm-temp\/wp-content\/uploads\/2022\/06\/hostal-marbella-vill-satsa-pa-uthyrningsverksamhet.png","articleSection":["Arkiv","Nyheter"],"inLanguage":"sv-SE"},{"@type":"WebPage","@id":"https:\/\/lightweb.dev\/l\/svm-temp\/nyheter\/hostal-marbella-vill-satsa-pa-uthyrningsverksamhet\/","url":"https:\/\/lightweb.dev\/l\/svm-temp\/nyheter\/hostal-marbella-vill-satsa-pa-uthyrningsverksamhet\/","name":"Hostal Marbella vill satsa p\u00e5 uthyrningsverksamhet - Svenska Magasinet","isPartOf":{"@id":"https:\/\/lightweb.dev\/l\/svm-temp\/#website"},"primaryImageOfPage":{"@id":"https:\/\/lightweb.dev\/l\/svm-temp\/nyheter\/hostal-marbella-vill-satsa-pa-uthyrningsverksamhet\/#primaryimage"},"image":{"@id":"https:\/\/lightweb.dev\/l\/svm-temp\/nyheter\/hostal-marbella-vill-satsa-pa-uthyrningsverksamhet\/#primaryimage"},"thumbnailUrl":"https:\/\/lightweb.dev\/l\/svm-temp\/wp-content\/uploads\/2022\/06\/hostal-marbella-vill-satsa-pa-uthyrningsverksamhet.png","datePublished":"2010-09-29T22:00:00+00:00","breadcrumb":{"@id":"https:\/\/lightweb.dev\/l\/svm-temp\/nyheter\/hostal-marbella-vill-satsa-pa-uthyrningsverksamhet\/#breadcrumb"},"inLanguage":"sv-SE","potentialAction":[{"@type":"ReadAction","target":["https:\/\/lightweb.dev\/l\/svm-temp\/nyheter\/hostal-marbella-vill-satsa-pa-uthyrningsverksamhet\/"]}]},{"@type":"ImageObject","inLanguage":"sv-SE","@id":"https:\/\/lightweb.dev\/l\/svm-temp\/nyheter\/hostal-marbella-vill-satsa-pa-uthyrningsverksamhet\/#primaryimage","url":"https:\/\/lightweb.dev\/l\/svm-temp\/wp-content\/uploads\/2022\/06\/hostal-marbella-vill-satsa-pa-uthyrningsverksamhet.png","contentUrl":"https:\/\/lightweb.dev\/l\/svm-temp\/wp-content\/uploads\/2022\/06\/hostal-marbella-vill-satsa-pa-uthyrningsverksamhet.png","width":280,"height":294},{"@type":"BreadcrumbList","@id":"https:\/\/lightweb.dev\/l\/svm-temp\/nyheter\/hostal-marbella-vill-satsa-pa-uthyrningsverksamhet\/#breadcrumb","itemListElement":[{"@type":"ListItem","position":1,"name":"Hem","item":"https:\/\/lightweb.dev\/l\/svm-temp\/"},{"@type":"ListItem","position":2,"name":"Hostal Marbella vill satsa p\u00e5 uthyrningsverksamhet"}]},{"@type":"WebSite","@id":"https:\/\/lightweb.dev\/l\/svm-temp\/#website","url":"https:\/\/lightweb.dev\/l\/svm-temp\/","name":"Svenska Magasinet","description":"Dina Spanska nyheter p&aring; Svenska","publisher":{"@id":"https:\/\/lightweb.dev\/l\/svm-temp\/#organization"},"potentialAction":[{"@type":"SearchAction","target":{"@type":"EntryPoint","urlTemplate":"https:\/\/lightweb.dev\/l\/svm-temp\/?s={search_term_string}"},"query-input":{"@type":"PropertyValueSpecification","valueRequired":true,"valueName":"search_term_string"}}],"inLanguage":"sv-SE"},{"@type":"Organization","@id":"https:\/\/lightweb.dev\/l\/svm-temp\/#organization","name":"Melkerson y Nott SL","alternateName":"Svenska Magasinet","url":"https:\/\/lightweb.dev\/l\/svm-temp\/","logo":{"@type":"ImageObject","inLanguage":"sv-SE","@id":"https:\/\/lightweb.dev\/l\/svm-temp\/#\/schema\/logo\/image\/","url":"https:\/\/lightweb.dev\/l\/svm-temp\/wp-content\/uploads\/2025\/02\/SvM-logo-Xtra-Centrerad-SVART.png","contentUrl":"https:\/\/lightweb.dev\/l\/svm-temp\/wp-content\/uploads\/2025\/02\/SvM-logo-Xtra-Centrerad-SVART.png","width":300,"height":99,"caption":"Melkerson y Nott SL"},"image":{"@id":"https:\/\/lightweb.dev\/l\/svm-temp\/#\/schema\/logo\/image\/"},"sameAs":["https:\/\/www.facebook.com\/svenskamagasinet","https:\/\/x.com\/SvenskaMagasine"]},{"@type":"Person","@id":"https:\/\/lightweb.dev\/l\/svm-temp\/#\/schema\/person\/206a3bda5b607b0c25e1749191e4d837","name":"Redaktionen SvM","description":"Redaktionen","sameAs":["https:\/\/lightweb.dev\/l\/svm-temp"],"url":"https:\/\/lightweb.dev\/l\/svm-temp\/reporter\/redaktionen\/"}]}},"_links":{"self":[{"href":"https:\/\/lightweb.dev\/l\/svm-temp\/wp-json\/wp\/v2\/posts\/43682","targetHints":{"allow":["GET"]}}],"collection":[{"href":"https:\/\/lightweb.dev\/l\/svm-temp\/wp-json\/wp\/v2\/posts"}],"about":[{"href":"https:\/\/lightweb.dev\/l\/svm-temp\/wp-json\/wp\/v2\/types\/post"}],"author":[{"embeddable":true,"href":"https:\/\/lightweb.dev\/l\/svm-temp\/wp-json\/wp\/v2\/users\/8"}],"replies":[{"embeddable":true,"href":"https:\/\/lightweb.dev\/l\/svm-temp\/wp-json\/wp\/v2\/comments?post=43682"}],"version-history":[{"count":0,"href":"https:\/\/lightweb.dev\/l\/svm-temp\/wp-json\/wp\/v2\/posts\/43682\/revisions"}],"wp:featuredmedia":[{"embeddable":true,"href":"https:\/\/lightweb.dev\/l\/svm-temp\/wp-json\/wp\/v2\/media\/43683"}],"wp:attachment":[{"href":"https:\/\/lightweb.dev\/l\/svm-temp\/wp-json\/wp\/v2\/media?parent=43682"}],"wp:term":[{"taxonomy":"category","embeddable":true,"href":"https:\/\/lightweb.dev\/l\/svm-temp\/wp-json\/wp\/v2\/categories?post=43682"},{"taxonomy":"post_tag","embeddable":true,"href":"https:\/\/lightweb.dev\/l\/svm-temp\/wp-json\/wp\/v2\/tags?post=43682"}],"curies":[{"name":"wp","href":"https:\/\/api.w.org\/{rel}","templated":true}]}}