{"id":4394,"date":"2013-02-12T00:00:00","date_gmt":"2013-02-11T23:00:00","guid":{"rendered":"https:\/\/lightweb.dev\/l\/svm-temp\/hur-borjar-vi-med-ett-nytt-inredningsuppdrag\/"},"modified":"2013-02-12T00:00:00","modified_gmt":"2013-02-11T23:00:00","slug":"hur-borjar-vi-med-ett-nytt-inredningsuppdrag","status":"publish","type":"post","link":"https:\/\/lightweb.dev\/l\/svm-temp\/artiklar\/hur-borjar-vi-med-ett-nytt-inredningsuppdrag\/","title":{"rendered":"Hur b\u00f6rjar vi med ett nytt inredningsuppdrag?"},"content":{"rendered":"<p> Alla har vi olika prioriteringar, tycke och smak framf\u00f6r allt olika \u00f6nskem\u00e5l betr\u00e4ffande f\u00e4rgs\u00e4ttning.  Vi m\u00f6ter st\u00e4ndigt m\u00e4nniskor med olika livsstilar,  de som bor \u00e5ret runt, andra har en semesterbostad, m\u00e5nga \u00e4r barnfamiljer eller s\u00e5 har man landat i barnbarns epoken! Av Christel Jurgensen<br \/>\n &#8211; Estuco Interiors. www.estucointeriors.com<br \/>\nOfta finns det fyrbenta familjemedlemmar som g\u00e4rna vill sova i soffan. Utifr\u00e5n detta v\u00e4ljer man typ av material, tv\u00e4ttbart f\u00f6r barnfamiljen och vitt \u00e4r inget bra alternativ f\u00f6r hund och katt\u00e4gare. Med behoven p\u00e5 plats b\u00f6rjar vi med att ta fram olika alternativ och f\u00f6rslag. Den viktigaste faktorn i samtliga fall \u00e4r att milj\u00f6n anpassas till kundens behov, ger komfort och f\u00e4rgharmoni. Otroligt viktig \u00e4r ljuss\u00e4ttningen vilket betyder mycket f\u00f6r slutresultatet.<br \/>\nKanske de sv\u00e5raste uppdragen \u00e4r n\u00e4r en fastighet k\u00f6ps m\u00f6blerad och kunden vill s\u00e4tta sin egen pr\u00e4gel.<\/p>\n<p>Samtidigt anser den nya \u00e4garen att en hel del av m\u00f6blemanget \u00e4r &#8221;ganska ok&#8221;. Att anpassa den nya inredningen omkring dessa befintliga m\u00f6bler \u00e4r oftast ett misstag. Enligt v\u00e5r erfarenhet \u00e5ngrar sig kunden i de flesta fallen och efter en tid \u00e5ker de d\u00e4r \u201cskapliga\u201d m\u00f6blerna ut!<br \/>\nVilket privilegium att f\u00e5 arbeta med design och att f\u00e5 vara verkligt kreativ. Det \u00e4r en gl\u00e4dje att skapa nya milj\u00f6er f\u00f6r olika behov och personligheter, tycker svenska Christel Jurgensen. Tillsammans med sin engelska partner Chris Poveromo, driver de Estuco Interiors i Centro Plaza, Nueva Andalucia. I v\u00e5ran v\u00e4lfyllda inredningsbutik och studio, finner ni allt som erfodras f\u00f6r att skapa ert trivsamma hem.<br \/>\nMed 24 \u00e5rs erfarenhet p\u00e5 Costa del Sol har vi specialister till hands inom de omr\u00e5den som kr\u00e4vs f\u00f6r att skr\u00e4ddarsy det mesta och vi designar sj\u00e4lva och tillverkar en stor del av v\u00e5ra m\u00f6bler.<\/p>\n<p>Textilier \u00e4r v\u00e5r passion och vi har ett stort sortiment av  b\u00e5de importerade och spanska tyger. Presentartiklar finns ocks\u00e5 m\u00e5nga i butiken &#8211; vi \u00e4r v\u00e4ldigt f\u00f6rtjusta i att k\u00f6pa in nya vackra f\u00f6rem\u00e5l. Det \u00e4r lilla julafton n\u00e4stan varje dag hos oss, n\u00e4r nya leveranser trillar in. Lampor k\u00f6per vi in fr\u00e5n USA, det \u00e4r sv\u00e5rt att hitta eleganta modeller i Spanien. Vi har afrikanska object d&#8217;arte som \u00e4r effektfulla inredningsf\u00f6rem\u00e5l och ett stort sortiment med stearinljus finns av alla de slag.<br \/>\nVi lagerf\u00f6r \u00e4ven v\u00e4lk\u00e4nda m\u00e5larf\u00e4rgen Farrow &#038; Ball, en ekologiskt vattenbaserad f\u00e4rg med naturpigment som ger en kalkliknade finish &#8211; kom g\u00e4rna in och titta p\u00e5 den ljuvliga f\u00e4rgskalan.<br \/>\nUnder \u00e5rens lopp har det blivit m\u00e5nga uppdrag, allt fr\u00e5n \u201ccasitas\u201d till \u201cslott\u201d. N\u00e4stan alltid h\u00e4nder n\u00e5got of\u00f6rutsett och det \u00e4r inte helt utan stress och n\u00e5gon s\u00f6mnl\u00f6s natt innan man \u00f6verl\u00e4mnar projektet p\u00e5 avtalat datum. N\u00e4r kunden st\u00e5r p\u00e5 trappan med resv\u00e4skan i hand, d\u00e5 skall hela hemmet vara utstyrt, k\u00f6ket utrustat, s\u00e4ngen b\u00e4ddad och champagnen i kylen. <\/p>\n","protected":false},"excerpt":{"rendered":"<p>Alla har vi olika prioriteringar, tycke och smak framf\u00f6r allt olika \u00f6nskem\u00e5l betr\u00e4ffande f\u00e4rgs\u00e4ttning. Vi m\u00f6ter st\u00e4ndigt m\u00e4nniskor med olika livsstilar, de som bor \u00e5ret runt, andra har en semesterbostad, m\u00e5nga \u00e4r barnfamiljer eller s\u00e5 har man landat i barnbarns epoken! Av Christel Jurgensen &#8211; Estuco Interiors. www.estucointeriors.com Ofta finns det fyrbenta familjemedlemmar som g\u00e4rna [&hellip;]<\/p>\n","protected":false},"author":8,"featured_media":4395,"comment_status":"open","ping_status":"open","sticky":false,"template":"","format":"standard","meta":{"_et_pb_use_builder":"","_et_pb_old_content":"","_et_gb_content_width":"","footnotes":""},"categories":[4,37],"tags":[],"class_list":["post-4394","post","type-post","status-publish","format-standard","has-post-thumbnail","hentry","category-artiklar","category-hem-bostad"],"yoast_head":"<!-- This site is optimized with the Yoast SEO Premium plugin v26.2 (Yoast SEO v27.5) - https:\/\/yoast.com\/product\/yoast-seo-premium-wordpress\/ -->\n<title>Hur b\u00f6rjar vi med ett nytt inredningsuppdrag? - Svenska Magasinet<\/title>\n<meta name=\"robots\" content=\"noindex, follow, max-snippet:-1, max-image-preview:large, max-video-preview:-1\" \/>\n<meta property=\"og:locale\" content=\"sv_SE\" \/>\n<meta property=\"og:type\" content=\"article\" \/>\n<meta property=\"og:title\" content=\"Hur b\u00f6rjar vi med ett nytt inredningsuppdrag?\" \/>\n<meta property=\"og:description\" content=\"Alla har vi olika prioriteringar, tycke och smak framf\u00f6r allt olika \u00f6nskem\u00e5l betr\u00e4ffande f\u00e4rgs\u00e4ttning. Vi m\u00f6ter st\u00e4ndigt m\u00e4nniskor med olika livsstilar, de som bor \u00e5ret runt, andra har en semesterbostad, m\u00e5nga \u00e4r barnfamiljer eller s\u00e5 har man landat i barnbarns epoken! Av Christel Jurgensen &#8211; Estuco Interiors. www.estucointeriors.com Ofta finns det fyrbenta familjemedlemmar som g\u00e4rna [&hellip;]\" \/>\n<meta property=\"og:url\" content=\"https:\/\/lightweb.dev\/l\/svm-temp\/artiklar\/hur-borjar-vi-med-ett-nytt-inredningsuppdrag\/\" \/>\n<meta property=\"og:site_name\" content=\"Svenska Magasinet\" \/>\n<meta property=\"article:publisher\" content=\"https:\/\/www.facebook.com\/svenskamagasinet\" \/>\n<meta property=\"article:published_time\" content=\"2013-02-11T23:00:00+00:00\" \/>\n<meta property=\"og:image\" content=\"https:\/\/lightweb.dev\/l\/svm-temp\/wp-content\/uploads\/2022\/04\/hur-brjar-vi-med-ett-nytt-inredningsuppdrag.png\" \/>\n\t<meta property=\"og:image:width\" content=\"280\" \/>\n\t<meta property=\"og:image:height\" content=\"419\" \/>\n\t<meta property=\"og:image:type\" content=\"image\/png\" \/>\n<meta name=\"author\" content=\"Redaktionen SvM\" \/>\n<meta name=\"twitter:card\" content=\"summary_large_image\" \/>\n<meta name=\"twitter:creator\" content=\"@SvenskaMagasine\" \/>\n<meta name=\"twitter:site\" content=\"@SvenskaMagasine\" \/>\n<script type=\"application\/ld+json\" class=\"yoast-schema-graph\">{\"@context\":\"https:\\\/\\\/schema.org\",\"@graph\":[{\"@type\":\"Article\",\"@id\":\"https:\\\/\\\/lightweb.dev\\\/l\\\/svm-temp\\\/artiklar\\\/hur-borjar-vi-med-ett-nytt-inredningsuppdrag\\\/#article\",\"isPartOf\":{\"@id\":\"https:\\\/\\\/lightweb.dev\\\/l\\\/svm-temp\\\/artiklar\\\/hur-borjar-vi-med-ett-nytt-inredningsuppdrag\\\/\"},\"author\":{\"name\":\"Redaktionen SvM\",\"@id\":\"https:\\\/\\\/lightweb.dev\\\/l\\\/svm-temp\\\/#\\\/schema\\\/person\\\/206a3bda5b607b0c25e1749191e4d837\"},\"headline\":\"Hur b\u00f6rjar vi med ett nytt inredningsuppdrag?\",\"datePublished\":\"2013-02-11T23:00:00+00:00\",\"mainEntityOfPage\":{\"@id\":\"https:\\\/\\\/lightweb.dev\\\/l\\\/svm-temp\\\/artiklar\\\/hur-borjar-vi-med-ett-nytt-inredningsuppdrag\\\/\"},\"wordCount\":546,\"commentCount\":0,\"publisher\":{\"@id\":\"https:\\\/\\\/lightweb.dev\\\/l\\\/svm-temp\\\/#organization\"},\"image\":{\"@id\":\"https:\\\/\\\/lightweb.dev\\\/l\\\/svm-temp\\\/artiklar\\\/hur-borjar-vi-med-ett-nytt-inredningsuppdrag\\\/#primaryimage\"},\"thumbnailUrl\":\"https:\\\/\\\/lightweb.dev\\\/l\\\/svm-temp\\\/wp-content\\\/uploads\\\/2022\\\/04\\\/hur-brjar-vi-med-ett-nytt-inredningsuppdrag.png\",\"articleSection\":[\"Artiklar\",\"Hem &amp; bostad\"],\"inLanguage\":\"sv-SE\"},{\"@type\":\"WebPage\",\"@id\":\"https:\\\/\\\/lightweb.dev\\\/l\\\/svm-temp\\\/artiklar\\\/hur-borjar-vi-med-ett-nytt-inredningsuppdrag\\\/\",\"url\":\"https:\\\/\\\/lightweb.dev\\\/l\\\/svm-temp\\\/artiklar\\\/hur-borjar-vi-med-ett-nytt-inredningsuppdrag\\\/\",\"name\":\"Hur b\u00f6rjar vi med ett nytt inredningsuppdrag? - Svenska Magasinet\",\"isPartOf\":{\"@id\":\"https:\\\/\\\/lightweb.dev\\\/l\\\/svm-temp\\\/#website\"},\"primaryImageOfPage\":{\"@id\":\"https:\\\/\\\/lightweb.dev\\\/l\\\/svm-temp\\\/artiklar\\\/hur-borjar-vi-med-ett-nytt-inredningsuppdrag\\\/#primaryimage\"},\"image\":{\"@id\":\"https:\\\/\\\/lightweb.dev\\\/l\\\/svm-temp\\\/artiklar\\\/hur-borjar-vi-med-ett-nytt-inredningsuppdrag\\\/#primaryimage\"},\"thumbnailUrl\":\"https:\\\/\\\/lightweb.dev\\\/l\\\/svm-temp\\\/wp-content\\\/uploads\\\/2022\\\/04\\\/hur-brjar-vi-med-ett-nytt-inredningsuppdrag.png\",\"datePublished\":\"2013-02-11T23:00:00+00:00\",\"breadcrumb\":{\"@id\":\"https:\\\/\\\/lightweb.dev\\\/l\\\/svm-temp\\\/artiklar\\\/hur-borjar-vi-med-ett-nytt-inredningsuppdrag\\\/#breadcrumb\"},\"inLanguage\":\"sv-SE\",\"potentialAction\":[{\"@type\":\"ReadAction\",\"target\":[\"https:\\\/\\\/lightweb.dev\\\/l\\\/svm-temp\\\/artiklar\\\/hur-borjar-vi-med-ett-nytt-inredningsuppdrag\\\/\"]}]},{\"@type\":\"ImageObject\",\"inLanguage\":\"sv-SE\",\"@id\":\"https:\\\/\\\/lightweb.dev\\\/l\\\/svm-temp\\\/artiklar\\\/hur-borjar-vi-med-ett-nytt-inredningsuppdrag\\\/#primaryimage\",\"url\":\"https:\\\/\\\/lightweb.dev\\\/l\\\/svm-temp\\\/wp-content\\\/uploads\\\/2022\\\/04\\\/hur-brjar-vi-med-ett-nytt-inredningsuppdrag.png\",\"contentUrl\":\"https:\\\/\\\/lightweb.dev\\\/l\\\/svm-temp\\\/wp-content\\\/uploads\\\/2022\\\/04\\\/hur-brjar-vi-med-ett-nytt-inredningsuppdrag.png\",\"width\":280,\"height\":419},{\"@type\":\"BreadcrumbList\",\"@id\":\"https:\\\/\\\/lightweb.dev\\\/l\\\/svm-temp\\\/artiklar\\\/hur-borjar-vi-med-ett-nytt-inredningsuppdrag\\\/#breadcrumb\",\"itemListElement\":[{\"@type\":\"ListItem\",\"position\":1,\"name\":\"Hem\",\"item\":\"https:\\\/\\\/lightweb.dev\\\/l\\\/svm-temp\\\/\"},{\"@type\":\"ListItem\",\"position\":2,\"name\":\"Hur b\u00f6rjar vi med ett nytt inredningsuppdrag?\"}]},{\"@type\":\"WebSite\",\"@id\":\"https:\\\/\\\/lightweb.dev\\\/l\\\/svm-temp\\\/#website\",\"url\":\"https:\\\/\\\/lightweb.dev\\\/l\\\/svm-temp\\\/\",\"name\":\"Svenska Magasinet\",\"description\":\"Dina Spanska nyheter p&aring; Svenska\",\"publisher\":{\"@id\":\"https:\\\/\\\/lightweb.dev\\\/l\\\/svm-temp\\\/#organization\"},\"potentialAction\":[{\"@type\":\"SearchAction\",\"target\":{\"@type\":\"EntryPoint\",\"urlTemplate\":\"https:\\\/\\\/lightweb.dev\\\/l\\\/svm-temp\\\/?s={search_term_string}\"},\"query-input\":{\"@type\":\"PropertyValueSpecification\",\"valueRequired\":true,\"valueName\":\"search_term_string\"}}],\"inLanguage\":\"sv-SE\"},{\"@type\":\"Organization\",\"@id\":\"https:\\\/\\\/lightweb.dev\\\/l\\\/svm-temp\\\/#organization\",\"name\":\"Melkerson y Nott SL\",\"alternateName\":\"Svenska Magasinet\",\"url\":\"https:\\\/\\\/lightweb.dev\\\/l\\\/svm-temp\\\/\",\"logo\":{\"@type\":\"ImageObject\",\"inLanguage\":\"sv-SE\",\"@id\":\"https:\\\/\\\/lightweb.dev\\\/l\\\/svm-temp\\\/#\\\/schema\\\/logo\\\/image\\\/\",\"url\":\"https:\\\/\\\/lightweb.dev\\\/l\\\/svm-temp\\\/wp-content\\\/uploads\\\/2025\\\/02\\\/SvM-logo-Xtra-Centrerad-SVART.png\",\"contentUrl\":\"https:\\\/\\\/lightweb.dev\\\/l\\\/svm-temp\\\/wp-content\\\/uploads\\\/2025\\\/02\\\/SvM-logo-Xtra-Centrerad-SVART.png\",\"width\":300,\"height\":99,\"caption\":\"Melkerson y Nott SL\"},\"image\":{\"@id\":\"https:\\\/\\\/lightweb.dev\\\/l\\\/svm-temp\\\/#\\\/schema\\\/logo\\\/image\\\/\"},\"sameAs\":[\"https:\\\/\\\/www.facebook.com\\\/svenskamagasinet\",\"https:\\\/\\\/x.com\\\/SvenskaMagasine\"]},{\"@type\":\"Person\",\"@id\":\"https:\\\/\\\/lightweb.dev\\\/l\\\/svm-temp\\\/#\\\/schema\\\/person\\\/206a3bda5b607b0c25e1749191e4d837\",\"name\":\"Redaktionen SvM\",\"description\":\"Redaktionen\",\"sameAs\":[\"https:\\\/\\\/lightweb.dev\\\/l\\\/svm-temp\"],\"url\":\"https:\\\/\\\/lightweb.dev\\\/l\\\/svm-temp\\\/reporter\\\/redaktionen\\\/\"}]}<\/script>\n<!-- \/ Yoast SEO Premium plugin. -->","yoast_head_json":{"title":"Hur b\u00f6rjar vi med ett nytt inredningsuppdrag? - Svenska Magasinet","robots":{"index":"noindex","follow":"follow","max-snippet":"max-snippet:-1","max-image-preview":"max-image-preview:large","max-video-preview":"max-video-preview:-1"},"og_locale":"sv_SE","og_type":"article","og_title":"Hur b\u00f6rjar vi med ett nytt inredningsuppdrag?","og_description":"Alla har vi olika prioriteringar, tycke och smak framf\u00f6r allt olika \u00f6nskem\u00e5l betr\u00e4ffande f\u00e4rgs\u00e4ttning. Vi m\u00f6ter st\u00e4ndigt m\u00e4nniskor med olika livsstilar, de som bor \u00e5ret runt, andra har en semesterbostad, m\u00e5nga \u00e4r barnfamiljer eller s\u00e5 har man landat i barnbarns epoken! Av Christel Jurgensen &#8211; Estuco Interiors. www.estucointeriors.com Ofta finns det fyrbenta familjemedlemmar som g\u00e4rna [&hellip;]","og_url":"https:\/\/lightweb.dev\/l\/svm-temp\/artiklar\/hur-borjar-vi-med-ett-nytt-inredningsuppdrag\/","og_site_name":"Svenska Magasinet","article_publisher":"https:\/\/www.facebook.com\/svenskamagasinet","article_published_time":"2013-02-11T23:00:00+00:00","og_image":[{"width":280,"height":419,"url":"https:\/\/lightweb.dev\/l\/svm-temp\/wp-content\/uploads\/2022\/04\/hur-brjar-vi-med-ett-nytt-inredningsuppdrag.png","type":"image\/png"}],"author":"Redaktionen SvM","twitter_card":"summary_large_image","twitter_creator":"@SvenskaMagasine","twitter_site":"@SvenskaMagasine","schema":{"@context":"https:\/\/schema.org","@graph":[{"@type":"Article","@id":"https:\/\/lightweb.dev\/l\/svm-temp\/artiklar\/hur-borjar-vi-med-ett-nytt-inredningsuppdrag\/#article","isPartOf":{"@id":"https:\/\/lightweb.dev\/l\/svm-temp\/artiklar\/hur-borjar-vi-med-ett-nytt-inredningsuppdrag\/"},"author":{"name":"Redaktionen SvM","@id":"https:\/\/lightweb.dev\/l\/svm-temp\/#\/schema\/person\/206a3bda5b607b0c25e1749191e4d837"},"headline":"Hur b\u00f6rjar vi med ett nytt inredningsuppdrag?","datePublished":"2013-02-11T23:00:00+00:00","mainEntityOfPage":{"@id":"https:\/\/lightweb.dev\/l\/svm-temp\/artiklar\/hur-borjar-vi-med-ett-nytt-inredningsuppdrag\/"},"wordCount":546,"commentCount":0,"publisher":{"@id":"https:\/\/lightweb.dev\/l\/svm-temp\/#organization"},"image":{"@id":"https:\/\/lightweb.dev\/l\/svm-temp\/artiklar\/hur-borjar-vi-med-ett-nytt-inredningsuppdrag\/#primaryimage"},"thumbnailUrl":"https:\/\/lightweb.dev\/l\/svm-temp\/wp-content\/uploads\/2022\/04\/hur-brjar-vi-med-ett-nytt-inredningsuppdrag.png","articleSection":["Artiklar","Hem &amp; bostad"],"inLanguage":"sv-SE"},{"@type":"WebPage","@id":"https:\/\/lightweb.dev\/l\/svm-temp\/artiklar\/hur-borjar-vi-med-ett-nytt-inredningsuppdrag\/","url":"https:\/\/lightweb.dev\/l\/svm-temp\/artiklar\/hur-borjar-vi-med-ett-nytt-inredningsuppdrag\/","name":"Hur b\u00f6rjar vi med ett nytt inredningsuppdrag? - Svenska Magasinet","isPartOf":{"@id":"https:\/\/lightweb.dev\/l\/svm-temp\/#website"},"primaryImageOfPage":{"@id":"https:\/\/lightweb.dev\/l\/svm-temp\/artiklar\/hur-borjar-vi-med-ett-nytt-inredningsuppdrag\/#primaryimage"},"image":{"@id":"https:\/\/lightweb.dev\/l\/svm-temp\/artiklar\/hur-borjar-vi-med-ett-nytt-inredningsuppdrag\/#primaryimage"},"thumbnailUrl":"https:\/\/lightweb.dev\/l\/svm-temp\/wp-content\/uploads\/2022\/04\/hur-brjar-vi-med-ett-nytt-inredningsuppdrag.png","datePublished":"2013-02-11T23:00:00+00:00","breadcrumb":{"@id":"https:\/\/lightweb.dev\/l\/svm-temp\/artiklar\/hur-borjar-vi-med-ett-nytt-inredningsuppdrag\/#breadcrumb"},"inLanguage":"sv-SE","potentialAction":[{"@type":"ReadAction","target":["https:\/\/lightweb.dev\/l\/svm-temp\/artiklar\/hur-borjar-vi-med-ett-nytt-inredningsuppdrag\/"]}]},{"@type":"ImageObject","inLanguage":"sv-SE","@id":"https:\/\/lightweb.dev\/l\/svm-temp\/artiklar\/hur-borjar-vi-med-ett-nytt-inredningsuppdrag\/#primaryimage","url":"https:\/\/lightweb.dev\/l\/svm-temp\/wp-content\/uploads\/2022\/04\/hur-brjar-vi-med-ett-nytt-inredningsuppdrag.png","contentUrl":"https:\/\/lightweb.dev\/l\/svm-temp\/wp-content\/uploads\/2022\/04\/hur-brjar-vi-med-ett-nytt-inredningsuppdrag.png","width":280,"height":419},{"@type":"BreadcrumbList","@id":"https:\/\/lightweb.dev\/l\/svm-temp\/artiklar\/hur-borjar-vi-med-ett-nytt-inredningsuppdrag\/#breadcrumb","itemListElement":[{"@type":"ListItem","position":1,"name":"Hem","item":"https:\/\/lightweb.dev\/l\/svm-temp\/"},{"@type":"ListItem","position":2,"name":"Hur b\u00f6rjar vi med ett nytt inredningsuppdrag?"}]},{"@type":"WebSite","@id":"https:\/\/lightweb.dev\/l\/svm-temp\/#website","url":"https:\/\/lightweb.dev\/l\/svm-temp\/","name":"Svenska Magasinet","description":"Dina Spanska nyheter p&aring; Svenska","publisher":{"@id":"https:\/\/lightweb.dev\/l\/svm-temp\/#organization"},"potentialAction":[{"@type":"SearchAction","target":{"@type":"EntryPoint","urlTemplate":"https:\/\/lightweb.dev\/l\/svm-temp\/?s={search_term_string}"},"query-input":{"@type":"PropertyValueSpecification","valueRequired":true,"valueName":"search_term_string"}}],"inLanguage":"sv-SE"},{"@type":"Organization","@id":"https:\/\/lightweb.dev\/l\/svm-temp\/#organization","name":"Melkerson y Nott SL","alternateName":"Svenska Magasinet","url":"https:\/\/lightweb.dev\/l\/svm-temp\/","logo":{"@type":"ImageObject","inLanguage":"sv-SE","@id":"https:\/\/lightweb.dev\/l\/svm-temp\/#\/schema\/logo\/image\/","url":"https:\/\/lightweb.dev\/l\/svm-temp\/wp-content\/uploads\/2025\/02\/SvM-logo-Xtra-Centrerad-SVART.png","contentUrl":"https:\/\/lightweb.dev\/l\/svm-temp\/wp-content\/uploads\/2025\/02\/SvM-logo-Xtra-Centrerad-SVART.png","width":300,"height":99,"caption":"Melkerson y Nott SL"},"image":{"@id":"https:\/\/lightweb.dev\/l\/svm-temp\/#\/schema\/logo\/image\/"},"sameAs":["https:\/\/www.facebook.com\/svenskamagasinet","https:\/\/x.com\/SvenskaMagasine"]},{"@type":"Person","@id":"https:\/\/lightweb.dev\/l\/svm-temp\/#\/schema\/person\/206a3bda5b607b0c25e1749191e4d837","name":"Redaktionen SvM","description":"Redaktionen","sameAs":["https:\/\/lightweb.dev\/l\/svm-temp"],"url":"https:\/\/lightweb.dev\/l\/svm-temp\/reporter\/redaktionen\/"}]}},"_links":{"self":[{"href":"https:\/\/lightweb.dev\/l\/svm-temp\/wp-json\/wp\/v2\/posts\/4394","targetHints":{"allow":["GET"]}}],"collection":[{"href":"https:\/\/lightweb.dev\/l\/svm-temp\/wp-json\/wp\/v2\/posts"}],"about":[{"href":"https:\/\/lightweb.dev\/l\/svm-temp\/wp-json\/wp\/v2\/types\/post"}],"author":[{"embeddable":true,"href":"https:\/\/lightweb.dev\/l\/svm-temp\/wp-json\/wp\/v2\/users\/8"}],"replies":[{"embeddable":true,"href":"https:\/\/lightweb.dev\/l\/svm-temp\/wp-json\/wp\/v2\/comments?post=4394"}],"version-history":[{"count":0,"href":"https:\/\/lightweb.dev\/l\/svm-temp\/wp-json\/wp\/v2\/posts\/4394\/revisions"}],"wp:featuredmedia":[{"embeddable":true,"href":"https:\/\/lightweb.dev\/l\/svm-temp\/wp-json\/wp\/v2\/media\/4395"}],"wp:attachment":[{"href":"https:\/\/lightweb.dev\/l\/svm-temp\/wp-json\/wp\/v2\/media?parent=4394"}],"wp:term":[{"taxonomy":"category","embeddable":true,"href":"https:\/\/lightweb.dev\/l\/svm-temp\/wp-json\/wp\/v2\/categories?post=4394"},{"taxonomy":"post_tag","embeddable":true,"href":"https:\/\/lightweb.dev\/l\/svm-temp\/wp-json\/wp\/v2\/tags?post=4394"}],"curies":[{"name":"wp","href":"https:\/\/api.w.org\/{rel}","templated":true}]}}