{"id":4407,"date":"2013-02-12T00:00:00","date_gmt":"2013-02-11T23:00:00","guid":{"rendered":"https:\/\/lightweb.dev\/l\/svm-temp\/varfor-har-du-ont\/"},"modified":"2013-02-12T00:00:00","modified_gmt":"2013-02-11T23:00:00","slug":"varfor-har-du-ont","status":"publish","type":"post","link":"https:\/\/lightweb.dev\/l\/svm-temp\/artiklar\/varfor-har-du-ont\/","title":{"rendered":"Varf\u00f6r har du ont?"},"content":{"rendered":"<p> Sm\u00e4rta \u00e4r ofta en signal att n\u00e5got \u00e4r fel  Vid kronisk sm\u00e4rta (mer \u00e4n 3 m\u00e5nader) har nervsystemet blivit \u00f6verk\u00e4nsligt och man reagerar p\u00e5 l\u00e4tt ber\u00f6ring som vore det ett slag.<br \/>\nDet beror p\u00e5 att muskeln som dragit ihop sig -genom \u00f6verstr\u00e4ckning eller trauma- f\u00e5r f\u00f6rs\u00e4mrad cirkulation(syres\u00e4ttning) och det b\u00f6rjar ansamlas mj\u00f6lksyra.<br \/>\nMj\u00f6lksyran retar muskeln att dra ihop sig \u00e4nnu mer vilket ytterligare f\u00f6rsv\u00e5rar cirkulationen. Den onda cirkeln sluter sig och nu beh\u00f6ver man behandling(massage, manipulation, str\u00f6m, akupunktur, stretching) f\u00f6r att bryta den.<br \/>\nMen varf\u00f6r f\u00e5r vi d\u00e5 ont?<br \/>\nDet \u00e4r ju inte alltid s\u00e5 enkelt att det \u00e4r ett trauma bakom. En v\u00e4ldigt vanlig orsak \u00e4r ett monotont r\u00f6relsem\u00f6nster s\u00e5som sittande i fel st\u00e4llning f\u00f6r l\u00e4nge framf\u00f6r datorn. Eller ensidig sovst\u00e4llning i obekv\u00e4m s\u00e4ng.<br \/>\nEller alltf\u00f6r enahanda tr\u00e4ning-men- \u00e4ven alltf\u00f6r INTENSIV tr\u00e4ning kan leda till att man faktiskt blir \u00f6vertr\u00e4nad. Har man konstant tr\u00e4ningsv\u00e4rk dygnet runt i flera veckor \u00e4r man \u00f6vertr\u00e4nad och beh\u00f6ver vila i minst 2 m\u00e5nader.<\/p>\n<p>Kanske \u00e4nnu sv\u00e5rare att f\u00e5 bukt med \u00e4n den kroniska sm\u00e4rtcirkeln och ensidiga r\u00f6relsem\u00f6nster&#8212; \u00e4r v\u00e5ra d\u00e5liga vanor. R\u00f6kning stryper direkt syretillf\u00f6rseln till diskarna i ryggen. Eftersom diskarna inte har n\u00e5gon direkt blodf\u00f6rs\u00f6rjning, \u00e4r de beroende av omkringliggande sm\u00e5 k\u00e4rl(vilka tillbakabildats av nikotinet) av vilka de f\u00e5r sin n\u00e4ring genom osmos\/diffusion.<br \/>\nDock har man sett att slutar man r\u00f6ka , \u00e5terbildas k\u00e4rlen inom ett \u00e5r!<br \/>\nEn annan bov \u00e4r \u00f6vervikt och kanske \u00e4nnu v\u00e4rre -felaktig kost med mycket socker, mj\u00f6l och mj\u00f6lkprodukter som alla triggar inflammation. \u00c4ter man st\u00e4ndigt n\u00e5got man \u00e4r \u00f6verk\u00e4nslig mot g\u00e5r man omkring med en st\u00e4ndig inflammation i magen vilket i sin tur retar nerverna l\u00e4ngs ryggraden&#8230;<br \/>\nOch n\u00e5got inte alla \u00e4r medvetna om \u00e4r att l\u00e4kemedel kan ge sm\u00e4rta.<br \/>\nStatiner mot kolesterol har som vanlig biverkning muskelsm\u00e4rta. Viss antibiotika likas\u00e5. Och m\u00e5nga huvudv\u00e4rkspatienter \u00e4r f\u00f6rgiftade av sina sm\u00e4rtstillande tabletter som faktiskt kan ge MER huvudv\u00e4rk om man tar dem f\u00f6r ofta. D\u00e5 kan man till exempel avgiftas i 2 veckor med akupunktur.<\/p>\n<p>Inom Traditionell Kinesisk Medicin talar man om utifr\u00e5n kommande patogener  dvs. kyla, fukt, vind som alla drabbar oss l\u00e4tt h\u00e4r i Spanien under vintern d\u00e5 temperaturen v\u00e4xlar s\u00e5 mycket mellan sol &#038; skugga och dag &#038; natt.<\/p>\n<p>Dessutom kan obalanser drabba oss inifr\u00e5n i form av k\u00e4nslor. Enligt TKM \u00e4r den k\u00e4nsla som f\u00e5r l\u00e4ndryggen (njurarna) ur balans-r\u00e4dsla. Och n\u00e4r det g\u00e4ller axel\/arm (lungan) \u00e4r det sorg. F\u00f6r att inte tala om stress och frustration som f\u00e5r muskler &#038; senor (levern) ur balans.<\/p>\n<p>Sedan har vi den Ayurvediska traditionen d\u00e4r man talar om 7 chakran-knutpunkter f\u00f6r energi. Med yoga \u00f6ppnar man 72 000 energibanor. Det finns m\u00e5nga fler infallsvinklar&#8230;<\/p>\n<p>S\u00e5 var och en har sin egen unika sm\u00e4rthistoria, med svaga l\u00e4nkar som tenderar att brista n\u00e4r det som triggar just Dig h\u00e4nder. Vare sig det \u00e4r att \u00f6versvinga golfklubban eller ha en tr\u00f6ja f\u00f6r lite p\u00e5 kv\u00e4llen eller att hamna i konflikt med en n\u00e4rst\u00e5ende. M\u00e5nga g\u00e5nger kan man se ett m\u00f6nster som upprepas men ibland beh\u00f6ver man l\u00e4gga ett nytt pussel varje g\u00e5ng.<\/p>\n<p>Sammanfattningsvis kan dock s\u00e4gas att oftast kan Du inte vila dig frisk utan Du beh\u00f6ver hj\u00e4lp att bryta den onda cirkeln och f\u00e5 r\u00e5d om hur Du b\u00e4st kan \u00e5terh\u00e4mta Dig genom aktiv vila designad f\u00f6r just Dig!<\/p>\n<p>Charlotta \u00d6sting, Leg. Naprapat och Dipl.Akupunkt\u00f6r<br \/>\nmobil 617 22 00 31<\/p>\n","protected":false},"excerpt":{"rendered":"<p>Sm\u00e4rta \u00e4r ofta en signal att n\u00e5got \u00e4r fel Vid kronisk sm\u00e4rta (mer \u00e4n 3 m\u00e5nader) har nervsystemet blivit \u00f6verk\u00e4nsligt och man reagerar p\u00e5 l\u00e4tt ber\u00f6ring som vore det ett slag. Det beror p\u00e5 att muskeln som dragit ihop sig -genom \u00f6verstr\u00e4ckning eller trauma- f\u00e5r f\u00f6rs\u00e4mrad cirkulation(syres\u00e4ttning) och det b\u00f6rjar ansamlas mj\u00f6lksyra. Mj\u00f6lksyran retar muskeln [&hellip;]<\/p>\n","protected":false},"author":8,"featured_media":0,"comment_status":"open","ping_status":"open","sticky":false,"template":"","format":"standard","meta":{"_et_pb_use_builder":"","_et_pb_old_content":"","_et_gb_content_width":"","footnotes":""},"categories":[396,4],"tags":[],"class_list":["post-4407","post","type-post","status-publish","format-standard","hentry","category-arkiv-artiklar","category-artiklar"],"yoast_head":"<!-- This site is optimized with the Yoast SEO Premium plugin v26.2 (Yoast SEO v27.5) - https:\/\/yoast.com\/product\/yoast-seo-premium-wordpress\/ -->\n<title>Varf\u00f6r har du ont? - Svenska Magasinet<\/title>\n<meta name=\"robots\" content=\"noindex, follow, max-snippet:-1, max-image-preview:large, max-video-preview:-1\" \/>\n<meta property=\"og:locale\" content=\"sv_SE\" \/>\n<meta property=\"og:type\" content=\"article\" \/>\n<meta property=\"og:title\" content=\"Varf\u00f6r har du ont?\" \/>\n<meta property=\"og:description\" content=\"Sm\u00e4rta \u00e4r ofta en signal att n\u00e5got \u00e4r fel Vid kronisk sm\u00e4rta (mer \u00e4n 3 m\u00e5nader) har nervsystemet blivit \u00f6verk\u00e4nsligt och man reagerar p\u00e5 l\u00e4tt ber\u00f6ring som vore det ett slag. Det beror p\u00e5 att muskeln som dragit ihop sig -genom \u00f6verstr\u00e4ckning eller trauma- f\u00e5r f\u00f6rs\u00e4mrad cirkulation(syres\u00e4ttning) och det b\u00f6rjar ansamlas mj\u00f6lksyra. Mj\u00f6lksyran retar muskeln [&hellip;]\" \/>\n<meta property=\"og:url\" content=\"https:\/\/lightweb.dev\/l\/svm-temp\/artiklar\/varfor-har-du-ont\/\" \/>\n<meta property=\"og:site_name\" content=\"Svenska Magasinet\" \/>\n<meta property=\"article:publisher\" content=\"https:\/\/www.facebook.com\/svenskamagasinet\" \/>\n<meta property=\"article:published_time\" content=\"2013-02-11T23:00:00+00:00\" \/>\n<meta name=\"author\" content=\"Redaktionen SvM\" \/>\n<meta name=\"twitter:card\" content=\"summary_large_image\" \/>\n<meta name=\"twitter:creator\" content=\"@SvenskaMagasine\" \/>\n<meta name=\"twitter:site\" content=\"@SvenskaMagasine\" \/>\n<script type=\"application\/ld+json\" class=\"yoast-schema-graph\">{\"@context\":\"https:\\\/\\\/schema.org\",\"@graph\":[{\"@type\":\"Article\",\"@id\":\"https:\\\/\\\/lightweb.dev\\\/l\\\/svm-temp\\\/artiklar\\\/varfor-har-du-ont\\\/#article\",\"isPartOf\":{\"@id\":\"https:\\\/\\\/lightweb.dev\\\/l\\\/svm-temp\\\/artiklar\\\/varfor-har-du-ont\\\/\"},\"author\":{\"name\":\"Redaktionen SvM\",\"@id\":\"https:\\\/\\\/lightweb.dev\\\/l\\\/svm-temp\\\/#\\\/schema\\\/person\\\/206a3bda5b607b0c25e1749191e4d837\"},\"headline\":\"Varf\u00f6r har du ont?\",\"datePublished\":\"2013-02-11T23:00:00+00:00\",\"mainEntityOfPage\":{\"@id\":\"https:\\\/\\\/lightweb.dev\\\/l\\\/svm-temp\\\/artiklar\\\/varfor-har-du-ont\\\/\"},\"wordCount\":665,\"commentCount\":0,\"publisher\":{\"@id\":\"https:\\\/\\\/lightweb.dev\\\/l\\\/svm-temp\\\/#organization\"},\"articleSection\":[\"Arkiv\",\"Artiklar\"],\"inLanguage\":\"sv-SE\"},{\"@type\":\"WebPage\",\"@id\":\"https:\\\/\\\/lightweb.dev\\\/l\\\/svm-temp\\\/artiklar\\\/varfor-har-du-ont\\\/\",\"url\":\"https:\\\/\\\/lightweb.dev\\\/l\\\/svm-temp\\\/artiklar\\\/varfor-har-du-ont\\\/\",\"name\":\"Varf\u00f6r har du ont? - Svenska Magasinet\",\"isPartOf\":{\"@id\":\"https:\\\/\\\/lightweb.dev\\\/l\\\/svm-temp\\\/#website\"},\"datePublished\":\"2013-02-11T23:00:00+00:00\",\"breadcrumb\":{\"@id\":\"https:\\\/\\\/lightweb.dev\\\/l\\\/svm-temp\\\/artiklar\\\/varfor-har-du-ont\\\/#breadcrumb\"},\"inLanguage\":\"sv-SE\",\"potentialAction\":[{\"@type\":\"ReadAction\",\"target\":[\"https:\\\/\\\/lightweb.dev\\\/l\\\/svm-temp\\\/artiklar\\\/varfor-har-du-ont\\\/\"]}]},{\"@type\":\"BreadcrumbList\",\"@id\":\"https:\\\/\\\/lightweb.dev\\\/l\\\/svm-temp\\\/artiklar\\\/varfor-har-du-ont\\\/#breadcrumb\",\"itemListElement\":[{\"@type\":\"ListItem\",\"position\":1,\"name\":\"Hem\",\"item\":\"https:\\\/\\\/lightweb.dev\\\/l\\\/svm-temp\\\/\"},{\"@type\":\"ListItem\",\"position\":2,\"name\":\"Varf\u00f6r har du ont?\"}]},{\"@type\":\"WebSite\",\"@id\":\"https:\\\/\\\/lightweb.dev\\\/l\\\/svm-temp\\\/#website\",\"url\":\"https:\\\/\\\/lightweb.dev\\\/l\\\/svm-temp\\\/\",\"name\":\"Svenska Magasinet\",\"description\":\"Dina Spanska nyheter p&aring; Svenska\",\"publisher\":{\"@id\":\"https:\\\/\\\/lightweb.dev\\\/l\\\/svm-temp\\\/#organization\"},\"potentialAction\":[{\"@type\":\"SearchAction\",\"target\":{\"@type\":\"EntryPoint\",\"urlTemplate\":\"https:\\\/\\\/lightweb.dev\\\/l\\\/svm-temp\\\/?s={search_term_string}\"},\"query-input\":{\"@type\":\"PropertyValueSpecification\",\"valueRequired\":true,\"valueName\":\"search_term_string\"}}],\"inLanguage\":\"sv-SE\"},{\"@type\":\"Organization\",\"@id\":\"https:\\\/\\\/lightweb.dev\\\/l\\\/svm-temp\\\/#organization\",\"name\":\"Melkerson y Nott SL\",\"alternateName\":\"Svenska Magasinet\",\"url\":\"https:\\\/\\\/lightweb.dev\\\/l\\\/svm-temp\\\/\",\"logo\":{\"@type\":\"ImageObject\",\"inLanguage\":\"sv-SE\",\"@id\":\"https:\\\/\\\/lightweb.dev\\\/l\\\/svm-temp\\\/#\\\/schema\\\/logo\\\/image\\\/\",\"url\":\"https:\\\/\\\/lightweb.dev\\\/l\\\/svm-temp\\\/wp-content\\\/uploads\\\/2025\\\/02\\\/SvM-logo-Xtra-Centrerad-SVART.png\",\"contentUrl\":\"https:\\\/\\\/lightweb.dev\\\/l\\\/svm-temp\\\/wp-content\\\/uploads\\\/2025\\\/02\\\/SvM-logo-Xtra-Centrerad-SVART.png\",\"width\":300,\"height\":99,\"caption\":\"Melkerson y Nott SL\"},\"image\":{\"@id\":\"https:\\\/\\\/lightweb.dev\\\/l\\\/svm-temp\\\/#\\\/schema\\\/logo\\\/image\\\/\"},\"sameAs\":[\"https:\\\/\\\/www.facebook.com\\\/svenskamagasinet\",\"https:\\\/\\\/x.com\\\/SvenskaMagasine\"]},{\"@type\":\"Person\",\"@id\":\"https:\\\/\\\/lightweb.dev\\\/l\\\/svm-temp\\\/#\\\/schema\\\/person\\\/206a3bda5b607b0c25e1749191e4d837\",\"name\":\"Redaktionen SvM\",\"description\":\"Redaktionen\",\"sameAs\":[\"https:\\\/\\\/lightweb.dev\\\/l\\\/svm-temp\"],\"url\":\"https:\\\/\\\/lightweb.dev\\\/l\\\/svm-temp\\\/reporter\\\/redaktionen\\\/\"}]}<\/script>\n<!-- \/ Yoast SEO Premium plugin. -->","yoast_head_json":{"title":"Varf\u00f6r har du ont? - Svenska Magasinet","robots":{"index":"noindex","follow":"follow","max-snippet":"max-snippet:-1","max-image-preview":"max-image-preview:large","max-video-preview":"max-video-preview:-1"},"og_locale":"sv_SE","og_type":"article","og_title":"Varf\u00f6r har du ont?","og_description":"Sm\u00e4rta \u00e4r ofta en signal att n\u00e5got \u00e4r fel Vid kronisk sm\u00e4rta (mer \u00e4n 3 m\u00e5nader) har nervsystemet blivit \u00f6verk\u00e4nsligt och man reagerar p\u00e5 l\u00e4tt ber\u00f6ring som vore det ett slag. Det beror p\u00e5 att muskeln som dragit ihop sig -genom \u00f6verstr\u00e4ckning eller trauma- f\u00e5r f\u00f6rs\u00e4mrad cirkulation(syres\u00e4ttning) och det b\u00f6rjar ansamlas mj\u00f6lksyra. Mj\u00f6lksyran retar muskeln [&hellip;]","og_url":"https:\/\/lightweb.dev\/l\/svm-temp\/artiklar\/varfor-har-du-ont\/","og_site_name":"Svenska Magasinet","article_publisher":"https:\/\/www.facebook.com\/svenskamagasinet","article_published_time":"2013-02-11T23:00:00+00:00","author":"Redaktionen SvM","twitter_card":"summary_large_image","twitter_creator":"@SvenskaMagasine","twitter_site":"@SvenskaMagasine","schema":{"@context":"https:\/\/schema.org","@graph":[{"@type":"Article","@id":"https:\/\/lightweb.dev\/l\/svm-temp\/artiklar\/varfor-har-du-ont\/#article","isPartOf":{"@id":"https:\/\/lightweb.dev\/l\/svm-temp\/artiklar\/varfor-har-du-ont\/"},"author":{"name":"Redaktionen SvM","@id":"https:\/\/lightweb.dev\/l\/svm-temp\/#\/schema\/person\/206a3bda5b607b0c25e1749191e4d837"},"headline":"Varf\u00f6r har du ont?","datePublished":"2013-02-11T23:00:00+00:00","mainEntityOfPage":{"@id":"https:\/\/lightweb.dev\/l\/svm-temp\/artiklar\/varfor-har-du-ont\/"},"wordCount":665,"commentCount":0,"publisher":{"@id":"https:\/\/lightweb.dev\/l\/svm-temp\/#organization"},"articleSection":["Arkiv","Artiklar"],"inLanguage":"sv-SE"},{"@type":"WebPage","@id":"https:\/\/lightweb.dev\/l\/svm-temp\/artiklar\/varfor-har-du-ont\/","url":"https:\/\/lightweb.dev\/l\/svm-temp\/artiklar\/varfor-har-du-ont\/","name":"Varf\u00f6r har du ont? - Svenska Magasinet","isPartOf":{"@id":"https:\/\/lightweb.dev\/l\/svm-temp\/#website"},"datePublished":"2013-02-11T23:00:00+00:00","breadcrumb":{"@id":"https:\/\/lightweb.dev\/l\/svm-temp\/artiklar\/varfor-har-du-ont\/#breadcrumb"},"inLanguage":"sv-SE","potentialAction":[{"@type":"ReadAction","target":["https:\/\/lightweb.dev\/l\/svm-temp\/artiklar\/varfor-har-du-ont\/"]}]},{"@type":"BreadcrumbList","@id":"https:\/\/lightweb.dev\/l\/svm-temp\/artiklar\/varfor-har-du-ont\/#breadcrumb","itemListElement":[{"@type":"ListItem","position":1,"name":"Hem","item":"https:\/\/lightweb.dev\/l\/svm-temp\/"},{"@type":"ListItem","position":2,"name":"Varf\u00f6r har du ont?"}]},{"@type":"WebSite","@id":"https:\/\/lightweb.dev\/l\/svm-temp\/#website","url":"https:\/\/lightweb.dev\/l\/svm-temp\/","name":"Svenska Magasinet","description":"Dina Spanska nyheter p&aring; Svenska","publisher":{"@id":"https:\/\/lightweb.dev\/l\/svm-temp\/#organization"},"potentialAction":[{"@type":"SearchAction","target":{"@type":"EntryPoint","urlTemplate":"https:\/\/lightweb.dev\/l\/svm-temp\/?s={search_term_string}"},"query-input":{"@type":"PropertyValueSpecification","valueRequired":true,"valueName":"search_term_string"}}],"inLanguage":"sv-SE"},{"@type":"Organization","@id":"https:\/\/lightweb.dev\/l\/svm-temp\/#organization","name":"Melkerson y Nott SL","alternateName":"Svenska Magasinet","url":"https:\/\/lightweb.dev\/l\/svm-temp\/","logo":{"@type":"ImageObject","inLanguage":"sv-SE","@id":"https:\/\/lightweb.dev\/l\/svm-temp\/#\/schema\/logo\/image\/","url":"https:\/\/lightweb.dev\/l\/svm-temp\/wp-content\/uploads\/2025\/02\/SvM-logo-Xtra-Centrerad-SVART.png","contentUrl":"https:\/\/lightweb.dev\/l\/svm-temp\/wp-content\/uploads\/2025\/02\/SvM-logo-Xtra-Centrerad-SVART.png","width":300,"height":99,"caption":"Melkerson y Nott SL"},"image":{"@id":"https:\/\/lightweb.dev\/l\/svm-temp\/#\/schema\/logo\/image\/"},"sameAs":["https:\/\/www.facebook.com\/svenskamagasinet","https:\/\/x.com\/SvenskaMagasine"]},{"@type":"Person","@id":"https:\/\/lightweb.dev\/l\/svm-temp\/#\/schema\/person\/206a3bda5b607b0c25e1749191e4d837","name":"Redaktionen SvM","description":"Redaktionen","sameAs":["https:\/\/lightweb.dev\/l\/svm-temp"],"url":"https:\/\/lightweb.dev\/l\/svm-temp\/reporter\/redaktionen\/"}]}},"_links":{"self":[{"href":"https:\/\/lightweb.dev\/l\/svm-temp\/wp-json\/wp\/v2\/posts\/4407","targetHints":{"allow":["GET"]}}],"collection":[{"href":"https:\/\/lightweb.dev\/l\/svm-temp\/wp-json\/wp\/v2\/posts"}],"about":[{"href":"https:\/\/lightweb.dev\/l\/svm-temp\/wp-json\/wp\/v2\/types\/post"}],"author":[{"embeddable":true,"href":"https:\/\/lightweb.dev\/l\/svm-temp\/wp-json\/wp\/v2\/users\/8"}],"replies":[{"embeddable":true,"href":"https:\/\/lightweb.dev\/l\/svm-temp\/wp-json\/wp\/v2\/comments?post=4407"}],"version-history":[{"count":0,"href":"https:\/\/lightweb.dev\/l\/svm-temp\/wp-json\/wp\/v2\/posts\/4407\/revisions"}],"wp:attachment":[{"href":"https:\/\/lightweb.dev\/l\/svm-temp\/wp-json\/wp\/v2\/media?parent=4407"}],"wp:term":[{"taxonomy":"category","embeddable":true,"href":"https:\/\/lightweb.dev\/l\/svm-temp\/wp-json\/wp\/v2\/categories?post=4407"},{"taxonomy":"post_tag","embeddable":true,"href":"https:\/\/lightweb.dev\/l\/svm-temp\/wp-json\/wp\/v2\/tags?post=4407"}],"curies":[{"name":"wp","href":"https:\/\/api.w.org\/{rel}","templated":true}]}}