{"id":4414,"date":"2013-02-11T00:00:00","date_gmt":"2013-02-10T23:00:00","guid":{"rendered":"https:\/\/lightweb.dev\/l\/svm-temp\/genuina-almunecar-ger-karlek-vid-forsta-ogonkastet\/"},"modified":"2013-02-11T00:00:00","modified_gmt":"2013-02-10T23:00:00","slug":"genuina-almunecar-ger-karlek-vid-forsta-ogonkastet","status":"publish","type":"post","link":"https:\/\/lightweb.dev\/l\/svm-temp\/artiklar\/genuina-almunecar-ger-karlek-vid-forsta-ogonkastet\/","title":{"rendered":"Genuina Almu\u00f1\u00e9car ger k\u00e4rlek vid f\u00f6rsta \u00f6gonkastet"},"content":{"rendered":"<p> Almu\u00f1\u00e9cars historia b\u00f6rjade p\u00e5 1500-talet f\u00f6re Kristus. Fenicierna kom till platsen och anlade fiskeindustri tusen \u00e5r senare med tillverkning av s\u00e5sen Garum. Det \u00e4r en \u00e4kta genuin plats och m\u00e5nga upplever k\u00e4rlek vid f\u00f6rsta \u00f6gonkastet<br \/>\nAv Ola Josefsson<\/p>\n<p>\u201dDet har blivit en tradition varje vinter att svenskarna dricker CAVA och tar ett juldopp i havet. Precis d\u00e4r nere brukar de bada\u201d, s\u00e4ger Rafael Lamelas Guillen och pekar med handen.<br \/>\nTurister, fr\u00e4mst pension\u00e4rer och d\u00e4r n\u00e5gra var 90 \u00e5r tog sig ett bad, sj\u00f6ng s\u00e5nger och drack spansk CAVA.<\/p>\n<p>Vi st\u00e5r p\u00e5 Hotell Helios uts\u00f6kta takterrass och blickar ut mot havet. Det \u00e4r n\u00e5gra dagar in p\u00e5 ny\u00e5ret och det \u00e4r 20 grader varmt i skuggan.<br \/>\n&#8211; Jag v\u00e5gar p\u00e5st\u00e5 att vi h\u00e4rifr\u00e5n ser de b\u00e4sta solnedg\u00e5ngarna, s\u00e4ger vice hotelldirekt\u00f6ren Victor de Miguel. Jag ska s\u00e4nda dig en bild som du kan ha i tidningen.<br \/>\nJo, jag fick bilden som du kan se till den h\u00e4r artikeln. N\u00e4r solen s\u00e4nker sig ned i Medelhavet bakom udden Punta de la Mona tillh\u00f6r livets goda. Det l\u00e4r vara bed\u00e5rande vackert.<\/p>\n<p>Rafael Lamelas \u00e4r hotelldirekt\u00f6r p\u00e5 hotell Helios p\u00e5 Paseo de San Crist\u00f3bal. Rafael \u00e4r ocks\u00e5 president i Asociaci\u00f3n de Hoteleros, en sammanslutning f\u00f6r hotellen utmed den vackra Granadakusten.<br \/>\nPerioden december-mars \u00e4r l\u00e5gs\u00e4song p\u00e5 hotell Helios. Samtidigt \u00e4r det den perioden d\u00e5 nordiska turister g\u00e4rna l\u00e4gger n\u00e5gra veckors vinterboende p\u00e5 Costa Tropical. Och de nordiska hotellg\u00e4sterna \u00e4r viktiga.<br \/>\n&#8211; Nordborna st\u00e5r f\u00f6r 30 procent av turismen under vintern\u201d, s\u00e4ger Rafael Lamelas. <\/p>\n<p>Det s\u00e4gs att Costa Tropical har ett mikroklimat unikt f\u00f6r Europa, ett litet Karibien i miniatyr. H\u00e4r v\u00e4xer tropiska frukter som mango, och cherimoya som bara v\u00e4xer h\u00e4r och i Israel.<br \/>\n&#8211; Alla k\u00e4nner till Costa del Sol men namnet Costa Tropical \u00e4r d\u00e5ligt inarbetat. Det ska bli \u00e4ndring p\u00e5 det, s\u00e4ger Victor de Miguel.<\/p>\n<p>I \u00f6ver tio \u00e5r har turistmyndigheterna och hotellen p\u00e5 Costa Tropical funnits med vid Nordens st\u00f6rsta resem\u00e4ssa i G\u00f6teborg. Den nordiska marknaden \u00e4r viktig under l\u00e5gs\u00e4songen f\u00f6r att h\u00e5lla ig\u00e5ng syssels\u00e4ttningen. Den 21 till 24 mars h\u00e5lls n\u00e4sta turistm\u00e4ssa i G\u00f6teborg d\u00e4r Almu\u00f1\u00e9car har egen monter.<\/p>\n<p>Costa Tropical \u00e4r mer genuint spanskt j\u00e4mf\u00f6rt med andra platser. Under en stadspromenad h\u00f6rs spansk, knappast n\u00e5gon pratar engelska, ryska eller tyska.<br \/>\n&#8211; Detta \u00e4r varken Torremolinos, Marbella eller Nerja, s\u00e4ger Victor de Miguel som dock po\u00e4ngterar att i n\u00e4romr\u00e5det finns det tre golfbanor.<br \/>\nI n\u00e4rbel\u00e4gna Motril ligger golfklubben Los Moriscos. N\u00e4r du sl\u00e5r ut p\u00e5 den banan ser du Sierra Nevadas sn\u00f6kl\u00e4dda toppar i bakgrunden. Det \u00e4r mycket vackert.<br \/>\nAndra banor \u00e4r Baveira golf i Caleta de V\u00e9lez samt La Zubia utmed v\u00e4gen till Granada.<\/p>\n<p>Med bil g\u00f6r du sp\u00e4nnande utflykter till vintersportorten Sierra Nevada, det moriska Alhambra i Granada och M\u00e1lagas museum som Thyssen och Picasso.<br \/>\n&#8211; Vi f\u00e5r fler bes\u00f6k av idrottsklubbar som l\u00e4gger sina tr\u00e4ningsl\u00e4ger i Almu\u00f1\u00e9car. H\u00e4r finns idrottsplats och utm\u00e4rkta tr\u00e4ningsm\u00f6jligheter i ett perfekt klimat.<br \/>\nUppe i bergen odlas vin och ett popul\u00e4rt utflyktsm\u00e5l \u00e4r Bodegas H. Calvente i Jete. Andra turister v\u00e4ljer att bes\u00f6ka odlingar av cherimoya och avokados eller n\u00e5gon tillverkare av olivolja och honung.<\/p>\n","protected":false},"excerpt":{"rendered":"<p>Almu\u00f1\u00e9cars historia b\u00f6rjade p\u00e5 1500-talet f\u00f6re Kristus. Fenicierna kom till platsen och anlade fiskeindustri tusen \u00e5r senare med tillverkning av s\u00e5sen Garum. Det \u00e4r en \u00e4kta genuin plats och m\u00e5nga upplever k\u00e4rlek vid f\u00f6rsta \u00f6gonkastet Av Ola Josefsson \u201dDet har blivit en tradition varje vinter att svenskarna dricker CAVA och tar ett juldopp i havet. [&hellip;]<\/p>\n","protected":false},"author":8,"featured_media":4415,"comment_status":"open","ping_status":"open","sticky":false,"template":"","format":"standard","meta":{"_et_pb_use_builder":"","_et_pb_old_content":"","_et_gb_content_width":"","footnotes":""},"categories":[396,4],"tags":[],"class_list":["post-4414","post","type-post","status-publish","format-standard","has-post-thumbnail","hentry","category-arkiv-artiklar","category-artiklar"],"yoast_head":"<!-- This site is optimized with the Yoast SEO Premium plugin v26.2 (Yoast SEO v27.5) - https:\/\/yoast.com\/product\/yoast-seo-premium-wordpress\/ -->\n<title>Genuina Almu\u00f1\u00e9car ger k\u00e4rlek vid f\u00f6rsta \u00f6gonkastet - Svenska Magasinet<\/title>\n<meta name=\"robots\" content=\"noindex, follow, max-snippet:-1, max-image-preview:large, max-video-preview:-1\" \/>\n<meta property=\"og:locale\" content=\"sv_SE\" \/>\n<meta property=\"og:type\" content=\"article\" \/>\n<meta property=\"og:title\" content=\"Genuina Almu\u00f1\u00e9car ger k\u00e4rlek vid f\u00f6rsta \u00f6gonkastet\" \/>\n<meta property=\"og:description\" content=\"Almu\u00f1\u00e9cars historia b\u00f6rjade p\u00e5 1500-talet f\u00f6re Kristus. Fenicierna kom till platsen och anlade fiskeindustri tusen \u00e5r senare med tillverkning av s\u00e5sen Garum. Det \u00e4r en \u00e4kta genuin plats och m\u00e5nga upplever k\u00e4rlek vid f\u00f6rsta \u00f6gonkastet Av Ola Josefsson \u201dDet har blivit en tradition varje vinter att svenskarna dricker CAVA och tar ett juldopp i havet. [&hellip;]\" \/>\n<meta property=\"og:url\" content=\"https:\/\/lightweb.dev\/l\/svm-temp\/artiklar\/genuina-almunecar-ger-karlek-vid-forsta-ogonkastet\/\" \/>\n<meta property=\"og:site_name\" content=\"Svenska Magasinet\" \/>\n<meta property=\"article:publisher\" content=\"https:\/\/www.facebook.com\/svenskamagasinet\" \/>\n<meta property=\"article:published_time\" content=\"2013-02-10T23:00:00+00:00\" \/>\n<meta property=\"og:image\" content=\"https:\/\/lightweb.dev\/l\/svm-temp\/wp-content\/uploads\/2022\/04\/genuina-almucar-ger-krlek-vid-frsta-gonkastet.png\" \/>\n\t<meta property=\"og:image:width\" content=\"299\" \/>\n\t<meta property=\"og:image:height\" content=\"200\" \/>\n\t<meta property=\"og:image:type\" content=\"image\/png\" \/>\n<meta name=\"author\" content=\"Redaktionen SvM\" \/>\n<meta name=\"twitter:card\" content=\"summary_large_image\" \/>\n<meta name=\"twitter:creator\" content=\"@SvenskaMagasine\" \/>\n<meta name=\"twitter:site\" content=\"@SvenskaMagasine\" \/>\n<script type=\"application\/ld+json\" class=\"yoast-schema-graph\">{\"@context\":\"https:\\\/\\\/schema.org\",\"@graph\":[{\"@type\":\"Article\",\"@id\":\"https:\\\/\\\/lightweb.dev\\\/l\\\/svm-temp\\\/artiklar\\\/genuina-almunecar-ger-karlek-vid-forsta-ogonkastet\\\/#article\",\"isPartOf\":{\"@id\":\"https:\\\/\\\/lightweb.dev\\\/l\\\/svm-temp\\\/artiklar\\\/genuina-almunecar-ger-karlek-vid-forsta-ogonkastet\\\/\"},\"author\":{\"name\":\"Redaktionen SvM\",\"@id\":\"https:\\\/\\\/lightweb.dev\\\/l\\\/svm-temp\\\/#\\\/schema\\\/person\\\/206a3bda5b607b0c25e1749191e4d837\"},\"headline\":\"Genuina Almu\u00f1\u00e9car ger k\u00e4rlek vid f\u00f6rsta \u00f6gonkastet\",\"datePublished\":\"2013-02-10T23:00:00+00:00\",\"mainEntityOfPage\":{\"@id\":\"https:\\\/\\\/lightweb.dev\\\/l\\\/svm-temp\\\/artiklar\\\/genuina-almunecar-ger-karlek-vid-forsta-ogonkastet\\\/\"},\"wordCount\":621,\"commentCount\":0,\"publisher\":{\"@id\":\"https:\\\/\\\/lightweb.dev\\\/l\\\/svm-temp\\\/#organization\"},\"image\":{\"@id\":\"https:\\\/\\\/lightweb.dev\\\/l\\\/svm-temp\\\/artiklar\\\/genuina-almunecar-ger-karlek-vid-forsta-ogonkastet\\\/#primaryimage\"},\"thumbnailUrl\":\"https:\\\/\\\/lightweb.dev\\\/l\\\/svm-temp\\\/wp-content\\\/uploads\\\/2022\\\/04\\\/genuina-almucar-ger-krlek-vid-frsta-gonkastet.png\",\"articleSection\":[\"Arkiv\",\"Artiklar\"],\"inLanguage\":\"sv-SE\"},{\"@type\":\"WebPage\",\"@id\":\"https:\\\/\\\/lightweb.dev\\\/l\\\/svm-temp\\\/artiklar\\\/genuina-almunecar-ger-karlek-vid-forsta-ogonkastet\\\/\",\"url\":\"https:\\\/\\\/lightweb.dev\\\/l\\\/svm-temp\\\/artiklar\\\/genuina-almunecar-ger-karlek-vid-forsta-ogonkastet\\\/\",\"name\":\"Genuina Almu\u00f1\u00e9car ger k\u00e4rlek vid f\u00f6rsta \u00f6gonkastet - Svenska Magasinet\",\"isPartOf\":{\"@id\":\"https:\\\/\\\/lightweb.dev\\\/l\\\/svm-temp\\\/#website\"},\"primaryImageOfPage\":{\"@id\":\"https:\\\/\\\/lightweb.dev\\\/l\\\/svm-temp\\\/artiklar\\\/genuina-almunecar-ger-karlek-vid-forsta-ogonkastet\\\/#primaryimage\"},\"image\":{\"@id\":\"https:\\\/\\\/lightweb.dev\\\/l\\\/svm-temp\\\/artiklar\\\/genuina-almunecar-ger-karlek-vid-forsta-ogonkastet\\\/#primaryimage\"},\"thumbnailUrl\":\"https:\\\/\\\/lightweb.dev\\\/l\\\/svm-temp\\\/wp-content\\\/uploads\\\/2022\\\/04\\\/genuina-almucar-ger-krlek-vid-frsta-gonkastet.png\",\"datePublished\":\"2013-02-10T23:00:00+00:00\",\"breadcrumb\":{\"@id\":\"https:\\\/\\\/lightweb.dev\\\/l\\\/svm-temp\\\/artiklar\\\/genuina-almunecar-ger-karlek-vid-forsta-ogonkastet\\\/#breadcrumb\"},\"inLanguage\":\"sv-SE\",\"potentialAction\":[{\"@type\":\"ReadAction\",\"target\":[\"https:\\\/\\\/lightweb.dev\\\/l\\\/svm-temp\\\/artiklar\\\/genuina-almunecar-ger-karlek-vid-forsta-ogonkastet\\\/\"]}]},{\"@type\":\"ImageObject\",\"inLanguage\":\"sv-SE\",\"@id\":\"https:\\\/\\\/lightweb.dev\\\/l\\\/svm-temp\\\/artiklar\\\/genuina-almunecar-ger-karlek-vid-forsta-ogonkastet\\\/#primaryimage\",\"url\":\"https:\\\/\\\/lightweb.dev\\\/l\\\/svm-temp\\\/wp-content\\\/uploads\\\/2022\\\/04\\\/genuina-almucar-ger-krlek-vid-frsta-gonkastet.png\",\"contentUrl\":\"https:\\\/\\\/lightweb.dev\\\/l\\\/svm-temp\\\/wp-content\\\/uploads\\\/2022\\\/04\\\/genuina-almucar-ger-krlek-vid-frsta-gonkastet.png\",\"width\":299,\"height\":200},{\"@type\":\"BreadcrumbList\",\"@id\":\"https:\\\/\\\/lightweb.dev\\\/l\\\/svm-temp\\\/artiklar\\\/genuina-almunecar-ger-karlek-vid-forsta-ogonkastet\\\/#breadcrumb\",\"itemListElement\":[{\"@type\":\"ListItem\",\"position\":1,\"name\":\"Hem\",\"item\":\"https:\\\/\\\/lightweb.dev\\\/l\\\/svm-temp\\\/\"},{\"@type\":\"ListItem\",\"position\":2,\"name\":\"Genuina Almu\u00f1\u00e9car ger k\u00e4rlek vid f\u00f6rsta \u00f6gonkastet\"}]},{\"@type\":\"WebSite\",\"@id\":\"https:\\\/\\\/lightweb.dev\\\/l\\\/svm-temp\\\/#website\",\"url\":\"https:\\\/\\\/lightweb.dev\\\/l\\\/svm-temp\\\/\",\"name\":\"Svenska Magasinet\",\"description\":\"Dina Spanska nyheter p&aring; Svenska\",\"publisher\":{\"@id\":\"https:\\\/\\\/lightweb.dev\\\/l\\\/svm-temp\\\/#organization\"},\"potentialAction\":[{\"@type\":\"SearchAction\",\"target\":{\"@type\":\"EntryPoint\",\"urlTemplate\":\"https:\\\/\\\/lightweb.dev\\\/l\\\/svm-temp\\\/?s={search_term_string}\"},\"query-input\":{\"@type\":\"PropertyValueSpecification\",\"valueRequired\":true,\"valueName\":\"search_term_string\"}}],\"inLanguage\":\"sv-SE\"},{\"@type\":\"Organization\",\"@id\":\"https:\\\/\\\/lightweb.dev\\\/l\\\/svm-temp\\\/#organization\",\"name\":\"Melkerson y Nott SL\",\"alternateName\":\"Svenska Magasinet\",\"url\":\"https:\\\/\\\/lightweb.dev\\\/l\\\/svm-temp\\\/\",\"logo\":{\"@type\":\"ImageObject\",\"inLanguage\":\"sv-SE\",\"@id\":\"https:\\\/\\\/lightweb.dev\\\/l\\\/svm-temp\\\/#\\\/schema\\\/logo\\\/image\\\/\",\"url\":\"https:\\\/\\\/lightweb.dev\\\/l\\\/svm-temp\\\/wp-content\\\/uploads\\\/2025\\\/02\\\/SvM-logo-Xtra-Centrerad-SVART.png\",\"contentUrl\":\"https:\\\/\\\/lightweb.dev\\\/l\\\/svm-temp\\\/wp-content\\\/uploads\\\/2025\\\/02\\\/SvM-logo-Xtra-Centrerad-SVART.png\",\"width\":300,\"height\":99,\"caption\":\"Melkerson y Nott SL\"},\"image\":{\"@id\":\"https:\\\/\\\/lightweb.dev\\\/l\\\/svm-temp\\\/#\\\/schema\\\/logo\\\/image\\\/\"},\"sameAs\":[\"https:\\\/\\\/www.facebook.com\\\/svenskamagasinet\",\"https:\\\/\\\/x.com\\\/SvenskaMagasine\"]},{\"@type\":\"Person\",\"@id\":\"https:\\\/\\\/lightweb.dev\\\/l\\\/svm-temp\\\/#\\\/schema\\\/person\\\/206a3bda5b607b0c25e1749191e4d837\",\"name\":\"Redaktionen SvM\",\"description\":\"Redaktionen\",\"sameAs\":[\"https:\\\/\\\/lightweb.dev\\\/l\\\/svm-temp\"],\"url\":\"https:\\\/\\\/lightweb.dev\\\/l\\\/svm-temp\\\/reporter\\\/redaktionen\\\/\"}]}<\/script>\n<!-- \/ Yoast SEO Premium plugin. -->","yoast_head_json":{"title":"Genuina Almu\u00f1\u00e9car ger k\u00e4rlek vid f\u00f6rsta \u00f6gonkastet - Svenska Magasinet","robots":{"index":"noindex","follow":"follow","max-snippet":"max-snippet:-1","max-image-preview":"max-image-preview:large","max-video-preview":"max-video-preview:-1"},"og_locale":"sv_SE","og_type":"article","og_title":"Genuina Almu\u00f1\u00e9car ger k\u00e4rlek vid f\u00f6rsta \u00f6gonkastet","og_description":"Almu\u00f1\u00e9cars historia b\u00f6rjade p\u00e5 1500-talet f\u00f6re Kristus. Fenicierna kom till platsen och anlade fiskeindustri tusen \u00e5r senare med tillverkning av s\u00e5sen Garum. Det \u00e4r en \u00e4kta genuin plats och m\u00e5nga upplever k\u00e4rlek vid f\u00f6rsta \u00f6gonkastet Av Ola Josefsson \u201dDet har blivit en tradition varje vinter att svenskarna dricker CAVA och tar ett juldopp i havet. [&hellip;]","og_url":"https:\/\/lightweb.dev\/l\/svm-temp\/artiklar\/genuina-almunecar-ger-karlek-vid-forsta-ogonkastet\/","og_site_name":"Svenska Magasinet","article_publisher":"https:\/\/www.facebook.com\/svenskamagasinet","article_published_time":"2013-02-10T23:00:00+00:00","og_image":[{"width":299,"height":200,"url":"https:\/\/lightweb.dev\/l\/svm-temp\/wp-content\/uploads\/2022\/04\/genuina-almucar-ger-krlek-vid-frsta-gonkastet.png","type":"image\/png"}],"author":"Redaktionen SvM","twitter_card":"summary_large_image","twitter_creator":"@SvenskaMagasine","twitter_site":"@SvenskaMagasine","schema":{"@context":"https:\/\/schema.org","@graph":[{"@type":"Article","@id":"https:\/\/lightweb.dev\/l\/svm-temp\/artiklar\/genuina-almunecar-ger-karlek-vid-forsta-ogonkastet\/#article","isPartOf":{"@id":"https:\/\/lightweb.dev\/l\/svm-temp\/artiklar\/genuina-almunecar-ger-karlek-vid-forsta-ogonkastet\/"},"author":{"name":"Redaktionen SvM","@id":"https:\/\/lightweb.dev\/l\/svm-temp\/#\/schema\/person\/206a3bda5b607b0c25e1749191e4d837"},"headline":"Genuina Almu\u00f1\u00e9car ger k\u00e4rlek vid f\u00f6rsta \u00f6gonkastet","datePublished":"2013-02-10T23:00:00+00:00","mainEntityOfPage":{"@id":"https:\/\/lightweb.dev\/l\/svm-temp\/artiklar\/genuina-almunecar-ger-karlek-vid-forsta-ogonkastet\/"},"wordCount":621,"commentCount":0,"publisher":{"@id":"https:\/\/lightweb.dev\/l\/svm-temp\/#organization"},"image":{"@id":"https:\/\/lightweb.dev\/l\/svm-temp\/artiklar\/genuina-almunecar-ger-karlek-vid-forsta-ogonkastet\/#primaryimage"},"thumbnailUrl":"https:\/\/lightweb.dev\/l\/svm-temp\/wp-content\/uploads\/2022\/04\/genuina-almucar-ger-krlek-vid-frsta-gonkastet.png","articleSection":["Arkiv","Artiklar"],"inLanguage":"sv-SE"},{"@type":"WebPage","@id":"https:\/\/lightweb.dev\/l\/svm-temp\/artiklar\/genuina-almunecar-ger-karlek-vid-forsta-ogonkastet\/","url":"https:\/\/lightweb.dev\/l\/svm-temp\/artiklar\/genuina-almunecar-ger-karlek-vid-forsta-ogonkastet\/","name":"Genuina Almu\u00f1\u00e9car ger k\u00e4rlek vid f\u00f6rsta \u00f6gonkastet - Svenska Magasinet","isPartOf":{"@id":"https:\/\/lightweb.dev\/l\/svm-temp\/#website"},"primaryImageOfPage":{"@id":"https:\/\/lightweb.dev\/l\/svm-temp\/artiklar\/genuina-almunecar-ger-karlek-vid-forsta-ogonkastet\/#primaryimage"},"image":{"@id":"https:\/\/lightweb.dev\/l\/svm-temp\/artiklar\/genuina-almunecar-ger-karlek-vid-forsta-ogonkastet\/#primaryimage"},"thumbnailUrl":"https:\/\/lightweb.dev\/l\/svm-temp\/wp-content\/uploads\/2022\/04\/genuina-almucar-ger-krlek-vid-frsta-gonkastet.png","datePublished":"2013-02-10T23:00:00+00:00","breadcrumb":{"@id":"https:\/\/lightweb.dev\/l\/svm-temp\/artiklar\/genuina-almunecar-ger-karlek-vid-forsta-ogonkastet\/#breadcrumb"},"inLanguage":"sv-SE","potentialAction":[{"@type":"ReadAction","target":["https:\/\/lightweb.dev\/l\/svm-temp\/artiklar\/genuina-almunecar-ger-karlek-vid-forsta-ogonkastet\/"]}]},{"@type":"ImageObject","inLanguage":"sv-SE","@id":"https:\/\/lightweb.dev\/l\/svm-temp\/artiklar\/genuina-almunecar-ger-karlek-vid-forsta-ogonkastet\/#primaryimage","url":"https:\/\/lightweb.dev\/l\/svm-temp\/wp-content\/uploads\/2022\/04\/genuina-almucar-ger-krlek-vid-frsta-gonkastet.png","contentUrl":"https:\/\/lightweb.dev\/l\/svm-temp\/wp-content\/uploads\/2022\/04\/genuina-almucar-ger-krlek-vid-frsta-gonkastet.png","width":299,"height":200},{"@type":"BreadcrumbList","@id":"https:\/\/lightweb.dev\/l\/svm-temp\/artiklar\/genuina-almunecar-ger-karlek-vid-forsta-ogonkastet\/#breadcrumb","itemListElement":[{"@type":"ListItem","position":1,"name":"Hem","item":"https:\/\/lightweb.dev\/l\/svm-temp\/"},{"@type":"ListItem","position":2,"name":"Genuina Almu\u00f1\u00e9car ger k\u00e4rlek vid f\u00f6rsta \u00f6gonkastet"}]},{"@type":"WebSite","@id":"https:\/\/lightweb.dev\/l\/svm-temp\/#website","url":"https:\/\/lightweb.dev\/l\/svm-temp\/","name":"Svenska Magasinet","description":"Dina Spanska nyheter p&aring; Svenska","publisher":{"@id":"https:\/\/lightweb.dev\/l\/svm-temp\/#organization"},"potentialAction":[{"@type":"SearchAction","target":{"@type":"EntryPoint","urlTemplate":"https:\/\/lightweb.dev\/l\/svm-temp\/?s={search_term_string}"},"query-input":{"@type":"PropertyValueSpecification","valueRequired":true,"valueName":"search_term_string"}}],"inLanguage":"sv-SE"},{"@type":"Organization","@id":"https:\/\/lightweb.dev\/l\/svm-temp\/#organization","name":"Melkerson y Nott SL","alternateName":"Svenska Magasinet","url":"https:\/\/lightweb.dev\/l\/svm-temp\/","logo":{"@type":"ImageObject","inLanguage":"sv-SE","@id":"https:\/\/lightweb.dev\/l\/svm-temp\/#\/schema\/logo\/image\/","url":"https:\/\/lightweb.dev\/l\/svm-temp\/wp-content\/uploads\/2025\/02\/SvM-logo-Xtra-Centrerad-SVART.png","contentUrl":"https:\/\/lightweb.dev\/l\/svm-temp\/wp-content\/uploads\/2025\/02\/SvM-logo-Xtra-Centrerad-SVART.png","width":300,"height":99,"caption":"Melkerson y Nott SL"},"image":{"@id":"https:\/\/lightweb.dev\/l\/svm-temp\/#\/schema\/logo\/image\/"},"sameAs":["https:\/\/www.facebook.com\/svenskamagasinet","https:\/\/x.com\/SvenskaMagasine"]},{"@type":"Person","@id":"https:\/\/lightweb.dev\/l\/svm-temp\/#\/schema\/person\/206a3bda5b607b0c25e1749191e4d837","name":"Redaktionen SvM","description":"Redaktionen","sameAs":["https:\/\/lightweb.dev\/l\/svm-temp"],"url":"https:\/\/lightweb.dev\/l\/svm-temp\/reporter\/redaktionen\/"}]}},"_links":{"self":[{"href":"https:\/\/lightweb.dev\/l\/svm-temp\/wp-json\/wp\/v2\/posts\/4414","targetHints":{"allow":["GET"]}}],"collection":[{"href":"https:\/\/lightweb.dev\/l\/svm-temp\/wp-json\/wp\/v2\/posts"}],"about":[{"href":"https:\/\/lightweb.dev\/l\/svm-temp\/wp-json\/wp\/v2\/types\/post"}],"author":[{"embeddable":true,"href":"https:\/\/lightweb.dev\/l\/svm-temp\/wp-json\/wp\/v2\/users\/8"}],"replies":[{"embeddable":true,"href":"https:\/\/lightweb.dev\/l\/svm-temp\/wp-json\/wp\/v2\/comments?post=4414"}],"version-history":[{"count":0,"href":"https:\/\/lightweb.dev\/l\/svm-temp\/wp-json\/wp\/v2\/posts\/4414\/revisions"}],"wp:featuredmedia":[{"embeddable":true,"href":"https:\/\/lightweb.dev\/l\/svm-temp\/wp-json\/wp\/v2\/media\/4415"}],"wp:attachment":[{"href":"https:\/\/lightweb.dev\/l\/svm-temp\/wp-json\/wp\/v2\/media?parent=4414"}],"wp:term":[{"taxonomy":"category","embeddable":true,"href":"https:\/\/lightweb.dev\/l\/svm-temp\/wp-json\/wp\/v2\/categories?post=4414"},{"taxonomy":"post_tag","embeddable":true,"href":"https:\/\/lightweb.dev\/l\/svm-temp\/wp-json\/wp\/v2\/tags?post=4414"}],"curies":[{"name":"wp","href":"https:\/\/api.w.org\/{rel}","templated":true}]}}