{"id":4416,"date":"2013-02-11T00:00:00","date_gmt":"2013-02-10T23:00:00","guid":{"rendered":"https:\/\/lightweb.dev\/l\/svm-temp\/flyg-flexibilitet-och-res-nar-du-vill\/"},"modified":"2013-02-11T00:00:00","modified_gmt":"2013-02-10T23:00:00","slug":"flyg-flexibilitet-och-res-nar-du-vill","status":"publish","type":"post","link":"https:\/\/lightweb.dev\/l\/svm-temp\/artiklar\/flyg-flexibilitet-och-res-nar-du-vill\/","title":{"rendered":"\u201dFlyg, flexibilitet och res n\u00e4r du vill\u201d"},"content":{"rendered":"<p> L\u00e5gprisflyg i kombination med nordiska bussbolag har \u00f6ppnat upp ett individuellt resande som p\u00e5minner lite om gamla tiders charter. Till Costa Tropical och Almu\u00f1\u00e9car organiserar ett tiotal bolag resor fr\u00e5n Norden. Ett av dem \u00e4r Res med G\u00f6ran som Svenska Magasinet har tr\u00e4ffat.<br \/>\nAv Ola Josefsson<\/p>\n<p>G\u00f6ran Sundqvists far startade ett bussbolag p\u00e5 \u00c5land redan 1942. Som mest 15 bussar innan bolaget 2005 s\u00e5ldes till Viking Line. Sedan startade G\u00f6ran ett nytt mindre bolag under namnet Res med G\u00f6ran med resen\u00e4rer fr\u00e5n \u00c5land, Helsingfors, Stockholmsomr\u00e5det och platser varifr\u00e5n Norwegian flyger.<\/p>\n<p>&#8211; Det \u00e4r min stora huvudsyssla och mellan december och mars finns jag p\u00e5 plats i Almu\u00f1\u00e9car och tar emot resen\u00e4rer som kommer med flyg till M\u00e1laga flygplats, ber\u00e4ttar G\u00f6ran.<\/p>\n<p>\u201dFlyg, flexibilitet och res n\u00e4r du vill\u201d \u00e4r G\u00f6rans ordspr\u00e5k.<br \/>\n&#8211; L\u00e5gprisflygen har \u00f6ppnat upp en sp\u00e4nnande marknad. Jag anv\u00e4nder mig av Norwegian och resen\u00e4rerna stannar mellan allt fr\u00e5n tv\u00e5 till tio veckor.<\/p>\n<p>G\u00f6ran har k\u00f6rt p\u00e5 Spanien sedan 1980-talet och var bland de f\u00f6rsta. G\u00f6ran \u00e4r k\u00e4nd f\u00f6r att ta hand om sina resen\u00e4rer och anv\u00e4nder sig av moderna hotell som Bahia Almu\u00f1\u00e9car som har uppv\u00e4rmd pool p\u00e5 \u00e5ttonde v\u00e5ningen. P\u00e5l\u00e4sta inhyrda guider finns p\u00e5 plats med sp\u00e4nnande dagsutflykter till C\u00f3rdoba. Granada, Nerjagrottorna, M\u00e1laga, Ronda och vinprovning i byn Jete.<br \/>\nEn av guiderna \u00e4r Siv Ling som Svenska Magasinets l\u00e4sare k\u00e4nner igen fr\u00e5n Madrid -och Marockoresorna.<br \/>\n&#8211; Det \u00e4r kul att se att g\u00e4sterna trivs och \u00e4r aktiva. Det ordnas boule, fr\u00e5get\u00e4vlingar, vandringar och mycket annat, ber\u00e4ttar G\u00f6ran som den h\u00e4r vintern r\u00e4knar med runt tre tusen hotelln\u00e4tter p\u00e5 Costa Tropical.<\/p>\n<p>Och de flesta kommer tillbaka. De fasta kunderna \u00e4r m\u00e5nga och uppskattar den form av charter som har blivit ett mer individuellt resande \u2013 res n\u00e4r du vill.<\/p>\n","protected":false},"excerpt":{"rendered":"<p>L\u00e5gprisflyg i kombination med nordiska bussbolag har \u00f6ppnat upp ett individuellt resande som p\u00e5minner lite om gamla tiders charter. Till Costa Tropical och Almu\u00f1\u00e9car organiserar ett tiotal bolag resor fr\u00e5n Norden. Ett av dem \u00e4r Res med G\u00f6ran som Svenska Magasinet har tr\u00e4ffat. Av Ola Josefsson G\u00f6ran Sundqvists far startade ett bussbolag p\u00e5 \u00c5land redan [&hellip;]<\/p>\n","protected":false},"author":8,"featured_media":4417,"comment_status":"open","ping_status":"open","sticky":false,"template":"","format":"standard","meta":{"_et_pb_use_builder":"","_et_pb_old_content":"","_et_gb_content_width":"","footnotes":""},"categories":[396,4],"tags":[],"class_list":["post-4416","post","type-post","status-publish","format-standard","has-post-thumbnail","hentry","category-arkiv-artiklar","category-artiklar"],"yoast_head":"<!-- This site is optimized with the Yoast SEO Premium plugin v26.2 (Yoast SEO v27.5) - https:\/\/yoast.com\/product\/yoast-seo-premium-wordpress\/ -->\n<title>\u201dFlyg, flexibilitet och res n\u00e4r du vill\u201d - Svenska Magasinet<\/title>\n<meta name=\"robots\" content=\"noindex, follow, max-snippet:-1, max-image-preview:large, max-video-preview:-1\" \/>\n<meta property=\"og:locale\" content=\"sv_SE\" \/>\n<meta property=\"og:type\" content=\"article\" \/>\n<meta property=\"og:title\" content=\"\u201dFlyg, flexibilitet och res n\u00e4r du vill\u201d\" \/>\n<meta property=\"og:description\" content=\"L\u00e5gprisflyg i kombination med nordiska bussbolag har \u00f6ppnat upp ett individuellt resande som p\u00e5minner lite om gamla tiders charter. Till Costa Tropical och Almu\u00f1\u00e9car organiserar ett tiotal bolag resor fr\u00e5n Norden. Ett av dem \u00e4r Res med G\u00f6ran som Svenska Magasinet har tr\u00e4ffat. Av Ola Josefsson G\u00f6ran Sundqvists far startade ett bussbolag p\u00e5 \u00c5land redan [&hellip;]\" \/>\n<meta property=\"og:url\" content=\"https:\/\/lightweb.dev\/l\/svm-temp\/artiklar\/flyg-flexibilitet-och-res-nar-du-vill\/\" \/>\n<meta property=\"og:site_name\" content=\"Svenska Magasinet\" \/>\n<meta property=\"article:publisher\" content=\"https:\/\/www.facebook.com\/svenskamagasinet\" \/>\n<meta property=\"article:published_time\" content=\"2013-02-10T23:00:00+00:00\" \/>\n<meta property=\"og:image\" content=\"https:\/\/lightweb.dev\/l\/svm-temp\/wp-content\/uploads\/2022\/04\/flyg-flexibilitet-och-res-nr-du-vill.png\" \/>\n\t<meta property=\"og:image:width\" content=\"299\" \/>\n\t<meta property=\"og:image:height\" content=\"200\" \/>\n\t<meta property=\"og:image:type\" content=\"image\/png\" \/>\n<meta name=\"author\" content=\"Redaktionen SvM\" \/>\n<meta name=\"twitter:card\" content=\"summary_large_image\" \/>\n<meta name=\"twitter:creator\" content=\"@SvenskaMagasine\" \/>\n<meta name=\"twitter:site\" content=\"@SvenskaMagasine\" \/>\n<script type=\"application\/ld+json\" class=\"yoast-schema-graph\">{\"@context\":\"https:\\\/\\\/schema.org\",\"@graph\":[{\"@type\":\"Article\",\"@id\":\"https:\\\/\\\/lightweb.dev\\\/l\\\/svm-temp\\\/artiklar\\\/flyg-flexibilitet-och-res-nar-du-vill\\\/#article\",\"isPartOf\":{\"@id\":\"https:\\\/\\\/lightweb.dev\\\/l\\\/svm-temp\\\/artiklar\\\/flyg-flexibilitet-och-res-nar-du-vill\\\/\"},\"author\":{\"name\":\"Redaktionen SvM\",\"@id\":\"https:\\\/\\\/lightweb.dev\\\/l\\\/svm-temp\\\/#\\\/schema\\\/person\\\/206a3bda5b607b0c25e1749191e4d837\"},\"headline\":\"\u201dFlyg, flexibilitet och res n\u00e4r du vill\u201d\",\"datePublished\":\"2013-02-10T23:00:00+00:00\",\"mainEntityOfPage\":{\"@id\":\"https:\\\/\\\/lightweb.dev\\\/l\\\/svm-temp\\\/artiklar\\\/flyg-flexibilitet-och-res-nar-du-vill\\\/\"},\"wordCount\":350,\"commentCount\":0,\"publisher\":{\"@id\":\"https:\\\/\\\/lightweb.dev\\\/l\\\/svm-temp\\\/#organization\"},\"image\":{\"@id\":\"https:\\\/\\\/lightweb.dev\\\/l\\\/svm-temp\\\/artiklar\\\/flyg-flexibilitet-och-res-nar-du-vill\\\/#primaryimage\"},\"thumbnailUrl\":\"https:\\\/\\\/lightweb.dev\\\/l\\\/svm-temp\\\/wp-content\\\/uploads\\\/2022\\\/04\\\/flyg-flexibilitet-och-res-nr-du-vill.png\",\"articleSection\":[\"Arkiv\",\"Artiklar\"],\"inLanguage\":\"sv-SE\"},{\"@type\":\"WebPage\",\"@id\":\"https:\\\/\\\/lightweb.dev\\\/l\\\/svm-temp\\\/artiklar\\\/flyg-flexibilitet-och-res-nar-du-vill\\\/\",\"url\":\"https:\\\/\\\/lightweb.dev\\\/l\\\/svm-temp\\\/artiklar\\\/flyg-flexibilitet-och-res-nar-du-vill\\\/\",\"name\":\"\u201dFlyg, flexibilitet och res n\u00e4r du vill\u201d - Svenska Magasinet\",\"isPartOf\":{\"@id\":\"https:\\\/\\\/lightweb.dev\\\/l\\\/svm-temp\\\/#website\"},\"primaryImageOfPage\":{\"@id\":\"https:\\\/\\\/lightweb.dev\\\/l\\\/svm-temp\\\/artiklar\\\/flyg-flexibilitet-och-res-nar-du-vill\\\/#primaryimage\"},\"image\":{\"@id\":\"https:\\\/\\\/lightweb.dev\\\/l\\\/svm-temp\\\/artiklar\\\/flyg-flexibilitet-och-res-nar-du-vill\\\/#primaryimage\"},\"thumbnailUrl\":\"https:\\\/\\\/lightweb.dev\\\/l\\\/svm-temp\\\/wp-content\\\/uploads\\\/2022\\\/04\\\/flyg-flexibilitet-och-res-nr-du-vill.png\",\"datePublished\":\"2013-02-10T23:00:00+00:00\",\"breadcrumb\":{\"@id\":\"https:\\\/\\\/lightweb.dev\\\/l\\\/svm-temp\\\/artiklar\\\/flyg-flexibilitet-och-res-nar-du-vill\\\/#breadcrumb\"},\"inLanguage\":\"sv-SE\",\"potentialAction\":[{\"@type\":\"ReadAction\",\"target\":[\"https:\\\/\\\/lightweb.dev\\\/l\\\/svm-temp\\\/artiklar\\\/flyg-flexibilitet-och-res-nar-du-vill\\\/\"]}]},{\"@type\":\"ImageObject\",\"inLanguage\":\"sv-SE\",\"@id\":\"https:\\\/\\\/lightweb.dev\\\/l\\\/svm-temp\\\/artiklar\\\/flyg-flexibilitet-och-res-nar-du-vill\\\/#primaryimage\",\"url\":\"https:\\\/\\\/lightweb.dev\\\/l\\\/svm-temp\\\/wp-content\\\/uploads\\\/2022\\\/04\\\/flyg-flexibilitet-och-res-nr-du-vill.png\",\"contentUrl\":\"https:\\\/\\\/lightweb.dev\\\/l\\\/svm-temp\\\/wp-content\\\/uploads\\\/2022\\\/04\\\/flyg-flexibilitet-och-res-nr-du-vill.png\",\"width\":299,\"height\":200},{\"@type\":\"BreadcrumbList\",\"@id\":\"https:\\\/\\\/lightweb.dev\\\/l\\\/svm-temp\\\/artiklar\\\/flyg-flexibilitet-och-res-nar-du-vill\\\/#breadcrumb\",\"itemListElement\":[{\"@type\":\"ListItem\",\"position\":1,\"name\":\"Hem\",\"item\":\"https:\\\/\\\/lightweb.dev\\\/l\\\/svm-temp\\\/\"},{\"@type\":\"ListItem\",\"position\":2,\"name\":\"\u201dFlyg, flexibilitet och res n\u00e4r du vill\u201d\"}]},{\"@type\":\"WebSite\",\"@id\":\"https:\\\/\\\/lightweb.dev\\\/l\\\/svm-temp\\\/#website\",\"url\":\"https:\\\/\\\/lightweb.dev\\\/l\\\/svm-temp\\\/\",\"name\":\"Svenska Magasinet\",\"description\":\"Dina Spanska nyheter p&aring; Svenska\",\"publisher\":{\"@id\":\"https:\\\/\\\/lightweb.dev\\\/l\\\/svm-temp\\\/#organization\"},\"potentialAction\":[{\"@type\":\"SearchAction\",\"target\":{\"@type\":\"EntryPoint\",\"urlTemplate\":\"https:\\\/\\\/lightweb.dev\\\/l\\\/svm-temp\\\/?s={search_term_string}\"},\"query-input\":{\"@type\":\"PropertyValueSpecification\",\"valueRequired\":true,\"valueName\":\"search_term_string\"}}],\"inLanguage\":\"sv-SE\"},{\"@type\":\"Organization\",\"@id\":\"https:\\\/\\\/lightweb.dev\\\/l\\\/svm-temp\\\/#organization\",\"name\":\"Melkerson y Nott SL\",\"alternateName\":\"Svenska Magasinet\",\"url\":\"https:\\\/\\\/lightweb.dev\\\/l\\\/svm-temp\\\/\",\"logo\":{\"@type\":\"ImageObject\",\"inLanguage\":\"sv-SE\",\"@id\":\"https:\\\/\\\/lightweb.dev\\\/l\\\/svm-temp\\\/#\\\/schema\\\/logo\\\/image\\\/\",\"url\":\"https:\\\/\\\/lightweb.dev\\\/l\\\/svm-temp\\\/wp-content\\\/uploads\\\/2025\\\/02\\\/SvM-logo-Xtra-Centrerad-SVART.png\",\"contentUrl\":\"https:\\\/\\\/lightweb.dev\\\/l\\\/svm-temp\\\/wp-content\\\/uploads\\\/2025\\\/02\\\/SvM-logo-Xtra-Centrerad-SVART.png\",\"width\":300,\"height\":99,\"caption\":\"Melkerson y Nott SL\"},\"image\":{\"@id\":\"https:\\\/\\\/lightweb.dev\\\/l\\\/svm-temp\\\/#\\\/schema\\\/logo\\\/image\\\/\"},\"sameAs\":[\"https:\\\/\\\/www.facebook.com\\\/svenskamagasinet\",\"https:\\\/\\\/x.com\\\/SvenskaMagasine\"]},{\"@type\":\"Person\",\"@id\":\"https:\\\/\\\/lightweb.dev\\\/l\\\/svm-temp\\\/#\\\/schema\\\/person\\\/206a3bda5b607b0c25e1749191e4d837\",\"name\":\"Redaktionen SvM\",\"description\":\"Redaktionen\",\"sameAs\":[\"https:\\\/\\\/lightweb.dev\\\/l\\\/svm-temp\"],\"url\":\"https:\\\/\\\/lightweb.dev\\\/l\\\/svm-temp\\\/reporter\\\/redaktionen\\\/\"}]}<\/script>\n<!-- \/ Yoast SEO Premium plugin. -->","yoast_head_json":{"title":"\u201dFlyg, flexibilitet och res n\u00e4r du vill\u201d - Svenska Magasinet","robots":{"index":"noindex","follow":"follow","max-snippet":"max-snippet:-1","max-image-preview":"max-image-preview:large","max-video-preview":"max-video-preview:-1"},"og_locale":"sv_SE","og_type":"article","og_title":"\u201dFlyg, flexibilitet och res n\u00e4r du vill\u201d","og_description":"L\u00e5gprisflyg i kombination med nordiska bussbolag har \u00f6ppnat upp ett individuellt resande som p\u00e5minner lite om gamla tiders charter. Till Costa Tropical och Almu\u00f1\u00e9car organiserar ett tiotal bolag resor fr\u00e5n Norden. Ett av dem \u00e4r Res med G\u00f6ran som Svenska Magasinet har tr\u00e4ffat. Av Ola Josefsson G\u00f6ran Sundqvists far startade ett bussbolag p\u00e5 \u00c5land redan [&hellip;]","og_url":"https:\/\/lightweb.dev\/l\/svm-temp\/artiklar\/flyg-flexibilitet-och-res-nar-du-vill\/","og_site_name":"Svenska Magasinet","article_publisher":"https:\/\/www.facebook.com\/svenskamagasinet","article_published_time":"2013-02-10T23:00:00+00:00","og_image":[{"width":299,"height":200,"url":"https:\/\/lightweb.dev\/l\/svm-temp\/wp-content\/uploads\/2022\/04\/flyg-flexibilitet-och-res-nr-du-vill.png","type":"image\/png"}],"author":"Redaktionen SvM","twitter_card":"summary_large_image","twitter_creator":"@SvenskaMagasine","twitter_site":"@SvenskaMagasine","schema":{"@context":"https:\/\/schema.org","@graph":[{"@type":"Article","@id":"https:\/\/lightweb.dev\/l\/svm-temp\/artiklar\/flyg-flexibilitet-och-res-nar-du-vill\/#article","isPartOf":{"@id":"https:\/\/lightweb.dev\/l\/svm-temp\/artiklar\/flyg-flexibilitet-och-res-nar-du-vill\/"},"author":{"name":"Redaktionen SvM","@id":"https:\/\/lightweb.dev\/l\/svm-temp\/#\/schema\/person\/206a3bda5b607b0c25e1749191e4d837"},"headline":"\u201dFlyg, flexibilitet och res n\u00e4r du vill\u201d","datePublished":"2013-02-10T23:00:00+00:00","mainEntityOfPage":{"@id":"https:\/\/lightweb.dev\/l\/svm-temp\/artiklar\/flyg-flexibilitet-och-res-nar-du-vill\/"},"wordCount":350,"commentCount":0,"publisher":{"@id":"https:\/\/lightweb.dev\/l\/svm-temp\/#organization"},"image":{"@id":"https:\/\/lightweb.dev\/l\/svm-temp\/artiklar\/flyg-flexibilitet-och-res-nar-du-vill\/#primaryimage"},"thumbnailUrl":"https:\/\/lightweb.dev\/l\/svm-temp\/wp-content\/uploads\/2022\/04\/flyg-flexibilitet-och-res-nr-du-vill.png","articleSection":["Arkiv","Artiklar"],"inLanguage":"sv-SE"},{"@type":"WebPage","@id":"https:\/\/lightweb.dev\/l\/svm-temp\/artiklar\/flyg-flexibilitet-och-res-nar-du-vill\/","url":"https:\/\/lightweb.dev\/l\/svm-temp\/artiklar\/flyg-flexibilitet-och-res-nar-du-vill\/","name":"\u201dFlyg, flexibilitet och res n\u00e4r du vill\u201d - Svenska Magasinet","isPartOf":{"@id":"https:\/\/lightweb.dev\/l\/svm-temp\/#website"},"primaryImageOfPage":{"@id":"https:\/\/lightweb.dev\/l\/svm-temp\/artiklar\/flyg-flexibilitet-och-res-nar-du-vill\/#primaryimage"},"image":{"@id":"https:\/\/lightweb.dev\/l\/svm-temp\/artiklar\/flyg-flexibilitet-och-res-nar-du-vill\/#primaryimage"},"thumbnailUrl":"https:\/\/lightweb.dev\/l\/svm-temp\/wp-content\/uploads\/2022\/04\/flyg-flexibilitet-och-res-nr-du-vill.png","datePublished":"2013-02-10T23:00:00+00:00","breadcrumb":{"@id":"https:\/\/lightweb.dev\/l\/svm-temp\/artiklar\/flyg-flexibilitet-och-res-nar-du-vill\/#breadcrumb"},"inLanguage":"sv-SE","potentialAction":[{"@type":"ReadAction","target":["https:\/\/lightweb.dev\/l\/svm-temp\/artiklar\/flyg-flexibilitet-och-res-nar-du-vill\/"]}]},{"@type":"ImageObject","inLanguage":"sv-SE","@id":"https:\/\/lightweb.dev\/l\/svm-temp\/artiklar\/flyg-flexibilitet-och-res-nar-du-vill\/#primaryimage","url":"https:\/\/lightweb.dev\/l\/svm-temp\/wp-content\/uploads\/2022\/04\/flyg-flexibilitet-och-res-nr-du-vill.png","contentUrl":"https:\/\/lightweb.dev\/l\/svm-temp\/wp-content\/uploads\/2022\/04\/flyg-flexibilitet-och-res-nr-du-vill.png","width":299,"height":200},{"@type":"BreadcrumbList","@id":"https:\/\/lightweb.dev\/l\/svm-temp\/artiklar\/flyg-flexibilitet-och-res-nar-du-vill\/#breadcrumb","itemListElement":[{"@type":"ListItem","position":1,"name":"Hem","item":"https:\/\/lightweb.dev\/l\/svm-temp\/"},{"@type":"ListItem","position":2,"name":"\u201dFlyg, flexibilitet och res n\u00e4r du vill\u201d"}]},{"@type":"WebSite","@id":"https:\/\/lightweb.dev\/l\/svm-temp\/#website","url":"https:\/\/lightweb.dev\/l\/svm-temp\/","name":"Svenska Magasinet","description":"Dina Spanska nyheter p&aring; Svenska","publisher":{"@id":"https:\/\/lightweb.dev\/l\/svm-temp\/#organization"},"potentialAction":[{"@type":"SearchAction","target":{"@type":"EntryPoint","urlTemplate":"https:\/\/lightweb.dev\/l\/svm-temp\/?s={search_term_string}"},"query-input":{"@type":"PropertyValueSpecification","valueRequired":true,"valueName":"search_term_string"}}],"inLanguage":"sv-SE"},{"@type":"Organization","@id":"https:\/\/lightweb.dev\/l\/svm-temp\/#organization","name":"Melkerson y Nott SL","alternateName":"Svenska Magasinet","url":"https:\/\/lightweb.dev\/l\/svm-temp\/","logo":{"@type":"ImageObject","inLanguage":"sv-SE","@id":"https:\/\/lightweb.dev\/l\/svm-temp\/#\/schema\/logo\/image\/","url":"https:\/\/lightweb.dev\/l\/svm-temp\/wp-content\/uploads\/2025\/02\/SvM-logo-Xtra-Centrerad-SVART.png","contentUrl":"https:\/\/lightweb.dev\/l\/svm-temp\/wp-content\/uploads\/2025\/02\/SvM-logo-Xtra-Centrerad-SVART.png","width":300,"height":99,"caption":"Melkerson y Nott SL"},"image":{"@id":"https:\/\/lightweb.dev\/l\/svm-temp\/#\/schema\/logo\/image\/"},"sameAs":["https:\/\/www.facebook.com\/svenskamagasinet","https:\/\/x.com\/SvenskaMagasine"]},{"@type":"Person","@id":"https:\/\/lightweb.dev\/l\/svm-temp\/#\/schema\/person\/206a3bda5b607b0c25e1749191e4d837","name":"Redaktionen SvM","description":"Redaktionen","sameAs":["https:\/\/lightweb.dev\/l\/svm-temp"],"url":"https:\/\/lightweb.dev\/l\/svm-temp\/reporter\/redaktionen\/"}]}},"_links":{"self":[{"href":"https:\/\/lightweb.dev\/l\/svm-temp\/wp-json\/wp\/v2\/posts\/4416","targetHints":{"allow":["GET"]}}],"collection":[{"href":"https:\/\/lightweb.dev\/l\/svm-temp\/wp-json\/wp\/v2\/posts"}],"about":[{"href":"https:\/\/lightweb.dev\/l\/svm-temp\/wp-json\/wp\/v2\/types\/post"}],"author":[{"embeddable":true,"href":"https:\/\/lightweb.dev\/l\/svm-temp\/wp-json\/wp\/v2\/users\/8"}],"replies":[{"embeddable":true,"href":"https:\/\/lightweb.dev\/l\/svm-temp\/wp-json\/wp\/v2\/comments?post=4416"}],"version-history":[{"count":0,"href":"https:\/\/lightweb.dev\/l\/svm-temp\/wp-json\/wp\/v2\/posts\/4416\/revisions"}],"wp:featuredmedia":[{"embeddable":true,"href":"https:\/\/lightweb.dev\/l\/svm-temp\/wp-json\/wp\/v2\/media\/4417"}],"wp:attachment":[{"href":"https:\/\/lightweb.dev\/l\/svm-temp\/wp-json\/wp\/v2\/media?parent=4416"}],"wp:term":[{"taxonomy":"category","embeddable":true,"href":"https:\/\/lightweb.dev\/l\/svm-temp\/wp-json\/wp\/v2\/categories?post=4416"},{"taxonomy":"post_tag","embeddable":true,"href":"https:\/\/lightweb.dev\/l\/svm-temp\/wp-json\/wp\/v2\/tags?post=4416"}],"curies":[{"name":"wp","href":"https:\/\/api.w.org\/{rel}","templated":true}]}}