{"id":4420,"date":"2013-02-11T00:00:00","date_gmt":"2013-02-10T23:00:00","guid":{"rendered":"https:\/\/lightweb.dev\/l\/svm-temp\/vi-ar-tre-familjer-som-gemensamt-ska-kopa-en-lagenhet-pa-costa-del-sol-vad-ger-du-oss-for-juridiska-rad\/"},"modified":"2013-02-11T00:00:00","modified_gmt":"2013-02-10T23:00:00","slug":"vi-ar-tre-familjer-som-gemensamt-ska-kopa-en-lagenhet-pa-costa-del-sol-vad-ger-du-oss-for-juridiska-rad","status":"publish","type":"post","link":"https:\/\/lightweb.dev\/l\/svm-temp\/artiklar\/vi-ar-tre-familjer-som-gemensamt-ska-kopa-en-lagenhet-pa-costa-del-sol-vad-ger-du-oss-for-juridiska-rad\/","title":{"rendered":"Vi \u00e4r tre familjer, som gemensamt ska k\u00f6pa en l\u00e4genhet p\u00e5 Costa del Sol. Vad ger Du oss f\u00f6r juridiska r\u00e5d?"},"content":{"rendered":"<p> Svar: Ni beh\u00f6ver v\u00e4nda er till en advokat. H\u00e4r kommer dock n\u00e5gra r\u00e5d p\u00e5 v\u00e4gen.  Av advokat G\u00f6ran Rise<br \/>\n1. Ni m\u00e5ste f\u00f6rst best\u00e4mma Er f\u00f6r vilken fysisk person, som skall representera familjen, d\u00e5 en familj inte kan st\u00e5 som k\u00f6pare eftersom begreppet familj saknar juridisk relevans.<\/p>\n<p>2. Ni skall uppr\u00e4tta ett avtal, som till en b\u00f6rjan skall best\u00e4mma vilken lag som skall till\u00e4mpas p\u00e5 Era mellanhavanden, d\u00e5 en l\u00e4genhet \u00e4r fast egendom och s\u00e5dan styrs av spansk r\u00e4tt. <\/p>\n<p>3. Ni skall uppr\u00e4tta ett s.k. kompanjonavtal, d\u00e5 egendomen \u00e4r gemensamt \u00e4gd med 1\/3 f\u00f6r var och en. Om Ni har best\u00e4mt att svensk r\u00e4tt skall g\u00e4lla avseende Ert gemensamma k\u00f6p \u00e4r sam\u00e4gander\u00e4ttslagen \u2013 ej sambolagen \u2013 till\u00e4mplig p\u00e5 Ert innehav av l\u00e4genheten.<\/p>\n<p>4. Ni skall i kompanjonavtalet best\u00e4mma alla villkor f\u00f6r t.ex. nyttjande av l\u00e4genheten, f\u00f6rdelning av kostnader, f\u00f6rdelning av eventuella int\u00e4kter, hembud m.m.<\/p>\n<p>5. Ni skall ocks\u00e5 varje \u00e5r fastst\u00e4lla marknadsv\u00e4rdet f\u00f6r l\u00e4genheten f\u00f6r v\u00e4rdering av var och ens andel i l\u00e4genheten. Detta v\u00e4rde skall kunna anv\u00e4ndas vid bl.a. hembud.<\/p>\n<p>6. I kompanjonavtalet skall alla Era l\u00f6pande och kommande mellanhavanden som g\u00e4ller l\u00e4genheten regleras i samband med och senast, n\u00e4r k\u00f6pets fullg\u00f6res inf\u00f6r notarie.<\/p>\n<p>Sj\u00e4lvfallet m\u00e5ste den advokat, som Ni anlitar inte bara vara kunnig om sam\u00e4gander\u00e4ttslagens till\u00e4mplighet utan \u00e4ven avseende flera andra svenska lagar s\u00e5som \u00c4ktenskapsbalken, eventuellt Sambolagen, \u00c4rvdabalken, Handelsbalken och skatter\u00e4ttsliga lagar och inneh\u00e5llet i dubbelbeskattnings-avtalet mellan Sverige och Spanien.<\/p>\n<p>Det \u00e4r s\u00e5lunda en m\u00e4ngd juridiska problem som skall l\u00f6sas.<\/p>\n<p>Lycka till!<\/p>\n","protected":false},"excerpt":{"rendered":"<p>Svar: Ni beh\u00f6ver v\u00e4nda er till en advokat. H\u00e4r kommer dock n\u00e5gra r\u00e5d p\u00e5 v\u00e4gen. Av advokat G\u00f6ran Rise 1. Ni m\u00e5ste f\u00f6rst best\u00e4mma Er f\u00f6r vilken fysisk person, som skall representera familjen, d\u00e5 en familj inte kan st\u00e5 som k\u00f6pare eftersom begreppet familj saknar juridisk relevans. 2. Ni skall uppr\u00e4tta ett avtal, som till [&hellip;]<\/p>\n","protected":false},"author":8,"featured_media":4421,"comment_status":"open","ping_status":"open","sticky":false,"template":"","format":"standard","meta":{"_et_pb_use_builder":"","_et_pb_old_content":"","_et_gb_content_width":"","footnotes":""},"categories":[396,4],"tags":[],"class_list":["post-4420","post","type-post","status-publish","format-standard","has-post-thumbnail","hentry","category-arkiv-artiklar","category-artiklar"],"yoast_head":"<!-- This site is optimized with the Yoast SEO Premium plugin v26.2 (Yoast SEO v27.5) - https:\/\/yoast.com\/product\/yoast-seo-premium-wordpress\/ -->\n<title>Vi \u00e4r tre familjer, som gemensamt ska k\u00f6pa en l\u00e4genhet p\u00e5 Costa del Sol. Vad ger Du oss f\u00f6r juridiska r\u00e5d? - Svenska Magasinet<\/title>\n<meta name=\"robots\" content=\"noindex, follow, max-snippet:-1, max-image-preview:large, max-video-preview:-1\" \/>\n<meta property=\"og:locale\" content=\"sv_SE\" \/>\n<meta property=\"og:type\" content=\"article\" \/>\n<meta property=\"og:title\" content=\"Vi \u00e4r tre familjer, som gemensamt ska k\u00f6pa en l\u00e4genhet p\u00e5 Costa del Sol. Vad ger Du oss f\u00f6r juridiska r\u00e5d?\" \/>\n<meta property=\"og:description\" content=\"Svar: Ni beh\u00f6ver v\u00e4nda er till en advokat. H\u00e4r kommer dock n\u00e5gra r\u00e5d p\u00e5 v\u00e4gen. Av advokat G\u00f6ran Rise 1. Ni m\u00e5ste f\u00f6rst best\u00e4mma Er f\u00f6r vilken fysisk person, som skall representera familjen, d\u00e5 en familj inte kan st\u00e5 som k\u00f6pare eftersom begreppet familj saknar juridisk relevans. 2. Ni skall uppr\u00e4tta ett avtal, som till [&hellip;]\" \/>\n<meta property=\"og:url\" content=\"https:\/\/lightweb.dev\/l\/svm-temp\/artiklar\/vi-ar-tre-familjer-som-gemensamt-ska-kopa-en-lagenhet-pa-costa-del-sol-vad-ger-du-oss-for-juridiska-rad\/\" \/>\n<meta property=\"og:site_name\" content=\"Svenska Magasinet\" \/>\n<meta property=\"article:publisher\" content=\"https:\/\/www.facebook.com\/svenskamagasinet\" \/>\n<meta property=\"article:published_time\" content=\"2013-02-10T23:00:00+00:00\" \/>\n<meta property=\"og:image\" content=\"https:\/\/lightweb.dev\/l\/svm-temp\/wp-content\/uploads\/2022\/04\/vi-r-tre-familjer-som-gemensamt-ska-kpa-en-lgenhet-p-costa-del-sol-vad-ger-du-oss-fr-juridiska-rd.png\" \/>\n\t<meta property=\"og:image:width\" content=\"299\" \/>\n\t<meta property=\"og:image:height\" content=\"200\" \/>\n\t<meta property=\"og:image:type\" content=\"image\/png\" \/>\n<meta name=\"author\" content=\"Redaktionen SvM\" \/>\n<meta name=\"twitter:card\" content=\"summary_large_image\" \/>\n<meta name=\"twitter:creator\" content=\"@SvenskaMagasine\" \/>\n<meta name=\"twitter:site\" content=\"@SvenskaMagasine\" \/>\n<script type=\"application\/ld+json\" class=\"yoast-schema-graph\">{\"@context\":\"https:\\\/\\\/schema.org\",\"@graph\":[{\"@type\":\"Article\",\"@id\":\"https:\\\/\\\/lightweb.dev\\\/l\\\/svm-temp\\\/artiklar\\\/vi-ar-tre-familjer-som-gemensamt-ska-kopa-en-lagenhet-pa-costa-del-sol-vad-ger-du-oss-for-juridiska-rad\\\/#article\",\"isPartOf\":{\"@id\":\"https:\\\/\\\/lightweb.dev\\\/l\\\/svm-temp\\\/artiklar\\\/vi-ar-tre-familjer-som-gemensamt-ska-kopa-en-lagenhet-pa-costa-del-sol-vad-ger-du-oss-for-juridiska-rad\\\/\"},\"author\":{\"name\":\"Redaktionen SvM\",\"@id\":\"https:\\\/\\\/lightweb.dev\\\/l\\\/svm-temp\\\/#\\\/schema\\\/person\\\/206a3bda5b607b0c25e1749191e4d837\"},\"headline\":\"Vi \u00e4r tre familjer, som gemensamt ska k\u00f6pa en l\u00e4genhet p\u00e5 Costa del Sol. Vad ger Du oss f\u00f6r juridiska r\u00e5d?\",\"datePublished\":\"2013-02-10T23:00:00+00:00\",\"mainEntityOfPage\":{\"@id\":\"https:\\\/\\\/lightweb.dev\\\/l\\\/svm-temp\\\/artiklar\\\/vi-ar-tre-familjer-som-gemensamt-ska-kopa-en-lagenhet-pa-costa-del-sol-vad-ger-du-oss-for-juridiska-rad\\\/\"},\"wordCount\":327,\"commentCount\":0,\"publisher\":{\"@id\":\"https:\\\/\\\/lightweb.dev\\\/l\\\/svm-temp\\\/#organization\"},\"image\":{\"@id\":\"https:\\\/\\\/lightweb.dev\\\/l\\\/svm-temp\\\/artiklar\\\/vi-ar-tre-familjer-som-gemensamt-ska-kopa-en-lagenhet-pa-costa-del-sol-vad-ger-du-oss-for-juridiska-rad\\\/#primaryimage\"},\"thumbnailUrl\":\"https:\\\/\\\/lightweb.dev\\\/l\\\/svm-temp\\\/wp-content\\\/uploads\\\/2022\\\/04\\\/vi-r-tre-familjer-som-gemensamt-ska-kpa-en-lgenhet-p-costa-del-sol-vad-ger-du-oss-fr-juridiska-rd.png\",\"articleSection\":[\"Arkiv\",\"Artiklar\"],\"inLanguage\":\"sv-SE\"},{\"@type\":\"WebPage\",\"@id\":\"https:\\\/\\\/lightweb.dev\\\/l\\\/svm-temp\\\/artiklar\\\/vi-ar-tre-familjer-som-gemensamt-ska-kopa-en-lagenhet-pa-costa-del-sol-vad-ger-du-oss-for-juridiska-rad\\\/\",\"url\":\"https:\\\/\\\/lightweb.dev\\\/l\\\/svm-temp\\\/artiklar\\\/vi-ar-tre-familjer-som-gemensamt-ska-kopa-en-lagenhet-pa-costa-del-sol-vad-ger-du-oss-for-juridiska-rad\\\/\",\"name\":\"Vi \u00e4r tre familjer, som gemensamt ska k\u00f6pa en l\u00e4genhet p\u00e5 Costa del Sol. Vad ger Du oss f\u00f6r juridiska r\u00e5d? - Svenska Magasinet\",\"isPartOf\":{\"@id\":\"https:\\\/\\\/lightweb.dev\\\/l\\\/svm-temp\\\/#website\"},\"primaryImageOfPage\":{\"@id\":\"https:\\\/\\\/lightweb.dev\\\/l\\\/svm-temp\\\/artiklar\\\/vi-ar-tre-familjer-som-gemensamt-ska-kopa-en-lagenhet-pa-costa-del-sol-vad-ger-du-oss-for-juridiska-rad\\\/#primaryimage\"},\"image\":{\"@id\":\"https:\\\/\\\/lightweb.dev\\\/l\\\/svm-temp\\\/artiklar\\\/vi-ar-tre-familjer-som-gemensamt-ska-kopa-en-lagenhet-pa-costa-del-sol-vad-ger-du-oss-for-juridiska-rad\\\/#primaryimage\"},\"thumbnailUrl\":\"https:\\\/\\\/lightweb.dev\\\/l\\\/svm-temp\\\/wp-content\\\/uploads\\\/2022\\\/04\\\/vi-r-tre-familjer-som-gemensamt-ska-kpa-en-lgenhet-p-costa-del-sol-vad-ger-du-oss-fr-juridiska-rd.png\",\"datePublished\":\"2013-02-10T23:00:00+00:00\",\"breadcrumb\":{\"@id\":\"https:\\\/\\\/lightweb.dev\\\/l\\\/svm-temp\\\/artiklar\\\/vi-ar-tre-familjer-som-gemensamt-ska-kopa-en-lagenhet-pa-costa-del-sol-vad-ger-du-oss-for-juridiska-rad\\\/#breadcrumb\"},\"inLanguage\":\"sv-SE\",\"potentialAction\":[{\"@type\":\"ReadAction\",\"target\":[\"https:\\\/\\\/lightweb.dev\\\/l\\\/svm-temp\\\/artiklar\\\/vi-ar-tre-familjer-som-gemensamt-ska-kopa-en-lagenhet-pa-costa-del-sol-vad-ger-du-oss-for-juridiska-rad\\\/\"]}]},{\"@type\":\"ImageObject\",\"inLanguage\":\"sv-SE\",\"@id\":\"https:\\\/\\\/lightweb.dev\\\/l\\\/svm-temp\\\/artiklar\\\/vi-ar-tre-familjer-som-gemensamt-ska-kopa-en-lagenhet-pa-costa-del-sol-vad-ger-du-oss-for-juridiska-rad\\\/#primaryimage\",\"url\":\"https:\\\/\\\/lightweb.dev\\\/l\\\/svm-temp\\\/wp-content\\\/uploads\\\/2022\\\/04\\\/vi-r-tre-familjer-som-gemensamt-ska-kpa-en-lgenhet-p-costa-del-sol-vad-ger-du-oss-fr-juridiska-rd.png\",\"contentUrl\":\"https:\\\/\\\/lightweb.dev\\\/l\\\/svm-temp\\\/wp-content\\\/uploads\\\/2022\\\/04\\\/vi-r-tre-familjer-som-gemensamt-ska-kpa-en-lgenhet-p-costa-del-sol-vad-ger-du-oss-fr-juridiska-rd.png\",\"width\":299,\"height\":200},{\"@type\":\"BreadcrumbList\",\"@id\":\"https:\\\/\\\/lightweb.dev\\\/l\\\/svm-temp\\\/artiklar\\\/vi-ar-tre-familjer-som-gemensamt-ska-kopa-en-lagenhet-pa-costa-del-sol-vad-ger-du-oss-for-juridiska-rad\\\/#breadcrumb\",\"itemListElement\":[{\"@type\":\"ListItem\",\"position\":1,\"name\":\"Hem\",\"item\":\"https:\\\/\\\/lightweb.dev\\\/l\\\/svm-temp\\\/\"},{\"@type\":\"ListItem\",\"position\":2,\"name\":\"Vi \u00e4r tre familjer, som gemensamt ska k\u00f6pa en l\u00e4genhet p\u00e5 Costa del Sol. Vad ger Du oss f\u00f6r juridiska r\u00e5d?\"}]},{\"@type\":\"WebSite\",\"@id\":\"https:\\\/\\\/lightweb.dev\\\/l\\\/svm-temp\\\/#website\",\"url\":\"https:\\\/\\\/lightweb.dev\\\/l\\\/svm-temp\\\/\",\"name\":\"Svenska Magasinet\",\"description\":\"Dina Spanska nyheter p&aring; Svenska\",\"publisher\":{\"@id\":\"https:\\\/\\\/lightweb.dev\\\/l\\\/svm-temp\\\/#organization\"},\"potentialAction\":[{\"@type\":\"SearchAction\",\"target\":{\"@type\":\"EntryPoint\",\"urlTemplate\":\"https:\\\/\\\/lightweb.dev\\\/l\\\/svm-temp\\\/?s={search_term_string}\"},\"query-input\":{\"@type\":\"PropertyValueSpecification\",\"valueRequired\":true,\"valueName\":\"search_term_string\"}}],\"inLanguage\":\"sv-SE\"},{\"@type\":\"Organization\",\"@id\":\"https:\\\/\\\/lightweb.dev\\\/l\\\/svm-temp\\\/#organization\",\"name\":\"Melkerson y Nott SL\",\"alternateName\":\"Svenska Magasinet\",\"url\":\"https:\\\/\\\/lightweb.dev\\\/l\\\/svm-temp\\\/\",\"logo\":{\"@type\":\"ImageObject\",\"inLanguage\":\"sv-SE\",\"@id\":\"https:\\\/\\\/lightweb.dev\\\/l\\\/svm-temp\\\/#\\\/schema\\\/logo\\\/image\\\/\",\"url\":\"https:\\\/\\\/lightweb.dev\\\/l\\\/svm-temp\\\/wp-content\\\/uploads\\\/2025\\\/02\\\/SvM-logo-Xtra-Centrerad-SVART.png\",\"contentUrl\":\"https:\\\/\\\/lightweb.dev\\\/l\\\/svm-temp\\\/wp-content\\\/uploads\\\/2025\\\/02\\\/SvM-logo-Xtra-Centrerad-SVART.png\",\"width\":300,\"height\":99,\"caption\":\"Melkerson y Nott SL\"},\"image\":{\"@id\":\"https:\\\/\\\/lightweb.dev\\\/l\\\/svm-temp\\\/#\\\/schema\\\/logo\\\/image\\\/\"},\"sameAs\":[\"https:\\\/\\\/www.facebook.com\\\/svenskamagasinet\",\"https:\\\/\\\/x.com\\\/SvenskaMagasine\"]},{\"@type\":\"Person\",\"@id\":\"https:\\\/\\\/lightweb.dev\\\/l\\\/svm-temp\\\/#\\\/schema\\\/person\\\/206a3bda5b607b0c25e1749191e4d837\",\"name\":\"Redaktionen SvM\",\"description\":\"Redaktionen\",\"sameAs\":[\"https:\\\/\\\/lightweb.dev\\\/l\\\/svm-temp\"],\"url\":\"https:\\\/\\\/lightweb.dev\\\/l\\\/svm-temp\\\/reporter\\\/redaktionen\\\/\"}]}<\/script>\n<!-- \/ Yoast SEO Premium plugin. -->","yoast_head_json":{"title":"Vi \u00e4r tre familjer, som gemensamt ska k\u00f6pa en l\u00e4genhet p\u00e5 Costa del Sol. Vad ger Du oss f\u00f6r juridiska r\u00e5d? - Svenska Magasinet","robots":{"index":"noindex","follow":"follow","max-snippet":"max-snippet:-1","max-image-preview":"max-image-preview:large","max-video-preview":"max-video-preview:-1"},"og_locale":"sv_SE","og_type":"article","og_title":"Vi \u00e4r tre familjer, som gemensamt ska k\u00f6pa en l\u00e4genhet p\u00e5 Costa del Sol. Vad ger Du oss f\u00f6r juridiska r\u00e5d?","og_description":"Svar: Ni beh\u00f6ver v\u00e4nda er till en advokat. H\u00e4r kommer dock n\u00e5gra r\u00e5d p\u00e5 v\u00e4gen. Av advokat G\u00f6ran Rise 1. Ni m\u00e5ste f\u00f6rst best\u00e4mma Er f\u00f6r vilken fysisk person, som skall representera familjen, d\u00e5 en familj inte kan st\u00e5 som k\u00f6pare eftersom begreppet familj saknar juridisk relevans. 2. Ni skall uppr\u00e4tta ett avtal, som till [&hellip;]","og_url":"https:\/\/lightweb.dev\/l\/svm-temp\/artiklar\/vi-ar-tre-familjer-som-gemensamt-ska-kopa-en-lagenhet-pa-costa-del-sol-vad-ger-du-oss-for-juridiska-rad\/","og_site_name":"Svenska Magasinet","article_publisher":"https:\/\/www.facebook.com\/svenskamagasinet","article_published_time":"2013-02-10T23:00:00+00:00","og_image":[{"width":299,"height":200,"url":"https:\/\/lightweb.dev\/l\/svm-temp\/wp-content\/uploads\/2022\/04\/vi-r-tre-familjer-som-gemensamt-ska-kpa-en-lgenhet-p-costa-del-sol-vad-ger-du-oss-fr-juridiska-rd.png","type":"image\/png"}],"author":"Redaktionen SvM","twitter_card":"summary_large_image","twitter_creator":"@SvenskaMagasine","twitter_site":"@SvenskaMagasine","schema":{"@context":"https:\/\/schema.org","@graph":[{"@type":"Article","@id":"https:\/\/lightweb.dev\/l\/svm-temp\/artiklar\/vi-ar-tre-familjer-som-gemensamt-ska-kopa-en-lagenhet-pa-costa-del-sol-vad-ger-du-oss-for-juridiska-rad\/#article","isPartOf":{"@id":"https:\/\/lightweb.dev\/l\/svm-temp\/artiklar\/vi-ar-tre-familjer-som-gemensamt-ska-kopa-en-lagenhet-pa-costa-del-sol-vad-ger-du-oss-for-juridiska-rad\/"},"author":{"name":"Redaktionen SvM","@id":"https:\/\/lightweb.dev\/l\/svm-temp\/#\/schema\/person\/206a3bda5b607b0c25e1749191e4d837"},"headline":"Vi \u00e4r tre familjer, som gemensamt ska k\u00f6pa en l\u00e4genhet p\u00e5 Costa del Sol. Vad ger Du oss f\u00f6r juridiska r\u00e5d?","datePublished":"2013-02-10T23:00:00+00:00","mainEntityOfPage":{"@id":"https:\/\/lightweb.dev\/l\/svm-temp\/artiklar\/vi-ar-tre-familjer-som-gemensamt-ska-kopa-en-lagenhet-pa-costa-del-sol-vad-ger-du-oss-for-juridiska-rad\/"},"wordCount":327,"commentCount":0,"publisher":{"@id":"https:\/\/lightweb.dev\/l\/svm-temp\/#organization"},"image":{"@id":"https:\/\/lightweb.dev\/l\/svm-temp\/artiklar\/vi-ar-tre-familjer-som-gemensamt-ska-kopa-en-lagenhet-pa-costa-del-sol-vad-ger-du-oss-for-juridiska-rad\/#primaryimage"},"thumbnailUrl":"https:\/\/lightweb.dev\/l\/svm-temp\/wp-content\/uploads\/2022\/04\/vi-r-tre-familjer-som-gemensamt-ska-kpa-en-lgenhet-p-costa-del-sol-vad-ger-du-oss-fr-juridiska-rd.png","articleSection":["Arkiv","Artiklar"],"inLanguage":"sv-SE"},{"@type":"WebPage","@id":"https:\/\/lightweb.dev\/l\/svm-temp\/artiklar\/vi-ar-tre-familjer-som-gemensamt-ska-kopa-en-lagenhet-pa-costa-del-sol-vad-ger-du-oss-for-juridiska-rad\/","url":"https:\/\/lightweb.dev\/l\/svm-temp\/artiklar\/vi-ar-tre-familjer-som-gemensamt-ska-kopa-en-lagenhet-pa-costa-del-sol-vad-ger-du-oss-for-juridiska-rad\/","name":"Vi \u00e4r tre familjer, som gemensamt ska k\u00f6pa en l\u00e4genhet p\u00e5 Costa del Sol. Vad ger Du oss f\u00f6r juridiska r\u00e5d? - Svenska Magasinet","isPartOf":{"@id":"https:\/\/lightweb.dev\/l\/svm-temp\/#website"},"primaryImageOfPage":{"@id":"https:\/\/lightweb.dev\/l\/svm-temp\/artiklar\/vi-ar-tre-familjer-som-gemensamt-ska-kopa-en-lagenhet-pa-costa-del-sol-vad-ger-du-oss-for-juridiska-rad\/#primaryimage"},"image":{"@id":"https:\/\/lightweb.dev\/l\/svm-temp\/artiklar\/vi-ar-tre-familjer-som-gemensamt-ska-kopa-en-lagenhet-pa-costa-del-sol-vad-ger-du-oss-for-juridiska-rad\/#primaryimage"},"thumbnailUrl":"https:\/\/lightweb.dev\/l\/svm-temp\/wp-content\/uploads\/2022\/04\/vi-r-tre-familjer-som-gemensamt-ska-kpa-en-lgenhet-p-costa-del-sol-vad-ger-du-oss-fr-juridiska-rd.png","datePublished":"2013-02-10T23:00:00+00:00","breadcrumb":{"@id":"https:\/\/lightweb.dev\/l\/svm-temp\/artiklar\/vi-ar-tre-familjer-som-gemensamt-ska-kopa-en-lagenhet-pa-costa-del-sol-vad-ger-du-oss-for-juridiska-rad\/#breadcrumb"},"inLanguage":"sv-SE","potentialAction":[{"@type":"ReadAction","target":["https:\/\/lightweb.dev\/l\/svm-temp\/artiklar\/vi-ar-tre-familjer-som-gemensamt-ska-kopa-en-lagenhet-pa-costa-del-sol-vad-ger-du-oss-for-juridiska-rad\/"]}]},{"@type":"ImageObject","inLanguage":"sv-SE","@id":"https:\/\/lightweb.dev\/l\/svm-temp\/artiklar\/vi-ar-tre-familjer-som-gemensamt-ska-kopa-en-lagenhet-pa-costa-del-sol-vad-ger-du-oss-for-juridiska-rad\/#primaryimage","url":"https:\/\/lightweb.dev\/l\/svm-temp\/wp-content\/uploads\/2022\/04\/vi-r-tre-familjer-som-gemensamt-ska-kpa-en-lgenhet-p-costa-del-sol-vad-ger-du-oss-fr-juridiska-rd.png","contentUrl":"https:\/\/lightweb.dev\/l\/svm-temp\/wp-content\/uploads\/2022\/04\/vi-r-tre-familjer-som-gemensamt-ska-kpa-en-lgenhet-p-costa-del-sol-vad-ger-du-oss-fr-juridiska-rd.png","width":299,"height":200},{"@type":"BreadcrumbList","@id":"https:\/\/lightweb.dev\/l\/svm-temp\/artiklar\/vi-ar-tre-familjer-som-gemensamt-ska-kopa-en-lagenhet-pa-costa-del-sol-vad-ger-du-oss-for-juridiska-rad\/#breadcrumb","itemListElement":[{"@type":"ListItem","position":1,"name":"Hem","item":"https:\/\/lightweb.dev\/l\/svm-temp\/"},{"@type":"ListItem","position":2,"name":"Vi \u00e4r tre familjer, som gemensamt ska k\u00f6pa en l\u00e4genhet p\u00e5 Costa del Sol. Vad ger Du oss f\u00f6r juridiska r\u00e5d?"}]},{"@type":"WebSite","@id":"https:\/\/lightweb.dev\/l\/svm-temp\/#website","url":"https:\/\/lightweb.dev\/l\/svm-temp\/","name":"Svenska Magasinet","description":"Dina Spanska nyheter p&aring; Svenska","publisher":{"@id":"https:\/\/lightweb.dev\/l\/svm-temp\/#organization"},"potentialAction":[{"@type":"SearchAction","target":{"@type":"EntryPoint","urlTemplate":"https:\/\/lightweb.dev\/l\/svm-temp\/?s={search_term_string}"},"query-input":{"@type":"PropertyValueSpecification","valueRequired":true,"valueName":"search_term_string"}}],"inLanguage":"sv-SE"},{"@type":"Organization","@id":"https:\/\/lightweb.dev\/l\/svm-temp\/#organization","name":"Melkerson y Nott SL","alternateName":"Svenska Magasinet","url":"https:\/\/lightweb.dev\/l\/svm-temp\/","logo":{"@type":"ImageObject","inLanguage":"sv-SE","@id":"https:\/\/lightweb.dev\/l\/svm-temp\/#\/schema\/logo\/image\/","url":"https:\/\/lightweb.dev\/l\/svm-temp\/wp-content\/uploads\/2025\/02\/SvM-logo-Xtra-Centrerad-SVART.png","contentUrl":"https:\/\/lightweb.dev\/l\/svm-temp\/wp-content\/uploads\/2025\/02\/SvM-logo-Xtra-Centrerad-SVART.png","width":300,"height":99,"caption":"Melkerson y Nott SL"},"image":{"@id":"https:\/\/lightweb.dev\/l\/svm-temp\/#\/schema\/logo\/image\/"},"sameAs":["https:\/\/www.facebook.com\/svenskamagasinet","https:\/\/x.com\/SvenskaMagasine"]},{"@type":"Person","@id":"https:\/\/lightweb.dev\/l\/svm-temp\/#\/schema\/person\/206a3bda5b607b0c25e1749191e4d837","name":"Redaktionen SvM","description":"Redaktionen","sameAs":["https:\/\/lightweb.dev\/l\/svm-temp"],"url":"https:\/\/lightweb.dev\/l\/svm-temp\/reporter\/redaktionen\/"}]}},"_links":{"self":[{"href":"https:\/\/lightweb.dev\/l\/svm-temp\/wp-json\/wp\/v2\/posts\/4420","targetHints":{"allow":["GET"]}}],"collection":[{"href":"https:\/\/lightweb.dev\/l\/svm-temp\/wp-json\/wp\/v2\/posts"}],"about":[{"href":"https:\/\/lightweb.dev\/l\/svm-temp\/wp-json\/wp\/v2\/types\/post"}],"author":[{"embeddable":true,"href":"https:\/\/lightweb.dev\/l\/svm-temp\/wp-json\/wp\/v2\/users\/8"}],"replies":[{"embeddable":true,"href":"https:\/\/lightweb.dev\/l\/svm-temp\/wp-json\/wp\/v2\/comments?post=4420"}],"version-history":[{"count":0,"href":"https:\/\/lightweb.dev\/l\/svm-temp\/wp-json\/wp\/v2\/posts\/4420\/revisions"}],"wp:featuredmedia":[{"embeddable":true,"href":"https:\/\/lightweb.dev\/l\/svm-temp\/wp-json\/wp\/v2\/media\/4421"}],"wp:attachment":[{"href":"https:\/\/lightweb.dev\/l\/svm-temp\/wp-json\/wp\/v2\/media?parent=4420"}],"wp:term":[{"taxonomy":"category","embeddable":true,"href":"https:\/\/lightweb.dev\/l\/svm-temp\/wp-json\/wp\/v2\/categories?post=4420"},{"taxonomy":"post_tag","embeddable":true,"href":"https:\/\/lightweb.dev\/l\/svm-temp\/wp-json\/wp\/v2\/tags?post=4420"}],"curies":[{"name":"wp","href":"https:\/\/api.w.org\/{rel}","templated":true}]}}