{"id":4422,"date":"2013-02-11T00:00:00","date_gmt":"2013-02-10T23:00:00","guid":{"rendered":"https:\/\/lightweb.dev\/l\/svm-temp\/spanien-just-nu-vattenmeloner-i-mediebranschen\/"},"modified":"2013-02-11T00:00:00","modified_gmt":"2013-02-10T23:00:00","slug":"spanien-just-nu-vattenmeloner-i-mediebranschen","status":"publish","type":"post","link":"https:\/\/lightweb.dev\/l\/svm-temp\/artiklar\/spanien-just-nu-vattenmeloner-i-mediebranschen\/","title":{"rendered":"Spanien just nu \u2013 \u201dvattenmeloner\u201d i mediebranschen?"},"content":{"rendered":"<p> Det \u00e4r kris i mediebranschen och journalister f\u00e5r g\u00e5. Det talas om \u201dsnuttifiering\u201d, kortare texter, st\u00f6rre bilder, l\u00e4ttl\u00e4st och l\u00e4ttsm\u00e4lt. I Spanien h\u00e4rskar tidningsd\u00f6den, journalister sparkas samtidigt som bokl\u00e4sandet minskar stadigt. Runt 200 medier slog igen ifjol, tusentals journalister sparkades. Av Ola Josefsson<br \/>\nH\u00e4ndelsen d\u00e5 Spaniens st\u00f6rsta dagstidning El Pa\u00eds publicerade en bluffbild f\u00f6rest\u00e4llande president Chavez under behandling p\u00e5 ett sjukhus i Kuba kommenterades flitigt. El Pais fick makulera sin upplaga n\u00e4r man uppt\u00e4ckte att bilden p\u00e5 f\u00f6rstasidan var fejkad.<br \/>\nTidningen hade hoppats p\u00e5 ett v\u00e4rldsscoop, i st\u00e4llet blev det en tidningsanka som de fick be om urs\u00e4kt f\u00f6r. Det \u00e4r os\u00e4kert hur m\u00e5nga tidningar som hann distribueras innan den tryckta tidningen stoppades, skriver nyhetsbyr\u00e5n AP.<br \/>\nS\u00e5 kan det g\u00e5 i mediesv\u00e4ngen \u00e4ven f\u00f6r Spaniens st\u00f6rsta dagstidning. Sj\u00e4lv minns jag f\u00f6r n\u00e5gra \u00e5r sedan hur ett svenskt m\u00e5nadsblad p\u00e5 Solkusten yrade i samband med gripandet av en svensk kvinna i Fuengirola. Vi p\u00e5 Svenska Magasinet ber\u00e4ttade om kvinnan som var huvudman i Sveriges genom tiderna st\u00f6rsta dopningsh\u00e4rva medan det oh\u00e4ftade bladet p\u00e5 Solkusten skrev att dopningspreparaten var avsedda f\u00f6r den spanska marknaden. Stenkoll? Knappast.<\/p>\n<p>Vi som f\u00f6ljer b\u00e5de spansk och svensk media kan konstatera att de skiljer sig \u00e5t. Mycket av det trams vi f\u00e5r l\u00e4sa om i svenska tidningar slipper vi i Spanien. Nyligen l\u00e4ste jag nyheten fr\u00e5n Sverige som ber\u00e4ttade att man diskuterade huruvida sn\u00f6r\u00f6jningen skall vara \u201dgenusstyrd\u201d. K\u00e4ra l\u00e4sare, jag lovar att ni slipper l\u00e4sa om s\u00e5dant i spansk media.<\/p>\n<p>Under flera \u00e5r var spansk media h\u00e5rt kontrollerad. Fr\u00e5n den andra republikens dagar var det censur som g\u00e4llde. \u201dEste n\u00famero esta visado por la censura\u201d var texten som t\u00e4ckte ABC:s framsidan efter att Don Juan de Borbon hade gift sig den 12 oktober 1935. Myndigheterna hade dessf\u00f6rinnan intagit tidningens redaktion och gripit den ansvarige utgivaren Luca de Tena. Tidningen f\u00f6rbj\u00f6ds att skriva om monarkin.<\/p>\n<p>Efter inb\u00f6rdeskriget f\u00f6ljde Francoregimen som inf\u00f6rde h\u00e5rdare censurlagar som senare mjuknade gradvis fr\u00e5n 1960-talet. N\u00e4r journalisten Marcelino Mart\u00edn p\u00e5 nyhetsbyr\u00e5n Europa Press kungjorde nyheten att Franco var d\u00f6d innebar det att rapporteringen i Spanien f\u00f6r\u00e4ndrades radikalt.<\/p>\n<p>Spanjorerna har st\u00f6rre f\u00f6rtroende f\u00f6r media j\u00e4mf\u00f6rt med Sverige d\u00e4r endast tv\u00e5 procent av mediekonsumenterna har stor tilltro till medierna. Tv\u00e5 procent? Ja, du l\u00e4ste r\u00e4tt. Den s\u00e5 kallade tabloidiseringen leder uppenbarligen till ett minskat f\u00f6rtroende, enligt bed\u00f6mare. &#8221;Stora bilder och rubriker tenderar att leda till att f\u00f6rtroendet minskar&#8221; s\u00e4ger en professor. Andra menar att inneh\u00e5llet i tidningarna knappast g\u00f6r moralen i samh\u00e4llet b\u00e4ttre. <\/p>\n<p>Media kallas ibland f\u00f6r den tredje eller fj\u00e4rde statsmakten. T\u00e4nk om korruptionen har f\u00e5tt f\u00e4ste i den tredje\/fj\u00e4rde statsmaktens apparat precis som i den styrande politiska makten. T\u00e4nk om korruption har blivit dopningsmedlet f\u00f6r journalister precis som det har blivit f\u00f6r vissa politiker. Kan det vara s\u00e5?<\/p>\n<p>Det talas om fri journalistik trots att m\u00e5nga journalister \u00e4r gjutna i ideologier, f\u00e5r priser fr\u00e5n politikers h\u00e4nder, utm\u00e4rkelser, stipendier fr\u00e5n partier och organisationer med politisk anknytning. Fria? Knappast. De lever, skriver texter tack vare st\u00f6det fr\u00e5n partibundna organisationer och stipendier.<\/p>\n<p>I samlad k\u00f6r st\u00e4ller sig journalister med nyliberala politiker p\u00e5 barrikaderna n\u00e4r det g\u00e4ller saker som anses vara politiskt korrekt som att leta efter b\u00f6cker med rasistiska och homofobiska v\u00e4rderingar. Kulturarbetare, gamla kommunister samt feminister har sn\u00f6at in sig p\u00e5 mycket, som att uppfinna k\u00f6nsneutrala personliga pronomen. \u201dHan\u201d och \u201dhon\u201d ska bort fr\u00e5n texterna och i st\u00e4llet ska k\u00f6nsneutrala \u201dhen\u201d inf\u00f6ras. Eller varf\u00f6r inte debattera genusstyrd sn\u00f6r\u00f6jning medan f\u00f6rtroendet f\u00f6r media sjunker.<\/p>\n<p>\u201d\u00c5siktsklyftan \u00f6kar mellan journalister och allm\u00e4nhet\u201d var slutsatsen i en unders\u00f6kning i somras. Den tredje\/fj\u00e4rde statsmakten, det vill s\u00e4ga, mediev\u00e4nstern styr opinionsbildning, verklighetsbeskrivningar och inneh\u00e5llet p\u00e5 tidningarnas kultursidor.<\/p>\n<p>En l\u00e4sare ber\u00e4ttade f\u00f6r mig att journalister \u00e4r som vattenmeloner. De \u00e4r gr\u00f6na utanp\u00e5 men r\u00f6da inuti med anledning av unders\u00f6kningen som avsl\u00f6jar att mediav\u00e4nstern sympatiserar med milj\u00f6partiet. Och vill du veta mer kan jag rekommendera \u201dSvenska journalister 1989\u20132011\u201d (2011) som visar att journalistk\u00e5ren st\u00e5r ideologiskt klart till v\u00e4nster.<\/p>\n<p>F\u00f6r \u00f6vrigt var dokument\u00e4ren om storkapitalisten Jan Stenbeck som gick p\u00e5 SVT mycket intressant. Han byggde ett nytt medieimperium med hj\u00e4lp av medlemmar ur den d\u00e5tida v\u00e4nstern. Stenbeck v\u00e4rvade personer med bakgrund i SKP, Sveriges kommunistiska parti, trotskister fr\u00e5n kv\u00e4llstidningsv\u00e4rlden.<\/p>\n<p>Nu handlar det om en sj\u00e4lvp\u00e5tagen censur som bland annat tar sig i uttryck i pixlade bilder s\u00e5 att inte l\u00e4saren ska kunna uppfatta hudf\u00e4rgen p\u00e5 en misst\u00e4nkt gripen eller d\u00f6md brottsling.<\/p>\n<p>M\u00e5let att komma s\u00e5 n\u00e4ra sanningen som m\u00f6jligt \u00e4r sv\u00e5rsm\u00e4lt f\u00f6r en del. <\/p>\n","protected":false},"excerpt":{"rendered":"<p>Det \u00e4r kris i mediebranschen och journalister f\u00e5r g\u00e5. Det talas om \u201dsnuttifiering\u201d, kortare texter, st\u00f6rre bilder, l\u00e4ttl\u00e4st och l\u00e4ttsm\u00e4lt. I Spanien h\u00e4rskar tidningsd\u00f6den, journalister sparkas samtidigt som bokl\u00e4sandet minskar stadigt. Runt 200 medier slog igen ifjol, tusentals journalister sparkades. Av Ola Josefsson H\u00e4ndelsen d\u00e5 Spaniens st\u00f6rsta dagstidning El Pa\u00eds publicerade en bluffbild f\u00f6rest\u00e4llande president [&hellip;]<\/p>\n","protected":false},"author":8,"featured_media":4423,"comment_status":"open","ping_status":"open","sticky":false,"template":"","format":"standard","meta":{"_et_pb_use_builder":"","_et_pb_old_content":"","_et_gb_content_width":"","footnotes":""},"categories":[4,36],"tags":[],"class_list":["post-4422","post","type-post","status-publish","format-standard","has-post-thumbnail","hentry","category-artiklar","category-spanien-just-nu"],"yoast_head":"<!-- This site is optimized with the Yoast SEO Premium plugin v26.2 (Yoast SEO v28.2) - https:\/\/yoast.com\/product\/yoast-seo-premium-wordpress\/ -->\n<title>Spanien just nu \u2013 \u201dvattenmeloner\u201d i mediebranschen? - Svenska Magasinet<\/title>\n<meta name=\"robots\" content=\"noindex, follow, max-snippet:-1, max-image-preview:large, max-video-preview:-1\" \/>\n<meta property=\"og:locale\" content=\"sv_SE\" \/>\n<meta property=\"og:type\" content=\"article\" \/>\n<meta property=\"og:title\" content=\"Spanien just nu \u2013 \u201dvattenmeloner\u201d i mediebranschen?\" \/>\n<meta property=\"og:description\" content=\"Det \u00e4r kris i mediebranschen och journalister f\u00e5r g\u00e5. Det talas om \u201dsnuttifiering\u201d, kortare texter, st\u00f6rre bilder, l\u00e4ttl\u00e4st och l\u00e4ttsm\u00e4lt. I Spanien h\u00e4rskar tidningsd\u00f6den, journalister sparkas samtidigt som bokl\u00e4sandet minskar stadigt. Runt 200 medier slog igen ifjol, tusentals journalister sparkades. Av Ola Josefsson H\u00e4ndelsen d\u00e5 Spaniens st\u00f6rsta dagstidning El Pa\u00eds publicerade en bluffbild f\u00f6rest\u00e4llande president [&hellip;]\" \/>\n<meta property=\"og:url\" content=\"https:\/\/lightweb.dev\/l\/svm-temp\/artiklar\/spanien-just-nu-vattenmeloner-i-mediebranschen\/\" \/>\n<meta property=\"og:site_name\" content=\"Svenska Magasinet\" \/>\n<meta property=\"article:publisher\" content=\"https:\/\/www.facebook.com\/svenskamagasinet\" \/>\n<meta property=\"article:published_time\" content=\"2013-02-10T23:00:00+00:00\" \/>\n<meta property=\"og:image\" content=\"https:\/\/lightweb.dev\/l\/svm-temp\/wp-content\/uploads\/2022\/04\/spanien-just-nu-vattenmeloner-i-mediebranschen.png\" \/>\n\t<meta property=\"og:image:width\" content=\"299\" \/>\n\t<meta property=\"og:image:height\" content=\"200\" \/>\n\t<meta property=\"og:image:type\" content=\"image\/png\" \/>\n<meta name=\"author\" content=\"Redaktionen SvM\" \/>\n<meta name=\"twitter:card\" content=\"summary_large_image\" \/>\n<meta name=\"twitter:creator\" content=\"@SvenskaMagasine\" \/>\n<meta name=\"twitter:site\" content=\"@SvenskaMagasine\" \/>\n<script type=\"application\/ld+json\" class=\"yoast-schema-graph\">{\"@context\":\"https:\\\/\\\/schema.org\",\"@graph\":[{\"@type\":\"Article\",\"@id\":\"https:\\\/\\\/lightweb.dev\\\/l\\\/svm-temp\\\/artiklar\\\/spanien-just-nu-vattenmeloner-i-mediebranschen\\\/#article\",\"isPartOf\":{\"@id\":\"https:\\\/\\\/lightweb.dev\\\/l\\\/svm-temp\\\/artiklar\\\/spanien-just-nu-vattenmeloner-i-mediebranschen\\\/\"},\"author\":{\"name\":\"Redaktionen SvM\",\"@id\":\"https:\\\/\\\/lightweb.dev\\\/l\\\/svm-temp\\\/#\\\/schema\\\/person\\\/206a3bda5b607b0c25e1749191e4d837\"},\"headline\":\"Spanien just nu \u2013 \u201dvattenmeloner\u201d i mediebranschen?\",\"datePublished\":\"2013-02-10T23:00:00+00:00\",\"mainEntityOfPage\":{\"@id\":\"https:\\\/\\\/lightweb.dev\\\/l\\\/svm-temp\\\/artiklar\\\/spanien-just-nu-vattenmeloner-i-mediebranschen\\\/\"},\"wordCount\":890,\"commentCount\":0,\"publisher\":{\"@id\":\"https:\\\/\\\/lightweb.dev\\\/l\\\/svm-temp\\\/#organization\"},\"image\":{\"@id\":\"https:\\\/\\\/lightweb.dev\\\/l\\\/svm-temp\\\/artiklar\\\/spanien-just-nu-vattenmeloner-i-mediebranschen\\\/#primaryimage\"},\"thumbnailUrl\":\"https:\\\/\\\/lightweb.dev\\\/l\\\/svm-temp\\\/wp-content\\\/uploads\\\/2022\\\/04\\\/spanien-just-nu-vattenmeloner-i-mediebranschen.png\",\"articleSection\":[\"Artiklar\",\"Spanien just nu\"],\"inLanguage\":\"sv-SE\"},{\"@type\":\"WebPage\",\"@id\":\"https:\\\/\\\/lightweb.dev\\\/l\\\/svm-temp\\\/artiklar\\\/spanien-just-nu-vattenmeloner-i-mediebranschen\\\/\",\"url\":\"https:\\\/\\\/lightweb.dev\\\/l\\\/svm-temp\\\/artiklar\\\/spanien-just-nu-vattenmeloner-i-mediebranschen\\\/\",\"name\":\"Spanien just nu \u2013 \u201dvattenmeloner\u201d i mediebranschen? - Svenska Magasinet\",\"isPartOf\":{\"@id\":\"https:\\\/\\\/lightweb.dev\\\/l\\\/svm-temp\\\/#website\"},\"primaryImageOfPage\":{\"@id\":\"https:\\\/\\\/lightweb.dev\\\/l\\\/svm-temp\\\/artiklar\\\/spanien-just-nu-vattenmeloner-i-mediebranschen\\\/#primaryimage\"},\"image\":{\"@id\":\"https:\\\/\\\/lightweb.dev\\\/l\\\/svm-temp\\\/artiklar\\\/spanien-just-nu-vattenmeloner-i-mediebranschen\\\/#primaryimage\"},\"thumbnailUrl\":\"https:\\\/\\\/lightweb.dev\\\/l\\\/svm-temp\\\/wp-content\\\/uploads\\\/2022\\\/04\\\/spanien-just-nu-vattenmeloner-i-mediebranschen.png\",\"datePublished\":\"2013-02-10T23:00:00+00:00\",\"breadcrumb\":{\"@id\":\"https:\\\/\\\/lightweb.dev\\\/l\\\/svm-temp\\\/artiklar\\\/spanien-just-nu-vattenmeloner-i-mediebranschen\\\/#breadcrumb\"},\"inLanguage\":\"sv-SE\",\"potentialAction\":[{\"@type\":\"ReadAction\",\"target\":[\"https:\\\/\\\/lightweb.dev\\\/l\\\/svm-temp\\\/artiklar\\\/spanien-just-nu-vattenmeloner-i-mediebranschen\\\/\"]}]},{\"@type\":\"ImageObject\",\"inLanguage\":\"sv-SE\",\"@id\":\"https:\\\/\\\/lightweb.dev\\\/l\\\/svm-temp\\\/artiklar\\\/spanien-just-nu-vattenmeloner-i-mediebranschen\\\/#primaryimage\",\"url\":\"https:\\\/\\\/lightweb.dev\\\/l\\\/svm-temp\\\/wp-content\\\/uploads\\\/2022\\\/04\\\/spanien-just-nu-vattenmeloner-i-mediebranschen.png\",\"contentUrl\":\"https:\\\/\\\/lightweb.dev\\\/l\\\/svm-temp\\\/wp-content\\\/uploads\\\/2022\\\/04\\\/spanien-just-nu-vattenmeloner-i-mediebranschen.png\",\"width\":299,\"height\":200},{\"@type\":\"BreadcrumbList\",\"@id\":\"https:\\\/\\\/lightweb.dev\\\/l\\\/svm-temp\\\/artiklar\\\/spanien-just-nu-vattenmeloner-i-mediebranschen\\\/#breadcrumb\",\"itemListElement\":[{\"@type\":\"ListItem\",\"position\":1,\"name\":\"Hem\",\"item\":\"https:\\\/\\\/lightweb.dev\\\/l\\\/svm-temp\\\/\"},{\"@type\":\"ListItem\",\"position\":2,\"name\":\"Spanien just nu \u2013 \u201dvattenmeloner\u201d i mediebranschen?\"}]},{\"@type\":\"WebSite\",\"@id\":\"https:\\\/\\\/lightweb.dev\\\/l\\\/svm-temp\\\/#website\",\"url\":\"https:\\\/\\\/lightweb.dev\\\/l\\\/svm-temp\\\/\",\"name\":\"Svenska Magasinet\",\"description\":\"Dina Spanska nyheter p&aring; Svenska\",\"publisher\":{\"@id\":\"https:\\\/\\\/lightweb.dev\\\/l\\\/svm-temp\\\/#organization\"},\"potentialAction\":[{\"@type\":\"SearchAction\",\"target\":{\"@type\":\"EntryPoint\",\"urlTemplate\":\"https:\\\/\\\/lightweb.dev\\\/l\\\/svm-temp\\\/?s={search_term_string}\"},\"query-input\":{\"@type\":\"PropertyValueSpecification\",\"valueRequired\":true,\"valueName\":\"search_term_string\"}}],\"inLanguage\":\"sv-SE\"},{\"@type\":\"Organization\",\"@id\":\"https:\\\/\\\/lightweb.dev\\\/l\\\/svm-temp\\\/#organization\",\"name\":\"Melkerson y Nott SL\",\"alternateName\":\"Svenska Magasinet\",\"url\":\"https:\\\/\\\/lightweb.dev\\\/l\\\/svm-temp\\\/\",\"logo\":{\"@type\":\"ImageObject\",\"inLanguage\":\"sv-SE\",\"@id\":\"https:\\\/\\\/lightweb.dev\\\/l\\\/svm-temp\\\/#\\\/schema\\\/logo\\\/image\\\/\",\"url\":\"https:\\\/\\\/lightweb.dev\\\/l\\\/svm-temp\\\/wp-content\\\/uploads\\\/2025\\\/02\\\/SvM-logo-Xtra-Centrerad-SVART.png\",\"contentUrl\":\"https:\\\/\\\/lightweb.dev\\\/l\\\/svm-temp\\\/wp-content\\\/uploads\\\/2025\\\/02\\\/SvM-logo-Xtra-Centrerad-SVART.png\",\"width\":300,\"height\":99,\"caption\":\"Melkerson y Nott SL\"},\"image\":{\"@id\":\"https:\\\/\\\/lightweb.dev\\\/l\\\/svm-temp\\\/#\\\/schema\\\/logo\\\/image\\\/\"},\"sameAs\":[\"https:\\\/\\\/www.facebook.com\\\/svenskamagasinet\",\"https:\\\/\\\/x.com\\\/SvenskaMagasine\"]},{\"@type\":\"Person\",\"@id\":\"https:\\\/\\\/lightweb.dev\\\/l\\\/svm-temp\\\/#\\\/schema\\\/person\\\/206a3bda5b607b0c25e1749191e4d837\",\"name\":\"Redaktionen SvM\",\"description\":\"Redaktionen\",\"sameAs\":[\"https:\\\/\\\/lightweb.dev\\\/l\\\/svm-temp\"],\"url\":\"https:\\\/\\\/lightweb.dev\\\/l\\\/svm-temp\\\/reporter\\\/redaktionen\\\/\"}]}<\/script>\n<!-- \/ Yoast SEO Premium plugin. -->","yoast_head_json":{"title":"Spanien just nu \u2013 \u201dvattenmeloner\u201d i mediebranschen? - Svenska Magasinet","robots":{"index":"noindex","follow":"follow","max-snippet":"max-snippet:-1","max-image-preview":"max-image-preview:large","max-video-preview":"max-video-preview:-1"},"og_locale":"sv_SE","og_type":"article","og_title":"Spanien just nu \u2013 \u201dvattenmeloner\u201d i mediebranschen?","og_description":"Det \u00e4r kris i mediebranschen och journalister f\u00e5r g\u00e5. Det talas om \u201dsnuttifiering\u201d, kortare texter, st\u00f6rre bilder, l\u00e4ttl\u00e4st och l\u00e4ttsm\u00e4lt. I Spanien h\u00e4rskar tidningsd\u00f6den, journalister sparkas samtidigt som bokl\u00e4sandet minskar stadigt. Runt 200 medier slog igen ifjol, tusentals journalister sparkades. Av Ola Josefsson H\u00e4ndelsen d\u00e5 Spaniens st\u00f6rsta dagstidning El Pa\u00eds publicerade en bluffbild f\u00f6rest\u00e4llande president [&hellip;]","og_url":"https:\/\/lightweb.dev\/l\/svm-temp\/artiklar\/spanien-just-nu-vattenmeloner-i-mediebranschen\/","og_site_name":"Svenska Magasinet","article_publisher":"https:\/\/www.facebook.com\/svenskamagasinet","article_published_time":"2013-02-10T23:00:00+00:00","og_image":[{"width":299,"height":200,"url":"https:\/\/lightweb.dev\/l\/svm-temp\/wp-content\/uploads\/2022\/04\/spanien-just-nu-vattenmeloner-i-mediebranschen.png","type":"image\/png"}],"author":"Redaktionen SvM","twitter_card":"summary_large_image","twitter_creator":"@SvenskaMagasine","twitter_site":"@SvenskaMagasine","schema":{"@context":"https:\/\/schema.org","@graph":[{"@type":"Article","@id":"https:\/\/lightweb.dev\/l\/svm-temp\/artiklar\/spanien-just-nu-vattenmeloner-i-mediebranschen\/#article","isPartOf":{"@id":"https:\/\/lightweb.dev\/l\/svm-temp\/artiklar\/spanien-just-nu-vattenmeloner-i-mediebranschen\/"},"author":{"name":"Redaktionen SvM","@id":"https:\/\/lightweb.dev\/l\/svm-temp\/#\/schema\/person\/206a3bda5b607b0c25e1749191e4d837"},"headline":"Spanien just nu \u2013 \u201dvattenmeloner\u201d i mediebranschen?","datePublished":"2013-02-10T23:00:00+00:00","mainEntityOfPage":{"@id":"https:\/\/lightweb.dev\/l\/svm-temp\/artiklar\/spanien-just-nu-vattenmeloner-i-mediebranschen\/"},"wordCount":890,"commentCount":0,"publisher":{"@id":"https:\/\/lightweb.dev\/l\/svm-temp\/#organization"},"image":{"@id":"https:\/\/lightweb.dev\/l\/svm-temp\/artiklar\/spanien-just-nu-vattenmeloner-i-mediebranschen\/#primaryimage"},"thumbnailUrl":"https:\/\/lightweb.dev\/l\/svm-temp\/wp-content\/uploads\/2022\/04\/spanien-just-nu-vattenmeloner-i-mediebranschen.png","articleSection":["Artiklar","Spanien just nu"],"inLanguage":"sv-SE"},{"@type":"WebPage","@id":"https:\/\/lightweb.dev\/l\/svm-temp\/artiklar\/spanien-just-nu-vattenmeloner-i-mediebranschen\/","url":"https:\/\/lightweb.dev\/l\/svm-temp\/artiklar\/spanien-just-nu-vattenmeloner-i-mediebranschen\/","name":"Spanien just nu \u2013 \u201dvattenmeloner\u201d i mediebranschen? - Svenska Magasinet","isPartOf":{"@id":"https:\/\/lightweb.dev\/l\/svm-temp\/#website"},"primaryImageOfPage":{"@id":"https:\/\/lightweb.dev\/l\/svm-temp\/artiklar\/spanien-just-nu-vattenmeloner-i-mediebranschen\/#primaryimage"},"image":{"@id":"https:\/\/lightweb.dev\/l\/svm-temp\/artiklar\/spanien-just-nu-vattenmeloner-i-mediebranschen\/#primaryimage"},"thumbnailUrl":"https:\/\/lightweb.dev\/l\/svm-temp\/wp-content\/uploads\/2022\/04\/spanien-just-nu-vattenmeloner-i-mediebranschen.png","datePublished":"2013-02-10T23:00:00+00:00","breadcrumb":{"@id":"https:\/\/lightweb.dev\/l\/svm-temp\/artiklar\/spanien-just-nu-vattenmeloner-i-mediebranschen\/#breadcrumb"},"inLanguage":"sv-SE","potentialAction":[{"@type":"ReadAction","target":["https:\/\/lightweb.dev\/l\/svm-temp\/artiklar\/spanien-just-nu-vattenmeloner-i-mediebranschen\/"]}]},{"@type":"ImageObject","inLanguage":"sv-SE","@id":"https:\/\/lightweb.dev\/l\/svm-temp\/artiklar\/spanien-just-nu-vattenmeloner-i-mediebranschen\/#primaryimage","url":"https:\/\/lightweb.dev\/l\/svm-temp\/wp-content\/uploads\/2022\/04\/spanien-just-nu-vattenmeloner-i-mediebranschen.png","contentUrl":"https:\/\/lightweb.dev\/l\/svm-temp\/wp-content\/uploads\/2022\/04\/spanien-just-nu-vattenmeloner-i-mediebranschen.png","width":299,"height":200},{"@type":"BreadcrumbList","@id":"https:\/\/lightweb.dev\/l\/svm-temp\/artiklar\/spanien-just-nu-vattenmeloner-i-mediebranschen\/#breadcrumb","itemListElement":[{"@type":"ListItem","position":1,"name":"Hem","item":"https:\/\/lightweb.dev\/l\/svm-temp\/"},{"@type":"ListItem","position":2,"name":"Spanien just nu \u2013 \u201dvattenmeloner\u201d i mediebranschen?"}]},{"@type":"WebSite","@id":"https:\/\/lightweb.dev\/l\/svm-temp\/#website","url":"https:\/\/lightweb.dev\/l\/svm-temp\/","name":"Svenska Magasinet","description":"Dina Spanska nyheter p&aring; Svenska","publisher":{"@id":"https:\/\/lightweb.dev\/l\/svm-temp\/#organization"},"potentialAction":[{"@type":"SearchAction","target":{"@type":"EntryPoint","urlTemplate":"https:\/\/lightweb.dev\/l\/svm-temp\/?s={search_term_string}"},"query-input":{"@type":"PropertyValueSpecification","valueRequired":true,"valueName":"search_term_string"}}],"inLanguage":"sv-SE"},{"@type":"Organization","@id":"https:\/\/lightweb.dev\/l\/svm-temp\/#organization","name":"Melkerson y Nott SL","alternateName":"Svenska Magasinet","url":"https:\/\/lightweb.dev\/l\/svm-temp\/","logo":{"@type":"ImageObject","inLanguage":"sv-SE","@id":"https:\/\/lightweb.dev\/l\/svm-temp\/#\/schema\/logo\/image\/","url":"https:\/\/lightweb.dev\/l\/svm-temp\/wp-content\/uploads\/2025\/02\/SvM-logo-Xtra-Centrerad-SVART.png","contentUrl":"https:\/\/lightweb.dev\/l\/svm-temp\/wp-content\/uploads\/2025\/02\/SvM-logo-Xtra-Centrerad-SVART.png","width":300,"height":99,"caption":"Melkerson y Nott SL"},"image":{"@id":"https:\/\/lightweb.dev\/l\/svm-temp\/#\/schema\/logo\/image\/"},"sameAs":["https:\/\/www.facebook.com\/svenskamagasinet","https:\/\/x.com\/SvenskaMagasine"]},{"@type":"Person","@id":"https:\/\/lightweb.dev\/l\/svm-temp\/#\/schema\/person\/206a3bda5b607b0c25e1749191e4d837","name":"Redaktionen SvM","description":"Redaktionen","sameAs":["https:\/\/lightweb.dev\/l\/svm-temp"],"url":"https:\/\/lightweb.dev\/l\/svm-temp\/reporter\/redaktionen\/"}]}},"_links":{"self":[{"href":"https:\/\/lightweb.dev\/l\/svm-temp\/wp-json\/wp\/v2\/posts\/4422","targetHints":{"allow":["GET"]}}],"collection":[{"href":"https:\/\/lightweb.dev\/l\/svm-temp\/wp-json\/wp\/v2\/posts"}],"about":[{"href":"https:\/\/lightweb.dev\/l\/svm-temp\/wp-json\/wp\/v2\/types\/post"}],"author":[{"embeddable":true,"href":"https:\/\/lightweb.dev\/l\/svm-temp\/wp-json\/wp\/v2\/users\/8"}],"replies":[{"embeddable":true,"href":"https:\/\/lightweb.dev\/l\/svm-temp\/wp-json\/wp\/v2\/comments?post=4422"}],"version-history":[{"count":0,"href":"https:\/\/lightweb.dev\/l\/svm-temp\/wp-json\/wp\/v2\/posts\/4422\/revisions"}],"wp:featuredmedia":[{"embeddable":true,"href":"https:\/\/lightweb.dev\/l\/svm-temp\/wp-json\/wp\/v2\/media\/4423"}],"wp:attachment":[{"href":"https:\/\/lightweb.dev\/l\/svm-temp\/wp-json\/wp\/v2\/media?parent=4422"}],"wp:term":[{"taxonomy":"category","embeddable":true,"href":"https:\/\/lightweb.dev\/l\/svm-temp\/wp-json\/wp\/v2\/categories?post=4422"},{"taxonomy":"post_tag","embeddable":true,"href":"https:\/\/lightweb.dev\/l\/svm-temp\/wp-json\/wp\/v2\/tags?post=4422"}],"curies":[{"name":"wp","href":"https:\/\/api.w.org\/{rel}","templated":true}]}}