{"id":4424,"date":"2013-02-11T00:00:00","date_gmt":"2013-02-10T23:00:00","guid":{"rendered":"https:\/\/lightweb.dev\/l\/svm-temp\/framgangssaga-vinodlingen-finca-del-cipres-blev-teknologisk-park-med-600-foretag\/"},"modified":"2013-02-11T00:00:00","modified_gmt":"2013-02-10T23:00:00","slug":"framgangssaga-vinodlingen-finca-del-cipres-blev-teknologisk-park-med-600-foretag","status":"publish","type":"post","link":"https:\/\/lightweb.dev\/l\/svm-temp\/artiklar\/framgangssaga-vinodlingen-finca-del-cipres-blev-teknologisk-park-med-600-foretag\/","title":{"rendered":"Framg\u00e5ngssaga: Vinodlingen \u201dfinca del Cipr\u00e9s\u201d blev teknologisk park med 600 f\u00f6retag"},"content":{"rendered":"<p> M\u00e1lagas teknologiska park eller Parque Tecnol\u00f3gico de Andaluc\u00eda (PTA) i f\u00f6rorten Campanillas firade nyligen 20 \u00e5r. Den 9 december 1992 invigdes anl\u00e4ggningen av Spaniens kungapar. Av Ola Josefsson<\/p>\n<p>Det var i mitten av 1980-talet som det b\u00f6rjade planeras f\u00f6r teknologiska parker i Spanien. Inspirationsk\u00e4llan hette Silicon Valley i Kalifornien och h\u00e4r i Europas b\u00e4sta klimat skulle n\u00e5got liknande skapas. Katalonien skulle bli f\u00f6rst ut trodde de flesta men i st\u00e4llet stod den f\u00f6rsta teknologiska parken klar i Zamudio i Baskien 1985.<\/p>\n<p>P\u00e5 Solkusten letades l\u00e4mplig mark n\u00e4ra flygplatsen. Valet f\u00f6ll p\u00e5 ett markomr\u00e5de utanf\u00f6r samh\u00e4llet Campanillas.1987 undertecknades avtalet mellan regionalregeringen och kommunen om att Parque Tecnol\u00f3gico de Andaluc\u00eda (PTA) skulle byggas p\u00e5 marken som tillh\u00f6rde g\u00e5rden eller finca del Cipr\u00e9s. En tidigare vinodling hade blivit citrusodling som gav d\u00e5lig sk\u00f6rd.<\/p>\n<p>Platsen ans\u00e5gs vara perfekt f\u00f6r en teknologisk park. Hela omr\u00e5det p\u00e5 164 hektar \u00e4gdes av en person vilket skulle g\u00f6ra aff\u00e4ren l\u00e4tt. Carlos Mir\u00f3 med f\u00f6retaget Pereda 5 vann anbudst\u00e4vlingen och tillsammans med den chilenske arkitekten Marcial Echenique som var bosatt i Cambridge gick man ig\u00e5ng. Stilen skulle bli engelskt parklandskap som skulle sm\u00e4lta in i den spanska landsbygden<\/p>\n<p>I b\u00f6rjan av nittiotalet var det precis som nu ekonomisk kris. Samtidigt var Spanien p\u00e5 allas l\u00e4ppar \u00e5ret 1992. Barcelona stod som v\u00e4rd f\u00f6r de olympiska sommarspelen, Sevilla bj\u00f6d in hela v\u00e4rlden till v\u00e4rldsutst\u00e4llningen Expo och Madrid var Europas kulturhuvudstad.<br \/>\nExpo-omr\u00e5det i Sevilla skulle bli Europas Sillicon Valley var det t\u00e4nkt. Samtidigt skulle M\u00e1lagas teknologisk park \u00f6ppna. M\u00e5naderna innan M\u00e1lagas park skulle sl\u00e5 upp portarna var det politiska sp\u00e4nningar p\u00e5 det regionala planet. Det visade sig n\u00e4mligen att PSOE-regeringen med Felipe Gonz\u00e1lez, f\u00f6dd i Sevilla, hade gett skattel\u00e4ttnader och andra f\u00f6rm\u00e5ner f\u00f6r att skapa den teknologiska parken Cartuja i Sevilla.<\/p>\n<p>Missn\u00f6jet spred sig i M\u00e1laga. Representanter fr\u00e5n politiska partier, fackf\u00f6reningar och institutioner demonstrerade mot or\u00e4ttvisan. Men saker och ting lugnade ned sig och Spaniens kungapar don Juan Carlos och do\u00f1a Sof\u00eda kunde inviga anl\u00e4ggningen den 9 december 1992.<\/p>\n<p>Vid invigningen var endast \u00e5tta f\u00f6retag etablerade i parken. Det mesta var \u00f6demark eller gamla odlingar. Olyckskorparna kraxade och gav parken en livsl\u00e4ngd p\u00e5 blott sex m\u00e5nader. 20 \u00e5r senare kan vi konstatera att Parque Tecnol\u00f3gico de Andaluc\u00eda (PTA) med 600 f\u00f6retag \u00e4r en av de mer lyckade satsningarna p\u00e5 den spanska Solkusten.<br \/>\nDen nya trafikleden eller ringleden som g\u00e5r runt M\u00e1laga och som invigdes h\u00f6sten 2011 har gjort det enklare att ta sig fram. Med bil fr\u00e5n Torremolinos n\u00e5r du parken p\u00e5 tio minuter, fr\u00e5n Marbella tar det 30 minuter. H\u00e4r finns 10.000 parkeringsplatser.<\/p>\n<p>Den ekonomiska krisen har satt sina sp\u00e5r och flera f\u00f6retag i innovationssektorn \u00f6verlevde inte fjol\u00e5ret. Trots krisen och nedl\u00e4ggningen av Isofot\u00f3n \u2013Novasoft kunde PTA redovisa bra siffror b\u00e5de n\u00e4r det g\u00e4ller arbetstillf\u00e4llen och fakturering. Vid \u00e5rets slut hade PTA 14.600 arbetstillf\u00e4llen och en fakturering p\u00e5 1.622 miljoner euro.<br \/>\nSektorer som syns mest vid PTA \u00e4r IT och kommunikation som st\u00e5r f\u00f6r 41 procent av antalet f\u00f6retag vid PTA, 62 procent av arbetstillf\u00e4llena och 48 procent av faktureringen.<\/p>\n<p>Felipe Romera, direkt\u00f6r f\u00f6r parken sedan starten, \u00e4r n\u00f6jd med hur de har lyckats hantera krisen. Enligt ett pressmeddelande f\u00e5r parken varje vecka i genomsnitt tv\u00e5 internationella bes\u00f6k. Det \u00e4r viktiga representanter fr\u00e5n f\u00f6retag som vill veta mer om parken och vad den erbjuder.<br \/>\nSedan 1996 ing\u00e5r PTA i Asociaci\u00f3n Internacional de Parques Cient\u00edfico-Tecnol\u00f3gico (IASP), en internationell sammanslutning f\u00f6r vetenskap och teknik detta ses som mycket prestigefullt. Under de senaste \u00e5ren har PTA blivit v\u00e4l omtalat genom m\u00e4rket \u201dM\u00e1laga Valley\u201d, vilket ocks\u00e5 bidrar till att s\u00e4tta platsen p\u00e5 den internationella kartan.<\/p>\n<p>I dagsl\u00e4get handlar det om att marknadsf\u00f6ra utbyggnaden av parken. Den f\u00f6rsta utbyggnaden \u00e4r p\u00e5 40 hektar ut\u00f6ver de existerande 186 hektar. H\u00e4r byggs tv\u00e5 nya kontorsbyggnader till Citic och Prom\u00e1laga Excelencia. P\u00e5 det nya omr\u00e5det ber\u00e4knas hundratals nya f\u00f6retag etableras med 5.000 till 7.000 anst\u00e4llda.<br \/>\nProblemet \u00e4r den ekonomiska krisen som orsakar en svag efterfr\u00e5gan. Det blir sv\u00e5rt att f\u00e5 f\u00f6retag till parken som vill bygga egna kontorsfastigheter. I st\u00e4llet v\u00e4ljer f\u00f6retag att hyra lediga lokaler, s\u00e5 kallade \u201dcontenedores\u201d eller \u201dnido\u201d.<\/p>\n<p>Felipe Romera s\u00e4ger i samband med en tidningsintervju att m\u00e5let \u00e4r att PTA inom 20 \u00e5r ska ha 2.000 f\u00f6retag med 50.000 arbetstillf\u00e4llen.<br \/>\n\u201dKrisen kommer att passera. Vi har f\u00f6rhoppningsvis l\u00e4rt oss l\u00e4xan samtidigt som vi har expanderat lagom till n\u00e4sta h\u00f6gkonjunktur\u201d.<br \/>\nV\u00e4rt att notera \u00e4r att PTA uppfyller det tidigare satta Lissabonf\u00f6rdraget n\u00e4r det g\u00e4ller investeringar; 65 procent av investeringarna b\u00f6r komma fr\u00e5n den privata sektorn, 35 procent fr\u00e5n det offentliga. Under de senaste 20 \u00e5ren har PTA mottagit 750 miljoner euro till investeringar. Den privata sektorn st\u00e5r f\u00f6r 75 procent.<\/p>\n<p>Johan Karlsson, arbetar f\u00f6r Oracle som delar kontorsbyggnad med Ericsson. Johan bor vid centralstationen i M\u00e1laga centrum och n\u00e5r sin arbetsplats p\u00e5 25 minuter med bil.<br \/>\nHan \u00e4r ingift i en spansk familj och bodde tidigare i Barcelona. Sv\u00e4rf\u00f6r\u00e4ldrarna bor i C\u00f3rdoba och det k\u00e4nns bra att ha kommit n\u00e4rmare familjen. I tv\u00e5 \u00e5rs tid har Johan arbetat vid Oracle med f\u00f6rs\u00e4ljning av konsulttj\u00e4nster och h\u00e5rdvara mot den skandinaviska marknaden.<br \/>\n&#8211; Oracle \u00e4r ett stort f\u00f6retag med 100.000 anst\u00e4llda. Huvudkontoret ligger i San Fransisco och f\u00f6r n\u00e5gra \u00e5r sedan \u00f6ppnade f\u00f6retaget en hubb h\u00e4r i M\u00e1laga f\u00f6r att ta hand om f\u00f6rs\u00e4ljningen mot den europeiska marknaden. Det finns liknande hubbar i Prag och Dublin, ber\u00e4ttar Johan Karlsson som anser att M\u00e1laga och den teknologiska parken \u00e4r en attraktiv plats som st\u00e5r sig bra i j\u00e4mf\u00f6relse med Dublin och Prag.<\/p>\n<p>Johan som har flera nordiska arbetskamrater \u00e4r medveten om att flera f\u00f6rs\u00e4ljningsf\u00f6retag finns etablerade p\u00e5 kusten.<br \/>\n&#8211; J\u00e4mf\u00f6rt med andra \u00e4r det en annan profil p\u00e5 dem som jobbar h\u00e4r. De har en h\u00f6gre akademisk bakgrund, stannar g\u00e4rna n\u00e5gra \u00e5r och v\u00e4xer p\u00e5 f\u00f6retaget.<br \/>\n&#8211; Det fungerar bra och jag hoppas att det kommer fler internationella f\u00f6retag som etablerar sig i parken. Infrastrukturm\u00e4ssigt \u00e4r det bra.<\/p>\n<p>PTA beskrivs som \u201dj\u00e4ttefin\u201d och \u201dstr\u00e5lande bra\u201d med flera restauranger medan vissa f\u00f6retag som Oracle fixar lunchen med catering. H\u00e4r finns promenadstr\u00e5k och en liten sj\u00f6 med sk\u00f6ldpaddor.<br \/>\n&#8211; Jag kan f\u00f6rst\u00e5 att parken v\u00e4xer och att f\u00f6retag som Oracle hittar hit.<br \/>\nDet \u00e4r ett sk\u00f6nt klimat och samtidigt relativt f\u00f6rm\u00e5nligt att f\u00f6rhandla om man vill etablera kontor h\u00e4r, s\u00e4ger personer som Svenska Magasinet har talat  med. Den ekonomiska krisen i Spanien g\u00f6r att det \u00e4r r\u00e4tt tid just nu.<\/p>\n<p>Inf\u00f6r framtiden ser situationen gynnsam ut f\u00f6r PTA. Felipe Romera som har varit med sedan byggstarten, hoppas p\u00e5 en utbyggd tunnelbana till 2030. Romera kom till M\u00e1laga p\u00e5 1970-talet f\u00f6r att arbeta vid Fujitsu och han beskriver Parque Tecnol\u00f3gico de Andaluc\u00eda (PTA) i Campanillas som sitt stora arbete.<br \/>\n\u201dGenerellt har det varit goda \u00e5r. I b\u00f6rjan trodde vi att parken bara skulle dra till sig multinationella f\u00f6retag. Faktum \u00e4r att parken best\u00e5r till 90 procent av lokala entrepren\u00f6rer. PTA \u00e4r en av de mest innovativa parkerna i Spanien som har f\u00f6r\u00e4ndrat f\u00f6retagskulturen. Vi har n\u00e4stan 600 f\u00f6retag och \u00e5rligen skapas det 100 nya som expanderar. Det \u00e4r ocks\u00e5 sant att en del f\u00e5r sl\u00e5 igen p\u00e5 grund av krisen\u201d.<br \/>\nFotnot. Redaktionen vill tacka Parque Tecnol\u00f3gico de Andaluc\u00eda, S.A. f\u00f6r information och bilder. Ett speciellt varmt tack vill vi rikta till Lourdes Cruz Ochotorena, kommersiell direkt\u00f6r.<\/p>\n<p>Ericsson v\u00e4ntas v\u00e4xa i M\u00e1laga<br \/>\nSveriges Madridambassad\u00f6r Cecilia Julin var p\u00e5 plats i M\u00e1laga n\u00e4r Ericssons nya kontorslokaler invigdes i M\u00e1lagas teknologiska park 25 januari. Lokalerna \u00e4r p\u00e5 tv\u00e5 tusen kvadratmeter i tre v\u00e5ningar. I dagsl\u00e4get finns det 150 anst\u00e4llda vid det svenska f\u00f6retaget, fr\u00e4mst ingenj\u00f6rer varav en tredjedel \u00e4r under 30 \u00e5r.<br \/>\nUnder 2013 v\u00e4ntas antalet anst\u00e4llda v\u00e4xa till 250 f\u00f6r att 2015 vara 400, ber\u00e4ttade Ericssons Iberia-chef, Jos\u00e9 Antonio L\u00f3pez. Totalt handlar det om investeringar p\u00e5 40 miljoner euro.<br \/>\n\u201dAnl\u00e4ggningen sl\u00e5r h\u00e5l p\u00e5 m\u00e5nga myter som h\u00f6rs om Spanien utanf\u00f6r landets gr\u00e4nser; att det inte skapas n\u00e5gra jobb, att inte n\u00e5gra ungdomar anst\u00e4lls och att inte landet drar till sig n\u00e5gra investerare\u201d s\u00e4ger L\u00f3pez som ocks\u00e5 ber\u00e4ttar att Ericsson har n\u00e5tt \u00f6verenskommelser med tv\u00e5 stiftelser f\u00f6r att ge hj\u00e4lp med utbildningar till personer med funktionshinder.<br \/>\nTidigare i veckan hade arbetsl\u00f6shetsstatistiken \u201dEncuesta de Poblaci\u00f3n Activa\u201d redovisats i Spanien. N\u00e4ra sex miljoner m\u00e4nniskor \u00e4r arbetsl\u00f6sa. Ericssons uppk\u00f6p av Optimi och satsning \u00e4r en ljusstr\u00e5le i m\u00f6rkret.<br \/>\nEricssons kontor i Parque Tecnol\u00f3gico de Andaluc\u00eda (PTA) arbetar med designtj\u00e4nster och optimering av mobiln\u00e4t i 2G, 3G och 4G och har 700 kunder \u00f6ver hela v\u00e4rlden.<br \/>\nVid invigningen av de nya lokalerna n\u00e4rvarade ocks\u00e5 Andalusiens regionala president Jos\u00e9 Antonio Gri\u00f1\u00e1n och M\u00e1lagas borgm\u00e4stare Francisco de la Torre samt Sveriges Spanienambassad\u00f6r Cecilia Julin.<br \/>\n\u201dCosta del Sol har alltid haft en viss charm hos svenskarna. Sk\u00e4let till att Ericsson har lockats till M\u00e1laga skiljer sig j\u00e4mf\u00f6rt med de nordiska turister som b\u00f6rjade komma p\u00e5 60-talet och d\u00e5 lockades av str\u00e4nderna\u201d, sa Cecilia Julin.<\/p>\n<p>Fem pionj\u00e4rer hyllades vid 20-\u00e5rsfesten<br \/>\n20-\u00e5rsjubileet f\u00f6r Parque Tecnol\u00f3gico de Andaluc\u00eda firades 10 december p\u00e5 m\u00e4sshallen Palacio de Ferias med 400 inbjudna. Fem pionj\u00e4rer som var med fr\u00e5n starten fanns med vid firandet. Det var representanter fr\u00e5n Raytheon (som d\u00e5 hette Hughes) ASIT, Ingenia, AT4 Wireless (ursprungligen Cetecom) och stiftelsen Forja XXI.<br \/>\nAndalusiens regionala president Jos\u00e9 Antonio Gri\u00f1\u00e1n ber\u00e4ttade i sitt inl\u00e4gg att parken n\u00e4r den \u00f6ppnade hade \u00e5tta f\u00f6retag med 130 anst\u00e4llda. I dag har parken n\u00e4stan 600 f\u00f6retag med 14.600 anst\u00e4llda som fakturerar f\u00f6r 1.622 miljoner euro. Sedan starten har 1.390 f\u00f6retag skapats och av dessa har 42 procent \u00f6verlevt trots krisen. Under sina f\u00f6rsta 20 \u00e5r har parken fakturerat f\u00f6r 15.000 miljoner euro.<br \/>\nPTA har ett \u201dmycket n\u00e4ra\u201d samarbete med M\u00e1laga Universitet vilket fr\u00e4mjar utvecklingen.<\/p>\n","protected":false},"excerpt":{"rendered":"<p>M\u00e1lagas teknologiska park eller Parque Tecnol\u00f3gico de Andaluc\u00eda (PTA) i f\u00f6rorten Campanillas firade nyligen 20 \u00e5r. Den 9 december 1992 invigdes anl\u00e4ggningen av Spaniens kungapar. Av Ola Josefsson Det var i mitten av 1980-talet som det b\u00f6rjade planeras f\u00f6r teknologiska parker i Spanien. Inspirationsk\u00e4llan hette Silicon Valley i Kalifornien och h\u00e4r i Europas b\u00e4sta klimat [&hellip;]<\/p>\n","protected":false},"author":8,"featured_media":4425,"comment_status":"open","ping_status":"open","sticky":false,"template":"","format":"standard","meta":{"_et_pb_use_builder":"","_et_pb_old_content":"","_et_gb_content_width":"","footnotes":""},"categories":[396,4],"tags":[],"class_list":["post-4424","post","type-post","status-publish","format-standard","has-post-thumbnail","hentry","category-arkiv-artiklar","category-artiklar"],"yoast_head":"<!-- This site is optimized with the Yoast SEO Premium plugin v26.2 (Yoast SEO v27.5) - https:\/\/yoast.com\/product\/yoast-seo-premium-wordpress\/ -->\n<title>Framg\u00e5ngssaga: Vinodlingen \u201dfinca del Cipr\u00e9s\u201d blev teknologisk park med 600 f\u00f6retag - Svenska Magasinet<\/title>\n<meta name=\"robots\" content=\"noindex, follow, max-snippet:-1, max-image-preview:large, max-video-preview:-1\" \/>\n<meta property=\"og:locale\" content=\"sv_SE\" \/>\n<meta property=\"og:type\" content=\"article\" \/>\n<meta property=\"og:title\" content=\"Framg\u00e5ngssaga: Vinodlingen \u201dfinca del Cipr\u00e9s\u201d blev teknologisk park med 600 f\u00f6retag\" \/>\n<meta property=\"og:description\" content=\"M\u00e1lagas teknologiska park eller Parque Tecnol\u00f3gico de Andaluc\u00eda (PTA) i f\u00f6rorten Campanillas firade nyligen 20 \u00e5r. Den 9 december 1992 invigdes anl\u00e4ggningen av Spaniens kungapar. Av Ola Josefsson Det var i mitten av 1980-talet som det b\u00f6rjade planeras f\u00f6r teknologiska parker i Spanien. Inspirationsk\u00e4llan hette Silicon Valley i Kalifornien och h\u00e4r i Europas b\u00e4sta klimat [&hellip;]\" \/>\n<meta property=\"og:url\" content=\"https:\/\/lightweb.dev\/l\/svm-temp\/artiklar\/framgangssaga-vinodlingen-finca-del-cipres-blev-teknologisk-park-med-600-foretag\/\" \/>\n<meta property=\"og:site_name\" content=\"Svenska Magasinet\" \/>\n<meta property=\"article:publisher\" content=\"https:\/\/www.facebook.com\/svenskamagasinet\" \/>\n<meta property=\"article:published_time\" content=\"2013-02-10T23:00:00+00:00\" \/>\n<meta property=\"og:image\" content=\"https:\/\/lightweb.dev\/l\/svm-temp\/wp-content\/uploads\/2022\/04\/framgngssaga-vinodlingen-finca-del-ciprs-blev-teknologisk-park-med-600-fretag.png\" \/>\n\t<meta property=\"og:image:width\" content=\"280\" \/>\n\t<meta property=\"og:image:height\" content=\"217\" \/>\n\t<meta property=\"og:image:type\" content=\"image\/png\" \/>\n<meta name=\"author\" content=\"Redaktionen SvM\" \/>\n<meta name=\"twitter:card\" content=\"summary_large_image\" \/>\n<meta name=\"twitter:creator\" content=\"@SvenskaMagasine\" \/>\n<meta name=\"twitter:site\" content=\"@SvenskaMagasine\" \/>\n<script type=\"application\/ld+json\" class=\"yoast-schema-graph\">{\"@context\":\"https:\\\/\\\/schema.org\",\"@graph\":[{\"@type\":\"Article\",\"@id\":\"https:\\\/\\\/lightweb.dev\\\/l\\\/svm-temp\\\/artiklar\\\/framgangssaga-vinodlingen-finca-del-cipres-blev-teknologisk-park-med-600-foretag\\\/#article\",\"isPartOf\":{\"@id\":\"https:\\\/\\\/lightweb.dev\\\/l\\\/svm-temp\\\/artiklar\\\/framgangssaga-vinodlingen-finca-del-cipres-blev-teknologisk-park-med-600-foretag\\\/\"},\"author\":{\"name\":\"Redaktionen SvM\",\"@id\":\"https:\\\/\\\/lightweb.dev\\\/l\\\/svm-temp\\\/#\\\/schema\\\/person\\\/206a3bda5b607b0c25e1749191e4d837\"},\"headline\":\"Framg\u00e5ngssaga: Vinodlingen \u201dfinca del Cipr\u00e9s\u201d blev teknologisk park med 600 f\u00f6retag\",\"datePublished\":\"2013-02-10T23:00:00+00:00\",\"mainEntityOfPage\":{\"@id\":\"https:\\\/\\\/lightweb.dev\\\/l\\\/svm-temp\\\/artiklar\\\/framgangssaga-vinodlingen-finca-del-cipres-blev-teknologisk-park-med-600-foretag\\\/\"},\"wordCount\":1844,\"commentCount\":0,\"publisher\":{\"@id\":\"https:\\\/\\\/lightweb.dev\\\/l\\\/svm-temp\\\/#organization\"},\"image\":{\"@id\":\"https:\\\/\\\/lightweb.dev\\\/l\\\/svm-temp\\\/artiklar\\\/framgangssaga-vinodlingen-finca-del-cipres-blev-teknologisk-park-med-600-foretag\\\/#primaryimage\"},\"thumbnailUrl\":\"https:\\\/\\\/lightweb.dev\\\/l\\\/svm-temp\\\/wp-content\\\/uploads\\\/2022\\\/04\\\/framgngssaga-vinodlingen-finca-del-ciprs-blev-teknologisk-park-med-600-fretag.png\",\"articleSection\":[\"Arkiv\",\"Artiklar\"],\"inLanguage\":\"sv-SE\"},{\"@type\":\"WebPage\",\"@id\":\"https:\\\/\\\/lightweb.dev\\\/l\\\/svm-temp\\\/artiklar\\\/framgangssaga-vinodlingen-finca-del-cipres-blev-teknologisk-park-med-600-foretag\\\/\",\"url\":\"https:\\\/\\\/lightweb.dev\\\/l\\\/svm-temp\\\/artiklar\\\/framgangssaga-vinodlingen-finca-del-cipres-blev-teknologisk-park-med-600-foretag\\\/\",\"name\":\"Framg\u00e5ngssaga: Vinodlingen \u201dfinca del Cipr\u00e9s\u201d blev teknologisk park med 600 f\u00f6retag - Svenska Magasinet\",\"isPartOf\":{\"@id\":\"https:\\\/\\\/lightweb.dev\\\/l\\\/svm-temp\\\/#website\"},\"primaryImageOfPage\":{\"@id\":\"https:\\\/\\\/lightweb.dev\\\/l\\\/svm-temp\\\/artiklar\\\/framgangssaga-vinodlingen-finca-del-cipres-blev-teknologisk-park-med-600-foretag\\\/#primaryimage\"},\"image\":{\"@id\":\"https:\\\/\\\/lightweb.dev\\\/l\\\/svm-temp\\\/artiklar\\\/framgangssaga-vinodlingen-finca-del-cipres-blev-teknologisk-park-med-600-foretag\\\/#primaryimage\"},\"thumbnailUrl\":\"https:\\\/\\\/lightweb.dev\\\/l\\\/svm-temp\\\/wp-content\\\/uploads\\\/2022\\\/04\\\/framgngssaga-vinodlingen-finca-del-ciprs-blev-teknologisk-park-med-600-fretag.png\",\"datePublished\":\"2013-02-10T23:00:00+00:00\",\"breadcrumb\":{\"@id\":\"https:\\\/\\\/lightweb.dev\\\/l\\\/svm-temp\\\/artiklar\\\/framgangssaga-vinodlingen-finca-del-cipres-blev-teknologisk-park-med-600-foretag\\\/#breadcrumb\"},\"inLanguage\":\"sv-SE\",\"potentialAction\":[{\"@type\":\"ReadAction\",\"target\":[\"https:\\\/\\\/lightweb.dev\\\/l\\\/svm-temp\\\/artiklar\\\/framgangssaga-vinodlingen-finca-del-cipres-blev-teknologisk-park-med-600-foretag\\\/\"]}]},{\"@type\":\"ImageObject\",\"inLanguage\":\"sv-SE\",\"@id\":\"https:\\\/\\\/lightweb.dev\\\/l\\\/svm-temp\\\/artiklar\\\/framgangssaga-vinodlingen-finca-del-cipres-blev-teknologisk-park-med-600-foretag\\\/#primaryimage\",\"url\":\"https:\\\/\\\/lightweb.dev\\\/l\\\/svm-temp\\\/wp-content\\\/uploads\\\/2022\\\/04\\\/framgngssaga-vinodlingen-finca-del-ciprs-blev-teknologisk-park-med-600-fretag.png\",\"contentUrl\":\"https:\\\/\\\/lightweb.dev\\\/l\\\/svm-temp\\\/wp-content\\\/uploads\\\/2022\\\/04\\\/framgngssaga-vinodlingen-finca-del-ciprs-blev-teknologisk-park-med-600-fretag.png\",\"width\":280,\"height\":217},{\"@type\":\"BreadcrumbList\",\"@id\":\"https:\\\/\\\/lightweb.dev\\\/l\\\/svm-temp\\\/artiklar\\\/framgangssaga-vinodlingen-finca-del-cipres-blev-teknologisk-park-med-600-foretag\\\/#breadcrumb\",\"itemListElement\":[{\"@type\":\"ListItem\",\"position\":1,\"name\":\"Hem\",\"item\":\"https:\\\/\\\/lightweb.dev\\\/l\\\/svm-temp\\\/\"},{\"@type\":\"ListItem\",\"position\":2,\"name\":\"Framg\u00e5ngssaga: Vinodlingen \u201dfinca del Cipr\u00e9s\u201d blev teknologisk park med 600 f\u00f6retag\"}]},{\"@type\":\"WebSite\",\"@id\":\"https:\\\/\\\/lightweb.dev\\\/l\\\/svm-temp\\\/#website\",\"url\":\"https:\\\/\\\/lightweb.dev\\\/l\\\/svm-temp\\\/\",\"name\":\"Svenska Magasinet\",\"description\":\"Dina Spanska nyheter p&aring; Svenska\",\"publisher\":{\"@id\":\"https:\\\/\\\/lightweb.dev\\\/l\\\/svm-temp\\\/#organization\"},\"potentialAction\":[{\"@type\":\"SearchAction\",\"target\":{\"@type\":\"EntryPoint\",\"urlTemplate\":\"https:\\\/\\\/lightweb.dev\\\/l\\\/svm-temp\\\/?s={search_term_string}\"},\"query-input\":{\"@type\":\"PropertyValueSpecification\",\"valueRequired\":true,\"valueName\":\"search_term_string\"}}],\"inLanguage\":\"sv-SE\"},{\"@type\":\"Organization\",\"@id\":\"https:\\\/\\\/lightweb.dev\\\/l\\\/svm-temp\\\/#organization\",\"name\":\"Melkerson y Nott SL\",\"alternateName\":\"Svenska Magasinet\",\"url\":\"https:\\\/\\\/lightweb.dev\\\/l\\\/svm-temp\\\/\",\"logo\":{\"@type\":\"ImageObject\",\"inLanguage\":\"sv-SE\",\"@id\":\"https:\\\/\\\/lightweb.dev\\\/l\\\/svm-temp\\\/#\\\/schema\\\/logo\\\/image\\\/\",\"url\":\"https:\\\/\\\/lightweb.dev\\\/l\\\/svm-temp\\\/wp-content\\\/uploads\\\/2025\\\/02\\\/SvM-logo-Xtra-Centrerad-SVART.png\",\"contentUrl\":\"https:\\\/\\\/lightweb.dev\\\/l\\\/svm-temp\\\/wp-content\\\/uploads\\\/2025\\\/02\\\/SvM-logo-Xtra-Centrerad-SVART.png\",\"width\":300,\"height\":99,\"caption\":\"Melkerson y Nott SL\"},\"image\":{\"@id\":\"https:\\\/\\\/lightweb.dev\\\/l\\\/svm-temp\\\/#\\\/schema\\\/logo\\\/image\\\/\"},\"sameAs\":[\"https:\\\/\\\/www.facebook.com\\\/svenskamagasinet\",\"https:\\\/\\\/x.com\\\/SvenskaMagasine\"]},{\"@type\":\"Person\",\"@id\":\"https:\\\/\\\/lightweb.dev\\\/l\\\/svm-temp\\\/#\\\/schema\\\/person\\\/206a3bda5b607b0c25e1749191e4d837\",\"name\":\"Redaktionen SvM\",\"description\":\"Redaktionen\",\"sameAs\":[\"https:\\\/\\\/lightweb.dev\\\/l\\\/svm-temp\"],\"url\":\"https:\\\/\\\/lightweb.dev\\\/l\\\/svm-temp\\\/reporter\\\/redaktionen\\\/\"}]}<\/script>\n<!-- \/ Yoast SEO Premium plugin. -->","yoast_head_json":{"title":"Framg\u00e5ngssaga: Vinodlingen \u201dfinca del Cipr\u00e9s\u201d blev teknologisk park med 600 f\u00f6retag - Svenska Magasinet","robots":{"index":"noindex","follow":"follow","max-snippet":"max-snippet:-1","max-image-preview":"max-image-preview:large","max-video-preview":"max-video-preview:-1"},"og_locale":"sv_SE","og_type":"article","og_title":"Framg\u00e5ngssaga: Vinodlingen \u201dfinca del Cipr\u00e9s\u201d blev teknologisk park med 600 f\u00f6retag","og_description":"M\u00e1lagas teknologiska park eller Parque Tecnol\u00f3gico de Andaluc\u00eda (PTA) i f\u00f6rorten Campanillas firade nyligen 20 \u00e5r. Den 9 december 1992 invigdes anl\u00e4ggningen av Spaniens kungapar. Av Ola Josefsson Det var i mitten av 1980-talet som det b\u00f6rjade planeras f\u00f6r teknologiska parker i Spanien. Inspirationsk\u00e4llan hette Silicon Valley i Kalifornien och h\u00e4r i Europas b\u00e4sta klimat [&hellip;]","og_url":"https:\/\/lightweb.dev\/l\/svm-temp\/artiklar\/framgangssaga-vinodlingen-finca-del-cipres-blev-teknologisk-park-med-600-foretag\/","og_site_name":"Svenska Magasinet","article_publisher":"https:\/\/www.facebook.com\/svenskamagasinet","article_published_time":"2013-02-10T23:00:00+00:00","og_image":[{"width":280,"height":217,"url":"https:\/\/lightweb.dev\/l\/svm-temp\/wp-content\/uploads\/2022\/04\/framgngssaga-vinodlingen-finca-del-ciprs-blev-teknologisk-park-med-600-fretag.png","type":"image\/png"}],"author":"Redaktionen SvM","twitter_card":"summary_large_image","twitter_creator":"@SvenskaMagasine","twitter_site":"@SvenskaMagasine","schema":{"@context":"https:\/\/schema.org","@graph":[{"@type":"Article","@id":"https:\/\/lightweb.dev\/l\/svm-temp\/artiklar\/framgangssaga-vinodlingen-finca-del-cipres-blev-teknologisk-park-med-600-foretag\/#article","isPartOf":{"@id":"https:\/\/lightweb.dev\/l\/svm-temp\/artiklar\/framgangssaga-vinodlingen-finca-del-cipres-blev-teknologisk-park-med-600-foretag\/"},"author":{"name":"Redaktionen SvM","@id":"https:\/\/lightweb.dev\/l\/svm-temp\/#\/schema\/person\/206a3bda5b607b0c25e1749191e4d837"},"headline":"Framg\u00e5ngssaga: Vinodlingen \u201dfinca del Cipr\u00e9s\u201d blev teknologisk park med 600 f\u00f6retag","datePublished":"2013-02-10T23:00:00+00:00","mainEntityOfPage":{"@id":"https:\/\/lightweb.dev\/l\/svm-temp\/artiklar\/framgangssaga-vinodlingen-finca-del-cipres-blev-teknologisk-park-med-600-foretag\/"},"wordCount":1844,"commentCount":0,"publisher":{"@id":"https:\/\/lightweb.dev\/l\/svm-temp\/#organization"},"image":{"@id":"https:\/\/lightweb.dev\/l\/svm-temp\/artiklar\/framgangssaga-vinodlingen-finca-del-cipres-blev-teknologisk-park-med-600-foretag\/#primaryimage"},"thumbnailUrl":"https:\/\/lightweb.dev\/l\/svm-temp\/wp-content\/uploads\/2022\/04\/framgngssaga-vinodlingen-finca-del-ciprs-blev-teknologisk-park-med-600-fretag.png","articleSection":["Arkiv","Artiklar"],"inLanguage":"sv-SE"},{"@type":"WebPage","@id":"https:\/\/lightweb.dev\/l\/svm-temp\/artiklar\/framgangssaga-vinodlingen-finca-del-cipres-blev-teknologisk-park-med-600-foretag\/","url":"https:\/\/lightweb.dev\/l\/svm-temp\/artiklar\/framgangssaga-vinodlingen-finca-del-cipres-blev-teknologisk-park-med-600-foretag\/","name":"Framg\u00e5ngssaga: Vinodlingen \u201dfinca del Cipr\u00e9s\u201d blev teknologisk park med 600 f\u00f6retag - Svenska Magasinet","isPartOf":{"@id":"https:\/\/lightweb.dev\/l\/svm-temp\/#website"},"primaryImageOfPage":{"@id":"https:\/\/lightweb.dev\/l\/svm-temp\/artiklar\/framgangssaga-vinodlingen-finca-del-cipres-blev-teknologisk-park-med-600-foretag\/#primaryimage"},"image":{"@id":"https:\/\/lightweb.dev\/l\/svm-temp\/artiklar\/framgangssaga-vinodlingen-finca-del-cipres-blev-teknologisk-park-med-600-foretag\/#primaryimage"},"thumbnailUrl":"https:\/\/lightweb.dev\/l\/svm-temp\/wp-content\/uploads\/2022\/04\/framgngssaga-vinodlingen-finca-del-ciprs-blev-teknologisk-park-med-600-fretag.png","datePublished":"2013-02-10T23:00:00+00:00","breadcrumb":{"@id":"https:\/\/lightweb.dev\/l\/svm-temp\/artiklar\/framgangssaga-vinodlingen-finca-del-cipres-blev-teknologisk-park-med-600-foretag\/#breadcrumb"},"inLanguage":"sv-SE","potentialAction":[{"@type":"ReadAction","target":["https:\/\/lightweb.dev\/l\/svm-temp\/artiklar\/framgangssaga-vinodlingen-finca-del-cipres-blev-teknologisk-park-med-600-foretag\/"]}]},{"@type":"ImageObject","inLanguage":"sv-SE","@id":"https:\/\/lightweb.dev\/l\/svm-temp\/artiklar\/framgangssaga-vinodlingen-finca-del-cipres-blev-teknologisk-park-med-600-foretag\/#primaryimage","url":"https:\/\/lightweb.dev\/l\/svm-temp\/wp-content\/uploads\/2022\/04\/framgngssaga-vinodlingen-finca-del-ciprs-blev-teknologisk-park-med-600-fretag.png","contentUrl":"https:\/\/lightweb.dev\/l\/svm-temp\/wp-content\/uploads\/2022\/04\/framgngssaga-vinodlingen-finca-del-ciprs-blev-teknologisk-park-med-600-fretag.png","width":280,"height":217},{"@type":"BreadcrumbList","@id":"https:\/\/lightweb.dev\/l\/svm-temp\/artiklar\/framgangssaga-vinodlingen-finca-del-cipres-blev-teknologisk-park-med-600-foretag\/#breadcrumb","itemListElement":[{"@type":"ListItem","position":1,"name":"Hem","item":"https:\/\/lightweb.dev\/l\/svm-temp\/"},{"@type":"ListItem","position":2,"name":"Framg\u00e5ngssaga: Vinodlingen \u201dfinca del Cipr\u00e9s\u201d blev teknologisk park med 600 f\u00f6retag"}]},{"@type":"WebSite","@id":"https:\/\/lightweb.dev\/l\/svm-temp\/#website","url":"https:\/\/lightweb.dev\/l\/svm-temp\/","name":"Svenska Magasinet","description":"Dina Spanska nyheter p&aring; Svenska","publisher":{"@id":"https:\/\/lightweb.dev\/l\/svm-temp\/#organization"},"potentialAction":[{"@type":"SearchAction","target":{"@type":"EntryPoint","urlTemplate":"https:\/\/lightweb.dev\/l\/svm-temp\/?s={search_term_string}"},"query-input":{"@type":"PropertyValueSpecification","valueRequired":true,"valueName":"search_term_string"}}],"inLanguage":"sv-SE"},{"@type":"Organization","@id":"https:\/\/lightweb.dev\/l\/svm-temp\/#organization","name":"Melkerson y Nott SL","alternateName":"Svenska Magasinet","url":"https:\/\/lightweb.dev\/l\/svm-temp\/","logo":{"@type":"ImageObject","inLanguage":"sv-SE","@id":"https:\/\/lightweb.dev\/l\/svm-temp\/#\/schema\/logo\/image\/","url":"https:\/\/lightweb.dev\/l\/svm-temp\/wp-content\/uploads\/2025\/02\/SvM-logo-Xtra-Centrerad-SVART.png","contentUrl":"https:\/\/lightweb.dev\/l\/svm-temp\/wp-content\/uploads\/2025\/02\/SvM-logo-Xtra-Centrerad-SVART.png","width":300,"height":99,"caption":"Melkerson y Nott SL"},"image":{"@id":"https:\/\/lightweb.dev\/l\/svm-temp\/#\/schema\/logo\/image\/"},"sameAs":["https:\/\/www.facebook.com\/svenskamagasinet","https:\/\/x.com\/SvenskaMagasine"]},{"@type":"Person","@id":"https:\/\/lightweb.dev\/l\/svm-temp\/#\/schema\/person\/206a3bda5b607b0c25e1749191e4d837","name":"Redaktionen SvM","description":"Redaktionen","sameAs":["https:\/\/lightweb.dev\/l\/svm-temp"],"url":"https:\/\/lightweb.dev\/l\/svm-temp\/reporter\/redaktionen\/"}]}},"_links":{"self":[{"href":"https:\/\/lightweb.dev\/l\/svm-temp\/wp-json\/wp\/v2\/posts\/4424","targetHints":{"allow":["GET"]}}],"collection":[{"href":"https:\/\/lightweb.dev\/l\/svm-temp\/wp-json\/wp\/v2\/posts"}],"about":[{"href":"https:\/\/lightweb.dev\/l\/svm-temp\/wp-json\/wp\/v2\/types\/post"}],"author":[{"embeddable":true,"href":"https:\/\/lightweb.dev\/l\/svm-temp\/wp-json\/wp\/v2\/users\/8"}],"replies":[{"embeddable":true,"href":"https:\/\/lightweb.dev\/l\/svm-temp\/wp-json\/wp\/v2\/comments?post=4424"}],"version-history":[{"count":0,"href":"https:\/\/lightweb.dev\/l\/svm-temp\/wp-json\/wp\/v2\/posts\/4424\/revisions"}],"wp:featuredmedia":[{"embeddable":true,"href":"https:\/\/lightweb.dev\/l\/svm-temp\/wp-json\/wp\/v2\/media\/4425"}],"wp:attachment":[{"href":"https:\/\/lightweb.dev\/l\/svm-temp\/wp-json\/wp\/v2\/media?parent=4424"}],"wp:term":[{"taxonomy":"category","embeddable":true,"href":"https:\/\/lightweb.dev\/l\/svm-temp\/wp-json\/wp\/v2\/categories?post=4424"},{"taxonomy":"post_tag","embeddable":true,"href":"https:\/\/lightweb.dev\/l\/svm-temp\/wp-json\/wp\/v2\/tags?post=4424"}],"curies":[{"name":"wp","href":"https:\/\/api.w.org\/{rel}","templated":true}]}}