{"id":4426,"date":"2013-02-11T00:00:00","date_gmt":"2013-02-10T23:00:00","guid":{"rendered":"https:\/\/lightweb.dev\/l\/svm-temp\/djurens-vanner-amigos-de-animales-abandonados\/"},"modified":"2013-02-11T00:00:00","modified_gmt":"2013-02-10T23:00:00","slug":"djurens-vanner-amigos-de-animales-abandonados","status":"publish","type":"post","link":"https:\/\/lightweb.dev\/l\/svm-temp\/artiklar\/djurens-vanner-amigos-de-animales-abandonados\/","title":{"rendered":"Djurens v\u00e4nner &#8221;Amigos de Animales Abandonados&#8221;"},"content":{"rendered":"<p> Triple A \u00e4r en officiellt registrerad ideell organisation vars syfte \u00e4r att hj\u00e4lpa \u00f6vergivna och misshandlade djur med tillf\u00e4llig logi i v\u00e4ntan p\u00e5 adoption och ett permanent hem. F\u00f6rutom detta arbetar Triple A med att skapa en b\u00e4ttre framtid f\u00f6r djur genom att \u00f6ka allm\u00e4nhetens medvetenhet om korrekt behandling och v\u00e5rd av djur.<br \/>\nAv Katarina Lindevall<br \/>\nTriple A har just nu ca 350 hundar och 225 katter. Alla djur kastreras n\u00e4r dom anl\u00e4nder. Det finns f\u00f6r n\u00e4rvarande 4 personer som \u00e4r heltidsanst\u00e4llda ut\u00f6ver volont\u00e4rerna samt en veterin\u00e4r p\u00e5 plats. Kostnaderna varje m\u00e5nad f\u00f6r att h\u00e5lla ig\u00e5ng organisationen \u00f6verstiger 18.000 euro. Dessa pengar kommer fr\u00e5n donationer, medlemsavgifter och diverse evenemang som organiseras av medlemmarna. Marbellas kommunhus bidrar med 800 euro per m\u00e5nad.<br \/>\n&#8211; J\u00e4mf\u00f6r det med de 40.000 euro Marbella stad lade p\u00e5 juldekorationerna, s\u00e4ger Bettina, ordf\u00f6rande p\u00e5 Triple A sedan 2 \u00e5r tillbaka.<br \/>\nSvenska Magasinet har tr\u00e4ffat Jan Weima som \u00e4r en av grundarna till Triple A. Han ber\u00e4ttar hur man behandlade hundar och katter f\u00f6r cirka 30 \u00e5r sedan i Spanien P\u00e5 den tiden hade inte spanjorerna djur som husdjur. Man ans\u00e5g inte att hundar och katter hade n\u00e5got v\u00e4rde d\u00e5 dom inte kunde anv\u00e4ndas p\u00e5 n\u00e5got s\u00e4tt till exempel i jordbruksarbete.<br \/>\nDetta resulterade i ett \u00f6verfl\u00f6d av herrel\u00f6sa hundar och katter som inte var omh\u00e4ndertagna. Hundarna bar p\u00e5 diverse sjukdomar, bland annat Rabies, vilket skapade ytterligare en distans mellan hundar och inv\u00e5nare. Man brydde sig helt enkelt inte och Jan kommer ih\u00e5g hur det kunde ligga drivor med \u00f6verk\u00f6rda hundar l\u00e4ngs v\u00e4gkanterna i veckovis utan att n\u00e5gon brydde sig om att ens ta hand om kropparna.<br \/>\n1984 best\u00e4mde sig Jan tillsammans med en grupp icke spanjorer att starta CAS, Costa Animal Society. Till en b\u00f6rjan hade dom inga lokaler utan tog med hundarna hem i v\u00e4ntan p\u00e5 att adopteras till nya \u00e4gare. F\u00f6r att finansiera veterin\u00e4rbes\u00f6k och diverse kostnader f\u00f6r hundarna organiserades v\u00e4lg\u00f6renhetsevenemang och donationer mottogs, mestadels fr\u00e5n icke spanjorer som var nedflyttade p\u00e5 kusten fr\u00e5n diverse europeiska l\u00e4nder. Den ekonomiska krisen i och med gulfkrigets start 1990 gjorde att m\u00e5nga flyttade tillbaka hem till sina l\u00e4nder. Detta gjorde i sin tur att det inte kom in tillr\u00e4ckligt med donationer och pengar till CAS arbete med djuren.<\/p>\n<p>1992 blev organisationen officiell kallad Triple A. Problemet med lokal fortsatte tills Marbellas borgm\u00e4stare Jes\u00fas Gil donerade ett nedlagt slakthus d\u00e4r hundarna och katterna kunde f\u00f6rvaras. Ganska snart b\u00f6rjade hundarna bli sjuka och d\u00f6. Till en b\u00f6rjan kunde ingen f\u00f6rst\u00e5 varf\u00f6r alla dessa hundar pl\u00f6tsligt avled, framf\u00f6r allt valparna. Tills dom en dag f\u00f6rstod att hundarna slickade i sig gammalt blod i sprickor p\u00e5 golv och v\u00e4ggar. Blodet fanns kvar sedan den tiden d\u00e5 lokalerna hade fungerat som slakthus.<br \/>\n1995 skrevs tillslut ett 40 \u00e5rigt avtal med Marbellas kommunhus som innebar att Triple A fick anv\u00e4nda sig av mark och lokaler fr\u00e5n den gamla mineralutgr\u00e4vningen p\u00e5 v\u00e4gen mot Ojen. H\u00e4r ligger Triple A \u00e4n idag.<br \/>\nVarf\u00f6r tror du att just Spanien har s\u00e5dana problem med herrel\u00f6sa hundar?<br \/>\n&#8211; En av anledningarna \u00e4r att m\u00e5nga spanjorer inte tycker att man ska sterilisera ett djur. Det har s\u00e4kerligen med machokulturen att g\u00f6ra, s\u00e4ger Jan.<br \/>\n&#8211; Costa del Sol \u00e4r v\u00e4lbebygt men det finns mycket landsbygd och gott om sm\u00e5 fincor (hus) i bergen. M\u00e5nga anv\u00e4nder sig av vakthundar. Dom springer ofta p\u00e5 en lina fram och tillbaka utan uppsyn. Sedan smiter dom, och fortplantar sig snabbt. Under jakts\u00e4songen anv\u00e4nds hundar, men n\u00e4r s\u00e4songen \u00e4r \u00f6ver \u00f6verges hundarna om dom inte blir h\u00e4ngda, dr\u00e4nkta, skjutna eller kastade utf\u00f6r en ravin.<br \/>\nHur tycker du att man ska tackla problemet?<br \/>\n&#8211; Att m\u00e4nniskor t\u00e4nker efter innan dom k\u00f6per en hund fr\u00e5n en kennel. M\u00e5nga g\u00e5nger lever inte en tik l\u00e4ngre \u00e4n 5 \u00e5r d\u00e5 hon \u00e4r slut efter att ha f\u00e5tt s\u00e5 m\u00e5nga valpar. Adoptera en hund ist\u00e4llet, det finns s\u00e5 m\u00e5nga underbara hundar som v\u00e4ntar p\u00e5 ett k\u00e4rleksfullt hem. Sterilisering av hundar och katter \u00e4r ett m\u00e5ste.<br \/>\n&#8211; Jag tror ocks\u00e5 mycket p\u00e5 att utbilda och upplysa unga m\u00e4nniskor. Och jag har i m\u00e5nga \u00e5r \u00e5kt runt till skolor och h\u00e5llit f\u00f6redrag. Min stora dr\u00f6m \u00e4r att Triple A inte existerar n\u00e4sta \u00e5r. Det skulle betyda att m\u00e4nniskor har slutat att \u00f6verge sina djur\u00a8.<\/p>\n","protected":false},"excerpt":{"rendered":"<p>Triple A \u00e4r en officiellt registrerad ideell organisation vars syfte \u00e4r att hj\u00e4lpa \u00f6vergivna och misshandlade djur med tillf\u00e4llig logi i v\u00e4ntan p\u00e5 adoption och ett permanent hem. F\u00f6rutom detta arbetar Triple A med att skapa en b\u00e4ttre framtid f\u00f6r djur genom att \u00f6ka allm\u00e4nhetens medvetenhet om korrekt behandling och v\u00e5rd av djur. Av Katarina [&hellip;]<\/p>\n","protected":false},"author":8,"featured_media":4427,"comment_status":"open","ping_status":"open","sticky":false,"template":"","format":"standard","meta":{"_et_pb_use_builder":"","_et_pb_old_content":"","_et_gb_content_width":"","footnotes":""},"categories":[396,4],"tags":[],"class_list":["post-4426","post","type-post","status-publish","format-standard","has-post-thumbnail","hentry","category-arkiv-artiklar","category-artiklar"],"yoast_head":"<!-- This site is optimized with the Yoast SEO Premium plugin v26.2 (Yoast SEO v27.5) - https:\/\/yoast.com\/product\/yoast-seo-premium-wordpress\/ -->\n<title>Djurens v\u00e4nner &quot;Amigos de Animales Abandonados&quot; - Svenska Magasinet<\/title>\n<meta name=\"robots\" content=\"noindex, follow, max-snippet:-1, max-image-preview:large, max-video-preview:-1\" \/>\n<meta property=\"og:locale\" content=\"sv_SE\" \/>\n<meta property=\"og:type\" content=\"article\" \/>\n<meta property=\"og:title\" content=\"Djurens v\u00e4nner &quot;Amigos de Animales Abandonados&quot;\" \/>\n<meta property=\"og:description\" content=\"Triple A \u00e4r en officiellt registrerad ideell organisation vars syfte \u00e4r att hj\u00e4lpa \u00f6vergivna och misshandlade djur med tillf\u00e4llig logi i v\u00e4ntan p\u00e5 adoption och ett permanent hem. F\u00f6rutom detta arbetar Triple A med att skapa en b\u00e4ttre framtid f\u00f6r djur genom att \u00f6ka allm\u00e4nhetens medvetenhet om korrekt behandling och v\u00e5rd av djur. Av Katarina [&hellip;]\" \/>\n<meta property=\"og:url\" content=\"https:\/\/lightweb.dev\/l\/svm-temp\/artiklar\/djurens-vanner-amigos-de-animales-abandonados\/\" \/>\n<meta property=\"og:site_name\" content=\"Svenska Magasinet\" \/>\n<meta property=\"article:publisher\" content=\"https:\/\/www.facebook.com\/svenskamagasinet\" \/>\n<meta property=\"article:published_time\" content=\"2013-02-10T23:00:00+00:00\" \/>\n<meta property=\"og:image\" content=\"https:\/\/lightweb.dev\/l\/svm-temp\/wp-content\/uploads\/2022\/04\/djurens-vnner-amigos-de-animales-abandonados.png\" \/>\n\t<meta property=\"og:image:width\" content=\"280\" \/>\n\t<meta property=\"og:image:height\" content=\"210\" \/>\n\t<meta property=\"og:image:type\" content=\"image\/png\" \/>\n<meta name=\"author\" content=\"Redaktionen SvM\" \/>\n<meta name=\"twitter:card\" content=\"summary_large_image\" \/>\n<meta name=\"twitter:creator\" content=\"@SvenskaMagasine\" \/>\n<meta name=\"twitter:site\" content=\"@SvenskaMagasine\" \/>\n<script type=\"application\/ld+json\" class=\"yoast-schema-graph\">{\"@context\":\"https:\\\/\\\/schema.org\",\"@graph\":[{\"@type\":\"Article\",\"@id\":\"https:\\\/\\\/lightweb.dev\\\/l\\\/svm-temp\\\/artiklar\\\/djurens-vanner-amigos-de-animales-abandonados\\\/#article\",\"isPartOf\":{\"@id\":\"https:\\\/\\\/lightweb.dev\\\/l\\\/svm-temp\\\/artiklar\\\/djurens-vanner-amigos-de-animales-abandonados\\\/\"},\"author\":{\"name\":\"Redaktionen SvM\",\"@id\":\"https:\\\/\\\/lightweb.dev\\\/l\\\/svm-temp\\\/#\\\/schema\\\/person\\\/206a3bda5b607b0c25e1749191e4d837\"},\"headline\":\"Djurens v\u00e4nner &#8221;Amigos de Animales Abandonados&#8221;\",\"datePublished\":\"2013-02-10T23:00:00+00:00\",\"mainEntityOfPage\":{\"@id\":\"https:\\\/\\\/lightweb.dev\\\/l\\\/svm-temp\\\/artiklar\\\/djurens-vanner-amigos-de-animales-abandonados\\\/\"},\"wordCount\":806,\"commentCount\":0,\"publisher\":{\"@id\":\"https:\\\/\\\/lightweb.dev\\\/l\\\/svm-temp\\\/#organization\"},\"image\":{\"@id\":\"https:\\\/\\\/lightweb.dev\\\/l\\\/svm-temp\\\/artiklar\\\/djurens-vanner-amigos-de-animales-abandonados\\\/#primaryimage\"},\"thumbnailUrl\":\"https:\\\/\\\/lightweb.dev\\\/l\\\/svm-temp\\\/wp-content\\\/uploads\\\/2022\\\/04\\\/djurens-vnner-amigos-de-animales-abandonados.png\",\"articleSection\":[\"Arkiv\",\"Artiklar\"],\"inLanguage\":\"sv-SE\"},{\"@type\":\"WebPage\",\"@id\":\"https:\\\/\\\/lightweb.dev\\\/l\\\/svm-temp\\\/artiklar\\\/djurens-vanner-amigos-de-animales-abandonados\\\/\",\"url\":\"https:\\\/\\\/lightweb.dev\\\/l\\\/svm-temp\\\/artiklar\\\/djurens-vanner-amigos-de-animales-abandonados\\\/\",\"name\":\"Djurens v\u00e4nner \\\"Amigos de Animales Abandonados\\\" - Svenska Magasinet\",\"isPartOf\":{\"@id\":\"https:\\\/\\\/lightweb.dev\\\/l\\\/svm-temp\\\/#website\"},\"primaryImageOfPage\":{\"@id\":\"https:\\\/\\\/lightweb.dev\\\/l\\\/svm-temp\\\/artiklar\\\/djurens-vanner-amigos-de-animales-abandonados\\\/#primaryimage\"},\"image\":{\"@id\":\"https:\\\/\\\/lightweb.dev\\\/l\\\/svm-temp\\\/artiklar\\\/djurens-vanner-amigos-de-animales-abandonados\\\/#primaryimage\"},\"thumbnailUrl\":\"https:\\\/\\\/lightweb.dev\\\/l\\\/svm-temp\\\/wp-content\\\/uploads\\\/2022\\\/04\\\/djurens-vnner-amigos-de-animales-abandonados.png\",\"datePublished\":\"2013-02-10T23:00:00+00:00\",\"breadcrumb\":{\"@id\":\"https:\\\/\\\/lightweb.dev\\\/l\\\/svm-temp\\\/artiklar\\\/djurens-vanner-amigos-de-animales-abandonados\\\/#breadcrumb\"},\"inLanguage\":\"sv-SE\",\"potentialAction\":[{\"@type\":\"ReadAction\",\"target\":[\"https:\\\/\\\/lightweb.dev\\\/l\\\/svm-temp\\\/artiklar\\\/djurens-vanner-amigos-de-animales-abandonados\\\/\"]}]},{\"@type\":\"ImageObject\",\"inLanguage\":\"sv-SE\",\"@id\":\"https:\\\/\\\/lightweb.dev\\\/l\\\/svm-temp\\\/artiklar\\\/djurens-vanner-amigos-de-animales-abandonados\\\/#primaryimage\",\"url\":\"https:\\\/\\\/lightweb.dev\\\/l\\\/svm-temp\\\/wp-content\\\/uploads\\\/2022\\\/04\\\/djurens-vnner-amigos-de-animales-abandonados.png\",\"contentUrl\":\"https:\\\/\\\/lightweb.dev\\\/l\\\/svm-temp\\\/wp-content\\\/uploads\\\/2022\\\/04\\\/djurens-vnner-amigos-de-animales-abandonados.png\",\"width\":280,\"height\":210},{\"@type\":\"BreadcrumbList\",\"@id\":\"https:\\\/\\\/lightweb.dev\\\/l\\\/svm-temp\\\/artiklar\\\/djurens-vanner-amigos-de-animales-abandonados\\\/#breadcrumb\",\"itemListElement\":[{\"@type\":\"ListItem\",\"position\":1,\"name\":\"Hem\",\"item\":\"https:\\\/\\\/lightweb.dev\\\/l\\\/svm-temp\\\/\"},{\"@type\":\"ListItem\",\"position\":2,\"name\":\"Djurens v\u00e4nner &#8221;Amigos de Animales Abandonados&#8221;\"}]},{\"@type\":\"WebSite\",\"@id\":\"https:\\\/\\\/lightweb.dev\\\/l\\\/svm-temp\\\/#website\",\"url\":\"https:\\\/\\\/lightweb.dev\\\/l\\\/svm-temp\\\/\",\"name\":\"Svenska Magasinet\",\"description\":\"Dina Spanska nyheter p&aring; Svenska\",\"publisher\":{\"@id\":\"https:\\\/\\\/lightweb.dev\\\/l\\\/svm-temp\\\/#organization\"},\"potentialAction\":[{\"@type\":\"SearchAction\",\"target\":{\"@type\":\"EntryPoint\",\"urlTemplate\":\"https:\\\/\\\/lightweb.dev\\\/l\\\/svm-temp\\\/?s={search_term_string}\"},\"query-input\":{\"@type\":\"PropertyValueSpecification\",\"valueRequired\":true,\"valueName\":\"search_term_string\"}}],\"inLanguage\":\"sv-SE\"},{\"@type\":\"Organization\",\"@id\":\"https:\\\/\\\/lightweb.dev\\\/l\\\/svm-temp\\\/#organization\",\"name\":\"Melkerson y Nott SL\",\"alternateName\":\"Svenska Magasinet\",\"url\":\"https:\\\/\\\/lightweb.dev\\\/l\\\/svm-temp\\\/\",\"logo\":{\"@type\":\"ImageObject\",\"inLanguage\":\"sv-SE\",\"@id\":\"https:\\\/\\\/lightweb.dev\\\/l\\\/svm-temp\\\/#\\\/schema\\\/logo\\\/image\\\/\",\"url\":\"https:\\\/\\\/lightweb.dev\\\/l\\\/svm-temp\\\/wp-content\\\/uploads\\\/2025\\\/02\\\/SvM-logo-Xtra-Centrerad-SVART.png\",\"contentUrl\":\"https:\\\/\\\/lightweb.dev\\\/l\\\/svm-temp\\\/wp-content\\\/uploads\\\/2025\\\/02\\\/SvM-logo-Xtra-Centrerad-SVART.png\",\"width\":300,\"height\":99,\"caption\":\"Melkerson y Nott SL\"},\"image\":{\"@id\":\"https:\\\/\\\/lightweb.dev\\\/l\\\/svm-temp\\\/#\\\/schema\\\/logo\\\/image\\\/\"},\"sameAs\":[\"https:\\\/\\\/www.facebook.com\\\/svenskamagasinet\",\"https:\\\/\\\/x.com\\\/SvenskaMagasine\"]},{\"@type\":\"Person\",\"@id\":\"https:\\\/\\\/lightweb.dev\\\/l\\\/svm-temp\\\/#\\\/schema\\\/person\\\/206a3bda5b607b0c25e1749191e4d837\",\"name\":\"Redaktionen SvM\",\"description\":\"Redaktionen\",\"sameAs\":[\"https:\\\/\\\/lightweb.dev\\\/l\\\/svm-temp\"],\"url\":\"https:\\\/\\\/lightweb.dev\\\/l\\\/svm-temp\\\/reporter\\\/redaktionen\\\/\"}]}<\/script>\n<!-- \/ Yoast SEO Premium plugin. -->","yoast_head_json":{"title":"Djurens v\u00e4nner \"Amigos de Animales Abandonados\" - Svenska Magasinet","robots":{"index":"noindex","follow":"follow","max-snippet":"max-snippet:-1","max-image-preview":"max-image-preview:large","max-video-preview":"max-video-preview:-1"},"og_locale":"sv_SE","og_type":"article","og_title":"Djurens v\u00e4nner \"Amigos de Animales Abandonados\"","og_description":"Triple A \u00e4r en officiellt registrerad ideell organisation vars syfte \u00e4r att hj\u00e4lpa \u00f6vergivna och misshandlade djur med tillf\u00e4llig logi i v\u00e4ntan p\u00e5 adoption och ett permanent hem. F\u00f6rutom detta arbetar Triple A med att skapa en b\u00e4ttre framtid f\u00f6r djur genom att \u00f6ka allm\u00e4nhetens medvetenhet om korrekt behandling och v\u00e5rd av djur. Av Katarina [&hellip;]","og_url":"https:\/\/lightweb.dev\/l\/svm-temp\/artiklar\/djurens-vanner-amigos-de-animales-abandonados\/","og_site_name":"Svenska Magasinet","article_publisher":"https:\/\/www.facebook.com\/svenskamagasinet","article_published_time":"2013-02-10T23:00:00+00:00","og_image":[{"width":280,"height":210,"url":"https:\/\/lightweb.dev\/l\/svm-temp\/wp-content\/uploads\/2022\/04\/djurens-vnner-amigos-de-animales-abandonados.png","type":"image\/png"}],"author":"Redaktionen SvM","twitter_card":"summary_large_image","twitter_creator":"@SvenskaMagasine","twitter_site":"@SvenskaMagasine","schema":{"@context":"https:\/\/schema.org","@graph":[{"@type":"Article","@id":"https:\/\/lightweb.dev\/l\/svm-temp\/artiklar\/djurens-vanner-amigos-de-animales-abandonados\/#article","isPartOf":{"@id":"https:\/\/lightweb.dev\/l\/svm-temp\/artiklar\/djurens-vanner-amigos-de-animales-abandonados\/"},"author":{"name":"Redaktionen SvM","@id":"https:\/\/lightweb.dev\/l\/svm-temp\/#\/schema\/person\/206a3bda5b607b0c25e1749191e4d837"},"headline":"Djurens v\u00e4nner &#8221;Amigos de Animales Abandonados&#8221;","datePublished":"2013-02-10T23:00:00+00:00","mainEntityOfPage":{"@id":"https:\/\/lightweb.dev\/l\/svm-temp\/artiklar\/djurens-vanner-amigos-de-animales-abandonados\/"},"wordCount":806,"commentCount":0,"publisher":{"@id":"https:\/\/lightweb.dev\/l\/svm-temp\/#organization"},"image":{"@id":"https:\/\/lightweb.dev\/l\/svm-temp\/artiklar\/djurens-vanner-amigos-de-animales-abandonados\/#primaryimage"},"thumbnailUrl":"https:\/\/lightweb.dev\/l\/svm-temp\/wp-content\/uploads\/2022\/04\/djurens-vnner-amigos-de-animales-abandonados.png","articleSection":["Arkiv","Artiklar"],"inLanguage":"sv-SE"},{"@type":"WebPage","@id":"https:\/\/lightweb.dev\/l\/svm-temp\/artiklar\/djurens-vanner-amigos-de-animales-abandonados\/","url":"https:\/\/lightweb.dev\/l\/svm-temp\/artiklar\/djurens-vanner-amigos-de-animales-abandonados\/","name":"Djurens v\u00e4nner \"Amigos de Animales Abandonados\" - Svenska Magasinet","isPartOf":{"@id":"https:\/\/lightweb.dev\/l\/svm-temp\/#website"},"primaryImageOfPage":{"@id":"https:\/\/lightweb.dev\/l\/svm-temp\/artiklar\/djurens-vanner-amigos-de-animales-abandonados\/#primaryimage"},"image":{"@id":"https:\/\/lightweb.dev\/l\/svm-temp\/artiklar\/djurens-vanner-amigos-de-animales-abandonados\/#primaryimage"},"thumbnailUrl":"https:\/\/lightweb.dev\/l\/svm-temp\/wp-content\/uploads\/2022\/04\/djurens-vnner-amigos-de-animales-abandonados.png","datePublished":"2013-02-10T23:00:00+00:00","breadcrumb":{"@id":"https:\/\/lightweb.dev\/l\/svm-temp\/artiklar\/djurens-vanner-amigos-de-animales-abandonados\/#breadcrumb"},"inLanguage":"sv-SE","potentialAction":[{"@type":"ReadAction","target":["https:\/\/lightweb.dev\/l\/svm-temp\/artiklar\/djurens-vanner-amigos-de-animales-abandonados\/"]}]},{"@type":"ImageObject","inLanguage":"sv-SE","@id":"https:\/\/lightweb.dev\/l\/svm-temp\/artiklar\/djurens-vanner-amigos-de-animales-abandonados\/#primaryimage","url":"https:\/\/lightweb.dev\/l\/svm-temp\/wp-content\/uploads\/2022\/04\/djurens-vnner-amigos-de-animales-abandonados.png","contentUrl":"https:\/\/lightweb.dev\/l\/svm-temp\/wp-content\/uploads\/2022\/04\/djurens-vnner-amigos-de-animales-abandonados.png","width":280,"height":210},{"@type":"BreadcrumbList","@id":"https:\/\/lightweb.dev\/l\/svm-temp\/artiklar\/djurens-vanner-amigos-de-animales-abandonados\/#breadcrumb","itemListElement":[{"@type":"ListItem","position":1,"name":"Hem","item":"https:\/\/lightweb.dev\/l\/svm-temp\/"},{"@type":"ListItem","position":2,"name":"Djurens v\u00e4nner &#8221;Amigos de Animales Abandonados&#8221;"}]},{"@type":"WebSite","@id":"https:\/\/lightweb.dev\/l\/svm-temp\/#website","url":"https:\/\/lightweb.dev\/l\/svm-temp\/","name":"Svenska Magasinet","description":"Dina Spanska nyheter p&aring; Svenska","publisher":{"@id":"https:\/\/lightweb.dev\/l\/svm-temp\/#organization"},"potentialAction":[{"@type":"SearchAction","target":{"@type":"EntryPoint","urlTemplate":"https:\/\/lightweb.dev\/l\/svm-temp\/?s={search_term_string}"},"query-input":{"@type":"PropertyValueSpecification","valueRequired":true,"valueName":"search_term_string"}}],"inLanguage":"sv-SE"},{"@type":"Organization","@id":"https:\/\/lightweb.dev\/l\/svm-temp\/#organization","name":"Melkerson y Nott SL","alternateName":"Svenska Magasinet","url":"https:\/\/lightweb.dev\/l\/svm-temp\/","logo":{"@type":"ImageObject","inLanguage":"sv-SE","@id":"https:\/\/lightweb.dev\/l\/svm-temp\/#\/schema\/logo\/image\/","url":"https:\/\/lightweb.dev\/l\/svm-temp\/wp-content\/uploads\/2025\/02\/SvM-logo-Xtra-Centrerad-SVART.png","contentUrl":"https:\/\/lightweb.dev\/l\/svm-temp\/wp-content\/uploads\/2025\/02\/SvM-logo-Xtra-Centrerad-SVART.png","width":300,"height":99,"caption":"Melkerson y Nott SL"},"image":{"@id":"https:\/\/lightweb.dev\/l\/svm-temp\/#\/schema\/logo\/image\/"},"sameAs":["https:\/\/www.facebook.com\/svenskamagasinet","https:\/\/x.com\/SvenskaMagasine"]},{"@type":"Person","@id":"https:\/\/lightweb.dev\/l\/svm-temp\/#\/schema\/person\/206a3bda5b607b0c25e1749191e4d837","name":"Redaktionen SvM","description":"Redaktionen","sameAs":["https:\/\/lightweb.dev\/l\/svm-temp"],"url":"https:\/\/lightweb.dev\/l\/svm-temp\/reporter\/redaktionen\/"}]}},"_links":{"self":[{"href":"https:\/\/lightweb.dev\/l\/svm-temp\/wp-json\/wp\/v2\/posts\/4426","targetHints":{"allow":["GET"]}}],"collection":[{"href":"https:\/\/lightweb.dev\/l\/svm-temp\/wp-json\/wp\/v2\/posts"}],"about":[{"href":"https:\/\/lightweb.dev\/l\/svm-temp\/wp-json\/wp\/v2\/types\/post"}],"author":[{"embeddable":true,"href":"https:\/\/lightweb.dev\/l\/svm-temp\/wp-json\/wp\/v2\/users\/8"}],"replies":[{"embeddable":true,"href":"https:\/\/lightweb.dev\/l\/svm-temp\/wp-json\/wp\/v2\/comments?post=4426"}],"version-history":[{"count":0,"href":"https:\/\/lightweb.dev\/l\/svm-temp\/wp-json\/wp\/v2\/posts\/4426\/revisions"}],"wp:featuredmedia":[{"embeddable":true,"href":"https:\/\/lightweb.dev\/l\/svm-temp\/wp-json\/wp\/v2\/media\/4427"}],"wp:attachment":[{"href":"https:\/\/lightweb.dev\/l\/svm-temp\/wp-json\/wp\/v2\/media?parent=4426"}],"wp:term":[{"taxonomy":"category","embeddable":true,"href":"https:\/\/lightweb.dev\/l\/svm-temp\/wp-json\/wp\/v2\/categories?post=4426"},{"taxonomy":"post_tag","embeddable":true,"href":"https:\/\/lightweb.dev\/l\/svm-temp\/wp-json\/wp\/v2\/tags?post=4426"}],"curies":[{"name":"wp","href":"https:\/\/api.w.org\/{rel}","templated":true}]}}