{"id":4430,"date":"2013-01-10T00:00:00","date_gmt":"2013-01-09T23:00:00","guid":{"rendered":"https:\/\/lightweb.dev\/l\/svm-temp\/robert-wells-gar-i-charlie-normans-fotspar-och-sparen-leder-till-solkusten\/"},"modified":"2013-01-10T00:00:00","modified_gmt":"2013-01-09T23:00:00","slug":"robert-wells-gar-i-charlie-normans-fotspar-och-sparen-leder-till-solkusten","status":"publish","type":"post","link":"https:\/\/lightweb.dev\/l\/svm-temp\/artiklar\/robert-wells-gar-i-charlie-normans-fotspar-och-sparen-leder-till-solkusten\/","title":{"rendered":"Robert Wells g\u00e5r i Charlie Normans fotsp\u00e5r \u2013 och sp\u00e5ren leder till Solkusten"},"content":{"rendered":"<p> Charlie Norman g\u00e4stade Spanien och Solkusten vid flera tillf\u00e4llen. Robert som 2011 fick Charlie Normans hederspris presenterar i februari sin show \u201dA tribute to Charlie\u201d p\u00e5 Solkusten. Ola Josefsson<br \/>\nIfjol, 2012, bel\u00f6nades pianisten, komposit\u00f6ren och entertainern Robert Wells med H. M. Konungens medalj i \u00e5ttonde storleken i h\u00f6gbl\u00e5tt band f\u00f6r framst\u00e5ende konstn\u00e4rliga insatser som entrepren\u00f6r inom kultursektorn.<br \/>\n&#8211; Det k\u00e4ndes stort, s\u00e4ger Robert Wells.<br \/>\nI v\u00e5r ska Robert Wells hylla sin mentor och kollega, pianisten Charlie Norman som gick bort 2005. Det blir Spaniensvenskarna som blir f\u00f6rst med att se och h\u00f6ra \u201dA tribute to Charlie\u201d med Robert Wells som bildar trio tillsammans med Lars Risberg och Roine Johansson. Premi\u00e4ren blir i Teatro Las Lagunas i Mijas den 17 februari.<br \/>\nOch det \u00e4r n\u00e5got som Robert Wells ser fram emot.<br \/>\n&#8211; Det Charlie stod f\u00f6r var en varm humoristisk st\u00e4mning med h\u00f6g klass, s\u00e5 l\u00e5ngt fr\u00e5n dagens attityder man kan komma. Faktum \u00e4r att vi inledde v\u00e5rt samarbete i Spanien. Jag spelade p\u00e5 Gran Canaria i b\u00f6rjan p\u00e5 90-talet, det var d\u00e4r jag tr\u00e4ffade Charlie. Jag vet att han spelade vid flera tillf\u00e4llen p\u00e5 Costa del Sol. D\u00e4rf\u00f6r k\u00e4nns det riktigt bra att inleda turn\u00e9n d\u00e4r, s\u00e4ger Robert Wells i en intervju i Svenska Magasinet.<br \/>\nVi n\u00e5r Robert p\u00e5 telefon strax f\u00f6re jul. \u201dEtt \u00f6gonblick, kan jag ringa upp om en kvart. Jag ska bara avsluta min sj\u00e4tte lektion i kinesiska\u201d.<br \/>\n&#8211; Jag har varit 47 g\u00e5nger i Kina och nu n\u00e4rmast blir jag ny\u00e5rsv\u00e4rd i kinesisk tv under tre och en halv timme inf\u00f6r n\u00e5gra 100 miljoner tv-tittare. Trots alla bes\u00f6k i landet har jag inte h\u00e4ngt med i spr\u00e5ket, n\u00e5got som jag titt som t\u00e4tt f\u00e5r h\u00f6ra. Du f\u00e5r f\u00f6rs\u00f6ka b\u00f6rja l\u00e4ra dig spr\u00e5ket n\u00e4r du har varit h\u00e4r s\u00e5 ofta&#8230;<br \/>\nDet har blivit flera tunga uppdrag i Kina och jobb med n\u00e5gra av de st\u00f6rsta. Bland annat har Robert Wells spelat p\u00e5 en vit flygel p\u00e5 kinesiska muren (se Youtube och s\u00f6k p\u00e5 china moon remix). Karri\u00e4ren i Kina har inneburit att Robert Wells sedan 2005 \u00e4r professor i musik i Hangzhou. 2008 skrev han musik till OS i Peking och han framtr\u00e4dde p\u00e5 Kinas motsvarighet till Oscarsgalan som enda v\u00e4sterl\u00e4nning.<\/p>\n<p>-D\u00e4r var en r\u00f6d matta som m\u00e4tte 300 meter&#8230;<br \/>\nNu har Robert best\u00e4mt sig att plugga kinesiska.<br \/>\n&#8211; Spr\u00e5kmelodin \u00e4r inte den enklaste. De kastar om orden&#8230;<br \/>\nEfter Kina\u00e4ventyret v\u00e4ntar turn\u00e9n \u201dA tribute to Charlie\u201d med premi\u00e4r p\u00e5 den spanska Solkusten innan forts\u00e4ttning f\u00f6ljer i Sverige under v\u00e5ren. Charlie Norman kom att inspirera Robert Wells tidigt.<br \/>\n&#8211; Jag var \u00e5tta \u00e5r n\u00e4r jag fick Charlies f\u00f6rsta platta d\u00e4r han satt med en cigg och en \u00f6l vid pianot. Han hade en egen speciell stil. Under 14 \u00e5r jobbade vi ihop och l\u00e4rde k\u00e4nna varandra p\u00e5 riktigt. Jag har gjort m\u00e5nga gigantiska turn\u00e9er med mycket utrustning. Nu vill jag ta ett nytt varv och g\u00f6ra det som Charlie stod f\u00f6r, spela och komma n\u00e4ra publiken.<br \/>\nDet \u00e4r de sm\u00e5 intima framtr\u00e4danden som lockar mest. Han har tidigare turnerat i kyrkor med Sofia K\u00e4llgren, och f\u00f6rs\u00f6ker leva upp till sina gamla idolers ideal om \u201dold time entertainment\u201d (l\u00e4s Charlie Norman).<br \/>\nInf\u00f6r sin 50-\u00e5rsdag sa Robert Wells i en intervju f\u00f6r TT-Spektra:<br \/>\n\u201dJag har alltid haft en gammal sj\u00e4l. Jag \u00e4lskade, och \u00e4lskar fortfarande, Victor Borge och Charlie Norman. Jag vill underh\u00e5lla p\u00e5 ett v\u00e4rdigt s\u00e4tt, n\u00e4r man jobbar n\u00e4ra publiken och \u00e4r sig sj\u00e4lv p\u00e5 scenen, utan skrivna mellansnack.<br \/>\nIngen musiksnobb allts\u00e5. Robert Wells ogillar uppdelningen mellan fint och fult inom musiken.\u201dDet \u00e4r f\u00e5 som fattar hur sv\u00e5rt det \u00e4r att spela boogie woogie p\u00e5 r\u00e4tt s\u00e4tt.\u201d<br \/>\nDet \u00e4r n\u00e4stan 25 \u00e5r sedan Robert och Charlie spelade hos Kjell L\u00f6nn\u00e5. De satt vid tv\u00e5 flyglar, sedan satte det fart och de blev \u201dden gamle och h\u00e5ret\u201d. N\u00e4r Robert var 28 \u00e5r var Charlie 70, de gjorde 28 spelningar p\u00e5 30 dagar. N\u00e4r Robert spelade p\u00e5 Ullevi blev Charlie Norman inbjuden att spela med. Det slutade med st\u00e5ende ovationer fr\u00e5n en publik p\u00e5 43.000 personer.<br \/>\n&#8211; Charlie har betytt s\u00e5 mycket f\u00f6r mig. Han var sig sj\u00e4lv p\u00e5 riktigt.<br \/>\nDet kommer att bli en bred repertoar vid hyllningsf\u00f6rest\u00e4llningen p\u00e5 Solkusten med skandinaviskt material.<br \/>\n&#8211; Och vi ska spela Anitras dans, lovar Robert Svenska Magasinets l\u00e4sare.<br \/>\nDet var 1949 som Charlie Norman hamnade i bl\u00e5sv\u00e4der n\u00e4r han gjorde om Edward Griegs klassiska Anitras dans till Anitras Dance Boogie. Grieg-stiftelsen i Norge protesterade och skivbolaget Metronome fick dra in den \u00e5terst\u00e5ende upplagan. Men d\u00e5 hade skivan redan s\u00e5lts i 10.000 exemplar. Den kolossalt sv\u00e4ngiga Anitras Dance Boogie kom sedan att bli en av de mest \u00f6nskade melodierna i Charlies repertoar och den finns med under turn\u00e9n \u201dA tribute to Charlie\u201d.<br \/>\nRobert Wells som fyllde 50 \u00e5r ifjol \u00e4r utbildad vid Adolf Fredriks Musikskola och Kungliga Musikh\u00f6gskolan i Stockholm. P\u00e5 90-talet blev det n\u00e5gra golfrundor p\u00e5 Solkusten men spelningen i Mijas blir den f\u00f6rsta. Han har tidigare upptr\u00e4tt vid v\u00e4rldsutst\u00e4llningen Expo i Sevilla och p\u00e5 ambassaden i Madrid.<\/p>\n<p>En sak som jag alltid har undrat; som framg\u00e5ngsrik pianist, f\u00f6rs\u00e4krar du fingrarna?<br \/>\n&#8211; Nej, absolut inte. Det \u00e4r inga s\u00e5dana konstigheter. D\u00e4remot st\u00e5r jag helst inte och spikar eller sk\u00e4r med knivar. S\u00e5dant h\u00e5ller jag mig undan, precis som att inte heller \u00e5ka skridsko, det \u00e4r l\u00e4tt att bryta b\u00e5tbenet.<br \/>\nDu har med dig Lars Risberg och Roine Johansson till Solkusten?<br \/>\n&#8211; Vi har spelat ihop i m\u00e5nga \u00e5r och de var med under Rhapsody in Rock. Vi trivs med varandra. N\u00e5gon fast l\u00e5tlista beh\u00f6ver inte skrivas, vi improviserar och det brukar vara helt \u00f6ppet n\u00e4r vi har v\u00e5ra konserter. \u00c4r vi i Mijas \u00e4r vi d\u00e4r och ingen annanstans.<br \/>\nDet blir en intim och musikalisk kv\u00e4ll av h\u00f6gsta klass, fylld av humor och h\u00e4rliga historier blandat med jazz, swing och boogie-woogie. Robert Wells har planer p\u00e5 att skaffa sig n\u00e5got i v\u00e4rmen.<br \/>\n&#8211; Min dr\u00f6m \u00e4r att hitta ett st\u00e4lle och vara d\u00e4r under tv\u00e5 m\u00e5nader om \u00e5ret. Bjuda ner n\u00e5gra artister och k\u00f6ra spelningar.<br \/>\nEfter Mijas forts\u00e4tter Robert Wells med turn\u00e9n i Sverige d\u00e4r Trollh\u00e4ttan st\u00e5r f\u00f6rst p\u00e5 tur den 21 februari. Wells kommer \u00e4ven att spela i London 21-24 maj. Klart \u00e4r ocks\u00e5 att Robert Wells blir VM-ambassad\u00f6r i samband med ishockey-VM i Stockholm i maj. Robert Wells har specialkomponerat en VM-ouvertyr som kommer att anv\u00e4ndas hela v\u00e4gen fram till maj.<br \/>\n&#8211; Jag \u00e4r uppvuxen i Huvudsta, Solna d\u00e4r det fanns ett stort intresse f\u00f6r ishockey. Jag h\u00e4ngde p\u00e5 Hovet n\u00e4r jag inte \u00f6vade piano och s\u00e5g ishockey redan 1970 n\u00e4r Sven Tumba gjorde sin spektakul\u00e4ra entr\u00e9. N\u00e4r det nu \u00e4r dags f\u00f6r ishockey-VM p\u00e5 hemmaplan \u00e4r det sj\u00e4lvklart att jag st\u00e4ller upp som VM-ambassad\u00f6r, s\u00e4ger Robert Wells.<br \/>\n&#8211; Kul och bidra med n\u00e5got musikaliskt och s\u00e5 har jag f\u00e5tt min egen hockeytr\u00f6ja, det k\u00e4nns h\u00e4ftigt, s\u00e4ger Robert som \u00e4ven skrev ouvertyren till Hockey-VM 2002.<br \/>\nF\u00f6re Kinaresan och Costa del Sol blev det julfirande i S\u00e4ffle. Inget vanligt julfirande.<br \/>\n&#8211; Min fru \u00e4r fr\u00e5n S\u00e4ffle och tillsammans med hennes gamla v\u00e4nner kl\u00e4r vi ut oss till tomtar och bes\u00f6ker \u00e5lderdomshem. Det brukar bli sju timmar, gaget \u00e4r risgrynsgr\u00f6t&#8230;<\/p>\n","protected":false},"excerpt":{"rendered":"<p>Charlie Norman g\u00e4stade Spanien och Solkusten vid flera tillf\u00e4llen. Robert som 2011 fick Charlie Normans hederspris presenterar i februari sin show \u201dA tribute to Charlie\u201d p\u00e5 Solkusten. Ola Josefsson Ifjol, 2012, bel\u00f6nades pianisten, komposit\u00f6ren och entertainern Robert Wells med H. M. Konungens medalj i \u00e5ttonde storleken i h\u00f6gbl\u00e5tt band f\u00f6r framst\u00e5ende konstn\u00e4rliga insatser som entrepren\u00f6r [&hellip;]<\/p>\n","protected":false},"author":8,"featured_media":4431,"comment_status":"open","ping_status":"open","sticky":false,"template":"","format":"standard","meta":{"_et_pb_use_builder":"","_et_pb_old_content":"","_et_gb_content_width":"","footnotes":""},"categories":[4,45],"tags":[],"class_list":["post-4430","post","type-post","status-publish","format-standard","has-post-thumbnail","hentry","category-artiklar","category-kultur"],"yoast_head":"<!-- This site is optimized with the Yoast SEO Premium plugin v26.2 (Yoast SEO v27.5) - https:\/\/yoast.com\/product\/yoast-seo-premium-wordpress\/ -->\n<title>Robert Wells g\u00e5r i Charlie Normans fotsp\u00e5r \u2013 och sp\u00e5ren leder till Solkusten - Svenska Magasinet<\/title>\n<meta name=\"robots\" content=\"noindex, follow, max-snippet:-1, max-image-preview:large, max-video-preview:-1\" \/>\n<meta property=\"og:locale\" content=\"sv_SE\" \/>\n<meta property=\"og:type\" content=\"article\" \/>\n<meta property=\"og:title\" content=\"Robert Wells g\u00e5r i Charlie Normans fotsp\u00e5r \u2013 och sp\u00e5ren leder till Solkusten\" \/>\n<meta property=\"og:description\" content=\"Charlie Norman g\u00e4stade Spanien och Solkusten vid flera tillf\u00e4llen. Robert som 2011 fick Charlie Normans hederspris presenterar i februari sin show \u201dA tribute to Charlie\u201d p\u00e5 Solkusten. Ola Josefsson Ifjol, 2012, bel\u00f6nades pianisten, komposit\u00f6ren och entertainern Robert Wells med H. M. Konungens medalj i \u00e5ttonde storleken i h\u00f6gbl\u00e5tt band f\u00f6r framst\u00e5ende konstn\u00e4rliga insatser som entrepren\u00f6r [&hellip;]\" \/>\n<meta property=\"og:url\" content=\"https:\/\/lightweb.dev\/l\/svm-temp\/artiklar\/robert-wells-gar-i-charlie-normans-fotspar-och-sparen-leder-till-solkusten\/\" \/>\n<meta property=\"og:site_name\" content=\"Svenska Magasinet\" \/>\n<meta property=\"article:publisher\" content=\"https:\/\/www.facebook.com\/svenskamagasinet\" \/>\n<meta property=\"article:published_time\" content=\"2013-01-09T23:00:00+00:00\" \/>\n<meta property=\"og:image\" content=\"https:\/\/lightweb.dev\/l\/svm-temp\/wp-content\/uploads\/2022\/04\/robert-wells-gr-i-charlie-normans-fotspr-och-spren-leder-till-solkusten.png\" \/>\n\t<meta property=\"og:image:width\" content=\"301\" \/>\n\t<meta property=\"og:image:height\" content=\"200\" \/>\n\t<meta property=\"og:image:type\" content=\"image\/png\" \/>\n<meta name=\"author\" content=\"Redaktionen SvM\" \/>\n<meta name=\"twitter:card\" content=\"summary_large_image\" \/>\n<meta name=\"twitter:creator\" content=\"@SvenskaMagasine\" \/>\n<meta name=\"twitter:site\" content=\"@SvenskaMagasine\" \/>\n<script type=\"application\/ld+json\" class=\"yoast-schema-graph\">{\"@context\":\"https:\\\/\\\/schema.org\",\"@graph\":[{\"@type\":\"Article\",\"@id\":\"https:\\\/\\\/lightweb.dev\\\/l\\\/svm-temp\\\/artiklar\\\/robert-wells-gar-i-charlie-normans-fotspar-och-sparen-leder-till-solkusten\\\/#article\",\"isPartOf\":{\"@id\":\"https:\\\/\\\/lightweb.dev\\\/l\\\/svm-temp\\\/artiklar\\\/robert-wells-gar-i-charlie-normans-fotspar-och-sparen-leder-till-solkusten\\\/\"},\"author\":{\"name\":\"Redaktionen SvM\",\"@id\":\"https:\\\/\\\/lightweb.dev\\\/l\\\/svm-temp\\\/#\\\/schema\\\/person\\\/206a3bda5b607b0c25e1749191e4d837\"},\"headline\":\"Robert Wells g\u00e5r i Charlie Normans fotsp\u00e5r \u2013 och sp\u00e5ren leder till Solkusten\",\"datePublished\":\"2013-01-09T23:00:00+00:00\",\"mainEntityOfPage\":{\"@id\":\"https:\\\/\\\/lightweb.dev\\\/l\\\/svm-temp\\\/artiklar\\\/robert-wells-gar-i-charlie-normans-fotspar-och-sparen-leder-till-solkusten\\\/\"},\"wordCount\":1366,\"commentCount\":0,\"publisher\":{\"@id\":\"https:\\\/\\\/lightweb.dev\\\/l\\\/svm-temp\\\/#organization\"},\"image\":{\"@id\":\"https:\\\/\\\/lightweb.dev\\\/l\\\/svm-temp\\\/artiklar\\\/robert-wells-gar-i-charlie-normans-fotspar-och-sparen-leder-till-solkusten\\\/#primaryimage\"},\"thumbnailUrl\":\"https:\\\/\\\/lightweb.dev\\\/l\\\/svm-temp\\\/wp-content\\\/uploads\\\/2022\\\/04\\\/robert-wells-gr-i-charlie-normans-fotspr-och-spren-leder-till-solkusten.png\",\"articleSection\":[\"Artiklar\",\"Kultur &amp; historia\"],\"inLanguage\":\"sv-SE\"},{\"@type\":\"WebPage\",\"@id\":\"https:\\\/\\\/lightweb.dev\\\/l\\\/svm-temp\\\/artiklar\\\/robert-wells-gar-i-charlie-normans-fotspar-och-sparen-leder-till-solkusten\\\/\",\"url\":\"https:\\\/\\\/lightweb.dev\\\/l\\\/svm-temp\\\/artiklar\\\/robert-wells-gar-i-charlie-normans-fotspar-och-sparen-leder-till-solkusten\\\/\",\"name\":\"Robert Wells g\u00e5r i Charlie Normans fotsp\u00e5r \u2013 och sp\u00e5ren leder till Solkusten - Svenska Magasinet\",\"isPartOf\":{\"@id\":\"https:\\\/\\\/lightweb.dev\\\/l\\\/svm-temp\\\/#website\"},\"primaryImageOfPage\":{\"@id\":\"https:\\\/\\\/lightweb.dev\\\/l\\\/svm-temp\\\/artiklar\\\/robert-wells-gar-i-charlie-normans-fotspar-och-sparen-leder-till-solkusten\\\/#primaryimage\"},\"image\":{\"@id\":\"https:\\\/\\\/lightweb.dev\\\/l\\\/svm-temp\\\/artiklar\\\/robert-wells-gar-i-charlie-normans-fotspar-och-sparen-leder-till-solkusten\\\/#primaryimage\"},\"thumbnailUrl\":\"https:\\\/\\\/lightweb.dev\\\/l\\\/svm-temp\\\/wp-content\\\/uploads\\\/2022\\\/04\\\/robert-wells-gr-i-charlie-normans-fotspr-och-spren-leder-till-solkusten.png\",\"datePublished\":\"2013-01-09T23:00:00+00:00\",\"breadcrumb\":{\"@id\":\"https:\\\/\\\/lightweb.dev\\\/l\\\/svm-temp\\\/artiklar\\\/robert-wells-gar-i-charlie-normans-fotspar-och-sparen-leder-till-solkusten\\\/#breadcrumb\"},\"inLanguage\":\"sv-SE\",\"potentialAction\":[{\"@type\":\"ReadAction\",\"target\":[\"https:\\\/\\\/lightweb.dev\\\/l\\\/svm-temp\\\/artiklar\\\/robert-wells-gar-i-charlie-normans-fotspar-och-sparen-leder-till-solkusten\\\/\"]}]},{\"@type\":\"ImageObject\",\"inLanguage\":\"sv-SE\",\"@id\":\"https:\\\/\\\/lightweb.dev\\\/l\\\/svm-temp\\\/artiklar\\\/robert-wells-gar-i-charlie-normans-fotspar-och-sparen-leder-till-solkusten\\\/#primaryimage\",\"url\":\"https:\\\/\\\/lightweb.dev\\\/l\\\/svm-temp\\\/wp-content\\\/uploads\\\/2022\\\/04\\\/robert-wells-gr-i-charlie-normans-fotspr-och-spren-leder-till-solkusten.png\",\"contentUrl\":\"https:\\\/\\\/lightweb.dev\\\/l\\\/svm-temp\\\/wp-content\\\/uploads\\\/2022\\\/04\\\/robert-wells-gr-i-charlie-normans-fotspr-och-spren-leder-till-solkusten.png\",\"width\":301,\"height\":200},{\"@type\":\"BreadcrumbList\",\"@id\":\"https:\\\/\\\/lightweb.dev\\\/l\\\/svm-temp\\\/artiklar\\\/robert-wells-gar-i-charlie-normans-fotspar-och-sparen-leder-till-solkusten\\\/#breadcrumb\",\"itemListElement\":[{\"@type\":\"ListItem\",\"position\":1,\"name\":\"Hem\",\"item\":\"https:\\\/\\\/lightweb.dev\\\/l\\\/svm-temp\\\/\"},{\"@type\":\"ListItem\",\"position\":2,\"name\":\"Robert Wells g\u00e5r i Charlie Normans fotsp\u00e5r \u2013 och sp\u00e5ren leder till Solkusten\"}]},{\"@type\":\"WebSite\",\"@id\":\"https:\\\/\\\/lightweb.dev\\\/l\\\/svm-temp\\\/#website\",\"url\":\"https:\\\/\\\/lightweb.dev\\\/l\\\/svm-temp\\\/\",\"name\":\"Svenska Magasinet\",\"description\":\"Dina Spanska nyheter p&aring; Svenska\",\"publisher\":{\"@id\":\"https:\\\/\\\/lightweb.dev\\\/l\\\/svm-temp\\\/#organization\"},\"potentialAction\":[{\"@type\":\"SearchAction\",\"target\":{\"@type\":\"EntryPoint\",\"urlTemplate\":\"https:\\\/\\\/lightweb.dev\\\/l\\\/svm-temp\\\/?s={search_term_string}\"},\"query-input\":{\"@type\":\"PropertyValueSpecification\",\"valueRequired\":true,\"valueName\":\"search_term_string\"}}],\"inLanguage\":\"sv-SE\"},{\"@type\":\"Organization\",\"@id\":\"https:\\\/\\\/lightweb.dev\\\/l\\\/svm-temp\\\/#organization\",\"name\":\"Melkerson y Nott SL\",\"alternateName\":\"Svenska Magasinet\",\"url\":\"https:\\\/\\\/lightweb.dev\\\/l\\\/svm-temp\\\/\",\"logo\":{\"@type\":\"ImageObject\",\"inLanguage\":\"sv-SE\",\"@id\":\"https:\\\/\\\/lightweb.dev\\\/l\\\/svm-temp\\\/#\\\/schema\\\/logo\\\/image\\\/\",\"url\":\"https:\\\/\\\/lightweb.dev\\\/l\\\/svm-temp\\\/wp-content\\\/uploads\\\/2025\\\/02\\\/SvM-logo-Xtra-Centrerad-SVART.png\",\"contentUrl\":\"https:\\\/\\\/lightweb.dev\\\/l\\\/svm-temp\\\/wp-content\\\/uploads\\\/2025\\\/02\\\/SvM-logo-Xtra-Centrerad-SVART.png\",\"width\":300,\"height\":99,\"caption\":\"Melkerson y Nott SL\"},\"image\":{\"@id\":\"https:\\\/\\\/lightweb.dev\\\/l\\\/svm-temp\\\/#\\\/schema\\\/logo\\\/image\\\/\"},\"sameAs\":[\"https:\\\/\\\/www.facebook.com\\\/svenskamagasinet\",\"https:\\\/\\\/x.com\\\/SvenskaMagasine\"]},{\"@type\":\"Person\",\"@id\":\"https:\\\/\\\/lightweb.dev\\\/l\\\/svm-temp\\\/#\\\/schema\\\/person\\\/206a3bda5b607b0c25e1749191e4d837\",\"name\":\"Redaktionen SvM\",\"description\":\"Redaktionen\",\"sameAs\":[\"https:\\\/\\\/lightweb.dev\\\/l\\\/svm-temp\"],\"url\":\"https:\\\/\\\/lightweb.dev\\\/l\\\/svm-temp\\\/reporter\\\/redaktionen\\\/\"}]}<\/script>\n<!-- \/ Yoast SEO Premium plugin. -->","yoast_head_json":{"title":"Robert Wells g\u00e5r i Charlie Normans fotsp\u00e5r \u2013 och sp\u00e5ren leder till Solkusten - Svenska Magasinet","robots":{"index":"noindex","follow":"follow","max-snippet":"max-snippet:-1","max-image-preview":"max-image-preview:large","max-video-preview":"max-video-preview:-1"},"og_locale":"sv_SE","og_type":"article","og_title":"Robert Wells g\u00e5r i Charlie Normans fotsp\u00e5r \u2013 och sp\u00e5ren leder till Solkusten","og_description":"Charlie Norman g\u00e4stade Spanien och Solkusten vid flera tillf\u00e4llen. Robert som 2011 fick Charlie Normans hederspris presenterar i februari sin show \u201dA tribute to Charlie\u201d p\u00e5 Solkusten. Ola Josefsson Ifjol, 2012, bel\u00f6nades pianisten, komposit\u00f6ren och entertainern Robert Wells med H. M. Konungens medalj i \u00e5ttonde storleken i h\u00f6gbl\u00e5tt band f\u00f6r framst\u00e5ende konstn\u00e4rliga insatser som entrepren\u00f6r [&hellip;]","og_url":"https:\/\/lightweb.dev\/l\/svm-temp\/artiklar\/robert-wells-gar-i-charlie-normans-fotspar-och-sparen-leder-till-solkusten\/","og_site_name":"Svenska Magasinet","article_publisher":"https:\/\/www.facebook.com\/svenskamagasinet","article_published_time":"2013-01-09T23:00:00+00:00","og_image":[{"width":301,"height":200,"url":"https:\/\/lightweb.dev\/l\/svm-temp\/wp-content\/uploads\/2022\/04\/robert-wells-gr-i-charlie-normans-fotspr-och-spren-leder-till-solkusten.png","type":"image\/png"}],"author":"Redaktionen SvM","twitter_card":"summary_large_image","twitter_creator":"@SvenskaMagasine","twitter_site":"@SvenskaMagasine","schema":{"@context":"https:\/\/schema.org","@graph":[{"@type":"Article","@id":"https:\/\/lightweb.dev\/l\/svm-temp\/artiklar\/robert-wells-gar-i-charlie-normans-fotspar-och-sparen-leder-till-solkusten\/#article","isPartOf":{"@id":"https:\/\/lightweb.dev\/l\/svm-temp\/artiklar\/robert-wells-gar-i-charlie-normans-fotspar-och-sparen-leder-till-solkusten\/"},"author":{"name":"Redaktionen SvM","@id":"https:\/\/lightweb.dev\/l\/svm-temp\/#\/schema\/person\/206a3bda5b607b0c25e1749191e4d837"},"headline":"Robert Wells g\u00e5r i Charlie Normans fotsp\u00e5r \u2013 och sp\u00e5ren leder till Solkusten","datePublished":"2013-01-09T23:00:00+00:00","mainEntityOfPage":{"@id":"https:\/\/lightweb.dev\/l\/svm-temp\/artiklar\/robert-wells-gar-i-charlie-normans-fotspar-och-sparen-leder-till-solkusten\/"},"wordCount":1366,"commentCount":0,"publisher":{"@id":"https:\/\/lightweb.dev\/l\/svm-temp\/#organization"},"image":{"@id":"https:\/\/lightweb.dev\/l\/svm-temp\/artiklar\/robert-wells-gar-i-charlie-normans-fotspar-och-sparen-leder-till-solkusten\/#primaryimage"},"thumbnailUrl":"https:\/\/lightweb.dev\/l\/svm-temp\/wp-content\/uploads\/2022\/04\/robert-wells-gr-i-charlie-normans-fotspr-och-spren-leder-till-solkusten.png","articleSection":["Artiklar","Kultur &amp; historia"],"inLanguage":"sv-SE"},{"@type":"WebPage","@id":"https:\/\/lightweb.dev\/l\/svm-temp\/artiklar\/robert-wells-gar-i-charlie-normans-fotspar-och-sparen-leder-till-solkusten\/","url":"https:\/\/lightweb.dev\/l\/svm-temp\/artiklar\/robert-wells-gar-i-charlie-normans-fotspar-och-sparen-leder-till-solkusten\/","name":"Robert Wells g\u00e5r i Charlie Normans fotsp\u00e5r \u2013 och sp\u00e5ren leder till Solkusten - Svenska Magasinet","isPartOf":{"@id":"https:\/\/lightweb.dev\/l\/svm-temp\/#website"},"primaryImageOfPage":{"@id":"https:\/\/lightweb.dev\/l\/svm-temp\/artiklar\/robert-wells-gar-i-charlie-normans-fotspar-och-sparen-leder-till-solkusten\/#primaryimage"},"image":{"@id":"https:\/\/lightweb.dev\/l\/svm-temp\/artiklar\/robert-wells-gar-i-charlie-normans-fotspar-och-sparen-leder-till-solkusten\/#primaryimage"},"thumbnailUrl":"https:\/\/lightweb.dev\/l\/svm-temp\/wp-content\/uploads\/2022\/04\/robert-wells-gr-i-charlie-normans-fotspr-och-spren-leder-till-solkusten.png","datePublished":"2013-01-09T23:00:00+00:00","breadcrumb":{"@id":"https:\/\/lightweb.dev\/l\/svm-temp\/artiklar\/robert-wells-gar-i-charlie-normans-fotspar-och-sparen-leder-till-solkusten\/#breadcrumb"},"inLanguage":"sv-SE","potentialAction":[{"@type":"ReadAction","target":["https:\/\/lightweb.dev\/l\/svm-temp\/artiklar\/robert-wells-gar-i-charlie-normans-fotspar-och-sparen-leder-till-solkusten\/"]}]},{"@type":"ImageObject","inLanguage":"sv-SE","@id":"https:\/\/lightweb.dev\/l\/svm-temp\/artiklar\/robert-wells-gar-i-charlie-normans-fotspar-och-sparen-leder-till-solkusten\/#primaryimage","url":"https:\/\/lightweb.dev\/l\/svm-temp\/wp-content\/uploads\/2022\/04\/robert-wells-gr-i-charlie-normans-fotspr-och-spren-leder-till-solkusten.png","contentUrl":"https:\/\/lightweb.dev\/l\/svm-temp\/wp-content\/uploads\/2022\/04\/robert-wells-gr-i-charlie-normans-fotspr-och-spren-leder-till-solkusten.png","width":301,"height":200},{"@type":"BreadcrumbList","@id":"https:\/\/lightweb.dev\/l\/svm-temp\/artiklar\/robert-wells-gar-i-charlie-normans-fotspar-och-sparen-leder-till-solkusten\/#breadcrumb","itemListElement":[{"@type":"ListItem","position":1,"name":"Hem","item":"https:\/\/lightweb.dev\/l\/svm-temp\/"},{"@type":"ListItem","position":2,"name":"Robert Wells g\u00e5r i Charlie Normans fotsp\u00e5r \u2013 och sp\u00e5ren leder till Solkusten"}]},{"@type":"WebSite","@id":"https:\/\/lightweb.dev\/l\/svm-temp\/#website","url":"https:\/\/lightweb.dev\/l\/svm-temp\/","name":"Svenska Magasinet","description":"Dina Spanska nyheter p&aring; Svenska","publisher":{"@id":"https:\/\/lightweb.dev\/l\/svm-temp\/#organization"},"potentialAction":[{"@type":"SearchAction","target":{"@type":"EntryPoint","urlTemplate":"https:\/\/lightweb.dev\/l\/svm-temp\/?s={search_term_string}"},"query-input":{"@type":"PropertyValueSpecification","valueRequired":true,"valueName":"search_term_string"}}],"inLanguage":"sv-SE"},{"@type":"Organization","@id":"https:\/\/lightweb.dev\/l\/svm-temp\/#organization","name":"Melkerson y Nott SL","alternateName":"Svenska Magasinet","url":"https:\/\/lightweb.dev\/l\/svm-temp\/","logo":{"@type":"ImageObject","inLanguage":"sv-SE","@id":"https:\/\/lightweb.dev\/l\/svm-temp\/#\/schema\/logo\/image\/","url":"https:\/\/lightweb.dev\/l\/svm-temp\/wp-content\/uploads\/2025\/02\/SvM-logo-Xtra-Centrerad-SVART.png","contentUrl":"https:\/\/lightweb.dev\/l\/svm-temp\/wp-content\/uploads\/2025\/02\/SvM-logo-Xtra-Centrerad-SVART.png","width":300,"height":99,"caption":"Melkerson y Nott SL"},"image":{"@id":"https:\/\/lightweb.dev\/l\/svm-temp\/#\/schema\/logo\/image\/"},"sameAs":["https:\/\/www.facebook.com\/svenskamagasinet","https:\/\/x.com\/SvenskaMagasine"]},{"@type":"Person","@id":"https:\/\/lightweb.dev\/l\/svm-temp\/#\/schema\/person\/206a3bda5b607b0c25e1749191e4d837","name":"Redaktionen SvM","description":"Redaktionen","sameAs":["https:\/\/lightweb.dev\/l\/svm-temp"],"url":"https:\/\/lightweb.dev\/l\/svm-temp\/reporter\/redaktionen\/"}]}},"_links":{"self":[{"href":"https:\/\/lightweb.dev\/l\/svm-temp\/wp-json\/wp\/v2\/posts\/4430","targetHints":{"allow":["GET"]}}],"collection":[{"href":"https:\/\/lightweb.dev\/l\/svm-temp\/wp-json\/wp\/v2\/posts"}],"about":[{"href":"https:\/\/lightweb.dev\/l\/svm-temp\/wp-json\/wp\/v2\/types\/post"}],"author":[{"embeddable":true,"href":"https:\/\/lightweb.dev\/l\/svm-temp\/wp-json\/wp\/v2\/users\/8"}],"replies":[{"embeddable":true,"href":"https:\/\/lightweb.dev\/l\/svm-temp\/wp-json\/wp\/v2\/comments?post=4430"}],"version-history":[{"count":0,"href":"https:\/\/lightweb.dev\/l\/svm-temp\/wp-json\/wp\/v2\/posts\/4430\/revisions"}],"wp:featuredmedia":[{"embeddable":true,"href":"https:\/\/lightweb.dev\/l\/svm-temp\/wp-json\/wp\/v2\/media\/4431"}],"wp:attachment":[{"href":"https:\/\/lightweb.dev\/l\/svm-temp\/wp-json\/wp\/v2\/media?parent=4430"}],"wp:term":[{"taxonomy":"category","embeddable":true,"href":"https:\/\/lightweb.dev\/l\/svm-temp\/wp-json\/wp\/v2\/categories?post=4430"},{"taxonomy":"post_tag","embeddable":true,"href":"https:\/\/lightweb.dev\/l\/svm-temp\/wp-json\/wp\/v2\/tags?post=4430"}],"curies":[{"name":"wp","href":"https:\/\/api.w.org\/{rel}","templated":true}]}}