{"id":4434,"date":"2013-01-10T00:00:00","date_gmt":"2013-01-09T23:00:00","guid":{"rendered":"https:\/\/lightweb.dev\/l\/svm-temp\/domarjav-rattssakerhet-i-tvivselsmal\/"},"modified":"2013-01-10T00:00:00","modified_gmt":"2013-01-09T23:00:00","slug":"domarjav-rattssakerhet-i-tvivselsmal","status":"publish","type":"post","link":"https:\/\/lightweb.dev\/l\/svm-temp\/artiklar\/domarjav-rattssakerhet-i-tvivselsmal\/","title":{"rendered":"Domarj\u00e4v \u2013 r\u00e4ttss\u00e4kerhet i tvivselsm\u00e5l?"},"content":{"rendered":"<p> Termen j\u00e4v kommer fr\u00e5n fornsvenskan jeff, som betyder just tvivla. Tvivel p\u00e5 r\u00e4ttss\u00e4kerheten kan leda till att medborgarnas f\u00f6rtroende f\u00f6r att staten kan garantera en opartisk makt- och myndighetsut\u00f6vning ifr\u00e5gas\u00e4ttes.  <\/p>\n<p>Av advokat G\u00f6ran Rise<\/p>\n<p>Reglerna om j\u00e4v \u00e4r av s\u00e5 stor vikt att de \u00e4r intagna i den svenska grundlagen. Ingen m\u00e5 vara domare i egen sak, uttrycket myntades redan i romersk r\u00e4tt. <\/p>\n<p>En domare avl\u00e4gger en domared och \u00e4r d\u00e4rf\u00f6r skyldig att f\u00f6r varje m\u00e5l han\/hon \u00e4r satt att d\u00f6ma i pr\u00f6va om han eller hon kan vara j\u00e4vig. <\/p>\n<p>Domared avl\u00e4gges av s\u00e5v\u00e4l juristdomare som lekmannadomare (n\u00e4mndem\u00e4n). <\/p>\n<p>Den domare, som inte f\u00f6rst\u00e5tt inneb\u00f6rden h\u00e4rav och vikten av att pr\u00f6va sin opartiskhet \u00e4r ol\u00e4mplig och skall genast skiljas fr\u00e5n sitt uppdrag. <\/p>\n<p>Domarj\u00e4v f\u00f6religger bl.a. om domaren har ett eget intresse i saken eller om den \u00e5talade och domaren har sl\u00e4ktskap. <\/p>\n<p>Regelverket om j\u00e4v inneh\u00e5ller ocks\u00e5 en s.k. generalklausul, som syftar p\u00e5 att en domare \u00e4r j\u00e4vig att handl\u00e4gga m\u00e5l om eljest \u201ds\u00e4rskild omst\u00e4ndighet\u201d f\u00f6religger, som \u00e4r \u00e4gnad att rubba f\u00f6rtroendet till hans eller hennes opartiskhet i m\u00e5let. H\u00e4rmed \u00e5syftas att domaren kan ha s\u00e4rskilt gruppintresse, politisk \u00e5sk\u00e5dning, s\u00e4rskilt k\u00e4nslom\u00e4ssigt engagemang eller avvikande sexuell b\u00f6jelse. <\/p>\n<p>I de nu aktuella m\u00e5len \u2013 S\u00f6dert\u00e4ljem\u00e5let och Mangsm\u00e5let i Malm\u00f6 \u2013 har de aktuella n\u00e4mndem\u00e4nnen (domarna) tagit del i spaningarna och utredningarna f\u00f6re det att saken kom till r\u00e4ttens bed\u00f6mning.<\/p>\n<p>Det \u00e4r uppenbart att dessa domare varit j\u00e4viga. <\/p>\n<p>En intressant fr\u00e5ga som v\u00e4ckts fr\u00e5n tid till annan \u00e4r om en domare \u00e4r j\u00e4vig, sedan han fattat beslut om h\u00e4ktning av en misst\u00e4nkt. R\u00e4ttspraxis har antagit den st\u00e5ndpunkten, att h\u00e4ktningsdomare inte \u00e4r j\u00e4vig och att han s\u00e5lunda kan d\u00f6ma m\u00e5let. <\/p>\n<p>Om en domare \u00e4r j\u00e4vig tar r\u00e4ttsordningen allvarlig skada, d\u00e5 domen inte \u00e4r opartisk. <\/p>\n","protected":false},"excerpt":{"rendered":"<p>Termen j\u00e4v kommer fr\u00e5n fornsvenskan jeff, som betyder just tvivla. Tvivel p\u00e5 r\u00e4ttss\u00e4kerheten kan leda till att medborgarnas f\u00f6rtroende f\u00f6r att staten kan garantera en opartisk makt- och myndighetsut\u00f6vning ifr\u00e5gas\u00e4ttes. Av advokat G\u00f6ran Rise Reglerna om j\u00e4v \u00e4r av s\u00e5 stor vikt att de \u00e4r intagna i den svenska grundlagen. Ingen m\u00e5 vara domare i [&hellip;]<\/p>\n","protected":false},"author":8,"featured_media":4435,"comment_status":"open","ping_status":"open","sticky":false,"template":"","format":"standard","meta":{"_et_pb_use_builder":"","_et_pb_old_content":"","_et_gb_content_width":"","footnotes":""},"categories":[396,4],"tags":[],"class_list":["post-4434","post","type-post","status-publish","format-standard","has-post-thumbnail","hentry","category-arkiv-artiklar","category-artiklar"],"yoast_head":"<!-- This site is optimized with the Yoast SEO Premium plugin v26.2 (Yoast SEO v28.2) - https:\/\/yoast.com\/product\/yoast-seo-premium-wordpress\/ -->\n<title>Domarj\u00e4v \u2013 r\u00e4ttss\u00e4kerhet i tvivselsm\u00e5l? - Svenska Magasinet<\/title>\n<meta name=\"robots\" content=\"noindex, follow, max-snippet:-1, max-image-preview:large, max-video-preview:-1\" \/>\n<meta property=\"og:locale\" content=\"sv_SE\" \/>\n<meta property=\"og:type\" content=\"article\" \/>\n<meta property=\"og:title\" content=\"Domarj\u00e4v \u2013 r\u00e4ttss\u00e4kerhet i tvivselsm\u00e5l?\" \/>\n<meta property=\"og:description\" content=\"Termen j\u00e4v kommer fr\u00e5n fornsvenskan jeff, som betyder just tvivla. Tvivel p\u00e5 r\u00e4ttss\u00e4kerheten kan leda till att medborgarnas f\u00f6rtroende f\u00f6r att staten kan garantera en opartisk makt- och myndighetsut\u00f6vning ifr\u00e5gas\u00e4ttes. Av advokat G\u00f6ran Rise Reglerna om j\u00e4v \u00e4r av s\u00e5 stor vikt att de \u00e4r intagna i den svenska grundlagen. Ingen m\u00e5 vara domare i [&hellip;]\" \/>\n<meta property=\"og:url\" content=\"https:\/\/lightweb.dev\/l\/svm-temp\/artiklar\/domarjav-rattssakerhet-i-tvivselsmal\/\" \/>\n<meta property=\"og:site_name\" content=\"Svenska Magasinet\" \/>\n<meta property=\"article:publisher\" content=\"https:\/\/www.facebook.com\/svenskamagasinet\" \/>\n<meta property=\"article:published_time\" content=\"2013-01-09T23:00:00+00:00\" \/>\n<meta property=\"og:image\" content=\"https:\/\/lightweb.dev\/l\/svm-temp\/wp-content\/uploads\/2022\/04\/domarjv-rttsskerhet-i-tvivselsml.png\" \/>\n\t<meta property=\"og:image:width\" content=\"280\" \/>\n\t<meta property=\"og:image:height\" content=\"386\" \/>\n\t<meta property=\"og:image:type\" content=\"image\/png\" \/>\n<meta name=\"author\" content=\"Redaktionen SvM\" \/>\n<meta name=\"twitter:card\" content=\"summary_large_image\" \/>\n<meta name=\"twitter:creator\" content=\"@SvenskaMagasine\" \/>\n<meta name=\"twitter:site\" content=\"@SvenskaMagasine\" \/>\n<script type=\"application\/ld+json\" class=\"yoast-schema-graph\">{\"@context\":\"https:\\\/\\\/schema.org\",\"@graph\":[{\"@type\":\"Article\",\"@id\":\"https:\\\/\\\/lightweb.dev\\\/l\\\/svm-temp\\\/artiklar\\\/domarjav-rattssakerhet-i-tvivselsmal\\\/#article\",\"isPartOf\":{\"@id\":\"https:\\\/\\\/lightweb.dev\\\/l\\\/svm-temp\\\/artiklar\\\/domarjav-rattssakerhet-i-tvivselsmal\\\/\"},\"author\":{\"name\":\"Redaktionen SvM\",\"@id\":\"https:\\\/\\\/lightweb.dev\\\/l\\\/svm-temp\\\/#\\\/schema\\\/person\\\/206a3bda5b607b0c25e1749191e4d837\"},\"headline\":\"Domarj\u00e4v \u2013 r\u00e4ttss\u00e4kerhet i tvivselsm\u00e5l?\",\"datePublished\":\"2013-01-09T23:00:00+00:00\",\"mainEntityOfPage\":{\"@id\":\"https:\\\/\\\/lightweb.dev\\\/l\\\/svm-temp\\\/artiklar\\\/domarjav-rattssakerhet-i-tvivselsmal\\\/\"},\"wordCount\":375,\"commentCount\":0,\"publisher\":{\"@id\":\"https:\\\/\\\/lightweb.dev\\\/l\\\/svm-temp\\\/#organization\"},\"image\":{\"@id\":\"https:\\\/\\\/lightweb.dev\\\/l\\\/svm-temp\\\/artiklar\\\/domarjav-rattssakerhet-i-tvivselsmal\\\/#primaryimage\"},\"thumbnailUrl\":\"https:\\\/\\\/lightweb.dev\\\/l\\\/svm-temp\\\/wp-content\\\/uploads\\\/2022\\\/04\\\/domarjv-rttsskerhet-i-tvivselsml.png\",\"articleSection\":[\"Arkiv\",\"Artiklar\"],\"inLanguage\":\"sv-SE\"},{\"@type\":\"WebPage\",\"@id\":\"https:\\\/\\\/lightweb.dev\\\/l\\\/svm-temp\\\/artiklar\\\/domarjav-rattssakerhet-i-tvivselsmal\\\/\",\"url\":\"https:\\\/\\\/lightweb.dev\\\/l\\\/svm-temp\\\/artiklar\\\/domarjav-rattssakerhet-i-tvivselsmal\\\/\",\"name\":\"Domarj\u00e4v \u2013 r\u00e4ttss\u00e4kerhet i tvivselsm\u00e5l? - Svenska Magasinet\",\"isPartOf\":{\"@id\":\"https:\\\/\\\/lightweb.dev\\\/l\\\/svm-temp\\\/#website\"},\"primaryImageOfPage\":{\"@id\":\"https:\\\/\\\/lightweb.dev\\\/l\\\/svm-temp\\\/artiklar\\\/domarjav-rattssakerhet-i-tvivselsmal\\\/#primaryimage\"},\"image\":{\"@id\":\"https:\\\/\\\/lightweb.dev\\\/l\\\/svm-temp\\\/artiklar\\\/domarjav-rattssakerhet-i-tvivselsmal\\\/#primaryimage\"},\"thumbnailUrl\":\"https:\\\/\\\/lightweb.dev\\\/l\\\/svm-temp\\\/wp-content\\\/uploads\\\/2022\\\/04\\\/domarjv-rttsskerhet-i-tvivselsml.png\",\"datePublished\":\"2013-01-09T23:00:00+00:00\",\"breadcrumb\":{\"@id\":\"https:\\\/\\\/lightweb.dev\\\/l\\\/svm-temp\\\/artiklar\\\/domarjav-rattssakerhet-i-tvivselsmal\\\/#breadcrumb\"},\"inLanguage\":\"sv-SE\",\"potentialAction\":[{\"@type\":\"ReadAction\",\"target\":[\"https:\\\/\\\/lightweb.dev\\\/l\\\/svm-temp\\\/artiklar\\\/domarjav-rattssakerhet-i-tvivselsmal\\\/\"]}]},{\"@type\":\"ImageObject\",\"inLanguage\":\"sv-SE\",\"@id\":\"https:\\\/\\\/lightweb.dev\\\/l\\\/svm-temp\\\/artiklar\\\/domarjav-rattssakerhet-i-tvivselsmal\\\/#primaryimage\",\"url\":\"https:\\\/\\\/lightweb.dev\\\/l\\\/svm-temp\\\/wp-content\\\/uploads\\\/2022\\\/04\\\/domarjv-rttsskerhet-i-tvivselsml.png\",\"contentUrl\":\"https:\\\/\\\/lightweb.dev\\\/l\\\/svm-temp\\\/wp-content\\\/uploads\\\/2022\\\/04\\\/domarjv-rttsskerhet-i-tvivselsml.png\",\"width\":280,\"height\":386},{\"@type\":\"BreadcrumbList\",\"@id\":\"https:\\\/\\\/lightweb.dev\\\/l\\\/svm-temp\\\/artiklar\\\/domarjav-rattssakerhet-i-tvivselsmal\\\/#breadcrumb\",\"itemListElement\":[{\"@type\":\"ListItem\",\"position\":1,\"name\":\"Hem\",\"item\":\"https:\\\/\\\/lightweb.dev\\\/l\\\/svm-temp\\\/\"},{\"@type\":\"ListItem\",\"position\":2,\"name\":\"Domarj\u00e4v \u2013 r\u00e4ttss\u00e4kerhet i tvivselsm\u00e5l?\"}]},{\"@type\":\"WebSite\",\"@id\":\"https:\\\/\\\/lightweb.dev\\\/l\\\/svm-temp\\\/#website\",\"url\":\"https:\\\/\\\/lightweb.dev\\\/l\\\/svm-temp\\\/\",\"name\":\"Svenska Magasinet\",\"description\":\"Dina Spanska nyheter p&aring; Svenska\",\"publisher\":{\"@id\":\"https:\\\/\\\/lightweb.dev\\\/l\\\/svm-temp\\\/#organization\"},\"potentialAction\":[{\"@type\":\"SearchAction\",\"target\":{\"@type\":\"EntryPoint\",\"urlTemplate\":\"https:\\\/\\\/lightweb.dev\\\/l\\\/svm-temp\\\/?s={search_term_string}\"},\"query-input\":{\"@type\":\"PropertyValueSpecification\",\"valueRequired\":true,\"valueName\":\"search_term_string\"}}],\"inLanguage\":\"sv-SE\"},{\"@type\":\"Organization\",\"@id\":\"https:\\\/\\\/lightweb.dev\\\/l\\\/svm-temp\\\/#organization\",\"name\":\"Melkerson y Nott SL\",\"alternateName\":\"Svenska Magasinet\",\"url\":\"https:\\\/\\\/lightweb.dev\\\/l\\\/svm-temp\\\/\",\"logo\":{\"@type\":\"ImageObject\",\"inLanguage\":\"sv-SE\",\"@id\":\"https:\\\/\\\/lightweb.dev\\\/l\\\/svm-temp\\\/#\\\/schema\\\/logo\\\/image\\\/\",\"url\":\"https:\\\/\\\/lightweb.dev\\\/l\\\/svm-temp\\\/wp-content\\\/uploads\\\/2025\\\/02\\\/SvM-logo-Xtra-Centrerad-SVART.png\",\"contentUrl\":\"https:\\\/\\\/lightweb.dev\\\/l\\\/svm-temp\\\/wp-content\\\/uploads\\\/2025\\\/02\\\/SvM-logo-Xtra-Centrerad-SVART.png\",\"width\":300,\"height\":99,\"caption\":\"Melkerson y Nott SL\"},\"image\":{\"@id\":\"https:\\\/\\\/lightweb.dev\\\/l\\\/svm-temp\\\/#\\\/schema\\\/logo\\\/image\\\/\"},\"sameAs\":[\"https:\\\/\\\/www.facebook.com\\\/svenskamagasinet\",\"https:\\\/\\\/x.com\\\/SvenskaMagasine\"]},{\"@type\":\"Person\",\"@id\":\"https:\\\/\\\/lightweb.dev\\\/l\\\/svm-temp\\\/#\\\/schema\\\/person\\\/206a3bda5b607b0c25e1749191e4d837\",\"name\":\"Redaktionen SvM\",\"description\":\"Redaktionen\",\"sameAs\":[\"https:\\\/\\\/lightweb.dev\\\/l\\\/svm-temp\"],\"url\":\"https:\\\/\\\/lightweb.dev\\\/l\\\/svm-temp\\\/reporter\\\/redaktionen\\\/\"}]}<\/script>\n<!-- \/ Yoast SEO Premium plugin. -->","yoast_head_json":{"title":"Domarj\u00e4v \u2013 r\u00e4ttss\u00e4kerhet i tvivselsm\u00e5l? - Svenska Magasinet","robots":{"index":"noindex","follow":"follow","max-snippet":"max-snippet:-1","max-image-preview":"max-image-preview:large","max-video-preview":"max-video-preview:-1"},"og_locale":"sv_SE","og_type":"article","og_title":"Domarj\u00e4v \u2013 r\u00e4ttss\u00e4kerhet i tvivselsm\u00e5l?","og_description":"Termen j\u00e4v kommer fr\u00e5n fornsvenskan jeff, som betyder just tvivla. Tvivel p\u00e5 r\u00e4ttss\u00e4kerheten kan leda till att medborgarnas f\u00f6rtroende f\u00f6r att staten kan garantera en opartisk makt- och myndighetsut\u00f6vning ifr\u00e5gas\u00e4ttes. Av advokat G\u00f6ran Rise Reglerna om j\u00e4v \u00e4r av s\u00e5 stor vikt att de \u00e4r intagna i den svenska grundlagen. Ingen m\u00e5 vara domare i [&hellip;]","og_url":"https:\/\/lightweb.dev\/l\/svm-temp\/artiklar\/domarjav-rattssakerhet-i-tvivselsmal\/","og_site_name":"Svenska Magasinet","article_publisher":"https:\/\/www.facebook.com\/svenskamagasinet","article_published_time":"2013-01-09T23:00:00+00:00","og_image":[{"width":280,"height":386,"url":"https:\/\/lightweb.dev\/l\/svm-temp\/wp-content\/uploads\/2022\/04\/domarjv-rttsskerhet-i-tvivselsml.png","type":"image\/png"}],"author":"Redaktionen SvM","twitter_card":"summary_large_image","twitter_creator":"@SvenskaMagasine","twitter_site":"@SvenskaMagasine","schema":{"@context":"https:\/\/schema.org","@graph":[{"@type":"Article","@id":"https:\/\/lightweb.dev\/l\/svm-temp\/artiklar\/domarjav-rattssakerhet-i-tvivselsmal\/#article","isPartOf":{"@id":"https:\/\/lightweb.dev\/l\/svm-temp\/artiklar\/domarjav-rattssakerhet-i-tvivselsmal\/"},"author":{"name":"Redaktionen SvM","@id":"https:\/\/lightweb.dev\/l\/svm-temp\/#\/schema\/person\/206a3bda5b607b0c25e1749191e4d837"},"headline":"Domarj\u00e4v \u2013 r\u00e4ttss\u00e4kerhet i tvivselsm\u00e5l?","datePublished":"2013-01-09T23:00:00+00:00","mainEntityOfPage":{"@id":"https:\/\/lightweb.dev\/l\/svm-temp\/artiklar\/domarjav-rattssakerhet-i-tvivselsmal\/"},"wordCount":375,"commentCount":0,"publisher":{"@id":"https:\/\/lightweb.dev\/l\/svm-temp\/#organization"},"image":{"@id":"https:\/\/lightweb.dev\/l\/svm-temp\/artiklar\/domarjav-rattssakerhet-i-tvivselsmal\/#primaryimage"},"thumbnailUrl":"https:\/\/lightweb.dev\/l\/svm-temp\/wp-content\/uploads\/2022\/04\/domarjv-rttsskerhet-i-tvivselsml.png","articleSection":["Arkiv","Artiklar"],"inLanguage":"sv-SE"},{"@type":"WebPage","@id":"https:\/\/lightweb.dev\/l\/svm-temp\/artiklar\/domarjav-rattssakerhet-i-tvivselsmal\/","url":"https:\/\/lightweb.dev\/l\/svm-temp\/artiklar\/domarjav-rattssakerhet-i-tvivselsmal\/","name":"Domarj\u00e4v \u2013 r\u00e4ttss\u00e4kerhet i tvivselsm\u00e5l? - Svenska Magasinet","isPartOf":{"@id":"https:\/\/lightweb.dev\/l\/svm-temp\/#website"},"primaryImageOfPage":{"@id":"https:\/\/lightweb.dev\/l\/svm-temp\/artiklar\/domarjav-rattssakerhet-i-tvivselsmal\/#primaryimage"},"image":{"@id":"https:\/\/lightweb.dev\/l\/svm-temp\/artiklar\/domarjav-rattssakerhet-i-tvivselsmal\/#primaryimage"},"thumbnailUrl":"https:\/\/lightweb.dev\/l\/svm-temp\/wp-content\/uploads\/2022\/04\/domarjv-rttsskerhet-i-tvivselsml.png","datePublished":"2013-01-09T23:00:00+00:00","breadcrumb":{"@id":"https:\/\/lightweb.dev\/l\/svm-temp\/artiklar\/domarjav-rattssakerhet-i-tvivselsmal\/#breadcrumb"},"inLanguage":"sv-SE","potentialAction":[{"@type":"ReadAction","target":["https:\/\/lightweb.dev\/l\/svm-temp\/artiklar\/domarjav-rattssakerhet-i-tvivselsmal\/"]}]},{"@type":"ImageObject","inLanguage":"sv-SE","@id":"https:\/\/lightweb.dev\/l\/svm-temp\/artiklar\/domarjav-rattssakerhet-i-tvivselsmal\/#primaryimage","url":"https:\/\/lightweb.dev\/l\/svm-temp\/wp-content\/uploads\/2022\/04\/domarjv-rttsskerhet-i-tvivselsml.png","contentUrl":"https:\/\/lightweb.dev\/l\/svm-temp\/wp-content\/uploads\/2022\/04\/domarjv-rttsskerhet-i-tvivselsml.png","width":280,"height":386},{"@type":"BreadcrumbList","@id":"https:\/\/lightweb.dev\/l\/svm-temp\/artiklar\/domarjav-rattssakerhet-i-tvivselsmal\/#breadcrumb","itemListElement":[{"@type":"ListItem","position":1,"name":"Hem","item":"https:\/\/lightweb.dev\/l\/svm-temp\/"},{"@type":"ListItem","position":2,"name":"Domarj\u00e4v \u2013 r\u00e4ttss\u00e4kerhet i tvivselsm\u00e5l?"}]},{"@type":"WebSite","@id":"https:\/\/lightweb.dev\/l\/svm-temp\/#website","url":"https:\/\/lightweb.dev\/l\/svm-temp\/","name":"Svenska Magasinet","description":"Dina Spanska nyheter p&aring; Svenska","publisher":{"@id":"https:\/\/lightweb.dev\/l\/svm-temp\/#organization"},"potentialAction":[{"@type":"SearchAction","target":{"@type":"EntryPoint","urlTemplate":"https:\/\/lightweb.dev\/l\/svm-temp\/?s={search_term_string}"},"query-input":{"@type":"PropertyValueSpecification","valueRequired":true,"valueName":"search_term_string"}}],"inLanguage":"sv-SE"},{"@type":"Organization","@id":"https:\/\/lightweb.dev\/l\/svm-temp\/#organization","name":"Melkerson y Nott SL","alternateName":"Svenska Magasinet","url":"https:\/\/lightweb.dev\/l\/svm-temp\/","logo":{"@type":"ImageObject","inLanguage":"sv-SE","@id":"https:\/\/lightweb.dev\/l\/svm-temp\/#\/schema\/logo\/image\/","url":"https:\/\/lightweb.dev\/l\/svm-temp\/wp-content\/uploads\/2025\/02\/SvM-logo-Xtra-Centrerad-SVART.png","contentUrl":"https:\/\/lightweb.dev\/l\/svm-temp\/wp-content\/uploads\/2025\/02\/SvM-logo-Xtra-Centrerad-SVART.png","width":300,"height":99,"caption":"Melkerson y Nott SL"},"image":{"@id":"https:\/\/lightweb.dev\/l\/svm-temp\/#\/schema\/logo\/image\/"},"sameAs":["https:\/\/www.facebook.com\/svenskamagasinet","https:\/\/x.com\/SvenskaMagasine"]},{"@type":"Person","@id":"https:\/\/lightweb.dev\/l\/svm-temp\/#\/schema\/person\/206a3bda5b607b0c25e1749191e4d837","name":"Redaktionen SvM","description":"Redaktionen","sameAs":["https:\/\/lightweb.dev\/l\/svm-temp"],"url":"https:\/\/lightweb.dev\/l\/svm-temp\/reporter\/redaktionen\/"}]}},"_links":{"self":[{"href":"https:\/\/lightweb.dev\/l\/svm-temp\/wp-json\/wp\/v2\/posts\/4434","targetHints":{"allow":["GET"]}}],"collection":[{"href":"https:\/\/lightweb.dev\/l\/svm-temp\/wp-json\/wp\/v2\/posts"}],"about":[{"href":"https:\/\/lightweb.dev\/l\/svm-temp\/wp-json\/wp\/v2\/types\/post"}],"author":[{"embeddable":true,"href":"https:\/\/lightweb.dev\/l\/svm-temp\/wp-json\/wp\/v2\/users\/8"}],"replies":[{"embeddable":true,"href":"https:\/\/lightweb.dev\/l\/svm-temp\/wp-json\/wp\/v2\/comments?post=4434"}],"version-history":[{"count":0,"href":"https:\/\/lightweb.dev\/l\/svm-temp\/wp-json\/wp\/v2\/posts\/4434\/revisions"}],"wp:featuredmedia":[{"embeddable":true,"href":"https:\/\/lightweb.dev\/l\/svm-temp\/wp-json\/wp\/v2\/media\/4435"}],"wp:attachment":[{"href":"https:\/\/lightweb.dev\/l\/svm-temp\/wp-json\/wp\/v2\/media?parent=4434"}],"wp:term":[{"taxonomy":"category","embeddable":true,"href":"https:\/\/lightweb.dev\/l\/svm-temp\/wp-json\/wp\/v2\/categories?post=4434"},{"taxonomy":"post_tag","embeddable":true,"href":"https:\/\/lightweb.dev\/l\/svm-temp\/wp-json\/wp\/v2\/tags?post=4434"}],"curies":[{"name":"wp","href":"https:\/\/api.w.org\/{rel}","templated":true}]}}