{"id":4436,"date":"2013-01-10T00:00:00","date_gmt":"2013-01-09T23:00:00","guid":{"rendered":"https:\/\/lightweb.dev\/l\/svm-temp\/jag-har-ett-svenskt-testamente-som-jag-vill-gora-vissa-andringar-i-avseende-mina-tillgangar-i-spanien-maste-jag-resa-till-sverige-for-detta\/"},"modified":"2013-01-10T00:00:00","modified_gmt":"2013-01-09T23:00:00","slug":"jag-har-ett-svenskt-testamente-som-jag-vill-gora-vissa-andringar-i-avseende-mina-tillgangar-i-spanien-maste-jag-resa-till-sverige-for-detta","status":"publish","type":"post","link":"https:\/\/lightweb.dev\/l\/svm-temp\/artiklar\/jag-har-ett-svenskt-testamente-som-jag-vill-gora-vissa-andringar-i-avseende-mina-tillgangar-i-spanien-maste-jag-resa-till-sverige-for-detta\/","title":{"rendered":"Jag har ett svenskt testamente, som jag vill g\u00f6ra vissa \u00e4ndringar i avseende mina tillg\u00e5ngar i Spanien. M\u00e5ste jag resa till Sverige f\u00f6r detta?"},"content":{"rendered":"<p> Jag utg\u00e5r ifr\u00e5n att Du \u00e4r svensk medborgare och bosatt i Spanien med egendom h\u00e4r. Det testamente, som Du uppr\u00e4ttat i Sverige enligt de formkrav som g\u00e4ller enligt svensk r\u00e4tt, medf\u00f6r att testamentet ocks\u00e5 \u00e4r giltigt i Spanien vid f\u00f6rdelning av Din spanska egendom. Av advokat G\u00f6ran Rise<br \/>\nEtt till\u00e4gg till testamente skall enligt svensk r\u00e4tt g\u00f6ras enligt samma formkrav som g\u00e4ller f\u00f6r uppr\u00e4ttande av testamente, se 10 Kap \u00c4rvdabalken.<br \/>\nI korthet skall testamentet uppr\u00e4ttas skriftligen och undertecknas av Dig inf\u00f6r tv\u00e5 vittnen, som skall k\u00e4nna till handlingens egenskap av testamente, men inte dess inneh\u00e5ll.<br \/>\nDu beh\u00f6ver inte resa till Sverige utan till\u00e4gget kan g\u00f6ras i Spanien med iakttagande av formkraven i \u00c4rvdabalken.<\/p>\n<p>Ett svenskt testamente registreras inte och kan n\u00e4r som helst \u00e4ndras, t.ex. genom att Du river s\u00f6nder det, i motsats till ett testamente som uppr\u00e4ttats enligt spansk lag inf\u00f6r notarius publicus.<br \/>\nEtt testamente som uppr\u00e4ttats i Spanien enligt spanska formkrav \u00e4r i princip giltigt i Sverige vid f\u00f6rdelning av egendom i Spanien.<br \/>\nP\u00e5 min advokatbyr\u00e5 har vi vid \u00e5tskilliga tillf\u00e4llen bist\u00e5tt svenskar med uppr\u00e4ttande av testamenten j\u00e4mte \u00e4ndringar och till\u00e4gg. Kostnaderna h\u00e4rf\u00f6r kan ber\u00e4knas till ca 500 Euro, s\u00e5vida inte en noggrann arvskatteplanering m\u00e5ste g\u00f6ras, vilket kan vara n\u00f6dv\u00e4ndigt, med bl.a. ber\u00e4knar av spansk arvskatt m.m. <\/p>\n","protected":false},"excerpt":{"rendered":"<p>Jag utg\u00e5r ifr\u00e5n att Du \u00e4r svensk medborgare och bosatt i Spanien med egendom h\u00e4r. Det testamente, som Du uppr\u00e4ttat i Sverige enligt de formkrav som g\u00e4ller enligt svensk r\u00e4tt, medf\u00f6r att testamentet ocks\u00e5 \u00e4r giltigt i Spanien vid f\u00f6rdelning av Din spanska egendom. Av advokat G\u00f6ran Rise Ett till\u00e4gg till testamente skall enligt svensk [&hellip;]<\/p>\n","protected":false},"author":8,"featured_media":4437,"comment_status":"open","ping_status":"open","sticky":false,"template":"","format":"standard","meta":{"_et_pb_use_builder":"","_et_pb_old_content":"","_et_gb_content_width":"","footnotes":""},"categories":[396,4],"tags":[],"class_list":["post-4436","post","type-post","status-publish","format-standard","has-post-thumbnail","hentry","category-arkiv-artiklar","category-artiklar"],"yoast_head":"<!-- This site is optimized with the Yoast SEO Premium plugin v26.2 (Yoast SEO v28.2) - https:\/\/yoast.com\/product\/yoast-seo-premium-wordpress\/ -->\n<title>Jag har ett svenskt testamente, som jag vill g\u00f6ra vissa \u00e4ndringar i avseende mina tillg\u00e5ngar i Spanien. M\u00e5ste jag resa till Sverige f\u00f6r detta? - Svenska Magasinet<\/title>\n<meta name=\"robots\" content=\"noindex, follow, max-snippet:-1, max-image-preview:large, max-video-preview:-1\" \/>\n<meta property=\"og:locale\" content=\"sv_SE\" \/>\n<meta property=\"og:type\" content=\"article\" \/>\n<meta property=\"og:title\" content=\"Jag har ett svenskt testamente, som jag vill g\u00f6ra vissa \u00e4ndringar i avseende mina tillg\u00e5ngar i Spanien. M\u00e5ste jag resa till Sverige f\u00f6r detta?\" \/>\n<meta property=\"og:description\" content=\"Jag utg\u00e5r ifr\u00e5n att Du \u00e4r svensk medborgare och bosatt i Spanien med egendom h\u00e4r. Det testamente, som Du uppr\u00e4ttat i Sverige enligt de formkrav som g\u00e4ller enligt svensk r\u00e4tt, medf\u00f6r att testamentet ocks\u00e5 \u00e4r giltigt i Spanien vid f\u00f6rdelning av Din spanska egendom. Av advokat G\u00f6ran Rise Ett till\u00e4gg till testamente skall enligt svensk [&hellip;]\" \/>\n<meta property=\"og:url\" content=\"https:\/\/lightweb.dev\/l\/svm-temp\/artiklar\/jag-har-ett-svenskt-testamente-som-jag-vill-gora-vissa-andringar-i-avseende-mina-tillgangar-i-spanien-maste-jag-resa-till-sverige-for-detta\/\" \/>\n<meta property=\"og:site_name\" content=\"Svenska Magasinet\" \/>\n<meta property=\"article:publisher\" content=\"https:\/\/www.facebook.com\/svenskamagasinet\" \/>\n<meta property=\"article:published_time\" content=\"2013-01-09T23:00:00+00:00\" \/>\n<meta property=\"og:image\" content=\"https:\/\/lightweb.dev\/l\/svm-temp\/wp-content\/uploads\/2022\/04\/jag-har-ett-svenskt-testamente-som-jag-vill-gra-vissa-ndringar-i-avseende-mina-tillgngar-i-spanien-mste-jag-resa-till-sverige-fr-detta.png\" \/>\n\t<meta property=\"og:image:width\" content=\"299\" \/>\n\t<meta property=\"og:image:height\" content=\"200\" \/>\n\t<meta property=\"og:image:type\" content=\"image\/png\" \/>\n<meta name=\"author\" content=\"Redaktionen SvM\" \/>\n<meta name=\"twitter:card\" content=\"summary_large_image\" \/>\n<meta name=\"twitter:creator\" content=\"@SvenskaMagasine\" \/>\n<meta name=\"twitter:site\" content=\"@SvenskaMagasine\" \/>\n<script type=\"application\/ld+json\" class=\"yoast-schema-graph\">{\"@context\":\"https:\\\/\\\/schema.org\",\"@graph\":[{\"@type\":\"Article\",\"@id\":\"https:\\\/\\\/lightweb.dev\\\/l\\\/svm-temp\\\/artiklar\\\/jag-har-ett-svenskt-testamente-som-jag-vill-gora-vissa-andringar-i-avseende-mina-tillgangar-i-spanien-maste-jag-resa-till-sverige-for-detta\\\/#article\",\"isPartOf\":{\"@id\":\"https:\\\/\\\/lightweb.dev\\\/l\\\/svm-temp\\\/artiklar\\\/jag-har-ett-svenskt-testamente-som-jag-vill-gora-vissa-andringar-i-avseende-mina-tillgangar-i-spanien-maste-jag-resa-till-sverige-for-detta\\\/\"},\"author\":{\"name\":\"Redaktionen SvM\",\"@id\":\"https:\\\/\\\/lightweb.dev\\\/l\\\/svm-temp\\\/#\\\/schema\\\/person\\\/206a3bda5b607b0c25e1749191e4d837\"},\"headline\":\"Jag har ett svenskt testamente, som jag vill g\u00f6ra vissa \u00e4ndringar i avseende mina tillg\u00e5ngar i Spanien. M\u00e5ste jag resa till Sverige f\u00f6r detta?\",\"datePublished\":\"2013-01-09T23:00:00+00:00\",\"mainEntityOfPage\":{\"@id\":\"https:\\\/\\\/lightweb.dev\\\/l\\\/svm-temp\\\/artiklar\\\/jag-har-ett-svenskt-testamente-som-jag-vill-gora-vissa-andringar-i-avseende-mina-tillgangar-i-spanien-maste-jag-resa-till-sverige-for-detta\\\/\"},\"wordCount\":280,\"commentCount\":0,\"publisher\":{\"@id\":\"https:\\\/\\\/lightweb.dev\\\/l\\\/svm-temp\\\/#organization\"},\"image\":{\"@id\":\"https:\\\/\\\/lightweb.dev\\\/l\\\/svm-temp\\\/artiklar\\\/jag-har-ett-svenskt-testamente-som-jag-vill-gora-vissa-andringar-i-avseende-mina-tillgangar-i-spanien-maste-jag-resa-till-sverige-for-detta\\\/#primaryimage\"},\"thumbnailUrl\":\"https:\\\/\\\/lightweb.dev\\\/l\\\/svm-temp\\\/wp-content\\\/uploads\\\/2022\\\/04\\\/jag-har-ett-svenskt-testamente-som-jag-vill-gra-vissa-ndringar-i-avseende-mina-tillgngar-i-spanien-mste-jag-resa-till-sverige-fr-detta.png\",\"articleSection\":[\"Arkiv\",\"Artiklar\"],\"inLanguage\":\"sv-SE\"},{\"@type\":\"WebPage\",\"@id\":\"https:\\\/\\\/lightweb.dev\\\/l\\\/svm-temp\\\/artiklar\\\/jag-har-ett-svenskt-testamente-som-jag-vill-gora-vissa-andringar-i-avseende-mina-tillgangar-i-spanien-maste-jag-resa-till-sverige-for-detta\\\/\",\"url\":\"https:\\\/\\\/lightweb.dev\\\/l\\\/svm-temp\\\/artiklar\\\/jag-har-ett-svenskt-testamente-som-jag-vill-gora-vissa-andringar-i-avseende-mina-tillgangar-i-spanien-maste-jag-resa-till-sverige-for-detta\\\/\",\"name\":\"Jag har ett svenskt testamente, som jag vill g\u00f6ra vissa \u00e4ndringar i avseende mina tillg\u00e5ngar i Spanien. M\u00e5ste jag resa till Sverige f\u00f6r detta? - Svenska Magasinet\",\"isPartOf\":{\"@id\":\"https:\\\/\\\/lightweb.dev\\\/l\\\/svm-temp\\\/#website\"},\"primaryImageOfPage\":{\"@id\":\"https:\\\/\\\/lightweb.dev\\\/l\\\/svm-temp\\\/artiklar\\\/jag-har-ett-svenskt-testamente-som-jag-vill-gora-vissa-andringar-i-avseende-mina-tillgangar-i-spanien-maste-jag-resa-till-sverige-for-detta\\\/#primaryimage\"},\"image\":{\"@id\":\"https:\\\/\\\/lightweb.dev\\\/l\\\/svm-temp\\\/artiklar\\\/jag-har-ett-svenskt-testamente-som-jag-vill-gora-vissa-andringar-i-avseende-mina-tillgangar-i-spanien-maste-jag-resa-till-sverige-for-detta\\\/#primaryimage\"},\"thumbnailUrl\":\"https:\\\/\\\/lightweb.dev\\\/l\\\/svm-temp\\\/wp-content\\\/uploads\\\/2022\\\/04\\\/jag-har-ett-svenskt-testamente-som-jag-vill-gra-vissa-ndringar-i-avseende-mina-tillgngar-i-spanien-mste-jag-resa-till-sverige-fr-detta.png\",\"datePublished\":\"2013-01-09T23:00:00+00:00\",\"breadcrumb\":{\"@id\":\"https:\\\/\\\/lightweb.dev\\\/l\\\/svm-temp\\\/artiklar\\\/jag-har-ett-svenskt-testamente-som-jag-vill-gora-vissa-andringar-i-avseende-mina-tillgangar-i-spanien-maste-jag-resa-till-sverige-for-detta\\\/#breadcrumb\"},\"inLanguage\":\"sv-SE\",\"potentialAction\":[{\"@type\":\"ReadAction\",\"target\":[\"https:\\\/\\\/lightweb.dev\\\/l\\\/svm-temp\\\/artiklar\\\/jag-har-ett-svenskt-testamente-som-jag-vill-gora-vissa-andringar-i-avseende-mina-tillgangar-i-spanien-maste-jag-resa-till-sverige-for-detta\\\/\"]}]},{\"@type\":\"ImageObject\",\"inLanguage\":\"sv-SE\",\"@id\":\"https:\\\/\\\/lightweb.dev\\\/l\\\/svm-temp\\\/artiklar\\\/jag-har-ett-svenskt-testamente-som-jag-vill-gora-vissa-andringar-i-avseende-mina-tillgangar-i-spanien-maste-jag-resa-till-sverige-for-detta\\\/#primaryimage\",\"url\":\"https:\\\/\\\/lightweb.dev\\\/l\\\/svm-temp\\\/wp-content\\\/uploads\\\/2022\\\/04\\\/jag-har-ett-svenskt-testamente-som-jag-vill-gra-vissa-ndringar-i-avseende-mina-tillgngar-i-spanien-mste-jag-resa-till-sverige-fr-detta.png\",\"contentUrl\":\"https:\\\/\\\/lightweb.dev\\\/l\\\/svm-temp\\\/wp-content\\\/uploads\\\/2022\\\/04\\\/jag-har-ett-svenskt-testamente-som-jag-vill-gra-vissa-ndringar-i-avseende-mina-tillgngar-i-spanien-mste-jag-resa-till-sverige-fr-detta.png\",\"width\":299,\"height\":200},{\"@type\":\"BreadcrumbList\",\"@id\":\"https:\\\/\\\/lightweb.dev\\\/l\\\/svm-temp\\\/artiklar\\\/jag-har-ett-svenskt-testamente-som-jag-vill-gora-vissa-andringar-i-avseende-mina-tillgangar-i-spanien-maste-jag-resa-till-sverige-for-detta\\\/#breadcrumb\",\"itemListElement\":[{\"@type\":\"ListItem\",\"position\":1,\"name\":\"Hem\",\"item\":\"https:\\\/\\\/lightweb.dev\\\/l\\\/svm-temp\\\/\"},{\"@type\":\"ListItem\",\"position\":2,\"name\":\"Jag har ett svenskt testamente, som jag vill g\u00f6ra vissa \u00e4ndringar i avseende mina tillg\u00e5ngar i Spanien. M\u00e5ste jag resa till Sverige f\u00f6r detta?\"}]},{\"@type\":\"WebSite\",\"@id\":\"https:\\\/\\\/lightweb.dev\\\/l\\\/svm-temp\\\/#website\",\"url\":\"https:\\\/\\\/lightweb.dev\\\/l\\\/svm-temp\\\/\",\"name\":\"Svenska Magasinet\",\"description\":\"Dina Spanska nyheter p&aring; Svenska\",\"publisher\":{\"@id\":\"https:\\\/\\\/lightweb.dev\\\/l\\\/svm-temp\\\/#organization\"},\"potentialAction\":[{\"@type\":\"SearchAction\",\"target\":{\"@type\":\"EntryPoint\",\"urlTemplate\":\"https:\\\/\\\/lightweb.dev\\\/l\\\/svm-temp\\\/?s={search_term_string}\"},\"query-input\":{\"@type\":\"PropertyValueSpecification\",\"valueRequired\":true,\"valueName\":\"search_term_string\"}}],\"inLanguage\":\"sv-SE\"},{\"@type\":\"Organization\",\"@id\":\"https:\\\/\\\/lightweb.dev\\\/l\\\/svm-temp\\\/#organization\",\"name\":\"Melkerson y Nott SL\",\"alternateName\":\"Svenska Magasinet\",\"url\":\"https:\\\/\\\/lightweb.dev\\\/l\\\/svm-temp\\\/\",\"logo\":{\"@type\":\"ImageObject\",\"inLanguage\":\"sv-SE\",\"@id\":\"https:\\\/\\\/lightweb.dev\\\/l\\\/svm-temp\\\/#\\\/schema\\\/logo\\\/image\\\/\",\"url\":\"https:\\\/\\\/lightweb.dev\\\/l\\\/svm-temp\\\/wp-content\\\/uploads\\\/2025\\\/02\\\/SvM-logo-Xtra-Centrerad-SVART.png\",\"contentUrl\":\"https:\\\/\\\/lightweb.dev\\\/l\\\/svm-temp\\\/wp-content\\\/uploads\\\/2025\\\/02\\\/SvM-logo-Xtra-Centrerad-SVART.png\",\"width\":300,\"height\":99,\"caption\":\"Melkerson y Nott SL\"},\"image\":{\"@id\":\"https:\\\/\\\/lightweb.dev\\\/l\\\/svm-temp\\\/#\\\/schema\\\/logo\\\/image\\\/\"},\"sameAs\":[\"https:\\\/\\\/www.facebook.com\\\/svenskamagasinet\",\"https:\\\/\\\/x.com\\\/SvenskaMagasine\"]},{\"@type\":\"Person\",\"@id\":\"https:\\\/\\\/lightweb.dev\\\/l\\\/svm-temp\\\/#\\\/schema\\\/person\\\/206a3bda5b607b0c25e1749191e4d837\",\"name\":\"Redaktionen SvM\",\"description\":\"Redaktionen\",\"sameAs\":[\"https:\\\/\\\/lightweb.dev\\\/l\\\/svm-temp\"],\"url\":\"https:\\\/\\\/lightweb.dev\\\/l\\\/svm-temp\\\/reporter\\\/redaktionen\\\/\"}]}<\/script>\n<!-- \/ Yoast SEO Premium plugin. -->","yoast_head_json":{"title":"Jag har ett svenskt testamente, som jag vill g\u00f6ra vissa \u00e4ndringar i avseende mina tillg\u00e5ngar i Spanien. M\u00e5ste jag resa till Sverige f\u00f6r detta? - Svenska Magasinet","robots":{"index":"noindex","follow":"follow","max-snippet":"max-snippet:-1","max-image-preview":"max-image-preview:large","max-video-preview":"max-video-preview:-1"},"og_locale":"sv_SE","og_type":"article","og_title":"Jag har ett svenskt testamente, som jag vill g\u00f6ra vissa \u00e4ndringar i avseende mina tillg\u00e5ngar i Spanien. M\u00e5ste jag resa till Sverige f\u00f6r detta?","og_description":"Jag utg\u00e5r ifr\u00e5n att Du \u00e4r svensk medborgare och bosatt i Spanien med egendom h\u00e4r. Det testamente, som Du uppr\u00e4ttat i Sverige enligt de formkrav som g\u00e4ller enligt svensk r\u00e4tt, medf\u00f6r att testamentet ocks\u00e5 \u00e4r giltigt i Spanien vid f\u00f6rdelning av Din spanska egendom. Av advokat G\u00f6ran Rise Ett till\u00e4gg till testamente skall enligt svensk [&hellip;]","og_url":"https:\/\/lightweb.dev\/l\/svm-temp\/artiklar\/jag-har-ett-svenskt-testamente-som-jag-vill-gora-vissa-andringar-i-avseende-mina-tillgangar-i-spanien-maste-jag-resa-till-sverige-for-detta\/","og_site_name":"Svenska Magasinet","article_publisher":"https:\/\/www.facebook.com\/svenskamagasinet","article_published_time":"2013-01-09T23:00:00+00:00","og_image":[{"width":299,"height":200,"url":"https:\/\/lightweb.dev\/l\/svm-temp\/wp-content\/uploads\/2022\/04\/jag-har-ett-svenskt-testamente-som-jag-vill-gra-vissa-ndringar-i-avseende-mina-tillgngar-i-spanien-mste-jag-resa-till-sverige-fr-detta.png","type":"image\/png"}],"author":"Redaktionen SvM","twitter_card":"summary_large_image","twitter_creator":"@SvenskaMagasine","twitter_site":"@SvenskaMagasine","schema":{"@context":"https:\/\/schema.org","@graph":[{"@type":"Article","@id":"https:\/\/lightweb.dev\/l\/svm-temp\/artiklar\/jag-har-ett-svenskt-testamente-som-jag-vill-gora-vissa-andringar-i-avseende-mina-tillgangar-i-spanien-maste-jag-resa-till-sverige-for-detta\/#article","isPartOf":{"@id":"https:\/\/lightweb.dev\/l\/svm-temp\/artiklar\/jag-har-ett-svenskt-testamente-som-jag-vill-gora-vissa-andringar-i-avseende-mina-tillgangar-i-spanien-maste-jag-resa-till-sverige-for-detta\/"},"author":{"name":"Redaktionen SvM","@id":"https:\/\/lightweb.dev\/l\/svm-temp\/#\/schema\/person\/206a3bda5b607b0c25e1749191e4d837"},"headline":"Jag har ett svenskt testamente, som jag vill g\u00f6ra vissa \u00e4ndringar i avseende mina tillg\u00e5ngar i Spanien. M\u00e5ste jag resa till Sverige f\u00f6r detta?","datePublished":"2013-01-09T23:00:00+00:00","mainEntityOfPage":{"@id":"https:\/\/lightweb.dev\/l\/svm-temp\/artiklar\/jag-har-ett-svenskt-testamente-som-jag-vill-gora-vissa-andringar-i-avseende-mina-tillgangar-i-spanien-maste-jag-resa-till-sverige-for-detta\/"},"wordCount":280,"commentCount":0,"publisher":{"@id":"https:\/\/lightweb.dev\/l\/svm-temp\/#organization"},"image":{"@id":"https:\/\/lightweb.dev\/l\/svm-temp\/artiklar\/jag-har-ett-svenskt-testamente-som-jag-vill-gora-vissa-andringar-i-avseende-mina-tillgangar-i-spanien-maste-jag-resa-till-sverige-for-detta\/#primaryimage"},"thumbnailUrl":"https:\/\/lightweb.dev\/l\/svm-temp\/wp-content\/uploads\/2022\/04\/jag-har-ett-svenskt-testamente-som-jag-vill-gra-vissa-ndringar-i-avseende-mina-tillgngar-i-spanien-mste-jag-resa-till-sverige-fr-detta.png","articleSection":["Arkiv","Artiklar"],"inLanguage":"sv-SE"},{"@type":"WebPage","@id":"https:\/\/lightweb.dev\/l\/svm-temp\/artiklar\/jag-har-ett-svenskt-testamente-som-jag-vill-gora-vissa-andringar-i-avseende-mina-tillgangar-i-spanien-maste-jag-resa-till-sverige-for-detta\/","url":"https:\/\/lightweb.dev\/l\/svm-temp\/artiklar\/jag-har-ett-svenskt-testamente-som-jag-vill-gora-vissa-andringar-i-avseende-mina-tillgangar-i-spanien-maste-jag-resa-till-sverige-for-detta\/","name":"Jag har ett svenskt testamente, som jag vill g\u00f6ra vissa \u00e4ndringar i avseende mina tillg\u00e5ngar i Spanien. M\u00e5ste jag resa till Sverige f\u00f6r detta? - Svenska Magasinet","isPartOf":{"@id":"https:\/\/lightweb.dev\/l\/svm-temp\/#website"},"primaryImageOfPage":{"@id":"https:\/\/lightweb.dev\/l\/svm-temp\/artiklar\/jag-har-ett-svenskt-testamente-som-jag-vill-gora-vissa-andringar-i-avseende-mina-tillgangar-i-spanien-maste-jag-resa-till-sverige-for-detta\/#primaryimage"},"image":{"@id":"https:\/\/lightweb.dev\/l\/svm-temp\/artiklar\/jag-har-ett-svenskt-testamente-som-jag-vill-gora-vissa-andringar-i-avseende-mina-tillgangar-i-spanien-maste-jag-resa-till-sverige-for-detta\/#primaryimage"},"thumbnailUrl":"https:\/\/lightweb.dev\/l\/svm-temp\/wp-content\/uploads\/2022\/04\/jag-har-ett-svenskt-testamente-som-jag-vill-gra-vissa-ndringar-i-avseende-mina-tillgngar-i-spanien-mste-jag-resa-till-sverige-fr-detta.png","datePublished":"2013-01-09T23:00:00+00:00","breadcrumb":{"@id":"https:\/\/lightweb.dev\/l\/svm-temp\/artiklar\/jag-har-ett-svenskt-testamente-som-jag-vill-gora-vissa-andringar-i-avseende-mina-tillgangar-i-spanien-maste-jag-resa-till-sverige-for-detta\/#breadcrumb"},"inLanguage":"sv-SE","potentialAction":[{"@type":"ReadAction","target":["https:\/\/lightweb.dev\/l\/svm-temp\/artiklar\/jag-har-ett-svenskt-testamente-som-jag-vill-gora-vissa-andringar-i-avseende-mina-tillgangar-i-spanien-maste-jag-resa-till-sverige-for-detta\/"]}]},{"@type":"ImageObject","inLanguage":"sv-SE","@id":"https:\/\/lightweb.dev\/l\/svm-temp\/artiklar\/jag-har-ett-svenskt-testamente-som-jag-vill-gora-vissa-andringar-i-avseende-mina-tillgangar-i-spanien-maste-jag-resa-till-sverige-for-detta\/#primaryimage","url":"https:\/\/lightweb.dev\/l\/svm-temp\/wp-content\/uploads\/2022\/04\/jag-har-ett-svenskt-testamente-som-jag-vill-gra-vissa-ndringar-i-avseende-mina-tillgngar-i-spanien-mste-jag-resa-till-sverige-fr-detta.png","contentUrl":"https:\/\/lightweb.dev\/l\/svm-temp\/wp-content\/uploads\/2022\/04\/jag-har-ett-svenskt-testamente-som-jag-vill-gra-vissa-ndringar-i-avseende-mina-tillgngar-i-spanien-mste-jag-resa-till-sverige-fr-detta.png","width":299,"height":200},{"@type":"BreadcrumbList","@id":"https:\/\/lightweb.dev\/l\/svm-temp\/artiklar\/jag-har-ett-svenskt-testamente-som-jag-vill-gora-vissa-andringar-i-avseende-mina-tillgangar-i-spanien-maste-jag-resa-till-sverige-for-detta\/#breadcrumb","itemListElement":[{"@type":"ListItem","position":1,"name":"Hem","item":"https:\/\/lightweb.dev\/l\/svm-temp\/"},{"@type":"ListItem","position":2,"name":"Jag har ett svenskt testamente, som jag vill g\u00f6ra vissa \u00e4ndringar i avseende mina tillg\u00e5ngar i Spanien. M\u00e5ste jag resa till Sverige f\u00f6r detta?"}]},{"@type":"WebSite","@id":"https:\/\/lightweb.dev\/l\/svm-temp\/#website","url":"https:\/\/lightweb.dev\/l\/svm-temp\/","name":"Svenska Magasinet","description":"Dina Spanska nyheter p&aring; Svenska","publisher":{"@id":"https:\/\/lightweb.dev\/l\/svm-temp\/#organization"},"potentialAction":[{"@type":"SearchAction","target":{"@type":"EntryPoint","urlTemplate":"https:\/\/lightweb.dev\/l\/svm-temp\/?s={search_term_string}"},"query-input":{"@type":"PropertyValueSpecification","valueRequired":true,"valueName":"search_term_string"}}],"inLanguage":"sv-SE"},{"@type":"Organization","@id":"https:\/\/lightweb.dev\/l\/svm-temp\/#organization","name":"Melkerson y Nott SL","alternateName":"Svenska Magasinet","url":"https:\/\/lightweb.dev\/l\/svm-temp\/","logo":{"@type":"ImageObject","inLanguage":"sv-SE","@id":"https:\/\/lightweb.dev\/l\/svm-temp\/#\/schema\/logo\/image\/","url":"https:\/\/lightweb.dev\/l\/svm-temp\/wp-content\/uploads\/2025\/02\/SvM-logo-Xtra-Centrerad-SVART.png","contentUrl":"https:\/\/lightweb.dev\/l\/svm-temp\/wp-content\/uploads\/2025\/02\/SvM-logo-Xtra-Centrerad-SVART.png","width":300,"height":99,"caption":"Melkerson y Nott SL"},"image":{"@id":"https:\/\/lightweb.dev\/l\/svm-temp\/#\/schema\/logo\/image\/"},"sameAs":["https:\/\/www.facebook.com\/svenskamagasinet","https:\/\/x.com\/SvenskaMagasine"]},{"@type":"Person","@id":"https:\/\/lightweb.dev\/l\/svm-temp\/#\/schema\/person\/206a3bda5b607b0c25e1749191e4d837","name":"Redaktionen SvM","description":"Redaktionen","sameAs":["https:\/\/lightweb.dev\/l\/svm-temp"],"url":"https:\/\/lightweb.dev\/l\/svm-temp\/reporter\/redaktionen\/"}]}},"_links":{"self":[{"href":"https:\/\/lightweb.dev\/l\/svm-temp\/wp-json\/wp\/v2\/posts\/4436","targetHints":{"allow":["GET"]}}],"collection":[{"href":"https:\/\/lightweb.dev\/l\/svm-temp\/wp-json\/wp\/v2\/posts"}],"about":[{"href":"https:\/\/lightweb.dev\/l\/svm-temp\/wp-json\/wp\/v2\/types\/post"}],"author":[{"embeddable":true,"href":"https:\/\/lightweb.dev\/l\/svm-temp\/wp-json\/wp\/v2\/users\/8"}],"replies":[{"embeddable":true,"href":"https:\/\/lightweb.dev\/l\/svm-temp\/wp-json\/wp\/v2\/comments?post=4436"}],"version-history":[{"count":0,"href":"https:\/\/lightweb.dev\/l\/svm-temp\/wp-json\/wp\/v2\/posts\/4436\/revisions"}],"wp:featuredmedia":[{"embeddable":true,"href":"https:\/\/lightweb.dev\/l\/svm-temp\/wp-json\/wp\/v2\/media\/4437"}],"wp:attachment":[{"href":"https:\/\/lightweb.dev\/l\/svm-temp\/wp-json\/wp\/v2\/media?parent=4436"}],"wp:term":[{"taxonomy":"category","embeddable":true,"href":"https:\/\/lightweb.dev\/l\/svm-temp\/wp-json\/wp\/v2\/categories?post=4436"},{"taxonomy":"post_tag","embeddable":true,"href":"https:\/\/lightweb.dev\/l\/svm-temp\/wp-json\/wp\/v2\/tags?post=4436"}],"curies":[{"name":"wp","href":"https:\/\/api.w.org\/{rel}","templated":true}]}}