{"id":4439,"date":"2013-01-10T00:00:00","date_gmt":"2013-01-09T23:00:00","guid":{"rendered":"https:\/\/lightweb.dev\/l\/svm-temp\/varme-karlek-och-skratt-mot-lasse-marianne-och-bandy\/"},"modified":"2013-01-10T00:00:00","modified_gmt":"2013-01-09T23:00:00","slug":"varme-karlek-och-skratt-mot-lasse-marianne-och-bandy","status":"publish","type":"post","link":"https:\/\/lightweb.dev\/l\/svm-temp\/artiklar\/varme-karlek-och-skratt-mot-lasse-marianne-och-bandy\/","title":{"rendered":"V\u00e4rme, k\u00e4rlek och skratt &#8211;  m\u00f6t Lasse, Marianne och Bandy"},"content":{"rendered":"<p> \u00c4r det inte underbart att k\u00e4rleken kan sl\u00e5 ner som en blixt n\u00e4r som helst i livet. Detta \u00e4r precis vad som har h\u00e4nt med Lasse och Marianne. De tr\u00e4ffades av en ren slump skulle man kunna s\u00e4ga fast egentligen var det en \u201dblind date\u201d Av Annika Jonsson<br \/>\nDet var den 14:e september f\u00f6rra \u00e5ret som en gemensam god v\u00e4n kom p\u00e5 iden att Lasse och Marianne skulle passa bra ihop. Sagt och gjort, hon bj\u00f6d in dem p\u00e5 kr\u00e4ftskiva hemma hos sig i Lysekil i Bohusl\u00e4n.<br \/>\nMarianne: \u201d Ja, vi tr\u00e4ffades en stormig h\u00f6stdag i Lysekil\u201d.<br \/>\n\u201dVar det k\u00e4rlek vid f\u00f6rsta \u00f6gonkastet\u201d? fr\u00e5gar jag.<br \/>\nB\u00e5de Lasse och Marianne s\u00e4ger samtidigt: \u201dOnej!\u201d<br \/>\n\u201dJass\u00e5 inte\u201d?<br \/>\nLasse: \u201d N\u00e4, det tog s\u00e4kert en hel vecka\u201d!<br \/>\n\u201dEn hel vecka\u201d!<br \/>\nLasse: \u201dJa, jag tror det. Efter kr\u00e4ftskivan s\u00e5 b\u00f6rjade vi maila till varandra\u201d.<br \/>\nMarianne: \u201d Ja, s\u00e5 var det. Det \u00e4r helt otroligt vad mycket man kan l\u00e4ra k\u00e4nna varandra via mail\u201d.<br \/>\n\u201dD\u00e5 skulle man kunna s\u00e4ga att det var k\u00e4rlek vid andra \u00f6gonkastet\u201d?<br \/>\n\u201dDet skulle man kunna s\u00e4ga\u201d, s\u00e4ger Marianne och tittar mot sin Lasse.<\/p>\n<p>Lasse tittar tillbaka och de b\u00f6rjar b\u00e5da skratta. De skrattar ofta och mycket. Det \u00e4r en uppsluppen st\u00e4mning. Mycket trevlig och opretanti\u00f6s. Att Lasse och Marianne har funnit varandra p\u00e5 \u00e4ldre dar g\u00e5r inte att ta miste p\u00e5. Det liksom ligger i luften. De har helt enkelt g\u00e5tt och blivit k\u00e4ra.<br \/>\nLasse: \u201dVem kunde tro att jag skulle ha turen att tr\u00e4ffa en s\u00e5dan h\u00e4r underbar kvinna vid det h\u00e4r skedet av mitt liv? Livet \u00e4r bara helt underbart. Jag f\u00f6rs\u00f6ker att hitta n\u00e5got fel p\u00e5 henne, jag menar, n\u00e5got m\u00e5ste ju dyka upp f\u00f6rr eller senare? Men icke! Det enda som vi inte \u00e4r \u00f6verrens om \u00e4r koriander. Jag tycker inte om det men det g\u00f6r Marianne. Och det kan man ju leva med\u201d, s\u00e4ger han med ett leende, och tittar varmt p\u00e5 sin Marianne.<br \/>\nMarianne: \u201d Fast jag tycker nog att det \u00e4r ganska allvarligt. Jag menar hur kan man inte tycka om koriander\u201d? Nu skrattar de b\u00e5da igen. Hon forts\u00e4tter:\u201d N\u00e4, jag vet en sak till. Lampan som h\u00e4ngde \u00f6ver matsalsbordet. Den gillade du, men inte jag\u201d.<br \/>\nJag tittar \u00f6ver bordet och ser att d\u00e4r h\u00e4nger en ny lampa.<br \/>\n\u201dS\u00e5 det \u00e4r allts\u00e5 du Marianne som best\u00e4mmer hur saker och ting skall se ut h\u00e4r\u201d?<br \/>\nMarianne: \u201dAbsolut inte. N\u00e4r vi k\u00f6pte den h\u00e4r l\u00e4genheten i maj i \u00e5r s\u00e5 s\u00e5g den helt annorlunda ut. Det var Lasse som genast s\u00e5g potentialen. Han sa direkt att vi m\u00e5ste ta bort badrummet utanf\u00f6r k\u00f6ket och sl\u00e5 ner v\u00e4ggen ut mot vardagsrummet s\u00e5 det blir ljust och luftigt. Det var Lasse minsann. Du vet ju sj\u00e4lv Annika hur h\u00e4r s\u00e5g ut innan eller hur? Det \u00e4r ju du som har hj\u00e4lpt oss med renoveringen\u201d.<br \/>\nJo, nog visste jag det alltid, och jag m\u00e5ste s\u00e4ga att l\u00e4genheten har totalt transformerats.<br \/>\nLasse: \u201d Ja, jag kommer ih\u00e5g, n\u00e4r jag ville ha ett r\u00f6tt k\u00f6k, hur jag fick motst\u00e5nd av er b\u00e5da, s\u00e5 det s\u00e5.<br \/>\nTitta h\u00e4r nu hur bra det blev. Hade jag r\u00e4tt eller hade jag fel\u201d! s\u00e4ger han bel\u00e5tet.<br \/>\n\u201dS\u00e5 d\u00e5 \u00e4r det allts\u00e5 du som best\u00e4mmer? Var f\u00e5r du din inspiration ifr\u00e5n\u201d?<br \/>\nLasse: \u201d Jo, jag har ju jobbat med fastigheter i hela mitt liv. Som fastighetsv\u00e4rderare har jag nog sett allt som finns att se. Och fr\u00e5n detta har jag tagit med mig de bra ideerna. F\u00f6r att jag skall trivas s\u00e5 m\u00e5ste det vara ljust och luftigt. Det \u00e4r v\u00e4l det skandinaviska i mig, antar jag. Men \u00e5 andra sidan s\u00e5 hade jag kunnat bo hur som helst, var som helst, bara jag f\u00e5r vara tillsammans med Marianne\u201d!<br \/>\n\u201dHan e la go den gubben\u201d! s\u00e4ger Marianne och tindrar med \u00f6gonen. \u201dHan har satsat allt p\u00e5 v\u00e5rt nya liv tillsammans och jag tycker att vi har hamnat r\u00e4tt\u201d.<br \/>\nNu blir de s\u00e5 d\u00e4r goa igen och det g\u00e5r inte att missta sig p\u00e5 att h\u00e4r \u00e4r det tv\u00e5 fullvuxna personer som har hittat hem. Marianne har bott h\u00e4r nere p\u00e5 kusten sedan 2000. Hon \u00f6ppnade en restaurang tillsammans med sin tvillingsyster i Calahonda. Efter sju \u00e5r flyttade de till Fuengirola. Restaurangen heter Las Gemelas,\u201dTvillingarnas\u201d, och har som specialitet svensk husmanskost.<br \/>\n\u201dDet \u00e4r tufft att driva restaurang idag men vi \u00e4r lyckligt lottade som har fullt med g\u00e4ster varje dag\u201d.<br \/>\nS\u00f6ndagar \u00e4r hennes enda lediga dag. Hon s\u00e4ger:\u201d Vad jag \u00f6nskade att veckan hade tv\u00e5 s\u00f6ndagar efter varandra\u201d!<br \/>\n\u201dDu Marianne, jag har en enkel ide\u2019. Stryk \u00f6ver alla m\u00e5ndagar i din almanacka och skriv dit s\u00f6ndag ist\u00e4llet!! Vips s\u00e5 har du tv\u00e5 s\u00f6ndagar i rad\u201d.<br \/>\nDet finns en tredje familjemedlem i familjen. En liten svart katt som heter Bandy. Bandy var en katt som bodde p\u00e5 gatan n\u00e4ra d\u00e4r jag bor och jag f\u00f6rs\u00f6kte att ta hand om henne vid ett flertal tillf\u00e4llen. Men mina andra fyra katter tyckte inte att det var en bra ide. S\u00e5 jag fr\u00e5gade Marianne om hon kunde t\u00e4nka sig att g\u00f6ra det. Hon hade aldrig haft katt f\u00f6rut men hon hade inte hj\u00e4rta att s\u00e4ga nej. S\u00e5 f\u00f6r cirka ett \u00e5r sedan s\u00e5 fick Bandy en ny matte. Idag \u00e4r de som ler och l\u00e5nghalm.<br \/>\nBandy har ocks\u00e5 blivit omd\u00f6pt till : Mitt lilla hj\u00e4rta! Jag \u00e4lskar djurhistorier som har ett lyckligt slut och Bandy har hamnat i himmelriket. Nu till jul s\u00e5 skall Lasse och Marianne \u00e5ka till Sverige en vecka och d\u00e5 skall lilla Bandy ta in p\u00e5 SPA.<br \/>\nPlanen \u00e4r att de skall bo i Sverige under sommarm\u00e5naderna och Lasse har just k\u00f6pt en sommarstuga p\u00e5 Bj\u00f6rk\u00f6 i Bohusl\u00e4n. Sommarstugan skall v\u00e4ck och ett nytt hus skall byggas. Lasse \u00e4r inte en man som sitter och v\u00e4ntar precis. Kanske jag \u00e5terkommer med en artikel d\u00e4r vi kan f\u00f6lja dem p\u00e5 deras senaste \u00e4ventyr. Lilla Bandy har g\u00e5tt fr\u00e5n att vara en hungrig utekatt till ett liv av total harmoni. Innan jag g\u00e5r s\u00e5 s\u00e4ger hon till mig:<br \/>\n\u201dJag kommer givetvis att flyga med till Bj\u00f6rk\u00f6 varje sommar. Det skall bli s\u00e5 sp\u00e4nnande. Fast jag undrar hur de svenska katterna \u00e4r? \u00c4r de inte lite kyliga och tillbakadragna? Men jag skall nog f\u00e5 fart p\u00e5 dem med lite flamenco och Ole\u2019, Ole\u2019\u201d<\/p>\n","protected":false},"excerpt":{"rendered":"<p>\u00c4r det inte underbart att k\u00e4rleken kan sl\u00e5 ner som en blixt n\u00e4r som helst i livet. Detta \u00e4r precis vad som har h\u00e4nt med Lasse och Marianne. De tr\u00e4ffades av en ren slump skulle man kunna s\u00e4ga fast egentligen var det en \u201dblind date\u201d Av Annika Jonsson Det var den 14:e september f\u00f6rra \u00e5ret [&hellip;]<\/p>\n","protected":false},"author":8,"featured_media":4440,"comment_status":"open","ping_status":"open","sticky":false,"template":"","format":"standard","meta":{"_et_pb_use_builder":"","_et_pb_old_content":"","_et_gb_content_width":"","footnotes":""},"categories":[4,37],"tags":[],"class_list":["post-4439","post","type-post","status-publish","format-standard","has-post-thumbnail","hentry","category-artiklar","category-hem-bostad"],"yoast_head":"<!-- This site is optimized with the Yoast SEO Premium plugin v26.2 (Yoast SEO v28.2) - https:\/\/yoast.com\/product\/yoast-seo-premium-wordpress\/ -->\n<title>V\u00e4rme, k\u00e4rlek och skratt - m\u00f6t Lasse, Marianne och Bandy - Svenska Magasinet<\/title>\n<meta name=\"robots\" content=\"noindex, follow, max-snippet:-1, max-image-preview:large, max-video-preview:-1\" \/>\n<meta property=\"og:locale\" content=\"sv_SE\" \/>\n<meta property=\"og:type\" content=\"article\" \/>\n<meta property=\"og:title\" content=\"V\u00e4rme, k\u00e4rlek och skratt - m\u00f6t Lasse, Marianne och Bandy\" \/>\n<meta property=\"og:description\" content=\"\u00c4r det inte underbart att k\u00e4rleken kan sl\u00e5 ner som en blixt n\u00e4r som helst i livet. Detta \u00e4r precis vad som har h\u00e4nt med Lasse och Marianne. De tr\u00e4ffades av en ren slump skulle man kunna s\u00e4ga fast egentligen var det en \u201dblind date\u201d Av Annika Jonsson Det var den 14:e september f\u00f6rra \u00e5ret [&hellip;]\" \/>\n<meta property=\"og:url\" content=\"https:\/\/lightweb.dev\/l\/svm-temp\/artiklar\/varme-karlek-och-skratt-mot-lasse-marianne-och-bandy\/\" \/>\n<meta property=\"og:site_name\" content=\"Svenska Magasinet\" \/>\n<meta property=\"article:publisher\" content=\"https:\/\/www.facebook.com\/svenskamagasinet\" \/>\n<meta property=\"article:published_time\" content=\"2013-01-09T23:00:00+00:00\" \/>\n<meta property=\"og:image\" content=\"https:\/\/lightweb.dev\/l\/svm-temp\/wp-content\/uploads\/2022\/04\/vrme-krlek-och-skratt-mt-lasse-marianne-och-bandy.png\" \/>\n\t<meta property=\"og:image:width\" content=\"280\" \/>\n\t<meta property=\"og:image:height\" content=\"210\" \/>\n\t<meta property=\"og:image:type\" content=\"image\/png\" \/>\n<meta name=\"author\" content=\"Redaktionen SvM\" \/>\n<meta name=\"twitter:card\" content=\"summary_large_image\" \/>\n<meta name=\"twitter:creator\" content=\"@SvenskaMagasine\" \/>\n<meta name=\"twitter:site\" content=\"@SvenskaMagasine\" \/>\n<script type=\"application\/ld+json\" class=\"yoast-schema-graph\">{\"@context\":\"https:\\\/\\\/schema.org\",\"@graph\":[{\"@type\":\"Article\",\"@id\":\"https:\\\/\\\/lightweb.dev\\\/l\\\/svm-temp\\\/artiklar\\\/varme-karlek-och-skratt-mot-lasse-marianne-och-bandy\\\/#article\",\"isPartOf\":{\"@id\":\"https:\\\/\\\/lightweb.dev\\\/l\\\/svm-temp\\\/artiklar\\\/varme-karlek-och-skratt-mot-lasse-marianne-och-bandy\\\/\"},\"author\":{\"name\":\"Redaktionen SvM\",\"@id\":\"https:\\\/\\\/lightweb.dev\\\/l\\\/svm-temp\\\/#\\\/schema\\\/person\\\/206a3bda5b607b0c25e1749191e4d837\"},\"headline\":\"V\u00e4rme, k\u00e4rlek och skratt &#8211; m\u00f6t Lasse, Marianne och Bandy\",\"datePublished\":\"2013-01-09T23:00:00+00:00\",\"mainEntityOfPage\":{\"@id\":\"https:\\\/\\\/lightweb.dev\\\/l\\\/svm-temp\\\/artiklar\\\/varme-karlek-och-skratt-mot-lasse-marianne-och-bandy\\\/\"},\"wordCount\":1170,\"commentCount\":0,\"publisher\":{\"@id\":\"https:\\\/\\\/lightweb.dev\\\/l\\\/svm-temp\\\/#organization\"},\"image\":{\"@id\":\"https:\\\/\\\/lightweb.dev\\\/l\\\/svm-temp\\\/artiklar\\\/varme-karlek-och-skratt-mot-lasse-marianne-och-bandy\\\/#primaryimage\"},\"thumbnailUrl\":\"https:\\\/\\\/lightweb.dev\\\/l\\\/svm-temp\\\/wp-content\\\/uploads\\\/2022\\\/04\\\/vrme-krlek-och-skratt-mt-lasse-marianne-och-bandy.png\",\"articleSection\":[\"Artiklar\",\"Hem &amp; bostad\"],\"inLanguage\":\"sv-SE\"},{\"@type\":\"WebPage\",\"@id\":\"https:\\\/\\\/lightweb.dev\\\/l\\\/svm-temp\\\/artiklar\\\/varme-karlek-och-skratt-mot-lasse-marianne-och-bandy\\\/\",\"url\":\"https:\\\/\\\/lightweb.dev\\\/l\\\/svm-temp\\\/artiklar\\\/varme-karlek-och-skratt-mot-lasse-marianne-och-bandy\\\/\",\"name\":\"V\u00e4rme, k\u00e4rlek och skratt - m\u00f6t Lasse, Marianne och Bandy - Svenska Magasinet\",\"isPartOf\":{\"@id\":\"https:\\\/\\\/lightweb.dev\\\/l\\\/svm-temp\\\/#website\"},\"primaryImageOfPage\":{\"@id\":\"https:\\\/\\\/lightweb.dev\\\/l\\\/svm-temp\\\/artiklar\\\/varme-karlek-och-skratt-mot-lasse-marianne-och-bandy\\\/#primaryimage\"},\"image\":{\"@id\":\"https:\\\/\\\/lightweb.dev\\\/l\\\/svm-temp\\\/artiklar\\\/varme-karlek-och-skratt-mot-lasse-marianne-och-bandy\\\/#primaryimage\"},\"thumbnailUrl\":\"https:\\\/\\\/lightweb.dev\\\/l\\\/svm-temp\\\/wp-content\\\/uploads\\\/2022\\\/04\\\/vrme-krlek-och-skratt-mt-lasse-marianne-och-bandy.png\",\"datePublished\":\"2013-01-09T23:00:00+00:00\",\"breadcrumb\":{\"@id\":\"https:\\\/\\\/lightweb.dev\\\/l\\\/svm-temp\\\/artiklar\\\/varme-karlek-och-skratt-mot-lasse-marianne-och-bandy\\\/#breadcrumb\"},\"inLanguage\":\"sv-SE\",\"potentialAction\":[{\"@type\":\"ReadAction\",\"target\":[\"https:\\\/\\\/lightweb.dev\\\/l\\\/svm-temp\\\/artiklar\\\/varme-karlek-och-skratt-mot-lasse-marianne-och-bandy\\\/\"]}]},{\"@type\":\"ImageObject\",\"inLanguage\":\"sv-SE\",\"@id\":\"https:\\\/\\\/lightweb.dev\\\/l\\\/svm-temp\\\/artiklar\\\/varme-karlek-och-skratt-mot-lasse-marianne-och-bandy\\\/#primaryimage\",\"url\":\"https:\\\/\\\/lightweb.dev\\\/l\\\/svm-temp\\\/wp-content\\\/uploads\\\/2022\\\/04\\\/vrme-krlek-och-skratt-mt-lasse-marianne-och-bandy.png\",\"contentUrl\":\"https:\\\/\\\/lightweb.dev\\\/l\\\/svm-temp\\\/wp-content\\\/uploads\\\/2022\\\/04\\\/vrme-krlek-och-skratt-mt-lasse-marianne-och-bandy.png\",\"width\":280,\"height\":210},{\"@type\":\"BreadcrumbList\",\"@id\":\"https:\\\/\\\/lightweb.dev\\\/l\\\/svm-temp\\\/artiklar\\\/varme-karlek-och-skratt-mot-lasse-marianne-och-bandy\\\/#breadcrumb\",\"itemListElement\":[{\"@type\":\"ListItem\",\"position\":1,\"name\":\"Hem\",\"item\":\"https:\\\/\\\/lightweb.dev\\\/l\\\/svm-temp\\\/\"},{\"@type\":\"ListItem\",\"position\":2,\"name\":\"V\u00e4rme, k\u00e4rlek och skratt &#8211; m\u00f6t Lasse, Marianne och Bandy\"}]},{\"@type\":\"WebSite\",\"@id\":\"https:\\\/\\\/lightweb.dev\\\/l\\\/svm-temp\\\/#website\",\"url\":\"https:\\\/\\\/lightweb.dev\\\/l\\\/svm-temp\\\/\",\"name\":\"Svenska Magasinet\",\"description\":\"Dina Spanska nyheter p&aring; Svenska\",\"publisher\":{\"@id\":\"https:\\\/\\\/lightweb.dev\\\/l\\\/svm-temp\\\/#organization\"},\"potentialAction\":[{\"@type\":\"SearchAction\",\"target\":{\"@type\":\"EntryPoint\",\"urlTemplate\":\"https:\\\/\\\/lightweb.dev\\\/l\\\/svm-temp\\\/?s={search_term_string}\"},\"query-input\":{\"@type\":\"PropertyValueSpecification\",\"valueRequired\":true,\"valueName\":\"search_term_string\"}}],\"inLanguage\":\"sv-SE\"},{\"@type\":\"Organization\",\"@id\":\"https:\\\/\\\/lightweb.dev\\\/l\\\/svm-temp\\\/#organization\",\"name\":\"Melkerson y Nott SL\",\"alternateName\":\"Svenska Magasinet\",\"url\":\"https:\\\/\\\/lightweb.dev\\\/l\\\/svm-temp\\\/\",\"logo\":{\"@type\":\"ImageObject\",\"inLanguage\":\"sv-SE\",\"@id\":\"https:\\\/\\\/lightweb.dev\\\/l\\\/svm-temp\\\/#\\\/schema\\\/logo\\\/image\\\/\",\"url\":\"https:\\\/\\\/lightweb.dev\\\/l\\\/svm-temp\\\/wp-content\\\/uploads\\\/2025\\\/02\\\/SvM-logo-Xtra-Centrerad-SVART.png\",\"contentUrl\":\"https:\\\/\\\/lightweb.dev\\\/l\\\/svm-temp\\\/wp-content\\\/uploads\\\/2025\\\/02\\\/SvM-logo-Xtra-Centrerad-SVART.png\",\"width\":300,\"height\":99,\"caption\":\"Melkerson y Nott SL\"},\"image\":{\"@id\":\"https:\\\/\\\/lightweb.dev\\\/l\\\/svm-temp\\\/#\\\/schema\\\/logo\\\/image\\\/\"},\"sameAs\":[\"https:\\\/\\\/www.facebook.com\\\/svenskamagasinet\",\"https:\\\/\\\/x.com\\\/SvenskaMagasine\"]},{\"@type\":\"Person\",\"@id\":\"https:\\\/\\\/lightweb.dev\\\/l\\\/svm-temp\\\/#\\\/schema\\\/person\\\/206a3bda5b607b0c25e1749191e4d837\",\"name\":\"Redaktionen SvM\",\"description\":\"Redaktionen\",\"sameAs\":[\"https:\\\/\\\/lightweb.dev\\\/l\\\/svm-temp\"],\"url\":\"https:\\\/\\\/lightweb.dev\\\/l\\\/svm-temp\\\/reporter\\\/redaktionen\\\/\"}]}<\/script>\n<!-- \/ Yoast SEO Premium plugin. -->","yoast_head_json":{"title":"V\u00e4rme, k\u00e4rlek och skratt - m\u00f6t Lasse, Marianne och Bandy - Svenska Magasinet","robots":{"index":"noindex","follow":"follow","max-snippet":"max-snippet:-1","max-image-preview":"max-image-preview:large","max-video-preview":"max-video-preview:-1"},"og_locale":"sv_SE","og_type":"article","og_title":"V\u00e4rme, k\u00e4rlek och skratt - m\u00f6t Lasse, Marianne och Bandy","og_description":"\u00c4r det inte underbart att k\u00e4rleken kan sl\u00e5 ner som en blixt n\u00e4r som helst i livet. Detta \u00e4r precis vad som har h\u00e4nt med Lasse och Marianne. De tr\u00e4ffades av en ren slump skulle man kunna s\u00e4ga fast egentligen var det en \u201dblind date\u201d Av Annika Jonsson Det var den 14:e september f\u00f6rra \u00e5ret [&hellip;]","og_url":"https:\/\/lightweb.dev\/l\/svm-temp\/artiklar\/varme-karlek-och-skratt-mot-lasse-marianne-och-bandy\/","og_site_name":"Svenska Magasinet","article_publisher":"https:\/\/www.facebook.com\/svenskamagasinet","article_published_time":"2013-01-09T23:00:00+00:00","og_image":[{"width":280,"height":210,"url":"https:\/\/lightweb.dev\/l\/svm-temp\/wp-content\/uploads\/2022\/04\/vrme-krlek-och-skratt-mt-lasse-marianne-och-bandy.png","type":"image\/png"}],"author":"Redaktionen SvM","twitter_card":"summary_large_image","twitter_creator":"@SvenskaMagasine","twitter_site":"@SvenskaMagasine","schema":{"@context":"https:\/\/schema.org","@graph":[{"@type":"Article","@id":"https:\/\/lightweb.dev\/l\/svm-temp\/artiklar\/varme-karlek-och-skratt-mot-lasse-marianne-och-bandy\/#article","isPartOf":{"@id":"https:\/\/lightweb.dev\/l\/svm-temp\/artiklar\/varme-karlek-och-skratt-mot-lasse-marianne-och-bandy\/"},"author":{"name":"Redaktionen SvM","@id":"https:\/\/lightweb.dev\/l\/svm-temp\/#\/schema\/person\/206a3bda5b607b0c25e1749191e4d837"},"headline":"V\u00e4rme, k\u00e4rlek och skratt &#8211; m\u00f6t Lasse, Marianne och Bandy","datePublished":"2013-01-09T23:00:00+00:00","mainEntityOfPage":{"@id":"https:\/\/lightweb.dev\/l\/svm-temp\/artiklar\/varme-karlek-och-skratt-mot-lasse-marianne-och-bandy\/"},"wordCount":1170,"commentCount":0,"publisher":{"@id":"https:\/\/lightweb.dev\/l\/svm-temp\/#organization"},"image":{"@id":"https:\/\/lightweb.dev\/l\/svm-temp\/artiklar\/varme-karlek-och-skratt-mot-lasse-marianne-och-bandy\/#primaryimage"},"thumbnailUrl":"https:\/\/lightweb.dev\/l\/svm-temp\/wp-content\/uploads\/2022\/04\/vrme-krlek-och-skratt-mt-lasse-marianne-och-bandy.png","articleSection":["Artiklar","Hem &amp; bostad"],"inLanguage":"sv-SE"},{"@type":"WebPage","@id":"https:\/\/lightweb.dev\/l\/svm-temp\/artiklar\/varme-karlek-och-skratt-mot-lasse-marianne-och-bandy\/","url":"https:\/\/lightweb.dev\/l\/svm-temp\/artiklar\/varme-karlek-och-skratt-mot-lasse-marianne-och-bandy\/","name":"V\u00e4rme, k\u00e4rlek och skratt - m\u00f6t Lasse, Marianne och Bandy - Svenska Magasinet","isPartOf":{"@id":"https:\/\/lightweb.dev\/l\/svm-temp\/#website"},"primaryImageOfPage":{"@id":"https:\/\/lightweb.dev\/l\/svm-temp\/artiklar\/varme-karlek-och-skratt-mot-lasse-marianne-och-bandy\/#primaryimage"},"image":{"@id":"https:\/\/lightweb.dev\/l\/svm-temp\/artiklar\/varme-karlek-och-skratt-mot-lasse-marianne-och-bandy\/#primaryimage"},"thumbnailUrl":"https:\/\/lightweb.dev\/l\/svm-temp\/wp-content\/uploads\/2022\/04\/vrme-krlek-och-skratt-mt-lasse-marianne-och-bandy.png","datePublished":"2013-01-09T23:00:00+00:00","breadcrumb":{"@id":"https:\/\/lightweb.dev\/l\/svm-temp\/artiklar\/varme-karlek-och-skratt-mot-lasse-marianne-och-bandy\/#breadcrumb"},"inLanguage":"sv-SE","potentialAction":[{"@type":"ReadAction","target":["https:\/\/lightweb.dev\/l\/svm-temp\/artiklar\/varme-karlek-och-skratt-mot-lasse-marianne-och-bandy\/"]}]},{"@type":"ImageObject","inLanguage":"sv-SE","@id":"https:\/\/lightweb.dev\/l\/svm-temp\/artiklar\/varme-karlek-och-skratt-mot-lasse-marianne-och-bandy\/#primaryimage","url":"https:\/\/lightweb.dev\/l\/svm-temp\/wp-content\/uploads\/2022\/04\/vrme-krlek-och-skratt-mt-lasse-marianne-och-bandy.png","contentUrl":"https:\/\/lightweb.dev\/l\/svm-temp\/wp-content\/uploads\/2022\/04\/vrme-krlek-och-skratt-mt-lasse-marianne-och-bandy.png","width":280,"height":210},{"@type":"BreadcrumbList","@id":"https:\/\/lightweb.dev\/l\/svm-temp\/artiklar\/varme-karlek-och-skratt-mot-lasse-marianne-och-bandy\/#breadcrumb","itemListElement":[{"@type":"ListItem","position":1,"name":"Hem","item":"https:\/\/lightweb.dev\/l\/svm-temp\/"},{"@type":"ListItem","position":2,"name":"V\u00e4rme, k\u00e4rlek och skratt &#8211; m\u00f6t Lasse, Marianne och Bandy"}]},{"@type":"WebSite","@id":"https:\/\/lightweb.dev\/l\/svm-temp\/#website","url":"https:\/\/lightweb.dev\/l\/svm-temp\/","name":"Svenska Magasinet","description":"Dina Spanska nyheter p&aring; Svenska","publisher":{"@id":"https:\/\/lightweb.dev\/l\/svm-temp\/#organization"},"potentialAction":[{"@type":"SearchAction","target":{"@type":"EntryPoint","urlTemplate":"https:\/\/lightweb.dev\/l\/svm-temp\/?s={search_term_string}"},"query-input":{"@type":"PropertyValueSpecification","valueRequired":true,"valueName":"search_term_string"}}],"inLanguage":"sv-SE"},{"@type":"Organization","@id":"https:\/\/lightweb.dev\/l\/svm-temp\/#organization","name":"Melkerson y Nott SL","alternateName":"Svenska Magasinet","url":"https:\/\/lightweb.dev\/l\/svm-temp\/","logo":{"@type":"ImageObject","inLanguage":"sv-SE","@id":"https:\/\/lightweb.dev\/l\/svm-temp\/#\/schema\/logo\/image\/","url":"https:\/\/lightweb.dev\/l\/svm-temp\/wp-content\/uploads\/2025\/02\/SvM-logo-Xtra-Centrerad-SVART.png","contentUrl":"https:\/\/lightweb.dev\/l\/svm-temp\/wp-content\/uploads\/2025\/02\/SvM-logo-Xtra-Centrerad-SVART.png","width":300,"height":99,"caption":"Melkerson y Nott SL"},"image":{"@id":"https:\/\/lightweb.dev\/l\/svm-temp\/#\/schema\/logo\/image\/"},"sameAs":["https:\/\/www.facebook.com\/svenskamagasinet","https:\/\/x.com\/SvenskaMagasine"]},{"@type":"Person","@id":"https:\/\/lightweb.dev\/l\/svm-temp\/#\/schema\/person\/206a3bda5b607b0c25e1749191e4d837","name":"Redaktionen SvM","description":"Redaktionen","sameAs":["https:\/\/lightweb.dev\/l\/svm-temp"],"url":"https:\/\/lightweb.dev\/l\/svm-temp\/reporter\/redaktionen\/"}]}},"_links":{"self":[{"href":"https:\/\/lightweb.dev\/l\/svm-temp\/wp-json\/wp\/v2\/posts\/4439","targetHints":{"allow":["GET"]}}],"collection":[{"href":"https:\/\/lightweb.dev\/l\/svm-temp\/wp-json\/wp\/v2\/posts"}],"about":[{"href":"https:\/\/lightweb.dev\/l\/svm-temp\/wp-json\/wp\/v2\/types\/post"}],"author":[{"embeddable":true,"href":"https:\/\/lightweb.dev\/l\/svm-temp\/wp-json\/wp\/v2\/users\/8"}],"replies":[{"embeddable":true,"href":"https:\/\/lightweb.dev\/l\/svm-temp\/wp-json\/wp\/v2\/comments?post=4439"}],"version-history":[{"count":0,"href":"https:\/\/lightweb.dev\/l\/svm-temp\/wp-json\/wp\/v2\/posts\/4439\/revisions"}],"wp:featuredmedia":[{"embeddable":true,"href":"https:\/\/lightweb.dev\/l\/svm-temp\/wp-json\/wp\/v2\/media\/4440"}],"wp:attachment":[{"href":"https:\/\/lightweb.dev\/l\/svm-temp\/wp-json\/wp\/v2\/media?parent=4439"}],"wp:term":[{"taxonomy":"category","embeddable":true,"href":"https:\/\/lightweb.dev\/l\/svm-temp\/wp-json\/wp\/v2\/categories?post=4439"},{"taxonomy":"post_tag","embeddable":true,"href":"https:\/\/lightweb.dev\/l\/svm-temp\/wp-json\/wp\/v2\/tags?post=4439"}],"curies":[{"name":"wp","href":"https:\/\/api.w.org\/{rel}","templated":true}]}}