{"id":4445,"date":"2013-01-10T00:00:00","date_gmt":"2013-01-09T23:00:00","guid":{"rendered":"https:\/\/lightweb.dev\/l\/svm-temp\/har-gjordes-nobelvinet-22-euro-for-en-flaska\/"},"modified":"2013-01-10T00:00:00","modified_gmt":"2013-01-09T23:00:00","slug":"har-gjordes-nobelvinet-22-euro-for-en-flaska","status":"publish","type":"post","link":"https:\/\/lightweb.dev\/l\/svm-temp\/artiklar\/har-gjordes-nobelvinet-22-euro-for-en-flaska\/","title":{"rendered":"H\u00e4r gjordes Nobelvinet \u2013 22 euro f\u00f6r en flaska"},"content":{"rendered":"<p> I V\u00e9lez M\u00e1laga i Axarqu\u00eda-omr\u00e5det p\u00e5 den spanska Solkusten framst\u00e4lldes dessertvinet som serverades i Bl\u00e5 hallen i Stockholms stadshus vid Nobelfesten. I konkurrens med hundra andra viner valdes M\u00e1lagavinet n\u00famero 2 Victoria som framst\u00e4lls av vinproducenten Jorge Ord\u00f3\u00f1ez &#038; Co. Av Ola Josefsson Foto: Vinovativa<\/p>\n<p>Vinet \u00e4r gjort p\u00e5 druvan moscatel och beskrivs som v\u00e4ldoftande och blommigt. N\u00e4stan 1.300 inbjudna g\u00e4ster fick stifta bekantskap med ett av de b\u00e4sta viner med ursprungsbeteckningen Denominaciones de Origen de M\u00e1laga y Sierras de M\u00e1laga.<br \/>\nDet \u00e4r dagstidningen La Opini\u00f3n de M\u00e1laga som ber\u00e4ttar historien om hur ett vin fr\u00e5n industriomr\u00e5det La Pa\u00f1oleta i V\u00e9lez M\u00e1laga hamnade p\u00e5 Nobelfesten med den svenska kungafamiljen p\u00e5 plats. Bakom framst\u00e4llningen av vinet st\u00e5r f\u00f6retaget Jorge Ord\u00f3\u00f1ez.<\/p>\n<p>Bodega Jorge Ord\u00f3\u00f1ez startade s\u00e5 sent som 2004 och 80 procent av vinet g\u00e5r p\u00e5 export till USA, Kanada Mexico, Kina, Japan, Irland, Storbritannien, Ukraina och Sverige.<\/p>\n<p>Under de senaste fyra \u00e5ren har det arbetats h\u00e5rt f\u00f6r att just detta M\u00e1lagavin ska kvalificera sig till Nobelfesten.<br \/>\n\u201dSom f\u00f6rberedelse till Nobelfesten har en blindprovning genomf\u00f6rts med \u00f6ver 100 viner. Hela menyn \u00e4r hemligt tills den offentligg\u00f6rs samma kv\u00e4ll som middagen serveras\u201d, s\u00e4ger marknadschefen Alicia P\u00e9rez-Bryan vid grupo Jorge Ord\u00f3\u00f1ez till tidningen.<\/p>\n<p>Till produktionen anv\u00e4nds druvor fr\u00e5n gamla vinstockar, vissa av vinstockarna \u00e4r omkring hundra \u00e5r. Druvan g\u00e5r under namnet \u201dmoscatel de Alejandr\u00eda\u201d och de v\u00e4xer p\u00e5 branta bergssluttningar i Alm\u00e1char och m\u00e5ste transporteras med \u00e5snor.<\/p>\n<p>Produktionen ligger p\u00e5 10.000 flaskor i genomsnitt och ute i aff\u00e4ren kostar vinet 22 euro. 156 flaskor levererades till Nobelfesten i Bl\u00e5 hallen i Stockholms stadshus och serverades i anslutning till desserten som var en trilogi p\u00e5 k\u00f6rsb\u00e4r med pistagekl\u00e4dd mascarpone och svart k\u00f6rsb\u00e4rssorbet.<\/p>\n<p>Vinet fr\u00e5n Jorge Ord\u00f3\u00f1ez som serverades i Stockholm har n\u00e5tt stora framg\u00e5ngar. Robert Parker, en av v\u00e4rldens fr\u00e4mste vinkritiker, gav vinet 95 po\u00e4ng av 100 m\u00f6jliga.<\/p>\n<p>\u201dDet \u00e4r historiskt\u201d, s\u00e4ger Alicia P\u00e9rez-Bryan som kan gl\u00e4djas \u00e5t att intresset f\u00f6r vinet tar fart i samband med julhelgen och inte minst efter uppm\u00e4rksamheten i samband med Nobelfesten.<\/p>\n<p>Det \u00e4r Jorge Ord\u00f3\u00f1ez och systern Victoria som har framst\u00e4llt vinet i samarbete med den \u00f6sterrikiske vinmakaren Gerhard Kracher, son till legendariske s\u00f6tvinskungen Alois Kracher. Det \u00e4r en l\u00e5ng och komplicerad v\u00e4g f\u00f6r att framst\u00e4lla \u201dn\u00famero 2 Victoria\u201d. Efter ett strikt urval av druvor ska de torkas. I regel brukar druvorna torka i solen under omkring tio dagar. I det h\u00e4r fallet placeras druvorna i skugga under en l\u00e4ngre tid, mellan fyra till sex veckor.<\/p>\n<p>Det var den svenska vinimport\u00f6ren Vinovativa som &#8211; f\u00f6r tredje g\u00e5ngen &#8211; fick \u00e4ran att leverera vinerna till Nobelmiddagen. Middagsg\u00e4sterna i Bl\u00e5 hallen fick till varmr\u00e4tten njuta av 3 de Valandraud 2009, en komplex modern r\u00f6d Bordeaux fr\u00e5n v\u00e4rldsber\u00f6mda Chateau Valandraud. Till desserten serverades flerfaldigt prisbel\u00f6nade Jorge Ordo\u00f1ez Victoria No 2 2010.<br \/>\n\u201dAtt \u00e5terigen f\u00e5 leverera viner till Nobelbanketten \u00e4r n\u00e5got vi f\u00f6rst\u00e5s \u00e4r v\u00e4ldigt stolta \u00f6ver. V\u00e5ra b\u00e5da producenter blev oerh\u00f6rt glada n\u00e4r de fick beskedet att just deras viner skulle serveras p\u00e5 en av v\u00e4rldens mest k\u00e4nda middagstillst\u00e4llningar\u201d, s\u00e4ger Mikael Monteil, VD p\u00e5 Vinovativa, i ett pressmeddelande.<\/p>\n<p>Du kan k\u00f6pa vinet genom att g\u00e5 in p\u00e5 vinproducentens hemsida och best\u00e4lla det.<br \/>\nwww.jorge-ordonez.es<\/p>\n<p>Titta vilka utm\u00e4rkelser vinet har f\u00e5tt<br \/>\n2011 Vintage<br \/>\nRobert Parker\u2019s Wine Advocate 95<br \/>\n92 Stephen Tanzer\u00b4s International Wine Celler<br \/>\n2010 Vintage<br \/>\nGu\u00eda Pe\u00f1\u00edn 2013, 94<br \/>\n2008 Vintage<br \/>\nGu\u00eda Pe\u00f1\u00edn 2011 96<br \/>\nRobert Parker\u2019s Wine Advocate 93<br \/>\nWSA Wine Challenge Singapore 2010: silver award<br \/>\n2007 Vintage<br \/>\nRobert Parker\u2019s Wine Advocate 92<br \/>\nGu\u00eda Pe\u00f1\u00edn 2010 96<br \/>\n2006 Vintage<br \/>\nRobert Parker\u2019s Wine Advocate 93<br \/>\nGu\u00eda Pe\u00f1\u00edn 2008 92<br \/>\nGu\u00eda Pen\u00edn 2009 95<br \/>\nStephen Tanzer\u2019s International Wine Cellar 94<br \/>\nGu\u00eda de Oro de los Vinos de Espa\u00f1a 2009 94<br \/>\nPrimer Premio Vin Art 2007<br \/>\nPrimer Premio Dulces Vin Art 2007<br \/>\nBacchus de Oro 2008 Dulces sin Crianza<br \/>\nBronze Medal International Wine Challenge 2008<br \/>\n2005 Vintage<br \/>\nRobert Parker\u2019s Wine Advocate 91<br \/>\nGu\u00eda Pe\u00f1\u00edn 2007 92<br \/>\nWine Spectator 91<br \/>\n2004 Vintage<br \/>\nRobert Parker\u2019s Wine Advocate 94<br \/>\nGu\u00eda Pe\u00f1\u00edn 2006 93 <\/p>\n","protected":false},"excerpt":{"rendered":"<p>I V\u00e9lez M\u00e1laga i Axarqu\u00eda-omr\u00e5det p\u00e5 den spanska Solkusten framst\u00e4lldes dessertvinet som serverades i Bl\u00e5 hallen i Stockholms stadshus vid Nobelfesten. I konkurrens med hundra andra viner valdes M\u00e1lagavinet n\u00famero 2 Victoria som framst\u00e4lls av vinproducenten Jorge Ord\u00f3\u00f1ez &#038; Co. Av Ola Josefsson Foto: Vinovativa Vinet \u00e4r gjort p\u00e5 druvan moscatel och beskrivs som v\u00e4ldoftande [&hellip;]<\/p>\n","protected":false},"author":8,"featured_media":4446,"comment_status":"open","ping_status":"open","sticky":false,"template":"","format":"standard","meta":{"_et_pb_use_builder":"","_et_pb_old_content":"","_et_gb_content_width":"","footnotes":""},"categories":[4,38],"tags":[],"class_list":["post-4445","post","type-post","status-publish","format-standard","has-post-thumbnail","hentry","category-artiklar","category-mat-vin"],"yoast_head":"<!-- This site is optimized with the Yoast SEO Premium plugin v26.2 (Yoast SEO v27.5) - https:\/\/yoast.com\/product\/yoast-seo-premium-wordpress\/ -->\n<title>H\u00e4r gjordes Nobelvinet \u2013 22 euro f\u00f6r en flaska - Svenska Magasinet<\/title>\n<meta name=\"robots\" content=\"noindex, follow, max-snippet:-1, max-image-preview:large, max-video-preview:-1\" \/>\n<meta property=\"og:locale\" content=\"sv_SE\" \/>\n<meta property=\"og:type\" content=\"article\" \/>\n<meta property=\"og:title\" content=\"H\u00e4r gjordes Nobelvinet \u2013 22 euro f\u00f6r en flaska\" \/>\n<meta property=\"og:description\" content=\"I V\u00e9lez M\u00e1laga i Axarqu\u00eda-omr\u00e5det p\u00e5 den spanska Solkusten framst\u00e4lldes dessertvinet som serverades i Bl\u00e5 hallen i Stockholms stadshus vid Nobelfesten. I konkurrens med hundra andra viner valdes M\u00e1lagavinet n\u00famero 2 Victoria som framst\u00e4lls av vinproducenten Jorge Ord\u00f3\u00f1ez &#038; Co. Av Ola Josefsson Foto: Vinovativa Vinet \u00e4r gjort p\u00e5 druvan moscatel och beskrivs som v\u00e4ldoftande [&hellip;]\" \/>\n<meta property=\"og:url\" content=\"https:\/\/lightweb.dev\/l\/svm-temp\/artiklar\/har-gjordes-nobelvinet-22-euro-for-en-flaska\/\" \/>\n<meta property=\"og:site_name\" content=\"Svenska Magasinet\" \/>\n<meta property=\"article:publisher\" content=\"https:\/\/www.facebook.com\/svenskamagasinet\" \/>\n<meta property=\"article:published_time\" content=\"2013-01-09T23:00:00+00:00\" \/>\n<meta property=\"og:image\" content=\"https:\/\/lightweb.dev\/l\/svm-temp\/wp-content\/uploads\/2022\/04\/hr-gjordes-nobelvinet-22-euro-fr-en-flaska.png\" \/>\n\t<meta property=\"og:image:width\" content=\"299\" \/>\n\t<meta property=\"og:image:height\" content=\"200\" \/>\n\t<meta property=\"og:image:type\" content=\"image\/png\" \/>\n<meta name=\"author\" content=\"Redaktionen SvM\" \/>\n<meta name=\"twitter:card\" content=\"summary_large_image\" \/>\n<meta name=\"twitter:creator\" content=\"@SvenskaMagasine\" \/>\n<meta name=\"twitter:site\" content=\"@SvenskaMagasine\" \/>\n<script type=\"application\/ld+json\" class=\"yoast-schema-graph\">{\"@context\":\"https:\\\/\\\/schema.org\",\"@graph\":[{\"@type\":\"Article\",\"@id\":\"https:\\\/\\\/lightweb.dev\\\/l\\\/svm-temp\\\/artiklar\\\/har-gjordes-nobelvinet-22-euro-for-en-flaska\\\/#article\",\"isPartOf\":{\"@id\":\"https:\\\/\\\/lightweb.dev\\\/l\\\/svm-temp\\\/artiklar\\\/har-gjordes-nobelvinet-22-euro-for-en-flaska\\\/\"},\"author\":{\"name\":\"Redaktionen SvM\",\"@id\":\"https:\\\/\\\/lightweb.dev\\\/l\\\/svm-temp\\\/#\\\/schema\\\/person\\\/206a3bda5b607b0c25e1749191e4d837\"},\"headline\":\"H\u00e4r gjordes Nobelvinet \u2013 22 euro f\u00f6r en flaska\",\"datePublished\":\"2013-01-09T23:00:00+00:00\",\"mainEntityOfPage\":{\"@id\":\"https:\\\/\\\/lightweb.dev\\\/l\\\/svm-temp\\\/artiklar\\\/har-gjordes-nobelvinet-22-euro-for-en-flaska\\\/\"},\"wordCount\":739,\"commentCount\":0,\"publisher\":{\"@id\":\"https:\\\/\\\/lightweb.dev\\\/l\\\/svm-temp\\\/#organization\"},\"image\":{\"@id\":\"https:\\\/\\\/lightweb.dev\\\/l\\\/svm-temp\\\/artiklar\\\/har-gjordes-nobelvinet-22-euro-for-en-flaska\\\/#primaryimage\"},\"thumbnailUrl\":\"https:\\\/\\\/lightweb.dev\\\/l\\\/svm-temp\\\/wp-content\\\/uploads\\\/2022\\\/04\\\/hr-gjordes-nobelvinet-22-euro-fr-en-flaska.png\",\"articleSection\":[\"Artiklar\",\"Mat &amp; vin\"],\"inLanguage\":\"sv-SE\"},{\"@type\":\"WebPage\",\"@id\":\"https:\\\/\\\/lightweb.dev\\\/l\\\/svm-temp\\\/artiklar\\\/har-gjordes-nobelvinet-22-euro-for-en-flaska\\\/\",\"url\":\"https:\\\/\\\/lightweb.dev\\\/l\\\/svm-temp\\\/artiklar\\\/har-gjordes-nobelvinet-22-euro-for-en-flaska\\\/\",\"name\":\"H\u00e4r gjordes Nobelvinet \u2013 22 euro f\u00f6r en flaska - Svenska Magasinet\",\"isPartOf\":{\"@id\":\"https:\\\/\\\/lightweb.dev\\\/l\\\/svm-temp\\\/#website\"},\"primaryImageOfPage\":{\"@id\":\"https:\\\/\\\/lightweb.dev\\\/l\\\/svm-temp\\\/artiklar\\\/har-gjordes-nobelvinet-22-euro-for-en-flaska\\\/#primaryimage\"},\"image\":{\"@id\":\"https:\\\/\\\/lightweb.dev\\\/l\\\/svm-temp\\\/artiklar\\\/har-gjordes-nobelvinet-22-euro-for-en-flaska\\\/#primaryimage\"},\"thumbnailUrl\":\"https:\\\/\\\/lightweb.dev\\\/l\\\/svm-temp\\\/wp-content\\\/uploads\\\/2022\\\/04\\\/hr-gjordes-nobelvinet-22-euro-fr-en-flaska.png\",\"datePublished\":\"2013-01-09T23:00:00+00:00\",\"breadcrumb\":{\"@id\":\"https:\\\/\\\/lightweb.dev\\\/l\\\/svm-temp\\\/artiklar\\\/har-gjordes-nobelvinet-22-euro-for-en-flaska\\\/#breadcrumb\"},\"inLanguage\":\"sv-SE\",\"potentialAction\":[{\"@type\":\"ReadAction\",\"target\":[\"https:\\\/\\\/lightweb.dev\\\/l\\\/svm-temp\\\/artiklar\\\/har-gjordes-nobelvinet-22-euro-for-en-flaska\\\/\"]}]},{\"@type\":\"ImageObject\",\"inLanguage\":\"sv-SE\",\"@id\":\"https:\\\/\\\/lightweb.dev\\\/l\\\/svm-temp\\\/artiklar\\\/har-gjordes-nobelvinet-22-euro-for-en-flaska\\\/#primaryimage\",\"url\":\"https:\\\/\\\/lightweb.dev\\\/l\\\/svm-temp\\\/wp-content\\\/uploads\\\/2022\\\/04\\\/hr-gjordes-nobelvinet-22-euro-fr-en-flaska.png\",\"contentUrl\":\"https:\\\/\\\/lightweb.dev\\\/l\\\/svm-temp\\\/wp-content\\\/uploads\\\/2022\\\/04\\\/hr-gjordes-nobelvinet-22-euro-fr-en-flaska.png\",\"width\":299,\"height\":200},{\"@type\":\"BreadcrumbList\",\"@id\":\"https:\\\/\\\/lightweb.dev\\\/l\\\/svm-temp\\\/artiklar\\\/har-gjordes-nobelvinet-22-euro-for-en-flaska\\\/#breadcrumb\",\"itemListElement\":[{\"@type\":\"ListItem\",\"position\":1,\"name\":\"Hem\",\"item\":\"https:\\\/\\\/lightweb.dev\\\/l\\\/svm-temp\\\/\"},{\"@type\":\"ListItem\",\"position\":2,\"name\":\"H\u00e4r gjordes Nobelvinet \u2013 22 euro f\u00f6r en flaska\"}]},{\"@type\":\"WebSite\",\"@id\":\"https:\\\/\\\/lightweb.dev\\\/l\\\/svm-temp\\\/#website\",\"url\":\"https:\\\/\\\/lightweb.dev\\\/l\\\/svm-temp\\\/\",\"name\":\"Svenska Magasinet\",\"description\":\"Dina Spanska nyheter p&aring; Svenska\",\"publisher\":{\"@id\":\"https:\\\/\\\/lightweb.dev\\\/l\\\/svm-temp\\\/#organization\"},\"potentialAction\":[{\"@type\":\"SearchAction\",\"target\":{\"@type\":\"EntryPoint\",\"urlTemplate\":\"https:\\\/\\\/lightweb.dev\\\/l\\\/svm-temp\\\/?s={search_term_string}\"},\"query-input\":{\"@type\":\"PropertyValueSpecification\",\"valueRequired\":true,\"valueName\":\"search_term_string\"}}],\"inLanguage\":\"sv-SE\"},{\"@type\":\"Organization\",\"@id\":\"https:\\\/\\\/lightweb.dev\\\/l\\\/svm-temp\\\/#organization\",\"name\":\"Melkerson y Nott SL\",\"alternateName\":\"Svenska Magasinet\",\"url\":\"https:\\\/\\\/lightweb.dev\\\/l\\\/svm-temp\\\/\",\"logo\":{\"@type\":\"ImageObject\",\"inLanguage\":\"sv-SE\",\"@id\":\"https:\\\/\\\/lightweb.dev\\\/l\\\/svm-temp\\\/#\\\/schema\\\/logo\\\/image\\\/\",\"url\":\"https:\\\/\\\/lightweb.dev\\\/l\\\/svm-temp\\\/wp-content\\\/uploads\\\/2025\\\/02\\\/SvM-logo-Xtra-Centrerad-SVART.png\",\"contentUrl\":\"https:\\\/\\\/lightweb.dev\\\/l\\\/svm-temp\\\/wp-content\\\/uploads\\\/2025\\\/02\\\/SvM-logo-Xtra-Centrerad-SVART.png\",\"width\":300,\"height\":99,\"caption\":\"Melkerson y Nott SL\"},\"image\":{\"@id\":\"https:\\\/\\\/lightweb.dev\\\/l\\\/svm-temp\\\/#\\\/schema\\\/logo\\\/image\\\/\"},\"sameAs\":[\"https:\\\/\\\/www.facebook.com\\\/svenskamagasinet\",\"https:\\\/\\\/x.com\\\/SvenskaMagasine\"]},{\"@type\":\"Person\",\"@id\":\"https:\\\/\\\/lightweb.dev\\\/l\\\/svm-temp\\\/#\\\/schema\\\/person\\\/206a3bda5b607b0c25e1749191e4d837\",\"name\":\"Redaktionen SvM\",\"description\":\"Redaktionen\",\"sameAs\":[\"https:\\\/\\\/lightweb.dev\\\/l\\\/svm-temp\"],\"url\":\"https:\\\/\\\/lightweb.dev\\\/l\\\/svm-temp\\\/reporter\\\/redaktionen\\\/\"}]}<\/script>\n<!-- \/ Yoast SEO Premium plugin. -->","yoast_head_json":{"title":"H\u00e4r gjordes Nobelvinet \u2013 22 euro f\u00f6r en flaska - Svenska Magasinet","robots":{"index":"noindex","follow":"follow","max-snippet":"max-snippet:-1","max-image-preview":"max-image-preview:large","max-video-preview":"max-video-preview:-1"},"og_locale":"sv_SE","og_type":"article","og_title":"H\u00e4r gjordes Nobelvinet \u2013 22 euro f\u00f6r en flaska","og_description":"I V\u00e9lez M\u00e1laga i Axarqu\u00eda-omr\u00e5det p\u00e5 den spanska Solkusten framst\u00e4lldes dessertvinet som serverades i Bl\u00e5 hallen i Stockholms stadshus vid Nobelfesten. I konkurrens med hundra andra viner valdes M\u00e1lagavinet n\u00famero 2 Victoria som framst\u00e4lls av vinproducenten Jorge Ord\u00f3\u00f1ez &#038; Co. Av Ola Josefsson Foto: Vinovativa Vinet \u00e4r gjort p\u00e5 druvan moscatel och beskrivs som v\u00e4ldoftande [&hellip;]","og_url":"https:\/\/lightweb.dev\/l\/svm-temp\/artiklar\/har-gjordes-nobelvinet-22-euro-for-en-flaska\/","og_site_name":"Svenska Magasinet","article_publisher":"https:\/\/www.facebook.com\/svenskamagasinet","article_published_time":"2013-01-09T23:00:00+00:00","og_image":[{"width":299,"height":200,"url":"https:\/\/lightweb.dev\/l\/svm-temp\/wp-content\/uploads\/2022\/04\/hr-gjordes-nobelvinet-22-euro-fr-en-flaska.png","type":"image\/png"}],"author":"Redaktionen SvM","twitter_card":"summary_large_image","twitter_creator":"@SvenskaMagasine","twitter_site":"@SvenskaMagasine","schema":{"@context":"https:\/\/schema.org","@graph":[{"@type":"Article","@id":"https:\/\/lightweb.dev\/l\/svm-temp\/artiklar\/har-gjordes-nobelvinet-22-euro-for-en-flaska\/#article","isPartOf":{"@id":"https:\/\/lightweb.dev\/l\/svm-temp\/artiklar\/har-gjordes-nobelvinet-22-euro-for-en-flaska\/"},"author":{"name":"Redaktionen SvM","@id":"https:\/\/lightweb.dev\/l\/svm-temp\/#\/schema\/person\/206a3bda5b607b0c25e1749191e4d837"},"headline":"H\u00e4r gjordes Nobelvinet \u2013 22 euro f\u00f6r en flaska","datePublished":"2013-01-09T23:00:00+00:00","mainEntityOfPage":{"@id":"https:\/\/lightweb.dev\/l\/svm-temp\/artiklar\/har-gjordes-nobelvinet-22-euro-for-en-flaska\/"},"wordCount":739,"commentCount":0,"publisher":{"@id":"https:\/\/lightweb.dev\/l\/svm-temp\/#organization"},"image":{"@id":"https:\/\/lightweb.dev\/l\/svm-temp\/artiklar\/har-gjordes-nobelvinet-22-euro-for-en-flaska\/#primaryimage"},"thumbnailUrl":"https:\/\/lightweb.dev\/l\/svm-temp\/wp-content\/uploads\/2022\/04\/hr-gjordes-nobelvinet-22-euro-fr-en-flaska.png","articleSection":["Artiklar","Mat &amp; vin"],"inLanguage":"sv-SE"},{"@type":"WebPage","@id":"https:\/\/lightweb.dev\/l\/svm-temp\/artiklar\/har-gjordes-nobelvinet-22-euro-for-en-flaska\/","url":"https:\/\/lightweb.dev\/l\/svm-temp\/artiklar\/har-gjordes-nobelvinet-22-euro-for-en-flaska\/","name":"H\u00e4r gjordes Nobelvinet \u2013 22 euro f\u00f6r en flaska - Svenska Magasinet","isPartOf":{"@id":"https:\/\/lightweb.dev\/l\/svm-temp\/#website"},"primaryImageOfPage":{"@id":"https:\/\/lightweb.dev\/l\/svm-temp\/artiklar\/har-gjordes-nobelvinet-22-euro-for-en-flaska\/#primaryimage"},"image":{"@id":"https:\/\/lightweb.dev\/l\/svm-temp\/artiklar\/har-gjordes-nobelvinet-22-euro-for-en-flaska\/#primaryimage"},"thumbnailUrl":"https:\/\/lightweb.dev\/l\/svm-temp\/wp-content\/uploads\/2022\/04\/hr-gjordes-nobelvinet-22-euro-fr-en-flaska.png","datePublished":"2013-01-09T23:00:00+00:00","breadcrumb":{"@id":"https:\/\/lightweb.dev\/l\/svm-temp\/artiklar\/har-gjordes-nobelvinet-22-euro-for-en-flaska\/#breadcrumb"},"inLanguage":"sv-SE","potentialAction":[{"@type":"ReadAction","target":["https:\/\/lightweb.dev\/l\/svm-temp\/artiklar\/har-gjordes-nobelvinet-22-euro-for-en-flaska\/"]}]},{"@type":"ImageObject","inLanguage":"sv-SE","@id":"https:\/\/lightweb.dev\/l\/svm-temp\/artiklar\/har-gjordes-nobelvinet-22-euro-for-en-flaska\/#primaryimage","url":"https:\/\/lightweb.dev\/l\/svm-temp\/wp-content\/uploads\/2022\/04\/hr-gjordes-nobelvinet-22-euro-fr-en-flaska.png","contentUrl":"https:\/\/lightweb.dev\/l\/svm-temp\/wp-content\/uploads\/2022\/04\/hr-gjordes-nobelvinet-22-euro-fr-en-flaska.png","width":299,"height":200},{"@type":"BreadcrumbList","@id":"https:\/\/lightweb.dev\/l\/svm-temp\/artiklar\/har-gjordes-nobelvinet-22-euro-for-en-flaska\/#breadcrumb","itemListElement":[{"@type":"ListItem","position":1,"name":"Hem","item":"https:\/\/lightweb.dev\/l\/svm-temp\/"},{"@type":"ListItem","position":2,"name":"H\u00e4r gjordes Nobelvinet \u2013 22 euro f\u00f6r en flaska"}]},{"@type":"WebSite","@id":"https:\/\/lightweb.dev\/l\/svm-temp\/#website","url":"https:\/\/lightweb.dev\/l\/svm-temp\/","name":"Svenska Magasinet","description":"Dina Spanska nyheter p&aring; Svenska","publisher":{"@id":"https:\/\/lightweb.dev\/l\/svm-temp\/#organization"},"potentialAction":[{"@type":"SearchAction","target":{"@type":"EntryPoint","urlTemplate":"https:\/\/lightweb.dev\/l\/svm-temp\/?s={search_term_string}"},"query-input":{"@type":"PropertyValueSpecification","valueRequired":true,"valueName":"search_term_string"}}],"inLanguage":"sv-SE"},{"@type":"Organization","@id":"https:\/\/lightweb.dev\/l\/svm-temp\/#organization","name":"Melkerson y Nott SL","alternateName":"Svenska Magasinet","url":"https:\/\/lightweb.dev\/l\/svm-temp\/","logo":{"@type":"ImageObject","inLanguage":"sv-SE","@id":"https:\/\/lightweb.dev\/l\/svm-temp\/#\/schema\/logo\/image\/","url":"https:\/\/lightweb.dev\/l\/svm-temp\/wp-content\/uploads\/2025\/02\/SvM-logo-Xtra-Centrerad-SVART.png","contentUrl":"https:\/\/lightweb.dev\/l\/svm-temp\/wp-content\/uploads\/2025\/02\/SvM-logo-Xtra-Centrerad-SVART.png","width":300,"height":99,"caption":"Melkerson y Nott SL"},"image":{"@id":"https:\/\/lightweb.dev\/l\/svm-temp\/#\/schema\/logo\/image\/"},"sameAs":["https:\/\/www.facebook.com\/svenskamagasinet","https:\/\/x.com\/SvenskaMagasine"]},{"@type":"Person","@id":"https:\/\/lightweb.dev\/l\/svm-temp\/#\/schema\/person\/206a3bda5b607b0c25e1749191e4d837","name":"Redaktionen SvM","description":"Redaktionen","sameAs":["https:\/\/lightweb.dev\/l\/svm-temp"],"url":"https:\/\/lightweb.dev\/l\/svm-temp\/reporter\/redaktionen\/"}]}},"_links":{"self":[{"href":"https:\/\/lightweb.dev\/l\/svm-temp\/wp-json\/wp\/v2\/posts\/4445","targetHints":{"allow":["GET"]}}],"collection":[{"href":"https:\/\/lightweb.dev\/l\/svm-temp\/wp-json\/wp\/v2\/posts"}],"about":[{"href":"https:\/\/lightweb.dev\/l\/svm-temp\/wp-json\/wp\/v2\/types\/post"}],"author":[{"embeddable":true,"href":"https:\/\/lightweb.dev\/l\/svm-temp\/wp-json\/wp\/v2\/users\/8"}],"replies":[{"embeddable":true,"href":"https:\/\/lightweb.dev\/l\/svm-temp\/wp-json\/wp\/v2\/comments?post=4445"}],"version-history":[{"count":0,"href":"https:\/\/lightweb.dev\/l\/svm-temp\/wp-json\/wp\/v2\/posts\/4445\/revisions"}],"wp:featuredmedia":[{"embeddable":true,"href":"https:\/\/lightweb.dev\/l\/svm-temp\/wp-json\/wp\/v2\/media\/4446"}],"wp:attachment":[{"href":"https:\/\/lightweb.dev\/l\/svm-temp\/wp-json\/wp\/v2\/media?parent=4445"}],"wp:term":[{"taxonomy":"category","embeddable":true,"href":"https:\/\/lightweb.dev\/l\/svm-temp\/wp-json\/wp\/v2\/categories?post=4445"},{"taxonomy":"post_tag","embeddable":true,"href":"https:\/\/lightweb.dev\/l\/svm-temp\/wp-json\/wp\/v2\/tags?post=4445"}],"curies":[{"name":"wp","href":"https:\/\/api.w.org\/{rel}","templated":true}]}}