{"id":4447,"date":"2013-01-10T00:00:00","date_gmt":"2013-01-09T23:00:00","guid":{"rendered":"https:\/\/lightweb.dev\/l\/svm-temp\/gaststudent-och-handbollsspelare-pa-solkusten\/"},"modified":"2013-01-10T00:00:00","modified_gmt":"2013-01-09T23:00:00","slug":"gaststudent-och-handbollsspelare-pa-solkusten","status":"publish","type":"post","link":"https:\/\/lightweb.dev\/l\/svm-temp\/artiklar\/gaststudent-och-handbollsspelare-pa-solkusten\/","title":{"rendered":"G\u00e4ststudent och handbollsspelare p\u00e5 Solkusten"},"content":{"rendered":"<p> Svenska skolan i Fuengirola tar emot allt fler g\u00e4ststudenter. Tack vare att skolan har en idrottsprofil kan elever forts\u00e4tta med sin favoritsport. Svenska Magasinet har tr\u00e4ffat en av g\u00e4ststudenterna d\u00e4r idrotten har blivit ett steg in i den spanska kulturen. Av Ola Josefsson<\/p>\n<p>&#8211; Jag tror att jag \u00e4r en av f\u00e5 bland g\u00e4ststudenterna som har m\u00e5nga spanska kompisar. Det \u00e4r tack vare handbollen. Idrotten \u00e4r en bra ing\u00e5ng som g\u00f6r att det blir enklare att integrera sig i landet, s\u00e4ger Sara Sv\u00e4rd, 17, fr\u00e5n Lindesberg.<br \/>\nDet \u00e4r tisdag och klockan b\u00f6rjar n\u00e4rma sig 19. Tv\u00e5 tr\u00e4ningspass v\u00e4ntar f\u00f6r Sara. F\u00f6rst med juniorlaget och sedan med A-laget i sporthallen Las Ca\u00f1adas innan hon kan vandra hem\u00e5t f\u00f6rst klockan halv tio.<br \/>\nSara Sv\u00e4rd \u00e4r g\u00e4ststudent vid Svenska skolan i Fuengirola d\u00e4r hon l\u00e4ser ekonomi. Tack vare skolans idrottsprofil blev det Costa del Sol n\u00e4r hon ville l\u00e4gga ett l\u00e4s\u00e5r utomlands.<\/p>\n<p>&#8211; Jag trivs j\u00e4ttebra h\u00e4r och k\u00e4nner verkligen att jag \u00e4r en del i laget. Tack vare handbollen har jag f\u00e5tt m\u00e5nga spanska kompisar. Tr\u00e4naren kan lite engelska men f\u00f6redrar att prata spanska med mig. Ibland fr\u00e5gar jag min l\u00e4rare i spanska vad vissa ord betyder. Det blir en hel del uttryck fr\u00e5n handbollen, s\u00e4ger Sara som spelar mittsexa p\u00e5 linjen.<br \/>\nHon beskriver sig sj\u00e4lv som social, en som g\u00e4rna pratar och vill l\u00e4ra sig mer. Sara fick kompisar fort n\u00e4r hon f\u00f6rs\u00f6kte prata. Laget best\u00e5r av spanska tjejer f\u00f6rutom Sara och en norsk tjej.<\/p>\n<p>Sara har spelat handboll sedan nio \u00e5rs \u00e5lder och gick senast p\u00e5 ett handbollsgymnasium. S\u00e5 n\u00e4r hon s\u00f6kte skola som g\u00e4ststudent utomlands var det sj\u00e4lvklart att komma till en plats med handboll.<br \/>\n&#8211; F\u00f6rst hade jag t\u00e4nkt USA som utbytesstudent. Sedan visade mamma mig vilka m\u00f6jligheter det finns h\u00e4r.<\/p>\n<p>I maj ans\u00f6kte Sara om att f\u00e5 komma till Fuengirolaskolan och hon fick svar en m\u00e5nad senare. Nu kan hon studera och spela handboll i Europas b\u00e4sta klimat och samtidigt l\u00e4ra sig ett nytt spr\u00e5k.<br \/>\n&#8211; Jag \u00e5ngrar inte en sekund att det blev Solkusten. Jag har blivit s\u00e5 v\u00e4l mottagen b\u00e5de vid skolan, hos min spanska v\u00e4rdfamilj och i laget. Jag var lite nerv\u00f6s n\u00e4r jag kom till min f\u00f6rsta tr\u00e4ning. Det hj\u00e4lpte att Rickard \u00c5str\u00f6m, l\u00e4rare i idrott och h\u00e4lsa, var med.<br \/>\nNu \u00e4r Sara poppis i laget och medspelarna undrar hur l\u00e4nge hon stannar.<br \/>\n&#8211; De fr\u00e5gar mig st\u00e4ndigt n\u00e4r jag ska resa och om jag \u00e4r kvar f\u00f6r att spela en turnering i handboll i sommar.<\/p>\n<p>Sara spelar f\u00f6r Club Balonmano Mijas-San Francisco de As\u00eds. Tr\u00e4ningarna \u00e4r i sporthallen Las Ca\u00f1adas som ligger p\u00e5 Calle \u00c1guila. Matcherna spelas i sporthallen Pabell\u00f3n Osunillas vid Mijas Pueblo n\u00e4r det inte \u00e4r bortamatcher i Sevilla, M\u00e1laga eller C\u00f3rdoba. Ibland kan det bli tv\u00e5 matcher samma dag.<br \/>\n&#8211; Jag blev n\u00e4stan chockad vid f\u00f6rsta matchen. Otrolig st\u00e4mning. Alla skriker, speciellt n\u00e4r domaren g\u00f6r fel&#8230;<br \/>\n&#8211; P\u00e5 s\u00f6ndagar \u00e4ter vi ihop, det \u00e4r en trevlig gemenskap. Och det \u00e4r mycket kramar och pussar p\u00e5 kinderna&#8230;<\/p>\n<p>I Sverige \u00e4r det elva timmars tr\u00e4ning i veckan. H\u00e4r ligger tr\u00e4ningsdosen p\u00e5 h\u00e4lften under tisdagar, torsdagar och fredagar.<br \/>\n&#8211; Det \u00e4r en helt annan tr\u00e4ningskultur. I Sverige springer vi hela tiden. H\u00e4r \u00e4r det uppst\u00e4llda \u00f6vningar och man-mot-man.<\/p>\n<p>Eftersom tr\u00e4ningsdosen nu \u00e4r mindre blir det mer tid \u00f6ver till studier och l\u00e4xor. Sara hinner ocks\u00e5 med det sociala umg\u00e4nget samtidigt som hon bloggar om livet som g\u00e4ststudent och handbollsspelare p\u00e5 Solkusten.<br \/>\n&#8211; Jag startade en blogg s\u00e5 att mina f\u00f6r\u00e4ldrar, sl\u00e4ktingar och v\u00e4nner i Sverige kan f\u00f6lja mitt liv i Spanien. Jag f\u00e5r st\u00e4ndigt p\u00e5minnelser om jag inte l\u00e4gger upp bilder eller skriver, s\u00e4ger Sara som fick bes\u00f6k av f\u00f6r\u00e4ldrarna under julhelgen.<\/p>\n<p>Fakta:<br \/>\nSport och integration p\u00e5 Costa del Sol<br \/>\nDe flesta idrotter finns representerade p\u00e5 Solkusten. Idrott och motion befr\u00e4mjar \u00e4ven studier visar unders\u00f6kningar. \u00c4r du en svensk ungdom \u00e4r idrotten ocks\u00e5 en v\u00e4g till att integrera dig i det spanska samh\u00e4llet.<\/p>\n<p>N\u00e4sta hemmamatch f\u00f6r Sara och BM Mijas i division 1<\/p>\n<p>Mot BM. Dos Hermanas, L\u00f6rdagen den 26 januari klockan 20 i sporthallen Pabell\u00f3n Osunillas som ligger utmed v\u00e4gen Carretera de Mijas a Benalm\u00e1dena, Km 1. Den 2 februari klockan 20 m\u00f6ter Mijas BM. Coanda Lepe i samma sporthall.<\/p>\n<p>L\u00e4s om Saras liv p\u00e5 Solkusten<\/p>\n","protected":false},"excerpt":{"rendered":"<p>Svenska skolan i Fuengirola tar emot allt fler g\u00e4ststudenter. Tack vare att skolan har en idrottsprofil kan elever forts\u00e4tta med sin favoritsport. Svenska Magasinet har tr\u00e4ffat en av g\u00e4ststudenterna d\u00e4r idrotten har blivit ett steg in i den spanska kulturen. Av Ola Josefsson &#8211; Jag tror att jag \u00e4r en av f\u00e5 bland g\u00e4ststudenterna som [&hellip;]<\/p>\n","protected":false},"author":8,"featured_media":4448,"comment_status":"open","ping_status":"open","sticky":false,"template":"","format":"standard","meta":{"_et_pb_use_builder":"","_et_pb_old_content":"","_et_gb_content_width":"","footnotes":""},"categories":[4,400],"tags":[],"class_list":["post-4447","post","type-post","status-publish","format-standard","has-post-thumbnail","hentry","category-artiklar","category-sport-artiklar"],"yoast_head":"<!-- This site is optimized with the Yoast SEO Premium plugin v26.2 (Yoast SEO v27.5) - https:\/\/yoast.com\/product\/yoast-seo-premium-wordpress\/ -->\n<title>G\u00e4ststudent och handbollsspelare p\u00e5 Solkusten - Svenska Magasinet<\/title>\n<meta name=\"robots\" content=\"noindex, follow, max-snippet:-1, max-image-preview:large, max-video-preview:-1\" \/>\n<meta property=\"og:locale\" content=\"sv_SE\" \/>\n<meta property=\"og:type\" content=\"article\" \/>\n<meta property=\"og:title\" content=\"G\u00e4ststudent och handbollsspelare p\u00e5 Solkusten\" \/>\n<meta property=\"og:description\" content=\"Svenska skolan i Fuengirola tar emot allt fler g\u00e4ststudenter. Tack vare att skolan har en idrottsprofil kan elever forts\u00e4tta med sin favoritsport. Svenska Magasinet har tr\u00e4ffat en av g\u00e4ststudenterna d\u00e4r idrotten har blivit ett steg in i den spanska kulturen. Av Ola Josefsson &#8211; Jag tror att jag \u00e4r en av f\u00e5 bland g\u00e4ststudenterna som [&hellip;]\" \/>\n<meta property=\"og:url\" content=\"https:\/\/lightweb.dev\/l\/svm-temp\/artiklar\/gaststudent-och-handbollsspelare-pa-solkusten\/\" \/>\n<meta property=\"og:site_name\" content=\"Svenska Magasinet\" \/>\n<meta property=\"article:publisher\" content=\"https:\/\/www.facebook.com\/svenskamagasinet\" \/>\n<meta property=\"article:published_time\" content=\"2013-01-09T23:00:00+00:00\" \/>\n<meta property=\"og:image\" content=\"https:\/\/lightweb.dev\/l\/svm-temp\/wp-content\/uploads\/2022\/04\/gststudent-och-handbollsspelare-p-solkusten.png\" \/>\n\t<meta property=\"og:image:width\" content=\"280\" \/>\n\t<meta property=\"og:image:height\" content=\"419\" \/>\n\t<meta property=\"og:image:type\" content=\"image\/png\" \/>\n<meta name=\"author\" content=\"Redaktionen SvM\" \/>\n<meta name=\"twitter:card\" content=\"summary_large_image\" \/>\n<meta name=\"twitter:creator\" content=\"@SvenskaMagasine\" \/>\n<meta name=\"twitter:site\" content=\"@SvenskaMagasine\" \/>\n<script type=\"application\/ld+json\" class=\"yoast-schema-graph\">{\"@context\":\"https:\\\/\\\/schema.org\",\"@graph\":[{\"@type\":\"Article\",\"@id\":\"https:\\\/\\\/lightweb.dev\\\/l\\\/svm-temp\\\/artiklar\\\/gaststudent-och-handbollsspelare-pa-solkusten\\\/#article\",\"isPartOf\":{\"@id\":\"https:\\\/\\\/lightweb.dev\\\/l\\\/svm-temp\\\/artiklar\\\/gaststudent-och-handbollsspelare-pa-solkusten\\\/\"},\"author\":{\"name\":\"Redaktionen SvM\",\"@id\":\"https:\\\/\\\/lightweb.dev\\\/l\\\/svm-temp\\\/#\\\/schema\\\/person\\\/206a3bda5b607b0c25e1749191e4d837\"},\"headline\":\"G\u00e4ststudent och handbollsspelare p\u00e5 Solkusten\",\"datePublished\":\"2013-01-09T23:00:00+00:00\",\"mainEntityOfPage\":{\"@id\":\"https:\\\/\\\/lightweb.dev\\\/l\\\/svm-temp\\\/artiklar\\\/gaststudent-och-handbollsspelare-pa-solkusten\\\/\"},\"wordCount\":830,\"commentCount\":0,\"publisher\":{\"@id\":\"https:\\\/\\\/lightweb.dev\\\/l\\\/svm-temp\\\/#organization\"},\"image\":{\"@id\":\"https:\\\/\\\/lightweb.dev\\\/l\\\/svm-temp\\\/artiklar\\\/gaststudent-och-handbollsspelare-pa-solkusten\\\/#primaryimage\"},\"thumbnailUrl\":\"https:\\\/\\\/lightweb.dev\\\/l\\\/svm-temp\\\/wp-content\\\/uploads\\\/2022\\\/04\\\/gststudent-och-handbollsspelare-p-solkusten.png\",\"articleSection\":[\"Artiklar\",\"Sport\"],\"inLanguage\":\"sv-SE\"},{\"@type\":\"WebPage\",\"@id\":\"https:\\\/\\\/lightweb.dev\\\/l\\\/svm-temp\\\/artiklar\\\/gaststudent-och-handbollsspelare-pa-solkusten\\\/\",\"url\":\"https:\\\/\\\/lightweb.dev\\\/l\\\/svm-temp\\\/artiklar\\\/gaststudent-och-handbollsspelare-pa-solkusten\\\/\",\"name\":\"G\u00e4ststudent och handbollsspelare p\u00e5 Solkusten - Svenska Magasinet\",\"isPartOf\":{\"@id\":\"https:\\\/\\\/lightweb.dev\\\/l\\\/svm-temp\\\/#website\"},\"primaryImageOfPage\":{\"@id\":\"https:\\\/\\\/lightweb.dev\\\/l\\\/svm-temp\\\/artiklar\\\/gaststudent-och-handbollsspelare-pa-solkusten\\\/#primaryimage\"},\"image\":{\"@id\":\"https:\\\/\\\/lightweb.dev\\\/l\\\/svm-temp\\\/artiklar\\\/gaststudent-och-handbollsspelare-pa-solkusten\\\/#primaryimage\"},\"thumbnailUrl\":\"https:\\\/\\\/lightweb.dev\\\/l\\\/svm-temp\\\/wp-content\\\/uploads\\\/2022\\\/04\\\/gststudent-och-handbollsspelare-p-solkusten.png\",\"datePublished\":\"2013-01-09T23:00:00+00:00\",\"breadcrumb\":{\"@id\":\"https:\\\/\\\/lightweb.dev\\\/l\\\/svm-temp\\\/artiklar\\\/gaststudent-och-handbollsspelare-pa-solkusten\\\/#breadcrumb\"},\"inLanguage\":\"sv-SE\",\"potentialAction\":[{\"@type\":\"ReadAction\",\"target\":[\"https:\\\/\\\/lightweb.dev\\\/l\\\/svm-temp\\\/artiklar\\\/gaststudent-och-handbollsspelare-pa-solkusten\\\/\"]}]},{\"@type\":\"ImageObject\",\"inLanguage\":\"sv-SE\",\"@id\":\"https:\\\/\\\/lightweb.dev\\\/l\\\/svm-temp\\\/artiklar\\\/gaststudent-och-handbollsspelare-pa-solkusten\\\/#primaryimage\",\"url\":\"https:\\\/\\\/lightweb.dev\\\/l\\\/svm-temp\\\/wp-content\\\/uploads\\\/2022\\\/04\\\/gststudent-och-handbollsspelare-p-solkusten.png\",\"contentUrl\":\"https:\\\/\\\/lightweb.dev\\\/l\\\/svm-temp\\\/wp-content\\\/uploads\\\/2022\\\/04\\\/gststudent-och-handbollsspelare-p-solkusten.png\",\"width\":280,\"height\":419},{\"@type\":\"BreadcrumbList\",\"@id\":\"https:\\\/\\\/lightweb.dev\\\/l\\\/svm-temp\\\/artiklar\\\/gaststudent-och-handbollsspelare-pa-solkusten\\\/#breadcrumb\",\"itemListElement\":[{\"@type\":\"ListItem\",\"position\":1,\"name\":\"Hem\",\"item\":\"https:\\\/\\\/lightweb.dev\\\/l\\\/svm-temp\\\/\"},{\"@type\":\"ListItem\",\"position\":2,\"name\":\"G\u00e4ststudent och handbollsspelare p\u00e5 Solkusten\"}]},{\"@type\":\"WebSite\",\"@id\":\"https:\\\/\\\/lightweb.dev\\\/l\\\/svm-temp\\\/#website\",\"url\":\"https:\\\/\\\/lightweb.dev\\\/l\\\/svm-temp\\\/\",\"name\":\"Svenska Magasinet\",\"description\":\"Dina Spanska nyheter p&aring; Svenska\",\"publisher\":{\"@id\":\"https:\\\/\\\/lightweb.dev\\\/l\\\/svm-temp\\\/#organization\"},\"potentialAction\":[{\"@type\":\"SearchAction\",\"target\":{\"@type\":\"EntryPoint\",\"urlTemplate\":\"https:\\\/\\\/lightweb.dev\\\/l\\\/svm-temp\\\/?s={search_term_string}\"},\"query-input\":{\"@type\":\"PropertyValueSpecification\",\"valueRequired\":true,\"valueName\":\"search_term_string\"}}],\"inLanguage\":\"sv-SE\"},{\"@type\":\"Organization\",\"@id\":\"https:\\\/\\\/lightweb.dev\\\/l\\\/svm-temp\\\/#organization\",\"name\":\"Melkerson y Nott SL\",\"alternateName\":\"Svenska Magasinet\",\"url\":\"https:\\\/\\\/lightweb.dev\\\/l\\\/svm-temp\\\/\",\"logo\":{\"@type\":\"ImageObject\",\"inLanguage\":\"sv-SE\",\"@id\":\"https:\\\/\\\/lightweb.dev\\\/l\\\/svm-temp\\\/#\\\/schema\\\/logo\\\/image\\\/\",\"url\":\"https:\\\/\\\/lightweb.dev\\\/l\\\/svm-temp\\\/wp-content\\\/uploads\\\/2025\\\/02\\\/SvM-logo-Xtra-Centrerad-SVART.png\",\"contentUrl\":\"https:\\\/\\\/lightweb.dev\\\/l\\\/svm-temp\\\/wp-content\\\/uploads\\\/2025\\\/02\\\/SvM-logo-Xtra-Centrerad-SVART.png\",\"width\":300,\"height\":99,\"caption\":\"Melkerson y Nott SL\"},\"image\":{\"@id\":\"https:\\\/\\\/lightweb.dev\\\/l\\\/svm-temp\\\/#\\\/schema\\\/logo\\\/image\\\/\"},\"sameAs\":[\"https:\\\/\\\/www.facebook.com\\\/svenskamagasinet\",\"https:\\\/\\\/x.com\\\/SvenskaMagasine\"]},{\"@type\":\"Person\",\"@id\":\"https:\\\/\\\/lightweb.dev\\\/l\\\/svm-temp\\\/#\\\/schema\\\/person\\\/206a3bda5b607b0c25e1749191e4d837\",\"name\":\"Redaktionen SvM\",\"description\":\"Redaktionen\",\"sameAs\":[\"https:\\\/\\\/lightweb.dev\\\/l\\\/svm-temp\"],\"url\":\"https:\\\/\\\/lightweb.dev\\\/l\\\/svm-temp\\\/reporter\\\/redaktionen\\\/\"}]}<\/script>\n<!-- \/ Yoast SEO Premium plugin. -->","yoast_head_json":{"title":"G\u00e4ststudent och handbollsspelare p\u00e5 Solkusten - Svenska Magasinet","robots":{"index":"noindex","follow":"follow","max-snippet":"max-snippet:-1","max-image-preview":"max-image-preview:large","max-video-preview":"max-video-preview:-1"},"og_locale":"sv_SE","og_type":"article","og_title":"G\u00e4ststudent och handbollsspelare p\u00e5 Solkusten","og_description":"Svenska skolan i Fuengirola tar emot allt fler g\u00e4ststudenter. Tack vare att skolan har en idrottsprofil kan elever forts\u00e4tta med sin favoritsport. Svenska Magasinet har tr\u00e4ffat en av g\u00e4ststudenterna d\u00e4r idrotten har blivit ett steg in i den spanska kulturen. Av Ola Josefsson &#8211; Jag tror att jag \u00e4r en av f\u00e5 bland g\u00e4ststudenterna som [&hellip;]","og_url":"https:\/\/lightweb.dev\/l\/svm-temp\/artiklar\/gaststudent-och-handbollsspelare-pa-solkusten\/","og_site_name":"Svenska Magasinet","article_publisher":"https:\/\/www.facebook.com\/svenskamagasinet","article_published_time":"2013-01-09T23:00:00+00:00","og_image":[{"width":280,"height":419,"url":"https:\/\/lightweb.dev\/l\/svm-temp\/wp-content\/uploads\/2022\/04\/gststudent-och-handbollsspelare-p-solkusten.png","type":"image\/png"}],"author":"Redaktionen SvM","twitter_card":"summary_large_image","twitter_creator":"@SvenskaMagasine","twitter_site":"@SvenskaMagasine","schema":{"@context":"https:\/\/schema.org","@graph":[{"@type":"Article","@id":"https:\/\/lightweb.dev\/l\/svm-temp\/artiklar\/gaststudent-och-handbollsspelare-pa-solkusten\/#article","isPartOf":{"@id":"https:\/\/lightweb.dev\/l\/svm-temp\/artiklar\/gaststudent-och-handbollsspelare-pa-solkusten\/"},"author":{"name":"Redaktionen SvM","@id":"https:\/\/lightweb.dev\/l\/svm-temp\/#\/schema\/person\/206a3bda5b607b0c25e1749191e4d837"},"headline":"G\u00e4ststudent och handbollsspelare p\u00e5 Solkusten","datePublished":"2013-01-09T23:00:00+00:00","mainEntityOfPage":{"@id":"https:\/\/lightweb.dev\/l\/svm-temp\/artiklar\/gaststudent-och-handbollsspelare-pa-solkusten\/"},"wordCount":830,"commentCount":0,"publisher":{"@id":"https:\/\/lightweb.dev\/l\/svm-temp\/#organization"},"image":{"@id":"https:\/\/lightweb.dev\/l\/svm-temp\/artiklar\/gaststudent-och-handbollsspelare-pa-solkusten\/#primaryimage"},"thumbnailUrl":"https:\/\/lightweb.dev\/l\/svm-temp\/wp-content\/uploads\/2022\/04\/gststudent-och-handbollsspelare-p-solkusten.png","articleSection":["Artiklar","Sport"],"inLanguage":"sv-SE"},{"@type":"WebPage","@id":"https:\/\/lightweb.dev\/l\/svm-temp\/artiklar\/gaststudent-och-handbollsspelare-pa-solkusten\/","url":"https:\/\/lightweb.dev\/l\/svm-temp\/artiklar\/gaststudent-och-handbollsspelare-pa-solkusten\/","name":"G\u00e4ststudent och handbollsspelare p\u00e5 Solkusten - Svenska Magasinet","isPartOf":{"@id":"https:\/\/lightweb.dev\/l\/svm-temp\/#website"},"primaryImageOfPage":{"@id":"https:\/\/lightweb.dev\/l\/svm-temp\/artiklar\/gaststudent-och-handbollsspelare-pa-solkusten\/#primaryimage"},"image":{"@id":"https:\/\/lightweb.dev\/l\/svm-temp\/artiklar\/gaststudent-och-handbollsspelare-pa-solkusten\/#primaryimage"},"thumbnailUrl":"https:\/\/lightweb.dev\/l\/svm-temp\/wp-content\/uploads\/2022\/04\/gststudent-och-handbollsspelare-p-solkusten.png","datePublished":"2013-01-09T23:00:00+00:00","breadcrumb":{"@id":"https:\/\/lightweb.dev\/l\/svm-temp\/artiklar\/gaststudent-och-handbollsspelare-pa-solkusten\/#breadcrumb"},"inLanguage":"sv-SE","potentialAction":[{"@type":"ReadAction","target":["https:\/\/lightweb.dev\/l\/svm-temp\/artiklar\/gaststudent-och-handbollsspelare-pa-solkusten\/"]}]},{"@type":"ImageObject","inLanguage":"sv-SE","@id":"https:\/\/lightweb.dev\/l\/svm-temp\/artiklar\/gaststudent-och-handbollsspelare-pa-solkusten\/#primaryimage","url":"https:\/\/lightweb.dev\/l\/svm-temp\/wp-content\/uploads\/2022\/04\/gststudent-och-handbollsspelare-p-solkusten.png","contentUrl":"https:\/\/lightweb.dev\/l\/svm-temp\/wp-content\/uploads\/2022\/04\/gststudent-och-handbollsspelare-p-solkusten.png","width":280,"height":419},{"@type":"BreadcrumbList","@id":"https:\/\/lightweb.dev\/l\/svm-temp\/artiklar\/gaststudent-och-handbollsspelare-pa-solkusten\/#breadcrumb","itemListElement":[{"@type":"ListItem","position":1,"name":"Hem","item":"https:\/\/lightweb.dev\/l\/svm-temp\/"},{"@type":"ListItem","position":2,"name":"G\u00e4ststudent och handbollsspelare p\u00e5 Solkusten"}]},{"@type":"WebSite","@id":"https:\/\/lightweb.dev\/l\/svm-temp\/#website","url":"https:\/\/lightweb.dev\/l\/svm-temp\/","name":"Svenska Magasinet","description":"Dina Spanska nyheter p&aring; Svenska","publisher":{"@id":"https:\/\/lightweb.dev\/l\/svm-temp\/#organization"},"potentialAction":[{"@type":"SearchAction","target":{"@type":"EntryPoint","urlTemplate":"https:\/\/lightweb.dev\/l\/svm-temp\/?s={search_term_string}"},"query-input":{"@type":"PropertyValueSpecification","valueRequired":true,"valueName":"search_term_string"}}],"inLanguage":"sv-SE"},{"@type":"Organization","@id":"https:\/\/lightweb.dev\/l\/svm-temp\/#organization","name":"Melkerson y Nott SL","alternateName":"Svenska Magasinet","url":"https:\/\/lightweb.dev\/l\/svm-temp\/","logo":{"@type":"ImageObject","inLanguage":"sv-SE","@id":"https:\/\/lightweb.dev\/l\/svm-temp\/#\/schema\/logo\/image\/","url":"https:\/\/lightweb.dev\/l\/svm-temp\/wp-content\/uploads\/2025\/02\/SvM-logo-Xtra-Centrerad-SVART.png","contentUrl":"https:\/\/lightweb.dev\/l\/svm-temp\/wp-content\/uploads\/2025\/02\/SvM-logo-Xtra-Centrerad-SVART.png","width":300,"height":99,"caption":"Melkerson y Nott SL"},"image":{"@id":"https:\/\/lightweb.dev\/l\/svm-temp\/#\/schema\/logo\/image\/"},"sameAs":["https:\/\/www.facebook.com\/svenskamagasinet","https:\/\/x.com\/SvenskaMagasine"]},{"@type":"Person","@id":"https:\/\/lightweb.dev\/l\/svm-temp\/#\/schema\/person\/206a3bda5b607b0c25e1749191e4d837","name":"Redaktionen SvM","description":"Redaktionen","sameAs":["https:\/\/lightweb.dev\/l\/svm-temp"],"url":"https:\/\/lightweb.dev\/l\/svm-temp\/reporter\/redaktionen\/"}]}},"_links":{"self":[{"href":"https:\/\/lightweb.dev\/l\/svm-temp\/wp-json\/wp\/v2\/posts\/4447","targetHints":{"allow":["GET"]}}],"collection":[{"href":"https:\/\/lightweb.dev\/l\/svm-temp\/wp-json\/wp\/v2\/posts"}],"about":[{"href":"https:\/\/lightweb.dev\/l\/svm-temp\/wp-json\/wp\/v2\/types\/post"}],"author":[{"embeddable":true,"href":"https:\/\/lightweb.dev\/l\/svm-temp\/wp-json\/wp\/v2\/users\/8"}],"replies":[{"embeddable":true,"href":"https:\/\/lightweb.dev\/l\/svm-temp\/wp-json\/wp\/v2\/comments?post=4447"}],"version-history":[{"count":0,"href":"https:\/\/lightweb.dev\/l\/svm-temp\/wp-json\/wp\/v2\/posts\/4447\/revisions"}],"wp:featuredmedia":[{"embeddable":true,"href":"https:\/\/lightweb.dev\/l\/svm-temp\/wp-json\/wp\/v2\/media\/4448"}],"wp:attachment":[{"href":"https:\/\/lightweb.dev\/l\/svm-temp\/wp-json\/wp\/v2\/media?parent=4447"}],"wp:term":[{"taxonomy":"category","embeddable":true,"href":"https:\/\/lightweb.dev\/l\/svm-temp\/wp-json\/wp\/v2\/categories?post=4447"},{"taxonomy":"post_tag","embeddable":true,"href":"https:\/\/lightweb.dev\/l\/svm-temp\/wp-json\/wp\/v2\/tags?post=4447"}],"curies":[{"name":"wp","href":"https:\/\/api.w.org\/{rel}","templated":true}]}}