{"id":4449,"date":"2013-01-10T00:00:00","date_gmt":"2013-01-09T23:00:00","guid":{"rendered":"https:\/\/lightweb.dev\/l\/svm-temp\/spanien-just-nu-galenskaper\/"},"modified":"2013-01-10T00:00:00","modified_gmt":"2013-01-09T23:00:00","slug":"spanien-just-nu-galenskaper","status":"publish","type":"post","link":"https:\/\/lightweb.dev\/l\/svm-temp\/artiklar\/spanien-just-nu-galenskaper\/","title":{"rendered":"Spanien just nu \u2013 galenskaper"},"content":{"rendered":"<p> Kommer Spanien i sin nuvarande form att finnas kvar om tv\u00e5 eller tre \u00e5r? Jag \u00e4r inte s\u00e4ker p\u00e5 det. En minoritetsregering styr Katalonien just nu. Hur l\u00e4nge den kommer att h\u00e5lla \u00e5terst\u00e5r att se. Det galna tillst\u00e5ndet i Katalonien kan utveckla sig till en milit\u00e4r aktion.  <\/p>\n<p>Av Ola Josefsson<\/p>\n<p>Det regionala nationalistiska center-h\u00f6gerpartiet CiU (Converg\u00e8ncia i Uni\u00f3) har bildat regering med det republikanska v\u00e4nsterpartiet ERC (Esquerra Republicana de Catalunya). ERC vill egentligen inte veta av CiU:s reformpaket med spar\u00e5tg\u00e4rder och vill helst inte betala det politiska priset under den ekonomiska krisen.<\/p>\n<p>Vid det senaste valet tappade CiU r\u00f6ster till ERC p\u00e5 grund av den ekonomiska politiken. Politiskt \u00e4r CiU och ERC fiender. Det som f\u00f6renar och f\u00e5r dem att sitta ned vid samma bord \u00e4r hatet och upproret mot Spanien och en folkomr\u00f6stning i oktober 2014 om \u201dsj\u00e4lvbest\u00e4mmander\u00e4tt\u201d f\u00f6r Katalonien. Det var ett krav fr\u00e5n ERC:s sida om de skulle st\u00f6dja CiU. Det s\u00e4ger en hel del om den regionala politiken i omr\u00e5det och ett nyval inom tv\u00e5 \u00e5r \u00e4r inte helt om\u00f6jligt.<\/p>\n<p>Om inte det sker ett milit\u00e4rt ingripande innan dess. Det verkar kanske l\u00e5ngs\u00f6kt men den som f\u00f6ljt med i nyhetsrapporteringen under h\u00f6sten kan sk\u00f6nja ett visst missn\u00f6je hos representanter ur F\u00f6rsvarsmakten. Det finns de som tror att milit\u00e4ren f\u00f6rr eller senare kommer att sl\u00e5 till mot upproret i Katalonien.<\/p>\n<p>Under de senaste m\u00e5naderna har ett antal milit\u00e4rer kommenterat situationen i Katalonien. N\u00e5gra av dem \u00e4r pensionerade och nyligen avsattes brigadgeneral \u00c1ngel Luis Pontijas Deus f\u00f6r att denne hade riktat skarp, n\u00e5v\u00e4l, inte ammunition, men v\u00e4l kritik mot Artur Mas den 27 november.<\/p>\n<p>\u00c1ngel Luis Pontijas Deus sk\u00f6t in sig p\u00e5 att Artur Mas undgick den h\u00f6gtidliga paraden den 12 oktober f\u00f6r att i st\u00e4llet framh\u00e4va den tvivelaktiga proklamationen att Kataloniens avsikt \u00e4r sj\u00e4lvst\u00e4ndighet. \u201dDet g\u00e5r emot nationens stabila enhet d\u00e4r Spanien \u00e4r en av de \u00e4ldsta nationerna p\u00e5 den europeiska kontinenten\u201d.<\/p>\n<p>Beskedet om avsked publicerades fredagen den 7 december i statens bulletin, Bolet\u00edn Oficial de Defensa (BOD). Det var F\u00f6rsvarsministern Pedro Moren\u00e9s som undertecknade beslutet om avsked den 3 december. Den avskedade, \u00c1ngel Luis Pontijas Deus, var vice direkt\u00f6r vid magasinet \u201dEj\u00e9rcito\u201d som \u00e4r det officiella organet f\u00f6r generalstaben.<\/p>\n<p>N\u00e4sta milit\u00e4r som h\u00f6jde r\u00f6sten var pensionerade \u00f6versten Francisco Alam\u00e1n Castro. Han kommenterade F\u00f6rsvarsministerns beslut att sparka \u00c1ngel Luis Pontijas Deus. Alam\u00e1n skriver en artikel i n\u00e4ttidningen Alerta Digital som riktas mot F\u00f6rsvarsministern med rubriken:<br \/>\n\u201dNi \u00e4r en okunnig idiot som inte har en aning om hur arm\u00e9n fungerar.\u201d Francisco Alam\u00e1n Castro ironiserar vidare om F\u00f6rsvarsministerns lysande karri\u00e4r och kopplingar till fabriker som tillverkade bomber som hamnade hos Gaddafi.<\/p>\n<p>L\u00e5t oss i sammanhanget konstatera vad den spanska konstitutionen, artikel 8, paragraf 1, s\u00e4ger: \u201dLas Fuerzas Armadas, F\u00f6rsvarsmakten, d\u00e4r arm\u00e9, flotta och flygvapen ing\u00e5r har uppdraget att garantera Spaniens sj\u00e4lvst\u00e4ndighet samt f\u00f6rsvara dess territoriella integritet och konstitutionella ordning\u201d.<\/p>\n<p>Med dessa ord i tankarna kommer det inte som n\u00e5gon blixt fr\u00e5n en klar himmel att vi h\u00f6r ett visst muller fr\u00e5n n\u00e5gra enstaka milit\u00e4rer. Och det finns fler artiklar och paragrafer i konstitutionen som kan vara v\u00e4rt att begrunda dessa dagar till exempel att komma med f\u00f6rol\u00e4mpande tal i skrift eller handling mot Spanien, uppvigling, provokation, konspiration och anstiftan till uppror mot landets grundlagar.<\/p>\n<p>Hittills har ingen ingripit mot galenskaperna i Spaniens nord\u00f6stra h\u00f6rn. Hade Jos\u00e9 Maria Aznar suttit vid rodret skulle han ha agerat f\u00f6r l\u00e4nge sedan, kan jag misst\u00e4nka. Dagens PP-regering med Mariano Rajoy beskrivs som liberal och tillh\u00f6r v\u00e4nsterflygeln i partiet. Knappast en h\u00f6gerledare som pekar med hela handen.<\/p>\n<p>Det har varit mycket Katalonien i det spanska nyhetsfl\u00f6det den senaste tiden och mer l\u00e4r det bli. Den som leder det katalanska upproret \u00e4r Artur Mas. Och han verkar f\u00e5 h\u00e5llas. Hur l\u00e4nge? Vi f\u00e5r se. Det beror p\u00e5 politikerna som inte tycks kunna handskas med situationen samtidigt som allt fler f\u00f6retag hotar med att l\u00e4mna Katalonien.<\/p>\n<p>Skulle Katalonien l\u00e4mna Spanien l\u00e4r de bli en isolerad \u00f6 i Europa. Spanien l\u00e4gger in sitt veto och l\u00e4r knappast sl\u00e4ppa in Katalonien i EU. Redan nu v\u00e4lkomnas fotbollslaget Barcelona att under s\u00e5dana omst\u00e4ndigheter f\u00e5 spela i franska ligan.<\/p>\n<p>Det var knappast s\u00e5 det skulle sluta efter att Ferdinand II av Aragonien den 19 oktober 1469 gifte sig med sysslingen Isabella I av Kastilien och blev Spaniens f\u00f6rsta kungapar. P\u00e5 den tiden ingick Katalonien i Aragonien. Vad jag h\u00f6r \u00e4r m\u00e5nga spanjorer tr\u00f6tta p\u00e5 katalanernas galenskaper. Ropen \u201dl\u00e5t oss bli av med Katalonien\u201d b\u00f6rjar sk\u00f6njas.<\/p>\n<p>Oroligt i Spanien nord\u00f6stra h\u00f6rn allts\u00e5. P\u00e5 gr\u00e4nsen till det sydv\u00e4stra h\u00f6rnet firar i \u00e5r Gibraltarborna 300-\u00e5rsjubileum. Det har g\u00e5tt 300 \u00e5r sedan territoriet \u00f6verl\u00e4ts till Storbritannien \u201df\u00f6r all framtid\u201d enligt freden i Utrecht 1713 som sl\u00f6ts efter det spanska tronf\u00f6ljdskriget.<\/p>\n<p>R\u00e4kna med oroligheter, debatter, maskningsaktioner och demonstrationer p\u00e5 gr\u00e4nsen till Gibraltar i \u00e5r n\u00e4r cirka 30.000 inv\u00e5nare ska h\u00f6gtidligh\u00e5lla 300-\u00e5rsjubileet. <\/p>\n","protected":false},"excerpt":{"rendered":"<p>Kommer Spanien i sin nuvarande form att finnas kvar om tv\u00e5 eller tre \u00e5r? Jag \u00e4r inte s\u00e4ker p\u00e5 det. En minoritetsregering styr Katalonien just nu. Hur l\u00e4nge den kommer att h\u00e5lla \u00e5terst\u00e5r att se. Det galna tillst\u00e5ndet i Katalonien kan utveckla sig till en milit\u00e4r aktion. Av Ola Josefsson Det regionala nationalistiska center-h\u00f6gerpartiet CiU [&hellip;]<\/p>\n","protected":false},"author":8,"featured_media":4450,"comment_status":"open","ping_status":"open","sticky":false,"template":"","format":"standard","meta":{"_et_pb_use_builder":"","_et_pb_old_content":"","_et_gb_content_width":"","footnotes":""},"categories":[4,36],"tags":[],"class_list":["post-4449","post","type-post","status-publish","format-standard","has-post-thumbnail","hentry","category-artiklar","category-spanien-just-nu"],"yoast_head":"<!-- This site is optimized with the Yoast SEO Premium plugin v26.2 (Yoast SEO v28.2) - https:\/\/yoast.com\/product\/yoast-seo-premium-wordpress\/ -->\n<title>Spanien just nu \u2013 galenskaper - Svenska Magasinet<\/title>\n<meta name=\"robots\" content=\"noindex, follow, max-snippet:-1, max-image-preview:large, max-video-preview:-1\" \/>\n<meta property=\"og:locale\" content=\"sv_SE\" \/>\n<meta property=\"og:type\" content=\"article\" \/>\n<meta property=\"og:title\" content=\"Spanien just nu \u2013 galenskaper\" \/>\n<meta property=\"og:description\" content=\"Kommer Spanien i sin nuvarande form att finnas kvar om tv\u00e5 eller tre \u00e5r? Jag \u00e4r inte s\u00e4ker p\u00e5 det. En minoritetsregering styr Katalonien just nu. Hur l\u00e4nge den kommer att h\u00e5lla \u00e5terst\u00e5r att se. Det galna tillst\u00e5ndet i Katalonien kan utveckla sig till en milit\u00e4r aktion. Av Ola Josefsson Det regionala nationalistiska center-h\u00f6gerpartiet CiU [&hellip;]\" \/>\n<meta property=\"og:url\" content=\"https:\/\/lightweb.dev\/l\/svm-temp\/artiklar\/spanien-just-nu-galenskaper\/\" \/>\n<meta property=\"og:site_name\" content=\"Svenska Magasinet\" \/>\n<meta property=\"article:publisher\" content=\"https:\/\/www.facebook.com\/svenskamagasinet\" \/>\n<meta property=\"article:published_time\" content=\"2013-01-09T23:00:00+00:00\" \/>\n<meta property=\"og:image\" content=\"https:\/\/lightweb.dev\/l\/svm-temp\/wp-content\/uploads\/2022\/04\/spanien-just-nu-galenskaper.png\" \/>\n\t<meta property=\"og:image:width\" content=\"280\" \/>\n\t<meta property=\"og:image:height\" content=\"419\" \/>\n\t<meta property=\"og:image:type\" content=\"image\/png\" \/>\n<meta name=\"author\" content=\"Redaktionen SvM\" \/>\n<meta name=\"twitter:card\" content=\"summary_large_image\" \/>\n<meta name=\"twitter:creator\" content=\"@SvenskaMagasine\" \/>\n<meta name=\"twitter:site\" content=\"@SvenskaMagasine\" \/>\n<script type=\"application\/ld+json\" class=\"yoast-schema-graph\">{\"@context\":\"https:\\\/\\\/schema.org\",\"@graph\":[{\"@type\":\"Article\",\"@id\":\"https:\\\/\\\/lightweb.dev\\\/l\\\/svm-temp\\\/artiklar\\\/spanien-just-nu-galenskaper\\\/#article\",\"isPartOf\":{\"@id\":\"https:\\\/\\\/lightweb.dev\\\/l\\\/svm-temp\\\/artiklar\\\/spanien-just-nu-galenskaper\\\/\"},\"author\":{\"name\":\"Redaktionen SvM\",\"@id\":\"https:\\\/\\\/lightweb.dev\\\/l\\\/svm-temp\\\/#\\\/schema\\\/person\\\/206a3bda5b607b0c25e1749191e4d837\"},\"headline\":\"Spanien just nu \u2013 galenskaper\",\"datePublished\":\"2013-01-09T23:00:00+00:00\",\"mainEntityOfPage\":{\"@id\":\"https:\\\/\\\/lightweb.dev\\\/l\\\/svm-temp\\\/artiklar\\\/spanien-just-nu-galenskaper\\\/\"},\"wordCount\":923,\"commentCount\":0,\"publisher\":{\"@id\":\"https:\\\/\\\/lightweb.dev\\\/l\\\/svm-temp\\\/#organization\"},\"image\":{\"@id\":\"https:\\\/\\\/lightweb.dev\\\/l\\\/svm-temp\\\/artiklar\\\/spanien-just-nu-galenskaper\\\/#primaryimage\"},\"thumbnailUrl\":\"https:\\\/\\\/lightweb.dev\\\/l\\\/svm-temp\\\/wp-content\\\/uploads\\\/2022\\\/04\\\/spanien-just-nu-galenskaper.png\",\"articleSection\":[\"Artiklar\",\"Spanien just nu\"],\"inLanguage\":\"sv-SE\"},{\"@type\":\"WebPage\",\"@id\":\"https:\\\/\\\/lightweb.dev\\\/l\\\/svm-temp\\\/artiklar\\\/spanien-just-nu-galenskaper\\\/\",\"url\":\"https:\\\/\\\/lightweb.dev\\\/l\\\/svm-temp\\\/artiklar\\\/spanien-just-nu-galenskaper\\\/\",\"name\":\"Spanien just nu \u2013 galenskaper - Svenska Magasinet\",\"isPartOf\":{\"@id\":\"https:\\\/\\\/lightweb.dev\\\/l\\\/svm-temp\\\/#website\"},\"primaryImageOfPage\":{\"@id\":\"https:\\\/\\\/lightweb.dev\\\/l\\\/svm-temp\\\/artiklar\\\/spanien-just-nu-galenskaper\\\/#primaryimage\"},\"image\":{\"@id\":\"https:\\\/\\\/lightweb.dev\\\/l\\\/svm-temp\\\/artiklar\\\/spanien-just-nu-galenskaper\\\/#primaryimage\"},\"thumbnailUrl\":\"https:\\\/\\\/lightweb.dev\\\/l\\\/svm-temp\\\/wp-content\\\/uploads\\\/2022\\\/04\\\/spanien-just-nu-galenskaper.png\",\"datePublished\":\"2013-01-09T23:00:00+00:00\",\"breadcrumb\":{\"@id\":\"https:\\\/\\\/lightweb.dev\\\/l\\\/svm-temp\\\/artiklar\\\/spanien-just-nu-galenskaper\\\/#breadcrumb\"},\"inLanguage\":\"sv-SE\",\"potentialAction\":[{\"@type\":\"ReadAction\",\"target\":[\"https:\\\/\\\/lightweb.dev\\\/l\\\/svm-temp\\\/artiklar\\\/spanien-just-nu-galenskaper\\\/\"]}]},{\"@type\":\"ImageObject\",\"inLanguage\":\"sv-SE\",\"@id\":\"https:\\\/\\\/lightweb.dev\\\/l\\\/svm-temp\\\/artiklar\\\/spanien-just-nu-galenskaper\\\/#primaryimage\",\"url\":\"https:\\\/\\\/lightweb.dev\\\/l\\\/svm-temp\\\/wp-content\\\/uploads\\\/2022\\\/04\\\/spanien-just-nu-galenskaper.png\",\"contentUrl\":\"https:\\\/\\\/lightweb.dev\\\/l\\\/svm-temp\\\/wp-content\\\/uploads\\\/2022\\\/04\\\/spanien-just-nu-galenskaper.png\",\"width\":280,\"height\":419},{\"@type\":\"BreadcrumbList\",\"@id\":\"https:\\\/\\\/lightweb.dev\\\/l\\\/svm-temp\\\/artiklar\\\/spanien-just-nu-galenskaper\\\/#breadcrumb\",\"itemListElement\":[{\"@type\":\"ListItem\",\"position\":1,\"name\":\"Hem\",\"item\":\"https:\\\/\\\/lightweb.dev\\\/l\\\/svm-temp\\\/\"},{\"@type\":\"ListItem\",\"position\":2,\"name\":\"Spanien just nu \u2013 galenskaper\"}]},{\"@type\":\"WebSite\",\"@id\":\"https:\\\/\\\/lightweb.dev\\\/l\\\/svm-temp\\\/#website\",\"url\":\"https:\\\/\\\/lightweb.dev\\\/l\\\/svm-temp\\\/\",\"name\":\"Svenska Magasinet\",\"description\":\"Dina Spanska nyheter p&aring; Svenska\",\"publisher\":{\"@id\":\"https:\\\/\\\/lightweb.dev\\\/l\\\/svm-temp\\\/#organization\"},\"potentialAction\":[{\"@type\":\"SearchAction\",\"target\":{\"@type\":\"EntryPoint\",\"urlTemplate\":\"https:\\\/\\\/lightweb.dev\\\/l\\\/svm-temp\\\/?s={search_term_string}\"},\"query-input\":{\"@type\":\"PropertyValueSpecification\",\"valueRequired\":true,\"valueName\":\"search_term_string\"}}],\"inLanguage\":\"sv-SE\"},{\"@type\":\"Organization\",\"@id\":\"https:\\\/\\\/lightweb.dev\\\/l\\\/svm-temp\\\/#organization\",\"name\":\"Melkerson y Nott SL\",\"alternateName\":\"Svenska Magasinet\",\"url\":\"https:\\\/\\\/lightweb.dev\\\/l\\\/svm-temp\\\/\",\"logo\":{\"@type\":\"ImageObject\",\"inLanguage\":\"sv-SE\",\"@id\":\"https:\\\/\\\/lightweb.dev\\\/l\\\/svm-temp\\\/#\\\/schema\\\/logo\\\/image\\\/\",\"url\":\"https:\\\/\\\/lightweb.dev\\\/l\\\/svm-temp\\\/wp-content\\\/uploads\\\/2025\\\/02\\\/SvM-logo-Xtra-Centrerad-SVART.png\",\"contentUrl\":\"https:\\\/\\\/lightweb.dev\\\/l\\\/svm-temp\\\/wp-content\\\/uploads\\\/2025\\\/02\\\/SvM-logo-Xtra-Centrerad-SVART.png\",\"width\":300,\"height\":99,\"caption\":\"Melkerson y Nott SL\"},\"image\":{\"@id\":\"https:\\\/\\\/lightweb.dev\\\/l\\\/svm-temp\\\/#\\\/schema\\\/logo\\\/image\\\/\"},\"sameAs\":[\"https:\\\/\\\/www.facebook.com\\\/svenskamagasinet\",\"https:\\\/\\\/x.com\\\/SvenskaMagasine\"]},{\"@type\":\"Person\",\"@id\":\"https:\\\/\\\/lightweb.dev\\\/l\\\/svm-temp\\\/#\\\/schema\\\/person\\\/206a3bda5b607b0c25e1749191e4d837\",\"name\":\"Redaktionen SvM\",\"description\":\"Redaktionen\",\"sameAs\":[\"https:\\\/\\\/lightweb.dev\\\/l\\\/svm-temp\"],\"url\":\"https:\\\/\\\/lightweb.dev\\\/l\\\/svm-temp\\\/reporter\\\/redaktionen\\\/\"}]}<\/script>\n<!-- \/ Yoast SEO Premium plugin. -->","yoast_head_json":{"title":"Spanien just nu \u2013 galenskaper - Svenska Magasinet","robots":{"index":"noindex","follow":"follow","max-snippet":"max-snippet:-1","max-image-preview":"max-image-preview:large","max-video-preview":"max-video-preview:-1"},"og_locale":"sv_SE","og_type":"article","og_title":"Spanien just nu \u2013 galenskaper","og_description":"Kommer Spanien i sin nuvarande form att finnas kvar om tv\u00e5 eller tre \u00e5r? Jag \u00e4r inte s\u00e4ker p\u00e5 det. En minoritetsregering styr Katalonien just nu. Hur l\u00e4nge den kommer att h\u00e5lla \u00e5terst\u00e5r att se. Det galna tillst\u00e5ndet i Katalonien kan utveckla sig till en milit\u00e4r aktion. Av Ola Josefsson Det regionala nationalistiska center-h\u00f6gerpartiet CiU [&hellip;]","og_url":"https:\/\/lightweb.dev\/l\/svm-temp\/artiklar\/spanien-just-nu-galenskaper\/","og_site_name":"Svenska Magasinet","article_publisher":"https:\/\/www.facebook.com\/svenskamagasinet","article_published_time":"2013-01-09T23:00:00+00:00","og_image":[{"width":280,"height":419,"url":"https:\/\/lightweb.dev\/l\/svm-temp\/wp-content\/uploads\/2022\/04\/spanien-just-nu-galenskaper.png","type":"image\/png"}],"author":"Redaktionen SvM","twitter_card":"summary_large_image","twitter_creator":"@SvenskaMagasine","twitter_site":"@SvenskaMagasine","schema":{"@context":"https:\/\/schema.org","@graph":[{"@type":"Article","@id":"https:\/\/lightweb.dev\/l\/svm-temp\/artiklar\/spanien-just-nu-galenskaper\/#article","isPartOf":{"@id":"https:\/\/lightweb.dev\/l\/svm-temp\/artiklar\/spanien-just-nu-galenskaper\/"},"author":{"name":"Redaktionen SvM","@id":"https:\/\/lightweb.dev\/l\/svm-temp\/#\/schema\/person\/206a3bda5b607b0c25e1749191e4d837"},"headline":"Spanien just nu \u2013 galenskaper","datePublished":"2013-01-09T23:00:00+00:00","mainEntityOfPage":{"@id":"https:\/\/lightweb.dev\/l\/svm-temp\/artiklar\/spanien-just-nu-galenskaper\/"},"wordCount":923,"commentCount":0,"publisher":{"@id":"https:\/\/lightweb.dev\/l\/svm-temp\/#organization"},"image":{"@id":"https:\/\/lightweb.dev\/l\/svm-temp\/artiklar\/spanien-just-nu-galenskaper\/#primaryimage"},"thumbnailUrl":"https:\/\/lightweb.dev\/l\/svm-temp\/wp-content\/uploads\/2022\/04\/spanien-just-nu-galenskaper.png","articleSection":["Artiklar","Spanien just nu"],"inLanguage":"sv-SE"},{"@type":"WebPage","@id":"https:\/\/lightweb.dev\/l\/svm-temp\/artiklar\/spanien-just-nu-galenskaper\/","url":"https:\/\/lightweb.dev\/l\/svm-temp\/artiklar\/spanien-just-nu-galenskaper\/","name":"Spanien just nu \u2013 galenskaper - Svenska Magasinet","isPartOf":{"@id":"https:\/\/lightweb.dev\/l\/svm-temp\/#website"},"primaryImageOfPage":{"@id":"https:\/\/lightweb.dev\/l\/svm-temp\/artiklar\/spanien-just-nu-galenskaper\/#primaryimage"},"image":{"@id":"https:\/\/lightweb.dev\/l\/svm-temp\/artiklar\/spanien-just-nu-galenskaper\/#primaryimage"},"thumbnailUrl":"https:\/\/lightweb.dev\/l\/svm-temp\/wp-content\/uploads\/2022\/04\/spanien-just-nu-galenskaper.png","datePublished":"2013-01-09T23:00:00+00:00","breadcrumb":{"@id":"https:\/\/lightweb.dev\/l\/svm-temp\/artiklar\/spanien-just-nu-galenskaper\/#breadcrumb"},"inLanguage":"sv-SE","potentialAction":[{"@type":"ReadAction","target":["https:\/\/lightweb.dev\/l\/svm-temp\/artiklar\/spanien-just-nu-galenskaper\/"]}]},{"@type":"ImageObject","inLanguage":"sv-SE","@id":"https:\/\/lightweb.dev\/l\/svm-temp\/artiklar\/spanien-just-nu-galenskaper\/#primaryimage","url":"https:\/\/lightweb.dev\/l\/svm-temp\/wp-content\/uploads\/2022\/04\/spanien-just-nu-galenskaper.png","contentUrl":"https:\/\/lightweb.dev\/l\/svm-temp\/wp-content\/uploads\/2022\/04\/spanien-just-nu-galenskaper.png","width":280,"height":419},{"@type":"BreadcrumbList","@id":"https:\/\/lightweb.dev\/l\/svm-temp\/artiklar\/spanien-just-nu-galenskaper\/#breadcrumb","itemListElement":[{"@type":"ListItem","position":1,"name":"Hem","item":"https:\/\/lightweb.dev\/l\/svm-temp\/"},{"@type":"ListItem","position":2,"name":"Spanien just nu \u2013 galenskaper"}]},{"@type":"WebSite","@id":"https:\/\/lightweb.dev\/l\/svm-temp\/#website","url":"https:\/\/lightweb.dev\/l\/svm-temp\/","name":"Svenska Magasinet","description":"Dina Spanska nyheter p&aring; Svenska","publisher":{"@id":"https:\/\/lightweb.dev\/l\/svm-temp\/#organization"},"potentialAction":[{"@type":"SearchAction","target":{"@type":"EntryPoint","urlTemplate":"https:\/\/lightweb.dev\/l\/svm-temp\/?s={search_term_string}"},"query-input":{"@type":"PropertyValueSpecification","valueRequired":true,"valueName":"search_term_string"}}],"inLanguage":"sv-SE"},{"@type":"Organization","@id":"https:\/\/lightweb.dev\/l\/svm-temp\/#organization","name":"Melkerson y Nott SL","alternateName":"Svenska Magasinet","url":"https:\/\/lightweb.dev\/l\/svm-temp\/","logo":{"@type":"ImageObject","inLanguage":"sv-SE","@id":"https:\/\/lightweb.dev\/l\/svm-temp\/#\/schema\/logo\/image\/","url":"https:\/\/lightweb.dev\/l\/svm-temp\/wp-content\/uploads\/2025\/02\/SvM-logo-Xtra-Centrerad-SVART.png","contentUrl":"https:\/\/lightweb.dev\/l\/svm-temp\/wp-content\/uploads\/2025\/02\/SvM-logo-Xtra-Centrerad-SVART.png","width":300,"height":99,"caption":"Melkerson y Nott SL"},"image":{"@id":"https:\/\/lightweb.dev\/l\/svm-temp\/#\/schema\/logo\/image\/"},"sameAs":["https:\/\/www.facebook.com\/svenskamagasinet","https:\/\/x.com\/SvenskaMagasine"]},{"@type":"Person","@id":"https:\/\/lightweb.dev\/l\/svm-temp\/#\/schema\/person\/206a3bda5b607b0c25e1749191e4d837","name":"Redaktionen SvM","description":"Redaktionen","sameAs":["https:\/\/lightweb.dev\/l\/svm-temp"],"url":"https:\/\/lightweb.dev\/l\/svm-temp\/reporter\/redaktionen\/"}]}},"_links":{"self":[{"href":"https:\/\/lightweb.dev\/l\/svm-temp\/wp-json\/wp\/v2\/posts\/4449","targetHints":{"allow":["GET"]}}],"collection":[{"href":"https:\/\/lightweb.dev\/l\/svm-temp\/wp-json\/wp\/v2\/posts"}],"about":[{"href":"https:\/\/lightweb.dev\/l\/svm-temp\/wp-json\/wp\/v2\/types\/post"}],"author":[{"embeddable":true,"href":"https:\/\/lightweb.dev\/l\/svm-temp\/wp-json\/wp\/v2\/users\/8"}],"replies":[{"embeddable":true,"href":"https:\/\/lightweb.dev\/l\/svm-temp\/wp-json\/wp\/v2\/comments?post=4449"}],"version-history":[{"count":0,"href":"https:\/\/lightweb.dev\/l\/svm-temp\/wp-json\/wp\/v2\/posts\/4449\/revisions"}],"wp:featuredmedia":[{"embeddable":true,"href":"https:\/\/lightweb.dev\/l\/svm-temp\/wp-json\/wp\/v2\/media\/4450"}],"wp:attachment":[{"href":"https:\/\/lightweb.dev\/l\/svm-temp\/wp-json\/wp\/v2\/media?parent=4449"}],"wp:term":[{"taxonomy":"category","embeddable":true,"href":"https:\/\/lightweb.dev\/l\/svm-temp\/wp-json\/wp\/v2\/categories?post=4449"},{"taxonomy":"post_tag","embeddable":true,"href":"https:\/\/lightweb.dev\/l\/svm-temp\/wp-json\/wp\/v2\/tags?post=4449"}],"curies":[{"name":"wp","href":"https:\/\/api.w.org\/{rel}","templated":true}]}}