{"id":4456,"date":"2013-01-10T00:00:00","date_gmt":"2013-01-09T23:00:00","guid":{"rendered":"https:\/\/lightweb.dev\/l\/svm-temp\/arenakliniken-ny-klinik-med-manga-behandlingar\/"},"modified":"2013-01-10T00:00:00","modified_gmt":"2013-01-09T23:00:00","slug":"arenakliniken-ny-klinik-med-manga-behandlingar","status":"publish","type":"post","link":"https:\/\/lightweb.dev\/l\/svm-temp\/artiklar\/arenakliniken-ny-klinik-med-manga-behandlingar\/","title":{"rendered":"Arenakliniken &#8211; Ny klinik med m\u00e5nga behandlingar"},"content":{"rendered":"<p> Arenaklinikken, med liknande kliniker i Norge, har nu \u00f6ppnat d\u00f6rrarna i La Cala de Mijas, 6 km v\u00e4ster om Fuengirola. Kliniken erbjuder b\u00e5de traditionell medicinsk behandling och alternativ medicin, en sk samordnad medicinsk behandling. Id\u00e9n \u00e4r att man fokuserar mera p\u00e5 varje patients sjukdom och samtidigt erbjuder mer \u00e4n en behandlingsmetod p\u00e5 en och samma klinik. Norske Hansi Stokken och  Erland Halden har sedan l\u00e4nge lekt med tanken p\u00e5 att starta en klinik tillsammans i s\u00f6dra Spanien. Hansi \u00e4r utbildad homeopat och har bott h\u00e4r i 12 \u00e5r. Erland \u00e4r ansvarig f\u00f6r Arenaklinikken i Norge och har bl a studerat alternativ medicin, akupunktur, \u00f6ron akupunktur och posturlogi. Tillsammans har de skapat denna unika klinik, d\u00e4r de f\u00f6rutom sig sj\u00e4lva har ett samarbete med flera andra terapeuter.<\/p>\n<p>L\u00e5gt immunf\u00f6rsvar, rygg och sm\u00e4rtproblem, mage och tarmirritationer, mat intolerans, stress; detta \u00e4r n\u00e5gra av de saker som Arenaklinikken kan hj\u00e4lpa dig med. Klinikens allm\u00e4npraktiserande l\u00e4kare Barbara Widera \u00f6verv\u00e4ger efter konsultation tillsammans med behandlingsteamet, vilken behandlingsform som \u00e4r b\u00e4st f\u00f6r patienten. De s\u00f6ker efter orsaker till sjukdomen s\u00e5 att varje patient individuellt kan ges den b\u00e4sta behandlingen.<br \/>\n\u201cF\u00f6rdelen p\u00e5 Arenaklinikken \u00e4r att vi kan verkligen analysera varje patients tillst\u00e5nd\u201d, f\u00f6rklarar Hansi.<br \/>\n\u201cVanligtvis n\u00e4r du bes\u00f6ker din l\u00e4kare blir du remitterad till exempelvis en fysioterapeut eller homeopat. Hos oss g\u00e5r du bara till n\u00e4sta behandlingsrum och f\u00e5r din behandling. N\u00e4rmare kan det inte bli\u201d.<br \/>\nSom allm\u00e4npraktiserande l\u00e4kare tar Barbara Widera emot patienter p\u00e5 samma s\u00e4tt som i Skandinavien och utf\u00f6r sj\u00e4lv provtagning och tester.<br \/>\nArenaklinikken \u00e4r inte bara f\u00f6r dig som \u00e4r sjuk. De tar lika glatt emot f\u00f6r r\u00e5dgivning om kost, n\u00e4ring och livstilsf\u00f6r\u00e4ndring, s\u00e5 att du kan st\u00e4rka ditt immunf\u00f6rsvar och f\u00f6rebygga eventuell sjukdom. Detta kan ske i form av biologiska l\u00e4kemedel som p\u00e5verkar de mekanismer i immunsystemet som \u00e4r i obalans. \u201cF\u00f6r oss \u00e4r det lika viktigt att f\u00f6rebygga sjukdom\u201d, s\u00e4ger Erland. \u201cVi hj\u00e4lper g\u00e4rna m\u00e4nniskor att f\u00f6rebygga sjukdom och p\u00e5 s\u00e5 vis uppn\u00e5 ett b\u00e4ttre h\u00e4lsotillst\u00e5nd\u201d.<br \/>\nKlinikens dagliga administration sk\u00f6ts av Hansi i samarbete med l\u00e4karen Barbara som \u00e4r medicinskt ansvarig och homeopat\/akupunkt\u00f6r Erland som \u00e4r vetenskapligt ansvarig.<br \/>\nReception och telefon sk\u00f6ts av Kristina Larsson som med ett brett leende tar emot er i fina och hemtrevliga lokaler. V\u00e4lkomna att ringa 902 02 71 78<br \/>\nwww.arenaklinikken.no <\/p>\n","protected":false},"excerpt":{"rendered":"<p>Arenaklinikken, med liknande kliniker i Norge, har nu \u00f6ppnat d\u00f6rrarna i La Cala de Mijas, 6 km v\u00e4ster om Fuengirola. Kliniken erbjuder b\u00e5de traditionell medicinsk behandling och alternativ medicin, en sk samordnad medicinsk behandling. Id\u00e9n \u00e4r att man fokuserar mera p\u00e5 varje patients sjukdom och samtidigt erbjuder mer \u00e4n en behandlingsmetod p\u00e5 en och samma [&hellip;]<\/p>\n","protected":false},"author":8,"featured_media":4457,"comment_status":"open","ping_status":"open","sticky":false,"template":"","format":"standard","meta":{"_et_pb_use_builder":"","_et_pb_old_content":"","_et_gb_content_width":"","footnotes":""},"categories":[396,4],"tags":[],"class_list":["post-4456","post","type-post","status-publish","format-standard","has-post-thumbnail","hentry","category-arkiv-artiklar","category-artiklar"],"yoast_head":"<!-- This site is optimized with the Yoast SEO Premium plugin v26.2 (Yoast SEO v27.5) - https:\/\/yoast.com\/product\/yoast-seo-premium-wordpress\/ -->\n<title>Arenakliniken - Ny klinik med m\u00e5nga behandlingar - Svenska Magasinet<\/title>\n<meta name=\"robots\" content=\"noindex, follow, max-snippet:-1, max-image-preview:large, max-video-preview:-1\" \/>\n<meta property=\"og:locale\" content=\"sv_SE\" \/>\n<meta property=\"og:type\" content=\"article\" \/>\n<meta property=\"og:title\" content=\"Arenakliniken - Ny klinik med m\u00e5nga behandlingar\" \/>\n<meta property=\"og:description\" content=\"Arenaklinikken, med liknande kliniker i Norge, har nu \u00f6ppnat d\u00f6rrarna i La Cala de Mijas, 6 km v\u00e4ster om Fuengirola. Kliniken erbjuder b\u00e5de traditionell medicinsk behandling och alternativ medicin, en sk samordnad medicinsk behandling. Id\u00e9n \u00e4r att man fokuserar mera p\u00e5 varje patients sjukdom och samtidigt erbjuder mer \u00e4n en behandlingsmetod p\u00e5 en och samma [&hellip;]\" \/>\n<meta property=\"og:url\" content=\"https:\/\/lightweb.dev\/l\/svm-temp\/artiklar\/arenakliniken-ny-klinik-med-manga-behandlingar\/\" \/>\n<meta property=\"og:site_name\" content=\"Svenska Magasinet\" \/>\n<meta property=\"article:publisher\" content=\"https:\/\/www.facebook.com\/svenskamagasinet\" \/>\n<meta property=\"article:published_time\" content=\"2013-01-09T23:00:00+00:00\" \/>\n<meta property=\"og:image\" content=\"https:\/\/lightweb.dev\/l\/svm-temp\/wp-content\/uploads\/2022\/04\/arenakliniken-ny-klinik-med-mnga-behandlingar.png\" \/>\n\t<meta property=\"og:image:width\" content=\"500\" \/>\n\t<meta property=\"og:image:height\" content=\"200\" \/>\n\t<meta property=\"og:image:type\" content=\"image\/png\" \/>\n<meta name=\"author\" content=\"Redaktionen SvM\" \/>\n<meta name=\"twitter:card\" content=\"summary_large_image\" \/>\n<meta name=\"twitter:creator\" content=\"@SvenskaMagasine\" \/>\n<meta name=\"twitter:site\" content=\"@SvenskaMagasine\" \/>\n<script type=\"application\/ld+json\" class=\"yoast-schema-graph\">{\"@context\":\"https:\\\/\\\/schema.org\",\"@graph\":[{\"@type\":\"Article\",\"@id\":\"https:\\\/\\\/lightweb.dev\\\/l\\\/svm-temp\\\/artiklar\\\/arenakliniken-ny-klinik-med-manga-behandlingar\\\/#article\",\"isPartOf\":{\"@id\":\"https:\\\/\\\/lightweb.dev\\\/l\\\/svm-temp\\\/artiklar\\\/arenakliniken-ny-klinik-med-manga-behandlingar\\\/\"},\"author\":{\"name\":\"Redaktionen SvM\",\"@id\":\"https:\\\/\\\/lightweb.dev\\\/l\\\/svm-temp\\\/#\\\/schema\\\/person\\\/206a3bda5b607b0c25e1749191e4d837\"},\"headline\":\"Arenakliniken &#8211; Ny klinik med m\u00e5nga behandlingar\",\"datePublished\":\"2013-01-09T23:00:00+00:00\",\"mainEntityOfPage\":{\"@id\":\"https:\\\/\\\/lightweb.dev\\\/l\\\/svm-temp\\\/artiklar\\\/arenakliniken-ny-klinik-med-manga-behandlingar\\\/\"},\"wordCount\":444,\"commentCount\":0,\"publisher\":{\"@id\":\"https:\\\/\\\/lightweb.dev\\\/l\\\/svm-temp\\\/#organization\"},\"image\":{\"@id\":\"https:\\\/\\\/lightweb.dev\\\/l\\\/svm-temp\\\/artiklar\\\/arenakliniken-ny-klinik-med-manga-behandlingar\\\/#primaryimage\"},\"thumbnailUrl\":\"https:\\\/\\\/lightweb.dev\\\/l\\\/svm-temp\\\/wp-content\\\/uploads\\\/2022\\\/04\\\/arenakliniken-ny-klinik-med-mnga-behandlingar.png\",\"articleSection\":[\"Arkiv\",\"Artiklar\"],\"inLanguage\":\"sv-SE\"},{\"@type\":\"WebPage\",\"@id\":\"https:\\\/\\\/lightweb.dev\\\/l\\\/svm-temp\\\/artiklar\\\/arenakliniken-ny-klinik-med-manga-behandlingar\\\/\",\"url\":\"https:\\\/\\\/lightweb.dev\\\/l\\\/svm-temp\\\/artiklar\\\/arenakliniken-ny-klinik-med-manga-behandlingar\\\/\",\"name\":\"Arenakliniken - Ny klinik med m\u00e5nga behandlingar - Svenska Magasinet\",\"isPartOf\":{\"@id\":\"https:\\\/\\\/lightweb.dev\\\/l\\\/svm-temp\\\/#website\"},\"primaryImageOfPage\":{\"@id\":\"https:\\\/\\\/lightweb.dev\\\/l\\\/svm-temp\\\/artiklar\\\/arenakliniken-ny-klinik-med-manga-behandlingar\\\/#primaryimage\"},\"image\":{\"@id\":\"https:\\\/\\\/lightweb.dev\\\/l\\\/svm-temp\\\/artiklar\\\/arenakliniken-ny-klinik-med-manga-behandlingar\\\/#primaryimage\"},\"thumbnailUrl\":\"https:\\\/\\\/lightweb.dev\\\/l\\\/svm-temp\\\/wp-content\\\/uploads\\\/2022\\\/04\\\/arenakliniken-ny-klinik-med-mnga-behandlingar.png\",\"datePublished\":\"2013-01-09T23:00:00+00:00\",\"breadcrumb\":{\"@id\":\"https:\\\/\\\/lightweb.dev\\\/l\\\/svm-temp\\\/artiklar\\\/arenakliniken-ny-klinik-med-manga-behandlingar\\\/#breadcrumb\"},\"inLanguage\":\"sv-SE\",\"potentialAction\":[{\"@type\":\"ReadAction\",\"target\":[\"https:\\\/\\\/lightweb.dev\\\/l\\\/svm-temp\\\/artiklar\\\/arenakliniken-ny-klinik-med-manga-behandlingar\\\/\"]}]},{\"@type\":\"ImageObject\",\"inLanguage\":\"sv-SE\",\"@id\":\"https:\\\/\\\/lightweb.dev\\\/l\\\/svm-temp\\\/artiklar\\\/arenakliniken-ny-klinik-med-manga-behandlingar\\\/#primaryimage\",\"url\":\"https:\\\/\\\/lightweb.dev\\\/l\\\/svm-temp\\\/wp-content\\\/uploads\\\/2022\\\/04\\\/arenakliniken-ny-klinik-med-mnga-behandlingar.png\",\"contentUrl\":\"https:\\\/\\\/lightweb.dev\\\/l\\\/svm-temp\\\/wp-content\\\/uploads\\\/2022\\\/04\\\/arenakliniken-ny-klinik-med-mnga-behandlingar.png\",\"width\":500,\"height\":200},{\"@type\":\"BreadcrumbList\",\"@id\":\"https:\\\/\\\/lightweb.dev\\\/l\\\/svm-temp\\\/artiklar\\\/arenakliniken-ny-klinik-med-manga-behandlingar\\\/#breadcrumb\",\"itemListElement\":[{\"@type\":\"ListItem\",\"position\":1,\"name\":\"Hem\",\"item\":\"https:\\\/\\\/lightweb.dev\\\/l\\\/svm-temp\\\/\"},{\"@type\":\"ListItem\",\"position\":2,\"name\":\"Arenakliniken &#8211; Ny klinik med m\u00e5nga behandlingar\"}]},{\"@type\":\"WebSite\",\"@id\":\"https:\\\/\\\/lightweb.dev\\\/l\\\/svm-temp\\\/#website\",\"url\":\"https:\\\/\\\/lightweb.dev\\\/l\\\/svm-temp\\\/\",\"name\":\"Svenska Magasinet\",\"description\":\"Dina Spanska nyheter p&aring; Svenska\",\"publisher\":{\"@id\":\"https:\\\/\\\/lightweb.dev\\\/l\\\/svm-temp\\\/#organization\"},\"potentialAction\":[{\"@type\":\"SearchAction\",\"target\":{\"@type\":\"EntryPoint\",\"urlTemplate\":\"https:\\\/\\\/lightweb.dev\\\/l\\\/svm-temp\\\/?s={search_term_string}\"},\"query-input\":{\"@type\":\"PropertyValueSpecification\",\"valueRequired\":true,\"valueName\":\"search_term_string\"}}],\"inLanguage\":\"sv-SE\"},{\"@type\":\"Organization\",\"@id\":\"https:\\\/\\\/lightweb.dev\\\/l\\\/svm-temp\\\/#organization\",\"name\":\"Melkerson y Nott SL\",\"alternateName\":\"Svenska Magasinet\",\"url\":\"https:\\\/\\\/lightweb.dev\\\/l\\\/svm-temp\\\/\",\"logo\":{\"@type\":\"ImageObject\",\"inLanguage\":\"sv-SE\",\"@id\":\"https:\\\/\\\/lightweb.dev\\\/l\\\/svm-temp\\\/#\\\/schema\\\/logo\\\/image\\\/\",\"url\":\"https:\\\/\\\/lightweb.dev\\\/l\\\/svm-temp\\\/wp-content\\\/uploads\\\/2025\\\/02\\\/SvM-logo-Xtra-Centrerad-SVART.png\",\"contentUrl\":\"https:\\\/\\\/lightweb.dev\\\/l\\\/svm-temp\\\/wp-content\\\/uploads\\\/2025\\\/02\\\/SvM-logo-Xtra-Centrerad-SVART.png\",\"width\":300,\"height\":99,\"caption\":\"Melkerson y Nott SL\"},\"image\":{\"@id\":\"https:\\\/\\\/lightweb.dev\\\/l\\\/svm-temp\\\/#\\\/schema\\\/logo\\\/image\\\/\"},\"sameAs\":[\"https:\\\/\\\/www.facebook.com\\\/svenskamagasinet\",\"https:\\\/\\\/x.com\\\/SvenskaMagasine\"]},{\"@type\":\"Person\",\"@id\":\"https:\\\/\\\/lightweb.dev\\\/l\\\/svm-temp\\\/#\\\/schema\\\/person\\\/206a3bda5b607b0c25e1749191e4d837\",\"name\":\"Redaktionen SvM\",\"description\":\"Redaktionen\",\"sameAs\":[\"https:\\\/\\\/lightweb.dev\\\/l\\\/svm-temp\"],\"url\":\"https:\\\/\\\/lightweb.dev\\\/l\\\/svm-temp\\\/reporter\\\/redaktionen\\\/\"}]}<\/script>\n<!-- \/ Yoast SEO Premium plugin. -->","yoast_head_json":{"title":"Arenakliniken - Ny klinik med m\u00e5nga behandlingar - Svenska Magasinet","robots":{"index":"noindex","follow":"follow","max-snippet":"max-snippet:-1","max-image-preview":"max-image-preview:large","max-video-preview":"max-video-preview:-1"},"og_locale":"sv_SE","og_type":"article","og_title":"Arenakliniken - Ny klinik med m\u00e5nga behandlingar","og_description":"Arenaklinikken, med liknande kliniker i Norge, har nu \u00f6ppnat d\u00f6rrarna i La Cala de Mijas, 6 km v\u00e4ster om Fuengirola. Kliniken erbjuder b\u00e5de traditionell medicinsk behandling och alternativ medicin, en sk samordnad medicinsk behandling. Id\u00e9n \u00e4r att man fokuserar mera p\u00e5 varje patients sjukdom och samtidigt erbjuder mer \u00e4n en behandlingsmetod p\u00e5 en och samma [&hellip;]","og_url":"https:\/\/lightweb.dev\/l\/svm-temp\/artiklar\/arenakliniken-ny-klinik-med-manga-behandlingar\/","og_site_name":"Svenska Magasinet","article_publisher":"https:\/\/www.facebook.com\/svenskamagasinet","article_published_time":"2013-01-09T23:00:00+00:00","og_image":[{"width":500,"height":200,"url":"https:\/\/lightweb.dev\/l\/svm-temp\/wp-content\/uploads\/2022\/04\/arenakliniken-ny-klinik-med-mnga-behandlingar.png","type":"image\/png"}],"author":"Redaktionen SvM","twitter_card":"summary_large_image","twitter_creator":"@SvenskaMagasine","twitter_site":"@SvenskaMagasine","schema":{"@context":"https:\/\/schema.org","@graph":[{"@type":"Article","@id":"https:\/\/lightweb.dev\/l\/svm-temp\/artiklar\/arenakliniken-ny-klinik-med-manga-behandlingar\/#article","isPartOf":{"@id":"https:\/\/lightweb.dev\/l\/svm-temp\/artiklar\/arenakliniken-ny-klinik-med-manga-behandlingar\/"},"author":{"name":"Redaktionen SvM","@id":"https:\/\/lightweb.dev\/l\/svm-temp\/#\/schema\/person\/206a3bda5b607b0c25e1749191e4d837"},"headline":"Arenakliniken &#8211; Ny klinik med m\u00e5nga behandlingar","datePublished":"2013-01-09T23:00:00+00:00","mainEntityOfPage":{"@id":"https:\/\/lightweb.dev\/l\/svm-temp\/artiklar\/arenakliniken-ny-klinik-med-manga-behandlingar\/"},"wordCount":444,"commentCount":0,"publisher":{"@id":"https:\/\/lightweb.dev\/l\/svm-temp\/#organization"},"image":{"@id":"https:\/\/lightweb.dev\/l\/svm-temp\/artiklar\/arenakliniken-ny-klinik-med-manga-behandlingar\/#primaryimage"},"thumbnailUrl":"https:\/\/lightweb.dev\/l\/svm-temp\/wp-content\/uploads\/2022\/04\/arenakliniken-ny-klinik-med-mnga-behandlingar.png","articleSection":["Arkiv","Artiklar"],"inLanguage":"sv-SE"},{"@type":"WebPage","@id":"https:\/\/lightweb.dev\/l\/svm-temp\/artiklar\/arenakliniken-ny-klinik-med-manga-behandlingar\/","url":"https:\/\/lightweb.dev\/l\/svm-temp\/artiklar\/arenakliniken-ny-klinik-med-manga-behandlingar\/","name":"Arenakliniken - Ny klinik med m\u00e5nga behandlingar - Svenska Magasinet","isPartOf":{"@id":"https:\/\/lightweb.dev\/l\/svm-temp\/#website"},"primaryImageOfPage":{"@id":"https:\/\/lightweb.dev\/l\/svm-temp\/artiklar\/arenakliniken-ny-klinik-med-manga-behandlingar\/#primaryimage"},"image":{"@id":"https:\/\/lightweb.dev\/l\/svm-temp\/artiklar\/arenakliniken-ny-klinik-med-manga-behandlingar\/#primaryimage"},"thumbnailUrl":"https:\/\/lightweb.dev\/l\/svm-temp\/wp-content\/uploads\/2022\/04\/arenakliniken-ny-klinik-med-mnga-behandlingar.png","datePublished":"2013-01-09T23:00:00+00:00","breadcrumb":{"@id":"https:\/\/lightweb.dev\/l\/svm-temp\/artiklar\/arenakliniken-ny-klinik-med-manga-behandlingar\/#breadcrumb"},"inLanguage":"sv-SE","potentialAction":[{"@type":"ReadAction","target":["https:\/\/lightweb.dev\/l\/svm-temp\/artiklar\/arenakliniken-ny-klinik-med-manga-behandlingar\/"]}]},{"@type":"ImageObject","inLanguage":"sv-SE","@id":"https:\/\/lightweb.dev\/l\/svm-temp\/artiklar\/arenakliniken-ny-klinik-med-manga-behandlingar\/#primaryimage","url":"https:\/\/lightweb.dev\/l\/svm-temp\/wp-content\/uploads\/2022\/04\/arenakliniken-ny-klinik-med-mnga-behandlingar.png","contentUrl":"https:\/\/lightweb.dev\/l\/svm-temp\/wp-content\/uploads\/2022\/04\/arenakliniken-ny-klinik-med-mnga-behandlingar.png","width":500,"height":200},{"@type":"BreadcrumbList","@id":"https:\/\/lightweb.dev\/l\/svm-temp\/artiklar\/arenakliniken-ny-klinik-med-manga-behandlingar\/#breadcrumb","itemListElement":[{"@type":"ListItem","position":1,"name":"Hem","item":"https:\/\/lightweb.dev\/l\/svm-temp\/"},{"@type":"ListItem","position":2,"name":"Arenakliniken &#8211; Ny klinik med m\u00e5nga behandlingar"}]},{"@type":"WebSite","@id":"https:\/\/lightweb.dev\/l\/svm-temp\/#website","url":"https:\/\/lightweb.dev\/l\/svm-temp\/","name":"Svenska Magasinet","description":"Dina Spanska nyheter p&aring; Svenska","publisher":{"@id":"https:\/\/lightweb.dev\/l\/svm-temp\/#organization"},"potentialAction":[{"@type":"SearchAction","target":{"@type":"EntryPoint","urlTemplate":"https:\/\/lightweb.dev\/l\/svm-temp\/?s={search_term_string}"},"query-input":{"@type":"PropertyValueSpecification","valueRequired":true,"valueName":"search_term_string"}}],"inLanguage":"sv-SE"},{"@type":"Organization","@id":"https:\/\/lightweb.dev\/l\/svm-temp\/#organization","name":"Melkerson y Nott SL","alternateName":"Svenska Magasinet","url":"https:\/\/lightweb.dev\/l\/svm-temp\/","logo":{"@type":"ImageObject","inLanguage":"sv-SE","@id":"https:\/\/lightweb.dev\/l\/svm-temp\/#\/schema\/logo\/image\/","url":"https:\/\/lightweb.dev\/l\/svm-temp\/wp-content\/uploads\/2025\/02\/SvM-logo-Xtra-Centrerad-SVART.png","contentUrl":"https:\/\/lightweb.dev\/l\/svm-temp\/wp-content\/uploads\/2025\/02\/SvM-logo-Xtra-Centrerad-SVART.png","width":300,"height":99,"caption":"Melkerson y Nott SL"},"image":{"@id":"https:\/\/lightweb.dev\/l\/svm-temp\/#\/schema\/logo\/image\/"},"sameAs":["https:\/\/www.facebook.com\/svenskamagasinet","https:\/\/x.com\/SvenskaMagasine"]},{"@type":"Person","@id":"https:\/\/lightweb.dev\/l\/svm-temp\/#\/schema\/person\/206a3bda5b607b0c25e1749191e4d837","name":"Redaktionen SvM","description":"Redaktionen","sameAs":["https:\/\/lightweb.dev\/l\/svm-temp"],"url":"https:\/\/lightweb.dev\/l\/svm-temp\/reporter\/redaktionen\/"}]}},"_links":{"self":[{"href":"https:\/\/lightweb.dev\/l\/svm-temp\/wp-json\/wp\/v2\/posts\/4456","targetHints":{"allow":["GET"]}}],"collection":[{"href":"https:\/\/lightweb.dev\/l\/svm-temp\/wp-json\/wp\/v2\/posts"}],"about":[{"href":"https:\/\/lightweb.dev\/l\/svm-temp\/wp-json\/wp\/v2\/types\/post"}],"author":[{"embeddable":true,"href":"https:\/\/lightweb.dev\/l\/svm-temp\/wp-json\/wp\/v2\/users\/8"}],"replies":[{"embeddable":true,"href":"https:\/\/lightweb.dev\/l\/svm-temp\/wp-json\/wp\/v2\/comments?post=4456"}],"version-history":[{"count":0,"href":"https:\/\/lightweb.dev\/l\/svm-temp\/wp-json\/wp\/v2\/posts\/4456\/revisions"}],"wp:featuredmedia":[{"embeddable":true,"href":"https:\/\/lightweb.dev\/l\/svm-temp\/wp-json\/wp\/v2\/media\/4457"}],"wp:attachment":[{"href":"https:\/\/lightweb.dev\/l\/svm-temp\/wp-json\/wp\/v2\/media?parent=4456"}],"wp:term":[{"taxonomy":"category","embeddable":true,"href":"https:\/\/lightweb.dev\/l\/svm-temp\/wp-json\/wp\/v2\/categories?post=4456"},{"taxonomy":"post_tag","embeddable":true,"href":"https:\/\/lightweb.dev\/l\/svm-temp\/wp-json\/wp\/v2\/tags?post=4456"}],"curies":[{"name":"wp","href":"https:\/\/api.w.org\/{rel}","templated":true}]}}