{"id":4460,"date":"2013-01-10T00:00:00","date_gmt":"2013-01-09T23:00:00","guid":{"rendered":"https:\/\/lightweb.dev\/l\/svm-temp\/father-son-goda-rad-om-att-salja-guld\/"},"modified":"2013-01-10T00:00:00","modified_gmt":"2013-01-09T23:00:00","slug":"father-son-goda-rad-om-att-salja-guld","status":"publish","type":"post","link":"https:\/\/lightweb.dev\/l\/svm-temp\/artiklar\/father-son-goda-rad-om-att-salja-guld\/","title":{"rendered":"Father &#x26; Son &#8211; Goda r\u00e5d om att s\u00e4lja guld"},"content":{"rendered":"<p> Att s\u00e4lja sitt guld \u00e4r inte alltid s\u00e5 l\u00e4tt. En marknad med h\u00e5rd konkurrens har lett till att vissa f\u00f6retag har satt upp avtal som syftar till att f\u00f6rvirra dig som kund. Man skyltar med ett pris men betalar betydligt l\u00e4gre. Det \u00e4r d\u00e4rf\u00f6r viktigt att du tar dig tid att lusl\u00e4sa guldhandlarens avtal innan du best\u00e4mmer dig vem du vill s\u00e4lja till. Annars riskerar du att g\u00f6ra en d\u00e5lig aff\u00e4r. Kampanjpriser, dolda avgifter, v\u00e4rderingsavgifter, viktavg\u00e5ng, prisgaranti mm. K\u00e4nns begreppen igen. Vad betyder allt detta?<br \/>\nKampanjpris. Varning! Vissa f\u00f6retag skyltar med mycket h\u00f6ga ink\u00f6pspriser MEN sen \u00e4r det alltid en hake. L\u00e4s avtalen noga. Syftet med dessa \u201ckampanjpriser\u201d \u00e4r ofta att vilseleda kunden och sedan h\u00e4vda att kunden inte uppfyllt kraven f\u00f6r att f\u00e5 \u201ckampanjpriset\u201d. Ta en titt p\u00e5 f\u00f6retagets ordinarie prislista. Det \u00e4r f\u00f6rmodligen den prislistan som du kommer att f\u00e5 betalt efter. Den kan medvetet ligga v\u00e4l dolt p\u00e5 dessa akt\u00f6rers webbsidor.<\/p>\n<p>Pris per gram. En del guldhandlare marknadsf\u00f6r sig med skyh\u00f6ga ink\u00f6pspriser. Granskar man det hela s\u00e5 inser man snart att avtalen medvetet \u00e4r kr\u00e5ngliga och att man som kund beh\u00f6ver skicka in mycket h\u00f6ga vikter. Annars f\u00e5r man betalt efter en annan dold prislista som kan vara h\u00e4lften av det utlovade priset.<br \/>\nDolda avgifter. Det \u00e4r ett \u00e5terkommande uttryck i m\u00e5nga guldf\u00f6retags marknadsf\u00f6ring, \u201cinga dolda avgifter\u201d. Saken \u00e4r att inget bolag anser sig ha dolda avgifter. Inte ens de som har skyh\u00f6ga avgifter vid f\u00f6rs\u00e4ljning. De anser n\u00e4mligen inte att det \u00e4r en dold avgift i och med att den st\u00e5r i finstil text i deras avtal.<br \/>\nV\u00e4rderingsavgift. Varning! En del f\u00f6retag tar ut en v\u00e4rderingsavgift av dig som kund. Detta skyltar de inte med \u00f6ppet men st\u00e5r \u00e4nd\u00e5 angivet i avtalen som du ska skriva p\u00e5. I m\u00e5nga fall r\u00f6r det sig om 29:-\/gr. Det blir en h\u00f6g avgift f\u00f6r l\u00e5t s\u00e4ga ett halsband som v\u00e4ger 80 gr.<br \/>\nViktavg\u00e5ng. Varning! Du som kund ska aldrig beh\u00f6va betala n\u00e5gon \u201csm\u00e4ltkostnad\u201d. V\u00e4ger ett smycke 15,3 gr s\u00e5 \u00e4r det naturligtvis den vikten som du ska f\u00e5 betalt f\u00f6r. Acceptera inte en r\u00e4kning som innefattar viktavg\u00e5ng. Guldf\u00f6retaget k\u00f6per en m\u00e4ngd guld av dig och d\u00e5 ska naturligtvis inte du betala f\u00f6r vad bolaget i fr\u00e5ga v\u00e4ljer att g\u00f6ra med guldet.<br \/>\nMed n\u00e4stan 30 \u00e5rs erfarenhet av den svenska guldmarknaden s\u00e5 \u00e4r FS Guld en ledande akt\u00f6r med gott rykte om att betala bra och r\u00e4ttvist till de som s\u00e4ljer guld till oss. Butiken p\u00e5 Costa del Sol ligger p\u00e5 strandpromenaden i Fuengirola i Hotel Las Palmeras. H\u00e4r tr\u00e4ffar ni Teri som i butiken har ett fint sortiment av smycken och \u00e4ven utf\u00f6r reparationer. Tel 952 47 13 48 www.fsguld.se <\/p>\n","protected":false},"excerpt":{"rendered":"<p>Att s\u00e4lja sitt guld \u00e4r inte alltid s\u00e5 l\u00e4tt. En marknad med h\u00e5rd konkurrens har lett till att vissa f\u00f6retag har satt upp avtal som syftar till att f\u00f6rvirra dig som kund. Man skyltar med ett pris men betalar betydligt l\u00e4gre. Det \u00e4r d\u00e4rf\u00f6r viktigt att du tar dig tid att lusl\u00e4sa guldhandlarens avtal innan [&hellip;]<\/p>\n","protected":false},"author":8,"featured_media":4461,"comment_status":"open","ping_status":"open","sticky":false,"template":"","format":"standard","meta":{"_et_pb_use_builder":"","_et_pb_old_content":"","_et_gb_content_width":"","footnotes":""},"categories":[396,4],"tags":[],"class_list":["post-4460","post","type-post","status-publish","format-standard","has-post-thumbnail","hentry","category-arkiv-artiklar","category-artiklar"],"yoast_head":"<!-- This site is optimized with the Yoast SEO Premium plugin v26.2 (Yoast SEO v27.5) - https:\/\/yoast.com\/product\/yoast-seo-premium-wordpress\/ -->\n<title>Father &#x26; Son - Goda r\u00e5d om att s\u00e4lja guld - Svenska Magasinet<\/title>\n<meta name=\"robots\" content=\"noindex, follow, max-snippet:-1, max-image-preview:large, max-video-preview:-1\" \/>\n<meta property=\"og:locale\" content=\"sv_SE\" \/>\n<meta property=\"og:type\" content=\"article\" \/>\n<meta property=\"og:title\" content=\"Father &#x26; Son - Goda r\u00e5d om att s\u00e4lja guld\" \/>\n<meta property=\"og:description\" content=\"Att s\u00e4lja sitt guld \u00e4r inte alltid s\u00e5 l\u00e4tt. En marknad med h\u00e5rd konkurrens har lett till att vissa f\u00f6retag har satt upp avtal som syftar till att f\u00f6rvirra dig som kund. Man skyltar med ett pris men betalar betydligt l\u00e4gre. Det \u00e4r d\u00e4rf\u00f6r viktigt att du tar dig tid att lusl\u00e4sa guldhandlarens avtal innan [&hellip;]\" \/>\n<meta property=\"og:url\" content=\"https:\/\/lightweb.dev\/l\/svm-temp\/artiklar\/father-son-goda-rad-om-att-salja-guld\/\" \/>\n<meta property=\"og:site_name\" content=\"Svenska Magasinet\" \/>\n<meta property=\"article:publisher\" content=\"https:\/\/www.facebook.com\/svenskamagasinet\" \/>\n<meta property=\"article:published_time\" content=\"2013-01-09T23:00:00+00:00\" \/>\n<meta property=\"og:image\" content=\"https:\/\/lightweb.dev\/l\/svm-temp\/wp-content\/uploads\/2022\/04\/father-x26-son-goda-rd-om-att-slja-guld.png\" \/>\n\t<meta property=\"og:image:width\" content=\"299\" \/>\n\t<meta property=\"og:image:height\" content=\"200\" \/>\n\t<meta property=\"og:image:type\" content=\"image\/png\" \/>\n<meta name=\"author\" content=\"Redaktionen SvM\" \/>\n<meta name=\"twitter:card\" content=\"summary_large_image\" \/>\n<meta name=\"twitter:creator\" content=\"@SvenskaMagasine\" \/>\n<meta name=\"twitter:site\" content=\"@SvenskaMagasine\" \/>\n<script type=\"application\/ld+json\" class=\"yoast-schema-graph\">{\"@context\":\"https:\\\/\\\/schema.org\",\"@graph\":[{\"@type\":\"Article\",\"@id\":\"https:\\\/\\\/lightweb.dev\\\/l\\\/svm-temp\\\/artiklar\\\/father-son-goda-rad-om-att-salja-guld\\\/#article\",\"isPartOf\":{\"@id\":\"https:\\\/\\\/lightweb.dev\\\/l\\\/svm-temp\\\/artiklar\\\/father-son-goda-rad-om-att-salja-guld\\\/\"},\"author\":{\"name\":\"Redaktionen SvM\",\"@id\":\"https:\\\/\\\/lightweb.dev\\\/l\\\/svm-temp\\\/#\\\/schema\\\/person\\\/206a3bda5b607b0c25e1749191e4d837\"},\"headline\":\"Father &#x26; Son &#8211; Goda r\u00e5d om att s\u00e4lja guld\",\"datePublished\":\"2013-01-09T23:00:00+00:00\",\"mainEntityOfPage\":{\"@id\":\"https:\\\/\\\/lightweb.dev\\\/l\\\/svm-temp\\\/artiklar\\\/father-son-goda-rad-om-att-salja-guld\\\/\"},\"wordCount\":525,\"commentCount\":0,\"publisher\":{\"@id\":\"https:\\\/\\\/lightweb.dev\\\/l\\\/svm-temp\\\/#organization\"},\"image\":{\"@id\":\"https:\\\/\\\/lightweb.dev\\\/l\\\/svm-temp\\\/artiklar\\\/father-son-goda-rad-om-att-salja-guld\\\/#primaryimage\"},\"thumbnailUrl\":\"https:\\\/\\\/lightweb.dev\\\/l\\\/svm-temp\\\/wp-content\\\/uploads\\\/2022\\\/04\\\/father-x26-son-goda-rd-om-att-slja-guld.png\",\"articleSection\":[\"Arkiv\",\"Artiklar\"],\"inLanguage\":\"sv-SE\"},{\"@type\":\"WebPage\",\"@id\":\"https:\\\/\\\/lightweb.dev\\\/l\\\/svm-temp\\\/artiklar\\\/father-son-goda-rad-om-att-salja-guld\\\/\",\"url\":\"https:\\\/\\\/lightweb.dev\\\/l\\\/svm-temp\\\/artiklar\\\/father-son-goda-rad-om-att-salja-guld\\\/\",\"name\":\"Father &#x26; Son - Goda r\u00e5d om att s\u00e4lja guld - Svenska Magasinet\",\"isPartOf\":{\"@id\":\"https:\\\/\\\/lightweb.dev\\\/l\\\/svm-temp\\\/#website\"},\"primaryImageOfPage\":{\"@id\":\"https:\\\/\\\/lightweb.dev\\\/l\\\/svm-temp\\\/artiklar\\\/father-son-goda-rad-om-att-salja-guld\\\/#primaryimage\"},\"image\":{\"@id\":\"https:\\\/\\\/lightweb.dev\\\/l\\\/svm-temp\\\/artiklar\\\/father-son-goda-rad-om-att-salja-guld\\\/#primaryimage\"},\"thumbnailUrl\":\"https:\\\/\\\/lightweb.dev\\\/l\\\/svm-temp\\\/wp-content\\\/uploads\\\/2022\\\/04\\\/father-x26-son-goda-rd-om-att-slja-guld.png\",\"datePublished\":\"2013-01-09T23:00:00+00:00\",\"breadcrumb\":{\"@id\":\"https:\\\/\\\/lightweb.dev\\\/l\\\/svm-temp\\\/artiklar\\\/father-son-goda-rad-om-att-salja-guld\\\/#breadcrumb\"},\"inLanguage\":\"sv-SE\",\"potentialAction\":[{\"@type\":\"ReadAction\",\"target\":[\"https:\\\/\\\/lightweb.dev\\\/l\\\/svm-temp\\\/artiklar\\\/father-son-goda-rad-om-att-salja-guld\\\/\"]}]},{\"@type\":\"ImageObject\",\"inLanguage\":\"sv-SE\",\"@id\":\"https:\\\/\\\/lightweb.dev\\\/l\\\/svm-temp\\\/artiklar\\\/father-son-goda-rad-om-att-salja-guld\\\/#primaryimage\",\"url\":\"https:\\\/\\\/lightweb.dev\\\/l\\\/svm-temp\\\/wp-content\\\/uploads\\\/2022\\\/04\\\/father-x26-son-goda-rd-om-att-slja-guld.png\",\"contentUrl\":\"https:\\\/\\\/lightweb.dev\\\/l\\\/svm-temp\\\/wp-content\\\/uploads\\\/2022\\\/04\\\/father-x26-son-goda-rd-om-att-slja-guld.png\",\"width\":299,\"height\":200},{\"@type\":\"BreadcrumbList\",\"@id\":\"https:\\\/\\\/lightweb.dev\\\/l\\\/svm-temp\\\/artiklar\\\/father-son-goda-rad-om-att-salja-guld\\\/#breadcrumb\",\"itemListElement\":[{\"@type\":\"ListItem\",\"position\":1,\"name\":\"Hem\",\"item\":\"https:\\\/\\\/lightweb.dev\\\/l\\\/svm-temp\\\/\"},{\"@type\":\"ListItem\",\"position\":2,\"name\":\"Father &#x26; Son &#8211; Goda r\u00e5d om att s\u00e4lja guld\"}]},{\"@type\":\"WebSite\",\"@id\":\"https:\\\/\\\/lightweb.dev\\\/l\\\/svm-temp\\\/#website\",\"url\":\"https:\\\/\\\/lightweb.dev\\\/l\\\/svm-temp\\\/\",\"name\":\"Svenska Magasinet\",\"description\":\"Dina Spanska nyheter p&aring; Svenska\",\"publisher\":{\"@id\":\"https:\\\/\\\/lightweb.dev\\\/l\\\/svm-temp\\\/#organization\"},\"potentialAction\":[{\"@type\":\"SearchAction\",\"target\":{\"@type\":\"EntryPoint\",\"urlTemplate\":\"https:\\\/\\\/lightweb.dev\\\/l\\\/svm-temp\\\/?s={search_term_string}\"},\"query-input\":{\"@type\":\"PropertyValueSpecification\",\"valueRequired\":true,\"valueName\":\"search_term_string\"}}],\"inLanguage\":\"sv-SE\"},{\"@type\":\"Organization\",\"@id\":\"https:\\\/\\\/lightweb.dev\\\/l\\\/svm-temp\\\/#organization\",\"name\":\"Melkerson y Nott SL\",\"alternateName\":\"Svenska Magasinet\",\"url\":\"https:\\\/\\\/lightweb.dev\\\/l\\\/svm-temp\\\/\",\"logo\":{\"@type\":\"ImageObject\",\"inLanguage\":\"sv-SE\",\"@id\":\"https:\\\/\\\/lightweb.dev\\\/l\\\/svm-temp\\\/#\\\/schema\\\/logo\\\/image\\\/\",\"url\":\"https:\\\/\\\/lightweb.dev\\\/l\\\/svm-temp\\\/wp-content\\\/uploads\\\/2025\\\/02\\\/SvM-logo-Xtra-Centrerad-SVART.png\",\"contentUrl\":\"https:\\\/\\\/lightweb.dev\\\/l\\\/svm-temp\\\/wp-content\\\/uploads\\\/2025\\\/02\\\/SvM-logo-Xtra-Centrerad-SVART.png\",\"width\":300,\"height\":99,\"caption\":\"Melkerson y Nott SL\"},\"image\":{\"@id\":\"https:\\\/\\\/lightweb.dev\\\/l\\\/svm-temp\\\/#\\\/schema\\\/logo\\\/image\\\/\"},\"sameAs\":[\"https:\\\/\\\/www.facebook.com\\\/svenskamagasinet\",\"https:\\\/\\\/x.com\\\/SvenskaMagasine\"]},{\"@type\":\"Person\",\"@id\":\"https:\\\/\\\/lightweb.dev\\\/l\\\/svm-temp\\\/#\\\/schema\\\/person\\\/206a3bda5b607b0c25e1749191e4d837\",\"name\":\"Redaktionen SvM\",\"description\":\"Redaktionen\",\"sameAs\":[\"https:\\\/\\\/lightweb.dev\\\/l\\\/svm-temp\"],\"url\":\"https:\\\/\\\/lightweb.dev\\\/l\\\/svm-temp\\\/reporter\\\/redaktionen\\\/\"}]}<\/script>\n<!-- \/ Yoast SEO Premium plugin. -->","yoast_head_json":{"title":"Father &#x26; Son - Goda r\u00e5d om att s\u00e4lja guld - Svenska Magasinet","robots":{"index":"noindex","follow":"follow","max-snippet":"max-snippet:-1","max-image-preview":"max-image-preview:large","max-video-preview":"max-video-preview:-1"},"og_locale":"sv_SE","og_type":"article","og_title":"Father &#x26; Son - Goda r\u00e5d om att s\u00e4lja guld","og_description":"Att s\u00e4lja sitt guld \u00e4r inte alltid s\u00e5 l\u00e4tt. En marknad med h\u00e5rd konkurrens har lett till att vissa f\u00f6retag har satt upp avtal som syftar till att f\u00f6rvirra dig som kund. Man skyltar med ett pris men betalar betydligt l\u00e4gre. Det \u00e4r d\u00e4rf\u00f6r viktigt att du tar dig tid att lusl\u00e4sa guldhandlarens avtal innan [&hellip;]","og_url":"https:\/\/lightweb.dev\/l\/svm-temp\/artiklar\/father-son-goda-rad-om-att-salja-guld\/","og_site_name":"Svenska Magasinet","article_publisher":"https:\/\/www.facebook.com\/svenskamagasinet","article_published_time":"2013-01-09T23:00:00+00:00","og_image":[{"width":299,"height":200,"url":"https:\/\/lightweb.dev\/l\/svm-temp\/wp-content\/uploads\/2022\/04\/father-x26-son-goda-rd-om-att-slja-guld.png","type":"image\/png"}],"author":"Redaktionen SvM","twitter_card":"summary_large_image","twitter_creator":"@SvenskaMagasine","twitter_site":"@SvenskaMagasine","schema":{"@context":"https:\/\/schema.org","@graph":[{"@type":"Article","@id":"https:\/\/lightweb.dev\/l\/svm-temp\/artiklar\/father-son-goda-rad-om-att-salja-guld\/#article","isPartOf":{"@id":"https:\/\/lightweb.dev\/l\/svm-temp\/artiklar\/father-son-goda-rad-om-att-salja-guld\/"},"author":{"name":"Redaktionen SvM","@id":"https:\/\/lightweb.dev\/l\/svm-temp\/#\/schema\/person\/206a3bda5b607b0c25e1749191e4d837"},"headline":"Father &#x26; Son &#8211; Goda r\u00e5d om att s\u00e4lja guld","datePublished":"2013-01-09T23:00:00+00:00","mainEntityOfPage":{"@id":"https:\/\/lightweb.dev\/l\/svm-temp\/artiklar\/father-son-goda-rad-om-att-salja-guld\/"},"wordCount":525,"commentCount":0,"publisher":{"@id":"https:\/\/lightweb.dev\/l\/svm-temp\/#organization"},"image":{"@id":"https:\/\/lightweb.dev\/l\/svm-temp\/artiklar\/father-son-goda-rad-om-att-salja-guld\/#primaryimage"},"thumbnailUrl":"https:\/\/lightweb.dev\/l\/svm-temp\/wp-content\/uploads\/2022\/04\/father-x26-son-goda-rd-om-att-slja-guld.png","articleSection":["Arkiv","Artiklar"],"inLanguage":"sv-SE"},{"@type":"WebPage","@id":"https:\/\/lightweb.dev\/l\/svm-temp\/artiklar\/father-son-goda-rad-om-att-salja-guld\/","url":"https:\/\/lightweb.dev\/l\/svm-temp\/artiklar\/father-son-goda-rad-om-att-salja-guld\/","name":"Father &#x26; Son - Goda r\u00e5d om att s\u00e4lja guld - Svenska Magasinet","isPartOf":{"@id":"https:\/\/lightweb.dev\/l\/svm-temp\/#website"},"primaryImageOfPage":{"@id":"https:\/\/lightweb.dev\/l\/svm-temp\/artiklar\/father-son-goda-rad-om-att-salja-guld\/#primaryimage"},"image":{"@id":"https:\/\/lightweb.dev\/l\/svm-temp\/artiklar\/father-son-goda-rad-om-att-salja-guld\/#primaryimage"},"thumbnailUrl":"https:\/\/lightweb.dev\/l\/svm-temp\/wp-content\/uploads\/2022\/04\/father-x26-son-goda-rd-om-att-slja-guld.png","datePublished":"2013-01-09T23:00:00+00:00","breadcrumb":{"@id":"https:\/\/lightweb.dev\/l\/svm-temp\/artiklar\/father-son-goda-rad-om-att-salja-guld\/#breadcrumb"},"inLanguage":"sv-SE","potentialAction":[{"@type":"ReadAction","target":["https:\/\/lightweb.dev\/l\/svm-temp\/artiklar\/father-son-goda-rad-om-att-salja-guld\/"]}]},{"@type":"ImageObject","inLanguage":"sv-SE","@id":"https:\/\/lightweb.dev\/l\/svm-temp\/artiklar\/father-son-goda-rad-om-att-salja-guld\/#primaryimage","url":"https:\/\/lightweb.dev\/l\/svm-temp\/wp-content\/uploads\/2022\/04\/father-x26-son-goda-rd-om-att-slja-guld.png","contentUrl":"https:\/\/lightweb.dev\/l\/svm-temp\/wp-content\/uploads\/2022\/04\/father-x26-son-goda-rd-om-att-slja-guld.png","width":299,"height":200},{"@type":"BreadcrumbList","@id":"https:\/\/lightweb.dev\/l\/svm-temp\/artiklar\/father-son-goda-rad-om-att-salja-guld\/#breadcrumb","itemListElement":[{"@type":"ListItem","position":1,"name":"Hem","item":"https:\/\/lightweb.dev\/l\/svm-temp\/"},{"@type":"ListItem","position":2,"name":"Father &#x26; Son &#8211; Goda r\u00e5d om att s\u00e4lja guld"}]},{"@type":"WebSite","@id":"https:\/\/lightweb.dev\/l\/svm-temp\/#website","url":"https:\/\/lightweb.dev\/l\/svm-temp\/","name":"Svenska Magasinet","description":"Dina Spanska nyheter p&aring; Svenska","publisher":{"@id":"https:\/\/lightweb.dev\/l\/svm-temp\/#organization"},"potentialAction":[{"@type":"SearchAction","target":{"@type":"EntryPoint","urlTemplate":"https:\/\/lightweb.dev\/l\/svm-temp\/?s={search_term_string}"},"query-input":{"@type":"PropertyValueSpecification","valueRequired":true,"valueName":"search_term_string"}}],"inLanguage":"sv-SE"},{"@type":"Organization","@id":"https:\/\/lightweb.dev\/l\/svm-temp\/#organization","name":"Melkerson y Nott SL","alternateName":"Svenska Magasinet","url":"https:\/\/lightweb.dev\/l\/svm-temp\/","logo":{"@type":"ImageObject","inLanguage":"sv-SE","@id":"https:\/\/lightweb.dev\/l\/svm-temp\/#\/schema\/logo\/image\/","url":"https:\/\/lightweb.dev\/l\/svm-temp\/wp-content\/uploads\/2025\/02\/SvM-logo-Xtra-Centrerad-SVART.png","contentUrl":"https:\/\/lightweb.dev\/l\/svm-temp\/wp-content\/uploads\/2025\/02\/SvM-logo-Xtra-Centrerad-SVART.png","width":300,"height":99,"caption":"Melkerson y Nott SL"},"image":{"@id":"https:\/\/lightweb.dev\/l\/svm-temp\/#\/schema\/logo\/image\/"},"sameAs":["https:\/\/www.facebook.com\/svenskamagasinet","https:\/\/x.com\/SvenskaMagasine"]},{"@type":"Person","@id":"https:\/\/lightweb.dev\/l\/svm-temp\/#\/schema\/person\/206a3bda5b607b0c25e1749191e4d837","name":"Redaktionen SvM","description":"Redaktionen","sameAs":["https:\/\/lightweb.dev\/l\/svm-temp"],"url":"https:\/\/lightweb.dev\/l\/svm-temp\/reporter\/redaktionen\/"}]}},"_links":{"self":[{"href":"https:\/\/lightweb.dev\/l\/svm-temp\/wp-json\/wp\/v2\/posts\/4460","targetHints":{"allow":["GET"]}}],"collection":[{"href":"https:\/\/lightweb.dev\/l\/svm-temp\/wp-json\/wp\/v2\/posts"}],"about":[{"href":"https:\/\/lightweb.dev\/l\/svm-temp\/wp-json\/wp\/v2\/types\/post"}],"author":[{"embeddable":true,"href":"https:\/\/lightweb.dev\/l\/svm-temp\/wp-json\/wp\/v2\/users\/8"}],"replies":[{"embeddable":true,"href":"https:\/\/lightweb.dev\/l\/svm-temp\/wp-json\/wp\/v2\/comments?post=4460"}],"version-history":[{"count":0,"href":"https:\/\/lightweb.dev\/l\/svm-temp\/wp-json\/wp\/v2\/posts\/4460\/revisions"}],"wp:featuredmedia":[{"embeddable":true,"href":"https:\/\/lightweb.dev\/l\/svm-temp\/wp-json\/wp\/v2\/media\/4461"}],"wp:attachment":[{"href":"https:\/\/lightweb.dev\/l\/svm-temp\/wp-json\/wp\/v2\/media?parent=4460"}],"wp:term":[{"taxonomy":"category","embeddable":true,"href":"https:\/\/lightweb.dev\/l\/svm-temp\/wp-json\/wp\/v2\/categories?post=4460"},{"taxonomy":"post_tag","embeddable":true,"href":"https:\/\/lightweb.dev\/l\/svm-temp\/wp-json\/wp\/v2\/tags?post=4460"}],"curies":[{"name":"wp","href":"https:\/\/api.w.org\/{rel}","templated":true}]}}